{"id":30894,"date":"2017-01-19T15:55:07","date_gmt":"2017-01-19T14:55:07","guid":{"rendered":"https:\/\/www.inmsol.com\/?p=30894\/"},"modified":"2017-01-19T15:55:07","modified_gmt":"2017-01-19T14:55:07","slug":"un-ano-cargado-de-sorpresas-celebramos-los-25-anos-de-iNMSOL","status":"publish","type":"post","link":"https:\/\/www.inmsol.com\/es\/blog-escuela\/actividades-iNMSOL\/un-ano-cargado-de-sorpresas-celebramos-los-25-anos-de-iNMSOL\/","title":{"rendered":"Un a\u00f1o cargado de sorpresas: celebramos los 25 a\u00f1os de iNMSOL"},"content":{"rendered":"<p><span style=\"color: #333333;\">2017 comienza como un a\u00f1o muy especial para nosotros, \u00a1y es que este a\u00f1o <a href=\"https:\/\/www.inmsol.com\/es\/\" target=\"_blank\"><strong>Instituto Mediterr\u00e1neo Sol<\/strong><\/a> cumple 25 a\u00f1os! As\u00ed que va a ser un a\u00f1o cargado de sorpresas: celebramos los <strong>25 a\u00f1os de iNMSOL<\/strong> pensando en todos vosotros, as\u00ed que seguid atentos a <a href=\"https:\/\/www.inmsol.com\/es\/category\/blog-escuela\/\" target=\"_blank\"><strong>nuestro blog<\/strong><\/a> durante estos doce meses.<\/span><\/p>\n<p>&nbsp;<\/p>\n<h3><span style=\"color: #333333;\">25 a\u00f1os: \u00a1c\u00f3mo pasa el tiempo!<\/span><\/h3>\n<p><span style=\"color: #333333;\">Parece que fue ayer cuando <strong>Instituto Mediterr\u00e1neo Sol<\/strong> abri\u00f3 sus puertas por primera vez un <strong>1 de octubre del a\u00f1o 1992<\/strong>, \u00a1c\u00f3mo pasa el tiempo! Empezamos este proyecto con la intenci\u00f3n de promover la <a href=\"https:\/\/www.inmsol.com\/es\/ejercicios-espanol\/\" target=\"_blank\"><strong>pr\u00e1ctica del espa\u00f1ol<\/strong><\/a>, y desde entonces seguimos incansables con esa tarea. Han sido a\u00f1os de esfuerzo y dedicaci\u00f3n para llegar a ofrecer la m\u00e1xima calidad durante estos 25 a\u00f1os, y nos sentimos muy orgullosos de ello. Nos encanta nuestro idioma y m\u00e1s a\u00fan que nuestros estudiantes lo aprendan con nosotros.<\/span><\/p>\n<p>&nbsp;<\/p>\n<div id=\"attachment_30875\" style=\"width: 470px\" class=\"wp-caption aligncenter\"><img fetchpriority=\"high\" decoding=\"async\" aria-describedby=\"caption-attachment-30875\" class=\"size-medium wp-image-30875\" src=\"https:\/\/www.inmsol.com\/wp-content\/uploads\/2017\/01\/Aula2-byn-460x271.jpg\" alt=\"\" width=\"460\" height=\"271\" srcset=\"https:\/\/www.inmsol.com\/wp-content\/uploads\/2017\/01\/Aula2-byn-460x271.jpg 460w, https:\/\/www.inmsol.com\/wp-content\/uploads\/2017\/01\/Aula2-byn-800x471.jpg 800w, https:\/\/www.inmsol.com\/wp-content\/uploads\/2017\/01\/Aula2-byn-64x38.jpg 64w, https:\/\/www.inmsol.com\/wp-content\/uploads\/2017\/01\/Aula2-byn-768x452.jpg 768w, https:\/\/www.inmsol.com\/wp-content\/uploads\/2017\/01\/Aula2-byn-1024x603.jpg 1024w, https:\/\/www.inmsol.com\/wp-content\/uploads\/2017\/01\/Aula2-byn-250x147.jpg 250w, https:\/\/www.inmsol.com\/wp-content\/uploads\/2017\/01\/Aula2-byn-600x353.jpg 600w, https:\/\/www.inmsol.com\/wp-content\/uploads\/2017\/01\/Aula2-byn.jpg 1500w\" sizes=\"(max-width: 460px) 100vw, 460px\" \/><p id=\"caption-attachment-30875\" class=\"wp-caption-text\">25 a\u00f1os ense\u00f1ando espa\u00f1ol<\/p><\/div>\n<h3><\/h3>\n<h3><span style=\"color: #333333;\">Estudiantes de todas la nacionalidades a lo largo de 25 a\u00f1os<\/span><\/h3>\n<p><span style=\"color: #333333;\">Han sido miles de estudiantes de todas las nacionalidades los que han pasado por nuestras aulas, a lo largo de 25 a\u00f1os de actividad. De todos ellos siempre guardamos un recuerdo especial, y es que son quienes hacen que iNMSOL siga creciendo y evolucionando.<\/span><\/p>\n<p>&nbsp;<\/p>\n<div id=\"attachment_30890\" style=\"width: 470px\" class=\"wp-caption aligncenter\"><img decoding=\"async\" aria-describedby=\"caption-attachment-30890\" class=\"size-medium wp-image-30890\" src=\"https:\/\/www.inmsol.com\/wp-content\/uploads\/2017\/01\/portada-2-460x174.jpg\" alt=\"\" width=\"460\" height=\"174\" srcset=\"https:\/\/www.inmsol.com\/wp-content\/uploads\/2017\/01\/portada-2-460x174.jpg 460w, https:\/\/www.inmsol.com\/wp-content\/uploads\/2017\/01\/portada-2-800x302.jpg 800w, https:\/\/www.inmsol.com\/wp-content\/uploads\/2017\/01\/portada-2-64x24.jpg 64w, https:\/\/www.inmsol.com\/wp-content\/uploads\/2017\/01\/portada-2-768x290.jpg 768w, https:\/\/www.inmsol.com\/wp-content\/uploads\/2017\/01\/portada-2-1024x386.jpg 1024w, https:\/\/www.inmsol.com\/wp-content\/uploads\/2017\/01\/portada-2-250x94.jpg 250w, https:\/\/www.inmsol.com\/wp-content\/uploads\/2017\/01\/portada-2-600x226.jpg 600w, https:\/\/www.inmsol.com\/wp-content\/uploads\/2017\/01\/portada-2.jpg 1500w\" sizes=\"(max-width: 460px) 100vw, 460px\" \/><p id=\"caption-attachment-30890\" class=\"wp-caption-text\">Estudiantes en iNMSOL<\/p><\/div>\n<h3><\/h3>\n<h3><span style=\"color: #333333;\">Un a\u00f1o especial para todos vosotros<\/span><\/h3>\n<p><span style=\"color: #333333;\">25 a\u00f1os no se cumplen todos los d\u00edas, por eso queremos organizar un a\u00f1o especial para todos vosotros. Los estudiantes son el motor de nuestra actividad, nuestra raz\u00f3n de ser, y qu\u00e9 mejor que dedicaros este 2017 a todos los que hab\u00e9is pasado por nuestras aulas, \u00a1y a los que vendr\u00e9is pronto! As\u00ed que chicos y chicas, nuestro aniversario est\u00e1 dedicado a vosotros con todo nuestro cari\u00f1o y nuestra gratitud.<\/span><\/p>\n<p>&nbsp;<\/p>\n<div id=\"attachment_30861\" style=\"width: 310px\" class=\"wp-caption alignleft\"><img decoding=\"async\" aria-describedby=\"caption-attachment-30861\" class=\"size-medium wp-image-30861\" src=\"https:\/\/www.inmsol.com\/wp-content\/uploads\/2017\/01\/Sello-25-Aniversario-simple-300x300.jpg\" alt=\"\" width=\"300\" height=\"300\" srcset=\"https:\/\/www.inmsol.com\/wp-content\/uploads\/2017\/01\/Sello-25-Aniversario-simple-300x300.jpg 300w, https:\/\/www.inmsol.com\/wp-content\/uploads\/2017\/01\/Sello-25-Aniversario-simple-100x100.jpg 100w, https:\/\/www.inmsol.com\/wp-content\/uploads\/2017\/01\/Sello-25-Aniversario-simple-800x800.jpg 800w, https:\/\/www.inmsol.com\/wp-content\/uploads\/2017\/01\/Sello-25-Aniversario-simple-64x64.jpg 64w, https:\/\/www.inmsol.com\/wp-content\/uploads\/2017\/01\/Sello-25-Aniversario-simple-150x150.jpg 150w, https:\/\/www.inmsol.com\/wp-content\/uploads\/2017\/01\/Sello-25-Aniversario-simple-768x768.jpg 768w, https:\/\/www.inmsol.com\/wp-content\/uploads\/2017\/01\/Sello-25-Aniversario-simple-200x200.jpg 200w, https:\/\/www.inmsol.com\/wp-content\/uploads\/2017\/01\/Sello-25-Aniversario-simple-400x400.jpg 400w, https:\/\/www.inmsol.com\/wp-content\/uploads\/2017\/01\/Sello-25-Aniversario-simple.jpg 827w\" sizes=\"(max-width: 300px) 100vw, 300px\" \/><p id=\"caption-attachment-30861\" class=\"wp-caption-text\">25 aniversario de iNMSOL<\/p><\/div>\n<h3><span style=\"color: #333333;\">\u00a1Comienza la cuenta atr\u00e1s para un a\u00f1o inolvidable! Estad atentos y no os perd\u00e1is ninguna de nuestras celebraciones, nos encantar\u00e1 que\u00a0sig\u00e1is nuestras acciones y particip\u00e9is con nosotros.<\/span><\/h3>\n","protected":false},"excerpt":{"rendered":"<p>2017 comienza como un a\u00f1o muy especial para nosotros, \u00a1y es que este a\u00f1o Instituto Mediterr\u00e1neo Sol cumple 25 a\u00f1os! As\u00ed que va a ser un a\u00f1o cargado de sorpresas: celebramos los 25 a\u00f1os de iNMSOL pensando en todos vosotros, as\u00ed que seguid atentos a&#8230;<\/p>\n","protected":false},"author":3,"featured_media":30861,"comment_status":"closed","ping_status":"closed","sticky":false,"template":"","format":"standard","meta":{"_acf_changed":false,"footnotes":""},"categories":[79],"tags":[],"class_list":["post-30894","post","type-post","status-publish","format-standard","has-post-thumbnail","hentry","category-actividades-iNMSOL"],"acf":[],"yoast_head":"<!-- This site is optimized with the Yoast SEO plugin v27.5 - https:\/\/yoast.com\/product\/yoast-seo-wordpress\/ -->\n<title>Un a\u00f1o cargado de sorpresas: celebramos los 25 a\u00f1os de iNMSOL<\/title>\n<meta name=\"description\" content=\"\u00a1Instituto Mediterr\u00e1neo Sol cumple 25 a\u00f1os! Va a ser un a\u00f1o cargado de sorpresas: celebramos los 25 a\u00f1os de iNMSOL pensando en vosotros, \u00a1estad atentos!\" \/>\n<meta name=\"robots\" content=\"index, follow, max-snippet:-1, max-image-preview:large, max-video-preview:-1\" \/>\n<link rel=\"canonical\" href=\"https:\/\/www.inmsol.com\/es\/blog-escuela\/actividades-iNMSOL\/un-ano-cargado-de-sorpresas-celebramos-los-25-anos-de-iNMSOL\/\" \/>\n<meta property=\"og:locale\" content=\"es_ES\" \/>\n<meta property=\"og:type\" content=\"article\" \/>\n<meta property=\"og:title\" content=\"Un a\u00f1o cargado de sorpresas: celebramos los 25 a\u00f1os de iNMSOL\" \/>\n<meta property=\"og:description\" content=\"\u00a1Instituto Mediterr\u00e1neo Sol cumple 25 a\u00f1os! Va a ser un a\u00f1o cargado de sorpresas: celebramos los 25 a\u00f1os de iNMSOL pensando en vosotros, \u00a1estad atentos!\" \/>\n<meta property=\"og:url\" content=\"https:\/\/www.inmsol.com\/es\/blog-escuela\/actividades-iNMSOL\/un-ano-cargado-de-sorpresas-celebramos-los-25-anos-de-iNMSOL\/\" \/>\n<meta property=\"og:site_name\" content=\"iNMSOL\" \/>\n<meta property=\"article:publisher\" content=\"https:\/\/www.facebook.com\/spanishcourses\" \/>\n<meta property=\"article:published_time\" content=\"2017-01-19T14:55:07+00:00\" \/>\n<meta property=\"og:image\" content=\"https:\/\/www.inmsol.com\/wp-content\/uploads\/2017\/01\/Sello-25-Aniversario-simple.jpg\" \/>\n\t<meta property=\"og:image:width\" content=\"827\" \/>\n\t<meta property=\"og:image:height\" content=\"827\" \/>\n\t<meta property=\"og:image:type\" content=\"image\/jpeg\" \/>\n<meta name=\"author\" content=\"- Instituto Mediterr\u00e1neo Sol\" \/>\n<meta name=\"twitter:label1\" content=\"Escrito por\" \/>\n\t<meta name=\"twitter:data1\" content=\"- Instituto Mediterr\u00e1neo Sol\" \/>\n\t<meta name=\"twitter:label2\" content=\"Tiempo de lectura\" \/>\n\t<meta name=\"twitter:data2\" content=\"2 minutos\" \/>\n<script type=\"application\/ld+json\" class=\"yoast-schema-graph\">{\"@context\":\"https:\\\/\\\/schema.org\",\"@graph\":[{\"@type\":\"Article\",\"@id\":\"https:\\\/\\\/www.inmsol.com\\\/es\\\/blog-escuela\\\/actividades-iNMSOL\\\/un-ano-cargado-de-sorpresas-celebramos-los-25-anos-de-iNMSOL\\\/#article\",\"isPartOf\":{\"@id\":\"https:\\\/\\\/www.inmsol.com\\\/es\\\/blog-escuela\\\/actividades-iNMSOL\\\/un-ano-cargado-de-sorpresas-celebramos-los-25-anos-de-iNMSOL\\\/\"},\"author\":{\"name\":\"- Instituto Mediterr\u00e1neo Sol\",\"@id\":\"https:\\\/\\\/www.inmsol.com\\\/es\\\/#\\\/schema\\\/person\\\/94a7a01d14a56d1fbc49c841ffc57fe9\"},\"headline\":\"Un a\u00f1o cargado de sorpresas: celebramos los 25 a\u00f1os de iNMSOL\",\"datePublished\":\"2017-01-19T14:55:07+00:00\",\"mainEntityOfPage\":{\"@id\":\"https:\\\/\\\/www.inmsol.com\\\/es\\\/blog-escuela\\\/actividades-iNMSOL\\\/un-ano-cargado-de-sorpresas-celebramos-los-25-anos-de-iNMSOL\\\/\"},\"wordCount\":373,\"publisher\":{\"@id\":\"https:\\\/\\\/www.inmsol.com\\\/es\\\/#organization\"},\"image\":{\"@id\":\"https:\\\/\\\/www.inmsol.com\\\/es\\\/blog-escuela\\\/actividades-iNMSOL\\\/un-ano-cargado-de-sorpresas-celebramos-los-25-anos-de-iNMSOL\\\/#primaryimage\"},\"thumbnailUrl\":\"https:\\\/\\\/www.inmsol.com\\\/wp-content\\\/uploads\\\/2017\\\/01\\\/Sello-25-Aniversario-simple.jpg\",\"articleSection\":[\"Actividades en iNMSOL\"],\"inLanguage\":\"es\"},{\"@type\":\"WebPage\",\"@id\":\"https:\\\/\\\/www.inmsol.com\\\/es\\\/blog-escuela\\\/actividades-iNMSOL\\\/un-ano-cargado-de-sorpresas-celebramos-los-25-anos-de-iNMSOL\\\/\",\"url\":\"https:\\\/\\\/www.inmsol.com\\\/es\\\/blog-escuela\\\/actividades-iNMSOL\\\/un-ano-cargado-de-sorpresas-celebramos-los-25-anos-de-iNMSOL\\\/\",\"name\":\"Un a\u00f1o cargado de sorpresas: celebramos los 25 a\u00f1os de iNMSOL\",\"isPartOf\":{\"@id\":\"https:\\\/\\\/www.inmsol.com\\\/es\\\/#website\"},\"primaryImageOfPage\":{\"@id\":\"https:\\\/\\\/www.inmsol.com\\\/es\\\/blog-escuela\\\/actividades-iNMSOL\\\/un-ano-cargado-de-sorpresas-celebramos-los-25-anos-de-iNMSOL\\\/#primaryimage\"},\"image\":{\"@id\":\"https:\\\/\\\/www.inmsol.com\\\/es\\\/blog-escuela\\\/actividades-iNMSOL\\\/un-ano-cargado-de-sorpresas-celebramos-los-25-anos-de-iNMSOL\\\/#primaryimage\"},\"thumbnailUrl\":\"https:\\\/\\\/www.inmsol.com\\\/wp-content\\\/uploads\\\/2017\\\/01\\\/Sello-25-Aniversario-simple.jpg\",\"datePublished\":\"2017-01-19T14:55:07+00:00\",\"description\":\"\u00a1Instituto Mediterr\u00e1neo Sol cumple 25 a\u00f1os! Va a ser un a\u00f1o cargado de sorpresas: celebramos los 25 a\u00f1os de iNMSOL pensando en vosotros, \u00a1estad atentos!\",\"breadcrumb\":{\"@id\":\"https:\\\/\\\/www.inmsol.com\\\/es\\\/blog-escuela\\\/actividades-iNMSOL\\\/un-ano-cargado-de-sorpresas-celebramos-los-25-anos-de-iNMSOL\\\/#breadcrumb\"},\"inLanguage\":\"es\",\"potentialAction\":[{\"@type\":\"ReadAction\",\"target\":[\"https:\\\/\\\/www.inmsol.com\\\/es\\\/blog-escuela\\\/actividades-iNMSOL\\\/un-ano-cargado-de-sorpresas-celebramos-los-25-anos-de-iNMSOL\\\/\"]}]},{\"@type\":\"ImageObject\",\"inLanguage\":\"es\",\"@id\":\"https:\\\/\\\/www.inmsol.com\\\/es\\\/blog-escuela\\\/actividades-iNMSOL\\\/un-ano-cargado-de-sorpresas-celebramos-los-25-anos-de-iNMSOL\\\/#primaryimage\",\"url\":\"https:\\\/\\\/www.inmsol.com\\\/wp-content\\\/uploads\\\/2017\\\/01\\\/Sello-25-Aniversario-simple.jpg\",\"contentUrl\":\"https:\\\/\\\/www.inmsol.com\\\/wp-content\\\/uploads\\\/2017\\\/01\\\/Sello-25-Aniversario-simple.jpg\",\"width\":827,\"height\":827,\"caption\":\"25 aniversario de iNMSOL\"},{\"@type\":\"BreadcrumbList\",\"@id\":\"https:\\\/\\\/www.inmsol.com\\\/es\\\/blog-escuela\\\/actividades-iNMSOL\\\/un-ano-cargado-de-sorpresas-celebramos-los-25-anos-de-iNMSOL\\\/#breadcrumb\",\"itemListElement\":[{\"@type\":\"ListItem\",\"position\":1,\"name\":\"Accredited Center by Instituto Cervantes\",\"item\":\"https:\\\/\\\/www.inmsol.com\\\/es\\\/pagina-ejemplo\\\/\"},{\"@type\":\"ListItem\",\"position\":2,\"name\":\"Blog Escuela Espa\u00f1ol\",\"item\":\"https:\\\/\\\/www.inmsol.com\\\/es\\\/category\\\/blog-escuela\\\/\"},{\"@type\":\"ListItem\",\"position\":3,\"name\":\"Actividades en iNMSOL\",\"item\":\"https:\\\/\\\/www.inmsol.com\\\/es\\\/category\\\/blog-escuela\\\/actividades-iNMSOL\\\/\"},{\"@type\":\"ListItem\",\"position\":4,\"name\":\"Un a\u00f1o cargado de sorpresas: celebramos los 25 a\u00f1os de iNMSOL\"}]},{\"@type\":\"WebSite\",\"@id\":\"https:\\\/\\\/www.inmsol.com\\\/es\\\/#website\",\"url\":\"https:\\\/\\\/www.inmsol.com\\\/es\\\/\",\"name\":\"iNMSOL\",\"description\":\"Aprenda Espa\u00f1ol con iNMSOL en Granada | Centro Acreditado por el Instituto Cervantes\",\"publisher\":{\"@id\":\"https:\\\/\\\/www.inmsol.com\\\/es\\\/#organization\"},\"potentialAction\":[{\"@type\":\"SearchAction\",\"target\":{\"@type\":\"EntryPoint\",\"urlTemplate\":\"https:\\\/\\\/www.inmsol.com\\\/es\\\/?s={search_term_string}\"},\"query-input\":{\"@type\":\"PropertyValueSpecification\",\"valueRequired\":true,\"valueName\":\"search_term_string\"}}],\"inLanguage\":\"es\"},{\"@type\":\"Organization\",\"@id\":\"https:\\\/\\\/www.inmsol.com\\\/es\\\/#organization\",\"name\":\"Instituto Mediterr\u00e1neo Sol\",\"url\":\"https:\\\/\\\/www.inmsol.com\\\/es\\\/\",\"logo\":{\"@type\":\"ImageObject\",\"inLanguage\":\"es\",\"@id\":\"https:\\\/\\\/www.inmsol.com\\\/es\\\/#\\\/schema\\\/logo\\\/image\\\/\",\"url\":\"https:\\\/\\\/www.inmsol.com\\\/wp-content\\\/uploads\\\/2023\\\/06\\\/logo-inmsol-1.png\",\"contentUrl\":\"https:\\\/\\\/www.inmsol.com\\\/wp-content\\\/uploads\\\/2023\\\/06\\\/logo-inmsol-1.png\",\"width\":136,\"height\":73,\"caption\":\"Instituto Mediterr\u00e1neo Sol\"},\"image\":{\"@id\":\"https:\\\/\\\/www.inmsol.com\\\/es\\\/#\\\/schema\\\/logo\\\/image\\\/\"},\"sameAs\":[\"https:\\\/\\\/www.facebook.com\\\/spanishcourses\",\"https:\\\/\\\/x.com\\\/StudyInGranada\",\"http:\\\/\\\/instagram.com\\\/imsolgranada\",\"https:\\\/\\\/es.linkedin.com\\\/company\\\/imsol-granada\",\"https:\\\/\\\/www.pinterest.es\\\/inmsol\\\/\",\"https:\\\/\\\/www.youtube.com\\\/channel\\\/UChz-Qn_7coFMosY85iYMO4g\"]},{\"@type\":\"Person\",\"@id\":\"https:\\\/\\\/www.inmsol.com\\\/es\\\/#\\\/schema\\\/person\\\/94a7a01d14a56d1fbc49c841ffc57fe9\",\"name\":\"- Instituto Mediterr\u00e1neo Sol\",\"image\":{\"@type\":\"ImageObject\",\"inLanguage\":\"es\",\"@id\":\"https:\\\/\\\/secure.gravatar.com\\\/avatar\\\/5607fdabdf1b548b6095cc3d43079829bc1497403e70dd34004e7204a8fef62b?s=96&d=mm&r=g\",\"url\":\"https:\\\/\\\/secure.gravatar.com\\\/avatar\\\/5607fdabdf1b548b6095cc3d43079829bc1497403e70dd34004e7204a8fef62b?s=96&d=mm&r=g\",\"contentUrl\":\"https:\\\/\\\/secure.gravatar.com\\\/avatar\\\/5607fdabdf1b548b6095cc3d43079829bc1497403e70dd34004e7204a8fef62b?s=96&d=mm&r=g\",\"caption\":\"- Instituto Mediterr\u00e1neo Sol\"},\"url\":\"https:\\\/\\\/www.inmsol.com\\\/es\\\/author\\\/laura\\\/\"}]}<\/script>\n<!-- \/ Yoast SEO plugin. -->","yoast_head_json":{"title":"Un a\u00f1o cargado de sorpresas: celebramos los 25 a\u00f1os de iNMSOL","description":"\u00a1Instituto Mediterr\u00e1neo Sol cumple 25 a\u00f1os! Va a ser un a\u00f1o cargado de sorpresas: celebramos los 25 a\u00f1os de iNMSOL pensando en vosotros, \u00a1estad atentos!","robots":{"index":"index","follow":"follow","max-snippet":"max-snippet:-1","max-image-preview":"max-image-preview:large","max-video-preview":"max-video-preview:-1"},"canonical":"https:\/\/www.inmsol.com\/es\/blog-escuela\/actividades-iNMSOL\/un-ano-cargado-de-sorpresas-celebramos-los-25-anos-de-iNMSOL\/","og_locale":"es_ES","og_type":"article","og_title":"Un a\u00f1o cargado de sorpresas: celebramos los 25 a\u00f1os de iNMSOL","og_description":"\u00a1Instituto Mediterr\u00e1neo Sol cumple 25 a\u00f1os! Va a ser un a\u00f1o cargado de sorpresas: celebramos los 25 a\u00f1os de iNMSOL pensando en vosotros, \u00a1estad atentos!","og_url":"https:\/\/www.inmsol.com\/es\/blog-escuela\/actividades-iNMSOL\/un-ano-cargado-de-sorpresas-celebramos-los-25-anos-de-iNMSOL\/","og_site_name":"iNMSOL","article_publisher":"https:\/\/www.facebook.com\/spanishcourses","article_published_time":"2017-01-19T14:55:07+00:00","og_image":[{"width":827,"height":827,"url":"https:\/\/www.inmsol.com\/wp-content\/uploads\/2017\/01\/Sello-25-Aniversario-simple.jpg","type":"image\/jpeg"}],"author":"- Instituto Mediterr\u00e1neo Sol","twitter_misc":{"Escrito por":"- Instituto Mediterr\u00e1neo Sol","Tiempo de lectura":"2 minutos"},"schema":{"@context":"https:\/\/schema.org","@graph":[{"@type":"Article","@id":"https:\/\/www.inmsol.com\/es\/blog-escuela\/actividades-iNMSOL\/un-ano-cargado-de-sorpresas-celebramos-los-25-anos-de-iNMSOL\/#article","isPartOf":{"@id":"https:\/\/www.inmsol.com\/es\/blog-escuela\/actividades-iNMSOL\/un-ano-cargado-de-sorpresas-celebramos-los-25-anos-de-iNMSOL\/"},"author":{"name":"- Instituto Mediterr\u00e1neo Sol","@id":"https:\/\/www.inmsol.com\/es\/#\/schema\/person\/94a7a01d14a56d1fbc49c841ffc57fe9"},"headline":"Un a\u00f1o cargado de sorpresas: celebramos los 25 a\u00f1os de iNMSOL","datePublished":"2017-01-19T14:55:07+00:00","mainEntityOfPage":{"@id":"https:\/\/www.inmsol.com\/es\/blog-escuela\/actividades-iNMSOL\/un-ano-cargado-de-sorpresas-celebramos-los-25-anos-de-iNMSOL\/"},"wordCount":373,"publisher":{"@id":"https:\/\/www.inmsol.com\/es\/#organization"},"image":{"@id":"https:\/\/www.inmsol.com\/es\/blog-escuela\/actividades-iNMSOL\/un-ano-cargado-de-sorpresas-celebramos-los-25-anos-de-iNMSOL\/#primaryimage"},"thumbnailUrl":"https:\/\/www.inmsol.com\/wp-content\/uploads\/2017\/01\/Sello-25-Aniversario-simple.jpg","articleSection":["Actividades en iNMSOL"],"inLanguage":"es"},{"@type":"WebPage","@id":"https:\/\/www.inmsol.com\/es\/blog-escuela\/actividades-iNMSOL\/un-ano-cargado-de-sorpresas-celebramos-los-25-anos-de-iNMSOL\/","url":"https:\/\/www.inmsol.com\/es\/blog-escuela\/actividades-iNMSOL\/un-ano-cargado-de-sorpresas-celebramos-los-25-anos-de-iNMSOL\/","name":"Un a\u00f1o cargado de sorpresas: celebramos los 25 a\u00f1os de iNMSOL","isPartOf":{"@id":"https:\/\/www.inmsol.com\/es\/#website"},"primaryImageOfPage":{"@id":"https:\/\/www.inmsol.com\/es\/blog-escuela\/actividades-iNMSOL\/un-ano-cargado-de-sorpresas-celebramos-los-25-anos-de-iNMSOL\/#primaryimage"},"image":{"@id":"https:\/\/www.inmsol.com\/es\/blog-escuela\/actividades-iNMSOL\/un-ano-cargado-de-sorpresas-celebramos-los-25-anos-de-iNMSOL\/#primaryimage"},"thumbnailUrl":"https:\/\/www.inmsol.com\/wp-content\/uploads\/2017\/01\/Sello-25-Aniversario-simple.jpg","datePublished":"2017-01-19T14:55:07+00:00","description":"\u00a1Instituto Mediterr\u00e1neo Sol cumple 25 a\u00f1os! Va a ser un a\u00f1o cargado de sorpresas: celebramos los 25 a\u00f1os de iNMSOL pensando en vosotros, \u00a1estad atentos!","breadcrumb":{"@id":"https:\/\/www.inmsol.com\/es\/blog-escuela\/actividades-iNMSOL\/un-ano-cargado-de-sorpresas-celebramos-los-25-anos-de-iNMSOL\/#breadcrumb"},"inLanguage":"es","potentialAction":[{"@type":"ReadAction","target":["https:\/\/www.inmsol.com\/es\/blog-escuela\/actividades-iNMSOL\/un-ano-cargado-de-sorpresas-celebramos-los-25-anos-de-iNMSOL\/"]}]},{"@type":"ImageObject","inLanguage":"es","@id":"https:\/\/www.inmsol.com\/es\/blog-escuela\/actividades-iNMSOL\/un-ano-cargado-de-sorpresas-celebramos-los-25-anos-de-iNMSOL\/#primaryimage","url":"https:\/\/www.inmsol.com\/wp-content\/uploads\/2017\/01\/Sello-25-Aniversario-simple.jpg","contentUrl":"https:\/\/www.inmsol.com\/wp-content\/uploads\/2017\/01\/Sello-25-Aniversario-simple.jpg","width":827,"height":827,"caption":"25 aniversario de iNMSOL"},{"@type":"BreadcrumbList","@id":"https:\/\/www.inmsol.com\/es\/blog-escuela\/actividades-iNMSOL\/un-ano-cargado-de-sorpresas-celebramos-los-25-anos-de-iNMSOL\/#breadcrumb","itemListElement":[{"@type":"ListItem","position":1,"name":"Accredited Center by Instituto Cervantes","item":"https:\/\/www.inmsol.com\/es\/pagina-ejemplo\/"},{"@type":"ListItem","position":2,"name":"Blog Escuela Espa\u00f1ol","item":"https:\/\/www.inmsol.com\/es\/category\/blog-escuela\/"},{"@type":"ListItem","position":3,"name":"Actividades en iNMSOL","item":"https:\/\/www.inmsol.com\/es\/category\/blog-escuela\/actividades-iNMSOL\/"},{"@type":"ListItem","position":4,"name":"Un a\u00f1o cargado de sorpresas: celebramos los 25 a\u00f1os de iNMSOL"}]},{"@type":"WebSite","@id":"https:\/\/www.inmsol.com\/es\/#website","url":"https:\/\/www.inmsol.com\/es\/","name":"iNMSOL","description":"Aprenda Espa\u00f1ol con iNMSOL en Granada | Centro Acreditado por el Instituto Cervantes","publisher":{"@id":"https:\/\/www.inmsol.com\/es\/#organization"},"potentialAction":[{"@type":"SearchAction","target":{"@type":"EntryPoint","urlTemplate":"https:\/\/www.inmsol.com\/es\/?s={search_term_string}"},"query-input":{"@type":"PropertyValueSpecification","valueRequired":true,"valueName":"search_term_string"}}],"inLanguage":"es"},{"@type":"Organization","@id":"https:\/\/www.inmsol.com\/es\/#organization","name":"Instituto Mediterr\u00e1neo Sol","url":"https:\/\/www.inmsol.com\/es\/","logo":{"@type":"ImageObject","inLanguage":"es","@id":"https:\/\/www.inmsol.com\/es\/#\/schema\/logo\/image\/","url":"https:\/\/www.inmsol.com\/wp-content\/uploads\/2023\/06\/logo-inmsol-1.png","contentUrl":"https:\/\/www.inmsol.com\/wp-content\/uploads\/2023\/06\/logo-inmsol-1.png","width":136,"height":73,"caption":"Instituto Mediterr\u00e1neo Sol"},"image":{"@id":"https:\/\/www.inmsol.com\/es\/#\/schema\/logo\/image\/"},"sameAs":["https:\/\/www.facebook.com\/spanishcourses","https:\/\/x.com\/StudyInGranada","http:\/\/instagram.com\/imsolgranada","https:\/\/es.linkedin.com\/company\/imsol-granada","https:\/\/www.pinterest.es\/inmsol\/","https:\/\/www.youtube.com\/channel\/UChz-Qn_7coFMosY85iYMO4g"]},{"@type":"Person","@id":"https:\/\/www.inmsol.com\/es\/#\/schema\/person\/94a7a01d14a56d1fbc49c841ffc57fe9","name":"- Instituto Mediterr\u00e1neo Sol","image":{"@type":"ImageObject","inLanguage":"es","@id":"https:\/\/secure.gravatar.com\/avatar\/5607fdabdf1b548b6095cc3d43079829bc1497403e70dd34004e7204a8fef62b?s=96&d=mm&r=g","url":"https:\/\/secure.gravatar.com\/avatar\/5607fdabdf1b548b6095cc3d43079829bc1497403e70dd34004e7204a8fef62b?s=96&d=mm&r=g","contentUrl":"https:\/\/secure.gravatar.com\/avatar\/5607fdabdf1b548b6095cc3d43079829bc1497403e70dd34004e7204a8fef62b?s=96&d=mm&r=g","caption":"- Instituto Mediterr\u00e1neo Sol"},"url":"https:\/\/www.inmsol.com\/es\/author\/laura\/"}]}},"_links":{"self":[{"href":"https:\/\/www.inmsol.com\/es\/wp-json\/wp\/v2\/posts\/30894","targetHints":{"allow":["GET"]}}],"collection":[{"href":"https:\/\/www.inmsol.com\/es\/wp-json\/wp\/v2\/posts"}],"about":[{"href":"https:\/\/www.inmsol.com\/es\/wp-json\/wp\/v2\/types\/post"}],"author":[{"embeddable":true,"href":"https:\/\/www.inmsol.com\/es\/wp-json\/wp\/v2\/users\/3"}],"replies":[{"embeddable":true,"href":"https:\/\/www.inmsol.com\/es\/wp-json\/wp\/v2\/comments?post=30894"}],"version-history":[{"count":0,"href":"https:\/\/www.inmsol.com\/es\/wp-json\/wp\/v2\/posts\/30894\/revisions"}],"wp:featuredmedia":[{"embeddable":true,"href":"https:\/\/www.inmsol.com\/es\/wp-json\/wp\/v2\/media\/30861"}],"wp:attachment":[{"href":"https:\/\/www.inmsol.com\/es\/wp-json\/wp\/v2\/media?parent=30894"}],"wp:term":[{"taxonomy":"category","embeddable":true,"href":"https:\/\/www.inmsol.com\/es\/wp-json\/wp\/v2\/categories?post=30894"},{"taxonomy":"post_tag","embeddable":true,"href":"https:\/\/www.inmsol.com\/es\/wp-json\/wp\/v2\/tags?post=30894"}],"curies":[{"name":"wp","href":"https:\/\/api.w.org\/{rel}","templated":true}]}}