{"id":31002,"date":"2017-02-03T16:16:36","date_gmt":"2017-02-03T15:16:36","guid":{"rendered":"https:\/\/www.inmsol.com\/?p=31002\/"},"modified":"2017-02-03T16:16:36","modified_gmt":"2017-02-03T15:16:36","slug":"estancia-cultural-en-iNMSOL-de-estudiantes-de-pisa","status":"publish","type":"post","link":"https:\/\/www.inmsol.com\/es\/blog-escuela\/espanol-grupos\/estancia-cultural-en-iNMSOL-de-estudiantes-de-pisa\/","title":{"rendered":"Estancia cultural en iNMSOL de estudiantes de Pisa"},"content":{"rendered":"<h4><span style=\"color: #000000;\">El pasado 25 de enero tuvimos la suerte de recibir a un <a href=\"https:\/\/www.inmsol.com\/es\/cursos-espanol-espana\/cursos-espanol-grupos\/\" target=\"_blank\">grupo <\/a>de estudiantes italianos simpatiqu\u00edsimos, que han pasado una semana en <a href=\"https:\/\/www.inmsol.com\/es\/granada\/\" target=\"_blank\">Granada<\/a>. Proceden de Pisa, y han llevado a cabo una estancia cultural en <a href=\"https:\/\/www.inmsol.com\/es\/\" target=\"_blank\">iNMSOL <\/a>compuesta por un <a href=\"https:\/\/www.inmsol.com\/es\/cursos-espanol-espana\/granada\/\" target=\"_blank\">curso intensivo de espa\u00f1ol<\/a> y muchas <a href=\"https:\/\/www.inmsol.com\/es\/actividades-culturales-excursiones\/\" target=\"_blank\">actividades culturales<\/a>. \u00a1Os contamos su experiencia a continuaci\u00f3n!<\/span><\/h4>\n<div id=\"attachment_31060\" style=\"width: 457px\" class=\"wp-caption alignleft\"><img fetchpriority=\"high\" decoding=\"async\" aria-describedby=\"caption-attachment-31060\" class=\"size-medium wp-image-31060\" src=\"https:\/\/www.inmsol.com\/wp-content\/uploads\/2017\/02\/Clase-de-Luc\u00eda-447x300.jpg\" alt=\"\" width=\"447\" height=\"300\" srcset=\"https:\/\/www.inmsol.com\/wp-content\/uploads\/2017\/02\/Clase-de-Luc\u00eda-447x300.jpg 447w, https:\/\/www.inmsol.com\/wp-content\/uploads\/2017\/02\/Clase-de-Luc\u00eda-600x403.jpg 600w, https:\/\/www.inmsol.com\/wp-content\/uploads\/2017\/02\/Clase-de-Luc\u00eda-768x516.jpg 768w, https:\/\/www.inmsol.com\/wp-content\/uploads\/2017\/02\/Clase-de-Luc\u00eda-1024x687.jpg 1024w, https:\/\/www.inmsol.com\/wp-content\/uploads\/2017\/02\/Clase-de-Luc\u00eda-250x168.jpg 250w, https:\/\/www.inmsol.com\/wp-content\/uploads\/2017\/02\/Clase-de-Luc\u00eda-596x400.jpg 596w, https:\/\/www.inmsol.com\/wp-content\/uploads\/2017\/02\/Clase-de-Luc\u00eda.jpg 1500w\" sizes=\"(max-width: 447px) 100vw, 447px\" \/><p id=\"caption-attachment-31060\" class=\"wp-caption-text\">Estudiantes de la clase de la profesora Luc\u00eda<\/p><\/div>\n<h3><span style=\"color: #000000;\"><b>Estancias para grupos: todo incluido<\/b><\/span><\/h3>\n<p><span style=\"color: #000000;\">Nuestros chicos italianos llegaron con un programa ya organizado entre su centro e iNMSOL. En nuestras estancias para grupos est\u00e1 todo incluido: su <a href=\"https:\/\/www.inmsol.com\/es\/alojamiento-para-estudiantes-granada-espana\/\" target=\"_blank\">alojamiento en familias espa\u00f1olas<\/a> con pensi\u00f3n completa; el servicio de traslado (ida y vuelta) al aeropuerto de llegada; un curso intensivo de espa\u00f1ol impartido por <a href=\"https:\/\/www.inmsol.com\/es\/escuela-espanol-granada\/quienes-somos\/\" target=\"_blank\">nuestros profesores nativos<\/a> y una agenda de actividades culturales que completan la inmersi\u00f3n de los estudiantes en la cultura andaluza.<\/span><\/p>\n<h3><span style=\"color: #000000;\"><b>Excursiones culturales guiadas por Granada<\/b><\/span><\/h3>\n<p><span style=\"color: #000000;\">Adem\u00e1s de su curso intensivo, los estudiantes han disfrutado de varias excursiones culturales guiadas por Granada: visita por el barrio del <strong>Albaic\u00edn<\/strong> y <strong>Sacromonte<\/strong>; paseo por el barrio del <strong>Realejo<\/strong> y sus conocidos <em>grafitis<\/em> callejeros, y todo ello acompa\u00f1ados de nuestros profesores, quienes han explicado los recorridos y los lugares de mayor inter\u00e9s. Tambi\u00e9n han viajado a <strong>Sevilla<\/strong>, capital de Andaluc\u00eda, y han contado con la colaboraci\u00f3n de nuestro gu\u00eda tur\u00edstico.<\/span><\/p>\n<div id=\"attachment_31003\" style=\"width: 470px\" class=\"wp-caption aligncenter\"><img decoding=\"async\" aria-describedby=\"caption-attachment-31003\" class=\"size-medium wp-image-31003\" src=\"https:\/\/www.inmsol.com\/wp-content\/uploads\/2017\/02\/Ruta-grafitis-todos-460x259.jpg\" alt=\"\" width=\"460\" height=\"259\" srcset=\"https:\/\/www.inmsol.com\/wp-content\/uploads\/2017\/02\/Ruta-grafitis-todos-460x259.jpg 460w, https:\/\/www.inmsol.com\/wp-content\/uploads\/2017\/02\/Ruta-grafitis-todos-800x450.jpg 800w, https:\/\/www.inmsol.com\/wp-content\/uploads\/2017\/02\/Ruta-grafitis-todos-64x36.jpg 64w, https:\/\/www.inmsol.com\/wp-content\/uploads\/2017\/02\/Ruta-grafitis-todos-768x432.jpg 768w, https:\/\/www.inmsol.com\/wp-content\/uploads\/2017\/02\/Ruta-grafitis-todos-1024x576.jpg 1024w, https:\/\/www.inmsol.com\/wp-content\/uploads\/2017\/02\/Ruta-grafitis-todos-250x141.jpg 250w, https:\/\/www.inmsol.com\/wp-content\/uploads\/2017\/02\/Ruta-grafitis-todos-600x338.jpg 600w, https:\/\/www.inmsol.com\/wp-content\/uploads\/2017\/02\/Ruta-grafitis-todos.jpg 1500w\" sizes=\"(max-width: 460px) 100vw, 460px\" \/><p id=\"caption-attachment-31003\" class=\"wp-caption-text\">Ruta de los grafitis<\/p><\/div>\n<div id=\"attachment_31102\" style=\"width: 470px\" class=\"wp-caption aligncenter\"><img decoding=\"async\" aria-describedby=\"caption-attachment-31102\" class=\"wp-image-31102 size-medium\" src=\"https:\/\/www.inmsol.com\/wp-content\/uploads\/2017\/02\/Grupo-en-Sacromonte-460x259.jpg\" width=\"460\" height=\"259\" srcset=\"https:\/\/www.inmsol.com\/wp-content\/uploads\/2017\/02\/Grupo-en-Sacromonte-460x259.jpg 460w, https:\/\/www.inmsol.com\/wp-content\/uploads\/2017\/02\/Grupo-en-Sacromonte-800x450.jpg 800w, https:\/\/www.inmsol.com\/wp-content\/uploads\/2017\/02\/Grupo-en-Sacromonte-64x36.jpg 64w, https:\/\/www.inmsol.com\/wp-content\/uploads\/2017\/02\/Grupo-en-Sacromonte-768x432.jpg 768w, https:\/\/www.inmsol.com\/wp-content\/uploads\/2017\/02\/Grupo-en-Sacromonte-1024x576.jpg 1024w, https:\/\/www.inmsol.com\/wp-content\/uploads\/2017\/02\/Grupo-en-Sacromonte-250x141.jpg 250w, https:\/\/www.inmsol.com\/wp-content\/uploads\/2017\/02\/Grupo-en-Sacromonte-600x338.jpg 600w, https:\/\/www.inmsol.com\/wp-content\/uploads\/2017\/02\/Grupo-en-Sacromonte.jpg 1500w\" sizes=\"(max-width: 460px) 100vw, 460px\" \/><p id=\"caption-attachment-31102\" class=\"wp-caption-text\">Estudiantes en el barrio del Sacromonte<\/p><\/div>\n<p>Por supuesto no pod\u00eda faltar su visita a la <strong>Alhambra y El Generalife,<\/strong> \u00a1el monumento m\u00e1s visitado de Espa\u00f1a! El tiempo acompa\u00f1\u00f3, y pudieron contemplar las hermosas vistas y la belleza de esta construcci\u00f3n.<\/p>\n<div id=\"attachment_31088\" style=\"width: 470px\" class=\"wp-caption aligncenter\"><img loading=\"lazy\" decoding=\"async\" aria-describedby=\"caption-attachment-31088\" class=\"size-medium wp-image-31088\" src=\"https:\/\/www.inmsol.com\/wp-content\/uploads\/2017\/02\/Grupo-en-al-Alhambra-460x259.jpg\" alt=\"\" width=\"460\" height=\"259\" srcset=\"https:\/\/www.inmsol.com\/wp-content\/uploads\/2017\/02\/Grupo-en-al-Alhambra-460x259.jpg 460w, https:\/\/www.inmsol.com\/wp-content\/uploads\/2017\/02\/Grupo-en-al-Alhambra-800x450.jpg 800w, https:\/\/www.inmsol.com\/wp-content\/uploads\/2017\/02\/Grupo-en-al-Alhambra-64x36.jpg 64w, https:\/\/www.inmsol.com\/wp-content\/uploads\/2017\/02\/Grupo-en-al-Alhambra-768x432.jpg 768w, https:\/\/www.inmsol.com\/wp-content\/uploads\/2017\/02\/Grupo-en-al-Alhambra-1024x576.jpg 1024w, https:\/\/www.inmsol.com\/wp-content\/uploads\/2017\/02\/Grupo-en-al-Alhambra-250x141.jpg 250w, https:\/\/www.inmsol.com\/wp-content\/uploads\/2017\/02\/Grupo-en-al-Alhambra-600x338.jpg 600w, https:\/\/www.inmsol.com\/wp-content\/uploads\/2017\/02\/Grupo-en-al-Alhambra.jpg 1500w\" sizes=\"(max-width: 460px) 100vw, 460px\" \/><p id=\"caption-attachment-31088\" class=\"wp-caption-text\">Estudiantes de Pisa frente a la Alhambra<\/p><\/div>\n<h3><span style=\"color: #000000;\"><b>Visita a una empresa de productos t\u00edpicos granadinos<\/b><\/span><\/h3>\n<p><span style=\"color: #000000;\">Como complemento a sus clases de espa\u00f1ol, <strong>en las que tambi\u00e9n han estudiado contenidos relacionados con el Turismo,<\/strong> llevaron a cabo una pr\u00e1ctica en una empresa de productos t\u00edpicos granadinos. Uno de los postres m\u00e1s t\u00edpicos de Granada y de toda Espa\u00f1a son los <em><strong>churros con chocolate<\/strong><\/em>&#8230; buen\u00edsimos, \u00bfverdad? Pues nuestros estudiantes tuvieron la oportunidad de aprender a elaborarlos artesanalmente y de entender c\u00f3mo es el funcionamiento de una empresa granadina de este tipo, llamada <em>churrer\u00eda<\/em>.<\/span><\/p>\n<div id=\"attachment_31018\" style=\"width: 470px\" class=\"wp-caption aligncenter\"><img loading=\"lazy\" decoding=\"async\" aria-describedby=\"caption-attachment-31018\" class=\"size-medium wp-image-31018\" src=\"https:\/\/www.inmsol.com\/wp-content\/uploads\/2017\/02\/Churrer\u00eda-1-460x259.jpg\" alt=\"\" width=\"460\" height=\"259\" srcset=\"https:\/\/www.inmsol.com\/wp-content\/uploads\/2017\/02\/Churrer\u00eda-1-460x259.jpg 460w, https:\/\/www.inmsol.com\/wp-content\/uploads\/2017\/02\/Churrer\u00eda-1-600x338.jpg 600w, https:\/\/www.inmsol.com\/wp-content\/uploads\/2017\/02\/Churrer\u00eda-1-768x432.jpg 768w, https:\/\/www.inmsol.com\/wp-content\/uploads\/2017\/02\/Churrer\u00eda-1-1024x576.jpg 1024w, https:\/\/www.inmsol.com\/wp-content\/uploads\/2017\/02\/Churrer\u00eda-1-250x141.jpg 250w, https:\/\/www.inmsol.com\/wp-content\/uploads\/2017\/02\/Churrer\u00eda-1.jpg 1500w\" sizes=\"(max-width: 460px) 100vw, 460px\" \/><p id=\"caption-attachment-31018\" class=\"wp-caption-text\">Aprendiendo a hacer churros<\/p><\/div>\n<p><span style=\"color: #000000;\">\u00a1Lo pasaron genial! Y lo mejor es que pudieron comer churros con chocolate reci\u00e9n hechos en el mimo lugar&#8230; \u00a1toda una experiencia!<\/span><\/p>\n<div id=\"attachment_31032\" style=\"width: 160px\" class=\"wp-caption alignright\"><img loading=\"lazy\" decoding=\"async\" aria-describedby=\"caption-attachment-31032\" class=\"wp-image-31032 size-thumbnail\" src=\"https:\/\/www.inmsol.com\/wp-content\/uploads\/2017\/02\/Churreria-demostraci\u00f3n-150x150.jpg\" width=\"150\" height=\"150\" srcset=\"https:\/\/www.inmsol.com\/wp-content\/uploads\/2017\/02\/Churreria-demostraci\u00f3n-150x150.jpg 150w, https:\/\/www.inmsol.com\/wp-content\/uploads\/2017\/02\/Churreria-demostraci\u00f3n-300x300.jpg 300w, https:\/\/www.inmsol.com\/wp-content\/uploads\/2017\/02\/Churreria-demostraci\u00f3n-100x100.jpg 100w\" sizes=\"(max-width: 150px) 100vw, 150px\" \/><p id=\"caption-attachment-31032\" class=\"wp-caption-text\">Demostraci\u00f3n<\/p><\/div>\n<div id=\"attachment_31116\" style=\"width: 160px\" class=\"wp-caption alignleft\"><img loading=\"lazy\" decoding=\"async\" aria-describedby=\"caption-attachment-31116\" class=\"wp-image-31116 size-thumbnail\" src=\"https:\/\/www.inmsol.com\/wp-content\/uploads\/2017\/02\/Todos-probando-los-churros-150x150.jpg\" width=\"150\" height=\"150\" srcset=\"https:\/\/www.inmsol.com\/wp-content\/uploads\/2017\/02\/Todos-probando-los-churros-150x150.jpg 150w, https:\/\/www.inmsol.com\/wp-content\/uploads\/2017\/02\/Todos-probando-los-churros-300x300.jpg 300w, https:\/\/www.inmsol.com\/wp-content\/uploads\/2017\/02\/Todos-probando-los-churros-100x100.jpg 100w\" sizes=\"(max-width: 150px) 100vw, 150px\" \/><p id=\"caption-attachment-31116\" class=\"wp-caption-text\">Probando los churros con chocolate<\/p><\/div>\n<h4><\/h4>\n<div id=\"attachment_31046\" style=\"width: 160px\" class=\"wp-caption aligncenter\"><img loading=\"lazy\" decoding=\"async\" aria-describedby=\"caption-attachment-31046\" class=\"wp-image-31046 size-thumbnail\" src=\"https:\/\/www.inmsol.com\/wp-content\/uploads\/2017\/02\/Churrer\u00eda-explicaci\u00f3n-150x150.jpg\" width=\"150\" height=\"150\" srcset=\"https:\/\/www.inmsol.com\/wp-content\/uploads\/2017\/02\/Churrer\u00eda-explicaci\u00f3n-150x150.jpg 150w, https:\/\/www.inmsol.com\/wp-content\/uploads\/2017\/02\/Churrer\u00eda-explicaci\u00f3n-300x300.jpg 300w, https:\/\/www.inmsol.com\/wp-content\/uploads\/2017\/02\/Churrer\u00eda-explicaci\u00f3n-100x100.jpg 100w\" sizes=\"(max-width: 150px) 100vw, 150px\" \/><p id=\"caption-attachment-31046\" class=\"wp-caption-text\">Explicaci\u00f3n a los estudiantes<\/p><\/div>\n<h4><\/h4>\n<h4><\/h4>\n<h4><\/h4>\n<h4><\/h4>\n<h4>Ya est\u00e1n de vuelta en Italia, y lo cierto es que lo hemos pasado genial durante su estancia. \u00a1Esperamos volver a veros muy pronto!<\/h4>\n<p>&nbsp;<\/p>\n<div id=\"attachment_31074\" style=\"width: 457px\" class=\"wp-caption aligncenter\"><img loading=\"lazy\" decoding=\"async\" aria-describedby=\"caption-attachment-31074\" class=\"size-medium wp-image-31074\" src=\"https:\/\/www.inmsol.com\/wp-content\/uploads\/2017\/02\/Clase-de-Pilar-447x300.jpg\" alt=\"\" width=\"447\" height=\"300\" srcset=\"https:\/\/www.inmsol.com\/wp-content\/uploads\/2017\/02\/Clase-de-Pilar-447x300.jpg 447w, https:\/\/www.inmsol.com\/wp-content\/uploads\/2017\/02\/Clase-de-Pilar-800x537.jpg 800w, https:\/\/www.inmsol.com\/wp-content\/uploads\/2017\/02\/Clase-de-Pilar-64x43.jpg 64w, https:\/\/www.inmsol.com\/wp-content\/uploads\/2017\/02\/Clase-de-Pilar-768x516.jpg 768w, https:\/\/www.inmsol.com\/wp-content\/uploads\/2017\/02\/Clase-de-Pilar-1024x687.jpg 1024w, https:\/\/www.inmsol.com\/wp-content\/uploads\/2017\/02\/Clase-de-Pilar-250x168.jpg 250w, https:\/\/www.inmsol.com\/wp-content\/uploads\/2017\/02\/Clase-de-Pilar-596x400.jpg 596w, https:\/\/www.inmsol.com\/wp-content\/uploads\/2017\/02\/Clase-de-Pilar.jpg 1500w\" sizes=\"(max-width: 447px) 100vw, 447px\" \/><p id=\"caption-attachment-31074\" class=\"wp-caption-text\">Estudiantes de la clase de la profesora Pilar<\/p><\/div>\n","protected":false},"excerpt":{"rendered":"<p>El pasado 25 de enero tuvimos la suerte de recibir a un grupo de estudiantes italianos simpatiqu\u00edsimos, que han pasado una semana en Granada. Proceden de Pisa, y han llevado a cabo una estancia cultural en iNMSOL compuesta por un curso intensivo de espa\u00f1ol y&#8230;<\/p>\n","protected":false},"author":3,"featured_media":31003,"comment_status":"closed","ping_status":"closed","sticky":false,"template":"","format":"standard","meta":{"_acf_changed":false,"footnotes":""},"categories":[84],"tags":[],"class_list":["post-31002","post","type-post","status-publish","format-standard","has-post-thumbnail","hentry","category-espanol-grupos"],"acf":[],"yoast_head":"<!-- This site is optimized with the Yoast SEO plugin v27.5 - https:\/\/yoast.com\/product\/yoast-seo-wordpress\/ -->\n<title>Estancia cultural en iNMSOL de estudiantes de Pisa<\/title>\n<meta name=\"description\" content=\"El pasado 25 recibimos a un grupo de estudiantes de Pisa que ha llevado a cabo una estancia cultural en iNMSOL, clases de espa\u00f1ol y excursiones organizadas.\" \/>\n<meta name=\"robots\" content=\"index, follow, max-snippet:-1, max-image-preview:large, max-video-preview:-1\" \/>\n<link rel=\"canonical\" href=\"https:\/\/www.inmsol.com\/es\/blog-escuela\/espanol-grupos\/estancia-cultural-en-iNMSOL-de-estudiantes-de-pisa\/\" \/>\n<meta property=\"og:locale\" content=\"es_ES\" \/>\n<meta property=\"og:type\" content=\"article\" \/>\n<meta property=\"og:title\" content=\"Estancia cultural en iNMSOL de estudiantes de Pisa\" \/>\n<meta property=\"og:description\" content=\"El pasado 25 recibimos a un grupo de estudiantes de Pisa que ha llevado a cabo una estancia cultural en iNMSOL, clases de espa\u00f1ol y excursiones organizadas.\" \/>\n<meta property=\"og:url\" content=\"https:\/\/www.inmsol.com\/es\/blog-escuela\/espanol-grupos\/estancia-cultural-en-iNMSOL-de-estudiantes-de-pisa\/\" \/>\n<meta property=\"og:site_name\" content=\"iNMSOL\" \/>\n<meta property=\"article:publisher\" content=\"https:\/\/www.facebook.com\/spanishcourses\" \/>\n<meta property=\"article:published_time\" content=\"2017-02-03T15:16:36+00:00\" \/>\n<meta property=\"og:image\" content=\"https:\/\/www.inmsol.com\/wp-content\/uploads\/2017\/02\/Ruta-grafitis-todos.jpg\" \/>\n\t<meta property=\"og:image:width\" content=\"1500\" \/>\n\t<meta property=\"og:image:height\" content=\"844\" \/>\n\t<meta property=\"og:image:type\" content=\"image\/jpeg\" \/>\n<meta name=\"author\" content=\"- Instituto Mediterr\u00e1neo Sol\" \/>\n<meta name=\"twitter:label1\" content=\"Escrito por\" \/>\n\t<meta name=\"twitter:data1\" content=\"- Instituto Mediterr\u00e1neo Sol\" \/>\n\t<meta name=\"twitter:label2\" content=\"Tiempo de lectura\" \/>\n\t<meta name=\"twitter:data2\" content=\"3 minutos\" \/>\n<script type=\"application\/ld+json\" class=\"yoast-schema-graph\">{\"@context\":\"https:\\\/\\\/schema.org\",\"@graph\":[{\"@type\":\"Article\",\"@id\":\"https:\\\/\\\/www.inmsol.com\\\/es\\\/blog-escuela\\\/espanol-grupos\\\/estancia-cultural-en-iNMSOL-de-estudiantes-de-pisa\\\/#article\",\"isPartOf\":{\"@id\":\"https:\\\/\\\/www.inmsol.com\\\/es\\\/blog-escuela\\\/espanol-grupos\\\/estancia-cultural-en-iNMSOL-de-estudiantes-de-pisa\\\/\"},\"author\":{\"name\":\"- Instituto Mediterr\u00e1neo Sol\",\"@id\":\"https:\\\/\\\/www.inmsol.com\\\/es\\\/#\\\/schema\\\/person\\\/94a7a01d14a56d1fbc49c841ffc57fe9\"},\"headline\":\"Estancia cultural en iNMSOL de estudiantes de Pisa\",\"datePublished\":\"2017-02-03T15:16:36+00:00\",\"mainEntityOfPage\":{\"@id\":\"https:\\\/\\\/www.inmsol.com\\\/es\\\/blog-escuela\\\/espanol-grupos\\\/estancia-cultural-en-iNMSOL-de-estudiantes-de-pisa\\\/\"},\"wordCount\":521,\"publisher\":{\"@id\":\"https:\\\/\\\/www.inmsol.com\\\/es\\\/#organization\"},\"image\":{\"@id\":\"https:\\\/\\\/www.inmsol.com\\\/es\\\/blog-escuela\\\/espanol-grupos\\\/estancia-cultural-en-iNMSOL-de-estudiantes-de-pisa\\\/#primaryimage\"},\"thumbnailUrl\":\"https:\\\/\\\/www.inmsol.com\\\/wp-content\\\/uploads\\\/2017\\\/02\\\/Ruta-grafitis-todos.jpg\",\"articleSection\":[\"Espa\u00f1ol para grupos\"],\"inLanguage\":\"es\"},{\"@type\":\"WebPage\",\"@id\":\"https:\\\/\\\/www.inmsol.com\\\/es\\\/blog-escuela\\\/espanol-grupos\\\/estancia-cultural-en-iNMSOL-de-estudiantes-de-pisa\\\/\",\"url\":\"https:\\\/\\\/www.inmsol.com\\\/es\\\/blog-escuela\\\/espanol-grupos\\\/estancia-cultural-en-iNMSOL-de-estudiantes-de-pisa\\\/\",\"name\":\"Estancia cultural en iNMSOL de estudiantes de Pisa\",\"isPartOf\":{\"@id\":\"https:\\\/\\\/www.inmsol.com\\\/es\\\/#website\"},\"primaryImageOfPage\":{\"@id\":\"https:\\\/\\\/www.inmsol.com\\\/es\\\/blog-escuela\\\/espanol-grupos\\\/estancia-cultural-en-iNMSOL-de-estudiantes-de-pisa\\\/#primaryimage\"},\"image\":{\"@id\":\"https:\\\/\\\/www.inmsol.com\\\/es\\\/blog-escuela\\\/espanol-grupos\\\/estancia-cultural-en-iNMSOL-de-estudiantes-de-pisa\\\/#primaryimage\"},\"thumbnailUrl\":\"https:\\\/\\\/www.inmsol.com\\\/wp-content\\\/uploads\\\/2017\\\/02\\\/Ruta-grafitis-todos.jpg\",\"datePublished\":\"2017-02-03T15:16:36+00:00\",\"description\":\"El pasado 25 recibimos a un grupo de estudiantes de Pisa que ha llevado a cabo una estancia cultural en iNMSOL, clases de espa\u00f1ol y excursiones organizadas.\",\"breadcrumb\":{\"@id\":\"https:\\\/\\\/www.inmsol.com\\\/es\\\/blog-escuela\\\/espanol-grupos\\\/estancia-cultural-en-iNMSOL-de-estudiantes-de-pisa\\\/#breadcrumb\"},\"inLanguage\":\"es\",\"potentialAction\":[{\"@type\":\"ReadAction\",\"target\":[\"https:\\\/\\\/www.inmsol.com\\\/es\\\/blog-escuela\\\/espanol-grupos\\\/estancia-cultural-en-iNMSOL-de-estudiantes-de-pisa\\\/\"]}]},{\"@type\":\"ImageObject\",\"inLanguage\":\"es\",\"@id\":\"https:\\\/\\\/www.inmsol.com\\\/es\\\/blog-escuela\\\/espanol-grupos\\\/estancia-cultural-en-iNMSOL-de-estudiantes-de-pisa\\\/#primaryimage\",\"url\":\"https:\\\/\\\/www.inmsol.com\\\/wp-content\\\/uploads\\\/2017\\\/02\\\/Ruta-grafitis-todos.jpg\",\"contentUrl\":\"https:\\\/\\\/www.inmsol.com\\\/wp-content\\\/uploads\\\/2017\\\/02\\\/Ruta-grafitis-todos.jpg\",\"width\":1500,\"height\":844,\"caption\":\"Ruta de los grafitis\"},{\"@type\":\"BreadcrumbList\",\"@id\":\"https:\\\/\\\/www.inmsol.com\\\/es\\\/blog-escuela\\\/espanol-grupos\\\/estancia-cultural-en-iNMSOL-de-estudiantes-de-pisa\\\/#breadcrumb\",\"itemListElement\":[{\"@type\":\"ListItem\",\"position\":1,\"name\":\"Accredited Center by Instituto Cervantes\",\"item\":\"https:\\\/\\\/www.inmsol.com\\\/es\\\/pagina-ejemplo\\\/\"},{\"@type\":\"ListItem\",\"position\":2,\"name\":\"Blog Escuela Espa\u00f1ol\",\"item\":\"https:\\\/\\\/www.inmsol.com\\\/es\\\/category\\\/blog-escuela\\\/\"},{\"@type\":\"ListItem\",\"position\":3,\"name\":\"Espa\u00f1ol para grupos\",\"item\":\"https:\\\/\\\/www.inmsol.com\\\/es\\\/category\\\/blog-escuela\\\/espanol-grupos\\\/\"},{\"@type\":\"ListItem\",\"position\":4,\"name\":\"Estancia cultural en iNMSOL de estudiantes de Pisa\"}]},{\"@type\":\"WebSite\",\"@id\":\"https:\\\/\\\/www.inmsol.com\\\/es\\\/#website\",\"url\":\"https:\\\/\\\/www.inmsol.com\\\/es\\\/\",\"name\":\"iNMSOL\",\"description\":\"Aprenda Espa\u00f1ol con iNMSOL en Granada | Centro Acreditado por el Instituto Cervantes\",\"publisher\":{\"@id\":\"https:\\\/\\\/www.inmsol.com\\\/es\\\/#organization\"},\"potentialAction\":[{\"@type\":\"SearchAction\",\"target\":{\"@type\":\"EntryPoint\",\"urlTemplate\":\"https:\\\/\\\/www.inmsol.com\\\/es\\\/?s={search_term_string}\"},\"query-input\":{\"@type\":\"PropertyValueSpecification\",\"valueRequired\":true,\"valueName\":\"search_term_string\"}}],\"inLanguage\":\"es\"},{\"@type\":\"Organization\",\"@id\":\"https:\\\/\\\/www.inmsol.com\\\/es\\\/#organization\",\"name\":\"Instituto Mediterr\u00e1neo Sol\",\"url\":\"https:\\\/\\\/www.inmsol.com\\\/es\\\/\",\"logo\":{\"@type\":\"ImageObject\",\"inLanguage\":\"es\",\"@id\":\"https:\\\/\\\/www.inmsol.com\\\/es\\\/#\\\/schema\\\/logo\\\/image\\\/\",\"url\":\"https:\\\/\\\/www.inmsol.com\\\/wp-content\\\/uploads\\\/2023\\\/06\\\/logo-inmsol-1.png\",\"contentUrl\":\"https:\\\/\\\/www.inmsol.com\\\/wp-content\\\/uploads\\\/2023\\\/06\\\/logo-inmsol-1.png\",\"width\":136,\"height\":73,\"caption\":\"Instituto Mediterr\u00e1neo Sol\"},\"image\":{\"@id\":\"https:\\\/\\\/www.inmsol.com\\\/es\\\/#\\\/schema\\\/logo\\\/image\\\/\"},\"sameAs\":[\"https:\\\/\\\/www.facebook.com\\\/spanishcourses\",\"https:\\\/\\\/x.com\\\/StudyInGranada\",\"http:\\\/\\\/instagram.com\\\/imsolgranada\",\"https:\\\/\\\/es.linkedin.com\\\/company\\\/imsol-granada\",\"https:\\\/\\\/www.pinterest.es\\\/inmsol\\\/\",\"https:\\\/\\\/www.youtube.com\\\/channel\\\/UChz-Qn_7coFMosY85iYMO4g\"]},{\"@type\":\"Person\",\"@id\":\"https:\\\/\\\/www.inmsol.com\\\/es\\\/#\\\/schema\\\/person\\\/94a7a01d14a56d1fbc49c841ffc57fe9\",\"name\":\"- Instituto Mediterr\u00e1neo Sol\",\"image\":{\"@type\":\"ImageObject\",\"inLanguage\":\"es\",\"@id\":\"https:\\\/\\\/secure.gravatar.com\\\/avatar\\\/5607fdabdf1b548b6095cc3d43079829bc1497403e70dd34004e7204a8fef62b?s=96&d=mm&r=g\",\"url\":\"https:\\\/\\\/secure.gravatar.com\\\/avatar\\\/5607fdabdf1b548b6095cc3d43079829bc1497403e70dd34004e7204a8fef62b?s=96&d=mm&r=g\",\"contentUrl\":\"https:\\\/\\\/secure.gravatar.com\\\/avatar\\\/5607fdabdf1b548b6095cc3d43079829bc1497403e70dd34004e7204a8fef62b?s=96&d=mm&r=g\",\"caption\":\"- Instituto Mediterr\u00e1neo Sol\"},\"url\":\"https:\\\/\\\/www.inmsol.com\\\/es\\\/author\\\/laura\\\/\"}]}<\/script>\n<!-- \/ Yoast SEO plugin. -->","yoast_head_json":{"title":"Estancia cultural en iNMSOL de estudiantes de Pisa","description":"El pasado 25 recibimos a un grupo de estudiantes de Pisa que ha llevado a cabo una estancia cultural en iNMSOL, clases de espa\u00f1ol y excursiones organizadas.","robots":{"index":"index","follow":"follow","max-snippet":"max-snippet:-1","max-image-preview":"max-image-preview:large","max-video-preview":"max-video-preview:-1"},"canonical":"https:\/\/www.inmsol.com\/es\/blog-escuela\/espanol-grupos\/estancia-cultural-en-iNMSOL-de-estudiantes-de-pisa\/","og_locale":"es_ES","og_type":"article","og_title":"Estancia cultural en iNMSOL de estudiantes de Pisa","og_description":"El pasado 25 recibimos a un grupo de estudiantes de Pisa que ha llevado a cabo una estancia cultural en iNMSOL, clases de espa\u00f1ol y excursiones organizadas.","og_url":"https:\/\/www.inmsol.com\/es\/blog-escuela\/espanol-grupos\/estancia-cultural-en-iNMSOL-de-estudiantes-de-pisa\/","og_site_name":"iNMSOL","article_publisher":"https:\/\/www.facebook.com\/spanishcourses","article_published_time":"2017-02-03T15:16:36+00:00","og_image":[{"width":1500,"height":844,"url":"https:\/\/www.inmsol.com\/wp-content\/uploads\/2017\/02\/Ruta-grafitis-todos.jpg","type":"image\/jpeg"}],"author":"- Instituto Mediterr\u00e1neo Sol","twitter_misc":{"Escrito por":"- Instituto Mediterr\u00e1neo Sol","Tiempo de lectura":"3 minutos"},"schema":{"@context":"https:\/\/schema.org","@graph":[{"@type":"Article","@id":"https:\/\/www.inmsol.com\/es\/blog-escuela\/espanol-grupos\/estancia-cultural-en-iNMSOL-de-estudiantes-de-pisa\/#article","isPartOf":{"@id":"https:\/\/www.inmsol.com\/es\/blog-escuela\/espanol-grupos\/estancia-cultural-en-iNMSOL-de-estudiantes-de-pisa\/"},"author":{"name":"- Instituto Mediterr\u00e1neo Sol","@id":"https:\/\/www.inmsol.com\/es\/#\/schema\/person\/94a7a01d14a56d1fbc49c841ffc57fe9"},"headline":"Estancia cultural en iNMSOL de estudiantes de Pisa","datePublished":"2017-02-03T15:16:36+00:00","mainEntityOfPage":{"@id":"https:\/\/www.inmsol.com\/es\/blog-escuela\/espanol-grupos\/estancia-cultural-en-iNMSOL-de-estudiantes-de-pisa\/"},"wordCount":521,"publisher":{"@id":"https:\/\/www.inmsol.com\/es\/#organization"},"image":{"@id":"https:\/\/www.inmsol.com\/es\/blog-escuela\/espanol-grupos\/estancia-cultural-en-iNMSOL-de-estudiantes-de-pisa\/#primaryimage"},"thumbnailUrl":"https:\/\/www.inmsol.com\/wp-content\/uploads\/2017\/02\/Ruta-grafitis-todos.jpg","articleSection":["Espa\u00f1ol para grupos"],"inLanguage":"es"},{"@type":"WebPage","@id":"https:\/\/www.inmsol.com\/es\/blog-escuela\/espanol-grupos\/estancia-cultural-en-iNMSOL-de-estudiantes-de-pisa\/","url":"https:\/\/www.inmsol.com\/es\/blog-escuela\/espanol-grupos\/estancia-cultural-en-iNMSOL-de-estudiantes-de-pisa\/","name":"Estancia cultural en iNMSOL de estudiantes de Pisa","isPartOf":{"@id":"https:\/\/www.inmsol.com\/es\/#website"},"primaryImageOfPage":{"@id":"https:\/\/www.inmsol.com\/es\/blog-escuela\/espanol-grupos\/estancia-cultural-en-iNMSOL-de-estudiantes-de-pisa\/#primaryimage"},"image":{"@id":"https:\/\/www.inmsol.com\/es\/blog-escuela\/espanol-grupos\/estancia-cultural-en-iNMSOL-de-estudiantes-de-pisa\/#primaryimage"},"thumbnailUrl":"https:\/\/www.inmsol.com\/wp-content\/uploads\/2017\/02\/Ruta-grafitis-todos.jpg","datePublished":"2017-02-03T15:16:36+00:00","description":"El pasado 25 recibimos a un grupo de estudiantes de Pisa que ha llevado a cabo una estancia cultural en iNMSOL, clases de espa\u00f1ol y excursiones organizadas.","breadcrumb":{"@id":"https:\/\/www.inmsol.com\/es\/blog-escuela\/espanol-grupos\/estancia-cultural-en-iNMSOL-de-estudiantes-de-pisa\/#breadcrumb"},"inLanguage":"es","potentialAction":[{"@type":"ReadAction","target":["https:\/\/www.inmsol.com\/es\/blog-escuela\/espanol-grupos\/estancia-cultural-en-iNMSOL-de-estudiantes-de-pisa\/"]}]},{"@type":"ImageObject","inLanguage":"es","@id":"https:\/\/www.inmsol.com\/es\/blog-escuela\/espanol-grupos\/estancia-cultural-en-iNMSOL-de-estudiantes-de-pisa\/#primaryimage","url":"https:\/\/www.inmsol.com\/wp-content\/uploads\/2017\/02\/Ruta-grafitis-todos.jpg","contentUrl":"https:\/\/www.inmsol.com\/wp-content\/uploads\/2017\/02\/Ruta-grafitis-todos.jpg","width":1500,"height":844,"caption":"Ruta de los grafitis"},{"@type":"BreadcrumbList","@id":"https:\/\/www.inmsol.com\/es\/blog-escuela\/espanol-grupos\/estancia-cultural-en-iNMSOL-de-estudiantes-de-pisa\/#breadcrumb","itemListElement":[{"@type":"ListItem","position":1,"name":"Accredited Center by Instituto Cervantes","item":"https:\/\/www.inmsol.com\/es\/pagina-ejemplo\/"},{"@type":"ListItem","position":2,"name":"Blog Escuela Espa\u00f1ol","item":"https:\/\/www.inmsol.com\/es\/category\/blog-escuela\/"},{"@type":"ListItem","position":3,"name":"Espa\u00f1ol para grupos","item":"https:\/\/www.inmsol.com\/es\/category\/blog-escuela\/espanol-grupos\/"},{"@type":"ListItem","position":4,"name":"Estancia cultural en iNMSOL de estudiantes de Pisa"}]},{"@type":"WebSite","@id":"https:\/\/www.inmsol.com\/es\/#website","url":"https:\/\/www.inmsol.com\/es\/","name":"iNMSOL","description":"Aprenda Espa\u00f1ol con iNMSOL en Granada | Centro Acreditado por el Instituto Cervantes","publisher":{"@id":"https:\/\/www.inmsol.com\/es\/#organization"},"potentialAction":[{"@type":"SearchAction","target":{"@type":"EntryPoint","urlTemplate":"https:\/\/www.inmsol.com\/es\/?s={search_term_string}"},"query-input":{"@type":"PropertyValueSpecification","valueRequired":true,"valueName":"search_term_string"}}],"inLanguage":"es"},{"@type":"Organization","@id":"https:\/\/www.inmsol.com\/es\/#organization","name":"Instituto Mediterr\u00e1neo Sol","url":"https:\/\/www.inmsol.com\/es\/","logo":{"@type":"ImageObject","inLanguage":"es","@id":"https:\/\/www.inmsol.com\/es\/#\/schema\/logo\/image\/","url":"https:\/\/www.inmsol.com\/wp-content\/uploads\/2023\/06\/logo-inmsol-1.png","contentUrl":"https:\/\/www.inmsol.com\/wp-content\/uploads\/2023\/06\/logo-inmsol-1.png","width":136,"height":73,"caption":"Instituto Mediterr\u00e1neo Sol"},"image":{"@id":"https:\/\/www.inmsol.com\/es\/#\/schema\/logo\/image\/"},"sameAs":["https:\/\/www.facebook.com\/spanishcourses","https:\/\/x.com\/StudyInGranada","http:\/\/instagram.com\/imsolgranada","https:\/\/es.linkedin.com\/company\/imsol-granada","https:\/\/www.pinterest.es\/inmsol\/","https:\/\/www.youtube.com\/channel\/UChz-Qn_7coFMosY85iYMO4g"]},{"@type":"Person","@id":"https:\/\/www.inmsol.com\/es\/#\/schema\/person\/94a7a01d14a56d1fbc49c841ffc57fe9","name":"- Instituto Mediterr\u00e1neo Sol","image":{"@type":"ImageObject","inLanguage":"es","@id":"https:\/\/secure.gravatar.com\/avatar\/5607fdabdf1b548b6095cc3d43079829bc1497403e70dd34004e7204a8fef62b?s=96&d=mm&r=g","url":"https:\/\/secure.gravatar.com\/avatar\/5607fdabdf1b548b6095cc3d43079829bc1497403e70dd34004e7204a8fef62b?s=96&d=mm&r=g","contentUrl":"https:\/\/secure.gravatar.com\/avatar\/5607fdabdf1b548b6095cc3d43079829bc1497403e70dd34004e7204a8fef62b?s=96&d=mm&r=g","caption":"- Instituto Mediterr\u00e1neo Sol"},"url":"https:\/\/www.inmsol.com\/es\/author\/laura\/"}]}},"_links":{"self":[{"href":"https:\/\/www.inmsol.com\/es\/wp-json\/wp\/v2\/posts\/31002","targetHints":{"allow":["GET"]}}],"collection":[{"href":"https:\/\/www.inmsol.com\/es\/wp-json\/wp\/v2\/posts"}],"about":[{"href":"https:\/\/www.inmsol.com\/es\/wp-json\/wp\/v2\/types\/post"}],"author":[{"embeddable":true,"href":"https:\/\/www.inmsol.com\/es\/wp-json\/wp\/v2\/users\/3"}],"replies":[{"embeddable":true,"href":"https:\/\/www.inmsol.com\/es\/wp-json\/wp\/v2\/comments?post=31002"}],"version-history":[{"count":0,"href":"https:\/\/www.inmsol.com\/es\/wp-json\/wp\/v2\/posts\/31002\/revisions"}],"wp:featuredmedia":[{"embeddable":true,"href":"https:\/\/www.inmsol.com\/es\/wp-json\/wp\/v2\/media\/31003"}],"wp:attachment":[{"href":"https:\/\/www.inmsol.com\/es\/wp-json\/wp\/v2\/media?parent=31002"}],"wp:term":[{"taxonomy":"category","embeddable":true,"href":"https:\/\/www.inmsol.com\/es\/wp-json\/wp\/v2\/categories?post=31002"},{"taxonomy":"post_tag","embeddable":true,"href":"https:\/\/www.inmsol.com\/es\/wp-json\/wp\/v2\/tags?post=31002"}],"curies":[{"name":"wp","href":"https:\/\/api.w.org\/{rel}","templated":true}]}}