{"id":31349,"date":"2016-11-22T12:26:43","date_gmt":"2016-11-22T11:26:43","guid":{"rendered":"https:\/\/www.inmsol.com\/blog-escuela\/la-leyenda-del-reloj-solar\/"},"modified":"2017-04-11T15:49:04","modified_gmt":"2017-04-11T13:49:04","slug":"la-leyenda-del-reloj-solar","status":"publish","type":"post","link":"https:\/\/www.inmsol.com\/es\/blog-escuela\/leyendas-granada\/la-leyenda-del-reloj-solar\/","title":{"rendered":"La leyenda del Reloj Solar"},"content":{"rendered":"<p>En previas publicaciones hemos contado varias leyendas sobre la Alhambra en <a href=\"https:\/\/www.inmsol.com\/es\/granada\/\" target=\"_blank\">Granada<\/a> incluso la <a href=\"https:\/\/www.inmsol.com\/es\/blog-escuela\/leyendas-granada\/la-leyenda-del-paje-y-el-halcon\/\" target=\"_blank\">leyenda del paje y el halc\u00f3n<\/a> o <a href=\"https:\/\/www.inmsol.com\/es\/blog-escuela\/leyendas-granada\/leyenda-del-patio-de-los-leones\/\" target=\"_blank\">la leyenda del Patio de los leones<\/a>. Hoy queremos compartir con vosotros la leyenda del reloj solar.<\/p>\n<p>Esa leyenda se basa en la captura de la Alhambra como un reloj solar enorme. Como un reloj de sol con que se puede seguir la evoluci\u00f3n de las horas en el d\u00eda cuando hay sol.<\/p>\n<p><img fetchpriority=\"high\" decoding=\"async\" class=\"aligncenter size-medium wp-image-28649\" src=\"https:\/\/www.inmsol.com\/wp-content\/uploads\/2016\/11\/alhambra_0036-450x300.jpg\" alt=\"alhambra_0036\" width=\"450\" height=\"300\" srcset=\"https:\/\/www.inmsol.com\/wp-content\/uploads\/2016\/11\/alhambra_0036-450x300.jpg 450w, https:\/\/www.inmsol.com\/wp-content\/uploads\/2016\/11\/alhambra_0036-800x533.jpg 800w, https:\/\/www.inmsol.com\/wp-content\/uploads\/2016\/11\/alhambra_0036-64x43.jpg 64w, https:\/\/www.inmsol.com\/wp-content\/uploads\/2016\/11\/alhambra_0036-768x512.jpg 768w, https:\/\/www.inmsol.com\/wp-content\/uploads\/2016\/11\/alhambra_0036-1024x683.jpg 1024w, https:\/\/www.inmsol.com\/wp-content\/uploads\/2016\/11\/alhambra_0036-250x167.jpg 250w, https:\/\/www.inmsol.com\/wp-content\/uploads\/2016\/11\/alhambra_0036-600x400.jpg 600w, https:\/\/www.inmsol.com\/wp-content\/uploads\/2016\/11\/alhambra_0036.jpg 1200w\" sizes=\"(max-width: 450px) 100vw, 450px\" \/><\/p>\n<p>Ese fen\u00f3meno se puede tambi\u00e9n observar en la Alhambra, en el sentido que se puede apreciar c\u00f3mo pasa el tiempo por sus habitaciones. Especialmente en invierno se puede estimar como pasan las horas, ya que por el\u00a0mediod\u00eda la luz divide la Alhambra en dos partes.<\/p>\n","protected":false},"excerpt":{"rendered":"<p>En previas publicaciones hemos contado varias leyendas sobre la Alhambra en Granada incluso la leyenda del paje y el halc\u00f3n o la leyenda del Patio de los leones. Hoy queremos compartir con vosotros la leyenda del reloj solar. Esa leyenda se basa en la captura&#8230;<\/p>\n","protected":false},"author":3,"featured_media":31368,"comment_status":"closed","ping_status":"closed","sticky":false,"template":"","format":"standard","meta":{"_acf_changed":false,"footnotes":""},"categories":[272],"tags":[],"class_list":["post-31349","post","type-post","status-publish","format-standard","has-post-thumbnail","hentry","category-leyendas-granada"],"acf":[],"yoast_head":"<!-- This site is optimized with the Yoast SEO plugin v27.5 - https:\/\/yoast.com\/product\/yoast-seo-wordpress\/ -->\n<title>La leyenda del reloj solar<\/title>\n<meta name=\"description\" content=\"En previas publicaciones hemos contado varias leyendas sobre la Alhambra en Granada incluso la leyenda del paje y el halc\u00f3n o la leyenda del Patio de los leones. Hoy queremos compartir con vosotros la leyenda del reloj solar.\" \/>\n<meta name=\"robots\" content=\"index, follow, max-snippet:-1, max-image-preview:large, max-video-preview:-1\" \/>\n<link rel=\"canonical\" href=\"https:\/\/www.inmsol.com\/es\/blog-escuela\/leyendas-granada\/la-leyenda-del-reloj-solar\/\" \/>\n<meta property=\"og:locale\" content=\"es_ES\" \/>\n<meta property=\"og:type\" content=\"article\" \/>\n<meta property=\"og:title\" content=\"La leyenda del reloj solar\" \/>\n<meta property=\"og:description\" content=\"En previas publicaciones hemos contado varias leyendas sobre la Alhambra en Granada incluso la leyenda del paje y el halc\u00f3n o la leyenda del Patio de los leones. Hoy queremos compartir con vosotros la leyenda del reloj solar.\" \/>\n<meta property=\"og:url\" content=\"https:\/\/www.inmsol.com\/es\/blog-escuela\/leyendas-granada\/la-leyenda-del-reloj-solar\/\" \/>\n<meta property=\"og:site_name\" content=\"iNMSOL\" \/>\n<meta property=\"article:publisher\" content=\"https:\/\/www.facebook.com\/spanishcourses\" \/>\n<meta property=\"article:published_time\" content=\"2016-11-22T11:26:43+00:00\" \/>\n<meta property=\"article:modified_time\" content=\"2017-04-11T13:49:04+00:00\" \/>\n<meta property=\"og:image\" content=\"https:\/\/www.inmsol.com\/wp-content\/uploads\/2017\/03\/ES_CANT_CANT__San-Pedro-del-Romeral-001-02_Parque-Eolico-de-la-Pe__uca.jpg\" \/>\n\t<meta property=\"og:image:width\" content=\"490\" \/>\n\t<meta property=\"og:image:height\" content=\"392\" \/>\n\t<meta property=\"og:image:type\" content=\"image\/jpeg\" \/>\n<meta name=\"author\" content=\"- Instituto Mediterr\u00e1neo Sol\" \/>\n<meta name=\"twitter:label1\" content=\"Escrito por\" \/>\n\t<meta name=\"twitter:data1\" content=\"- Instituto Mediterr\u00e1neo Sol\" \/>\n\t<meta name=\"twitter:label2\" content=\"Tiempo de lectura\" \/>\n\t<meta name=\"twitter:data2\" content=\"1 minuto\" \/>\n<script type=\"application\/ld+json\" class=\"yoast-schema-graph\">{\"@context\":\"https:\\\/\\\/schema.org\",\"@graph\":[{\"@type\":\"Article\",\"@id\":\"https:\\\/\\\/www.inmsol.com\\\/es\\\/blog-escuela\\\/leyendas-granada\\\/la-leyenda-del-reloj-solar\\\/#article\",\"isPartOf\":{\"@id\":\"https:\\\/\\\/www.inmsol.com\\\/es\\\/blog-escuela\\\/leyendas-granada\\\/la-leyenda-del-reloj-solar\\\/\"},\"author\":{\"name\":\"- Instituto Mediterr\u00e1neo Sol\",\"@id\":\"https:\\\/\\\/www.inmsol.com\\\/es\\\/#\\\/schema\\\/person\\\/94a7a01d14a56d1fbc49c841ffc57fe9\"},\"headline\":\"La leyenda del Reloj Solar\",\"datePublished\":\"2016-11-22T11:26:43+00:00\",\"dateModified\":\"2017-04-11T13:49:04+00:00\",\"mainEntityOfPage\":{\"@id\":\"https:\\\/\\\/www.inmsol.com\\\/es\\\/blog-escuela\\\/leyendas-granada\\\/la-leyenda-del-reloj-solar\\\/\"},\"wordCount\":132,\"publisher\":{\"@id\":\"https:\\\/\\\/www.inmsol.com\\\/es\\\/#organization\"},\"image\":{\"@id\":\"https:\\\/\\\/www.inmsol.com\\\/es\\\/blog-escuela\\\/leyendas-granada\\\/la-leyenda-del-reloj-solar\\\/#primaryimage\"},\"thumbnailUrl\":\"https:\\\/\\\/www.inmsol.com\\\/wp-content\\\/uploads\\\/2017\\\/03\\\/ES_CANT_CANT__San-Pedro-del-Romeral-001-02_Parque-Eolico-de-la-Pe__uca.jpg\",\"articleSection\":[\"Leyendas de Granada\"],\"inLanguage\":\"es\"},{\"@type\":\"WebPage\",\"@id\":\"https:\\\/\\\/www.inmsol.com\\\/es\\\/blog-escuela\\\/leyendas-granada\\\/la-leyenda-del-reloj-solar\\\/\",\"url\":\"https:\\\/\\\/www.inmsol.com\\\/es\\\/blog-escuela\\\/leyendas-granada\\\/la-leyenda-del-reloj-solar\\\/\",\"name\":\"La leyenda del reloj solar\",\"isPartOf\":{\"@id\":\"https:\\\/\\\/www.inmsol.com\\\/es\\\/#website\"},\"primaryImageOfPage\":{\"@id\":\"https:\\\/\\\/www.inmsol.com\\\/es\\\/blog-escuela\\\/leyendas-granada\\\/la-leyenda-del-reloj-solar\\\/#primaryimage\"},\"image\":{\"@id\":\"https:\\\/\\\/www.inmsol.com\\\/es\\\/blog-escuela\\\/leyendas-granada\\\/la-leyenda-del-reloj-solar\\\/#primaryimage\"},\"thumbnailUrl\":\"https:\\\/\\\/www.inmsol.com\\\/wp-content\\\/uploads\\\/2017\\\/03\\\/ES_CANT_CANT__San-Pedro-del-Romeral-001-02_Parque-Eolico-de-la-Pe__uca.jpg\",\"datePublished\":\"2016-11-22T11:26:43+00:00\",\"dateModified\":\"2017-04-11T13:49:04+00:00\",\"description\":\"En previas publicaciones hemos contado varias leyendas sobre la Alhambra en Granada incluso la leyenda del paje y el halc\u00f3n o la leyenda del Patio de los leones. Hoy queremos compartir con vosotros la leyenda del reloj solar.\",\"breadcrumb\":{\"@id\":\"https:\\\/\\\/www.inmsol.com\\\/es\\\/blog-escuela\\\/leyendas-granada\\\/la-leyenda-del-reloj-solar\\\/#breadcrumb\"},\"inLanguage\":\"es\",\"potentialAction\":[{\"@type\":\"ReadAction\",\"target\":[\"https:\\\/\\\/www.inmsol.com\\\/es\\\/blog-escuela\\\/leyendas-granada\\\/la-leyenda-del-reloj-solar\\\/\"]}]},{\"@type\":\"ImageObject\",\"inLanguage\":\"es\",\"@id\":\"https:\\\/\\\/www.inmsol.com\\\/es\\\/blog-escuela\\\/leyendas-granada\\\/la-leyenda-del-reloj-solar\\\/#primaryimage\",\"url\":\"https:\\\/\\\/www.inmsol.com\\\/wp-content\\\/uploads\\\/2017\\\/03\\\/ES_CANT_CANT__San-Pedro-del-Romeral-001-02_Parque-Eolico-de-la-Pe__uca.jpg\",\"contentUrl\":\"https:\\\/\\\/www.inmsol.com\\\/wp-content\\\/uploads\\\/2017\\\/03\\\/ES_CANT_CANT__San-Pedro-del-Romeral-001-02_Parque-Eolico-de-la-Pe__uca.jpg\",\"width\":490,\"height\":392},{\"@type\":\"BreadcrumbList\",\"@id\":\"https:\\\/\\\/www.inmsol.com\\\/es\\\/blog-escuela\\\/leyendas-granada\\\/la-leyenda-del-reloj-solar\\\/#breadcrumb\",\"itemListElement\":[{\"@type\":\"ListItem\",\"position\":1,\"name\":\"Accredited Center by Instituto Cervantes\",\"item\":\"https:\\\/\\\/www.inmsol.com\\\/es\\\/pagina-ejemplo\\\/\"},{\"@type\":\"ListItem\",\"position\":2,\"name\":\"Blog Escuela Espa\u00f1ol\",\"item\":\"https:\\\/\\\/www.inmsol.com\\\/es\\\/category\\\/blog-escuela\\\/\"},{\"@type\":\"ListItem\",\"position\":3,\"name\":\"Leyendas de Granada\",\"item\":\"https:\\\/\\\/www.inmsol.com\\\/es\\\/category\\\/blog-escuela\\\/leyendas-granada\\\/\"},{\"@type\":\"ListItem\",\"position\":4,\"name\":\"La leyenda del Reloj Solar\"}]},{\"@type\":\"WebSite\",\"@id\":\"https:\\\/\\\/www.inmsol.com\\\/es\\\/#website\",\"url\":\"https:\\\/\\\/www.inmsol.com\\\/es\\\/\",\"name\":\"iNMSOL\",\"description\":\"Aprenda Espa\u00f1ol con iNMSOL en Granada | Centro Acreditado por el Instituto Cervantes\",\"publisher\":{\"@id\":\"https:\\\/\\\/www.inmsol.com\\\/es\\\/#organization\"},\"potentialAction\":[{\"@type\":\"SearchAction\",\"target\":{\"@type\":\"EntryPoint\",\"urlTemplate\":\"https:\\\/\\\/www.inmsol.com\\\/es\\\/?s={search_term_string}\"},\"query-input\":{\"@type\":\"PropertyValueSpecification\",\"valueRequired\":true,\"valueName\":\"search_term_string\"}}],\"inLanguage\":\"es\"},{\"@type\":\"Organization\",\"@id\":\"https:\\\/\\\/www.inmsol.com\\\/es\\\/#organization\",\"name\":\"Instituto Mediterr\u00e1neo Sol\",\"url\":\"https:\\\/\\\/www.inmsol.com\\\/es\\\/\",\"logo\":{\"@type\":\"ImageObject\",\"inLanguage\":\"es\",\"@id\":\"https:\\\/\\\/www.inmsol.com\\\/es\\\/#\\\/schema\\\/logo\\\/image\\\/\",\"url\":\"https:\\\/\\\/www.inmsol.com\\\/wp-content\\\/uploads\\\/2023\\\/06\\\/logo-inmsol-1.png\",\"contentUrl\":\"https:\\\/\\\/www.inmsol.com\\\/wp-content\\\/uploads\\\/2023\\\/06\\\/logo-inmsol-1.png\",\"width\":136,\"height\":73,\"caption\":\"Instituto Mediterr\u00e1neo Sol\"},\"image\":{\"@id\":\"https:\\\/\\\/www.inmsol.com\\\/es\\\/#\\\/schema\\\/logo\\\/image\\\/\"},\"sameAs\":[\"https:\\\/\\\/www.facebook.com\\\/spanishcourses\",\"https:\\\/\\\/x.com\\\/StudyInGranada\",\"http:\\\/\\\/instagram.com\\\/imsolgranada\",\"https:\\\/\\\/es.linkedin.com\\\/company\\\/imsol-granada\",\"https:\\\/\\\/www.pinterest.es\\\/inmsol\\\/\",\"https:\\\/\\\/www.youtube.com\\\/channel\\\/UChz-Qn_7coFMosY85iYMO4g\"]},{\"@type\":\"Person\",\"@id\":\"https:\\\/\\\/www.inmsol.com\\\/es\\\/#\\\/schema\\\/person\\\/94a7a01d14a56d1fbc49c841ffc57fe9\",\"name\":\"- Instituto Mediterr\u00e1neo Sol\",\"image\":{\"@type\":\"ImageObject\",\"inLanguage\":\"es\",\"@id\":\"https:\\\/\\\/secure.gravatar.com\\\/avatar\\\/5607fdabdf1b548b6095cc3d43079829bc1497403e70dd34004e7204a8fef62b?s=96&d=mm&r=g\",\"url\":\"https:\\\/\\\/secure.gravatar.com\\\/avatar\\\/5607fdabdf1b548b6095cc3d43079829bc1497403e70dd34004e7204a8fef62b?s=96&d=mm&r=g\",\"contentUrl\":\"https:\\\/\\\/secure.gravatar.com\\\/avatar\\\/5607fdabdf1b548b6095cc3d43079829bc1497403e70dd34004e7204a8fef62b?s=96&d=mm&r=g\",\"caption\":\"- Instituto Mediterr\u00e1neo Sol\"},\"url\":\"https:\\\/\\\/www.inmsol.com\\\/es\\\/author\\\/laura\\\/\"}]}<\/script>\n<!-- \/ Yoast SEO plugin. -->","yoast_head_json":{"title":"La leyenda del reloj solar","description":"En previas publicaciones hemos contado varias leyendas sobre la Alhambra en Granada incluso la leyenda del paje y el halc\u00f3n o la leyenda del Patio de los leones. Hoy queremos compartir con vosotros la leyenda del reloj solar.","robots":{"index":"index","follow":"follow","max-snippet":"max-snippet:-1","max-image-preview":"max-image-preview:large","max-video-preview":"max-video-preview:-1"},"canonical":"https:\/\/www.inmsol.com\/es\/blog-escuela\/leyendas-granada\/la-leyenda-del-reloj-solar\/","og_locale":"es_ES","og_type":"article","og_title":"La leyenda del reloj solar","og_description":"En previas publicaciones hemos contado varias leyendas sobre la Alhambra en Granada incluso la leyenda del paje y el halc\u00f3n o la leyenda del Patio de los leones. Hoy queremos compartir con vosotros la leyenda del reloj solar.","og_url":"https:\/\/www.inmsol.com\/es\/blog-escuela\/leyendas-granada\/la-leyenda-del-reloj-solar\/","og_site_name":"iNMSOL","article_publisher":"https:\/\/www.facebook.com\/spanishcourses","article_published_time":"2016-11-22T11:26:43+00:00","article_modified_time":"2017-04-11T13:49:04+00:00","og_image":[{"width":490,"height":392,"url":"https:\/\/www.inmsol.com\/wp-content\/uploads\/2017\/03\/ES_CANT_CANT__San-Pedro-del-Romeral-001-02_Parque-Eolico-de-la-Pe__uca.jpg","type":"image\/jpeg"}],"author":"- Instituto Mediterr\u00e1neo Sol","twitter_misc":{"Escrito por":"- Instituto Mediterr\u00e1neo Sol","Tiempo de lectura":"1 minuto"},"schema":{"@context":"https:\/\/schema.org","@graph":[{"@type":"Article","@id":"https:\/\/www.inmsol.com\/es\/blog-escuela\/leyendas-granada\/la-leyenda-del-reloj-solar\/#article","isPartOf":{"@id":"https:\/\/www.inmsol.com\/es\/blog-escuela\/leyendas-granada\/la-leyenda-del-reloj-solar\/"},"author":{"name":"- Instituto Mediterr\u00e1neo Sol","@id":"https:\/\/www.inmsol.com\/es\/#\/schema\/person\/94a7a01d14a56d1fbc49c841ffc57fe9"},"headline":"La leyenda del Reloj Solar","datePublished":"2016-11-22T11:26:43+00:00","dateModified":"2017-04-11T13:49:04+00:00","mainEntityOfPage":{"@id":"https:\/\/www.inmsol.com\/es\/blog-escuela\/leyendas-granada\/la-leyenda-del-reloj-solar\/"},"wordCount":132,"publisher":{"@id":"https:\/\/www.inmsol.com\/es\/#organization"},"image":{"@id":"https:\/\/www.inmsol.com\/es\/blog-escuela\/leyendas-granada\/la-leyenda-del-reloj-solar\/#primaryimage"},"thumbnailUrl":"https:\/\/www.inmsol.com\/wp-content\/uploads\/2017\/03\/ES_CANT_CANT__San-Pedro-del-Romeral-001-02_Parque-Eolico-de-la-Pe__uca.jpg","articleSection":["Leyendas de Granada"],"inLanguage":"es"},{"@type":"WebPage","@id":"https:\/\/www.inmsol.com\/es\/blog-escuela\/leyendas-granada\/la-leyenda-del-reloj-solar\/","url":"https:\/\/www.inmsol.com\/es\/blog-escuela\/leyendas-granada\/la-leyenda-del-reloj-solar\/","name":"La leyenda del reloj solar","isPartOf":{"@id":"https:\/\/www.inmsol.com\/es\/#website"},"primaryImageOfPage":{"@id":"https:\/\/www.inmsol.com\/es\/blog-escuela\/leyendas-granada\/la-leyenda-del-reloj-solar\/#primaryimage"},"image":{"@id":"https:\/\/www.inmsol.com\/es\/blog-escuela\/leyendas-granada\/la-leyenda-del-reloj-solar\/#primaryimage"},"thumbnailUrl":"https:\/\/www.inmsol.com\/wp-content\/uploads\/2017\/03\/ES_CANT_CANT__San-Pedro-del-Romeral-001-02_Parque-Eolico-de-la-Pe__uca.jpg","datePublished":"2016-11-22T11:26:43+00:00","dateModified":"2017-04-11T13:49:04+00:00","description":"En previas publicaciones hemos contado varias leyendas sobre la Alhambra en Granada incluso la leyenda del paje y el halc\u00f3n o la leyenda del Patio de los leones. Hoy queremos compartir con vosotros la leyenda del reloj solar.","breadcrumb":{"@id":"https:\/\/www.inmsol.com\/es\/blog-escuela\/leyendas-granada\/la-leyenda-del-reloj-solar\/#breadcrumb"},"inLanguage":"es","potentialAction":[{"@type":"ReadAction","target":["https:\/\/www.inmsol.com\/es\/blog-escuela\/leyendas-granada\/la-leyenda-del-reloj-solar\/"]}]},{"@type":"ImageObject","inLanguage":"es","@id":"https:\/\/www.inmsol.com\/es\/blog-escuela\/leyendas-granada\/la-leyenda-del-reloj-solar\/#primaryimage","url":"https:\/\/www.inmsol.com\/wp-content\/uploads\/2017\/03\/ES_CANT_CANT__San-Pedro-del-Romeral-001-02_Parque-Eolico-de-la-Pe__uca.jpg","contentUrl":"https:\/\/www.inmsol.com\/wp-content\/uploads\/2017\/03\/ES_CANT_CANT__San-Pedro-del-Romeral-001-02_Parque-Eolico-de-la-Pe__uca.jpg","width":490,"height":392},{"@type":"BreadcrumbList","@id":"https:\/\/www.inmsol.com\/es\/blog-escuela\/leyendas-granada\/la-leyenda-del-reloj-solar\/#breadcrumb","itemListElement":[{"@type":"ListItem","position":1,"name":"Accredited Center by Instituto Cervantes","item":"https:\/\/www.inmsol.com\/es\/pagina-ejemplo\/"},{"@type":"ListItem","position":2,"name":"Blog Escuela Espa\u00f1ol","item":"https:\/\/www.inmsol.com\/es\/category\/blog-escuela\/"},{"@type":"ListItem","position":3,"name":"Leyendas de Granada","item":"https:\/\/www.inmsol.com\/es\/category\/blog-escuela\/leyendas-granada\/"},{"@type":"ListItem","position":4,"name":"La leyenda del Reloj Solar"}]},{"@type":"WebSite","@id":"https:\/\/www.inmsol.com\/es\/#website","url":"https:\/\/www.inmsol.com\/es\/","name":"iNMSOL","description":"Aprenda Espa\u00f1ol con iNMSOL en Granada | Centro Acreditado por el Instituto Cervantes","publisher":{"@id":"https:\/\/www.inmsol.com\/es\/#organization"},"potentialAction":[{"@type":"SearchAction","target":{"@type":"EntryPoint","urlTemplate":"https:\/\/www.inmsol.com\/es\/?s={search_term_string}"},"query-input":{"@type":"PropertyValueSpecification","valueRequired":true,"valueName":"search_term_string"}}],"inLanguage":"es"},{"@type":"Organization","@id":"https:\/\/www.inmsol.com\/es\/#organization","name":"Instituto Mediterr\u00e1neo Sol","url":"https:\/\/www.inmsol.com\/es\/","logo":{"@type":"ImageObject","inLanguage":"es","@id":"https:\/\/www.inmsol.com\/es\/#\/schema\/logo\/image\/","url":"https:\/\/www.inmsol.com\/wp-content\/uploads\/2023\/06\/logo-inmsol-1.png","contentUrl":"https:\/\/www.inmsol.com\/wp-content\/uploads\/2023\/06\/logo-inmsol-1.png","width":136,"height":73,"caption":"Instituto Mediterr\u00e1neo Sol"},"image":{"@id":"https:\/\/www.inmsol.com\/es\/#\/schema\/logo\/image\/"},"sameAs":["https:\/\/www.facebook.com\/spanishcourses","https:\/\/x.com\/StudyInGranada","http:\/\/instagram.com\/imsolgranada","https:\/\/es.linkedin.com\/company\/imsol-granada","https:\/\/www.pinterest.es\/inmsol\/","https:\/\/www.youtube.com\/channel\/UChz-Qn_7coFMosY85iYMO4g"]},{"@type":"Person","@id":"https:\/\/www.inmsol.com\/es\/#\/schema\/person\/94a7a01d14a56d1fbc49c841ffc57fe9","name":"- Instituto Mediterr\u00e1neo Sol","image":{"@type":"ImageObject","inLanguage":"es","@id":"https:\/\/secure.gravatar.com\/avatar\/5607fdabdf1b548b6095cc3d43079829bc1497403e70dd34004e7204a8fef62b?s=96&d=mm&r=g","url":"https:\/\/secure.gravatar.com\/avatar\/5607fdabdf1b548b6095cc3d43079829bc1497403e70dd34004e7204a8fef62b?s=96&d=mm&r=g","contentUrl":"https:\/\/secure.gravatar.com\/avatar\/5607fdabdf1b548b6095cc3d43079829bc1497403e70dd34004e7204a8fef62b?s=96&d=mm&r=g","caption":"- Instituto Mediterr\u00e1neo Sol"},"url":"https:\/\/www.inmsol.com\/es\/author\/laura\/"}]}},"_links":{"self":[{"href":"https:\/\/www.inmsol.com\/es\/wp-json\/wp\/v2\/posts\/31349","targetHints":{"allow":["GET"]}}],"collection":[{"href":"https:\/\/www.inmsol.com\/es\/wp-json\/wp\/v2\/posts"}],"about":[{"href":"https:\/\/www.inmsol.com\/es\/wp-json\/wp\/v2\/types\/post"}],"author":[{"embeddable":true,"href":"https:\/\/www.inmsol.com\/es\/wp-json\/wp\/v2\/users\/3"}],"replies":[{"embeddable":true,"href":"https:\/\/www.inmsol.com\/es\/wp-json\/wp\/v2\/comments?post=31349"}],"version-history":[{"count":0,"href":"https:\/\/www.inmsol.com\/es\/wp-json\/wp\/v2\/posts\/31349\/revisions"}],"wp:featuredmedia":[{"embeddable":true,"href":"https:\/\/www.inmsol.com\/es\/wp-json\/wp\/v2\/media\/31368"}],"wp:attachment":[{"href":"https:\/\/www.inmsol.com\/es\/wp-json\/wp\/v2\/media?parent=31349"}],"wp:term":[{"taxonomy":"category","embeddable":true,"href":"https:\/\/www.inmsol.com\/es\/wp-json\/wp\/v2\/categories?post=31349"},{"taxonomy":"post_tag","embeddable":true,"href":"https:\/\/www.inmsol.com\/es\/wp-json\/wp\/v2\/tags?post=31349"}],"curies":[{"name":"wp","href":"https:\/\/api.w.org\/{rel}","templated":true}]}}