{"id":31548,"date":"2016-11-22T14:24:22","date_gmt":"2016-11-22T13:24:22","guid":{"rendered":"https:\/\/www.inmsol.com\/blog-escuela\/la-procesion-de-la-tarasca\/"},"modified":"2017-03-29T14:31:24","modified_gmt":"2017-03-29T12:31:24","slug":"la-procesion-de-la-tarasca","status":"publish","type":"post","link":"https:\/\/www.inmsol.com\/es\/blog-escuela\/eventos-granada\/la-procesion-de-la-tarasca\/","title":{"rendered":"La procesi\u00f3n de la Tarasca"},"content":{"rendered":"<p>La Tarasca es una celebraci\u00f3n del paganismo y la primera de la semana de procesiones de Corpus Cristi en Granada. Un modelo, que est\u00e1 vestido con ropa de la \u00faltima tendencia de moda, pasea por las calles en el centro de Granada en su drag\u00f3n, ofreciendo un espect\u00e1culo peculiar. Para los dise\u00f1adores de Granada es cada a\u00f1o un grande honor de ser capaz de vestir el modelo famoso de la ciudad, aunque no pasa a\u00f1o sin crear alguna controversia o diferentes tipos de cr\u00edtica.<\/p>\n<p>\u00bfSab\u00e9is la frase: \u201cest\u00e1s vestido peor que la Tarasca\u201d?<\/p>\n<p>La leyenda dice que la Tarasca era una creatura mitol\u00f3gica, un tipo de drag\u00f3n con seis pies similares de un oso, que vivi\u00f3 en la regi\u00f3n Tarascon de Francia. El monstruo aterroriza los pueblos y destruye sus casas y sus campos. EL ej\u00e9rcito de la ciudad trat\u00f3 muchas veces de matar el monstruo, pero nunca ten\u00eda \u00e9xito. Hasta un d\u00eda que una mujer, llamada Santa Mar\u00eda chantaje\u00f3 la bestia con sus oraciones, lo domestic\u00f3 y subi\u00f3 en ello. Los locales atacaron a la creatura, que se muri\u00f3. Gracias a ese hecho, mucha gente acept\u00f3 la religi\u00f3n de Santa Mar\u00eda, el cristianismo.<\/p>\n<p>En una procesi\u00f3n aut\u00e9ntica la Tarasca se presenta sobre un drag\u00f3n, acompa\u00f1ada de gigantes y cabezudos el mi\u00e9rcoles 25 de mayo a las 12.00h y el jueves como una parte de la procesi\u00f3n del sacramento.<\/p>\n<p>\u00a1Que no te pierdas la procesi\u00f3n ese a\u00f1o, si quieres estar en moda!<\/p>\n","protected":false},"excerpt":{"rendered":"<p>La Tarasca es una celebraci\u00f3n del paganismo y la primera de la semana de procesiones de Corpus Cristi en Granada. Un modelo, que est\u00e1 vestido con ropa de la \u00faltima tendencia de moda, pasea por las calles en el centro de Granada en su drag\u00f3n,&#8230;<\/p>\n","protected":false},"author":3,"featured_media":31550,"comment_status":"closed","ping_status":"closed","sticky":false,"template":"","format":"standard","meta":{"_acf_changed":false,"footnotes":""},"categories":[80],"tags":[],"class_list":["post-31548","post","type-post","status-publish","format-standard","has-post-thumbnail","hentry","category-eventos-granada"],"acf":[],"yoast_head":"<!-- This site is optimized with the Yoast SEO plugin v27.5 - https:\/\/yoast.com\/product\/yoast-seo-wordpress\/ -->\n<title>La procesi\u00f3n de la Tarasca<\/title>\n<meta name=\"description\" content=\"La Tarasca es una celebraci\u00f3n del paganismo y la primera de la semana de procesiones de Corpus Cristi en Granada. Un modelo, que est\u00e1 vestido con ropa de la \u00faltima tendencia de moda, pasea por las calles en el centro de Granada en su drag\u00f3n, ofreciendo un espect\u00e1culo peculiar.\" \/>\n<meta name=\"robots\" content=\"index, follow, max-snippet:-1, max-image-preview:large, max-video-preview:-1\" \/>\n<link rel=\"canonical\" href=\"https:\/\/www.inmsol.com\/es\/blog-escuela\/eventos-granada\/la-procesion-de-la-tarasca\/\" \/>\n<meta property=\"og:locale\" content=\"es_ES\" \/>\n<meta property=\"og:type\" content=\"article\" \/>\n<meta property=\"og:title\" content=\"La procesi\u00f3n de la Tarasca\" \/>\n<meta property=\"og:description\" content=\"La Tarasca es una celebraci\u00f3n del paganismo y la primera de la semana de procesiones de Corpus Cristi en Granada. Un modelo, que est\u00e1 vestido con ropa de la \u00faltima tendencia de moda, pasea por las calles en el centro de Granada en su drag\u00f3n, ofreciendo un espect\u00e1culo peculiar.\" \/>\n<meta property=\"og:url\" content=\"https:\/\/www.inmsol.com\/es\/blog-escuela\/eventos-granada\/la-procesion-de-la-tarasca\/\" \/>\n<meta property=\"og:site_name\" content=\"iNMSOL\" \/>\n<meta property=\"article:publisher\" content=\"https:\/\/www.facebook.com\/spanishcourses\" \/>\n<meta property=\"article:published_time\" content=\"2016-11-22T13:24:22+00:00\" \/>\n<meta property=\"article:modified_time\" content=\"2017-03-29T12:31:24+00:00\" \/>\n<meta property=\"og:image\" content=\"https:\/\/www.inmsol.com\/wp-content\/uploads\/2017\/03\/fotonoticia_20150603060134_800.jpg\" \/>\n\t<meta property=\"og:image:width\" content=\"612\" \/>\n\t<meta property=\"og:image:height\" content=\"816\" \/>\n\t<meta property=\"og:image:type\" content=\"image\/jpeg\" \/>\n<meta name=\"author\" content=\"- Instituto Mediterr\u00e1neo Sol\" \/>\n<meta name=\"twitter:label1\" content=\"Escrito por\" \/>\n\t<meta name=\"twitter:data1\" content=\"- Instituto Mediterr\u00e1neo Sol\" \/>\n\t<meta name=\"twitter:label2\" content=\"Tiempo de lectura\" \/>\n\t<meta name=\"twitter:data2\" content=\"1 minuto\" \/>\n<script type=\"application\/ld+json\" class=\"yoast-schema-graph\">{\"@context\":\"https:\\\/\\\/schema.org\",\"@graph\":[{\"@type\":\"Article\",\"@id\":\"https:\\\/\\\/www.inmsol.com\\\/es\\\/blog-escuela\\\/eventos-granada\\\/la-procesion-de-la-tarasca\\\/#article\",\"isPartOf\":{\"@id\":\"https:\\\/\\\/www.inmsol.com\\\/es\\\/blog-escuela\\\/eventos-granada\\\/la-procesion-de-la-tarasca\\\/\"},\"author\":{\"name\":\"- Instituto Mediterr\u00e1neo Sol\",\"@id\":\"https:\\\/\\\/www.inmsol.com\\\/es\\\/#\\\/schema\\\/person\\\/94a7a01d14a56d1fbc49c841ffc57fe9\"},\"headline\":\"La procesi\u00f3n de la Tarasca\",\"datePublished\":\"2016-11-22T13:24:22+00:00\",\"dateModified\":\"2017-03-29T12:31:24+00:00\",\"mainEntityOfPage\":{\"@id\":\"https:\\\/\\\/www.inmsol.com\\\/es\\\/blog-escuela\\\/eventos-granada\\\/la-procesion-de-la-tarasca\\\/\"},\"wordCount\":273,\"publisher\":{\"@id\":\"https:\\\/\\\/www.inmsol.com\\\/es\\\/#organization\"},\"image\":{\"@id\":\"https:\\\/\\\/www.inmsol.com\\\/es\\\/blog-escuela\\\/eventos-granada\\\/la-procesion-de-la-tarasca\\\/#primaryimage\"},\"thumbnailUrl\":\"https:\\\/\\\/www.inmsol.com\\\/wp-content\\\/uploads\\\/2017\\\/03\\\/fotonoticia_20150603060134_800.jpg\",\"articleSection\":[\"Eventos en Granada\"],\"inLanguage\":\"es\"},{\"@type\":\"WebPage\",\"@id\":\"https:\\\/\\\/www.inmsol.com\\\/es\\\/blog-escuela\\\/eventos-granada\\\/la-procesion-de-la-tarasca\\\/\",\"url\":\"https:\\\/\\\/www.inmsol.com\\\/es\\\/blog-escuela\\\/eventos-granada\\\/la-procesion-de-la-tarasca\\\/\",\"name\":\"La procesi\u00f3n de la Tarasca\",\"isPartOf\":{\"@id\":\"https:\\\/\\\/www.inmsol.com\\\/es\\\/#website\"},\"primaryImageOfPage\":{\"@id\":\"https:\\\/\\\/www.inmsol.com\\\/es\\\/blog-escuela\\\/eventos-granada\\\/la-procesion-de-la-tarasca\\\/#primaryimage\"},\"image\":{\"@id\":\"https:\\\/\\\/www.inmsol.com\\\/es\\\/blog-escuela\\\/eventos-granada\\\/la-procesion-de-la-tarasca\\\/#primaryimage\"},\"thumbnailUrl\":\"https:\\\/\\\/www.inmsol.com\\\/wp-content\\\/uploads\\\/2017\\\/03\\\/fotonoticia_20150603060134_800.jpg\",\"datePublished\":\"2016-11-22T13:24:22+00:00\",\"dateModified\":\"2017-03-29T12:31:24+00:00\",\"description\":\"La Tarasca es una celebraci\u00f3n del paganismo y la primera de la semana de procesiones de Corpus Cristi en Granada. Un modelo, que est\u00e1 vestido con ropa de la \u00faltima tendencia de moda, pasea por las calles en el centro de Granada en su drag\u00f3n, ofreciendo un espect\u00e1culo peculiar.\",\"breadcrumb\":{\"@id\":\"https:\\\/\\\/www.inmsol.com\\\/es\\\/blog-escuela\\\/eventos-granada\\\/la-procesion-de-la-tarasca\\\/#breadcrumb\"},\"inLanguage\":\"es\",\"potentialAction\":[{\"@type\":\"ReadAction\",\"target\":[\"https:\\\/\\\/www.inmsol.com\\\/es\\\/blog-escuela\\\/eventos-granada\\\/la-procesion-de-la-tarasca\\\/\"]}]},{\"@type\":\"ImageObject\",\"inLanguage\":\"es\",\"@id\":\"https:\\\/\\\/www.inmsol.com\\\/es\\\/blog-escuela\\\/eventos-granada\\\/la-procesion-de-la-tarasca\\\/#primaryimage\",\"url\":\"https:\\\/\\\/www.inmsol.com\\\/wp-content\\\/uploads\\\/2017\\\/03\\\/fotonoticia_20150603060134_800.jpg\",\"contentUrl\":\"https:\\\/\\\/www.inmsol.com\\\/wp-content\\\/uploads\\\/2017\\\/03\\\/fotonoticia_20150603060134_800.jpg\",\"width\":612,\"height\":816},{\"@type\":\"BreadcrumbList\",\"@id\":\"https:\\\/\\\/www.inmsol.com\\\/es\\\/blog-escuela\\\/eventos-granada\\\/la-procesion-de-la-tarasca\\\/#breadcrumb\",\"itemListElement\":[{\"@type\":\"ListItem\",\"position\":1,\"name\":\"Accredited Center by Instituto Cervantes\",\"item\":\"https:\\\/\\\/www.inmsol.com\\\/es\\\/pagina-ejemplo\\\/\"},{\"@type\":\"ListItem\",\"position\":2,\"name\":\"Blog Escuela Espa\u00f1ol\",\"item\":\"https:\\\/\\\/www.inmsol.com\\\/es\\\/category\\\/blog-escuela\\\/\"},{\"@type\":\"ListItem\",\"position\":3,\"name\":\"Eventos en Granada\",\"item\":\"https:\\\/\\\/www.inmsol.com\\\/es\\\/category\\\/blog-escuela\\\/eventos-granada\\\/\"},{\"@type\":\"ListItem\",\"position\":4,\"name\":\"La procesi\u00f3n de la Tarasca\"}]},{\"@type\":\"WebSite\",\"@id\":\"https:\\\/\\\/www.inmsol.com\\\/es\\\/#website\",\"url\":\"https:\\\/\\\/www.inmsol.com\\\/es\\\/\",\"name\":\"iNMSOL\",\"description\":\"Aprenda Espa\u00f1ol con iNMSOL en Granada | Centro Acreditado por el Instituto Cervantes\",\"publisher\":{\"@id\":\"https:\\\/\\\/www.inmsol.com\\\/es\\\/#organization\"},\"potentialAction\":[{\"@type\":\"SearchAction\",\"target\":{\"@type\":\"EntryPoint\",\"urlTemplate\":\"https:\\\/\\\/www.inmsol.com\\\/es\\\/?s={search_term_string}\"},\"query-input\":{\"@type\":\"PropertyValueSpecification\",\"valueRequired\":true,\"valueName\":\"search_term_string\"}}],\"inLanguage\":\"es\"},{\"@type\":\"Organization\",\"@id\":\"https:\\\/\\\/www.inmsol.com\\\/es\\\/#organization\",\"name\":\"Instituto Mediterr\u00e1neo Sol\",\"url\":\"https:\\\/\\\/www.inmsol.com\\\/es\\\/\",\"logo\":{\"@type\":\"ImageObject\",\"inLanguage\":\"es\",\"@id\":\"https:\\\/\\\/www.inmsol.com\\\/es\\\/#\\\/schema\\\/logo\\\/image\\\/\",\"url\":\"https:\\\/\\\/www.inmsol.com\\\/wp-content\\\/uploads\\\/2023\\\/06\\\/logo-inmsol-1.png\",\"contentUrl\":\"https:\\\/\\\/www.inmsol.com\\\/wp-content\\\/uploads\\\/2023\\\/06\\\/logo-inmsol-1.png\",\"width\":136,\"height\":73,\"caption\":\"Instituto Mediterr\u00e1neo Sol\"},\"image\":{\"@id\":\"https:\\\/\\\/www.inmsol.com\\\/es\\\/#\\\/schema\\\/logo\\\/image\\\/\"},\"sameAs\":[\"https:\\\/\\\/www.facebook.com\\\/spanishcourses\",\"https:\\\/\\\/x.com\\\/StudyInGranada\",\"http:\\\/\\\/instagram.com\\\/imsolgranada\",\"https:\\\/\\\/es.linkedin.com\\\/company\\\/imsol-granada\",\"https:\\\/\\\/www.pinterest.es\\\/inmsol\\\/\",\"https:\\\/\\\/www.youtube.com\\\/channel\\\/UChz-Qn_7coFMosY85iYMO4g\"]},{\"@type\":\"Person\",\"@id\":\"https:\\\/\\\/www.inmsol.com\\\/es\\\/#\\\/schema\\\/person\\\/94a7a01d14a56d1fbc49c841ffc57fe9\",\"name\":\"- Instituto Mediterr\u00e1neo Sol\",\"image\":{\"@type\":\"ImageObject\",\"inLanguage\":\"es\",\"@id\":\"https:\\\/\\\/secure.gravatar.com\\\/avatar\\\/5607fdabdf1b548b6095cc3d43079829bc1497403e70dd34004e7204a8fef62b?s=96&d=mm&r=g\",\"url\":\"https:\\\/\\\/secure.gravatar.com\\\/avatar\\\/5607fdabdf1b548b6095cc3d43079829bc1497403e70dd34004e7204a8fef62b?s=96&d=mm&r=g\",\"contentUrl\":\"https:\\\/\\\/secure.gravatar.com\\\/avatar\\\/5607fdabdf1b548b6095cc3d43079829bc1497403e70dd34004e7204a8fef62b?s=96&d=mm&r=g\",\"caption\":\"- Instituto Mediterr\u00e1neo Sol\"},\"url\":\"https:\\\/\\\/www.inmsol.com\\\/es\\\/author\\\/laura\\\/\"}]}<\/script>\n<!-- \/ Yoast SEO plugin. -->","yoast_head_json":{"title":"La procesi\u00f3n de la Tarasca","description":"La Tarasca es una celebraci\u00f3n del paganismo y la primera de la semana de procesiones de Corpus Cristi en Granada. Un modelo, que est\u00e1 vestido con ropa de la \u00faltima tendencia de moda, pasea por las calles en el centro de Granada en su drag\u00f3n, ofreciendo un espect\u00e1culo peculiar.","robots":{"index":"index","follow":"follow","max-snippet":"max-snippet:-1","max-image-preview":"max-image-preview:large","max-video-preview":"max-video-preview:-1"},"canonical":"https:\/\/www.inmsol.com\/es\/blog-escuela\/eventos-granada\/la-procesion-de-la-tarasca\/","og_locale":"es_ES","og_type":"article","og_title":"La procesi\u00f3n de la Tarasca","og_description":"La Tarasca es una celebraci\u00f3n del paganismo y la primera de la semana de procesiones de Corpus Cristi en Granada. Un modelo, que est\u00e1 vestido con ropa de la \u00faltima tendencia de moda, pasea por las calles en el centro de Granada en su drag\u00f3n, ofreciendo un espect\u00e1culo peculiar.","og_url":"https:\/\/www.inmsol.com\/es\/blog-escuela\/eventos-granada\/la-procesion-de-la-tarasca\/","og_site_name":"iNMSOL","article_publisher":"https:\/\/www.facebook.com\/spanishcourses","article_published_time":"2016-11-22T13:24:22+00:00","article_modified_time":"2017-03-29T12:31:24+00:00","og_image":[{"width":612,"height":816,"url":"https:\/\/www.inmsol.com\/wp-content\/uploads\/2017\/03\/fotonoticia_20150603060134_800.jpg","type":"image\/jpeg"}],"author":"- Instituto Mediterr\u00e1neo Sol","twitter_misc":{"Escrito por":"- Instituto Mediterr\u00e1neo Sol","Tiempo de lectura":"1 minuto"},"schema":{"@context":"https:\/\/schema.org","@graph":[{"@type":"Article","@id":"https:\/\/www.inmsol.com\/es\/blog-escuela\/eventos-granada\/la-procesion-de-la-tarasca\/#article","isPartOf":{"@id":"https:\/\/www.inmsol.com\/es\/blog-escuela\/eventos-granada\/la-procesion-de-la-tarasca\/"},"author":{"name":"- Instituto Mediterr\u00e1neo Sol","@id":"https:\/\/www.inmsol.com\/es\/#\/schema\/person\/94a7a01d14a56d1fbc49c841ffc57fe9"},"headline":"La procesi\u00f3n de la Tarasca","datePublished":"2016-11-22T13:24:22+00:00","dateModified":"2017-03-29T12:31:24+00:00","mainEntityOfPage":{"@id":"https:\/\/www.inmsol.com\/es\/blog-escuela\/eventos-granada\/la-procesion-de-la-tarasca\/"},"wordCount":273,"publisher":{"@id":"https:\/\/www.inmsol.com\/es\/#organization"},"image":{"@id":"https:\/\/www.inmsol.com\/es\/blog-escuela\/eventos-granada\/la-procesion-de-la-tarasca\/#primaryimage"},"thumbnailUrl":"https:\/\/www.inmsol.com\/wp-content\/uploads\/2017\/03\/fotonoticia_20150603060134_800.jpg","articleSection":["Eventos en Granada"],"inLanguage":"es"},{"@type":"WebPage","@id":"https:\/\/www.inmsol.com\/es\/blog-escuela\/eventos-granada\/la-procesion-de-la-tarasca\/","url":"https:\/\/www.inmsol.com\/es\/blog-escuela\/eventos-granada\/la-procesion-de-la-tarasca\/","name":"La procesi\u00f3n de la Tarasca","isPartOf":{"@id":"https:\/\/www.inmsol.com\/es\/#website"},"primaryImageOfPage":{"@id":"https:\/\/www.inmsol.com\/es\/blog-escuela\/eventos-granada\/la-procesion-de-la-tarasca\/#primaryimage"},"image":{"@id":"https:\/\/www.inmsol.com\/es\/blog-escuela\/eventos-granada\/la-procesion-de-la-tarasca\/#primaryimage"},"thumbnailUrl":"https:\/\/www.inmsol.com\/wp-content\/uploads\/2017\/03\/fotonoticia_20150603060134_800.jpg","datePublished":"2016-11-22T13:24:22+00:00","dateModified":"2017-03-29T12:31:24+00:00","description":"La Tarasca es una celebraci\u00f3n del paganismo y la primera de la semana de procesiones de Corpus Cristi en Granada. Un modelo, que est\u00e1 vestido con ropa de la \u00faltima tendencia de moda, pasea por las calles en el centro de Granada en su drag\u00f3n, ofreciendo un espect\u00e1culo peculiar.","breadcrumb":{"@id":"https:\/\/www.inmsol.com\/es\/blog-escuela\/eventos-granada\/la-procesion-de-la-tarasca\/#breadcrumb"},"inLanguage":"es","potentialAction":[{"@type":"ReadAction","target":["https:\/\/www.inmsol.com\/es\/blog-escuela\/eventos-granada\/la-procesion-de-la-tarasca\/"]}]},{"@type":"ImageObject","inLanguage":"es","@id":"https:\/\/www.inmsol.com\/es\/blog-escuela\/eventos-granada\/la-procesion-de-la-tarasca\/#primaryimage","url":"https:\/\/www.inmsol.com\/wp-content\/uploads\/2017\/03\/fotonoticia_20150603060134_800.jpg","contentUrl":"https:\/\/www.inmsol.com\/wp-content\/uploads\/2017\/03\/fotonoticia_20150603060134_800.jpg","width":612,"height":816},{"@type":"BreadcrumbList","@id":"https:\/\/www.inmsol.com\/es\/blog-escuela\/eventos-granada\/la-procesion-de-la-tarasca\/#breadcrumb","itemListElement":[{"@type":"ListItem","position":1,"name":"Accredited Center by Instituto Cervantes","item":"https:\/\/www.inmsol.com\/es\/pagina-ejemplo\/"},{"@type":"ListItem","position":2,"name":"Blog Escuela Espa\u00f1ol","item":"https:\/\/www.inmsol.com\/es\/category\/blog-escuela\/"},{"@type":"ListItem","position":3,"name":"Eventos en Granada","item":"https:\/\/www.inmsol.com\/es\/category\/blog-escuela\/eventos-granada\/"},{"@type":"ListItem","position":4,"name":"La procesi\u00f3n de la Tarasca"}]},{"@type":"WebSite","@id":"https:\/\/www.inmsol.com\/es\/#website","url":"https:\/\/www.inmsol.com\/es\/","name":"iNMSOL","description":"Aprenda Espa\u00f1ol con iNMSOL en Granada | Centro Acreditado por el Instituto Cervantes","publisher":{"@id":"https:\/\/www.inmsol.com\/es\/#organization"},"potentialAction":[{"@type":"SearchAction","target":{"@type":"EntryPoint","urlTemplate":"https:\/\/www.inmsol.com\/es\/?s={search_term_string}"},"query-input":{"@type":"PropertyValueSpecification","valueRequired":true,"valueName":"search_term_string"}}],"inLanguage":"es"},{"@type":"Organization","@id":"https:\/\/www.inmsol.com\/es\/#organization","name":"Instituto Mediterr\u00e1neo Sol","url":"https:\/\/www.inmsol.com\/es\/","logo":{"@type":"ImageObject","inLanguage":"es","@id":"https:\/\/www.inmsol.com\/es\/#\/schema\/logo\/image\/","url":"https:\/\/www.inmsol.com\/wp-content\/uploads\/2023\/06\/logo-inmsol-1.png","contentUrl":"https:\/\/www.inmsol.com\/wp-content\/uploads\/2023\/06\/logo-inmsol-1.png","width":136,"height":73,"caption":"Instituto Mediterr\u00e1neo Sol"},"image":{"@id":"https:\/\/www.inmsol.com\/es\/#\/schema\/logo\/image\/"},"sameAs":["https:\/\/www.facebook.com\/spanishcourses","https:\/\/x.com\/StudyInGranada","http:\/\/instagram.com\/imsolgranada","https:\/\/es.linkedin.com\/company\/imsol-granada","https:\/\/www.pinterest.es\/inmsol\/","https:\/\/www.youtube.com\/channel\/UChz-Qn_7coFMosY85iYMO4g"]},{"@type":"Person","@id":"https:\/\/www.inmsol.com\/es\/#\/schema\/person\/94a7a01d14a56d1fbc49c841ffc57fe9","name":"- Instituto Mediterr\u00e1neo Sol","image":{"@type":"ImageObject","inLanguage":"es","@id":"https:\/\/secure.gravatar.com\/avatar\/5607fdabdf1b548b6095cc3d43079829bc1497403e70dd34004e7204a8fef62b?s=96&d=mm&r=g","url":"https:\/\/secure.gravatar.com\/avatar\/5607fdabdf1b548b6095cc3d43079829bc1497403e70dd34004e7204a8fef62b?s=96&d=mm&r=g","contentUrl":"https:\/\/secure.gravatar.com\/avatar\/5607fdabdf1b548b6095cc3d43079829bc1497403e70dd34004e7204a8fef62b?s=96&d=mm&r=g","caption":"- Instituto Mediterr\u00e1neo Sol"},"url":"https:\/\/www.inmsol.com\/es\/author\/laura\/"}]}},"_links":{"self":[{"href":"https:\/\/www.inmsol.com\/es\/wp-json\/wp\/v2\/posts\/31548","targetHints":{"allow":["GET"]}}],"collection":[{"href":"https:\/\/www.inmsol.com\/es\/wp-json\/wp\/v2\/posts"}],"about":[{"href":"https:\/\/www.inmsol.com\/es\/wp-json\/wp\/v2\/types\/post"}],"author":[{"embeddable":true,"href":"https:\/\/www.inmsol.com\/es\/wp-json\/wp\/v2\/users\/3"}],"replies":[{"embeddable":true,"href":"https:\/\/www.inmsol.com\/es\/wp-json\/wp\/v2\/comments?post=31548"}],"version-history":[{"count":0,"href":"https:\/\/www.inmsol.com\/es\/wp-json\/wp\/v2\/posts\/31548\/revisions"}],"wp:featuredmedia":[{"embeddable":true,"href":"https:\/\/www.inmsol.com\/es\/wp-json\/wp\/v2\/media\/31550"}],"wp:attachment":[{"href":"https:\/\/www.inmsol.com\/es\/wp-json\/wp\/v2\/media?parent=31548"}],"wp:term":[{"taxonomy":"category","embeddable":true,"href":"https:\/\/www.inmsol.com\/es\/wp-json\/wp\/v2\/categories?post=31548"},{"taxonomy":"post_tag","embeddable":true,"href":"https:\/\/www.inmsol.com\/es\/wp-json\/wp\/v2\/tags?post=31548"}],"curies":[{"name":"wp","href":"https:\/\/api.w.org\/{rel}","templated":true}]}}