{"id":31759,"date":"2014-02-24T12:00:11","date_gmt":"2014-02-24T11:00:11","guid":{"rendered":"https:\/\/www.inmsol.com\/blog-escuela\/retroback-el-festival-internacional-de-peliculas-clasicas-en-granada\/"},"modified":"2017-04-06T12:23:16","modified_gmt":"2017-04-06T10:23:16","slug":"retroback-el-festival-internacional-de-peliculas-clasicas-en-granada","status":"publish","type":"post","link":"https:\/\/www.inmsol.com\/es\/blog-escuela\/eventos-granada\/retroback-el-festival-internacional-de-peliculas-clasicas-en-granada\/","title":{"rendered":"Retroback: El Festival Internacional de Pel\u00edculas Cl\u00e1sicas en Granada"},"content":{"rendered":"<p>El 22 de febrero, empez\u00f3 la <strong>VI edici\u00f3n del Festival Internacional de Pel\u00edculas Cl\u00e1sicas en Granada,<\/strong> que continu\u00f3 hasta el 2 de marzo.<\/p>\n<p>El Festival llamado <strong>Retroback<\/strong> empez\u00f3 su celebraci\u00f3n con una Gala de Apertura el mismo d\u00eda 22 a las 20.30 por la Orquestra Ciudad de Granada con un concierto de cine cl\u00e1sico.<\/p>\n<p>Como cada a\u00f1o, el OCG a\u00f1ade un toque de clase al festival. A diferencia de los \u00faltimos a\u00f1os, dar\u00e1 la bienvenida a Retroback con un repertorio de cine exquisito.<\/p>\n<p>El OCG actuar\u00e1 obras del primer periodo del cine cl\u00e1sico americano. La direcci\u00f3n m\u00fasica de los conciertos es por Jos\u00e9 Luis Estell\u00e9s, mientras la voz contando es Larissa Ramos, en la obra \u201cEl libro de la Selva\u201d.<\/p>\n<p>Despu\u00e9s de la gala empezar\u00e1n proyecciones cl\u00e1sicas como \u201cAll About Eve \u201c,\u201d The Night of the Iguana \u201cy\u201d Person\u201d. A lo largo del festival, cada d\u00eda ser\u00e1 un argumento diferente sobre las pel\u00edculas proyectadas: concretamente, categor\u00edas diferentes que cambiar\u00e1n d\u00eda tras d\u00eda.<\/p>\n<ul>\n<li>Celluloid Myths : Ava Gardner<\/li>\n<li>Tribute : Luis Bu\u00f1uel<\/li>\n<li>Black and white clasical films<\/li>\n<li>Black and white Fantasies<\/li>\n<li>Film noir<\/li>\n<li>Black and white new clasical films<\/li>\n<li>Europe in black and White<\/li>\n<\/ul>\n<p><img fetchpriority=\"high\" decoding=\"async\" class=\"alignright size-medium wp-image-2556\" src=\"https:\/\/www.inmsol.com\/wp-content\/uploads\/2014\/05\/cartel-retroback-2014-212x300.jpg\" alt=\"cartel retroback granada 2014\" width=\"212\" height=\"300\" srcset=\"https:\/\/www.inmsol.com\/wp-content\/uploads\/2014\/05\/cartel-retroback-2014-212x300.jpg 212w, https:\/\/www.inmsol.com\/wp-content\/uploads\/2014\/05\/cartel-retroback-2014-scaled-800x1131.jpg 800w, https:\/\/www.inmsol.com\/wp-content\/uploads\/2014\/05\/cartel-retroback-2014-scaled-64x91.jpg 64w, https:\/\/www.inmsol.com\/wp-content\/uploads\/2014\/05\/cartel-retroback-2014-724x1024.jpg 724w, https:\/\/www.inmsol.com\/wp-content\/uploads\/2014\/05\/cartel-retroback-2014-141x200.jpg 141w, https:\/\/www.inmsol.com\/wp-content\/uploads\/2014\/05\/cartel-retroback-2014-282x400.jpg 282w, https:\/\/www.inmsol.com\/wp-content\/uploads\/2014\/05\/cartel-retroback-2014-scaled.jpg 1810w\" sizes=\"(max-width: 212px) 100vw, 212px\" \/>As\u00ed que cada d\u00eda podemos ver las obras m\u00e1s renombradas y caracter\u00edsticas de cada categor\u00eda.<\/p>\n<p>Por ejemplo, de <strong>Luis Bu\u00f1uel \u201cUn Chien Andalou\u201d, \u201cThe Golden Age\u201d, \u201cTristana\u201d y de las pel\u00edculas de Ava Gardner \u201cCemetery Junction\u201d, \u201cOutlaws\u201d, \u201c55 Days at Peking\u201d, \u201cSeven Days in May\u201d<\/strong> etc. pasar\u00e1n y seguir\u00e1 as\u00ed para todas las categor\u00edas.<\/p>\n<p>Adem\u00e1s de todas las pel\u00edculas, puedes participar en actividades paralelas, como el concierto inaugural, que son eventos que complementan la exposici\u00f3n. Por ejemplo, ayer hubo, y tambi\u00e9n habr\u00e1 el domingo siguiente, la exposici\u00f3n de un ni\u00f1o a la m\u00fasica y las pel\u00edculas animadas cl\u00e1sicas junto a proyecciones de pel\u00edculas cortas de animados cl\u00e1sicos y composici\u00f3n de m\u00fasica en vivo de <strong>\u201cPotato Head Jazz Band\u201d,<\/strong> as\u00ed que se pueda ver caracteres notables, como Betty Boo, moviendo en el ritmo del mejor swing.<\/p>\n<p>En conclusi\u00f3n, el \u00faltimo d\u00eda en el teatro Isabel la Cat\u00f3lica, el festival se acabar\u00e1 con otras exposiciones de \u201cPotato Head Jazz Band\u201d, que viene en el \u201cFilm Noir\u201d y el swing de los a\u00f1os 20, en una tarde en blanco y negro. Se acompa\u00f1ar\u00e1n por los bailadores Xavier y Ariadne, campeones mundiales de Indy Hop.<\/p>\n<p><strong>\u00a1Disfruta ese programa extraordinario!<\/strong><\/p>\n","protected":false},"excerpt":{"rendered":"<p>El 22 de febrero, empez\u00f3 la VI edici\u00f3n del Festival Internacional de Pel\u00edculas Cl\u00e1sicas en Granada, que continu\u00f3 hasta el 2 de marzo. El Festival llamado Retroback empez\u00f3 su celebraci\u00f3n con una Gala de Apertura el mismo d\u00eda 22 a las 20.30 por la Orquestra&#8230;<\/p>\n","protected":false},"author":3,"featured_media":31543,"comment_status":"open","ping_status":"closed","sticky":false,"template":"","format":"standard","meta":{"_acf_changed":false,"footnotes":""},"categories":[80],"tags":[],"class_list":["post-31759","post","type-post","status-publish","format-standard","has-post-thumbnail","hentry","category-eventos-granada"],"acf":[],"yoast_head":"<!-- This site is optimized with the Yoast SEO plugin v27.4 - https:\/\/yoast.com\/product\/yoast-seo-wordpress\/ -->\n<title>Retroback: El Festival Internacional de Pel\u00edculas Cl\u00e1sicas en Granada<\/title>\n<meta name=\"description\" content=\"El 22 de febrero, empez\u00f3 la VI edici\u00f3n del Festival Internacional de Pel\u00edculas Cl\u00e1sicas en Granada, que continu\u00f3 hasta el 2 de marzo\" \/>\n<meta name=\"robots\" content=\"index, follow, max-snippet:-1, max-image-preview:large, max-video-preview:-1\" \/>\n<link rel=\"canonical\" href=\"https:\/\/www.inmsol.com\/es\/blog-escuela\/eventos-granada\/retroback-el-festival-internacional-de-peliculas-clasicas-en-granada\/\" \/>\n<meta property=\"og:locale\" content=\"es_ES\" \/>\n<meta property=\"og:type\" content=\"article\" \/>\n<meta property=\"og:title\" content=\"Retroback: El Festival Internacional de Pel\u00edculas Cl\u00e1sicas en Granada\" \/>\n<meta property=\"og:description\" content=\"El 22 de febrero, empez\u00f3 la VI edici\u00f3n del Festival Internacional de Pel\u00edculas Cl\u00e1sicas en Granada, que continu\u00f3 hasta el 2 de marzo\" \/>\n<meta property=\"og:url\" content=\"https:\/\/www.inmsol.com\/es\/blog-escuela\/eventos-granada\/retroback-el-festival-internacional-de-peliculas-clasicas-en-granada\/\" \/>\n<meta property=\"og:site_name\" content=\"iNMSOL\" \/>\n<meta property=\"article:publisher\" content=\"https:\/\/www.facebook.com\/spanishcourses\" \/>\n<meta property=\"article:published_time\" content=\"2014-02-24T11:00:11+00:00\" \/>\n<meta property=\"article:modified_time\" content=\"2017-04-06T10:23:16+00:00\" \/>\n<meta property=\"og:image\" content=\"https:\/\/www.inmsol.com\/wp-content\/uploads\/2017\/03\/1a0f55f9822d824dcede42e18ed4b4c8.jpg\" \/>\n\t<meta property=\"og:image:width\" content=\"236\" \/>\n\t<meta property=\"og:image:height\" content=\"338\" \/>\n\t<meta property=\"og:image:type\" content=\"image\/jpeg\" \/>\n<meta name=\"author\" content=\"- Instituto Mediterr\u00e1neo Sol\" \/>\n<meta name=\"twitter:label1\" content=\"Escrito por\" \/>\n\t<meta name=\"twitter:data1\" content=\"- Instituto Mediterr\u00e1neo Sol\" \/>\n\t<meta name=\"twitter:label2\" content=\"Tiempo de lectura\" \/>\n\t<meta name=\"twitter:data2\" content=\"2 minutos\" \/>\n<script type=\"application\/ld+json\" class=\"yoast-schema-graph\">{\"@context\":\"https:\\\/\\\/schema.org\",\"@graph\":[{\"@type\":\"Article\",\"@id\":\"https:\\\/\\\/www.inmsol.com\\\/es\\\/blog-escuela\\\/eventos-granada\\\/retroback-el-festival-internacional-de-peliculas-clasicas-en-granada\\\/#article\",\"isPartOf\":{\"@id\":\"https:\\\/\\\/www.inmsol.com\\\/es\\\/blog-escuela\\\/eventos-granada\\\/retroback-el-festival-internacional-de-peliculas-clasicas-en-granada\\\/\"},\"author\":{\"name\":\"- Instituto Mediterr\u00e1neo Sol\",\"@id\":\"https:\\\/\\\/www.inmsol.com\\\/es\\\/#\\\/schema\\\/person\\\/94a7a01d14a56d1fbc49c841ffc57fe9\"},\"headline\":\"Retroback: El Festival Internacional de Pel\u00edculas Cl\u00e1sicas en Granada\",\"datePublished\":\"2014-02-24T11:00:11+00:00\",\"dateModified\":\"2017-04-06T10:23:16+00:00\",\"mainEntityOfPage\":{\"@id\":\"https:\\\/\\\/www.inmsol.com\\\/es\\\/blog-escuela\\\/eventos-granada\\\/retroback-el-festival-internacional-de-peliculas-clasicas-en-granada\\\/\"},\"wordCount\":440,\"commentCount\":0,\"publisher\":{\"@id\":\"https:\\\/\\\/www.inmsol.com\\\/es\\\/#organization\"},\"image\":{\"@id\":\"https:\\\/\\\/www.inmsol.com\\\/es\\\/blog-escuela\\\/eventos-granada\\\/retroback-el-festival-internacional-de-peliculas-clasicas-en-granada\\\/#primaryimage\"},\"thumbnailUrl\":\"https:\\\/\\\/www.inmsol.com\\\/wp-content\\\/uploads\\\/2017\\\/03\\\/1a0f55f9822d824dcede42e18ed4b4c8.jpg\",\"articleSection\":[\"Eventos en Granada\"],\"inLanguage\":\"es\",\"potentialAction\":[{\"@type\":\"CommentAction\",\"name\":\"Comment\",\"target\":[\"https:\\\/\\\/www.inmsol.com\\\/es\\\/blog-escuela\\\/eventos-granada\\\/retroback-el-festival-internacional-de-peliculas-clasicas-en-granada\\\/#respond\"]}]},{\"@type\":\"WebPage\",\"@id\":\"https:\\\/\\\/www.inmsol.com\\\/es\\\/blog-escuela\\\/eventos-granada\\\/retroback-el-festival-internacional-de-peliculas-clasicas-en-granada\\\/\",\"url\":\"https:\\\/\\\/www.inmsol.com\\\/es\\\/blog-escuela\\\/eventos-granada\\\/retroback-el-festival-internacional-de-peliculas-clasicas-en-granada\\\/\",\"name\":\"Retroback: El Festival Internacional de Pel\u00edculas Cl\u00e1sicas en Granada\",\"isPartOf\":{\"@id\":\"https:\\\/\\\/www.inmsol.com\\\/es\\\/#website\"},\"primaryImageOfPage\":{\"@id\":\"https:\\\/\\\/www.inmsol.com\\\/es\\\/blog-escuela\\\/eventos-granada\\\/retroback-el-festival-internacional-de-peliculas-clasicas-en-granada\\\/#primaryimage\"},\"image\":{\"@id\":\"https:\\\/\\\/www.inmsol.com\\\/es\\\/blog-escuela\\\/eventos-granada\\\/retroback-el-festival-internacional-de-peliculas-clasicas-en-granada\\\/#primaryimage\"},\"thumbnailUrl\":\"https:\\\/\\\/www.inmsol.com\\\/wp-content\\\/uploads\\\/2017\\\/03\\\/1a0f55f9822d824dcede42e18ed4b4c8.jpg\",\"datePublished\":\"2014-02-24T11:00:11+00:00\",\"dateModified\":\"2017-04-06T10:23:16+00:00\",\"description\":\"El 22 de febrero, empez\u00f3 la VI edici\u00f3n del Festival Internacional de Pel\u00edculas Cl\u00e1sicas en Granada, que continu\u00f3 hasta el 2 de marzo\",\"breadcrumb\":{\"@id\":\"https:\\\/\\\/www.inmsol.com\\\/es\\\/blog-escuela\\\/eventos-granada\\\/retroback-el-festival-internacional-de-peliculas-clasicas-en-granada\\\/#breadcrumb\"},\"inLanguage\":\"es\",\"potentialAction\":[{\"@type\":\"ReadAction\",\"target\":[\"https:\\\/\\\/www.inmsol.com\\\/es\\\/blog-escuela\\\/eventos-granada\\\/retroback-el-festival-internacional-de-peliculas-clasicas-en-granada\\\/\"]}]},{\"@type\":\"ImageObject\",\"inLanguage\":\"es\",\"@id\":\"https:\\\/\\\/www.inmsol.com\\\/es\\\/blog-escuela\\\/eventos-granada\\\/retroback-el-festival-internacional-de-peliculas-clasicas-en-granada\\\/#primaryimage\",\"url\":\"https:\\\/\\\/www.inmsol.com\\\/wp-content\\\/uploads\\\/2017\\\/03\\\/1a0f55f9822d824dcede42e18ed4b4c8.jpg\",\"contentUrl\":\"https:\\\/\\\/www.inmsol.com\\\/wp-content\\\/uploads\\\/2017\\\/03\\\/1a0f55f9822d824dcede42e18ed4b4c8.jpg\",\"width\":236,\"height\":338},{\"@type\":\"BreadcrumbList\",\"@id\":\"https:\\\/\\\/www.inmsol.com\\\/es\\\/blog-escuela\\\/eventos-granada\\\/retroback-el-festival-internacional-de-peliculas-clasicas-en-granada\\\/#breadcrumb\",\"itemListElement\":[{\"@type\":\"ListItem\",\"position\":1,\"name\":\"Accredited Center by Instituto Cervantes\",\"item\":\"https:\\\/\\\/www.inmsol.com\\\/es\\\/pagina-ejemplo\\\/\"},{\"@type\":\"ListItem\",\"position\":2,\"name\":\"Blog Escuela Espa\u00f1ol\",\"item\":\"https:\\\/\\\/www.inmsol.com\\\/es\\\/category\\\/blog-escuela\\\/\"},{\"@type\":\"ListItem\",\"position\":3,\"name\":\"Eventos en Granada\",\"item\":\"https:\\\/\\\/www.inmsol.com\\\/es\\\/category\\\/blog-escuela\\\/eventos-granada\\\/\"},{\"@type\":\"ListItem\",\"position\":4,\"name\":\"Retroback: El Festival Internacional de Pel\u00edculas Cl\u00e1sicas en Granada\"}]},{\"@type\":\"WebSite\",\"@id\":\"https:\\\/\\\/www.inmsol.com\\\/es\\\/#website\",\"url\":\"https:\\\/\\\/www.inmsol.com\\\/es\\\/\",\"name\":\"iNMSOL\",\"description\":\"Aprenda Espa\u00f1ol con iNMSOL en Granada | Centro Acreditado por el Instituto Cervantes\",\"publisher\":{\"@id\":\"https:\\\/\\\/www.inmsol.com\\\/es\\\/#organization\"},\"potentialAction\":[{\"@type\":\"SearchAction\",\"target\":{\"@type\":\"EntryPoint\",\"urlTemplate\":\"https:\\\/\\\/www.inmsol.com\\\/es\\\/?s={search_term_string}\"},\"query-input\":{\"@type\":\"PropertyValueSpecification\",\"valueRequired\":true,\"valueName\":\"search_term_string\"}}],\"inLanguage\":\"es\"},{\"@type\":\"Organization\",\"@id\":\"https:\\\/\\\/www.inmsol.com\\\/es\\\/#organization\",\"name\":\"Instituto Mediterr\u00e1neo Sol\",\"url\":\"https:\\\/\\\/www.inmsol.com\\\/es\\\/\",\"logo\":{\"@type\":\"ImageObject\",\"inLanguage\":\"es\",\"@id\":\"https:\\\/\\\/www.inmsol.com\\\/es\\\/#\\\/schema\\\/logo\\\/image\\\/\",\"url\":\"https:\\\/\\\/www.inmsol.com\\\/wp-content\\\/uploads\\\/2023\\\/06\\\/logo-inmsol-1.png\",\"contentUrl\":\"https:\\\/\\\/www.inmsol.com\\\/wp-content\\\/uploads\\\/2023\\\/06\\\/logo-inmsol-1.png\",\"width\":136,\"height\":73,\"caption\":\"Instituto Mediterr\u00e1neo Sol\"},\"image\":{\"@id\":\"https:\\\/\\\/www.inmsol.com\\\/es\\\/#\\\/schema\\\/logo\\\/image\\\/\"},\"sameAs\":[\"https:\\\/\\\/www.facebook.com\\\/spanishcourses\",\"https:\\\/\\\/x.com\\\/StudyInGranada\",\"http:\\\/\\\/instagram.com\\\/imsolgranada\",\"https:\\\/\\\/es.linkedin.com\\\/company\\\/imsol-granada\",\"https:\\\/\\\/www.pinterest.es\\\/inmsol\\\/\",\"https:\\\/\\\/www.youtube.com\\\/channel\\\/UChz-Qn_7coFMosY85iYMO4g\"]},{\"@type\":\"Person\",\"@id\":\"https:\\\/\\\/www.inmsol.com\\\/es\\\/#\\\/schema\\\/person\\\/94a7a01d14a56d1fbc49c841ffc57fe9\",\"name\":\"- Instituto Mediterr\u00e1neo Sol\",\"image\":{\"@type\":\"ImageObject\",\"inLanguage\":\"es\",\"@id\":\"https:\\\/\\\/secure.gravatar.com\\\/avatar\\\/5607fdabdf1b548b6095cc3d43079829bc1497403e70dd34004e7204a8fef62b?s=96&d=mm&r=g\",\"url\":\"https:\\\/\\\/secure.gravatar.com\\\/avatar\\\/5607fdabdf1b548b6095cc3d43079829bc1497403e70dd34004e7204a8fef62b?s=96&d=mm&r=g\",\"contentUrl\":\"https:\\\/\\\/secure.gravatar.com\\\/avatar\\\/5607fdabdf1b548b6095cc3d43079829bc1497403e70dd34004e7204a8fef62b?s=96&d=mm&r=g\",\"caption\":\"- Instituto Mediterr\u00e1neo Sol\"},\"url\":\"https:\\\/\\\/www.inmsol.com\\\/es\\\/author\\\/laura\\\/\"}]}<\/script>\n<!-- \/ Yoast SEO plugin. -->","yoast_head_json":{"title":"Retroback: El Festival Internacional de Pel\u00edculas Cl\u00e1sicas en Granada","description":"El 22 de febrero, empez\u00f3 la VI edici\u00f3n del Festival Internacional de Pel\u00edculas Cl\u00e1sicas en Granada, que continu\u00f3 hasta el 2 de marzo","robots":{"index":"index","follow":"follow","max-snippet":"max-snippet:-1","max-image-preview":"max-image-preview:large","max-video-preview":"max-video-preview:-1"},"canonical":"https:\/\/www.inmsol.com\/es\/blog-escuela\/eventos-granada\/retroback-el-festival-internacional-de-peliculas-clasicas-en-granada\/","og_locale":"es_ES","og_type":"article","og_title":"Retroback: El Festival Internacional de Pel\u00edculas Cl\u00e1sicas en Granada","og_description":"El 22 de febrero, empez\u00f3 la VI edici\u00f3n del Festival Internacional de Pel\u00edculas Cl\u00e1sicas en Granada, que continu\u00f3 hasta el 2 de marzo","og_url":"https:\/\/www.inmsol.com\/es\/blog-escuela\/eventos-granada\/retroback-el-festival-internacional-de-peliculas-clasicas-en-granada\/","og_site_name":"iNMSOL","article_publisher":"https:\/\/www.facebook.com\/spanishcourses","article_published_time":"2014-02-24T11:00:11+00:00","article_modified_time":"2017-04-06T10:23:16+00:00","og_image":[{"width":236,"height":338,"url":"https:\/\/www.inmsol.com\/wp-content\/uploads\/2017\/03\/1a0f55f9822d824dcede42e18ed4b4c8.jpg","type":"image\/jpeg"}],"author":"- Instituto Mediterr\u00e1neo Sol","twitter_misc":{"Escrito por":"- Instituto Mediterr\u00e1neo Sol","Tiempo de lectura":"2 minutos"},"schema":{"@context":"https:\/\/schema.org","@graph":[{"@type":"Article","@id":"https:\/\/www.inmsol.com\/es\/blog-escuela\/eventos-granada\/retroback-el-festival-internacional-de-peliculas-clasicas-en-granada\/#article","isPartOf":{"@id":"https:\/\/www.inmsol.com\/es\/blog-escuela\/eventos-granada\/retroback-el-festival-internacional-de-peliculas-clasicas-en-granada\/"},"author":{"name":"- Instituto Mediterr\u00e1neo Sol","@id":"https:\/\/www.inmsol.com\/es\/#\/schema\/person\/94a7a01d14a56d1fbc49c841ffc57fe9"},"headline":"Retroback: El Festival Internacional de Pel\u00edculas Cl\u00e1sicas en Granada","datePublished":"2014-02-24T11:00:11+00:00","dateModified":"2017-04-06T10:23:16+00:00","mainEntityOfPage":{"@id":"https:\/\/www.inmsol.com\/es\/blog-escuela\/eventos-granada\/retroback-el-festival-internacional-de-peliculas-clasicas-en-granada\/"},"wordCount":440,"commentCount":0,"publisher":{"@id":"https:\/\/www.inmsol.com\/es\/#organization"},"image":{"@id":"https:\/\/www.inmsol.com\/es\/blog-escuela\/eventos-granada\/retroback-el-festival-internacional-de-peliculas-clasicas-en-granada\/#primaryimage"},"thumbnailUrl":"https:\/\/www.inmsol.com\/wp-content\/uploads\/2017\/03\/1a0f55f9822d824dcede42e18ed4b4c8.jpg","articleSection":["Eventos en Granada"],"inLanguage":"es","potentialAction":[{"@type":"CommentAction","name":"Comment","target":["https:\/\/www.inmsol.com\/es\/blog-escuela\/eventos-granada\/retroback-el-festival-internacional-de-peliculas-clasicas-en-granada\/#respond"]}]},{"@type":"WebPage","@id":"https:\/\/www.inmsol.com\/es\/blog-escuela\/eventos-granada\/retroback-el-festival-internacional-de-peliculas-clasicas-en-granada\/","url":"https:\/\/www.inmsol.com\/es\/blog-escuela\/eventos-granada\/retroback-el-festival-internacional-de-peliculas-clasicas-en-granada\/","name":"Retroback: El Festival Internacional de Pel\u00edculas Cl\u00e1sicas en Granada","isPartOf":{"@id":"https:\/\/www.inmsol.com\/es\/#website"},"primaryImageOfPage":{"@id":"https:\/\/www.inmsol.com\/es\/blog-escuela\/eventos-granada\/retroback-el-festival-internacional-de-peliculas-clasicas-en-granada\/#primaryimage"},"image":{"@id":"https:\/\/www.inmsol.com\/es\/blog-escuela\/eventos-granada\/retroback-el-festival-internacional-de-peliculas-clasicas-en-granada\/#primaryimage"},"thumbnailUrl":"https:\/\/www.inmsol.com\/wp-content\/uploads\/2017\/03\/1a0f55f9822d824dcede42e18ed4b4c8.jpg","datePublished":"2014-02-24T11:00:11+00:00","dateModified":"2017-04-06T10:23:16+00:00","description":"El 22 de febrero, empez\u00f3 la VI edici\u00f3n del Festival Internacional de Pel\u00edculas Cl\u00e1sicas en Granada, que continu\u00f3 hasta el 2 de marzo","breadcrumb":{"@id":"https:\/\/www.inmsol.com\/es\/blog-escuela\/eventos-granada\/retroback-el-festival-internacional-de-peliculas-clasicas-en-granada\/#breadcrumb"},"inLanguage":"es","potentialAction":[{"@type":"ReadAction","target":["https:\/\/www.inmsol.com\/es\/blog-escuela\/eventos-granada\/retroback-el-festival-internacional-de-peliculas-clasicas-en-granada\/"]}]},{"@type":"ImageObject","inLanguage":"es","@id":"https:\/\/www.inmsol.com\/es\/blog-escuela\/eventos-granada\/retroback-el-festival-internacional-de-peliculas-clasicas-en-granada\/#primaryimage","url":"https:\/\/www.inmsol.com\/wp-content\/uploads\/2017\/03\/1a0f55f9822d824dcede42e18ed4b4c8.jpg","contentUrl":"https:\/\/www.inmsol.com\/wp-content\/uploads\/2017\/03\/1a0f55f9822d824dcede42e18ed4b4c8.jpg","width":236,"height":338},{"@type":"BreadcrumbList","@id":"https:\/\/www.inmsol.com\/es\/blog-escuela\/eventos-granada\/retroback-el-festival-internacional-de-peliculas-clasicas-en-granada\/#breadcrumb","itemListElement":[{"@type":"ListItem","position":1,"name":"Accredited Center by Instituto Cervantes","item":"https:\/\/www.inmsol.com\/es\/pagina-ejemplo\/"},{"@type":"ListItem","position":2,"name":"Blog Escuela Espa\u00f1ol","item":"https:\/\/www.inmsol.com\/es\/category\/blog-escuela\/"},{"@type":"ListItem","position":3,"name":"Eventos en Granada","item":"https:\/\/www.inmsol.com\/es\/category\/blog-escuela\/eventos-granada\/"},{"@type":"ListItem","position":4,"name":"Retroback: El Festival Internacional de Pel\u00edculas Cl\u00e1sicas en Granada"}]},{"@type":"WebSite","@id":"https:\/\/www.inmsol.com\/es\/#website","url":"https:\/\/www.inmsol.com\/es\/","name":"iNMSOL","description":"Aprenda Espa\u00f1ol con iNMSOL en Granada | Centro Acreditado por el Instituto Cervantes","publisher":{"@id":"https:\/\/www.inmsol.com\/es\/#organization"},"potentialAction":[{"@type":"SearchAction","target":{"@type":"EntryPoint","urlTemplate":"https:\/\/www.inmsol.com\/es\/?s={search_term_string}"},"query-input":{"@type":"PropertyValueSpecification","valueRequired":true,"valueName":"search_term_string"}}],"inLanguage":"es"},{"@type":"Organization","@id":"https:\/\/www.inmsol.com\/es\/#organization","name":"Instituto Mediterr\u00e1neo Sol","url":"https:\/\/www.inmsol.com\/es\/","logo":{"@type":"ImageObject","inLanguage":"es","@id":"https:\/\/www.inmsol.com\/es\/#\/schema\/logo\/image\/","url":"https:\/\/www.inmsol.com\/wp-content\/uploads\/2023\/06\/logo-inmsol-1.png","contentUrl":"https:\/\/www.inmsol.com\/wp-content\/uploads\/2023\/06\/logo-inmsol-1.png","width":136,"height":73,"caption":"Instituto Mediterr\u00e1neo Sol"},"image":{"@id":"https:\/\/www.inmsol.com\/es\/#\/schema\/logo\/image\/"},"sameAs":["https:\/\/www.facebook.com\/spanishcourses","https:\/\/x.com\/StudyInGranada","http:\/\/instagram.com\/imsolgranada","https:\/\/es.linkedin.com\/company\/imsol-granada","https:\/\/www.pinterest.es\/inmsol\/","https:\/\/www.youtube.com\/channel\/UChz-Qn_7coFMosY85iYMO4g"]},{"@type":"Person","@id":"https:\/\/www.inmsol.com\/es\/#\/schema\/person\/94a7a01d14a56d1fbc49c841ffc57fe9","name":"- Instituto Mediterr\u00e1neo Sol","image":{"@type":"ImageObject","inLanguage":"es","@id":"https:\/\/secure.gravatar.com\/avatar\/5607fdabdf1b548b6095cc3d43079829bc1497403e70dd34004e7204a8fef62b?s=96&d=mm&r=g","url":"https:\/\/secure.gravatar.com\/avatar\/5607fdabdf1b548b6095cc3d43079829bc1497403e70dd34004e7204a8fef62b?s=96&d=mm&r=g","contentUrl":"https:\/\/secure.gravatar.com\/avatar\/5607fdabdf1b548b6095cc3d43079829bc1497403e70dd34004e7204a8fef62b?s=96&d=mm&r=g","caption":"- Instituto Mediterr\u00e1neo Sol"},"url":"https:\/\/www.inmsol.com\/es\/author\/laura\/"}]}},"_links":{"self":[{"href":"https:\/\/www.inmsol.com\/es\/wp-json\/wp\/v2\/posts\/31759","targetHints":{"allow":["GET"]}}],"collection":[{"href":"https:\/\/www.inmsol.com\/es\/wp-json\/wp\/v2\/posts"}],"about":[{"href":"https:\/\/www.inmsol.com\/es\/wp-json\/wp\/v2\/types\/post"}],"author":[{"embeddable":true,"href":"https:\/\/www.inmsol.com\/es\/wp-json\/wp\/v2\/users\/3"}],"replies":[{"embeddable":true,"href":"https:\/\/www.inmsol.com\/es\/wp-json\/wp\/v2\/comments?post=31759"}],"version-history":[{"count":0,"href":"https:\/\/www.inmsol.com\/es\/wp-json\/wp\/v2\/posts\/31759\/revisions"}],"wp:featuredmedia":[{"embeddable":true,"href":"https:\/\/www.inmsol.com\/es\/wp-json\/wp\/v2\/media\/31543"}],"wp:attachment":[{"href":"https:\/\/www.inmsol.com\/es\/wp-json\/wp\/v2\/media?parent=31759"}],"wp:term":[{"taxonomy":"category","embeddable":true,"href":"https:\/\/www.inmsol.com\/es\/wp-json\/wp\/v2\/categories?post=31759"},{"taxonomy":"post_tag","embeddable":true,"href":"https:\/\/www.inmsol.com\/es\/wp-json\/wp\/v2\/tags?post=31759"}],"curies":[{"name":"wp","href":"https:\/\/api.w.org\/{rel}","templated":true}]}}