{"id":31945,"date":"2012-06-25T11:47:43","date_gmt":"2012-06-25T09:47:43","guid":{"rendered":"https:\/\/www.inmsol.com\/blog-escuela\/cine-de-verano-en-el-sacromonte\/"},"modified":"2019-04-23T23:34:02","modified_gmt":"2019-04-23T21:34:02","slug":"cine-de-verano-en-el-sacromonte","status":"publish","type":"post","link":"https:\/\/www.inmsol.com\/es\/blog-escuela\/eventos-granada\/cine-de-verano-en-el-sacromonte\/","title":{"rendered":"Cine de verano en el Sacromonte"},"content":{"rendered":"<p>Por medio del cine recorreremos los cinco continentes, conoceremos y compartiremos nuevos paisajes ,culturas, religiones y m\u00fasicas con un hilo conductor:\u00a0 las relaciones humanas.\u00a0 CINE GLOBAL.<\/p>\n<p>Cine actual con premios en festivales y reconocimiento internacional, con escasa o nula distribuci\u00f3n en los circuitos comerciales, pel\u00edculas de: Espa\u00f1a, M\u00e9xico, Reino Unido, Argentina, EEUU, Canad\u00e1, Francia, Egipto, Brasil, Finlandia, Australia T\u00fanez etc\u2026<br \/>\nApostamos por un cine de calidad y actual que nos aporte otras visiones sobre la realidad cultural y social de los pa\u00edses donde se realiza sin renunciar al entretenimiento y disfrute.<\/p>\n<p>Todo ello en el Sacromonte bajo la luna y las estrellas.<\/p>\n<p>Este es ya nuestro decimo aniversario y hemos ampliado los d\u00edas de proyecci\u00f3n.<br \/>\nComo todos los a\u00f1os <strong>proyectaremos los martes y jueves de todo el mes y tambi\u00e9n dos mi\u00e9rcoles( 4 y 25 de Julio) y dos jueves (6 y 27 de julio).<br \/>\nLa proyecci\u00f3n comienza a las 22h y el precio es 3\u20ac <\/strong><\/p>\n<p><strong>Lugar: Centro de Interpretaci\u00f3n del Sacromonte<\/strong><\/p>\n<p><strong><u>PR\u00d3XIMA PEL\u00cdCULA: 3 DE JULIO DE 2012<\/u><\/strong><\/p>\n<p><strong><em>Un cuento chino\u00a0\u00a0\u00a0<\/em><\/strong><br \/>\nArgentina 2011<\/p>\n<p>DIRECTOR,GUI\u00d3N Sebasti\u00e1n Borensztein<br \/>\nM\u00daSICA Lucio Godoy\u00a0\u00a0\u00a0\u00a0\u00a0\u00a0\u00a0\u00a0\u00a0\u00a0\u00a0\u00a0\u00a0\u00a0\u00a0\u00a0\u00a0\u00a0\u00a0\u00a0\u00a0\u00a0\u00a0\u00a0\u00a0\u00a0\u00a0\u00a0\u00a0\u00a0\u00a0\u00a0\u00a0\u00a0\u00a0\u00a0\u00a0\u00a0\u00a0\u00a0\u00a0\u00a0\u00a0\u00a0\u00a0\u00a0\u00a0\u00a0\u00a0\u00a0\u00a0\u00a0\u00a0\u00a0\u00a0\u00a0\u00a0\u00a0\u00a0\u00a0\u00a0\u00a0\u00a0\u00a0\u00a0\u00a0\u00a0\u00a0\u00a0\u00a0\u00a0\u00a0\u00a0\u00a0\u00a0\u00a0\u00a0\u00a0\u00a0\u00a0\u00a0\u00a0\u00a0\u00a0\u00a0\u00a0\u00a0\u00a0\u00a0\u00a0\u00a0\u00a0\u00a0\u00a0\u00a0\u00a0\u00a0\u00a0\u00a0\u00a0\u00a0\u00a0\u00a0\u00a0\u00a0\u00a0\u00a0\u00a0\u00a0 FOTOGRAF\u00cdA Rolo Pulpeiro<\/p>\n<p>Roberto, un mani\u00e1tico ferretero, coleccionista de historias curiosas que recorta de los peri\u00f3dicos, sin darse cuenta, acabar\u00e1 formando parte de una de ellas, cuando un joven chino, Jun, llega a su vida de repente, desde la puerta trasera de un taxi. Un cuento chino es una comedia profunda, emotiva, con altas dosis de humor negro, que narra el encuentro fortuito entre Roberto (Ricardo Dar\u00edn) y un chino llamado Jun (el actor Huang Sheng Huang) que deambula perdido por la ciudad de Buenos Aires<\/p>\n<p>La pel\u00edcula comienza en Fucheng, China Jun y su novia est\u00e1n en un bote en el lago. Cuando Jun se dispone a buscar los anillos para proponerle matrimonio, cae una vaca del cielo que se estrella contra el bote, matando a su novia. Despu\u00e9s conocemos la historia de Roberto un ferretero malhumorado que tiene un fr\u00edo contacto con el mundo que lo rodea. Tiene una vida mon\u00f3tona y pasa el d\u00eda coleccionando noticias ins\u00f3litas del mundo.Un d\u00eda Roberto se topa con Jun cerca del aeropuerto cuando \u00e9ste es arrojado de un taxi. Jun, que s\u00f3lo habla su idioma materno, tiene una direcci\u00f3n escrita en el brazo y Roberto, aunque no entiende chino, decide llevarlo en su autom\u00f3vil<\/p>\n<ul>\n<li>Festival de Roma: Mejor pel\u00edcula, premio del p\u00fablico.<\/li>\n<li>Goya a la mejor pel\u00edcula iberoamericana<\/li>\n<\/ul>\n<div style=\"width: 520px\" class=\"wp-caption alignnone\"><img fetchpriority=\"high\" decoding=\"async\" src=\"https:\/\/www.inmsol.com\/wp-content\/files\/unCuentoChino.jpg\" width=\"510\" height=\"383\" \/><p class=\"wp-caption-text\">align=none<\/p><\/div>\n","protected":false},"excerpt":{"rendered":"<p>Por medio del cine recorreremos los cinco continentes, conoceremos y compartiremos nuevos paisajes ,culturas, religiones y m\u00fasicas con un hilo conductor:\u00a0 las relaciones humanas.\u00a0 CINE GLOBAL. Cine actual con premios en festivales y reconocimiento internacional, con escasa o nula distribuci\u00f3n en los circuitos comerciales, pel\u00edculas&#8230;<\/p>\n","protected":false},"author":2,"featured_media":0,"comment_status":"closed","ping_status":"closed","sticky":false,"template":"","format":"standard","meta":{"_acf_changed":false,"footnotes":""},"categories":[80],"tags":[],"class_list":["post-31945","post","type-post","status-publish","format-standard","hentry","category-eventos-granada"],"acf":[],"yoast_head":"<!-- This site is optimized with the Yoast SEO plugin v27.5 - https:\/\/yoast.com\/product\/yoast-seo-wordpress\/ -->\n<title>Cine de verano en el Sacromonte | INMSOL<\/title>\n<meta name=\"description\" content=\"Cine en el Sacromonte\" \/>\n<meta name=\"robots\" content=\"index, follow, max-snippet:-1, max-image-preview:large, max-video-preview:-1\" \/>\n<link rel=\"canonical\" href=\"https:\/\/www.inmsol.com\/es\/blog-escuela\/eventos-granada\/cine-de-verano-en-el-sacromonte\/\" \/>\n<meta property=\"og:locale\" content=\"es_ES\" \/>\n<meta property=\"og:type\" content=\"article\" \/>\n<meta property=\"og:title\" content=\"Cine de verano en el Sacromonte | INMSOL\" \/>\n<meta property=\"og:description\" content=\"Cine en el Sacromonte\" \/>\n<meta property=\"og:url\" content=\"https:\/\/www.inmsol.com\/es\/blog-escuela\/eventos-granada\/cine-de-verano-en-el-sacromonte\/\" \/>\n<meta property=\"og:site_name\" content=\"iNMSOL\" \/>\n<meta property=\"article:publisher\" content=\"https:\/\/www.facebook.com\/spanishcourses\" \/>\n<meta property=\"article:published_time\" content=\"2012-06-25T09:47:43+00:00\" \/>\n<meta property=\"article:modified_time\" content=\"2019-04-23T21:34:02+00:00\" \/>\n<meta property=\"og:image\" content=\"https:\/\/www.inmsol.com\/wp-content\/files\/unCuentoChino.jpg\" \/>\n<meta name=\"author\" content=\"Javier Torres\" \/>\n<meta name=\"twitter:label1\" content=\"Escrito por\" \/>\n\t<meta name=\"twitter:data1\" content=\"Javier Torres\" \/>\n\t<meta name=\"twitter:label2\" content=\"Tiempo de lectura\" \/>\n\t<meta name=\"twitter:data2\" content=\"2 minutos\" \/>\n<script type=\"application\/ld+json\" class=\"yoast-schema-graph\">{\"@context\":\"https:\\\/\\\/schema.org\",\"@graph\":[{\"@type\":\"Article\",\"@id\":\"https:\\\/\\\/www.inmsol.com\\\/es\\\/blog-escuela\\\/eventos-granada\\\/cine-de-verano-en-el-sacromonte\\\/#article\",\"isPartOf\":{\"@id\":\"https:\\\/\\\/www.inmsol.com\\\/es\\\/blog-escuela\\\/eventos-granada\\\/cine-de-verano-en-el-sacromonte\\\/\"},\"author\":{\"name\":\"Javier Torres\",\"@id\":\"https:\\\/\\\/www.inmsol.com\\\/es\\\/#\\\/schema\\\/person\\\/18f18acd0397ef441e373e79ec3eb6ea\"},\"headline\":\"Cine de verano en el Sacromonte\",\"datePublished\":\"2012-06-25T09:47:43+00:00\",\"dateModified\":\"2019-04-23T21:34:02+00:00\",\"mainEntityOfPage\":{\"@id\":\"https:\\\/\\\/www.inmsol.com\\\/es\\\/blog-escuela\\\/eventos-granada\\\/cine-de-verano-en-el-sacromonte\\\/\"},\"wordCount\":442,\"publisher\":{\"@id\":\"https:\\\/\\\/www.inmsol.com\\\/es\\\/#organization\"},\"image\":{\"@id\":\"https:\\\/\\\/www.inmsol.com\\\/es\\\/blog-escuela\\\/eventos-granada\\\/cine-de-verano-en-el-sacromonte\\\/#primaryimage\"},\"thumbnailUrl\":\"https:\\\/\\\/www.inmsol.com\\\/wp-content\\\/files\\\/unCuentoChino.jpg\",\"articleSection\":[\"Eventos en Granada\"],\"inLanguage\":\"es\"},{\"@type\":\"WebPage\",\"@id\":\"https:\\\/\\\/www.inmsol.com\\\/es\\\/blog-escuela\\\/eventos-granada\\\/cine-de-verano-en-el-sacromonte\\\/\",\"url\":\"https:\\\/\\\/www.inmsol.com\\\/es\\\/blog-escuela\\\/eventos-granada\\\/cine-de-verano-en-el-sacromonte\\\/\",\"name\":\"Cine de verano en el Sacromonte | INMSOL\",\"isPartOf\":{\"@id\":\"https:\\\/\\\/www.inmsol.com\\\/es\\\/#website\"},\"primaryImageOfPage\":{\"@id\":\"https:\\\/\\\/www.inmsol.com\\\/es\\\/blog-escuela\\\/eventos-granada\\\/cine-de-verano-en-el-sacromonte\\\/#primaryimage\"},\"image\":{\"@id\":\"https:\\\/\\\/www.inmsol.com\\\/es\\\/blog-escuela\\\/eventos-granada\\\/cine-de-verano-en-el-sacromonte\\\/#primaryimage\"},\"thumbnailUrl\":\"https:\\\/\\\/www.inmsol.com\\\/wp-content\\\/files\\\/unCuentoChino.jpg\",\"datePublished\":\"2012-06-25T09:47:43+00:00\",\"dateModified\":\"2019-04-23T21:34:02+00:00\",\"description\":\"Cine en el Sacromonte\",\"breadcrumb\":{\"@id\":\"https:\\\/\\\/www.inmsol.com\\\/es\\\/blog-escuela\\\/eventos-granada\\\/cine-de-verano-en-el-sacromonte\\\/#breadcrumb\"},\"inLanguage\":\"es\",\"potentialAction\":[{\"@type\":\"ReadAction\",\"target\":[\"https:\\\/\\\/www.inmsol.com\\\/es\\\/blog-escuela\\\/eventos-granada\\\/cine-de-verano-en-el-sacromonte\\\/\"]}]},{\"@type\":\"ImageObject\",\"inLanguage\":\"es\",\"@id\":\"https:\\\/\\\/www.inmsol.com\\\/es\\\/blog-escuela\\\/eventos-granada\\\/cine-de-verano-en-el-sacromonte\\\/#primaryimage\",\"url\":\"https:\\\/\\\/www.inmsol.com\\\/wp-content\\\/files\\\/unCuentoChino.jpg\",\"contentUrl\":\"https:\\\/\\\/www.inmsol.com\\\/wp-content\\\/files\\\/unCuentoChino.jpg\"},{\"@type\":\"BreadcrumbList\",\"@id\":\"https:\\\/\\\/www.inmsol.com\\\/es\\\/blog-escuela\\\/eventos-granada\\\/cine-de-verano-en-el-sacromonte\\\/#breadcrumb\",\"itemListElement\":[{\"@type\":\"ListItem\",\"position\":1,\"name\":\"Accredited Center by Instituto Cervantes\",\"item\":\"https:\\\/\\\/www.inmsol.com\\\/es\\\/pagina-ejemplo\\\/\"},{\"@type\":\"ListItem\",\"position\":2,\"name\":\"Blog Escuela Espa\u00f1ol\",\"item\":\"https:\\\/\\\/www.inmsol.com\\\/es\\\/category\\\/blog-escuela\\\/\"},{\"@type\":\"ListItem\",\"position\":3,\"name\":\"Eventos en Granada\",\"item\":\"https:\\\/\\\/www.inmsol.com\\\/es\\\/category\\\/blog-escuela\\\/eventos-granada\\\/\"},{\"@type\":\"ListItem\",\"position\":4,\"name\":\"Cine de verano en el Sacromonte\"}]},{\"@type\":\"WebSite\",\"@id\":\"https:\\\/\\\/www.inmsol.com\\\/es\\\/#website\",\"url\":\"https:\\\/\\\/www.inmsol.com\\\/es\\\/\",\"name\":\"iNMSOL\",\"description\":\"Aprenda Espa\u00f1ol con iNMSOL en Granada | Centro Acreditado por el Instituto Cervantes\",\"publisher\":{\"@id\":\"https:\\\/\\\/www.inmsol.com\\\/es\\\/#organization\"},\"potentialAction\":[{\"@type\":\"SearchAction\",\"target\":{\"@type\":\"EntryPoint\",\"urlTemplate\":\"https:\\\/\\\/www.inmsol.com\\\/es\\\/?s={search_term_string}\"},\"query-input\":{\"@type\":\"PropertyValueSpecification\",\"valueRequired\":true,\"valueName\":\"search_term_string\"}}],\"inLanguage\":\"es\"},{\"@type\":\"Organization\",\"@id\":\"https:\\\/\\\/www.inmsol.com\\\/es\\\/#organization\",\"name\":\"Instituto Mediterr\u00e1neo Sol\",\"url\":\"https:\\\/\\\/www.inmsol.com\\\/es\\\/\",\"logo\":{\"@type\":\"ImageObject\",\"inLanguage\":\"es\",\"@id\":\"https:\\\/\\\/www.inmsol.com\\\/es\\\/#\\\/schema\\\/logo\\\/image\\\/\",\"url\":\"https:\\\/\\\/www.inmsol.com\\\/wp-content\\\/uploads\\\/2023\\\/06\\\/logo-inmsol-1.png\",\"contentUrl\":\"https:\\\/\\\/www.inmsol.com\\\/wp-content\\\/uploads\\\/2023\\\/06\\\/logo-inmsol-1.png\",\"width\":136,\"height\":73,\"caption\":\"Instituto Mediterr\u00e1neo Sol\"},\"image\":{\"@id\":\"https:\\\/\\\/www.inmsol.com\\\/es\\\/#\\\/schema\\\/logo\\\/image\\\/\"},\"sameAs\":[\"https:\\\/\\\/www.facebook.com\\\/spanishcourses\",\"https:\\\/\\\/x.com\\\/StudyInGranada\",\"http:\\\/\\\/instagram.com\\\/imsolgranada\",\"https:\\\/\\\/es.linkedin.com\\\/company\\\/imsol-granada\",\"https:\\\/\\\/www.pinterest.es\\\/inmsol\\\/\",\"https:\\\/\\\/www.youtube.com\\\/channel\\\/UChz-Qn_7coFMosY85iYMO4g\"]},{\"@type\":\"Person\",\"@id\":\"https:\\\/\\\/www.inmsol.com\\\/es\\\/#\\\/schema\\\/person\\\/18f18acd0397ef441e373e79ec3eb6ea\",\"name\":\"Javier Torres\",\"image\":{\"@type\":\"ImageObject\",\"inLanguage\":\"es\",\"@id\":\"https:\\\/\\\/secure.gravatar.com\\\/avatar\\\/90afa2d6499550218d247408758082af566e5ec3641e1b8eac0d7bb889344a55?s=96&d=mm&r=g\",\"url\":\"https:\\\/\\\/secure.gravatar.com\\\/avatar\\\/90afa2d6499550218d247408758082af566e5ec3641e1b8eac0d7bb889344a55?s=96&d=mm&r=g\",\"contentUrl\":\"https:\\\/\\\/secure.gravatar.com\\\/avatar\\\/90afa2d6499550218d247408758082af566e5ec3641e1b8eac0d7bb889344a55?s=96&d=mm&r=g\",\"caption\":\"Javier Torres\"},\"url\":\"https:\\\/\\\/www.inmsol.com\\\/es\\\/author\\\/javier\\\/\"}]}<\/script>\n<!-- \/ Yoast SEO plugin. -->","yoast_head_json":{"title":"Cine de verano en el Sacromonte | INMSOL","description":"Cine en el Sacromonte","robots":{"index":"index","follow":"follow","max-snippet":"max-snippet:-1","max-image-preview":"max-image-preview:large","max-video-preview":"max-video-preview:-1"},"canonical":"https:\/\/www.inmsol.com\/es\/blog-escuela\/eventos-granada\/cine-de-verano-en-el-sacromonte\/","og_locale":"es_ES","og_type":"article","og_title":"Cine de verano en el Sacromonte | INMSOL","og_description":"Cine en el Sacromonte","og_url":"https:\/\/www.inmsol.com\/es\/blog-escuela\/eventos-granada\/cine-de-verano-en-el-sacromonte\/","og_site_name":"iNMSOL","article_publisher":"https:\/\/www.facebook.com\/spanishcourses","article_published_time":"2012-06-25T09:47:43+00:00","article_modified_time":"2019-04-23T21:34:02+00:00","og_image":[{"url":"https:\/\/www.inmsol.com\/wp-content\/files\/unCuentoChino.jpg","type":"","width":"","height":""}],"author":"Javier Torres","twitter_misc":{"Escrito por":"Javier Torres","Tiempo de lectura":"2 minutos"},"schema":{"@context":"https:\/\/schema.org","@graph":[{"@type":"Article","@id":"https:\/\/www.inmsol.com\/es\/blog-escuela\/eventos-granada\/cine-de-verano-en-el-sacromonte\/#article","isPartOf":{"@id":"https:\/\/www.inmsol.com\/es\/blog-escuela\/eventos-granada\/cine-de-verano-en-el-sacromonte\/"},"author":{"name":"Javier Torres","@id":"https:\/\/www.inmsol.com\/es\/#\/schema\/person\/18f18acd0397ef441e373e79ec3eb6ea"},"headline":"Cine de verano en el Sacromonte","datePublished":"2012-06-25T09:47:43+00:00","dateModified":"2019-04-23T21:34:02+00:00","mainEntityOfPage":{"@id":"https:\/\/www.inmsol.com\/es\/blog-escuela\/eventos-granada\/cine-de-verano-en-el-sacromonte\/"},"wordCount":442,"publisher":{"@id":"https:\/\/www.inmsol.com\/es\/#organization"},"image":{"@id":"https:\/\/www.inmsol.com\/es\/blog-escuela\/eventos-granada\/cine-de-verano-en-el-sacromonte\/#primaryimage"},"thumbnailUrl":"https:\/\/www.inmsol.com\/wp-content\/files\/unCuentoChino.jpg","articleSection":["Eventos en Granada"],"inLanguage":"es"},{"@type":"WebPage","@id":"https:\/\/www.inmsol.com\/es\/blog-escuela\/eventos-granada\/cine-de-verano-en-el-sacromonte\/","url":"https:\/\/www.inmsol.com\/es\/blog-escuela\/eventos-granada\/cine-de-verano-en-el-sacromonte\/","name":"Cine de verano en el Sacromonte | INMSOL","isPartOf":{"@id":"https:\/\/www.inmsol.com\/es\/#website"},"primaryImageOfPage":{"@id":"https:\/\/www.inmsol.com\/es\/blog-escuela\/eventos-granada\/cine-de-verano-en-el-sacromonte\/#primaryimage"},"image":{"@id":"https:\/\/www.inmsol.com\/es\/blog-escuela\/eventos-granada\/cine-de-verano-en-el-sacromonte\/#primaryimage"},"thumbnailUrl":"https:\/\/www.inmsol.com\/wp-content\/files\/unCuentoChino.jpg","datePublished":"2012-06-25T09:47:43+00:00","dateModified":"2019-04-23T21:34:02+00:00","description":"Cine en el Sacromonte","breadcrumb":{"@id":"https:\/\/www.inmsol.com\/es\/blog-escuela\/eventos-granada\/cine-de-verano-en-el-sacromonte\/#breadcrumb"},"inLanguage":"es","potentialAction":[{"@type":"ReadAction","target":["https:\/\/www.inmsol.com\/es\/blog-escuela\/eventos-granada\/cine-de-verano-en-el-sacromonte\/"]}]},{"@type":"ImageObject","inLanguage":"es","@id":"https:\/\/www.inmsol.com\/es\/blog-escuela\/eventos-granada\/cine-de-verano-en-el-sacromonte\/#primaryimage","url":"https:\/\/www.inmsol.com\/wp-content\/files\/unCuentoChino.jpg","contentUrl":"https:\/\/www.inmsol.com\/wp-content\/files\/unCuentoChino.jpg"},{"@type":"BreadcrumbList","@id":"https:\/\/www.inmsol.com\/es\/blog-escuela\/eventos-granada\/cine-de-verano-en-el-sacromonte\/#breadcrumb","itemListElement":[{"@type":"ListItem","position":1,"name":"Accredited Center by Instituto Cervantes","item":"https:\/\/www.inmsol.com\/es\/pagina-ejemplo\/"},{"@type":"ListItem","position":2,"name":"Blog Escuela Espa\u00f1ol","item":"https:\/\/www.inmsol.com\/es\/category\/blog-escuela\/"},{"@type":"ListItem","position":3,"name":"Eventos en Granada","item":"https:\/\/www.inmsol.com\/es\/category\/blog-escuela\/eventos-granada\/"},{"@type":"ListItem","position":4,"name":"Cine de verano en el Sacromonte"}]},{"@type":"WebSite","@id":"https:\/\/www.inmsol.com\/es\/#website","url":"https:\/\/www.inmsol.com\/es\/","name":"iNMSOL","description":"Aprenda Espa\u00f1ol con iNMSOL en Granada | Centro Acreditado por el Instituto Cervantes","publisher":{"@id":"https:\/\/www.inmsol.com\/es\/#organization"},"potentialAction":[{"@type":"SearchAction","target":{"@type":"EntryPoint","urlTemplate":"https:\/\/www.inmsol.com\/es\/?s={search_term_string}"},"query-input":{"@type":"PropertyValueSpecification","valueRequired":true,"valueName":"search_term_string"}}],"inLanguage":"es"},{"@type":"Organization","@id":"https:\/\/www.inmsol.com\/es\/#organization","name":"Instituto Mediterr\u00e1neo Sol","url":"https:\/\/www.inmsol.com\/es\/","logo":{"@type":"ImageObject","inLanguage":"es","@id":"https:\/\/www.inmsol.com\/es\/#\/schema\/logo\/image\/","url":"https:\/\/www.inmsol.com\/wp-content\/uploads\/2023\/06\/logo-inmsol-1.png","contentUrl":"https:\/\/www.inmsol.com\/wp-content\/uploads\/2023\/06\/logo-inmsol-1.png","width":136,"height":73,"caption":"Instituto Mediterr\u00e1neo Sol"},"image":{"@id":"https:\/\/www.inmsol.com\/es\/#\/schema\/logo\/image\/"},"sameAs":["https:\/\/www.facebook.com\/spanishcourses","https:\/\/x.com\/StudyInGranada","http:\/\/instagram.com\/imsolgranada","https:\/\/es.linkedin.com\/company\/imsol-granada","https:\/\/www.pinterest.es\/inmsol\/","https:\/\/www.youtube.com\/channel\/UChz-Qn_7coFMosY85iYMO4g"]},{"@type":"Person","@id":"https:\/\/www.inmsol.com\/es\/#\/schema\/person\/18f18acd0397ef441e373e79ec3eb6ea","name":"Javier Torres","image":{"@type":"ImageObject","inLanguage":"es","@id":"https:\/\/secure.gravatar.com\/avatar\/90afa2d6499550218d247408758082af566e5ec3641e1b8eac0d7bb889344a55?s=96&d=mm&r=g","url":"https:\/\/secure.gravatar.com\/avatar\/90afa2d6499550218d247408758082af566e5ec3641e1b8eac0d7bb889344a55?s=96&d=mm&r=g","contentUrl":"https:\/\/secure.gravatar.com\/avatar\/90afa2d6499550218d247408758082af566e5ec3641e1b8eac0d7bb889344a55?s=96&d=mm&r=g","caption":"Javier Torres"},"url":"https:\/\/www.inmsol.com\/es\/author\/javier\/"}]}},"_links":{"self":[{"href":"https:\/\/www.inmsol.com\/es\/wp-json\/wp\/v2\/posts\/31945","targetHints":{"allow":["GET"]}}],"collection":[{"href":"https:\/\/www.inmsol.com\/es\/wp-json\/wp\/v2\/posts"}],"about":[{"href":"https:\/\/www.inmsol.com\/es\/wp-json\/wp\/v2\/types\/post"}],"author":[{"embeddable":true,"href":"https:\/\/www.inmsol.com\/es\/wp-json\/wp\/v2\/users\/2"}],"replies":[{"embeddable":true,"href":"https:\/\/www.inmsol.com\/es\/wp-json\/wp\/v2\/comments?post=31945"}],"version-history":[{"count":0,"href":"https:\/\/www.inmsol.com\/es\/wp-json\/wp\/v2\/posts\/31945\/revisions"}],"wp:attachment":[{"href":"https:\/\/www.inmsol.com\/es\/wp-json\/wp\/v2\/media?parent=31945"}],"wp:term":[{"taxonomy":"category","embeddable":true,"href":"https:\/\/www.inmsol.com\/es\/wp-json\/wp\/v2\/categories?post=31945"},{"taxonomy":"post_tag","embeddable":true,"href":"https:\/\/www.inmsol.com\/es\/wp-json\/wp\/v2\/tags?post=31945"}],"curies":[{"name":"wp","href":"https:\/\/api.w.org\/{rel}","templated":true}]}}