{"id":32424,"date":"2017-06-23T12:47:21","date_gmt":"2017-06-23T10:47:21","guid":{"rendered":"https:\/\/www.inmsol.com\/?p=32424\/"},"modified":"2019-04-23T11:53:47","modified_gmt":"2019-04-23T09:53:47","slug":"han-empezado-los-cursos-de-adolescentes","status":"publish","type":"post","link":"https:\/\/www.inmsol.com\/es\/blog-escuela\/noticias\/han-empezado-los-cursos-de-adolescentes\/","title":{"rendered":"\u00a1Han empezado los cursos de adolescentes!"},"content":{"rendered":"<p><strong><img fetchpriority=\"high\" decoding=\"async\" class=\"alignleft size-medium wp-image-32429\" src=\"https:\/\/www.inmsol.com\/wp-content\/uploads\/2017\/06\/dsc_0377-447x300.jpg\" alt=\"\" width=\"447\" height=\"300\" srcset=\"https:\/\/www.inmsol.com\/wp-content\/uploads\/2017\/06\/dsc_0377-447x300.jpg 447w, https:\/\/www.inmsol.com\/wp-content\/uploads\/2017\/06\/dsc_0377-800x537.jpg 800w, https:\/\/www.inmsol.com\/wp-content\/uploads\/2017\/06\/dsc_0377-64x43.jpg 64w, https:\/\/www.inmsol.com\/wp-content\/uploads\/2017\/06\/dsc_0377-768x516.jpg 768w, https:\/\/www.inmsol.com\/wp-content\/uploads\/2017\/06\/dsc_0377-1024x687.jpg 1024w, https:\/\/www.inmsol.com\/wp-content\/uploads\/2017\/06\/dsc_0377-250x168.jpg 250w, https:\/\/www.inmsol.com\/wp-content\/uploads\/2017\/06\/dsc_0377-596x400.jpg 596w, https:\/\/www.inmsol.com\/wp-content\/uploads\/2017\/06\/dsc_0377.jpg 1500w\" sizes=\"(max-width: 447px) 100vw, 447px\" \/> La semana pasada acogimos al primer grupo de adolescentes de este verano en nuestra <a href=\"https:\/\/www.inmsol.com\/es\/escuela-espanol-granada\/\">escuela de espa\u00f1ol<\/a> Instituto Mediterr\u00e1neo Sol en <a href=\"https:\/\/www.inmsol.com\/es\/granada\/\">Granada<\/a>. Ocho estudiantes de distintas nacionalidades (irlandesa, estadounidense, turca, canadiense\u2026) vinieron a iNMSOL para aprender el espa\u00f1ol durante su estancia de un m\u00ednimo de 2 semanas. <\/strong><\/p>\n<p>El lunes de la semana pasada empez\u00f3 nuestro primer <a href=\"https:\/\/www.inmsol.com\/es\/cursos-espanol-espana\/curso-adolescentes\/\">curso de adolescentes<\/a> de este a\u00f1o. Nuestros nuevos estudiantes, que tienen entre 13 y 17 a\u00f1os, llegaron el d\u00eda anterior a sus familias de acogida espa\u00f1olas, donde se quedar\u00e1n durante su estancia y podr\u00e1n sumergirse completamente en la cultura y lengua espa\u00f1ola. Al d\u00eda siguiente ya empezaron las clases: repartidos entre distintos grupos, seg\u00fan su nivel de espa\u00f1ol, siguen 4 clases de espa\u00f1ol al d\u00eda, mejorando sus conocimientos gramaticales, de l\u00e9xico y comunicativos.<\/p>\n<p>\u00a1Pero, por supuesto no empollan todo el d\u00eda! En iNMSOL damos tambi\u00e9n gran importancia a nuestro <a href=\"https:\/\/www.inmsol.com\/es\/actividades-culturales-excursiones\/\">programa de actividades<\/a> extraescolares en las que se puede aprender el espa\u00f1ol en un contexto m\u00e1s din\u00e1mico e interactivo con los dem\u00e1s estudiantes.<\/p>\n<p>En su primer d\u00eda en iNMSOL, nuestros estudiantes tuvieron la posibilidad de descubrir la ciudad durante una<strong> visita guiada por el centro<\/strong>, y por supuesto tambi\u00e9n fue buena ocasi\u00f3n para conocerse mejor entre ellos.\u00a0 El <strong>taller de juegos<\/strong> del martes les daba la oportunidad de practicar su espa\u00f1ol en un marco divertido y animado. El mi\u00e9rcoles hubo la <strong>\u201cruta de los grafitis\u201d<\/strong>: nuestros estudiantes dieron un paseo por el Realejo, en b\u00fasqueda de los grafitis del artista \u201cNi\u00f1o de las Pinturas\u201d, conocido en toda Granada por sus dibujos extraordinarios. El viernes los adolescentes pudieron descubrir el mundo de las ciencias en espa\u00f1ol. La <strong>visita del Parque de las Ciencias de Granada<\/strong> nos gust\u00f3 a todos y admirar las estrellas y constelaciones en el planetario es seguramente un recuerdo que no olvidaremos tan r\u00e1pido. Tambi\u00e9n nos lo pasamos todos muy bien el s\u00e1bado, cuando fuimos con nuestros estudiantes a las <strong>Alpujarras<\/strong>: visita de distintos pueblos alpujarre\u00f1os, degustaci\u00f3n de vinos y embutidos, visita del museo de Pampaneira y una t\u00edpica secadora de jamones en Trev\u00e9lez\u2026 \u00a1qu\u00e9 d\u00eda m\u00e1s exitoso con una inmersi\u00f3n en la cultura espa\u00f1ola m\u00e1s profunda!<\/p>\n<p>&nbsp;<\/p>\n<p><img decoding=\"async\" class=\"alignleft size-medium wp-image-32431\" src=\"https:\/\/www.inmsol.com\/wp-content\/uploads\/2017\/06\/dsc_0421-447x300.jpg\" alt=\"\" width=\"447\" height=\"300\" srcset=\"https:\/\/www.inmsol.com\/wp-content\/uploads\/2017\/06\/dsc_0421-447x300.jpg 447w, https:\/\/www.inmsol.com\/wp-content\/uploads\/2017\/06\/dsc_0421-800x537.jpg 800w, https:\/\/www.inmsol.com\/wp-content\/uploads\/2017\/06\/dsc_0421-64x43.jpg 64w, https:\/\/www.inmsol.com\/wp-content\/uploads\/2017\/06\/dsc_0421-768x516.jpg 768w, https:\/\/www.inmsol.com\/wp-content\/uploads\/2017\/06\/dsc_0421-1024x687.jpg 1024w, https:\/\/www.inmsol.com\/wp-content\/uploads\/2017\/06\/dsc_0421-250x168.jpg 250w, https:\/\/www.inmsol.com\/wp-content\/uploads\/2017\/06\/dsc_0421-596x400.jpg 596w, https:\/\/www.inmsol.com\/wp-content\/uploads\/2017\/06\/dsc_0421.jpg 1500w\" sizes=\"(max-width: 447px) 100vw, 447px\" \/><\/p>\n<p>Esta semana la hemos empezado con un <strong>paseo por el emblem\u00e1tico barrio del Albaic\u00edn y el Sacromonte<\/strong>. Nuestros estudiantes han podido descubrir el encanto especial de Granada andando por las estrechitas calles entre las casas blancas del barrio \u00e1rabe y subiendo al monte conocido por\u00a0sus t\u00edpicas casas-cuevas de los gitanos. La semana continu\u00f3 siguiendo las huellas \u00e1rabes que transforman a nuestra ciudad en un sitio tan particular. Ayer visitamos entonces la famosa <strong>Alhambra<\/strong>, castillo \u00e1rabe dominando la ciudad, con sus palacios adorgnados y preciosos jardines, una vista maravillosa y lleno de historia y tambi\u00e9n, no se puede negar, de una magia \u00fanica. El jueves acabar\u00e1 nuestra \u201cruta \u00e1rabe\u201d en el <strong>Carmen de los M\u00e1rtires<\/strong>, un parque con bonitos jardines al lado de la Alhambra. El viernes terminaremos el programa de la semana m\u00e1s tranquilamente con una <strong>pel\u00edcula en nuestra escuela<\/strong>. Y el s\u00e1bado, para los que todav\u00eda se quedan una semana m\u00e1s, habr\u00e1 una<strong> excursi\u00f3n a C\u00f3rdoba<\/strong> con visita de los sitios m\u00e1s bonitos de la ciudad y la famosa Mezquita.<\/p>\n<p>&nbsp;<\/p>\n<p><strong>\u00a1Nos lo hemos pa<img decoding=\"async\" class=\"alignleft size-medium wp-image-32433\" src=\"https:\/\/www.inmsol.com\/wp-content\/uploads\/2017\/06\/dsc_0453-447x300.jpg\" alt=\"\" width=\"447\" height=\"300\" srcset=\"https:\/\/www.inmsol.com\/wp-content\/uploads\/2017\/06\/dsc_0453-447x300.jpg 447w, https:\/\/www.inmsol.com\/wp-content\/uploads\/2017\/06\/dsc_0453-800x537.jpg 800w, https:\/\/www.inmsol.com\/wp-content\/uploads\/2017\/06\/dsc_0453-64x43.jpg 64w, https:\/\/www.inmsol.com\/wp-content\/uploads\/2017\/06\/dsc_0453-768x516.jpg 768w, https:\/\/www.inmsol.com\/wp-content\/uploads\/2017\/06\/dsc_0453-1024x687.jpg 1024w, https:\/\/www.inmsol.com\/wp-content\/uploads\/2017\/06\/dsc_0453-250x168.jpg 250w, https:\/\/www.inmsol.com\/wp-content\/uploads\/2017\/06\/dsc_0453-596x400.jpg 596w, https:\/\/www.inmsol.com\/wp-content\/uploads\/2017\/06\/dsc_0453.jpg 1500w\" sizes=\"(max-width: 447px) 100vw, 447px\" \/>sado muy bien con nuestro primer grupo de adolescentes y esperamos que vuelvan otra vez a iNMSOL! <\/strong><\/p>\n<p><strong>Y por supuesto, \u00a1ya tenemos muchas ganas de conocer a nuestros nuevos estudiantes el lunes que viene!<\/strong><\/p>\n","protected":false},"excerpt":{"rendered":"<p>La semana pasada acogimos al primer grupo de adolescentes de este verano en nuestra escuela de espa\u00f1ol Instituto Mediterr\u00e1neo Sol en Granada. Ocho estudiantes de distintas nacionalidades (irlandesa, estadounidense, turca, canadiense\u2026) vinieron a iNMSOL para aprender el espa\u00f1ol durante su estancia de un m\u00ednimo de&#8230;<\/p>\n","protected":false},"author":3,"featured_media":32430,"comment_status":"closed","ping_status":"closed","sticky":false,"template":"","format":"standard","meta":{"_acf_changed":false,"footnotes":""},"categories":[82],"tags":[],"class_list":["post-32424","post","type-post","status-publish","format-standard","has-post-thumbnail","hentry","category-noticias"],"acf":[],"yoast_head":"<!-- This site is optimized with the Yoast SEO plugin v27.5 - https:\/\/yoast.com\/product\/yoast-seo-wordpress\/ -->\n<title>\u00a1Han empezado los cursos de adolescentes! | Blog iNMSOL<\/title>\n<meta name=\"description\" content=\"La semana pasada acogimos al primer grupo de adolescentes de este verano en nuestra escuela de espa\u00f1ol Instituto Mediterr\u00e1neo Sol en Granada.\" \/>\n<meta name=\"robots\" content=\"index, follow, max-snippet:-1, max-image-preview:large, max-video-preview:-1\" \/>\n<link rel=\"canonical\" href=\"https:\/\/www.inmsol.com\/es\/blog-escuela\/noticias\/han-empezado-los-cursos-de-adolescentes\/\" \/>\n<meta property=\"og:locale\" content=\"es_ES\" \/>\n<meta property=\"og:type\" content=\"article\" \/>\n<meta property=\"og:title\" content=\"\u00a1Han empezado los cursos de adolescentes! | Blog iNMSOL\" \/>\n<meta property=\"og:description\" content=\"La semana pasada acogimos al primer grupo de adolescentes de este verano en nuestra escuela de espa\u00f1ol Instituto Mediterr\u00e1neo Sol en Granada.\" \/>\n<meta property=\"og:url\" content=\"https:\/\/www.inmsol.com\/es\/blog-escuela\/noticias\/han-empezado-los-cursos-de-adolescentes\/\" \/>\n<meta property=\"og:site_name\" content=\"iNMSOL\" \/>\n<meta property=\"article:publisher\" content=\"https:\/\/www.facebook.com\/spanishcourses\" \/>\n<meta property=\"article:published_time\" content=\"2017-06-23T10:47:21+00:00\" \/>\n<meta property=\"article:modified_time\" content=\"2019-04-23T09:53:47+00:00\" \/>\n<meta property=\"og:image\" content=\"https:\/\/www.inmsol.com\/wp-content\/uploads\/2017\/06\/dsc_0444.jpg\" \/>\n\t<meta property=\"og:image:width\" content=\"1500\" \/>\n\t<meta property=\"og:image:height\" content=\"1007\" \/>\n\t<meta property=\"og:image:type\" content=\"image\/jpeg\" \/>\n<meta name=\"author\" content=\"- Instituto Mediterr\u00e1neo Sol\" \/>\n<meta name=\"twitter:label1\" content=\"Escrito por\" \/>\n\t<meta name=\"twitter:data1\" content=\"- Instituto Mediterr\u00e1neo Sol\" \/>\n\t<meta name=\"twitter:label2\" content=\"Tiempo de lectura\" \/>\n\t<meta name=\"twitter:data2\" content=\"3 minutos\" \/>\n<script type=\"application\/ld+json\" class=\"yoast-schema-graph\">{\"@context\":\"https:\\\/\\\/schema.org\",\"@graph\":[{\"@type\":\"Article\",\"@id\":\"https:\\\/\\\/www.inmsol.com\\\/es\\\/blog-escuela\\\/noticias\\\/han-empezado-los-cursos-de-adolescentes\\\/#article\",\"isPartOf\":{\"@id\":\"https:\\\/\\\/www.inmsol.com\\\/es\\\/blog-escuela\\\/noticias\\\/han-empezado-los-cursos-de-adolescentes\\\/\"},\"author\":{\"name\":\"- Instituto Mediterr\u00e1neo Sol\",\"@id\":\"https:\\\/\\\/www.inmsol.com\\\/es\\\/#\\\/schema\\\/person\\\/94a7a01d14a56d1fbc49c841ffc57fe9\"},\"headline\":\"\u00a1Han empezado los cursos de adolescentes!\",\"datePublished\":\"2017-06-23T10:47:21+00:00\",\"dateModified\":\"2019-04-23T09:53:47+00:00\",\"mainEntityOfPage\":{\"@id\":\"https:\\\/\\\/www.inmsol.com\\\/es\\\/blog-escuela\\\/noticias\\\/han-empezado-los-cursos-de-adolescentes\\\/\"},\"wordCount\":623,\"publisher\":{\"@id\":\"https:\\\/\\\/www.inmsol.com\\\/es\\\/#organization\"},\"image\":{\"@id\":\"https:\\\/\\\/www.inmsol.com\\\/es\\\/blog-escuela\\\/noticias\\\/han-empezado-los-cursos-de-adolescentes\\\/#primaryimage\"},\"thumbnailUrl\":\"https:\\\/\\\/www.inmsol.com\\\/wp-content\\\/uploads\\\/2017\\\/06\\\/dsc_0444.jpg\",\"articleSection\":[\"Noticias y Servicios iNMSOL\"],\"inLanguage\":\"es\"},{\"@type\":\"WebPage\",\"@id\":\"https:\\\/\\\/www.inmsol.com\\\/es\\\/blog-escuela\\\/noticias\\\/han-empezado-los-cursos-de-adolescentes\\\/\",\"url\":\"https:\\\/\\\/www.inmsol.com\\\/es\\\/blog-escuela\\\/noticias\\\/han-empezado-los-cursos-de-adolescentes\\\/\",\"name\":\"\u00a1Han empezado los cursos de adolescentes! | Blog iNMSOL\",\"isPartOf\":{\"@id\":\"https:\\\/\\\/www.inmsol.com\\\/es\\\/#website\"},\"primaryImageOfPage\":{\"@id\":\"https:\\\/\\\/www.inmsol.com\\\/es\\\/blog-escuela\\\/noticias\\\/han-empezado-los-cursos-de-adolescentes\\\/#primaryimage\"},\"image\":{\"@id\":\"https:\\\/\\\/www.inmsol.com\\\/es\\\/blog-escuela\\\/noticias\\\/han-empezado-los-cursos-de-adolescentes\\\/#primaryimage\"},\"thumbnailUrl\":\"https:\\\/\\\/www.inmsol.com\\\/wp-content\\\/uploads\\\/2017\\\/06\\\/dsc_0444.jpg\",\"datePublished\":\"2017-06-23T10:47:21+00:00\",\"dateModified\":\"2019-04-23T09:53:47+00:00\",\"description\":\"La semana pasada acogimos al primer grupo de adolescentes de este verano en nuestra escuela de espa\u00f1ol Instituto Mediterr\u00e1neo Sol en Granada.\",\"breadcrumb\":{\"@id\":\"https:\\\/\\\/www.inmsol.com\\\/es\\\/blog-escuela\\\/noticias\\\/han-empezado-los-cursos-de-adolescentes\\\/#breadcrumb\"},\"inLanguage\":\"es\",\"potentialAction\":[{\"@type\":\"ReadAction\",\"target\":[\"https:\\\/\\\/www.inmsol.com\\\/es\\\/blog-escuela\\\/noticias\\\/han-empezado-los-cursos-de-adolescentes\\\/\"]}]},{\"@type\":\"ImageObject\",\"inLanguage\":\"es\",\"@id\":\"https:\\\/\\\/www.inmsol.com\\\/es\\\/blog-escuela\\\/noticias\\\/han-empezado-los-cursos-de-adolescentes\\\/#primaryimage\",\"url\":\"https:\\\/\\\/www.inmsol.com\\\/wp-content\\\/uploads\\\/2017\\\/06\\\/dsc_0444.jpg\",\"contentUrl\":\"https:\\\/\\\/www.inmsol.com\\\/wp-content\\\/uploads\\\/2017\\\/06\\\/dsc_0444.jpg\",\"width\":1500,\"height\":1007},{\"@type\":\"BreadcrumbList\",\"@id\":\"https:\\\/\\\/www.inmsol.com\\\/es\\\/blog-escuela\\\/noticias\\\/han-empezado-los-cursos-de-adolescentes\\\/#breadcrumb\",\"itemListElement\":[{\"@type\":\"ListItem\",\"position\":1,\"name\":\"Accredited Center by Instituto Cervantes\",\"item\":\"https:\\\/\\\/www.inmsol.com\\\/es\\\/pagina-ejemplo\\\/\"},{\"@type\":\"ListItem\",\"position\":2,\"name\":\"Blog Escuela Espa\u00f1ol\",\"item\":\"https:\\\/\\\/www.inmsol.com\\\/es\\\/category\\\/blog-escuela\\\/\"},{\"@type\":\"ListItem\",\"position\":3,\"name\":\"Noticias y Servicios iNMSOL\",\"item\":\"https:\\\/\\\/www.inmsol.com\\\/es\\\/category\\\/blog-escuela\\\/noticias\\\/\"},{\"@type\":\"ListItem\",\"position\":4,\"name\":\"\u00a1Han empezado los cursos de adolescentes!\"}]},{\"@type\":\"WebSite\",\"@id\":\"https:\\\/\\\/www.inmsol.com\\\/es\\\/#website\",\"url\":\"https:\\\/\\\/www.inmsol.com\\\/es\\\/\",\"name\":\"iNMSOL\",\"description\":\"Aprenda Espa\u00f1ol con iNMSOL en Granada | Centro Acreditado por el Instituto Cervantes\",\"publisher\":{\"@id\":\"https:\\\/\\\/www.inmsol.com\\\/es\\\/#organization\"},\"potentialAction\":[{\"@type\":\"SearchAction\",\"target\":{\"@type\":\"EntryPoint\",\"urlTemplate\":\"https:\\\/\\\/www.inmsol.com\\\/es\\\/?s={search_term_string}\"},\"query-input\":{\"@type\":\"PropertyValueSpecification\",\"valueRequired\":true,\"valueName\":\"search_term_string\"}}],\"inLanguage\":\"es\"},{\"@type\":\"Organization\",\"@id\":\"https:\\\/\\\/www.inmsol.com\\\/es\\\/#organization\",\"name\":\"Instituto Mediterr\u00e1neo Sol\",\"url\":\"https:\\\/\\\/www.inmsol.com\\\/es\\\/\",\"logo\":{\"@type\":\"ImageObject\",\"inLanguage\":\"es\",\"@id\":\"https:\\\/\\\/www.inmsol.com\\\/es\\\/#\\\/schema\\\/logo\\\/image\\\/\",\"url\":\"https:\\\/\\\/www.inmsol.com\\\/wp-content\\\/uploads\\\/2023\\\/06\\\/logo-inmsol-1.png\",\"contentUrl\":\"https:\\\/\\\/www.inmsol.com\\\/wp-content\\\/uploads\\\/2023\\\/06\\\/logo-inmsol-1.png\",\"width\":136,\"height\":73,\"caption\":\"Instituto Mediterr\u00e1neo Sol\"},\"image\":{\"@id\":\"https:\\\/\\\/www.inmsol.com\\\/es\\\/#\\\/schema\\\/logo\\\/image\\\/\"},\"sameAs\":[\"https:\\\/\\\/www.facebook.com\\\/spanishcourses\",\"https:\\\/\\\/x.com\\\/StudyInGranada\",\"http:\\\/\\\/instagram.com\\\/imsolgranada\",\"https:\\\/\\\/es.linkedin.com\\\/company\\\/imsol-granada\",\"https:\\\/\\\/www.pinterest.es\\\/inmsol\\\/\",\"https:\\\/\\\/www.youtube.com\\\/channel\\\/UChz-Qn_7coFMosY85iYMO4g\"]},{\"@type\":\"Person\",\"@id\":\"https:\\\/\\\/www.inmsol.com\\\/es\\\/#\\\/schema\\\/person\\\/94a7a01d14a56d1fbc49c841ffc57fe9\",\"name\":\"- Instituto Mediterr\u00e1neo Sol\",\"image\":{\"@type\":\"ImageObject\",\"inLanguage\":\"es\",\"@id\":\"https:\\\/\\\/secure.gravatar.com\\\/avatar\\\/5607fdabdf1b548b6095cc3d43079829bc1497403e70dd34004e7204a8fef62b?s=96&d=mm&r=g\",\"url\":\"https:\\\/\\\/secure.gravatar.com\\\/avatar\\\/5607fdabdf1b548b6095cc3d43079829bc1497403e70dd34004e7204a8fef62b?s=96&d=mm&r=g\",\"contentUrl\":\"https:\\\/\\\/secure.gravatar.com\\\/avatar\\\/5607fdabdf1b548b6095cc3d43079829bc1497403e70dd34004e7204a8fef62b?s=96&d=mm&r=g\",\"caption\":\"- Instituto Mediterr\u00e1neo Sol\"},\"url\":\"https:\\\/\\\/www.inmsol.com\\\/es\\\/author\\\/laura\\\/\"}]}<\/script>\n<!-- \/ Yoast SEO plugin. -->","yoast_head_json":{"title":"\u00a1Han empezado los cursos de adolescentes! | Blog iNMSOL","description":"La semana pasada acogimos al primer grupo de adolescentes de este verano en nuestra escuela de espa\u00f1ol Instituto Mediterr\u00e1neo Sol en Granada.","robots":{"index":"index","follow":"follow","max-snippet":"max-snippet:-1","max-image-preview":"max-image-preview:large","max-video-preview":"max-video-preview:-1"},"canonical":"https:\/\/www.inmsol.com\/es\/blog-escuela\/noticias\/han-empezado-los-cursos-de-adolescentes\/","og_locale":"es_ES","og_type":"article","og_title":"\u00a1Han empezado los cursos de adolescentes! | Blog iNMSOL","og_description":"La semana pasada acogimos al primer grupo de adolescentes de este verano en nuestra escuela de espa\u00f1ol Instituto Mediterr\u00e1neo Sol en Granada.","og_url":"https:\/\/www.inmsol.com\/es\/blog-escuela\/noticias\/han-empezado-los-cursos-de-adolescentes\/","og_site_name":"iNMSOL","article_publisher":"https:\/\/www.facebook.com\/spanishcourses","article_published_time":"2017-06-23T10:47:21+00:00","article_modified_time":"2019-04-23T09:53:47+00:00","og_image":[{"width":1500,"height":1007,"url":"https:\/\/www.inmsol.com\/wp-content\/uploads\/2017\/06\/dsc_0444.jpg","type":"image\/jpeg"}],"author":"- Instituto Mediterr\u00e1neo Sol","twitter_misc":{"Escrito por":"- Instituto Mediterr\u00e1neo Sol","Tiempo de lectura":"3 minutos"},"schema":{"@context":"https:\/\/schema.org","@graph":[{"@type":"Article","@id":"https:\/\/www.inmsol.com\/es\/blog-escuela\/noticias\/han-empezado-los-cursos-de-adolescentes\/#article","isPartOf":{"@id":"https:\/\/www.inmsol.com\/es\/blog-escuela\/noticias\/han-empezado-los-cursos-de-adolescentes\/"},"author":{"name":"- Instituto Mediterr\u00e1neo Sol","@id":"https:\/\/www.inmsol.com\/es\/#\/schema\/person\/94a7a01d14a56d1fbc49c841ffc57fe9"},"headline":"\u00a1Han empezado los cursos de adolescentes!","datePublished":"2017-06-23T10:47:21+00:00","dateModified":"2019-04-23T09:53:47+00:00","mainEntityOfPage":{"@id":"https:\/\/www.inmsol.com\/es\/blog-escuela\/noticias\/han-empezado-los-cursos-de-adolescentes\/"},"wordCount":623,"publisher":{"@id":"https:\/\/www.inmsol.com\/es\/#organization"},"image":{"@id":"https:\/\/www.inmsol.com\/es\/blog-escuela\/noticias\/han-empezado-los-cursos-de-adolescentes\/#primaryimage"},"thumbnailUrl":"https:\/\/www.inmsol.com\/wp-content\/uploads\/2017\/06\/dsc_0444.jpg","articleSection":["Noticias y Servicios iNMSOL"],"inLanguage":"es"},{"@type":"WebPage","@id":"https:\/\/www.inmsol.com\/es\/blog-escuela\/noticias\/han-empezado-los-cursos-de-adolescentes\/","url":"https:\/\/www.inmsol.com\/es\/blog-escuela\/noticias\/han-empezado-los-cursos-de-adolescentes\/","name":"\u00a1Han empezado los cursos de adolescentes! | Blog iNMSOL","isPartOf":{"@id":"https:\/\/www.inmsol.com\/es\/#website"},"primaryImageOfPage":{"@id":"https:\/\/www.inmsol.com\/es\/blog-escuela\/noticias\/han-empezado-los-cursos-de-adolescentes\/#primaryimage"},"image":{"@id":"https:\/\/www.inmsol.com\/es\/blog-escuela\/noticias\/han-empezado-los-cursos-de-adolescentes\/#primaryimage"},"thumbnailUrl":"https:\/\/www.inmsol.com\/wp-content\/uploads\/2017\/06\/dsc_0444.jpg","datePublished":"2017-06-23T10:47:21+00:00","dateModified":"2019-04-23T09:53:47+00:00","description":"La semana pasada acogimos al primer grupo de adolescentes de este verano en nuestra escuela de espa\u00f1ol Instituto Mediterr\u00e1neo Sol en Granada.","breadcrumb":{"@id":"https:\/\/www.inmsol.com\/es\/blog-escuela\/noticias\/han-empezado-los-cursos-de-adolescentes\/#breadcrumb"},"inLanguage":"es","potentialAction":[{"@type":"ReadAction","target":["https:\/\/www.inmsol.com\/es\/blog-escuela\/noticias\/han-empezado-los-cursos-de-adolescentes\/"]}]},{"@type":"ImageObject","inLanguage":"es","@id":"https:\/\/www.inmsol.com\/es\/blog-escuela\/noticias\/han-empezado-los-cursos-de-adolescentes\/#primaryimage","url":"https:\/\/www.inmsol.com\/wp-content\/uploads\/2017\/06\/dsc_0444.jpg","contentUrl":"https:\/\/www.inmsol.com\/wp-content\/uploads\/2017\/06\/dsc_0444.jpg","width":1500,"height":1007},{"@type":"BreadcrumbList","@id":"https:\/\/www.inmsol.com\/es\/blog-escuela\/noticias\/han-empezado-los-cursos-de-adolescentes\/#breadcrumb","itemListElement":[{"@type":"ListItem","position":1,"name":"Accredited Center by Instituto Cervantes","item":"https:\/\/www.inmsol.com\/es\/pagina-ejemplo\/"},{"@type":"ListItem","position":2,"name":"Blog Escuela Espa\u00f1ol","item":"https:\/\/www.inmsol.com\/es\/category\/blog-escuela\/"},{"@type":"ListItem","position":3,"name":"Noticias y Servicios iNMSOL","item":"https:\/\/www.inmsol.com\/es\/category\/blog-escuela\/noticias\/"},{"@type":"ListItem","position":4,"name":"\u00a1Han empezado los cursos de adolescentes!"}]},{"@type":"WebSite","@id":"https:\/\/www.inmsol.com\/es\/#website","url":"https:\/\/www.inmsol.com\/es\/","name":"iNMSOL","description":"Aprenda Espa\u00f1ol con iNMSOL en Granada | Centro Acreditado por el Instituto Cervantes","publisher":{"@id":"https:\/\/www.inmsol.com\/es\/#organization"},"potentialAction":[{"@type":"SearchAction","target":{"@type":"EntryPoint","urlTemplate":"https:\/\/www.inmsol.com\/es\/?s={search_term_string}"},"query-input":{"@type":"PropertyValueSpecification","valueRequired":true,"valueName":"search_term_string"}}],"inLanguage":"es"},{"@type":"Organization","@id":"https:\/\/www.inmsol.com\/es\/#organization","name":"Instituto Mediterr\u00e1neo Sol","url":"https:\/\/www.inmsol.com\/es\/","logo":{"@type":"ImageObject","inLanguage":"es","@id":"https:\/\/www.inmsol.com\/es\/#\/schema\/logo\/image\/","url":"https:\/\/www.inmsol.com\/wp-content\/uploads\/2023\/06\/logo-inmsol-1.png","contentUrl":"https:\/\/www.inmsol.com\/wp-content\/uploads\/2023\/06\/logo-inmsol-1.png","width":136,"height":73,"caption":"Instituto Mediterr\u00e1neo Sol"},"image":{"@id":"https:\/\/www.inmsol.com\/es\/#\/schema\/logo\/image\/"},"sameAs":["https:\/\/www.facebook.com\/spanishcourses","https:\/\/x.com\/StudyInGranada","http:\/\/instagram.com\/imsolgranada","https:\/\/es.linkedin.com\/company\/imsol-granada","https:\/\/www.pinterest.es\/inmsol\/","https:\/\/www.youtube.com\/channel\/UChz-Qn_7coFMosY85iYMO4g"]},{"@type":"Person","@id":"https:\/\/www.inmsol.com\/es\/#\/schema\/person\/94a7a01d14a56d1fbc49c841ffc57fe9","name":"- Instituto Mediterr\u00e1neo Sol","image":{"@type":"ImageObject","inLanguage":"es","@id":"https:\/\/secure.gravatar.com\/avatar\/5607fdabdf1b548b6095cc3d43079829bc1497403e70dd34004e7204a8fef62b?s=96&d=mm&r=g","url":"https:\/\/secure.gravatar.com\/avatar\/5607fdabdf1b548b6095cc3d43079829bc1497403e70dd34004e7204a8fef62b?s=96&d=mm&r=g","contentUrl":"https:\/\/secure.gravatar.com\/avatar\/5607fdabdf1b548b6095cc3d43079829bc1497403e70dd34004e7204a8fef62b?s=96&d=mm&r=g","caption":"- Instituto Mediterr\u00e1neo Sol"},"url":"https:\/\/www.inmsol.com\/es\/author\/laura\/"}]}},"_links":{"self":[{"href":"https:\/\/www.inmsol.com\/es\/wp-json\/wp\/v2\/posts\/32424","targetHints":{"allow":["GET"]}}],"collection":[{"href":"https:\/\/www.inmsol.com\/es\/wp-json\/wp\/v2\/posts"}],"about":[{"href":"https:\/\/www.inmsol.com\/es\/wp-json\/wp\/v2\/types\/post"}],"author":[{"embeddable":true,"href":"https:\/\/www.inmsol.com\/es\/wp-json\/wp\/v2\/users\/3"}],"replies":[{"embeddable":true,"href":"https:\/\/www.inmsol.com\/es\/wp-json\/wp\/v2\/comments?post=32424"}],"version-history":[{"count":0,"href":"https:\/\/www.inmsol.com\/es\/wp-json\/wp\/v2\/posts\/32424\/revisions"}],"wp:featuredmedia":[{"embeddable":true,"href":"https:\/\/www.inmsol.com\/es\/wp-json\/wp\/v2\/media\/32430"}],"wp:attachment":[{"href":"https:\/\/www.inmsol.com\/es\/wp-json\/wp\/v2\/media?parent=32424"}],"wp:term":[{"taxonomy":"category","embeddable":true,"href":"https:\/\/www.inmsol.com\/es\/wp-json\/wp\/v2\/categories?post=32424"},{"taxonomy":"post_tag","embeddable":true,"href":"https:\/\/www.inmsol.com\/es\/wp-json\/wp\/v2\/tags?post=32424"}],"curies":[{"name":"wp","href":"https:\/\/api.w.org\/{rel}","templated":true}]}}