{"id":32449,"date":"2017-06-30T10:08:33","date_gmt":"2017-06-30T08:08:33","guid":{"rendered":"https:\/\/www.inmsol.com\/blog-escuela\/ya-hay-las-fechas-de-los-examenes-dele-de-2018\/"},"modified":"2019-04-23T11:52:48","modified_gmt":"2019-04-23T09:52:48","slug":"ya-hay-las-fechas-de-los-examenes-dele-de-2018","status":"publish","type":"post","link":"https:\/\/www.inmsol.com\/es\/examenes-y-certificaciones-espanol\/ya-hay-las-fechas-de-los-examenes-dele-de-2018\/","title":{"rendered":"\u00a1Ya hay las fechas de los ex\u00e1menes DELE de 2018!"},"content":{"rendered":"<h3 style=\"text-align: left;\"><strong>El Instituto Cervantes acaba de publicar las nuevas fechas de los ex\u00e1menes DELE del a\u00f1o 2018.<\/strong><\/h3>\n<p><strong>El Diploma de Espa\u00f1ol como Lengua Extranjera (DELE)<\/strong>\u00a0es un t\u00edtulo oficial, acreditativo del grado de competencia y dominio del idioma espa\u00f1ol, que otorga el Instituto Cervantes en nombre del Ministerio de Educaci\u00f3n, Cultura y Deporte de Espa\u00f1a. Tener un DELE siempre puede ser \u00fatil, sea para vuestros estudios o el trabajo, para obtener la nacionalidad espa\u00f1ola o un visado o simplemente para tenerlo por si acaso, para futuros proyectos profesionales o acad\u00e9micos vuestros en Espa\u00f1a. Los ex\u00e1menes DELE se ofrecen en varias fechas durante el a\u00f1o y son llevadas a cabo por los centros acreditados por el Instituto Cervantes.<\/p>\n<p>&nbsp;<\/p>\n<p><img fetchpriority=\"high\" decoding=\"async\" class=\"alignleft size-full wp-image-31431\" src=\"https:\/\/www.inmsol.com\/wp-content\/uploads\/2017\/03\/logo.png\" alt=\"\" width=\"405\" height=\"291\" srcset=\"https:\/\/www.inmsol.com\/wp-content\/uploads\/2017\/03\/logo.png 405w, https:\/\/www.inmsol.com\/wp-content\/uploads\/2017\/03\/logo-64x46.png 64w, https:\/\/www.inmsol.com\/wp-content\/uploads\/2017\/03\/logo-250x180.png 250w\" sizes=\"(max-width: 405px) 100vw, 405px\" \/><\/p>\n<p>Nuestra\u00a0<a href=\"https:\/\/www.inmsol.com\/es\/escuela-espanol-granada\/\">escuela de espa\u00f1ol iNMSOL<\/a>, siendo uno de estos centros acreditados, ofrece tambi\u00e9n los\u00a0<a href=\"https:\/\/www.inmsol.com\/es\/examenes-dele\/\">ex\u00e1menes DELE.<\/a>Pero no solo pod\u00e9is hacer vuestro examen con nosotros, tambi\u00e9n ofrecemos\u00a0<a href=\"https:\/\/www.inmsol.com\/es\/cursos-espanol-espana\/cursos-de-preparacion-de-examenes-oficiales\/preparacion-dele\/\">cursos de preparaci\u00f3n para los ex\u00e1menes DELE<\/a>, para todos los niveles. Con la ayuda de nuestros profesores especialmente formados para la ense\u00f1anza de espa\u00f1ol como lengua extranjera, pod\u00e9is prepararos para vuestro examen y as\u00ed aumentar la probabilidad de vuestro \u00e9xito.<\/p>\n<p>&nbsp;<\/p>\n<p><strong>Si ten\u00e9is pensado pasar un examen DELE, \u00a1ahora es vuestra oportunidad! \u00a1Informaros en\u00a0<a href=\"https:\/\/www.inmsol.com\/es\/\">nuestra p\u00e1gina web<\/a>\u00a0y en la\u00a0<a href=\"https:\/\/examenes.cervantes.es\/es\">p\u00e1gina oficial de DELE<\/a>\u00a0e inscribiros hoy mismo!<\/strong><\/p>\n<p>&nbsp;<\/p>\n<p>&nbsp;<\/p>\n<p><strong>Las convocatorias para los ex\u00e1menes de DELE del a\u00f1o 2018 son las siguientes:<\/strong><\/p>\n<p>&nbsp;<\/p>\n<table width=\"584\">\n<tbody>\n<tr>\n<td width=\"144\"><strong>CONVOCATORIA<\/strong><\/td>\n<td width=\"144\"><strong>FECHA DE LA PRUEBA ESCRITA<\/strong><\/td>\n<td width=\"144\"><strong>CIERRE DEL PLAZO DE INSCRIPCI\u00d3N<\/strong><\/td>\n<td width=\"151\"><strong>EX\u00c1MENES QUE SE OFRECEN<\/strong><\/td>\n<\/tr>\n<tr>\n<td width=\"144\">Febrero<\/td>\n<td width=\"144\">&nbsp;<\/p>\n<p>Viernes, 9 de febrero de 2018<\/p>\n<p>&nbsp;<\/td>\n<td width=\"144\">10 de enero de 2018<\/td>\n<td width=\"151\">Generales: A2<\/td>\n<\/tr>\n<tr>\n<td width=\"144\">Abril<\/td>\n<td width=\"144\">&nbsp;<\/p>\n<p>Viernes, 6 de abril de 2018<\/p>\n<p>&nbsp;<\/td>\n<td width=\"144\">\n<p style=\"text-align: left;\">14 de febrero\u00a0 de 2018<\/p>\n<\/td>\n<td width=\"151\">Generales: A1, A2, B1, B2, C1<\/td>\n<\/tr>\n<tr>\n<td width=\"144\">Mayo<\/td>\n<td width=\"144\">Viernes, 18 de mayo de 2018<\/p>\n<p>&#8212;&#8212;&#8212;&#8212;&#8212;&#8212;&#8212;-<\/p>\n<p>S\u00e1bado, 19 de mayo de 2018<\/p>\n<p>&nbsp;<\/td>\n<td width=\"144\">\n<p style=\"text-align: left;\">28 de marzo de 2018<\/p>\n<p style=\"text-align: left;\">\n<\/td>\n<td width=\"151\">Escolares: A1 y A2\/B1<\/p>\n<p>&#8212;&#8212;&#8212;&#8212;&#8212;&#8212;&#8212;&#8211;<\/p>\n<p>Generales: A1, A2, B1, B2, C1, C2<\/td>\n<\/tr>\n<tr>\n<td width=\"144\">Julio<\/td>\n<td width=\"144\">&nbsp;<\/p>\n<p>Viernes, 13 de julio de 2018<\/p>\n<p>&nbsp;<\/td>\n<td width=\"144\">23 de mayo de 2018<\/p>\n<p>&nbsp;<\/td>\n<td width=\"151\">Generales: A2, B1, B2, C1<\/td>\n<\/tr>\n<tr>\n<td width=\"144\">Septiembre<\/td>\n<td width=\"144\">&nbsp;<\/p>\n<p>Viernes, 14 de septiembre 2018<\/p>\n<p>&nbsp;<\/td>\n<td width=\"144\">1 de agosto de 2018<\/p>\n<p>&nbsp;<\/td>\n<td width=\"151\">Generales: A2<\/td>\n<\/tr>\n<tr>\n<td width=\"144\">Octubre<\/td>\n<td width=\"144\">&nbsp;<\/p>\n<p>Viernes, 5 de octubre de 2018<\/p>\n<p>&nbsp;<\/td>\n<td width=\"144\">\n<p style=\"text-align: left;\">22 de agosto de 2018<\/p>\n<\/td>\n<td width=\"151\">Generales: A2, B1, B2<\/td>\n<\/tr>\n<tr>\n<td width=\"144\">Noviembre<\/td>\n<td width=\"144\">Viernes, 9 de noviembre de 2018<\/p>\n<p>&#8212;&#8212;&#8212;&#8212;&#8212;&#8212;&#8212;-<\/p>\n<p>S\u00e1bado, 10 de noviembre de 2018<\/td>\n<td width=\"144\">\n<p style=\"text-align: left;\">3 de octubre de 2018<\/p>\n<p>&nbsp;<\/td>\n<td width=\"151\">Escolares: A1 y A2\/B1<\/p>\n<p>&#8212;&#8212;&#8212;&#8212;&#8212;&#8212;&#8212;&#8212;<\/p>\n<p>Generales: A1, A2, B1, B2, C1, C2<\/td>\n<\/tr>\n<\/tbody>\n<\/table>\n","protected":false},"excerpt":{"rendered":"<p>El Instituto Cervantes acaba de publicar las nuevas fechas de los ex\u00e1menes DELE del a\u00f1o 2018. El Diploma de Espa\u00f1ol como Lengua Extranjera (DELE)\u00a0es un t\u00edtulo oficial, acreditativo del grado de competencia y dominio del idioma espa\u00f1ol, que otorga el Instituto Cervantes en nombre del&#8230;<\/p>\n","protected":false},"author":3,"featured_media":31431,"comment_status":"closed","ping_status":"closed","sticky":false,"template":"","format":"standard","meta":{"_acf_changed":false,"footnotes":""},"categories":[451],"tags":[],"class_list":["post-32449","post","type-post","status-publish","format-standard","has-post-thumbnail","hentry","category-examenes-y-certificaciones-espanol"],"acf":[],"yoast_head":"<!-- This site is optimized with the Yoast SEO plugin v27.5 - https:\/\/yoast.com\/product\/yoast-seo-wordpress\/ -->\n<title>\u00a1Ya hay las fechas de los ex\u00e1menes DELE de 2018! | iNMSOL Blog<\/title>\n<meta name=\"description\" content=\"El Instituto Cervantes acaba de publicar las nuevas fechas de los ex\u00e1menes DELE (Diploma de Espa\u00f1ol como Lengua Extranjera) del a\u00f1o 2018.\" \/>\n<meta name=\"robots\" content=\"index, follow, max-snippet:-1, max-image-preview:large, max-video-preview:-1\" \/>\n<link rel=\"canonical\" href=\"https:\/\/www.inmsol.com\/es\/examenes-y-certificaciones-espanol\/ya-hay-las-fechas-de-los-examenes-dele-de-2018\/\" \/>\n<meta property=\"og:locale\" content=\"es_ES\" \/>\n<meta property=\"og:type\" content=\"article\" \/>\n<meta property=\"og:title\" content=\"\u00a1Ya hay las fechas de los ex\u00e1menes DELE de 2018! | iNMSOL Blog\" \/>\n<meta property=\"og:description\" content=\"El Instituto Cervantes acaba de publicar las nuevas fechas de los ex\u00e1menes DELE (Diploma de Espa\u00f1ol como Lengua Extranjera) del a\u00f1o 2018.\" \/>\n<meta property=\"og:url\" content=\"https:\/\/www.inmsol.com\/es\/examenes-y-certificaciones-espanol\/ya-hay-las-fechas-de-los-examenes-dele-de-2018\/\" \/>\n<meta property=\"og:site_name\" content=\"iNMSOL\" \/>\n<meta property=\"article:publisher\" content=\"https:\/\/www.facebook.com\/spanishcourses\" \/>\n<meta property=\"article:published_time\" content=\"2017-06-30T08:08:33+00:00\" \/>\n<meta property=\"article:modified_time\" content=\"2019-04-23T09:52:48+00:00\" \/>\n<meta property=\"og:image\" content=\"https:\/\/www.inmsol.com\/wp-content\/uploads\/2017\/03\/logo.png\" \/>\n\t<meta property=\"og:image:width\" content=\"405\" \/>\n\t<meta property=\"og:image:height\" content=\"291\" \/>\n\t<meta property=\"og:image:type\" content=\"image\/png\" \/>\n<meta name=\"author\" content=\"- Instituto Mediterr\u00e1neo Sol\" \/>\n<meta name=\"twitter:label1\" content=\"Escrito por\" \/>\n\t<meta name=\"twitter:data1\" content=\"- Instituto Mediterr\u00e1neo Sol\" \/>\n\t<meta name=\"twitter:label2\" content=\"Tiempo de lectura\" \/>\n\t<meta name=\"twitter:data2\" content=\"2 minutos\" \/>\n<script type=\"application\/ld+json\" class=\"yoast-schema-graph\">{\"@context\":\"https:\\\/\\\/schema.org\",\"@graph\":[{\"@type\":\"Article\",\"@id\":\"https:\\\/\\\/www.inmsol.com\\\/es\\\/examenes-y-certificaciones-espanol\\\/ya-hay-las-fechas-de-los-examenes-dele-de-2018\\\/#article\",\"isPartOf\":{\"@id\":\"https:\\\/\\\/www.inmsol.com\\\/es\\\/examenes-y-certificaciones-espanol\\\/ya-hay-las-fechas-de-los-examenes-dele-de-2018\\\/\"},\"author\":{\"name\":\"- Instituto Mediterr\u00e1neo Sol\",\"@id\":\"https:\\\/\\\/www.inmsol.com\\\/es\\\/#\\\/schema\\\/person\\\/94a7a01d14a56d1fbc49c841ffc57fe9\"},\"headline\":\"\u00a1Ya hay las fechas de los ex\u00e1menes DELE de 2018!\",\"datePublished\":\"2017-06-30T08:08:33+00:00\",\"dateModified\":\"2019-04-23T09:52:48+00:00\",\"mainEntityOfPage\":{\"@id\":\"https:\\\/\\\/www.inmsol.com\\\/es\\\/examenes-y-certificaciones-espanol\\\/ya-hay-las-fechas-de-los-examenes-dele-de-2018\\\/\"},\"wordCount\":406,\"publisher\":{\"@id\":\"https:\\\/\\\/www.inmsol.com\\\/es\\\/#organization\"},\"image\":{\"@id\":\"https:\\\/\\\/www.inmsol.com\\\/es\\\/examenes-y-certificaciones-espanol\\\/ya-hay-las-fechas-de-los-examenes-dele-de-2018\\\/#primaryimage\"},\"thumbnailUrl\":\"https:\\\/\\\/www.inmsol.com\\\/wp-content\\\/uploads\\\/2017\\\/03\\\/logo.png\",\"articleSection\":[\"Ex\u00e1menes y Certificaciones Espa\u00f1ol\"],\"inLanguage\":\"es\"},{\"@type\":\"WebPage\",\"@id\":\"https:\\\/\\\/www.inmsol.com\\\/es\\\/examenes-y-certificaciones-espanol\\\/ya-hay-las-fechas-de-los-examenes-dele-de-2018\\\/\",\"url\":\"https:\\\/\\\/www.inmsol.com\\\/es\\\/examenes-y-certificaciones-espanol\\\/ya-hay-las-fechas-de-los-examenes-dele-de-2018\\\/\",\"name\":\"\u00a1Ya hay las fechas de los ex\u00e1menes DELE de 2018! | iNMSOL Blog\",\"isPartOf\":{\"@id\":\"https:\\\/\\\/www.inmsol.com\\\/es\\\/#website\"},\"primaryImageOfPage\":{\"@id\":\"https:\\\/\\\/www.inmsol.com\\\/es\\\/examenes-y-certificaciones-espanol\\\/ya-hay-las-fechas-de-los-examenes-dele-de-2018\\\/#primaryimage\"},\"image\":{\"@id\":\"https:\\\/\\\/www.inmsol.com\\\/es\\\/examenes-y-certificaciones-espanol\\\/ya-hay-las-fechas-de-los-examenes-dele-de-2018\\\/#primaryimage\"},\"thumbnailUrl\":\"https:\\\/\\\/www.inmsol.com\\\/wp-content\\\/uploads\\\/2017\\\/03\\\/logo.png\",\"datePublished\":\"2017-06-30T08:08:33+00:00\",\"dateModified\":\"2019-04-23T09:52:48+00:00\",\"description\":\"El Instituto Cervantes acaba de publicar las nuevas fechas de los ex\u00e1menes DELE (Diploma de Espa\u00f1ol como Lengua Extranjera) del a\u00f1o 2018.\",\"breadcrumb\":{\"@id\":\"https:\\\/\\\/www.inmsol.com\\\/es\\\/examenes-y-certificaciones-espanol\\\/ya-hay-las-fechas-de-los-examenes-dele-de-2018\\\/#breadcrumb\"},\"inLanguage\":\"es\",\"potentialAction\":[{\"@type\":\"ReadAction\",\"target\":[\"https:\\\/\\\/www.inmsol.com\\\/es\\\/examenes-y-certificaciones-espanol\\\/ya-hay-las-fechas-de-los-examenes-dele-de-2018\\\/\"]}]},{\"@type\":\"ImageObject\",\"inLanguage\":\"es\",\"@id\":\"https:\\\/\\\/www.inmsol.com\\\/es\\\/examenes-y-certificaciones-espanol\\\/ya-hay-las-fechas-de-los-examenes-dele-de-2018\\\/#primaryimage\",\"url\":\"https:\\\/\\\/www.inmsol.com\\\/wp-content\\\/uploads\\\/2017\\\/03\\\/logo.png\",\"contentUrl\":\"https:\\\/\\\/www.inmsol.com\\\/wp-content\\\/uploads\\\/2017\\\/03\\\/logo.png\",\"width\":405,\"height\":291,\"caption\":\"Consejos para aprobar\"},{\"@type\":\"BreadcrumbList\",\"@id\":\"https:\\\/\\\/www.inmsol.com\\\/es\\\/examenes-y-certificaciones-espanol\\\/ya-hay-las-fechas-de-los-examenes-dele-de-2018\\\/#breadcrumb\",\"itemListElement\":[{\"@type\":\"ListItem\",\"position\":1,\"name\":\"Accredited Center by Instituto Cervantes\",\"item\":\"https:\\\/\\\/www.inmsol.com\\\/es\\\/pagina-ejemplo\\\/\"},{\"@type\":\"ListItem\",\"position\":2,\"name\":\"Ex\u00e1menes y Certificaciones Espa\u00f1ol\",\"item\":\"https:\\\/\\\/www.inmsol.com\\\/es\\\/category\\\/examenes-y-certificaciones-espanol\\\/\"},{\"@type\":\"ListItem\",\"position\":3,\"name\":\"\u00a1Ya hay las fechas de los ex\u00e1menes DELE de 2018!\"}]},{\"@type\":\"WebSite\",\"@id\":\"https:\\\/\\\/www.inmsol.com\\\/es\\\/#website\",\"url\":\"https:\\\/\\\/www.inmsol.com\\\/es\\\/\",\"name\":\"iNMSOL\",\"description\":\"Aprenda Espa\u00f1ol con iNMSOL en Granada | Centro Acreditado por el Instituto Cervantes\",\"publisher\":{\"@id\":\"https:\\\/\\\/www.inmsol.com\\\/es\\\/#organization\"},\"potentialAction\":[{\"@type\":\"SearchAction\",\"target\":{\"@type\":\"EntryPoint\",\"urlTemplate\":\"https:\\\/\\\/www.inmsol.com\\\/es\\\/?s={search_term_string}\"},\"query-input\":{\"@type\":\"PropertyValueSpecification\",\"valueRequired\":true,\"valueName\":\"search_term_string\"}}],\"inLanguage\":\"es\"},{\"@type\":\"Organization\",\"@id\":\"https:\\\/\\\/www.inmsol.com\\\/es\\\/#organization\",\"name\":\"Instituto Mediterr\u00e1neo Sol\",\"url\":\"https:\\\/\\\/www.inmsol.com\\\/es\\\/\",\"logo\":{\"@type\":\"ImageObject\",\"inLanguage\":\"es\",\"@id\":\"https:\\\/\\\/www.inmsol.com\\\/es\\\/#\\\/schema\\\/logo\\\/image\\\/\",\"url\":\"https:\\\/\\\/www.inmsol.com\\\/wp-content\\\/uploads\\\/2023\\\/06\\\/logo-inmsol-1.png\",\"contentUrl\":\"https:\\\/\\\/www.inmsol.com\\\/wp-content\\\/uploads\\\/2023\\\/06\\\/logo-inmsol-1.png\",\"width\":136,\"height\":73,\"caption\":\"Instituto Mediterr\u00e1neo Sol\"},\"image\":{\"@id\":\"https:\\\/\\\/www.inmsol.com\\\/es\\\/#\\\/schema\\\/logo\\\/image\\\/\"},\"sameAs\":[\"https:\\\/\\\/www.facebook.com\\\/spanishcourses\",\"https:\\\/\\\/x.com\\\/StudyInGranada\",\"http:\\\/\\\/instagram.com\\\/imsolgranada\",\"https:\\\/\\\/es.linkedin.com\\\/company\\\/imsol-granada\",\"https:\\\/\\\/www.pinterest.es\\\/inmsol\\\/\",\"https:\\\/\\\/www.youtube.com\\\/channel\\\/UChz-Qn_7coFMosY85iYMO4g\"]},{\"@type\":\"Person\",\"@id\":\"https:\\\/\\\/www.inmsol.com\\\/es\\\/#\\\/schema\\\/person\\\/94a7a01d14a56d1fbc49c841ffc57fe9\",\"name\":\"- Instituto Mediterr\u00e1neo Sol\",\"image\":{\"@type\":\"ImageObject\",\"inLanguage\":\"es\",\"@id\":\"https:\\\/\\\/secure.gravatar.com\\\/avatar\\\/5607fdabdf1b548b6095cc3d43079829bc1497403e70dd34004e7204a8fef62b?s=96&d=mm&r=g\",\"url\":\"https:\\\/\\\/secure.gravatar.com\\\/avatar\\\/5607fdabdf1b548b6095cc3d43079829bc1497403e70dd34004e7204a8fef62b?s=96&d=mm&r=g\",\"contentUrl\":\"https:\\\/\\\/secure.gravatar.com\\\/avatar\\\/5607fdabdf1b548b6095cc3d43079829bc1497403e70dd34004e7204a8fef62b?s=96&d=mm&r=g\",\"caption\":\"- Instituto Mediterr\u00e1neo Sol\"},\"url\":\"https:\\\/\\\/www.inmsol.com\\\/es\\\/author\\\/laura\\\/\"}]}<\/script>\n<!-- \/ Yoast SEO plugin. -->","yoast_head_json":{"title":"\u00a1Ya hay las fechas de los ex\u00e1menes DELE de 2018! | iNMSOL Blog","description":"El Instituto Cervantes acaba de publicar las nuevas fechas de los ex\u00e1menes DELE (Diploma de Espa\u00f1ol como Lengua Extranjera) del a\u00f1o 2018.","robots":{"index":"index","follow":"follow","max-snippet":"max-snippet:-1","max-image-preview":"max-image-preview:large","max-video-preview":"max-video-preview:-1"},"canonical":"https:\/\/www.inmsol.com\/es\/examenes-y-certificaciones-espanol\/ya-hay-las-fechas-de-los-examenes-dele-de-2018\/","og_locale":"es_ES","og_type":"article","og_title":"\u00a1Ya hay las fechas de los ex\u00e1menes DELE de 2018! | iNMSOL Blog","og_description":"El Instituto Cervantes acaba de publicar las nuevas fechas de los ex\u00e1menes DELE (Diploma de Espa\u00f1ol como Lengua Extranjera) del a\u00f1o 2018.","og_url":"https:\/\/www.inmsol.com\/es\/examenes-y-certificaciones-espanol\/ya-hay-las-fechas-de-los-examenes-dele-de-2018\/","og_site_name":"iNMSOL","article_publisher":"https:\/\/www.facebook.com\/spanishcourses","article_published_time":"2017-06-30T08:08:33+00:00","article_modified_time":"2019-04-23T09:52:48+00:00","og_image":[{"width":405,"height":291,"url":"https:\/\/www.inmsol.com\/wp-content\/uploads\/2017\/03\/logo.png","type":"image\/png"}],"author":"- Instituto Mediterr\u00e1neo Sol","twitter_misc":{"Escrito por":"- Instituto Mediterr\u00e1neo Sol","Tiempo de lectura":"2 minutos"},"schema":{"@context":"https:\/\/schema.org","@graph":[{"@type":"Article","@id":"https:\/\/www.inmsol.com\/es\/examenes-y-certificaciones-espanol\/ya-hay-las-fechas-de-los-examenes-dele-de-2018\/#article","isPartOf":{"@id":"https:\/\/www.inmsol.com\/es\/examenes-y-certificaciones-espanol\/ya-hay-las-fechas-de-los-examenes-dele-de-2018\/"},"author":{"name":"- Instituto Mediterr\u00e1neo Sol","@id":"https:\/\/www.inmsol.com\/es\/#\/schema\/person\/94a7a01d14a56d1fbc49c841ffc57fe9"},"headline":"\u00a1Ya hay las fechas de los ex\u00e1menes DELE de 2018!","datePublished":"2017-06-30T08:08:33+00:00","dateModified":"2019-04-23T09:52:48+00:00","mainEntityOfPage":{"@id":"https:\/\/www.inmsol.com\/es\/examenes-y-certificaciones-espanol\/ya-hay-las-fechas-de-los-examenes-dele-de-2018\/"},"wordCount":406,"publisher":{"@id":"https:\/\/www.inmsol.com\/es\/#organization"},"image":{"@id":"https:\/\/www.inmsol.com\/es\/examenes-y-certificaciones-espanol\/ya-hay-las-fechas-de-los-examenes-dele-de-2018\/#primaryimage"},"thumbnailUrl":"https:\/\/www.inmsol.com\/wp-content\/uploads\/2017\/03\/logo.png","articleSection":["Ex\u00e1menes y Certificaciones Espa\u00f1ol"],"inLanguage":"es"},{"@type":"WebPage","@id":"https:\/\/www.inmsol.com\/es\/examenes-y-certificaciones-espanol\/ya-hay-las-fechas-de-los-examenes-dele-de-2018\/","url":"https:\/\/www.inmsol.com\/es\/examenes-y-certificaciones-espanol\/ya-hay-las-fechas-de-los-examenes-dele-de-2018\/","name":"\u00a1Ya hay las fechas de los ex\u00e1menes DELE de 2018! | iNMSOL Blog","isPartOf":{"@id":"https:\/\/www.inmsol.com\/es\/#website"},"primaryImageOfPage":{"@id":"https:\/\/www.inmsol.com\/es\/examenes-y-certificaciones-espanol\/ya-hay-las-fechas-de-los-examenes-dele-de-2018\/#primaryimage"},"image":{"@id":"https:\/\/www.inmsol.com\/es\/examenes-y-certificaciones-espanol\/ya-hay-las-fechas-de-los-examenes-dele-de-2018\/#primaryimage"},"thumbnailUrl":"https:\/\/www.inmsol.com\/wp-content\/uploads\/2017\/03\/logo.png","datePublished":"2017-06-30T08:08:33+00:00","dateModified":"2019-04-23T09:52:48+00:00","description":"El Instituto Cervantes acaba de publicar las nuevas fechas de los ex\u00e1menes DELE (Diploma de Espa\u00f1ol como Lengua Extranjera) del a\u00f1o 2018.","breadcrumb":{"@id":"https:\/\/www.inmsol.com\/es\/examenes-y-certificaciones-espanol\/ya-hay-las-fechas-de-los-examenes-dele-de-2018\/#breadcrumb"},"inLanguage":"es","potentialAction":[{"@type":"ReadAction","target":["https:\/\/www.inmsol.com\/es\/examenes-y-certificaciones-espanol\/ya-hay-las-fechas-de-los-examenes-dele-de-2018\/"]}]},{"@type":"ImageObject","inLanguage":"es","@id":"https:\/\/www.inmsol.com\/es\/examenes-y-certificaciones-espanol\/ya-hay-las-fechas-de-los-examenes-dele-de-2018\/#primaryimage","url":"https:\/\/www.inmsol.com\/wp-content\/uploads\/2017\/03\/logo.png","contentUrl":"https:\/\/www.inmsol.com\/wp-content\/uploads\/2017\/03\/logo.png","width":405,"height":291,"caption":"Consejos para aprobar"},{"@type":"BreadcrumbList","@id":"https:\/\/www.inmsol.com\/es\/examenes-y-certificaciones-espanol\/ya-hay-las-fechas-de-los-examenes-dele-de-2018\/#breadcrumb","itemListElement":[{"@type":"ListItem","position":1,"name":"Accredited Center by Instituto Cervantes","item":"https:\/\/www.inmsol.com\/es\/pagina-ejemplo\/"},{"@type":"ListItem","position":2,"name":"Ex\u00e1menes y Certificaciones Espa\u00f1ol","item":"https:\/\/www.inmsol.com\/es\/category\/examenes-y-certificaciones-espanol\/"},{"@type":"ListItem","position":3,"name":"\u00a1Ya hay las fechas de los ex\u00e1menes DELE de 2018!"}]},{"@type":"WebSite","@id":"https:\/\/www.inmsol.com\/es\/#website","url":"https:\/\/www.inmsol.com\/es\/","name":"iNMSOL","description":"Aprenda Espa\u00f1ol con iNMSOL en Granada | Centro Acreditado por el Instituto Cervantes","publisher":{"@id":"https:\/\/www.inmsol.com\/es\/#organization"},"potentialAction":[{"@type":"SearchAction","target":{"@type":"EntryPoint","urlTemplate":"https:\/\/www.inmsol.com\/es\/?s={search_term_string}"},"query-input":{"@type":"PropertyValueSpecification","valueRequired":true,"valueName":"search_term_string"}}],"inLanguage":"es"},{"@type":"Organization","@id":"https:\/\/www.inmsol.com\/es\/#organization","name":"Instituto Mediterr\u00e1neo Sol","url":"https:\/\/www.inmsol.com\/es\/","logo":{"@type":"ImageObject","inLanguage":"es","@id":"https:\/\/www.inmsol.com\/es\/#\/schema\/logo\/image\/","url":"https:\/\/www.inmsol.com\/wp-content\/uploads\/2023\/06\/logo-inmsol-1.png","contentUrl":"https:\/\/www.inmsol.com\/wp-content\/uploads\/2023\/06\/logo-inmsol-1.png","width":136,"height":73,"caption":"Instituto Mediterr\u00e1neo Sol"},"image":{"@id":"https:\/\/www.inmsol.com\/es\/#\/schema\/logo\/image\/"},"sameAs":["https:\/\/www.facebook.com\/spanishcourses","https:\/\/x.com\/StudyInGranada","http:\/\/instagram.com\/imsolgranada","https:\/\/es.linkedin.com\/company\/imsol-granada","https:\/\/www.pinterest.es\/inmsol\/","https:\/\/www.youtube.com\/channel\/UChz-Qn_7coFMosY85iYMO4g"]},{"@type":"Person","@id":"https:\/\/www.inmsol.com\/es\/#\/schema\/person\/94a7a01d14a56d1fbc49c841ffc57fe9","name":"- Instituto Mediterr\u00e1neo Sol","image":{"@type":"ImageObject","inLanguage":"es","@id":"https:\/\/secure.gravatar.com\/avatar\/5607fdabdf1b548b6095cc3d43079829bc1497403e70dd34004e7204a8fef62b?s=96&d=mm&r=g","url":"https:\/\/secure.gravatar.com\/avatar\/5607fdabdf1b548b6095cc3d43079829bc1497403e70dd34004e7204a8fef62b?s=96&d=mm&r=g","contentUrl":"https:\/\/secure.gravatar.com\/avatar\/5607fdabdf1b548b6095cc3d43079829bc1497403e70dd34004e7204a8fef62b?s=96&d=mm&r=g","caption":"- Instituto Mediterr\u00e1neo Sol"},"url":"https:\/\/www.inmsol.com\/es\/author\/laura\/"}]}},"_links":{"self":[{"href":"https:\/\/www.inmsol.com\/es\/wp-json\/wp\/v2\/posts\/32449","targetHints":{"allow":["GET"]}}],"collection":[{"href":"https:\/\/www.inmsol.com\/es\/wp-json\/wp\/v2\/posts"}],"about":[{"href":"https:\/\/www.inmsol.com\/es\/wp-json\/wp\/v2\/types\/post"}],"author":[{"embeddable":true,"href":"https:\/\/www.inmsol.com\/es\/wp-json\/wp\/v2\/users\/3"}],"replies":[{"embeddable":true,"href":"https:\/\/www.inmsol.com\/es\/wp-json\/wp\/v2\/comments?post=32449"}],"version-history":[{"count":0,"href":"https:\/\/www.inmsol.com\/es\/wp-json\/wp\/v2\/posts\/32449\/revisions"}],"wp:featuredmedia":[{"embeddable":true,"href":"https:\/\/www.inmsol.com\/es\/wp-json\/wp\/v2\/media\/31431"}],"wp:attachment":[{"href":"https:\/\/www.inmsol.com\/es\/wp-json\/wp\/v2\/media?parent=32449"}],"wp:term":[{"taxonomy":"category","embeddable":true,"href":"https:\/\/www.inmsol.com\/es\/wp-json\/wp\/v2\/categories?post=32449"},{"taxonomy":"post_tag","embeddable":true,"href":"https:\/\/www.inmsol.com\/es\/wp-json\/wp\/v2\/tags?post=32449"}],"curies":[{"name":"wp","href":"https:\/\/api.w.org\/{rel}","templated":true}]}}