{"id":32456,"date":"2017-06-30T12:03:48","date_gmt":"2017-06-30T10:03:48","guid":{"rendered":"https:\/\/www.inmsol.com\/?p=32456\/"},"modified":"2017-06-30T14:09:28","modified_gmt":"2017-06-30T12:09:28","slug":"la-leyenda-de-la-encantada","status":"publish","type":"post","link":"https:\/\/www.inmsol.com\/es\/blog-escuela\/leyendas-granada\/la-leyenda-de-la-encantada\/","title":{"rendered":"La Leyenda de la Encantada"},"content":{"rendered":"<h2>\u00bfD\u00f3nde nace la leyenda?<\/h2>\n<p>La leyenda que hoy les vamos a mostrar tiene su origen en la ocupaci\u00f3n de los celtas en la Pen\u00ednsula. En aquel tiempo Espa\u00f1a se organizaba en diferentes tribus que formaban parte de dos culturas mayoritarias (<strong>los \u00edberos y los celtas<\/strong>). Granada no lleg\u00f3 a ser ocupada por los celtas, sin embargo exist\u00eda un pueblo \u00edbero muy importante en la zona. <strong>Los bastetanos<\/strong>, que as\u00ed bautizaron los romanos a los habitantes de la ciudad que llamaron <strong>Basti<\/strong> (actualmente Baza) poblaban el sureste de la pen\u00ednsula ib\u00e9rica. Incluye con esto toda la actual provincia de Granada.<\/p>\n<p>Para leer esta historia te recomendamos que te empapes de la cultura que la rodea. Conoce <strong>la Sierra de Baza<\/strong> y escucha Caitrodantiana, la obra que se acerca a las distintas partes m\u00edsticas de Granada. Una de ellas, como no, la leyenda de la encantada (o encant\u00e1) de Baza).<\/p>\n<p><iframe title=\"CAITRODANTIANA: Leyenda de la Encantada (Danza) (Tercer Movimiento)\" width=\"1060\" height=\"596\" src=\"https:\/\/www.youtube.com\/embed\/ShzoZO5BefM?feature=oembed\" frameborder=\"0\" allow=\"accelerometer; autoplay; clipboard-write; encrypted-media; gyroscope; picture-in-picture; web-share\" referrerpolicy=\"strict-origin-when-cross-origin\" allowfullscreen><\/iframe><\/p>\n<h2><img fetchpriority=\"high\" decoding=\"async\" class=\"size-medium wp-image-32460 alignright\" src=\"https:\/\/www.inmsol.com\/wp-content\/uploads\/2017\/06\/la-leyenda-de-la-encantada-460x259.jpg\" alt=\"La leyenda de la encantada\" width=\"460\" height=\"259\" srcset=\"https:\/\/www.inmsol.com\/wp-content\/uploads\/2017\/06\/la-leyenda-de-la-encantada-460x259.jpg 460w, https:\/\/www.inmsol.com\/wp-content\/uploads\/2017\/06\/la-leyenda-de-la-encantada-800x450.jpg 800w, https:\/\/www.inmsol.com\/wp-content\/uploads\/2017\/06\/la-leyenda-de-la-encantada-64x36.jpg 64w, https:\/\/www.inmsol.com\/wp-content\/uploads\/2017\/06\/la-leyenda-de-la-encantada-768x432.jpg 768w, https:\/\/www.inmsol.com\/wp-content\/uploads\/2017\/06\/la-leyenda-de-la-encantada-1024x576.jpg 1024w, https:\/\/www.inmsol.com\/wp-content\/uploads\/2017\/06\/la-leyenda-de-la-encantada-250x141.jpg 250w, https:\/\/www.inmsol.com\/wp-content\/uploads\/2017\/06\/la-leyenda-de-la-encantada-600x338.jpg 600w, https:\/\/www.inmsol.com\/wp-content\/uploads\/2017\/06\/la-leyenda-de-la-encantada.jpg 1500w\" sizes=\"(max-width: 460px) 100vw, 460px\" \/>La leyenda de la encantada<\/h2>\n<p>En el entorno de la <strong>Terrera de los Alg\u00e1rvez<\/strong>, en el <strong>Parque Natural de la Sierra de Baza<\/strong> encontramos docenas de cuevas con varias ventanas. Hoy, esas cuevas se han convertido en casas que son reclamo tur\u00edstico de la zona. La leyenda cuenta que al alba de la noche de cada d\u00eda San Juan por la ventana de una de las cuevas <strong>aparec\u00eda una joven<\/strong>. Esta joven llevaba un peine en la mano derecha y una daga en la izquierda. La bella joven de cabello largo y negro capt\u00f3 la atenci\u00f3n del pueblo por su misticismo. Los vecinos acud\u00edan a visitarla cada comienzo del verano para admirar su belleza.<\/p>\n<p>Un d\u00eda la joven hizo un ofrecimiento a uno de los hombres que la miraba: \u00ab\u00bfY qu\u00e9 prefieres: la dama, el peine o la daga?\u00bb. El hombre contest\u00f3 que la daga y ella se enfad\u00f3 con todos los que all\u00ed estaban. Fue entonces cuando contest\u00f3: \u00ab\u00a1pues con ella te atraviesen el alma, porque me has encantado para otro tanto tiempo!\u00bb.<\/p>\n<h2>Detr\u00e1s de la leyenda<\/h2>\n<p>Esta historia forma parte del <strong>folclore de Andaluc\u00eda Oriental<\/strong>. Hay muchas leyendas similares con focos en distintas zonas de la pen\u00ednsula. Sin embargo pocos le dan valor a la veracidad de la historia. Donde realmente se halla el valor es en la m\u00edstica y la poes\u00eda de la historia. Lo que hace tan potente esta historia es, su cultura. Una cultura que se representa en la leyenda en un encantamiento que no se cuenta; una met\u00e1fora sobre lo que nos atrae. La figura de una belleza castigada, de una mujer que sufre por los pecados de los hombres.<\/p>\n","protected":false},"excerpt":{"rendered":"<p>Conoce la Leyenda de la Encantada de Baza. Se remonta a tiempos en los que \u00edberos y celtas poblaban la pen\u00ednsula ib\u00e9rica. Una joven se deja ver en una cueva.<\/p>\n","protected":false},"author":2,"featured_media":32460,"comment_status":"closed","ping_status":"closed","sticky":false,"template":"","format":"standard","meta":{"_acf_changed":false,"footnotes":""},"categories":[272],"tags":[],"class_list":["post-32456","post","type-post","status-publish","format-standard","has-post-thumbnail","hentry","category-leyendas-granada"],"acf":[],"yoast_head":"<!-- This site is optimized with the Yoast SEO plugin v27.5 - https:\/\/yoast.com\/product\/yoast-seo-wordpress\/ -->\n<title>La leyenda de la encantada - Leyendas de Granada<\/title>\n<meta name=\"description\" content=\"Conoce la Leyenda de la Encantada de Baza. Se remonta a tiempos en los que \u00edberos y celtas poblaban la pen\u00ednsula ib\u00e9rica. Una joven se deja ver en una cueva\" \/>\n<meta name=\"robots\" content=\"index, follow, max-snippet:-1, max-image-preview:large, max-video-preview:-1\" \/>\n<link rel=\"canonical\" href=\"https:\/\/www.inmsol.com\/es\/blog-escuela\/leyendas-granada\/la-leyenda-de-la-encantada\/\" \/>\n<meta property=\"og:locale\" content=\"es_ES\" \/>\n<meta property=\"og:type\" content=\"article\" \/>\n<meta property=\"og:title\" content=\"La leyenda de la encantada - Leyendas de Granada\" \/>\n<meta property=\"og:description\" content=\"Conoce la Leyenda de la Encantada de Baza. Se remonta a tiempos en los que \u00edberos y celtas poblaban la pen\u00ednsula ib\u00e9rica. Una joven se deja ver en una cueva\" \/>\n<meta property=\"og:url\" content=\"https:\/\/www.inmsol.com\/es\/blog-escuela\/leyendas-granada\/la-leyenda-de-la-encantada\/\" \/>\n<meta property=\"og:site_name\" content=\"iNMSOL\" \/>\n<meta property=\"article:publisher\" content=\"https:\/\/www.facebook.com\/spanishcourses\" \/>\n<meta property=\"article:published_time\" content=\"2017-06-30T10:03:48+00:00\" \/>\n<meta property=\"article:modified_time\" content=\"2017-06-30T12:09:28+00:00\" \/>\n<meta property=\"og:image\" content=\"https:\/\/www.inmsol.com\/wp-content\/uploads\/2017\/06\/la-leyenda-de-la-encantada.jpg\" \/>\n\t<meta property=\"og:image:width\" content=\"1500\" \/>\n\t<meta property=\"og:image:height\" content=\"844\" \/>\n\t<meta property=\"og:image:type\" content=\"image\/jpeg\" \/>\n<meta name=\"author\" content=\"Javier Torres\" \/>\n<meta name=\"twitter:label1\" content=\"Escrito por\" \/>\n\t<meta name=\"twitter:data1\" content=\"Javier Torres\" \/>\n\t<meta name=\"twitter:label2\" content=\"Tiempo de lectura\" \/>\n\t<meta name=\"twitter:data2\" content=\"2 minutos\" \/>\n<script type=\"application\/ld+json\" class=\"yoast-schema-graph\">{\"@context\":\"https:\\\/\\\/schema.org\",\"@graph\":[{\"@type\":\"Article\",\"@id\":\"https:\\\/\\\/www.inmsol.com\\\/es\\\/blog-escuela\\\/leyendas-granada\\\/la-leyenda-de-la-encantada\\\/#article\",\"isPartOf\":{\"@id\":\"https:\\\/\\\/www.inmsol.com\\\/es\\\/blog-escuela\\\/leyendas-granada\\\/la-leyenda-de-la-encantada\\\/\"},\"author\":{\"name\":\"Javier Torres\",\"@id\":\"https:\\\/\\\/www.inmsol.com\\\/es\\\/#\\\/schema\\\/person\\\/18f18acd0397ef441e373e79ec3eb6ea\"},\"headline\":\"La Leyenda de la Encantada\",\"datePublished\":\"2017-06-30T10:03:48+00:00\",\"dateModified\":\"2017-06-30T12:09:28+00:00\",\"mainEntityOfPage\":{\"@id\":\"https:\\\/\\\/www.inmsol.com\\\/es\\\/blog-escuela\\\/leyendas-granada\\\/la-leyenda-de-la-encantada\\\/\"},\"wordCount\":460,\"publisher\":{\"@id\":\"https:\\\/\\\/www.inmsol.com\\\/es\\\/#organization\"},\"image\":{\"@id\":\"https:\\\/\\\/www.inmsol.com\\\/es\\\/blog-escuela\\\/leyendas-granada\\\/la-leyenda-de-la-encantada\\\/#primaryimage\"},\"thumbnailUrl\":\"https:\\\/\\\/www.inmsol.com\\\/wp-content\\\/uploads\\\/2017\\\/06\\\/la-leyenda-de-la-encantada.jpg\",\"articleSection\":[\"Leyendas de Granada\"],\"inLanguage\":\"es\"},{\"@type\":\"WebPage\",\"@id\":\"https:\\\/\\\/www.inmsol.com\\\/es\\\/blog-escuela\\\/leyendas-granada\\\/la-leyenda-de-la-encantada\\\/\",\"url\":\"https:\\\/\\\/www.inmsol.com\\\/es\\\/blog-escuela\\\/leyendas-granada\\\/la-leyenda-de-la-encantada\\\/\",\"name\":\"La leyenda de la encantada - Leyendas de Granada\",\"isPartOf\":{\"@id\":\"https:\\\/\\\/www.inmsol.com\\\/es\\\/#website\"},\"primaryImageOfPage\":{\"@id\":\"https:\\\/\\\/www.inmsol.com\\\/es\\\/blog-escuela\\\/leyendas-granada\\\/la-leyenda-de-la-encantada\\\/#primaryimage\"},\"image\":{\"@id\":\"https:\\\/\\\/www.inmsol.com\\\/es\\\/blog-escuela\\\/leyendas-granada\\\/la-leyenda-de-la-encantada\\\/#primaryimage\"},\"thumbnailUrl\":\"https:\\\/\\\/www.inmsol.com\\\/wp-content\\\/uploads\\\/2017\\\/06\\\/la-leyenda-de-la-encantada.jpg\",\"datePublished\":\"2017-06-30T10:03:48+00:00\",\"dateModified\":\"2017-06-30T12:09:28+00:00\",\"description\":\"Conoce la Leyenda de la Encantada de Baza. Se remonta a tiempos en los que \u00edberos y celtas poblaban la pen\u00ednsula ib\u00e9rica. Una joven se deja ver en una cueva\",\"breadcrumb\":{\"@id\":\"https:\\\/\\\/www.inmsol.com\\\/es\\\/blog-escuela\\\/leyendas-granada\\\/la-leyenda-de-la-encantada\\\/#breadcrumb\"},\"inLanguage\":\"es\",\"potentialAction\":[{\"@type\":\"ReadAction\",\"target\":[\"https:\\\/\\\/www.inmsol.com\\\/es\\\/blog-escuela\\\/leyendas-granada\\\/la-leyenda-de-la-encantada\\\/\"]}]},{\"@type\":\"ImageObject\",\"inLanguage\":\"es\",\"@id\":\"https:\\\/\\\/www.inmsol.com\\\/es\\\/blog-escuela\\\/leyendas-granada\\\/la-leyenda-de-la-encantada\\\/#primaryimage\",\"url\":\"https:\\\/\\\/www.inmsol.com\\\/wp-content\\\/uploads\\\/2017\\\/06\\\/la-leyenda-de-la-encantada.jpg\",\"contentUrl\":\"https:\\\/\\\/www.inmsol.com\\\/wp-content\\\/uploads\\\/2017\\\/06\\\/la-leyenda-de-la-encantada.jpg\",\"width\":1500,\"height\":844,\"caption\":\"La leyenda de la encantada\"},{\"@type\":\"BreadcrumbList\",\"@id\":\"https:\\\/\\\/www.inmsol.com\\\/es\\\/blog-escuela\\\/leyendas-granada\\\/la-leyenda-de-la-encantada\\\/#breadcrumb\",\"itemListElement\":[{\"@type\":\"ListItem\",\"position\":1,\"name\":\"Accredited Center by Instituto Cervantes\",\"item\":\"https:\\\/\\\/www.inmsol.com\\\/es\\\/pagina-ejemplo\\\/\"},{\"@type\":\"ListItem\",\"position\":2,\"name\":\"Blog Escuela Espa\u00f1ol\",\"item\":\"https:\\\/\\\/www.inmsol.com\\\/es\\\/category\\\/blog-escuela\\\/\"},{\"@type\":\"ListItem\",\"position\":3,\"name\":\"Leyendas de Granada\",\"item\":\"https:\\\/\\\/www.inmsol.com\\\/es\\\/category\\\/blog-escuela\\\/leyendas-granada\\\/\"},{\"@type\":\"ListItem\",\"position\":4,\"name\":\"La Leyenda de la Encantada\"}]},{\"@type\":\"WebSite\",\"@id\":\"https:\\\/\\\/www.inmsol.com\\\/es\\\/#website\",\"url\":\"https:\\\/\\\/www.inmsol.com\\\/es\\\/\",\"name\":\"iNMSOL\",\"description\":\"Aprenda Espa\u00f1ol con iNMSOL en Granada | Centro Acreditado por el Instituto Cervantes\",\"publisher\":{\"@id\":\"https:\\\/\\\/www.inmsol.com\\\/es\\\/#organization\"},\"potentialAction\":[{\"@type\":\"SearchAction\",\"target\":{\"@type\":\"EntryPoint\",\"urlTemplate\":\"https:\\\/\\\/www.inmsol.com\\\/es\\\/?s={search_term_string}\"},\"query-input\":{\"@type\":\"PropertyValueSpecification\",\"valueRequired\":true,\"valueName\":\"search_term_string\"}}],\"inLanguage\":\"es\"},{\"@type\":\"Organization\",\"@id\":\"https:\\\/\\\/www.inmsol.com\\\/es\\\/#organization\",\"name\":\"Instituto Mediterr\u00e1neo Sol\",\"url\":\"https:\\\/\\\/www.inmsol.com\\\/es\\\/\",\"logo\":{\"@type\":\"ImageObject\",\"inLanguage\":\"es\",\"@id\":\"https:\\\/\\\/www.inmsol.com\\\/es\\\/#\\\/schema\\\/logo\\\/image\\\/\",\"url\":\"https:\\\/\\\/www.inmsol.com\\\/wp-content\\\/uploads\\\/2023\\\/06\\\/logo-inmsol-1.png\",\"contentUrl\":\"https:\\\/\\\/www.inmsol.com\\\/wp-content\\\/uploads\\\/2023\\\/06\\\/logo-inmsol-1.png\",\"width\":136,\"height\":73,\"caption\":\"Instituto Mediterr\u00e1neo Sol\"},\"image\":{\"@id\":\"https:\\\/\\\/www.inmsol.com\\\/es\\\/#\\\/schema\\\/logo\\\/image\\\/\"},\"sameAs\":[\"https:\\\/\\\/www.facebook.com\\\/spanishcourses\",\"https:\\\/\\\/x.com\\\/StudyInGranada\",\"http:\\\/\\\/instagram.com\\\/imsolgranada\",\"https:\\\/\\\/es.linkedin.com\\\/company\\\/imsol-granada\",\"https:\\\/\\\/www.pinterest.es\\\/inmsol\\\/\",\"https:\\\/\\\/www.youtube.com\\\/channel\\\/UChz-Qn_7coFMosY85iYMO4g\"]},{\"@type\":\"Person\",\"@id\":\"https:\\\/\\\/www.inmsol.com\\\/es\\\/#\\\/schema\\\/person\\\/18f18acd0397ef441e373e79ec3eb6ea\",\"name\":\"Javier Torres\",\"image\":{\"@type\":\"ImageObject\",\"inLanguage\":\"es\",\"@id\":\"https:\\\/\\\/secure.gravatar.com\\\/avatar\\\/90afa2d6499550218d247408758082af566e5ec3641e1b8eac0d7bb889344a55?s=96&d=mm&r=g\",\"url\":\"https:\\\/\\\/secure.gravatar.com\\\/avatar\\\/90afa2d6499550218d247408758082af566e5ec3641e1b8eac0d7bb889344a55?s=96&d=mm&r=g\",\"contentUrl\":\"https:\\\/\\\/secure.gravatar.com\\\/avatar\\\/90afa2d6499550218d247408758082af566e5ec3641e1b8eac0d7bb889344a55?s=96&d=mm&r=g\",\"caption\":\"Javier Torres\"},\"url\":\"https:\\\/\\\/www.inmsol.com\\\/es\\\/author\\\/javier\\\/\"}]}<\/script>\n<!-- \/ Yoast SEO plugin. -->","yoast_head_json":{"title":"La leyenda de la encantada - Leyendas de Granada","description":"Conoce la Leyenda de la Encantada de Baza. Se remonta a tiempos en los que \u00edberos y celtas poblaban la pen\u00ednsula ib\u00e9rica. Una joven se deja ver en una cueva","robots":{"index":"index","follow":"follow","max-snippet":"max-snippet:-1","max-image-preview":"max-image-preview:large","max-video-preview":"max-video-preview:-1"},"canonical":"https:\/\/www.inmsol.com\/es\/blog-escuela\/leyendas-granada\/la-leyenda-de-la-encantada\/","og_locale":"es_ES","og_type":"article","og_title":"La leyenda de la encantada - Leyendas de Granada","og_description":"Conoce la Leyenda de la Encantada de Baza. Se remonta a tiempos en los que \u00edberos y celtas poblaban la pen\u00ednsula ib\u00e9rica. Una joven se deja ver en una cueva","og_url":"https:\/\/www.inmsol.com\/es\/blog-escuela\/leyendas-granada\/la-leyenda-de-la-encantada\/","og_site_name":"iNMSOL","article_publisher":"https:\/\/www.facebook.com\/spanishcourses","article_published_time":"2017-06-30T10:03:48+00:00","article_modified_time":"2017-06-30T12:09:28+00:00","og_image":[{"width":1500,"height":844,"url":"https:\/\/www.inmsol.com\/wp-content\/uploads\/2017\/06\/la-leyenda-de-la-encantada.jpg","type":"image\/jpeg"}],"author":"Javier Torres","twitter_misc":{"Escrito por":"Javier Torres","Tiempo de lectura":"2 minutos"},"schema":{"@context":"https:\/\/schema.org","@graph":[{"@type":"Article","@id":"https:\/\/www.inmsol.com\/es\/blog-escuela\/leyendas-granada\/la-leyenda-de-la-encantada\/#article","isPartOf":{"@id":"https:\/\/www.inmsol.com\/es\/blog-escuela\/leyendas-granada\/la-leyenda-de-la-encantada\/"},"author":{"name":"Javier Torres","@id":"https:\/\/www.inmsol.com\/es\/#\/schema\/person\/18f18acd0397ef441e373e79ec3eb6ea"},"headline":"La Leyenda de la Encantada","datePublished":"2017-06-30T10:03:48+00:00","dateModified":"2017-06-30T12:09:28+00:00","mainEntityOfPage":{"@id":"https:\/\/www.inmsol.com\/es\/blog-escuela\/leyendas-granada\/la-leyenda-de-la-encantada\/"},"wordCount":460,"publisher":{"@id":"https:\/\/www.inmsol.com\/es\/#organization"},"image":{"@id":"https:\/\/www.inmsol.com\/es\/blog-escuela\/leyendas-granada\/la-leyenda-de-la-encantada\/#primaryimage"},"thumbnailUrl":"https:\/\/www.inmsol.com\/wp-content\/uploads\/2017\/06\/la-leyenda-de-la-encantada.jpg","articleSection":["Leyendas de Granada"],"inLanguage":"es"},{"@type":"WebPage","@id":"https:\/\/www.inmsol.com\/es\/blog-escuela\/leyendas-granada\/la-leyenda-de-la-encantada\/","url":"https:\/\/www.inmsol.com\/es\/blog-escuela\/leyendas-granada\/la-leyenda-de-la-encantada\/","name":"La leyenda de la encantada - Leyendas de Granada","isPartOf":{"@id":"https:\/\/www.inmsol.com\/es\/#website"},"primaryImageOfPage":{"@id":"https:\/\/www.inmsol.com\/es\/blog-escuela\/leyendas-granada\/la-leyenda-de-la-encantada\/#primaryimage"},"image":{"@id":"https:\/\/www.inmsol.com\/es\/blog-escuela\/leyendas-granada\/la-leyenda-de-la-encantada\/#primaryimage"},"thumbnailUrl":"https:\/\/www.inmsol.com\/wp-content\/uploads\/2017\/06\/la-leyenda-de-la-encantada.jpg","datePublished":"2017-06-30T10:03:48+00:00","dateModified":"2017-06-30T12:09:28+00:00","description":"Conoce la Leyenda de la Encantada de Baza. Se remonta a tiempos en los que \u00edberos y celtas poblaban la pen\u00ednsula ib\u00e9rica. Una joven se deja ver en una cueva","breadcrumb":{"@id":"https:\/\/www.inmsol.com\/es\/blog-escuela\/leyendas-granada\/la-leyenda-de-la-encantada\/#breadcrumb"},"inLanguage":"es","potentialAction":[{"@type":"ReadAction","target":["https:\/\/www.inmsol.com\/es\/blog-escuela\/leyendas-granada\/la-leyenda-de-la-encantada\/"]}]},{"@type":"ImageObject","inLanguage":"es","@id":"https:\/\/www.inmsol.com\/es\/blog-escuela\/leyendas-granada\/la-leyenda-de-la-encantada\/#primaryimage","url":"https:\/\/www.inmsol.com\/wp-content\/uploads\/2017\/06\/la-leyenda-de-la-encantada.jpg","contentUrl":"https:\/\/www.inmsol.com\/wp-content\/uploads\/2017\/06\/la-leyenda-de-la-encantada.jpg","width":1500,"height":844,"caption":"La leyenda de la encantada"},{"@type":"BreadcrumbList","@id":"https:\/\/www.inmsol.com\/es\/blog-escuela\/leyendas-granada\/la-leyenda-de-la-encantada\/#breadcrumb","itemListElement":[{"@type":"ListItem","position":1,"name":"Accredited Center by Instituto Cervantes","item":"https:\/\/www.inmsol.com\/es\/pagina-ejemplo\/"},{"@type":"ListItem","position":2,"name":"Blog Escuela Espa\u00f1ol","item":"https:\/\/www.inmsol.com\/es\/category\/blog-escuela\/"},{"@type":"ListItem","position":3,"name":"Leyendas de Granada","item":"https:\/\/www.inmsol.com\/es\/category\/blog-escuela\/leyendas-granada\/"},{"@type":"ListItem","position":4,"name":"La Leyenda de la Encantada"}]},{"@type":"WebSite","@id":"https:\/\/www.inmsol.com\/es\/#website","url":"https:\/\/www.inmsol.com\/es\/","name":"iNMSOL","description":"Aprenda Espa\u00f1ol con iNMSOL en Granada | Centro Acreditado por el Instituto Cervantes","publisher":{"@id":"https:\/\/www.inmsol.com\/es\/#organization"},"potentialAction":[{"@type":"SearchAction","target":{"@type":"EntryPoint","urlTemplate":"https:\/\/www.inmsol.com\/es\/?s={search_term_string}"},"query-input":{"@type":"PropertyValueSpecification","valueRequired":true,"valueName":"search_term_string"}}],"inLanguage":"es"},{"@type":"Organization","@id":"https:\/\/www.inmsol.com\/es\/#organization","name":"Instituto Mediterr\u00e1neo Sol","url":"https:\/\/www.inmsol.com\/es\/","logo":{"@type":"ImageObject","inLanguage":"es","@id":"https:\/\/www.inmsol.com\/es\/#\/schema\/logo\/image\/","url":"https:\/\/www.inmsol.com\/wp-content\/uploads\/2023\/06\/logo-inmsol-1.png","contentUrl":"https:\/\/www.inmsol.com\/wp-content\/uploads\/2023\/06\/logo-inmsol-1.png","width":136,"height":73,"caption":"Instituto Mediterr\u00e1neo Sol"},"image":{"@id":"https:\/\/www.inmsol.com\/es\/#\/schema\/logo\/image\/"},"sameAs":["https:\/\/www.facebook.com\/spanishcourses","https:\/\/x.com\/StudyInGranada","http:\/\/instagram.com\/imsolgranada","https:\/\/es.linkedin.com\/company\/imsol-granada","https:\/\/www.pinterest.es\/inmsol\/","https:\/\/www.youtube.com\/channel\/UChz-Qn_7coFMosY85iYMO4g"]},{"@type":"Person","@id":"https:\/\/www.inmsol.com\/es\/#\/schema\/person\/18f18acd0397ef441e373e79ec3eb6ea","name":"Javier Torres","image":{"@type":"ImageObject","inLanguage":"es","@id":"https:\/\/secure.gravatar.com\/avatar\/90afa2d6499550218d247408758082af566e5ec3641e1b8eac0d7bb889344a55?s=96&d=mm&r=g","url":"https:\/\/secure.gravatar.com\/avatar\/90afa2d6499550218d247408758082af566e5ec3641e1b8eac0d7bb889344a55?s=96&d=mm&r=g","contentUrl":"https:\/\/secure.gravatar.com\/avatar\/90afa2d6499550218d247408758082af566e5ec3641e1b8eac0d7bb889344a55?s=96&d=mm&r=g","caption":"Javier Torres"},"url":"https:\/\/www.inmsol.com\/es\/author\/javier\/"}]}},"_links":{"self":[{"href":"https:\/\/www.inmsol.com\/es\/wp-json\/wp\/v2\/posts\/32456","targetHints":{"allow":["GET"]}}],"collection":[{"href":"https:\/\/www.inmsol.com\/es\/wp-json\/wp\/v2\/posts"}],"about":[{"href":"https:\/\/www.inmsol.com\/es\/wp-json\/wp\/v2\/types\/post"}],"author":[{"embeddable":true,"href":"https:\/\/www.inmsol.com\/es\/wp-json\/wp\/v2\/users\/2"}],"replies":[{"embeddable":true,"href":"https:\/\/www.inmsol.com\/es\/wp-json\/wp\/v2\/comments?post=32456"}],"version-history":[{"count":0,"href":"https:\/\/www.inmsol.com\/es\/wp-json\/wp\/v2\/posts\/32456\/revisions"}],"wp:featuredmedia":[{"embeddable":true,"href":"https:\/\/www.inmsol.com\/es\/wp-json\/wp\/v2\/media\/32460"}],"wp:attachment":[{"href":"https:\/\/www.inmsol.com\/es\/wp-json\/wp\/v2\/media?parent=32456"}],"wp:term":[{"taxonomy":"category","embeddable":true,"href":"https:\/\/www.inmsol.com\/es\/wp-json\/wp\/v2\/categories?post=32456"},{"taxonomy":"post_tag","embeddable":true,"href":"https:\/\/www.inmsol.com\/es\/wp-json\/wp\/v2\/tags?post=32456"}],"curies":[{"name":"wp","href":"https:\/\/api.w.org\/{rel}","templated":true}]}}