{"id":32665,"date":"2017-08-03T13:34:36","date_gmt":"2017-08-03T11:34:36","guid":{"rendered":"https:\/\/www.inmsol.com\/blog-escuela\/nos-despedimos-de-nuestro-grupo-de-italia\/"},"modified":"2018-02-27T15:38:27","modified_gmt":"2018-02-27T14:38:27","slug":"nos-despedimos-de-nuestro-grupo-de-italia","status":"publish","type":"post","link":"https:\/\/www.inmsol.com\/es\/blog-escuela\/espanol-grupos\/nos-despedimos-de-nuestro-grupo-de-italia\/","title":{"rendered":"Nos despedimos de nuestro grupo de Italia"},"content":{"rendered":"<h3><strong>Acabamos de pasar dos semanas muy agradables con nuestro grupo de estudiantes italianos que vinieron a Granada para sumergirse en la <a href=\"https:\/\/www.inmsol.com\/es\/aprender-espanol-en-espana\/\">lengua y cultura espa\u00f1ola<\/a> y conocer nuestra querida ciudad.<\/strong><\/h3>\n<div style=\"width: 457px\" class=\"wp-caption alignleft\"><img fetchpriority=\"high\" decoding=\"async\" src=\"https:\/\/www.inmsol.com\/wp-content\/uploads\/2017\/08\/dsc_0374-447x300.jpg\" alt=\"\" width=\"447\" height=\"300\" \/><p class=\"wp-caption-text\">Estudiantes en clase<\/p><\/div>\n<p>Estas dos \u00faltimas semanas tuvimos el placer de acoger a un grupo de 12 estudiantes y sus dos profesoras de Italia aqu\u00ed en nuestra <a href=\"https:\/\/www.inmsol.com\/es\/escuela-espanol-granada\/\">escuela de espa\u00f1ol<\/a>\u00a0<a href=\"https:\/\/www.inmsol.com\/es\/escuela-espanol-granada\/\">iNMSOL<\/a>.<\/p>\n<p>Por las ma\u00f1anas los adolescentes ten\u00edan <strong>clases de espa\u00f1ol<\/strong>. Repartidos en distintos grupos seg\u00fan su <a href=\"https:\/\/www.inmsol.com\/es\/niveles-espanol\/\">nivel\u00a0de espa\u00f1ol<\/a> trabajaron tanto <strong>competencias ling\u00fc\u00edsticas<\/strong> como conocimientos culturales. Por las tardes organizamos <a href=\"https:\/\/www.inmsol.com\/es\/actividades-culturales-excursiones\/\">actividades y excursiones.<\/a><\/p>\n<h2>Primera semana de los estudiantes de espa\u00f1ol en Granada<\/h2>\n<p>Empezaron su estancia con una peque\u00f1a <strong>visita guiada por el centro de Granada y el Realejo<\/strong>, antiguo barrio jud\u00edo donde est\u00e1 situada nuestra escuela. Les ense\u00f1amos a nuestros estudiantes los sitios m\u00e1s emblem\u00e1ticos de estas zonas, como por ejemplo la <strong><em>Catedral, la Plaza de la Trinidad, Puerta Real<\/em><\/strong> o el <strong><em>Campo del Pr\u00edncipe<\/em><\/strong>.<\/p>\n<p>Al d\u00eda siguiente hab\u00eda una <strong>visita guiada por el Cuarto Real de Santo Domingo<\/strong>, un antiguo palacio \u00e1rabe con jard\u00edn, que serv\u00eda a los Reyes musulmanes para recogerse en \u00e9l durante los d\u00edas de Ramad\u00e1n.<\/p>\n<div style=\"width: 470px\" class=\"wp-caption alignright\"><img decoding=\"async\" src=\"https:\/\/www.inmsol.com\/wp-content\/uploads\/2017\/08\/albaicin-460x287.jpg\" alt=\"\" width=\"460\" height=\"287\" \/><p class=\"wp-caption-text\">El Albaic\u00edn<\/p><\/div>\n<p>Durante nuestra <strong>visita del barrio del Albaic\u00edn <\/strong>el mi\u00e9rcoles, nuestros estudiantes han podido descubrir el <strong>encanto especial de Granada<\/strong> andando por las estrechitas calles entre las casas blancas del barrio \u00e1rabe y disfrutando de las <strong>maravillosas vistas<\/strong> a la ciudad y a la Alhambra que se ofrecen en m\u00faltiples sitios de este barrio encantador.<\/p>\n<p>El d\u00eda siguiente realizaron la <strong>\u201cRuta de los Grafitis\u201d<\/strong>: acompa\u00f1ados por una de nuestras profesoras se fueron a explorar y descubrir el Realejo en busca de los grafitis del artista \u201cNi\u00f1o de las Pinturas\u201d, conocido en toda Granada por sus dibujos extraordinarios.<\/p>\n<p>El viernes los adolescentes pudieron descubrir el mundo de las ciencias en espa\u00f1ol. La visita del <strong>Parque de las Ciencias<\/strong> de Granada nos gust\u00f3 a todos y admirar las estrellas y constelaciones en el planetario es seguramente un recuerdo que no olvidaremos tan r\u00e1pido.<\/p>\n<div style=\"width: 470px\" class=\"wp-caption aligncenter\"><img decoding=\"async\" src=\"https:\/\/www.inmsol.com\/wp-content\/uploads\/2017\/08\/alhambra_de_granada_parque_ciencias_3_visitar_granada-460x145.jpg\" alt=\"\" width=\"460\" height=\"145\" \/><p class=\"wp-caption-text\">Parque de las Ciencias<\/p><\/div>\n<p>Para el s\u00e1bado tuvimos un programa especial: una <strong>excursi\u00f3n a Sevilla<\/strong>. Nuestros estudiantes visitaron la capital andaluza y sus lugares m\u00e1s importantes como el <strong>Real Alc\u00e1zar, la Giralda, la famosa Plaza de Espa\u00f1a y el Parque de Mar\u00eda Luisa<\/strong>.<\/p>\n<div style=\"width: 341px\" class=\"wp-caption alignleft\"><img loading=\"lazy\" decoding=\"async\" class=\"\" src=\"https:\/\/www.inmsol.com\/wp-content\/uploads\/2017\/08\/alcazar-sevilla-450x300.jpg\" alt=\"\" width=\"331\" height=\"221\" \/><p class=\"wp-caption-text\">Real Alc\u00e1zar y Plaza de Espa\u00f1a<\/p><\/div>\n<p><img loading=\"lazy\" decoding=\"async\" class=\"aligncenter\" src=\"https:\/\/www.inmsol.com\/wp-content\/uploads\/2017\/08\/turismo-halal-460x226.jpg\" width=\"451\" height=\"221\" \/><\/p>\n<p>&nbsp;<\/p>\n<h2>Segunda semana estudiando espa\u00f1ol en Granada<\/h2>\n<p>La segunda semana la empezamos con una visita guiada al <strong>Sacromonte<\/strong>, la peque\u00f1a monta\u00f1a que se levanta detr\u00e1s del Albaic\u00edn y que es conocida por las t\u00edpicas casas-cuevas de los gitanos.<\/p>\n<p>El martes hicimos un peque\u00f1o paseo en direcci\u00f3n a la <em>Avenida de la Constituci\u00f3n<\/em>, donde se encuentran varias <strong>estatuas de personajes hist\u00f3ricos o importantes<\/strong> de Granada. Durante esta \u201cRuta de Estatuas\u201d los estudiantes aprendieron sobre la vida de algunas de estas personas famosas, como por ejemplo el poeta granadino <em>Federico Garc\u00eda Lorca. <\/em><\/p>\n<p>Al d\u00eda siguiente fuimos a ver <strong>la famosa Alhambra, patrimonio de la humanidad de UNESCO<\/strong>.<\/p>\n<div style=\"width: 460px\" class=\"wp-caption alignleft\"><img loading=\"lazy\" decoding=\"async\" src=\"https:\/\/www.inmsol.com\/wp-content\/uploads\/2017\/03\/Alhambra-de-Granada.-450x300.jpg\" alt=\"\" width=\"450\" height=\"300\" \/><p class=\"wp-caption-text\">La famosa Alhambra<\/p><\/div>\n<p>No se puede estar en Granada sin visitar este castillo \u00e1rabe dominando la ciudad, con sus palacios adornados y preciosos jardines y una vista maravillosa, un sitio lleno de historia y tambi\u00e9n, no se puede negar, de una magia \u00fanica.<\/p>\n<p>El resto de d\u00edas los estudiantes tuvieron la tarde libre y pudieron explorar a solas la ciudad y <strong>disfrutar del ambiente particular de Granada<\/strong>, una ciudad peque\u00f1a e internacional a la vez, una ciudad moderna y llena de historia, una ciudad multicultural y de cultura andaluza profunda, una ciudad de Sierra y de mar, <strong>una ciudad de contrastes y un encanto \u00fanico en este mundo<\/strong>.<\/p>\n<p>&nbsp;<\/p>\n<p>&nbsp;<\/p>\n<h3><strong>\u00a1Nos lo hemos pasado muy bien con nuestro grupo de Italia y esperemos que vuelvan pronto a iNMSOL! <\/strong><\/h3>\n<p>Si ahora tambi\u00e9n ten\u00e9is ganas de venir por ejemplo con un <a href=\"https:\/\/www.inmsol.com\/es\/espanol-grupos\/\">grupo de vuestro colegio o instituto<\/a> para <a href=\"https:\/\/www.inmsol.com\/es\/aprender-espanol-en-espana\/\">aprender el espa\u00f1ol en Espa\u00f1a<\/a> con eficacia y en un entorno precioso y de una magia especial, \u00a1iNMSOL en Granada es el sitio perfecto para vosotros!<\/p>\n<h3>\u00a1Os esperamos! \ud83d\ude09<\/h3>\n","protected":false},"excerpt":{"rendered":"<p>Estas dos \u00faltimas semanas tuvimos el placer de acoger a un grupo de 12 estudiantes y sus dos profesoras de Italia aqu\u00ed en nuestra escuela de espa\u00f1ol\u00a0iNMSOL.<\/p>\n","protected":false},"author":3,"featured_media":32654,"comment_status":"closed","ping_status":"closed","sticky":false,"template":"","format":"standard","meta":{"_acf_changed":false,"footnotes":""},"categories":[84],"tags":[],"class_list":["post-32665","post","type-post","status-publish","format-standard","has-post-thumbnail","hentry","category-espanol-grupos"],"acf":[],"yoast_head":"<!-- This site is optimized with the Yoast SEO plugin v27.5 - https:\/\/yoast.com\/product\/yoast-seo-wordpress\/ -->\n<title>Nos despedimos de nuestro grupo de Italia | Escuela de espa\u00f1ol iNMSOL<\/title>\n<meta name=\"description\" content=\"Estas dos \u00faltimas semanas tuvimos el placer de acoger a un grupo de 12 estudiantes y sus dos profesoras de Italia aqu\u00ed en nuestra escuela de espa\u00f1ol\u00a0iNMSOL.\" \/>\n<meta name=\"robots\" content=\"index, follow, max-snippet:-1, max-image-preview:large, max-video-preview:-1\" \/>\n<link rel=\"canonical\" href=\"https:\/\/www.inmsol.com\/es\/blog-escuela\/espanol-grupos\/nos-despedimos-de-nuestro-grupo-de-italia\/\" \/>\n<meta property=\"og:locale\" content=\"es_ES\" \/>\n<meta property=\"og:type\" content=\"article\" \/>\n<meta property=\"og:title\" content=\"Nos despedimos de nuestro grupo de Italia | Escuela de espa\u00f1ol iNMSOL\" \/>\n<meta property=\"og:description\" content=\"Estas dos \u00faltimas semanas tuvimos el placer de acoger a un grupo de 12 estudiantes y sus dos profesoras de Italia aqu\u00ed en nuestra escuela de espa\u00f1ol\u00a0iNMSOL.\" \/>\n<meta property=\"og:url\" content=\"https:\/\/www.inmsol.com\/es\/blog-escuela\/espanol-grupos\/nos-despedimos-de-nuestro-grupo-de-italia\/\" \/>\n<meta property=\"og:site_name\" content=\"iNMSOL\" \/>\n<meta property=\"article:publisher\" content=\"https:\/\/www.facebook.com\/spanishcourses\" \/>\n<meta property=\"article:published_time\" content=\"2017-08-03T11:34:36+00:00\" \/>\n<meta property=\"article:modified_time\" content=\"2018-02-27T14:38:27+00:00\" \/>\n<meta property=\"og:image\" content=\"https:\/\/www.inmsol.com\/wp-content\/uploads\/2017\/08\/dsc_0375.jpg\" \/>\n\t<meta property=\"og:image:width\" content=\"1500\" \/>\n\t<meta property=\"og:image:height\" content=\"1007\" \/>\n\t<meta property=\"og:image:type\" content=\"image\/jpeg\" \/>\n<meta name=\"author\" content=\"- Instituto Mediterr\u00e1neo Sol\" \/>\n<meta name=\"twitter:label1\" content=\"Escrito por\" \/>\n\t<meta name=\"twitter:data1\" content=\"- Instituto Mediterr\u00e1neo Sol\" \/>\n\t<meta name=\"twitter:label2\" content=\"Tiempo de lectura\" \/>\n\t<meta name=\"twitter:data2\" content=\"4 minutos\" \/>\n<script type=\"application\/ld+json\" class=\"yoast-schema-graph\">{\"@context\":\"https:\\\/\\\/schema.org\",\"@graph\":[{\"@type\":\"Article\",\"@id\":\"https:\\\/\\\/www.inmsol.com\\\/es\\\/blog-escuela\\\/espanol-grupos\\\/nos-despedimos-de-nuestro-grupo-de-italia\\\/#article\",\"isPartOf\":{\"@id\":\"https:\\\/\\\/www.inmsol.com\\\/es\\\/blog-escuela\\\/espanol-grupos\\\/nos-despedimos-de-nuestro-grupo-de-italia\\\/\"},\"author\":{\"name\":\"- Instituto Mediterr\u00e1neo Sol\",\"@id\":\"https:\\\/\\\/www.inmsol.com\\\/es\\\/#\\\/schema\\\/person\\\/94a7a01d14a56d1fbc49c841ffc57fe9\"},\"headline\":\"Nos despedimos de nuestro grupo de Italia\",\"datePublished\":\"2017-08-03T11:34:36+00:00\",\"dateModified\":\"2018-02-27T14:38:27+00:00\",\"mainEntityOfPage\":{\"@id\":\"https:\\\/\\\/www.inmsol.com\\\/es\\\/blog-escuela\\\/espanol-grupos\\\/nos-despedimos-de-nuestro-grupo-de-italia\\\/\"},\"wordCount\":753,\"publisher\":{\"@id\":\"https:\\\/\\\/www.inmsol.com\\\/es\\\/#organization\"},\"image\":{\"@id\":\"https:\\\/\\\/www.inmsol.com\\\/es\\\/blog-escuela\\\/espanol-grupos\\\/nos-despedimos-de-nuestro-grupo-de-italia\\\/#primaryimage\"},\"thumbnailUrl\":\"https:\\\/\\\/www.inmsol.com\\\/wp-content\\\/uploads\\\/2017\\\/08\\\/dsc_0375.jpg\",\"articleSection\":[\"Espa\u00f1ol para grupos\"],\"inLanguage\":\"es\"},{\"@type\":\"WebPage\",\"@id\":\"https:\\\/\\\/www.inmsol.com\\\/es\\\/blog-escuela\\\/espanol-grupos\\\/nos-despedimos-de-nuestro-grupo-de-italia\\\/\",\"url\":\"https:\\\/\\\/www.inmsol.com\\\/es\\\/blog-escuela\\\/espanol-grupos\\\/nos-despedimos-de-nuestro-grupo-de-italia\\\/\",\"name\":\"Nos despedimos de nuestro grupo de Italia | Escuela de espa\u00f1ol iNMSOL\",\"isPartOf\":{\"@id\":\"https:\\\/\\\/www.inmsol.com\\\/es\\\/#website\"},\"primaryImageOfPage\":{\"@id\":\"https:\\\/\\\/www.inmsol.com\\\/es\\\/blog-escuela\\\/espanol-grupos\\\/nos-despedimos-de-nuestro-grupo-de-italia\\\/#primaryimage\"},\"image\":{\"@id\":\"https:\\\/\\\/www.inmsol.com\\\/es\\\/blog-escuela\\\/espanol-grupos\\\/nos-despedimos-de-nuestro-grupo-de-italia\\\/#primaryimage\"},\"thumbnailUrl\":\"https:\\\/\\\/www.inmsol.com\\\/wp-content\\\/uploads\\\/2017\\\/08\\\/dsc_0375.jpg\",\"datePublished\":\"2017-08-03T11:34:36+00:00\",\"dateModified\":\"2018-02-27T14:38:27+00:00\",\"description\":\"Estas dos \u00faltimas semanas tuvimos el placer de acoger a un grupo de 12 estudiantes y sus dos profesoras de Italia aqu\u00ed en nuestra escuela de espa\u00f1ol\u00a0iNMSOL.\",\"breadcrumb\":{\"@id\":\"https:\\\/\\\/www.inmsol.com\\\/es\\\/blog-escuela\\\/espanol-grupos\\\/nos-despedimos-de-nuestro-grupo-de-italia\\\/#breadcrumb\"},\"inLanguage\":\"es\",\"potentialAction\":[{\"@type\":\"ReadAction\",\"target\":[\"https:\\\/\\\/www.inmsol.com\\\/es\\\/blog-escuela\\\/espanol-grupos\\\/nos-despedimos-de-nuestro-grupo-de-italia\\\/\"]}]},{\"@type\":\"ImageObject\",\"inLanguage\":\"es\",\"@id\":\"https:\\\/\\\/www.inmsol.com\\\/es\\\/blog-escuela\\\/espanol-grupos\\\/nos-despedimos-de-nuestro-grupo-de-italia\\\/#primaryimage\",\"url\":\"https:\\\/\\\/www.inmsol.com\\\/wp-content\\\/uploads\\\/2017\\\/08\\\/dsc_0375.jpg\",\"contentUrl\":\"https:\\\/\\\/www.inmsol.com\\\/wp-content\\\/uploads\\\/2017\\\/08\\\/dsc_0375.jpg\",\"width\":1500,\"height\":1007},{\"@type\":\"BreadcrumbList\",\"@id\":\"https:\\\/\\\/www.inmsol.com\\\/es\\\/blog-escuela\\\/espanol-grupos\\\/nos-despedimos-de-nuestro-grupo-de-italia\\\/#breadcrumb\",\"itemListElement\":[{\"@type\":\"ListItem\",\"position\":1,\"name\":\"Accredited Center by Instituto Cervantes\",\"item\":\"https:\\\/\\\/www.inmsol.com\\\/es\\\/pagina-ejemplo\\\/\"},{\"@type\":\"ListItem\",\"position\":2,\"name\":\"Blog Escuela Espa\u00f1ol\",\"item\":\"https:\\\/\\\/www.inmsol.com\\\/es\\\/category\\\/blog-escuela\\\/\"},{\"@type\":\"ListItem\",\"position\":3,\"name\":\"Espa\u00f1ol para grupos\",\"item\":\"https:\\\/\\\/www.inmsol.com\\\/es\\\/category\\\/blog-escuela\\\/espanol-grupos\\\/\"},{\"@type\":\"ListItem\",\"position\":4,\"name\":\"Nos despedimos de nuestro grupo de Italia\"}]},{\"@type\":\"WebSite\",\"@id\":\"https:\\\/\\\/www.inmsol.com\\\/es\\\/#website\",\"url\":\"https:\\\/\\\/www.inmsol.com\\\/es\\\/\",\"name\":\"iNMSOL\",\"description\":\"Aprenda Espa\u00f1ol con iNMSOL en Granada | Centro Acreditado por el Instituto Cervantes\",\"publisher\":{\"@id\":\"https:\\\/\\\/www.inmsol.com\\\/es\\\/#organization\"},\"potentialAction\":[{\"@type\":\"SearchAction\",\"target\":{\"@type\":\"EntryPoint\",\"urlTemplate\":\"https:\\\/\\\/www.inmsol.com\\\/es\\\/?s={search_term_string}\"},\"query-input\":{\"@type\":\"PropertyValueSpecification\",\"valueRequired\":true,\"valueName\":\"search_term_string\"}}],\"inLanguage\":\"es\"},{\"@type\":\"Organization\",\"@id\":\"https:\\\/\\\/www.inmsol.com\\\/es\\\/#organization\",\"name\":\"Instituto Mediterr\u00e1neo Sol\",\"url\":\"https:\\\/\\\/www.inmsol.com\\\/es\\\/\",\"logo\":{\"@type\":\"ImageObject\",\"inLanguage\":\"es\",\"@id\":\"https:\\\/\\\/www.inmsol.com\\\/es\\\/#\\\/schema\\\/logo\\\/image\\\/\",\"url\":\"https:\\\/\\\/www.inmsol.com\\\/wp-content\\\/uploads\\\/2023\\\/06\\\/logo-inmsol-1.png\",\"contentUrl\":\"https:\\\/\\\/www.inmsol.com\\\/wp-content\\\/uploads\\\/2023\\\/06\\\/logo-inmsol-1.png\",\"width\":136,\"height\":73,\"caption\":\"Instituto Mediterr\u00e1neo Sol\"},\"image\":{\"@id\":\"https:\\\/\\\/www.inmsol.com\\\/es\\\/#\\\/schema\\\/logo\\\/image\\\/\"},\"sameAs\":[\"https:\\\/\\\/www.facebook.com\\\/spanishcourses\",\"https:\\\/\\\/x.com\\\/StudyInGranada\",\"http:\\\/\\\/instagram.com\\\/imsolgranada\",\"https:\\\/\\\/es.linkedin.com\\\/company\\\/imsol-granada\",\"https:\\\/\\\/www.pinterest.es\\\/inmsol\\\/\",\"https:\\\/\\\/www.youtube.com\\\/channel\\\/UChz-Qn_7coFMosY85iYMO4g\"]},{\"@type\":\"Person\",\"@id\":\"https:\\\/\\\/www.inmsol.com\\\/es\\\/#\\\/schema\\\/person\\\/94a7a01d14a56d1fbc49c841ffc57fe9\",\"name\":\"- Instituto Mediterr\u00e1neo Sol\",\"image\":{\"@type\":\"ImageObject\",\"inLanguage\":\"es\",\"@id\":\"https:\\\/\\\/secure.gravatar.com\\\/avatar\\\/5607fdabdf1b548b6095cc3d43079829bc1497403e70dd34004e7204a8fef62b?s=96&d=mm&r=g\",\"url\":\"https:\\\/\\\/secure.gravatar.com\\\/avatar\\\/5607fdabdf1b548b6095cc3d43079829bc1497403e70dd34004e7204a8fef62b?s=96&d=mm&r=g\",\"contentUrl\":\"https:\\\/\\\/secure.gravatar.com\\\/avatar\\\/5607fdabdf1b548b6095cc3d43079829bc1497403e70dd34004e7204a8fef62b?s=96&d=mm&r=g\",\"caption\":\"- Instituto Mediterr\u00e1neo Sol\"},\"url\":\"https:\\\/\\\/www.inmsol.com\\\/es\\\/author\\\/laura\\\/\"}]}<\/script>\n<!-- \/ Yoast SEO plugin. -->","yoast_head_json":{"title":"Nos despedimos de nuestro grupo de Italia | Escuela de espa\u00f1ol iNMSOL","description":"Estas dos \u00faltimas semanas tuvimos el placer de acoger a un grupo de 12 estudiantes y sus dos profesoras de Italia aqu\u00ed en nuestra escuela de espa\u00f1ol\u00a0iNMSOL.","robots":{"index":"index","follow":"follow","max-snippet":"max-snippet:-1","max-image-preview":"max-image-preview:large","max-video-preview":"max-video-preview:-1"},"canonical":"https:\/\/www.inmsol.com\/es\/blog-escuela\/espanol-grupos\/nos-despedimos-de-nuestro-grupo-de-italia\/","og_locale":"es_ES","og_type":"article","og_title":"Nos despedimos de nuestro grupo de Italia | Escuela de espa\u00f1ol iNMSOL","og_description":"Estas dos \u00faltimas semanas tuvimos el placer de acoger a un grupo de 12 estudiantes y sus dos profesoras de Italia aqu\u00ed en nuestra escuela de espa\u00f1ol\u00a0iNMSOL.","og_url":"https:\/\/www.inmsol.com\/es\/blog-escuela\/espanol-grupos\/nos-despedimos-de-nuestro-grupo-de-italia\/","og_site_name":"iNMSOL","article_publisher":"https:\/\/www.facebook.com\/spanishcourses","article_published_time":"2017-08-03T11:34:36+00:00","article_modified_time":"2018-02-27T14:38:27+00:00","og_image":[{"width":1500,"height":1007,"url":"https:\/\/www.inmsol.com\/wp-content\/uploads\/2017\/08\/dsc_0375.jpg","type":"image\/jpeg"}],"author":"- Instituto Mediterr\u00e1neo Sol","twitter_misc":{"Escrito por":"- Instituto Mediterr\u00e1neo Sol","Tiempo de lectura":"4 minutos"},"schema":{"@context":"https:\/\/schema.org","@graph":[{"@type":"Article","@id":"https:\/\/www.inmsol.com\/es\/blog-escuela\/espanol-grupos\/nos-despedimos-de-nuestro-grupo-de-italia\/#article","isPartOf":{"@id":"https:\/\/www.inmsol.com\/es\/blog-escuela\/espanol-grupos\/nos-despedimos-de-nuestro-grupo-de-italia\/"},"author":{"name":"- Instituto Mediterr\u00e1neo Sol","@id":"https:\/\/www.inmsol.com\/es\/#\/schema\/person\/94a7a01d14a56d1fbc49c841ffc57fe9"},"headline":"Nos despedimos de nuestro grupo de Italia","datePublished":"2017-08-03T11:34:36+00:00","dateModified":"2018-02-27T14:38:27+00:00","mainEntityOfPage":{"@id":"https:\/\/www.inmsol.com\/es\/blog-escuela\/espanol-grupos\/nos-despedimos-de-nuestro-grupo-de-italia\/"},"wordCount":753,"publisher":{"@id":"https:\/\/www.inmsol.com\/es\/#organization"},"image":{"@id":"https:\/\/www.inmsol.com\/es\/blog-escuela\/espanol-grupos\/nos-despedimos-de-nuestro-grupo-de-italia\/#primaryimage"},"thumbnailUrl":"https:\/\/www.inmsol.com\/wp-content\/uploads\/2017\/08\/dsc_0375.jpg","articleSection":["Espa\u00f1ol para grupos"],"inLanguage":"es"},{"@type":"WebPage","@id":"https:\/\/www.inmsol.com\/es\/blog-escuela\/espanol-grupos\/nos-despedimos-de-nuestro-grupo-de-italia\/","url":"https:\/\/www.inmsol.com\/es\/blog-escuela\/espanol-grupos\/nos-despedimos-de-nuestro-grupo-de-italia\/","name":"Nos despedimos de nuestro grupo de Italia | Escuela de espa\u00f1ol iNMSOL","isPartOf":{"@id":"https:\/\/www.inmsol.com\/es\/#website"},"primaryImageOfPage":{"@id":"https:\/\/www.inmsol.com\/es\/blog-escuela\/espanol-grupos\/nos-despedimos-de-nuestro-grupo-de-italia\/#primaryimage"},"image":{"@id":"https:\/\/www.inmsol.com\/es\/blog-escuela\/espanol-grupos\/nos-despedimos-de-nuestro-grupo-de-italia\/#primaryimage"},"thumbnailUrl":"https:\/\/www.inmsol.com\/wp-content\/uploads\/2017\/08\/dsc_0375.jpg","datePublished":"2017-08-03T11:34:36+00:00","dateModified":"2018-02-27T14:38:27+00:00","description":"Estas dos \u00faltimas semanas tuvimos el placer de acoger a un grupo de 12 estudiantes y sus dos profesoras de Italia aqu\u00ed en nuestra escuela de espa\u00f1ol\u00a0iNMSOL.","breadcrumb":{"@id":"https:\/\/www.inmsol.com\/es\/blog-escuela\/espanol-grupos\/nos-despedimos-de-nuestro-grupo-de-italia\/#breadcrumb"},"inLanguage":"es","potentialAction":[{"@type":"ReadAction","target":["https:\/\/www.inmsol.com\/es\/blog-escuela\/espanol-grupos\/nos-despedimos-de-nuestro-grupo-de-italia\/"]}]},{"@type":"ImageObject","inLanguage":"es","@id":"https:\/\/www.inmsol.com\/es\/blog-escuela\/espanol-grupos\/nos-despedimos-de-nuestro-grupo-de-italia\/#primaryimage","url":"https:\/\/www.inmsol.com\/wp-content\/uploads\/2017\/08\/dsc_0375.jpg","contentUrl":"https:\/\/www.inmsol.com\/wp-content\/uploads\/2017\/08\/dsc_0375.jpg","width":1500,"height":1007},{"@type":"BreadcrumbList","@id":"https:\/\/www.inmsol.com\/es\/blog-escuela\/espanol-grupos\/nos-despedimos-de-nuestro-grupo-de-italia\/#breadcrumb","itemListElement":[{"@type":"ListItem","position":1,"name":"Accredited Center by Instituto Cervantes","item":"https:\/\/www.inmsol.com\/es\/pagina-ejemplo\/"},{"@type":"ListItem","position":2,"name":"Blog Escuela Espa\u00f1ol","item":"https:\/\/www.inmsol.com\/es\/category\/blog-escuela\/"},{"@type":"ListItem","position":3,"name":"Espa\u00f1ol para grupos","item":"https:\/\/www.inmsol.com\/es\/category\/blog-escuela\/espanol-grupos\/"},{"@type":"ListItem","position":4,"name":"Nos despedimos de nuestro grupo de Italia"}]},{"@type":"WebSite","@id":"https:\/\/www.inmsol.com\/es\/#website","url":"https:\/\/www.inmsol.com\/es\/","name":"iNMSOL","description":"Aprenda Espa\u00f1ol con iNMSOL en Granada | Centro Acreditado por el Instituto Cervantes","publisher":{"@id":"https:\/\/www.inmsol.com\/es\/#organization"},"potentialAction":[{"@type":"SearchAction","target":{"@type":"EntryPoint","urlTemplate":"https:\/\/www.inmsol.com\/es\/?s={search_term_string}"},"query-input":{"@type":"PropertyValueSpecification","valueRequired":true,"valueName":"search_term_string"}}],"inLanguage":"es"},{"@type":"Organization","@id":"https:\/\/www.inmsol.com\/es\/#organization","name":"Instituto Mediterr\u00e1neo Sol","url":"https:\/\/www.inmsol.com\/es\/","logo":{"@type":"ImageObject","inLanguage":"es","@id":"https:\/\/www.inmsol.com\/es\/#\/schema\/logo\/image\/","url":"https:\/\/www.inmsol.com\/wp-content\/uploads\/2023\/06\/logo-inmsol-1.png","contentUrl":"https:\/\/www.inmsol.com\/wp-content\/uploads\/2023\/06\/logo-inmsol-1.png","width":136,"height":73,"caption":"Instituto Mediterr\u00e1neo Sol"},"image":{"@id":"https:\/\/www.inmsol.com\/es\/#\/schema\/logo\/image\/"},"sameAs":["https:\/\/www.facebook.com\/spanishcourses","https:\/\/x.com\/StudyInGranada","http:\/\/instagram.com\/imsolgranada","https:\/\/es.linkedin.com\/company\/imsol-granada","https:\/\/www.pinterest.es\/inmsol\/","https:\/\/www.youtube.com\/channel\/UChz-Qn_7coFMosY85iYMO4g"]},{"@type":"Person","@id":"https:\/\/www.inmsol.com\/es\/#\/schema\/person\/94a7a01d14a56d1fbc49c841ffc57fe9","name":"- Instituto Mediterr\u00e1neo Sol","image":{"@type":"ImageObject","inLanguage":"es","@id":"https:\/\/secure.gravatar.com\/avatar\/5607fdabdf1b548b6095cc3d43079829bc1497403e70dd34004e7204a8fef62b?s=96&d=mm&r=g","url":"https:\/\/secure.gravatar.com\/avatar\/5607fdabdf1b548b6095cc3d43079829bc1497403e70dd34004e7204a8fef62b?s=96&d=mm&r=g","contentUrl":"https:\/\/secure.gravatar.com\/avatar\/5607fdabdf1b548b6095cc3d43079829bc1497403e70dd34004e7204a8fef62b?s=96&d=mm&r=g","caption":"- Instituto Mediterr\u00e1neo Sol"},"url":"https:\/\/www.inmsol.com\/es\/author\/laura\/"}]}},"_links":{"self":[{"href":"https:\/\/www.inmsol.com\/es\/wp-json\/wp\/v2\/posts\/32665","targetHints":{"allow":["GET"]}}],"collection":[{"href":"https:\/\/www.inmsol.com\/es\/wp-json\/wp\/v2\/posts"}],"about":[{"href":"https:\/\/www.inmsol.com\/es\/wp-json\/wp\/v2\/types\/post"}],"author":[{"embeddable":true,"href":"https:\/\/www.inmsol.com\/es\/wp-json\/wp\/v2\/users\/3"}],"replies":[{"embeddable":true,"href":"https:\/\/www.inmsol.com\/es\/wp-json\/wp\/v2\/comments?post=32665"}],"version-history":[{"count":0,"href":"https:\/\/www.inmsol.com\/es\/wp-json\/wp\/v2\/posts\/32665\/revisions"}],"wp:featuredmedia":[{"embeddable":true,"href":"https:\/\/www.inmsol.com\/es\/wp-json\/wp\/v2\/media\/32654"}],"wp:attachment":[{"href":"https:\/\/www.inmsol.com\/es\/wp-json\/wp\/v2\/media?parent=32665"}],"wp:term":[{"taxonomy":"category","embeddable":true,"href":"https:\/\/www.inmsol.com\/es\/wp-json\/wp\/v2\/categories?post=32665"},{"taxonomy":"post_tag","embeddable":true,"href":"https:\/\/www.inmsol.com\/es\/wp-json\/wp\/v2\/tags?post=32665"}],"curies":[{"name":"wp","href":"https:\/\/api.w.org\/{rel}","templated":true}]}}