{"id":32830,"date":"2017-08-25T12:21:50","date_gmt":"2017-08-25T10:21:50","guid":{"rendered":"https:\/\/www.inmsol.com\/?p=32830\/"},"modified":"2017-08-25T12:21:50","modified_gmt":"2017-08-25T10:21:50","slug":"el-origen-del-nombre-de-granada","status":"publish","type":"post","link":"https:\/\/www.inmsol.com\/es\/blog-escuela\/leyendas-granada\/el-origen-del-nombre-de-granada\/","title":{"rendered":"El origen del nombre de Granada"},"content":{"rendered":"<h2>De Medina-Elvira a Medina-Garnata<\/h2>\n<p>Antes del siglo XI la ciudad m\u00e1s importante en la zona se llamaba Medina-Elvira y estaba situada en Atarfe. Fue entonces cuando los zir\u00edes <strong>cambiaron la capital de Medina-Elvira a Medina-Garnata. De Medina-Garnata<\/strong> es de donde surge el nombre de Granada, por evoluci\u00f3n fon\u00e9tica.<\/p>\n<p>Desgranando el nombre podemos saber que medina proviene del \u00e1rabe y es una forma de referirse a las ciudades con una l\u00f3gica parecida a la que usamos en espa\u00f1ol con el prefijo \u00abVilla-\u00bb y al que se utiliza en ingl\u00e9s con el sufijo \u00ab-town\u00bb. Con el origen de la palabra \u00abGarnata\u00bb encontramos distintas versiones.<\/p>\n<p>Algunos teorizan que viene <strong>del lat\u00edn<\/strong> (granatum \u00abgranado\u00bb) y que ser\u00eda el \u00e1rbol que da el fruto de la granada el que da nombre a la ciudad. Otras fuentes creen que el nombre viene<strong> del \u00e1rabe<\/strong>\u00a0(gar-anat \u00abcolina de peregrinos\u00bb). Ahora veremos como ambos tienen una po\u00e9tica relaci\u00f3n.<\/p>\n<h2>El fruto del desierto<\/h2>\n<p>Si ha habido un fruto que ha sido icono de un pueblo ese ha sido la granada.<\/p>\n<p>El fruto es originario de la zona que comprende <strong>desde Ir\u00e1n hasta el Himalaya<\/strong>. Es en Ir\u00e1n donde los persas la adoran. En el Cor\u00e1n, aparece como uno de los \u00e1rboles del para\u00edso. Desde Ir\u00e1n alg\u00fan d\u00eda cruz\u00f3 el golfo para llegar al desierto. Es all\u00ed donde cobra una mayor relevancia. <strong>Debido a su piel gruesa y su interior es capaz de soportar largos viajes por el desierto sin perder sus cualidades.<\/strong><\/p>\n<p>Fueron los bereberes,<strong> los n\u00f3madas del norte de \u00c1frica, los que traen la fruta a Europa.<\/strong><\/p>\n<p><img fetchpriority=\"high\" decoding=\"async\" class=\"wp-image-32831 size-medium alignright\" src=\"https:\/\/www.inmsol.com\/wp-content\/uploads\/2017\/08\/origen-del-nombre-de-granada-450x300.jpg\" alt=\"El origen del nombre de granada\" width=\"450\" height=\"300\" srcset=\"https:\/\/www.inmsol.com\/wp-content\/uploads\/2017\/08\/origen-del-nombre-de-granada-450x300.jpg 450w, https:\/\/www.inmsol.com\/wp-content\/uploads\/2017\/08\/origen-del-nombre-de-granada-800x533.jpg 800w, https:\/\/www.inmsol.com\/wp-content\/uploads\/2017\/08\/origen-del-nombre-de-granada-64x43.jpg 64w, https:\/\/www.inmsol.com\/wp-content\/uploads\/2017\/08\/origen-del-nombre-de-granada-768x512.jpg 768w, https:\/\/www.inmsol.com\/wp-content\/uploads\/2017\/08\/origen-del-nombre-de-granada-1024x683.jpg 1024w, https:\/\/www.inmsol.com\/wp-content\/uploads\/2017\/08\/origen-del-nombre-de-granada-250x167.jpg 250w, https:\/\/www.inmsol.com\/wp-content\/uploads\/2017\/08\/origen-del-nombre-de-granada-600x400.jpg 600w, https:\/\/www.inmsol.com\/wp-content\/uploads\/2017\/08\/origen-del-nombre-de-granada.jpg 1500w\" sizes=\"(max-width: 450px) 100vw, 450px\" \/><\/p>\n<p>Antes habl\u00e1bamos de que ambas teor\u00edas sobre el origen de <em>Garnata<\/em> pod\u00edan tener relaci\u00f3n. Que fueran los romanos los que llamaran a la ciudad con el nombre del fruto, s\u00edmbolo de uni\u00f3n entre culturas. O que fueran los \u00e1rabes los que la llamaran<em> la colina de los peregrinos<\/em>, haciendo referencia a esos viajeros del desierto, que ya habr\u00edan llegado a casa tras su viaje por el desierto.<\/p>\n<p>La simbolog\u00eda de este fruto es muy amplia. En cada cultura se le atribuyen, o bien conceptos relacionados, o bien otros propios. Poco importan esos significados para la ciudad. Una ciudad para el que la granada significa otra cosa, m\u00e1s cercano al <em>Gelem Gelem<\/em> de los gitanos que a cualquier otro atributo cl\u00e1sico. <strong>Un nombre que hace honor a todos aquellos pueblos que han andado y andado para llegar a casa.<\/strong><\/p>\n","protected":false},"excerpt":{"rendered":"<p>\u00bfPor qu\u00e9 el nombre de Granada viene de la fruta? La ciudad de Granada tiene una historia digna de recordar y leyendas que nos hacen amarla.<\/p>\n","protected":false},"author":2,"featured_media":32831,"comment_status":"closed","ping_status":"closed","sticky":false,"template":"","format":"standard","meta":{"_acf_changed":false,"footnotes":""},"categories":[272],"tags":[],"class_list":["post-32830","post","type-post","status-publish","format-standard","has-post-thumbnail","hentry","category-leyendas-granada"],"acf":[],"yoast_head":"<!-- This site is optimized with the Yoast SEO plugin v27.5 - https:\/\/yoast.com\/product\/yoast-seo-wordpress\/ -->\n<title>El origen del nombre de Granada - Leyendas de Granada<\/title>\n<meta name=\"description\" content=\"\u00bfPor qu\u00e9 el nombre de Granada viene de la fruta? La ciudad de Granada tiene una historia digna de recordar y leyendas que nos hacen amarla.\" \/>\n<meta name=\"robots\" content=\"index, follow, max-snippet:-1, max-image-preview:large, max-video-preview:-1\" \/>\n<link rel=\"canonical\" href=\"https:\/\/www.inmsol.com\/es\/blog-escuela\/leyendas-granada\/el-origen-del-nombre-de-granada\/\" \/>\n<meta property=\"og:locale\" content=\"es_ES\" \/>\n<meta property=\"og:type\" content=\"article\" \/>\n<meta property=\"og:title\" content=\"El origen del nombre de Granada - Leyendas de Granada\" \/>\n<meta property=\"og:description\" content=\"\u00bfPor qu\u00e9 el nombre de Granada viene de la fruta? La ciudad de Granada tiene una historia digna de recordar y leyendas que nos hacen amarla.\" \/>\n<meta property=\"og:url\" content=\"https:\/\/www.inmsol.com\/es\/blog-escuela\/leyendas-granada\/el-origen-del-nombre-de-granada\/\" \/>\n<meta property=\"og:site_name\" content=\"iNMSOL\" \/>\n<meta property=\"article:publisher\" content=\"https:\/\/www.facebook.com\/spanishcourses\" \/>\n<meta property=\"article:published_time\" content=\"2017-08-25T10:21:50+00:00\" \/>\n<meta property=\"og:image\" content=\"https:\/\/www.inmsol.com\/wp-content\/uploads\/2017\/08\/origen-del-nombre-de-granada.jpg\" \/>\n\t<meta property=\"og:image:width\" content=\"1500\" \/>\n\t<meta property=\"og:image:height\" content=\"1000\" \/>\n\t<meta property=\"og:image:type\" content=\"image\/jpeg\" \/>\n<meta name=\"author\" content=\"Javier Torres\" \/>\n<meta name=\"twitter:label1\" content=\"Escrito por\" \/>\n\t<meta name=\"twitter:data1\" content=\"Javier Torres\" \/>\n\t<meta name=\"twitter:label2\" content=\"Tiempo de lectura\" \/>\n\t<meta name=\"twitter:data2\" content=\"2 minutos\" \/>\n<script type=\"application\/ld+json\" class=\"yoast-schema-graph\">{\"@context\":\"https:\\\/\\\/schema.org\",\"@graph\":[{\"@type\":\"Article\",\"@id\":\"https:\\\/\\\/www.inmsol.com\\\/es\\\/blog-escuela\\\/leyendas-granada\\\/el-origen-del-nombre-de-granada\\\/#article\",\"isPartOf\":{\"@id\":\"https:\\\/\\\/www.inmsol.com\\\/es\\\/blog-escuela\\\/leyendas-granada\\\/el-origen-del-nombre-de-granada\\\/\"},\"author\":{\"name\":\"Javier Torres\",\"@id\":\"https:\\\/\\\/www.inmsol.com\\\/es\\\/#\\\/schema\\\/person\\\/18f18acd0397ef441e373e79ec3eb6ea\"},\"headline\":\"El origen del nombre de Granada\",\"datePublished\":\"2017-08-25T10:21:50+00:00\",\"mainEntityOfPage\":{\"@id\":\"https:\\\/\\\/www.inmsol.com\\\/es\\\/blog-escuela\\\/leyendas-granada\\\/el-origen-del-nombre-de-granada\\\/\"},\"wordCount\":432,\"publisher\":{\"@id\":\"https:\\\/\\\/www.inmsol.com\\\/es\\\/#organization\"},\"image\":{\"@id\":\"https:\\\/\\\/www.inmsol.com\\\/es\\\/blog-escuela\\\/leyendas-granada\\\/el-origen-del-nombre-de-granada\\\/#primaryimage\"},\"thumbnailUrl\":\"https:\\\/\\\/www.inmsol.com\\\/wp-content\\\/uploads\\\/2017\\\/08\\\/origen-del-nombre-de-granada.jpg\",\"articleSection\":[\"Leyendas de Granada\"],\"inLanguage\":\"es\"},{\"@type\":\"WebPage\",\"@id\":\"https:\\\/\\\/www.inmsol.com\\\/es\\\/blog-escuela\\\/leyendas-granada\\\/el-origen-del-nombre-de-granada\\\/\",\"url\":\"https:\\\/\\\/www.inmsol.com\\\/es\\\/blog-escuela\\\/leyendas-granada\\\/el-origen-del-nombre-de-granada\\\/\",\"name\":\"El origen del nombre de Granada - Leyendas de Granada\",\"isPartOf\":{\"@id\":\"https:\\\/\\\/www.inmsol.com\\\/es\\\/#website\"},\"primaryImageOfPage\":{\"@id\":\"https:\\\/\\\/www.inmsol.com\\\/es\\\/blog-escuela\\\/leyendas-granada\\\/el-origen-del-nombre-de-granada\\\/#primaryimage\"},\"image\":{\"@id\":\"https:\\\/\\\/www.inmsol.com\\\/es\\\/blog-escuela\\\/leyendas-granada\\\/el-origen-del-nombre-de-granada\\\/#primaryimage\"},\"thumbnailUrl\":\"https:\\\/\\\/www.inmsol.com\\\/wp-content\\\/uploads\\\/2017\\\/08\\\/origen-del-nombre-de-granada.jpg\",\"datePublished\":\"2017-08-25T10:21:50+00:00\",\"description\":\"\u00bfPor qu\u00e9 el nombre de Granada viene de la fruta? La ciudad de Granada tiene una historia digna de recordar y leyendas que nos hacen amarla.\",\"breadcrumb\":{\"@id\":\"https:\\\/\\\/www.inmsol.com\\\/es\\\/blog-escuela\\\/leyendas-granada\\\/el-origen-del-nombre-de-granada\\\/#breadcrumb\"},\"inLanguage\":\"es\",\"potentialAction\":[{\"@type\":\"ReadAction\",\"target\":[\"https:\\\/\\\/www.inmsol.com\\\/es\\\/blog-escuela\\\/leyendas-granada\\\/el-origen-del-nombre-de-granada\\\/\"]}]},{\"@type\":\"ImageObject\",\"inLanguage\":\"es\",\"@id\":\"https:\\\/\\\/www.inmsol.com\\\/es\\\/blog-escuela\\\/leyendas-granada\\\/el-origen-del-nombre-de-granada\\\/#primaryimage\",\"url\":\"https:\\\/\\\/www.inmsol.com\\\/wp-content\\\/uploads\\\/2017\\\/08\\\/origen-del-nombre-de-granada.jpg\",\"contentUrl\":\"https:\\\/\\\/www.inmsol.com\\\/wp-content\\\/uploads\\\/2017\\\/08\\\/origen-del-nombre-de-granada.jpg\",\"width\":1500,\"height\":1000,\"caption\":\"El origen del nombre de granada\"},{\"@type\":\"BreadcrumbList\",\"@id\":\"https:\\\/\\\/www.inmsol.com\\\/es\\\/blog-escuela\\\/leyendas-granada\\\/el-origen-del-nombre-de-granada\\\/#breadcrumb\",\"itemListElement\":[{\"@type\":\"ListItem\",\"position\":1,\"name\":\"Accredited Center by Instituto Cervantes\",\"item\":\"https:\\\/\\\/www.inmsol.com\\\/es\\\/pagina-ejemplo\\\/\"},{\"@type\":\"ListItem\",\"position\":2,\"name\":\"Blog Escuela Espa\u00f1ol\",\"item\":\"https:\\\/\\\/www.inmsol.com\\\/es\\\/category\\\/blog-escuela\\\/\"},{\"@type\":\"ListItem\",\"position\":3,\"name\":\"Leyendas de Granada\",\"item\":\"https:\\\/\\\/www.inmsol.com\\\/es\\\/category\\\/blog-escuela\\\/leyendas-granada\\\/\"},{\"@type\":\"ListItem\",\"position\":4,\"name\":\"El origen del nombre de Granada\"}]},{\"@type\":\"WebSite\",\"@id\":\"https:\\\/\\\/www.inmsol.com\\\/es\\\/#website\",\"url\":\"https:\\\/\\\/www.inmsol.com\\\/es\\\/\",\"name\":\"iNMSOL\",\"description\":\"Aprenda Espa\u00f1ol con iNMSOL en Granada | Centro Acreditado por el Instituto Cervantes\",\"publisher\":{\"@id\":\"https:\\\/\\\/www.inmsol.com\\\/es\\\/#organization\"},\"potentialAction\":[{\"@type\":\"SearchAction\",\"target\":{\"@type\":\"EntryPoint\",\"urlTemplate\":\"https:\\\/\\\/www.inmsol.com\\\/es\\\/?s={search_term_string}\"},\"query-input\":{\"@type\":\"PropertyValueSpecification\",\"valueRequired\":true,\"valueName\":\"search_term_string\"}}],\"inLanguage\":\"es\"},{\"@type\":\"Organization\",\"@id\":\"https:\\\/\\\/www.inmsol.com\\\/es\\\/#organization\",\"name\":\"Instituto Mediterr\u00e1neo Sol\",\"url\":\"https:\\\/\\\/www.inmsol.com\\\/es\\\/\",\"logo\":{\"@type\":\"ImageObject\",\"inLanguage\":\"es\",\"@id\":\"https:\\\/\\\/www.inmsol.com\\\/es\\\/#\\\/schema\\\/logo\\\/image\\\/\",\"url\":\"https:\\\/\\\/www.inmsol.com\\\/wp-content\\\/uploads\\\/2023\\\/06\\\/logo-inmsol-1.png\",\"contentUrl\":\"https:\\\/\\\/www.inmsol.com\\\/wp-content\\\/uploads\\\/2023\\\/06\\\/logo-inmsol-1.png\",\"width\":136,\"height\":73,\"caption\":\"Instituto Mediterr\u00e1neo Sol\"},\"image\":{\"@id\":\"https:\\\/\\\/www.inmsol.com\\\/es\\\/#\\\/schema\\\/logo\\\/image\\\/\"},\"sameAs\":[\"https:\\\/\\\/www.facebook.com\\\/spanishcourses\",\"https:\\\/\\\/x.com\\\/StudyInGranada\",\"http:\\\/\\\/instagram.com\\\/imsolgranada\",\"https:\\\/\\\/es.linkedin.com\\\/company\\\/imsol-granada\",\"https:\\\/\\\/www.pinterest.es\\\/inmsol\\\/\",\"https:\\\/\\\/www.youtube.com\\\/channel\\\/UChz-Qn_7coFMosY85iYMO4g\"]},{\"@type\":\"Person\",\"@id\":\"https:\\\/\\\/www.inmsol.com\\\/es\\\/#\\\/schema\\\/person\\\/18f18acd0397ef441e373e79ec3eb6ea\",\"name\":\"Javier Torres\",\"image\":{\"@type\":\"ImageObject\",\"inLanguage\":\"es\",\"@id\":\"https:\\\/\\\/secure.gravatar.com\\\/avatar\\\/90afa2d6499550218d247408758082af566e5ec3641e1b8eac0d7bb889344a55?s=96&d=mm&r=g\",\"url\":\"https:\\\/\\\/secure.gravatar.com\\\/avatar\\\/90afa2d6499550218d247408758082af566e5ec3641e1b8eac0d7bb889344a55?s=96&d=mm&r=g\",\"contentUrl\":\"https:\\\/\\\/secure.gravatar.com\\\/avatar\\\/90afa2d6499550218d247408758082af566e5ec3641e1b8eac0d7bb889344a55?s=96&d=mm&r=g\",\"caption\":\"Javier Torres\"},\"url\":\"https:\\\/\\\/www.inmsol.com\\\/es\\\/author\\\/javier\\\/\"}]}<\/script>\n<!-- \/ Yoast SEO plugin. -->","yoast_head_json":{"title":"El origen del nombre de Granada - Leyendas de Granada","description":"\u00bfPor qu\u00e9 el nombre de Granada viene de la fruta? La ciudad de Granada tiene una historia digna de recordar y leyendas que nos hacen amarla.","robots":{"index":"index","follow":"follow","max-snippet":"max-snippet:-1","max-image-preview":"max-image-preview:large","max-video-preview":"max-video-preview:-1"},"canonical":"https:\/\/www.inmsol.com\/es\/blog-escuela\/leyendas-granada\/el-origen-del-nombre-de-granada\/","og_locale":"es_ES","og_type":"article","og_title":"El origen del nombre de Granada - Leyendas de Granada","og_description":"\u00bfPor qu\u00e9 el nombre de Granada viene de la fruta? La ciudad de Granada tiene una historia digna de recordar y leyendas que nos hacen amarla.","og_url":"https:\/\/www.inmsol.com\/es\/blog-escuela\/leyendas-granada\/el-origen-del-nombre-de-granada\/","og_site_name":"iNMSOL","article_publisher":"https:\/\/www.facebook.com\/spanishcourses","article_published_time":"2017-08-25T10:21:50+00:00","og_image":[{"width":1500,"height":1000,"url":"https:\/\/www.inmsol.com\/wp-content\/uploads\/2017\/08\/origen-del-nombre-de-granada.jpg","type":"image\/jpeg"}],"author":"Javier Torres","twitter_misc":{"Escrito por":"Javier Torres","Tiempo de lectura":"2 minutos"},"schema":{"@context":"https:\/\/schema.org","@graph":[{"@type":"Article","@id":"https:\/\/www.inmsol.com\/es\/blog-escuela\/leyendas-granada\/el-origen-del-nombre-de-granada\/#article","isPartOf":{"@id":"https:\/\/www.inmsol.com\/es\/blog-escuela\/leyendas-granada\/el-origen-del-nombre-de-granada\/"},"author":{"name":"Javier Torres","@id":"https:\/\/www.inmsol.com\/es\/#\/schema\/person\/18f18acd0397ef441e373e79ec3eb6ea"},"headline":"El origen del nombre de Granada","datePublished":"2017-08-25T10:21:50+00:00","mainEntityOfPage":{"@id":"https:\/\/www.inmsol.com\/es\/blog-escuela\/leyendas-granada\/el-origen-del-nombre-de-granada\/"},"wordCount":432,"publisher":{"@id":"https:\/\/www.inmsol.com\/es\/#organization"},"image":{"@id":"https:\/\/www.inmsol.com\/es\/blog-escuela\/leyendas-granada\/el-origen-del-nombre-de-granada\/#primaryimage"},"thumbnailUrl":"https:\/\/www.inmsol.com\/wp-content\/uploads\/2017\/08\/origen-del-nombre-de-granada.jpg","articleSection":["Leyendas de Granada"],"inLanguage":"es"},{"@type":"WebPage","@id":"https:\/\/www.inmsol.com\/es\/blog-escuela\/leyendas-granada\/el-origen-del-nombre-de-granada\/","url":"https:\/\/www.inmsol.com\/es\/blog-escuela\/leyendas-granada\/el-origen-del-nombre-de-granada\/","name":"El origen del nombre de Granada - Leyendas de Granada","isPartOf":{"@id":"https:\/\/www.inmsol.com\/es\/#website"},"primaryImageOfPage":{"@id":"https:\/\/www.inmsol.com\/es\/blog-escuela\/leyendas-granada\/el-origen-del-nombre-de-granada\/#primaryimage"},"image":{"@id":"https:\/\/www.inmsol.com\/es\/blog-escuela\/leyendas-granada\/el-origen-del-nombre-de-granada\/#primaryimage"},"thumbnailUrl":"https:\/\/www.inmsol.com\/wp-content\/uploads\/2017\/08\/origen-del-nombre-de-granada.jpg","datePublished":"2017-08-25T10:21:50+00:00","description":"\u00bfPor qu\u00e9 el nombre de Granada viene de la fruta? La ciudad de Granada tiene una historia digna de recordar y leyendas que nos hacen amarla.","breadcrumb":{"@id":"https:\/\/www.inmsol.com\/es\/blog-escuela\/leyendas-granada\/el-origen-del-nombre-de-granada\/#breadcrumb"},"inLanguage":"es","potentialAction":[{"@type":"ReadAction","target":["https:\/\/www.inmsol.com\/es\/blog-escuela\/leyendas-granada\/el-origen-del-nombre-de-granada\/"]}]},{"@type":"ImageObject","inLanguage":"es","@id":"https:\/\/www.inmsol.com\/es\/blog-escuela\/leyendas-granada\/el-origen-del-nombre-de-granada\/#primaryimage","url":"https:\/\/www.inmsol.com\/wp-content\/uploads\/2017\/08\/origen-del-nombre-de-granada.jpg","contentUrl":"https:\/\/www.inmsol.com\/wp-content\/uploads\/2017\/08\/origen-del-nombre-de-granada.jpg","width":1500,"height":1000,"caption":"El origen del nombre de granada"},{"@type":"BreadcrumbList","@id":"https:\/\/www.inmsol.com\/es\/blog-escuela\/leyendas-granada\/el-origen-del-nombre-de-granada\/#breadcrumb","itemListElement":[{"@type":"ListItem","position":1,"name":"Accredited Center by Instituto Cervantes","item":"https:\/\/www.inmsol.com\/es\/pagina-ejemplo\/"},{"@type":"ListItem","position":2,"name":"Blog Escuela Espa\u00f1ol","item":"https:\/\/www.inmsol.com\/es\/category\/blog-escuela\/"},{"@type":"ListItem","position":3,"name":"Leyendas de Granada","item":"https:\/\/www.inmsol.com\/es\/category\/blog-escuela\/leyendas-granada\/"},{"@type":"ListItem","position":4,"name":"El origen del nombre de Granada"}]},{"@type":"WebSite","@id":"https:\/\/www.inmsol.com\/es\/#website","url":"https:\/\/www.inmsol.com\/es\/","name":"iNMSOL","description":"Aprenda Espa\u00f1ol con iNMSOL en Granada | Centro Acreditado por el Instituto Cervantes","publisher":{"@id":"https:\/\/www.inmsol.com\/es\/#organization"},"potentialAction":[{"@type":"SearchAction","target":{"@type":"EntryPoint","urlTemplate":"https:\/\/www.inmsol.com\/es\/?s={search_term_string}"},"query-input":{"@type":"PropertyValueSpecification","valueRequired":true,"valueName":"search_term_string"}}],"inLanguage":"es"},{"@type":"Organization","@id":"https:\/\/www.inmsol.com\/es\/#organization","name":"Instituto Mediterr\u00e1neo Sol","url":"https:\/\/www.inmsol.com\/es\/","logo":{"@type":"ImageObject","inLanguage":"es","@id":"https:\/\/www.inmsol.com\/es\/#\/schema\/logo\/image\/","url":"https:\/\/www.inmsol.com\/wp-content\/uploads\/2023\/06\/logo-inmsol-1.png","contentUrl":"https:\/\/www.inmsol.com\/wp-content\/uploads\/2023\/06\/logo-inmsol-1.png","width":136,"height":73,"caption":"Instituto Mediterr\u00e1neo Sol"},"image":{"@id":"https:\/\/www.inmsol.com\/es\/#\/schema\/logo\/image\/"},"sameAs":["https:\/\/www.facebook.com\/spanishcourses","https:\/\/x.com\/StudyInGranada","http:\/\/instagram.com\/imsolgranada","https:\/\/es.linkedin.com\/company\/imsol-granada","https:\/\/www.pinterest.es\/inmsol\/","https:\/\/www.youtube.com\/channel\/UChz-Qn_7coFMosY85iYMO4g"]},{"@type":"Person","@id":"https:\/\/www.inmsol.com\/es\/#\/schema\/person\/18f18acd0397ef441e373e79ec3eb6ea","name":"Javier Torres","image":{"@type":"ImageObject","inLanguage":"es","@id":"https:\/\/secure.gravatar.com\/avatar\/90afa2d6499550218d247408758082af566e5ec3641e1b8eac0d7bb889344a55?s=96&d=mm&r=g","url":"https:\/\/secure.gravatar.com\/avatar\/90afa2d6499550218d247408758082af566e5ec3641e1b8eac0d7bb889344a55?s=96&d=mm&r=g","contentUrl":"https:\/\/secure.gravatar.com\/avatar\/90afa2d6499550218d247408758082af566e5ec3641e1b8eac0d7bb889344a55?s=96&d=mm&r=g","caption":"Javier Torres"},"url":"https:\/\/www.inmsol.com\/es\/author\/javier\/"}]}},"_links":{"self":[{"href":"https:\/\/www.inmsol.com\/es\/wp-json\/wp\/v2\/posts\/32830","targetHints":{"allow":["GET"]}}],"collection":[{"href":"https:\/\/www.inmsol.com\/es\/wp-json\/wp\/v2\/posts"}],"about":[{"href":"https:\/\/www.inmsol.com\/es\/wp-json\/wp\/v2\/types\/post"}],"author":[{"embeddable":true,"href":"https:\/\/www.inmsol.com\/es\/wp-json\/wp\/v2\/users\/2"}],"replies":[{"embeddable":true,"href":"https:\/\/www.inmsol.com\/es\/wp-json\/wp\/v2\/comments?post=32830"}],"version-history":[{"count":0,"href":"https:\/\/www.inmsol.com\/es\/wp-json\/wp\/v2\/posts\/32830\/revisions"}],"wp:featuredmedia":[{"embeddable":true,"href":"https:\/\/www.inmsol.com\/es\/wp-json\/wp\/v2\/media\/32831"}],"wp:attachment":[{"href":"https:\/\/www.inmsol.com\/es\/wp-json\/wp\/v2\/media?parent=32830"}],"wp:term":[{"taxonomy":"category","embeddable":true,"href":"https:\/\/www.inmsol.com\/es\/wp-json\/wp\/v2\/categories?post=32830"},{"taxonomy":"post_tag","embeddable":true,"href":"https:\/\/www.inmsol.com\/es\/wp-json\/wp\/v2\/tags?post=32830"}],"curies":[{"name":"wp","href":"https:\/\/api.w.org\/{rel}","templated":true}]}}