{"id":33137,"date":"2017-10-04T13:49:04","date_gmt":"2017-10-04T11:49:04","guid":{"rendered":"https:\/\/www.inmsol.com\/blog-escuela\/un-poco-de-noruega-en-imsol\/"},"modified":"2018-01-11T13:27:45","modified_gmt":"2018-01-11T12:27:45","slug":"un-poco-de-noruega-en-iNMSOL","status":"publish","type":"post","link":"https:\/\/www.inmsol.com\/es\/blog-escuela\/espanol-grupos\/un-poco-de-noruega-en-iNMSOL\/","title":{"rendered":"Un poco de Noruega en iNMSOL"},"content":{"rendered":"<p>El centro iNMSOL todos los a\u00f1os acoge una grande cantidad de grupos de estudiantes de todo el mundo. Se trata en particular de un <a href=\"https:\/\/www.inmsol.com\/es\/escuela-espanol-granada\/\"><strong>programa de viajes de estudio<\/strong><\/a> en el que: durante de una semana los j\u00f3venes estudiantes siguen clases de espa\u00f1ol en iNMSOL por la ma\u00f1ana, y por la tarde pueden visitar la ciudad de Granada y los lugares de inter\u00e9s que encontramos a su alrededor. Al final de cada d\u00eda, por la noche, todos los estudiantes regresan a \u00a0casa de las familias que los acogen, tras haber disfrutado de la pensi\u00f3n completa incluida.<\/p>\n<p>Durante de la semana entre el 23 y el 30 de septiembre, iNMSOL ha tenido el placer de recibir a un grupo de estudiantes de Noruega siguiendo el mencionado programa.<\/p>\n<p>Seg\u00fan lo planeado, justo al llegar a la ciudad, el grupo ha podido conocer a las familias con las cuales ten\u00edan iban a vivir y han pasado la tarde con ellas.<\/p>\n<p>Durante el domingo el grupo ha realizado su primera excursi\u00f3n a la Costa Tropical \u2013 una bonita comarca situada en el Sur de Granada y M\u00e1laga.<\/p>\n<p><img fetchpriority=\"high\" decoding=\"async\" class=\"size-medium wp-image-33126 alignleft\" src=\"https:\/\/www.inmsol.com\/wp-content\/uploads\/2017\/10\/photo-400x300.jpg\" alt=\"\" width=\"400\" height=\"300\" srcset=\"https:\/\/www.inmsol.com\/wp-content\/uploads\/2017\/10\/photo-400x300.jpg 400w, https:\/\/www.inmsol.com\/wp-content\/uploads\/2017\/10\/photo-800x600.jpg 800w, https:\/\/www.inmsol.com\/wp-content\/uploads\/2017\/10\/photo-64x48.jpg 64w, https:\/\/www.inmsol.com\/wp-content\/uploads\/2017\/10\/photo-768x576.jpg 768w, https:\/\/www.inmsol.com\/wp-content\/uploads\/2017\/10\/photo-250x188.jpg 250w, https:\/\/www.inmsol.com\/wp-content\/uploads\/2017\/10\/photo-533x400.jpg 533w, https:\/\/www.inmsol.com\/wp-content\/uploads\/2017\/10\/photo.jpg 960w\" sizes=\"(max-width: 400px) 100vw, 400px\" \/><\/p>\n<p>&nbsp;<\/p>\n<p>&nbsp;<\/p>\n<p>Aqu\u00ed los estudiantes han aprovechado el maravilloso paisaje de la Costa Tropical, as\u00ed como el buen tiempo para darse un ba\u00f1o en la playa.<\/p>\n<p><img decoding=\"async\" class=\"size-medium wp-image-33122 aligncenter\" src=\"https:\/\/www.inmsol.com\/wp-content\/uploads\/2017\/10\/adobestock_86693524-1024x593-460x266.jpg\" alt=\"\" width=\"460\" height=\"266\" srcset=\"https:\/\/www.inmsol.com\/wp-content\/uploads\/2017\/10\/adobestock_86693524-1024x593-460x266.jpg 460w, https:\/\/www.inmsol.com\/wp-content\/uploads\/2017\/10\/adobestock_86693524-1024x593-800x463.jpg 800w, https:\/\/www.inmsol.com\/wp-content\/uploads\/2017\/10\/adobestock_86693524-1024x593-64x37.jpg 64w, https:\/\/www.inmsol.com\/wp-content\/uploads\/2017\/10\/adobestock_86693524-1024x593-768x445.jpg 768w, https:\/\/www.inmsol.com\/wp-content\/uploads\/2017\/10\/adobestock_86693524-1024x593.jpg 1024w, https:\/\/www.inmsol.com\/wp-content\/uploads\/2017\/10\/adobestock_86693524-1024x593-250x145.jpg 250w, https:\/\/www.inmsol.com\/wp-content\/uploads\/2017\/10\/adobestock_86693524-1024x593-600x347.jpg 600w\" sizes=\"(max-width: 460px) 100vw, 460px\" \/><\/p>\n<p>&nbsp;<\/p>\n<p>El lunes, despu\u00e9s de las clases de espa\u00f1ol, los estudiantes han hecho una visita guiada en la zona del Albaic\u00edn y del Sacromonte \u2013 una de las \u00e1reas m\u00e1s caracter\u00edsticas de la ciudad y que desde siempre la hace \u00fanica.<\/p>\n<p><img decoding=\"async\" class=\"alignleft size-medium wp-image-33123\" src=\"https:\/\/www.inmsol.com\/wp-content\/uploads\/2017\/10\/albaicin-alhambra-atardecer2-460x114.jpg\" alt=\"\" width=\"460\" height=\"114\" srcset=\"https:\/\/www.inmsol.com\/wp-content\/uploads\/2017\/10\/albaicin-alhambra-atardecer2-460x114.jpg 460w, https:\/\/www.inmsol.com\/wp-content\/uploads\/2017\/10\/albaicin-alhambra-atardecer2-800x198.jpg 800w, https:\/\/www.inmsol.com\/wp-content\/uploads\/2017\/10\/albaicin-alhambra-atardecer2-64x16.jpg 64w, https:\/\/www.inmsol.com\/wp-content\/uploads\/2017\/10\/albaicin-alhambra-atardecer2-768x190.jpg 768w, https:\/\/www.inmsol.com\/wp-content\/uploads\/2017\/10\/albaicin-alhambra-atardecer2-250x62.jpg 250w, https:\/\/www.inmsol.com\/wp-content\/uploads\/2017\/10\/albaicin-alhambra-atardecer2-600x148.jpg 600w, https:\/\/www.inmsol.com\/wp-content\/uploads\/2017\/10\/albaicin-alhambra-atardecer2.jpg 810w\" sizes=\"(max-width: 460px) 100vw, 460px\" \/><\/p>\n<p>&nbsp;<\/p>\n<p>&nbsp;<\/p>\n<p>&nbsp;<\/p>\n<p>&nbsp;<\/p>\n<p>&nbsp;<\/p>\n<p>El martes, el programa ha previsto una excursi\u00f3n a la Alhambra y el Generalife \u2013 monumentos que en el tiempo se han convertido en s\u00edmbolo de Granada. Se trata de una villa elegante y llena de colores que fue lugar de residencia de los monarcas \u00e1rabes durante los periodos de su ocupaci\u00f3n en la zona.<\/p>\n<p><img loading=\"lazy\" decoding=\"async\" class=\"alignleft size-medium wp-image-33124\" src=\"https:\/\/www.inmsol.com\/wp-content\/uploads\/2017\/10\/alhambra-517149_640-460x259.jpg\" alt=\"\" width=\"460\" height=\"259\" srcset=\"https:\/\/www.inmsol.com\/wp-content\/uploads\/2017\/10\/alhambra-517149_640-460x259.jpg 460w, https:\/\/www.inmsol.com\/wp-content\/uploads\/2017\/10\/alhambra-517149_640-64x36.jpg 64w, https:\/\/www.inmsol.com\/wp-content\/uploads\/2017\/10\/alhambra-517149_640-600x338.jpg 600w, https:\/\/www.inmsol.com\/wp-content\/uploads\/2017\/10\/alhambra-517149_640-250x141.jpg 250w, https:\/\/www.inmsol.com\/wp-content\/uploads\/2017\/10\/alhambra-517149_640.jpg 640w\" sizes=\"(max-width: 460px) 100vw, 460px\" \/><\/p>\n<p>&nbsp;<\/p>\n<p>&nbsp;<\/p>\n<p>&nbsp;<\/p>\n<p>&nbsp;<\/p>\n<p>&nbsp;<\/p>\n<p>&nbsp;<\/p>\n<p>&nbsp;<\/p>\n<p>&nbsp;<\/p>\n<p>El mi\u00e9rcoles por la tarde los estudiantes han participado en una actividad un poco diferente, pero muy t\u00edpica de Granada: asistir a un espect\u00e1culo de flamenco en una de las cuevas del Sacromonte, \u00a1una aut\u00e9ntica experiencia!<\/p>\n<p><img loading=\"lazy\" decoding=\"async\" class=\"size-medium wp-image-33127 alignright\" src=\"https:\/\/www.inmsol.com\/wp-content\/uploads\/2017\/10\/flamenco-460x259.jpg\" alt=\"\" width=\"460\" height=\"259\" srcset=\"https:\/\/www.inmsol.com\/wp-content\/uploads\/2017\/10\/flamenco-460x259.jpg 460w, https:\/\/www.inmsol.com\/wp-content\/uploads\/2017\/10\/flamenco-800x450.jpg 800w, https:\/\/www.inmsol.com\/wp-content\/uploads\/2017\/10\/flamenco-64x36.jpg 64w, https:\/\/www.inmsol.com\/wp-content\/uploads\/2017\/10\/flamenco-768x432.jpg 768w, https:\/\/www.inmsol.com\/wp-content\/uploads\/2017\/10\/flamenco-1024x576.jpg 1024w, https:\/\/www.inmsol.com\/wp-content\/uploads\/2017\/10\/flamenco-250x141.jpg 250w, https:\/\/www.inmsol.com\/wp-content\/uploads\/2017\/10\/flamenco-600x338.jpg 600w, https:\/\/www.inmsol.com\/wp-content\/uploads\/2017\/10\/flamenco.jpg 1280w\" sizes=\"(max-width: 460px) 100vw, 460px\" \/><\/p>\n<p>&nbsp;<\/p>\n<p>&nbsp;<\/p>\n<p>&nbsp;<\/p>\n<p>&nbsp;<\/p>\n<p>&nbsp;<\/p>\n<p>&nbsp;<\/p>\n<p>&nbsp;<\/p>\n<p>&nbsp;<\/p>\n<p>El jueves el grupo ha hecho la Ruta de Grafitis. Hoy en d\u00eda Granada no es famosa solamente por sus monumentos y, al contrario, en los \u00faltimos a\u00f1os se ha desarrollado una nueva atracci\u00f3n: el \u201carte urbano\u201d, o sea grafitis de calidad. Es muy interesante notar como mientras que el Ayuntamiento est\u00e1 luchando contra de esta pr\u00e1ctica, Internet considera Granada como una de las ciudades m\u00e1s interesantes para visitar buenos grafitis.<\/p>\n<p><img loading=\"lazy\" decoding=\"async\" class=\"alignleft size-medium wp-image-33128\" src=\"https:\/\/www.inmsol.com\/wp-content\/uploads\/2017\/10\/graffiti-con-ilusion-optica-392x300.jpg\" alt=\"\" width=\"392\" height=\"300\" srcset=\"https:\/\/www.inmsol.com\/wp-content\/uploads\/2017\/10\/graffiti-con-ilusion-optica-392x300.jpg 392w, https:\/\/www.inmsol.com\/wp-content\/uploads\/2017\/10\/graffiti-con-ilusion-optica-800x612.jpg 800w, https:\/\/www.inmsol.com\/wp-content\/uploads\/2017\/10\/graffiti-con-ilusion-optica-64x49.jpg 64w, https:\/\/www.inmsol.com\/wp-content\/uploads\/2017\/10\/graffiti-con-ilusion-optica-768x587.jpg 768w, https:\/\/www.inmsol.com\/wp-content\/uploads\/2017\/10\/graffiti-con-ilusion-optica-250x191.jpg 250w, https:\/\/www.inmsol.com\/wp-content\/uploads\/2017\/10\/graffiti-con-ilusion-optica-523x400.jpg 523w, https:\/\/www.inmsol.com\/wp-content\/uploads\/2017\/10\/graffiti-con-ilusion-optica-262x200.jpg 262w, https:\/\/www.inmsol.com\/wp-content\/uploads\/2017\/10\/graffiti-con-ilusion-optica.jpg 900w\" sizes=\"(max-width: 392px) 100vw, 392px\" \/><\/p>\n<p>&nbsp;<\/p>\n<p>&nbsp;<\/p>\n<p>&nbsp;<\/p>\n<p>&nbsp;<\/p>\n<p>&nbsp;<\/p>\n<p>&nbsp;<\/p>\n<p>&nbsp;<\/p>\n<p>&nbsp;<\/p>\n<p>&nbsp;<\/p>\n<p>Para concluir, el viernes por la ma\u00f1ana el grupo se ha despedido de los profesores de iNMSOL y por la tarde han tenido un poco de tiempo libre para pasear por la \u00faltima vez por las calles de Granada e ir de compras.<\/p>\n<p>El viaje de estudio es un m\u00e9todo perfecto para integrar el estudio, el descubrimiento de una ciudad y el placer, por eso iNMSOL desde siempre promueve este proyecto.<\/p>\n<p><img loading=\"lazy\" decoding=\"async\" class=\"alignleft size-medium wp-image-33129\" src=\"https:\/\/www.inmsol.com\/wp-content\/uploads\/2017\/10\/dsc_0391-447x300.jpg\" alt=\"\" width=\"447\" height=\"300\" srcset=\"https:\/\/www.inmsol.com\/wp-content\/uploads\/2017\/10\/dsc_0391-447x300.jpg 447w, https:\/\/www.inmsol.com\/wp-content\/uploads\/2017\/10\/dsc_0391-800x537.jpg 800w, https:\/\/www.inmsol.com\/wp-content\/uploads\/2017\/10\/dsc_0391-64x43.jpg 64w, https:\/\/www.inmsol.com\/wp-content\/uploads\/2017\/10\/dsc_0391-768x516.jpg 768w, https:\/\/www.inmsol.com\/wp-content\/uploads\/2017\/10\/dsc_0391-1024x687.jpg 1024w, https:\/\/www.inmsol.com\/wp-content\/uploads\/2017\/10\/dsc_0391-250x168.jpg 250w, https:\/\/www.inmsol.com\/wp-content\/uploads\/2017\/10\/dsc_0391-596x400.jpg 596w, https:\/\/www.inmsol.com\/wp-content\/uploads\/2017\/10\/dsc_0391.jpg 1500w\" sizes=\"(max-width: 447px) 100vw, 447px\" \/><\/p>\n<p>Si est\u00e1s pensando hacer un viaje de estudio con tus estudiantes y no sabes por donde comenzar \u00a1Habla con iNMSOL!<\/p>\n","protected":false},"excerpt":{"rendered":"<p>iNMSOL promueve el programa viaje de estudio: durante al menos una semana los estudiantes aprenden espa\u00f1ol, conocen Granada y visitan lugares cercanos<\/p>\n","protected":false},"author":3,"featured_media":33129,"comment_status":"closed","ping_status":"closed","sticky":false,"template":"","format":"standard","meta":{"_acf_changed":false,"footnotes":""},"categories":[84],"tags":[],"class_list":["post-33137","post","type-post","status-publish","format-standard","has-post-thumbnail","hentry","category-espanol-grupos"],"acf":[],"yoast_head":"<!-- This site is optimized with the Yoast SEO plugin v27.5 - https:\/\/yoast.com\/product\/yoast-seo-wordpress\/ -->\n<title>Estudiantes Noruegos vienen a estudiar espa\u00f1ol a iNMSOL y conocen Granada<\/title>\n<meta name=\"description\" content=\"iNMSOL promueve el programa viaje de estudio: durante al menos una semana los estudiantes aprenden espa\u00f1ol, conocen Granada y visitan lugares cercanos\" \/>\n<meta name=\"robots\" content=\"index, follow, max-snippet:-1, max-image-preview:large, max-video-preview:-1\" \/>\n<link rel=\"canonical\" href=\"https:\/\/www.inmsol.com\/es\/blog-escuela\/espanol-grupos\/un-poco-de-noruega-en-iNMSOL\/\" \/>\n<meta property=\"og:locale\" content=\"es_ES\" \/>\n<meta property=\"og:type\" content=\"article\" \/>\n<meta property=\"og:title\" content=\"Estudiantes Noruegos vienen a estudiar espa\u00f1ol a iNMSOL y conocen Granada\" \/>\n<meta property=\"og:description\" content=\"iNMSOL promueve el programa viaje de estudio: durante al menos una semana los estudiantes aprenden espa\u00f1ol, conocen Granada y visitan lugares cercanos\" \/>\n<meta property=\"og:url\" content=\"https:\/\/www.inmsol.com\/es\/blog-escuela\/espanol-grupos\/un-poco-de-noruega-en-iNMSOL\/\" \/>\n<meta property=\"og:site_name\" content=\"iNMSOL\" \/>\n<meta property=\"article:publisher\" content=\"https:\/\/www.facebook.com\/spanishcourses\" \/>\n<meta property=\"article:published_time\" content=\"2017-10-04T11:49:04+00:00\" \/>\n<meta property=\"article:modified_time\" content=\"2018-01-11T12:27:45+00:00\" \/>\n<meta property=\"og:image\" content=\"https:\/\/www.inmsol.com\/wp-content\/uploads\/2017\/10\/dsc_0391.jpg\" \/>\n\t<meta property=\"og:image:width\" content=\"1500\" \/>\n\t<meta property=\"og:image:height\" content=\"1007\" \/>\n\t<meta property=\"og:image:type\" content=\"image\/jpeg\" \/>\n<meta name=\"author\" content=\"- Instituto Mediterr\u00e1neo Sol\" \/>\n<meta name=\"twitter:label1\" content=\"Escrito por\" \/>\n\t<meta name=\"twitter:data1\" content=\"- Instituto Mediterr\u00e1neo Sol\" \/>\n\t<meta name=\"twitter:label2\" content=\"Tiempo de lectura\" \/>\n\t<meta name=\"twitter:data2\" content=\"3 minutos\" \/>\n<script type=\"application\/ld+json\" class=\"yoast-schema-graph\">{\"@context\":\"https:\\\/\\\/schema.org\",\"@graph\":[{\"@type\":\"Article\",\"@id\":\"https:\\\/\\\/www.inmsol.com\\\/es\\\/blog-escuela\\\/espanol-grupos\\\/un-poco-de-noruega-en-iNMSOL\\\/#article\",\"isPartOf\":{\"@id\":\"https:\\\/\\\/www.inmsol.com\\\/es\\\/blog-escuela\\\/espanol-grupos\\\/un-poco-de-noruega-en-iNMSOL\\\/\"},\"author\":{\"name\":\"- Instituto Mediterr\u00e1neo Sol\",\"@id\":\"https:\\\/\\\/www.inmsol.com\\\/es\\\/#\\\/schema\\\/person\\\/94a7a01d14a56d1fbc49c841ffc57fe9\"},\"headline\":\"Un poco de Noruega en iNMSOL\",\"datePublished\":\"2017-10-04T11:49:04+00:00\",\"dateModified\":\"2018-01-11T12:27:45+00:00\",\"mainEntityOfPage\":{\"@id\":\"https:\\\/\\\/www.inmsol.com\\\/es\\\/blog-escuela\\\/espanol-grupos\\\/un-poco-de-noruega-en-iNMSOL\\\/\"},\"wordCount\":566,\"publisher\":{\"@id\":\"https:\\\/\\\/www.inmsol.com\\\/es\\\/#organization\"},\"image\":{\"@id\":\"https:\\\/\\\/www.inmsol.com\\\/es\\\/blog-escuela\\\/espanol-grupos\\\/un-poco-de-noruega-en-iNMSOL\\\/#primaryimage\"},\"thumbnailUrl\":\"https:\\\/\\\/www.inmsol.com\\\/wp-content\\\/uploads\\\/2017\\\/10\\\/dsc_0391.jpg\",\"articleSection\":[\"Espa\u00f1ol para grupos\"],\"inLanguage\":\"es\"},{\"@type\":\"WebPage\",\"@id\":\"https:\\\/\\\/www.inmsol.com\\\/es\\\/blog-escuela\\\/espanol-grupos\\\/un-poco-de-noruega-en-iNMSOL\\\/\",\"url\":\"https:\\\/\\\/www.inmsol.com\\\/es\\\/blog-escuela\\\/espanol-grupos\\\/un-poco-de-noruega-en-iNMSOL\\\/\",\"name\":\"Estudiantes Noruegos vienen a estudiar espa\u00f1ol a iNMSOL y conocen Granada\",\"isPartOf\":{\"@id\":\"https:\\\/\\\/www.inmsol.com\\\/es\\\/#website\"},\"primaryImageOfPage\":{\"@id\":\"https:\\\/\\\/www.inmsol.com\\\/es\\\/blog-escuela\\\/espanol-grupos\\\/un-poco-de-noruega-en-iNMSOL\\\/#primaryimage\"},\"image\":{\"@id\":\"https:\\\/\\\/www.inmsol.com\\\/es\\\/blog-escuela\\\/espanol-grupos\\\/un-poco-de-noruega-en-iNMSOL\\\/#primaryimage\"},\"thumbnailUrl\":\"https:\\\/\\\/www.inmsol.com\\\/wp-content\\\/uploads\\\/2017\\\/10\\\/dsc_0391.jpg\",\"datePublished\":\"2017-10-04T11:49:04+00:00\",\"dateModified\":\"2018-01-11T12:27:45+00:00\",\"description\":\"iNMSOL promueve el programa viaje de estudio: durante al menos una semana los estudiantes aprenden espa\u00f1ol, conocen Granada y visitan lugares cercanos\",\"breadcrumb\":{\"@id\":\"https:\\\/\\\/www.inmsol.com\\\/es\\\/blog-escuela\\\/espanol-grupos\\\/un-poco-de-noruega-en-iNMSOL\\\/#breadcrumb\"},\"inLanguage\":\"es\",\"potentialAction\":[{\"@type\":\"ReadAction\",\"target\":[\"https:\\\/\\\/www.inmsol.com\\\/es\\\/blog-escuela\\\/espanol-grupos\\\/un-poco-de-noruega-en-iNMSOL\\\/\"]}]},{\"@type\":\"ImageObject\",\"inLanguage\":\"es\",\"@id\":\"https:\\\/\\\/www.inmsol.com\\\/es\\\/blog-escuela\\\/espanol-grupos\\\/un-poco-de-noruega-en-iNMSOL\\\/#primaryimage\",\"url\":\"https:\\\/\\\/www.inmsol.com\\\/wp-content\\\/uploads\\\/2017\\\/10\\\/dsc_0391.jpg\",\"contentUrl\":\"https:\\\/\\\/www.inmsol.com\\\/wp-content\\\/uploads\\\/2017\\\/10\\\/dsc_0391.jpg\",\"width\":1500,\"height\":1007},{\"@type\":\"BreadcrumbList\",\"@id\":\"https:\\\/\\\/www.inmsol.com\\\/es\\\/blog-escuela\\\/espanol-grupos\\\/un-poco-de-noruega-en-iNMSOL\\\/#breadcrumb\",\"itemListElement\":[{\"@type\":\"ListItem\",\"position\":1,\"name\":\"Accredited Center by Instituto Cervantes\",\"item\":\"https:\\\/\\\/www.inmsol.com\\\/es\\\/pagina-ejemplo\\\/\"},{\"@type\":\"ListItem\",\"position\":2,\"name\":\"Blog Escuela Espa\u00f1ol\",\"item\":\"https:\\\/\\\/www.inmsol.com\\\/es\\\/category\\\/blog-escuela\\\/\"},{\"@type\":\"ListItem\",\"position\":3,\"name\":\"Espa\u00f1ol para grupos\",\"item\":\"https:\\\/\\\/www.inmsol.com\\\/es\\\/category\\\/blog-escuela\\\/espanol-grupos\\\/\"},{\"@type\":\"ListItem\",\"position\":4,\"name\":\"Un poco de Noruega en iNMSOL\"}]},{\"@type\":\"WebSite\",\"@id\":\"https:\\\/\\\/www.inmsol.com\\\/es\\\/#website\",\"url\":\"https:\\\/\\\/www.inmsol.com\\\/es\\\/\",\"name\":\"iNMSOL\",\"description\":\"Aprenda Espa\u00f1ol con iNMSOL en Granada | Centro Acreditado por el Instituto Cervantes\",\"publisher\":{\"@id\":\"https:\\\/\\\/www.inmsol.com\\\/es\\\/#organization\"},\"potentialAction\":[{\"@type\":\"SearchAction\",\"target\":{\"@type\":\"EntryPoint\",\"urlTemplate\":\"https:\\\/\\\/www.inmsol.com\\\/es\\\/?s={search_term_string}\"},\"query-input\":{\"@type\":\"PropertyValueSpecification\",\"valueRequired\":true,\"valueName\":\"search_term_string\"}}],\"inLanguage\":\"es\"},{\"@type\":\"Organization\",\"@id\":\"https:\\\/\\\/www.inmsol.com\\\/es\\\/#organization\",\"name\":\"Instituto Mediterr\u00e1neo Sol\",\"url\":\"https:\\\/\\\/www.inmsol.com\\\/es\\\/\",\"logo\":{\"@type\":\"ImageObject\",\"inLanguage\":\"es\",\"@id\":\"https:\\\/\\\/www.inmsol.com\\\/es\\\/#\\\/schema\\\/logo\\\/image\\\/\",\"url\":\"https:\\\/\\\/www.inmsol.com\\\/wp-content\\\/uploads\\\/2023\\\/06\\\/logo-inmsol-1.png\",\"contentUrl\":\"https:\\\/\\\/www.inmsol.com\\\/wp-content\\\/uploads\\\/2023\\\/06\\\/logo-inmsol-1.png\",\"width\":136,\"height\":73,\"caption\":\"Instituto Mediterr\u00e1neo Sol\"},\"image\":{\"@id\":\"https:\\\/\\\/www.inmsol.com\\\/es\\\/#\\\/schema\\\/logo\\\/image\\\/\"},\"sameAs\":[\"https:\\\/\\\/www.facebook.com\\\/spanishcourses\",\"https:\\\/\\\/x.com\\\/StudyInGranada\",\"http:\\\/\\\/instagram.com\\\/imsolgranada\",\"https:\\\/\\\/es.linkedin.com\\\/company\\\/imsol-granada\",\"https:\\\/\\\/www.pinterest.es\\\/inmsol\\\/\",\"https:\\\/\\\/www.youtube.com\\\/channel\\\/UChz-Qn_7coFMosY85iYMO4g\"]},{\"@type\":\"Person\",\"@id\":\"https:\\\/\\\/www.inmsol.com\\\/es\\\/#\\\/schema\\\/person\\\/94a7a01d14a56d1fbc49c841ffc57fe9\",\"name\":\"- Instituto Mediterr\u00e1neo Sol\",\"image\":{\"@type\":\"ImageObject\",\"inLanguage\":\"es\",\"@id\":\"https:\\\/\\\/secure.gravatar.com\\\/avatar\\\/5607fdabdf1b548b6095cc3d43079829bc1497403e70dd34004e7204a8fef62b?s=96&d=mm&r=g\",\"url\":\"https:\\\/\\\/secure.gravatar.com\\\/avatar\\\/5607fdabdf1b548b6095cc3d43079829bc1497403e70dd34004e7204a8fef62b?s=96&d=mm&r=g\",\"contentUrl\":\"https:\\\/\\\/secure.gravatar.com\\\/avatar\\\/5607fdabdf1b548b6095cc3d43079829bc1497403e70dd34004e7204a8fef62b?s=96&d=mm&r=g\",\"caption\":\"- Instituto Mediterr\u00e1neo Sol\"},\"url\":\"https:\\\/\\\/www.inmsol.com\\\/es\\\/author\\\/laura\\\/\"}]}<\/script>\n<!-- \/ Yoast SEO plugin. -->","yoast_head_json":{"title":"Estudiantes Noruegos vienen a estudiar espa\u00f1ol a iNMSOL y conocen Granada","description":"iNMSOL promueve el programa viaje de estudio: durante al menos una semana los estudiantes aprenden espa\u00f1ol, conocen Granada y visitan lugares cercanos","robots":{"index":"index","follow":"follow","max-snippet":"max-snippet:-1","max-image-preview":"max-image-preview:large","max-video-preview":"max-video-preview:-1"},"canonical":"https:\/\/www.inmsol.com\/es\/blog-escuela\/espanol-grupos\/un-poco-de-noruega-en-iNMSOL\/","og_locale":"es_ES","og_type":"article","og_title":"Estudiantes Noruegos vienen a estudiar espa\u00f1ol a iNMSOL y conocen Granada","og_description":"iNMSOL promueve el programa viaje de estudio: durante al menos una semana los estudiantes aprenden espa\u00f1ol, conocen Granada y visitan lugares cercanos","og_url":"https:\/\/www.inmsol.com\/es\/blog-escuela\/espanol-grupos\/un-poco-de-noruega-en-iNMSOL\/","og_site_name":"iNMSOL","article_publisher":"https:\/\/www.facebook.com\/spanishcourses","article_published_time":"2017-10-04T11:49:04+00:00","article_modified_time":"2018-01-11T12:27:45+00:00","og_image":[{"width":1500,"height":1007,"url":"https:\/\/www.inmsol.com\/wp-content\/uploads\/2017\/10\/dsc_0391.jpg","type":"image\/jpeg"}],"author":"- Instituto Mediterr\u00e1neo Sol","twitter_misc":{"Escrito por":"- Instituto Mediterr\u00e1neo Sol","Tiempo de lectura":"3 minutos"},"schema":{"@context":"https:\/\/schema.org","@graph":[{"@type":"Article","@id":"https:\/\/www.inmsol.com\/es\/blog-escuela\/espanol-grupos\/un-poco-de-noruega-en-iNMSOL\/#article","isPartOf":{"@id":"https:\/\/www.inmsol.com\/es\/blog-escuela\/espanol-grupos\/un-poco-de-noruega-en-iNMSOL\/"},"author":{"name":"- Instituto Mediterr\u00e1neo Sol","@id":"https:\/\/www.inmsol.com\/es\/#\/schema\/person\/94a7a01d14a56d1fbc49c841ffc57fe9"},"headline":"Un poco de Noruega en iNMSOL","datePublished":"2017-10-04T11:49:04+00:00","dateModified":"2018-01-11T12:27:45+00:00","mainEntityOfPage":{"@id":"https:\/\/www.inmsol.com\/es\/blog-escuela\/espanol-grupos\/un-poco-de-noruega-en-iNMSOL\/"},"wordCount":566,"publisher":{"@id":"https:\/\/www.inmsol.com\/es\/#organization"},"image":{"@id":"https:\/\/www.inmsol.com\/es\/blog-escuela\/espanol-grupos\/un-poco-de-noruega-en-iNMSOL\/#primaryimage"},"thumbnailUrl":"https:\/\/www.inmsol.com\/wp-content\/uploads\/2017\/10\/dsc_0391.jpg","articleSection":["Espa\u00f1ol para grupos"],"inLanguage":"es"},{"@type":"WebPage","@id":"https:\/\/www.inmsol.com\/es\/blog-escuela\/espanol-grupos\/un-poco-de-noruega-en-iNMSOL\/","url":"https:\/\/www.inmsol.com\/es\/blog-escuela\/espanol-grupos\/un-poco-de-noruega-en-iNMSOL\/","name":"Estudiantes Noruegos vienen a estudiar espa\u00f1ol a iNMSOL y conocen Granada","isPartOf":{"@id":"https:\/\/www.inmsol.com\/es\/#website"},"primaryImageOfPage":{"@id":"https:\/\/www.inmsol.com\/es\/blog-escuela\/espanol-grupos\/un-poco-de-noruega-en-iNMSOL\/#primaryimage"},"image":{"@id":"https:\/\/www.inmsol.com\/es\/blog-escuela\/espanol-grupos\/un-poco-de-noruega-en-iNMSOL\/#primaryimage"},"thumbnailUrl":"https:\/\/www.inmsol.com\/wp-content\/uploads\/2017\/10\/dsc_0391.jpg","datePublished":"2017-10-04T11:49:04+00:00","dateModified":"2018-01-11T12:27:45+00:00","description":"iNMSOL promueve el programa viaje de estudio: durante al menos una semana los estudiantes aprenden espa\u00f1ol, conocen Granada y visitan lugares cercanos","breadcrumb":{"@id":"https:\/\/www.inmsol.com\/es\/blog-escuela\/espanol-grupos\/un-poco-de-noruega-en-iNMSOL\/#breadcrumb"},"inLanguage":"es","potentialAction":[{"@type":"ReadAction","target":["https:\/\/www.inmsol.com\/es\/blog-escuela\/espanol-grupos\/un-poco-de-noruega-en-iNMSOL\/"]}]},{"@type":"ImageObject","inLanguage":"es","@id":"https:\/\/www.inmsol.com\/es\/blog-escuela\/espanol-grupos\/un-poco-de-noruega-en-iNMSOL\/#primaryimage","url":"https:\/\/www.inmsol.com\/wp-content\/uploads\/2017\/10\/dsc_0391.jpg","contentUrl":"https:\/\/www.inmsol.com\/wp-content\/uploads\/2017\/10\/dsc_0391.jpg","width":1500,"height":1007},{"@type":"BreadcrumbList","@id":"https:\/\/www.inmsol.com\/es\/blog-escuela\/espanol-grupos\/un-poco-de-noruega-en-iNMSOL\/#breadcrumb","itemListElement":[{"@type":"ListItem","position":1,"name":"Accredited Center by Instituto Cervantes","item":"https:\/\/www.inmsol.com\/es\/pagina-ejemplo\/"},{"@type":"ListItem","position":2,"name":"Blog Escuela Espa\u00f1ol","item":"https:\/\/www.inmsol.com\/es\/category\/blog-escuela\/"},{"@type":"ListItem","position":3,"name":"Espa\u00f1ol para grupos","item":"https:\/\/www.inmsol.com\/es\/category\/blog-escuela\/espanol-grupos\/"},{"@type":"ListItem","position":4,"name":"Un poco de Noruega en iNMSOL"}]},{"@type":"WebSite","@id":"https:\/\/www.inmsol.com\/es\/#website","url":"https:\/\/www.inmsol.com\/es\/","name":"iNMSOL","description":"Aprenda Espa\u00f1ol con iNMSOL en Granada | Centro Acreditado por el Instituto Cervantes","publisher":{"@id":"https:\/\/www.inmsol.com\/es\/#organization"},"potentialAction":[{"@type":"SearchAction","target":{"@type":"EntryPoint","urlTemplate":"https:\/\/www.inmsol.com\/es\/?s={search_term_string}"},"query-input":{"@type":"PropertyValueSpecification","valueRequired":true,"valueName":"search_term_string"}}],"inLanguage":"es"},{"@type":"Organization","@id":"https:\/\/www.inmsol.com\/es\/#organization","name":"Instituto Mediterr\u00e1neo Sol","url":"https:\/\/www.inmsol.com\/es\/","logo":{"@type":"ImageObject","inLanguage":"es","@id":"https:\/\/www.inmsol.com\/es\/#\/schema\/logo\/image\/","url":"https:\/\/www.inmsol.com\/wp-content\/uploads\/2023\/06\/logo-inmsol-1.png","contentUrl":"https:\/\/www.inmsol.com\/wp-content\/uploads\/2023\/06\/logo-inmsol-1.png","width":136,"height":73,"caption":"Instituto Mediterr\u00e1neo Sol"},"image":{"@id":"https:\/\/www.inmsol.com\/es\/#\/schema\/logo\/image\/"},"sameAs":["https:\/\/www.facebook.com\/spanishcourses","https:\/\/x.com\/StudyInGranada","http:\/\/instagram.com\/imsolgranada","https:\/\/es.linkedin.com\/company\/imsol-granada","https:\/\/www.pinterest.es\/inmsol\/","https:\/\/www.youtube.com\/channel\/UChz-Qn_7coFMosY85iYMO4g"]},{"@type":"Person","@id":"https:\/\/www.inmsol.com\/es\/#\/schema\/person\/94a7a01d14a56d1fbc49c841ffc57fe9","name":"- Instituto Mediterr\u00e1neo Sol","image":{"@type":"ImageObject","inLanguage":"es","@id":"https:\/\/secure.gravatar.com\/avatar\/5607fdabdf1b548b6095cc3d43079829bc1497403e70dd34004e7204a8fef62b?s=96&d=mm&r=g","url":"https:\/\/secure.gravatar.com\/avatar\/5607fdabdf1b548b6095cc3d43079829bc1497403e70dd34004e7204a8fef62b?s=96&d=mm&r=g","contentUrl":"https:\/\/secure.gravatar.com\/avatar\/5607fdabdf1b548b6095cc3d43079829bc1497403e70dd34004e7204a8fef62b?s=96&d=mm&r=g","caption":"- Instituto Mediterr\u00e1neo Sol"},"url":"https:\/\/www.inmsol.com\/es\/author\/laura\/"}]}},"_links":{"self":[{"href":"https:\/\/www.inmsol.com\/es\/wp-json\/wp\/v2\/posts\/33137","targetHints":{"allow":["GET"]}}],"collection":[{"href":"https:\/\/www.inmsol.com\/es\/wp-json\/wp\/v2\/posts"}],"about":[{"href":"https:\/\/www.inmsol.com\/es\/wp-json\/wp\/v2\/types\/post"}],"author":[{"embeddable":true,"href":"https:\/\/www.inmsol.com\/es\/wp-json\/wp\/v2\/users\/3"}],"replies":[{"embeddable":true,"href":"https:\/\/www.inmsol.com\/es\/wp-json\/wp\/v2\/comments?post=33137"}],"version-history":[{"count":0,"href":"https:\/\/www.inmsol.com\/es\/wp-json\/wp\/v2\/posts\/33137\/revisions"}],"wp:featuredmedia":[{"embeddable":true,"href":"https:\/\/www.inmsol.com\/es\/wp-json\/wp\/v2\/media\/33129"}],"wp:attachment":[{"href":"https:\/\/www.inmsol.com\/es\/wp-json\/wp\/v2\/media?parent=33137"}],"wp:term":[{"taxonomy":"category","embeddable":true,"href":"https:\/\/www.inmsol.com\/es\/wp-json\/wp\/v2\/categories?post=33137"},{"taxonomy":"post_tag","embeddable":true,"href":"https:\/\/www.inmsol.com\/es\/wp-json\/wp\/v2\/tags?post=33137"}],"curies":[{"name":"wp","href":"https:\/\/api.w.org\/{rel}","templated":true}]}}