{"id":33407,"date":"2017-10-31T13:23:25","date_gmt":"2017-10-31T12:23:25","guid":{"rendered":"https:\/\/www.inmsol.com\/blog-escuela\/espana-entre-costumbres-y-estereotipos\/"},"modified":"2017-11-07T11:25:33","modified_gmt":"2017-11-07T10:25:33","slug":"espana-entre-costumbres-y-estereotipos","status":"publish","type":"post","link":"https:\/\/www.inmsol.com\/es\/blog-escuela\/cultura-literatura-historia-espana-es\/espana-entre-costumbres-y-estereotipos\/","title":{"rendered":"Espa\u00f1a: entre costumbres y estereotipos"},"content":{"rendered":"<p>Si preguntas a un extranjero qu\u00e9 piensa de los <a href=\"https:\/\/www.inmsol.com\/es\/granada\/\"><strong>espa\u00f1oles<\/strong><\/a> y de sus costumbres, probablemente los definir\u00eda con una idea totalmente equivocada a la realidad: solamente toros, paella y flamenco.\u00a0 \u00bfCu\u00e1ndo se trata de estereotipos y cuando de costumbres?<\/p>\n<p>En este art\u00edculo podemos encontrar algunos estereotipos que siempre han caracterizado a la poblaci\u00f3n espa\u00f1ola.<\/p>\n<p>&nbsp;<\/p>\n<ul>\n<li><strong><em>Todos los espa\u00f1oles saben bailar flamenco.<\/em><\/strong> El flamenco se origina en el sur Espa\u00f1a en el siglo XVIII pero no significa que todos los espa\u00f1oles quieran o sepan bailarlo.<\/li>\n<\/ul>\n<p><img fetchpriority=\"high\" decoding=\"async\" class=\"alignleft size-medium wp-image-33400\" src=\"https:\/\/www.inmsol.com\/wp-content\/uploads\/2017\/10\/1-300x300.jpg\" alt=\"\" width=\"300\" height=\"300\" srcset=\"https:\/\/www.inmsol.com\/wp-content\/uploads\/2017\/10\/1-300x300.jpg 300w, https:\/\/www.inmsol.com\/wp-content\/uploads\/2017\/10\/1-100x100.jpg 100w, https:\/\/www.inmsol.com\/wp-content\/uploads\/2017\/10\/1-64x64.jpg 64w, https:\/\/www.inmsol.com\/wp-content\/uploads\/2017\/10\/1-600x600.jpg 600w, https:\/\/www.inmsol.com\/wp-content\/uploads\/2017\/10\/1-150x150.jpg 150w, https:\/\/www.inmsol.com\/wp-content\/uploads\/2017\/10\/1-200x200.jpg 200w, https:\/\/www.inmsol.com\/wp-content\/uploads\/2017\/10\/1-400x400.jpg 400w, https:\/\/www.inmsol.com\/wp-content\/uploads\/2017\/10\/1.jpg 640w\" sizes=\"(max-width: 300px) 100vw, 300px\" \/><\/p>\n<p>&nbsp;<\/p>\n<p>&nbsp;<\/p>\n<p>&nbsp;<\/p>\n<p>&nbsp;<\/p>\n<p>&nbsp;<\/p>\n<p>&nbsp;<\/p>\n<p>&nbsp;<\/p>\n<p>&nbsp;<\/p>\n<p>&nbsp;<\/p>\n<ul>\n<li><strong><em>Los espa\u00f1oles duermen la siesta cada d\u00eda.<\/em><\/strong> La siesta no est\u00e1 financiada por la empresa y tampoco hay camas en las oficinas. Aunque descansar un poco despu\u00e9s de la comida es lo mejor porque est\u00e1 demostrado cient\u00edficamente que tiene beneficios: mejora la salud y la circulaci\u00f3n.<\/li>\n<\/ul>\n<p><img decoding=\"async\" class=\" wp-image-33401 alignright\" src=\"https:\/\/www.inmsol.com\/wp-content\/uploads\/2017\/10\/siesta-dedon-forest-454x300.jpg\" alt=\"\" width=\"387\" height=\"256\" srcset=\"https:\/\/www.inmsol.com\/wp-content\/uploads\/2017\/10\/siesta-dedon-forest-454x300.jpg 454w, https:\/\/www.inmsol.com\/wp-content\/uploads\/2017\/10\/siesta-dedon-forest-64x42.jpg 64w, https:\/\/www.inmsol.com\/wp-content\/uploads\/2017\/10\/siesta-dedon-forest-600x397.jpg 600w, https:\/\/www.inmsol.com\/wp-content\/uploads\/2017\/10\/siesta-dedon-forest-768x508.jpg 768w, https:\/\/www.inmsol.com\/wp-content\/uploads\/2017\/10\/siesta-dedon-forest-250x165.jpg 250w, https:\/\/www.inmsol.com\/wp-content\/uploads\/2017\/10\/siesta-dedon-forest.jpg 800w\" sizes=\"(max-width: 387px) 100vw, 387px\" \/><\/p>\n<p>&nbsp;<\/p>\n<p>&nbsp;<\/p>\n<p>&nbsp;<\/p>\n<p>&nbsp;<\/p>\n<p>&nbsp;<\/p>\n<p>&nbsp;<\/p>\n<p>&nbsp;<\/p>\n<p>&nbsp;<\/p>\n<ul>\n<li><strong><em>Todos los espa\u00f1oles tienen la piel, el pelo y los ojos oscuros<\/em><\/strong>. Tambi\u00e9n hay espa\u00f1oles con el pelo claro y ojos azules. Un ejemplo puede ser el defensa del F\u00fatbol de Barcelona Gerard Piqu\u00e9 que no tiene estas caracter\u00edsticas aunque sea espa\u00f1ol.<\/li>\n<\/ul>\n<p>&nbsp;<\/p>\n<ul>\n<li><strong><em>En Espa\u00f1a hace mucho calor<\/em><\/strong>. No hace calor durante todo el a\u00f1o y tampoco en todas las zonas del pa\u00eds. Hay una grande diferencia entre el norte y el sur. En el norte del pa\u00eds &#8211; \u00a0como en Galicia &#8211; \u00a0no es raro que llueva en verano, mientras que en el centro \u2013 por ejemplo en Madrid \u2013 en invierno hace bastante fr\u00edo, tambi\u00e9n con nieve y hielo.<\/li>\n<\/ul>\n<p>&nbsp;<\/p>\n<ul>\n<li><strong><em>La paella es la comida t\u00edpica<\/em><\/strong>. Es la comida t\u00edpica en la Comunidad Valenciana.<\/li>\n<\/ul>\n<p><img decoding=\"async\" class=\"alignleft size-medium wp-image-33402\" src=\"https:\/\/www.inmsol.com\/wp-content\/uploads\/2017\/10\/rs2891_imz_3105-lpr2-2-1489647940-363x300.jpg\" alt=\"\" width=\"363\" height=\"300\" srcset=\"https:\/\/www.inmsol.com\/wp-content\/uploads\/2017\/10\/rs2891_imz_3105-lpr2-2-1489647940-363x300.jpg 363w, https:\/\/www.inmsol.com\/wp-content\/uploads\/2017\/10\/rs2891_imz_3105-lpr2-2-1489647940-800x660.jpg 800w, https:\/\/www.inmsol.com\/wp-content\/uploads\/2017\/10\/rs2891_imz_3105-lpr2-2-1489647940-64x53.jpg 64w, https:\/\/www.inmsol.com\/wp-content\/uploads\/2017\/10\/rs2891_imz_3105-lpr2-2-1489647940-768x634.jpg 768w, https:\/\/www.inmsol.com\/wp-content\/uploads\/2017\/10\/rs2891_imz_3105-lpr2-2-1489647940-1024x845.jpg 1024w, https:\/\/www.inmsol.com\/wp-content\/uploads\/2017\/10\/rs2891_imz_3105-lpr2-2-1489647940-242x200.jpg 242w, https:\/\/www.inmsol.com\/wp-content\/uploads\/2017\/10\/rs2891_imz_3105-lpr2-2-1489647940-485x400.jpg 485w, https:\/\/www.inmsol.com\/wp-content\/uploads\/2017\/10\/rs2891_imz_3105-lpr2-2-1489647940-362x300.jpg 362w, https:\/\/www.inmsol.com\/wp-content\/uploads\/2017\/10\/rs2891_imz_3105-lpr2-2-1489647940.jpg 1500w\" sizes=\"(max-width: 363px) 100vw, 363px\" \/><\/p>\n<p>&nbsp;<\/p>\n<p>&nbsp;<\/p>\n<p>&nbsp;<\/p>\n<p>&nbsp;<\/p>\n<p>&nbsp;<\/p>\n<p>&nbsp;<\/p>\n<p>&nbsp;<\/p>\n<p>&nbsp;<\/p>\n<p>\u2026 Al mismo tiempo es verdadero que<\/p>\n<p>&#8211;\u00a0 <strong><em>Los espa\u00f1oles cocinan bien<\/em><\/strong>. Adem\u00e1s de paellas, Espa\u00f1a tiene una variada y rica gastronom\u00eda como el gazpacho, empanada, migas, el cocido y tortilla de patata.<\/p>\n<p><strong><em>&#8211; Las fiestas populares.<\/em><\/strong> En Espa\u00f1a hay una grande tradici\u00f3n de fiestas populares. De hecho en muchas ciudades hay fiestas y millones de personas de otros pa\u00edses o ciudades cada a\u00f1o llegan para vivirlas. Algunas de las fiestas m\u00e1s conocidas son: las Fallas, los carnavales de Fiestas de Moros y Cristianos, las Hogueras de San Juan, el Descenso del Sella, la Feria de Abril, el Carneval de Cadiz\u2026 .<\/p>\n<p><img loading=\"lazy\" decoding=\"async\" class=\"alignleft wp-image-33403\" src=\"https:\/\/www.inmsol.com\/wp-content\/uploads\/2017\/10\/fllaa-1024x682-450x300.jpg\" alt=\"\" width=\"356\" height=\"237\" srcset=\"https:\/\/www.inmsol.com\/wp-content\/uploads\/2017\/10\/fllaa-1024x682-450x300.jpg 450w, https:\/\/www.inmsol.com\/wp-content\/uploads\/2017\/10\/fllaa-1024x682-800x533.jpg 800w, https:\/\/www.inmsol.com\/wp-content\/uploads\/2017\/10\/fllaa-1024x682-64x43.jpg 64w, https:\/\/www.inmsol.com\/wp-content\/uploads\/2017\/10\/fllaa-1024x682-768x512.jpg 768w, https:\/\/www.inmsol.com\/wp-content\/uploads\/2017\/10\/fllaa-1024x682.jpg 1024w, https:\/\/www.inmsol.com\/wp-content\/uploads\/2017\/10\/fllaa-1024x682-250x167.jpg 250w, https:\/\/www.inmsol.com\/wp-content\/uploads\/2017\/10\/fllaa-1024x682-600x400.jpg 600w\" sizes=\"(max-width: 356px) 100vw, 356px\" \/><\/p>\n<p>&nbsp;<\/p>\n<p>&nbsp;<\/p>\n<p>&nbsp;<\/p>\n<p>&nbsp;<\/p>\n<p>&nbsp;<\/p>\n<p>&nbsp;<\/p>\n<p><img loading=\"lazy\" decoding=\"async\" class=\"wp-image-33404 alignright\" src=\"https:\/\/www.inmsol.com\/wp-content\/uploads\/2017\/10\/fuegos-playa-autor-borja-lopez-450x300.jpg\" alt=\"\" width=\"359\" height=\"239\" srcset=\"https:\/\/www.inmsol.com\/wp-content\/uploads\/2017\/10\/fuegos-playa-autor-borja-lopez-450x300.jpg 450w, https:\/\/www.inmsol.com\/wp-content\/uploads\/2017\/10\/fuegos-playa-autor-borja-lopez-800x533.jpg 800w, https:\/\/www.inmsol.com\/wp-content\/uploads\/2017\/10\/fuegos-playa-autor-borja-lopez-64x43.jpg 64w, https:\/\/www.inmsol.com\/wp-content\/uploads\/2017\/10\/fuegos-playa-autor-borja-lopez-768x512.jpg 768w, https:\/\/www.inmsol.com\/wp-content\/uploads\/2017\/10\/fuegos-playa-autor-borja-lopez-1024x683.jpg 1024w, https:\/\/www.inmsol.com\/wp-content\/uploads\/2017\/10\/fuegos-playa-autor-borja-lopez-250x167.jpg 250w, https:\/\/www.inmsol.com\/wp-content\/uploads\/2017\/10\/fuegos-playa-autor-borja-lopez-600x400.jpg 600w, https:\/\/www.inmsol.com\/wp-content\/uploads\/2017\/10\/fuegos-playa-autor-borja-lopez.jpg 1200w\" sizes=\"(max-width: 359px) 100vw, 359px\" \/><\/p>\n<p>&nbsp;<\/p>\n<p>&nbsp;<\/p>\n<p>&nbsp;<\/p>\n<p>&nbsp;<\/p>\n<p>&nbsp;<\/p>\n<p>&nbsp;<\/p>\n<p>&nbsp;<\/p>\n<p>&#8211; <strong><em>La vida en la calle. <\/em><\/strong>Los espa\u00f1oles suelen salir mucho y en diferentes lugares &#8211; de tapas, a pasear, de tiendas\u2026 &#8211; a cualquier hora del d\u00eda. Estas se pueden mezclar, o sea salir de compras y despu\u00e9s ir a comer algo, o tomar un caf\u00e9 con amigos y as\u00ed hasta la noche.<\/p>\n<p>&#8211;\u00a0 <strong><em>Mucha vida.<\/em><\/strong> Normalmente hay gente en la calle a todas horas, tiendas abiertas hasta tarde, y restaurantes con amplios horarios. Por el almuerzo normalmente se come entre en las 14:00 y las 15:00, \u00a0se cena m\u00e1s o menos a las 21:00.<\/p>\n<p>&#8211; <strong><em>Ir de tapas:<\/em><\/strong> Se sirven tapas en la mayor\u00eda de los bares, y es muy habitual comer picando tapas en diferente lugares.<\/p>\n<p><strong><em>&#8211; La vida familiar<\/em><\/strong>. Hay muchas fiestas durante del a\u00f1o que re\u00fanen a la familia: las navidades, los santos y tambi\u00e9n los cumplea\u00f1os. En muchas familias el domingo tambi\u00e9n es un d\u00eda de familia, con visitas y comidas todo juntos.<\/p>\n<p><img loading=\"lazy\" decoding=\"async\" class=\"wp-image-33405 alignright\" src=\"https:\/\/www.inmsol.com\/wp-content\/uploads\/2017\/10\/comida-en-familia-450x300.jpg\" alt=\"\" width=\"383\" height=\"255\" srcset=\"https:\/\/www.inmsol.com\/wp-content\/uploads\/2017\/10\/comida-en-familia-450x300.jpg 450w, https:\/\/www.inmsol.com\/wp-content\/uploads\/2017\/10\/comida-en-familia-800x533.jpg 800w, https:\/\/www.inmsol.com\/wp-content\/uploads\/2017\/10\/comida-en-familia-64x43.jpg 64w, https:\/\/www.inmsol.com\/wp-content\/uploads\/2017\/10\/comida-en-familia-768x512.jpg 768w, https:\/\/www.inmsol.com\/wp-content\/uploads\/2017\/10\/comida-en-familia-1024x683.jpg 1024w, https:\/\/www.inmsol.com\/wp-content\/uploads\/2017\/10\/comida-en-familia-250x167.jpg 250w, https:\/\/www.inmsol.com\/wp-content\/uploads\/2017\/10\/comida-en-familia-600x400.jpg 600w, https:\/\/www.inmsol.com\/wp-content\/uploads\/2017\/10\/comida-en-familia.jpg 1500w\" sizes=\"(max-width: 383px) 100vw, 383px\" \/><\/p>\n<p>&nbsp;<\/p>\n<p>&nbsp;<\/p>\n<p>&nbsp;<\/p>\n<p>&nbsp;<\/p>\n<p>&nbsp;<\/p>\n<p>&nbsp;<\/p>\n<p>&nbsp;<\/p>\n<p>&#8211; <strong><em>Los horarios:<\/em><\/strong> El d\u00eda empieza tarde, se come muy tarde, y se va a la cama m\u00e1s tarde. El d\u00eda empieza m\u00e1s tarde en Espa\u00f1a, por eso cuando en Europa ya las personas duermen, en Espa\u00f1a todav\u00eda hay vida.<\/p>\n<p>&nbsp;<\/p>\n<p>Para concluir, las costumbres representan un comportamiento t\u00edpico de toda una comunidad y que la distinguen de las otras. Muchas de estas se trasmiten en el tiempo y de una generaci\u00f3n a otra, convirti\u00e9ndose as\u00ed en tradici\u00f3n. Con este art\u00edculo hemos visto como Espa\u00f1a es un pa\u00eds de tradiciones y costumbres, que durante de los siglos ha recibido una grande influencia por las culturas que han visitado su territorio: hoy en d\u00eda, gracias a la mezcla de estas poblaciones, Espa\u00f1a representa una de las culturas m\u00e1s singulares del mundo.<\/p>\n","protected":false},"excerpt":{"rendered":"<p>Si preguntas a un extranjero qu\u00e9 piensa de los espa\u00f1oles y de sus costumbres, probablemente los definir\u00eda con una idea totalmente equivocada a la realidad<\/p>\n","protected":false},"author":3,"featured_media":33401,"comment_status":"closed","ping_status":"closed","sticky":false,"template":"","format":"standard","meta":{"_acf_changed":false,"footnotes":""},"categories":[83],"tags":[],"class_list":["post-33407","post","type-post","status-publish","format-standard","has-post-thumbnail","hentry","category-cultura-literatura-historia-espana-es"],"acf":[],"yoast_head":"<!-- This site is optimized with the Yoast SEO plugin v27.5 - https:\/\/yoast.com\/product\/yoast-seo-wordpress\/ -->\n<title>Espa\u00f1a: entre costumbres y estereotipos - Conoce la cultura espa\u00f1ola<\/title>\n<meta name=\"description\" content=\"Si preguntas a un extranjero qu\u00e9 piensa de los espa\u00f1oles y de sus costumbres, probablemente los definir\u00eda con una idea totalmente equivocada a la realidad\" \/>\n<meta name=\"robots\" content=\"index, follow, max-snippet:-1, max-image-preview:large, max-video-preview:-1\" \/>\n<link rel=\"canonical\" href=\"https:\/\/www.inmsol.com\/es\/blog-escuela\/cultura-literatura-historia-espana-es\/espana-entre-costumbres-y-estereotipos\/\" \/>\n<meta property=\"og:locale\" content=\"es_ES\" \/>\n<meta property=\"og:type\" content=\"article\" \/>\n<meta property=\"og:title\" content=\"Espa\u00f1a: entre costumbres y estereotipos - Conoce la cultura espa\u00f1ola\" \/>\n<meta property=\"og:description\" content=\"Si preguntas a un extranjero qu\u00e9 piensa de los espa\u00f1oles y de sus costumbres, probablemente los definir\u00eda con una idea totalmente equivocada a la realidad\" \/>\n<meta property=\"og:url\" content=\"https:\/\/www.inmsol.com\/es\/blog-escuela\/cultura-literatura-historia-espana-es\/espana-entre-costumbres-y-estereotipos\/\" \/>\n<meta property=\"og:site_name\" content=\"iNMSOL\" \/>\n<meta property=\"article:publisher\" content=\"https:\/\/www.facebook.com\/spanishcourses\" \/>\n<meta property=\"article:published_time\" content=\"2017-10-31T12:23:25+00:00\" \/>\n<meta property=\"article:modified_time\" content=\"2017-11-07T10:25:33+00:00\" \/>\n<meta property=\"og:image\" content=\"https:\/\/www.inmsol.com\/wp-content\/uploads\/2017\/10\/siesta-dedon-forest.jpg\" \/>\n\t<meta property=\"og:image:width\" content=\"800\" \/>\n\t<meta property=\"og:image:height\" content=\"529\" \/>\n\t<meta property=\"og:image:type\" content=\"image\/jpeg\" \/>\n<meta name=\"author\" content=\"- Instituto Mediterr\u00e1neo Sol\" \/>\n<meta name=\"twitter:label1\" content=\"Escrito por\" \/>\n\t<meta name=\"twitter:data1\" content=\"- Instituto Mediterr\u00e1neo Sol\" \/>\n\t<meta name=\"twitter:label2\" content=\"Tiempo de lectura\" \/>\n\t<meta name=\"twitter:data2\" content=\"4 minutos\" \/>\n<script type=\"application\/ld+json\" class=\"yoast-schema-graph\">{\"@context\":\"https:\\\/\\\/schema.org\",\"@graph\":[{\"@type\":\"Article\",\"@id\":\"https:\\\/\\\/www.inmsol.com\\\/es\\\/blog-escuela\\\/cultura-literatura-historia-espana-es\\\/espana-entre-costumbres-y-estereotipos\\\/#article\",\"isPartOf\":{\"@id\":\"https:\\\/\\\/www.inmsol.com\\\/es\\\/blog-escuela\\\/cultura-literatura-historia-espana-es\\\/espana-entre-costumbres-y-estereotipos\\\/\"},\"author\":{\"name\":\"- Instituto Mediterr\u00e1neo Sol\",\"@id\":\"https:\\\/\\\/www.inmsol.com\\\/es\\\/#\\\/schema\\\/person\\\/94a7a01d14a56d1fbc49c841ffc57fe9\"},\"headline\":\"Espa\u00f1a: entre costumbres y estereotipos\",\"datePublished\":\"2017-10-31T12:23:25+00:00\",\"dateModified\":\"2017-11-07T10:25:33+00:00\",\"mainEntityOfPage\":{\"@id\":\"https:\\\/\\\/www.inmsol.com\\\/es\\\/blog-escuela\\\/cultura-literatura-historia-espana-es\\\/espana-entre-costumbres-y-estereotipos\\\/\"},\"wordCount\":756,\"publisher\":{\"@id\":\"https:\\\/\\\/www.inmsol.com\\\/es\\\/#organization\"},\"image\":{\"@id\":\"https:\\\/\\\/www.inmsol.com\\\/es\\\/blog-escuela\\\/cultura-literatura-historia-espana-es\\\/espana-entre-costumbres-y-estereotipos\\\/#primaryimage\"},\"thumbnailUrl\":\"https:\\\/\\\/www.inmsol.com\\\/wp-content\\\/uploads\\\/2017\\\/10\\\/siesta-dedon-forest.jpg\",\"articleSection\":[\"Cultura, Literatura e Historia de Espa\u00f1a e Hispanoam\u00e9rica\"],\"inLanguage\":\"es\"},{\"@type\":\"WebPage\",\"@id\":\"https:\\\/\\\/www.inmsol.com\\\/es\\\/blog-escuela\\\/cultura-literatura-historia-espana-es\\\/espana-entre-costumbres-y-estereotipos\\\/\",\"url\":\"https:\\\/\\\/www.inmsol.com\\\/es\\\/blog-escuela\\\/cultura-literatura-historia-espana-es\\\/espana-entre-costumbres-y-estereotipos\\\/\",\"name\":\"Espa\u00f1a: entre costumbres y estereotipos - Conoce la cultura espa\u00f1ola\",\"isPartOf\":{\"@id\":\"https:\\\/\\\/www.inmsol.com\\\/es\\\/#website\"},\"primaryImageOfPage\":{\"@id\":\"https:\\\/\\\/www.inmsol.com\\\/es\\\/blog-escuela\\\/cultura-literatura-historia-espana-es\\\/espana-entre-costumbres-y-estereotipos\\\/#primaryimage\"},\"image\":{\"@id\":\"https:\\\/\\\/www.inmsol.com\\\/es\\\/blog-escuela\\\/cultura-literatura-historia-espana-es\\\/espana-entre-costumbres-y-estereotipos\\\/#primaryimage\"},\"thumbnailUrl\":\"https:\\\/\\\/www.inmsol.com\\\/wp-content\\\/uploads\\\/2017\\\/10\\\/siesta-dedon-forest.jpg\",\"datePublished\":\"2017-10-31T12:23:25+00:00\",\"dateModified\":\"2017-11-07T10:25:33+00:00\",\"description\":\"Si preguntas a un extranjero qu\u00e9 piensa de los espa\u00f1oles y de sus costumbres, probablemente los definir\u00eda con una idea totalmente equivocada a la realidad\",\"breadcrumb\":{\"@id\":\"https:\\\/\\\/www.inmsol.com\\\/es\\\/blog-escuela\\\/cultura-literatura-historia-espana-es\\\/espana-entre-costumbres-y-estereotipos\\\/#breadcrumb\"},\"inLanguage\":\"es\",\"potentialAction\":[{\"@type\":\"ReadAction\",\"target\":[\"https:\\\/\\\/www.inmsol.com\\\/es\\\/blog-escuela\\\/cultura-literatura-historia-espana-es\\\/espana-entre-costumbres-y-estereotipos\\\/\"]}]},{\"@type\":\"ImageObject\",\"inLanguage\":\"es\",\"@id\":\"https:\\\/\\\/www.inmsol.com\\\/es\\\/blog-escuela\\\/cultura-literatura-historia-espana-es\\\/espana-entre-costumbres-y-estereotipos\\\/#primaryimage\",\"url\":\"https:\\\/\\\/www.inmsol.com\\\/wp-content\\\/uploads\\\/2017\\\/10\\\/siesta-dedon-forest.jpg\",\"contentUrl\":\"https:\\\/\\\/www.inmsol.com\\\/wp-content\\\/uploads\\\/2017\\\/10\\\/siesta-dedon-forest.jpg\",\"width\":800,\"height\":529},{\"@type\":\"BreadcrumbList\",\"@id\":\"https:\\\/\\\/www.inmsol.com\\\/es\\\/blog-escuela\\\/cultura-literatura-historia-espana-es\\\/espana-entre-costumbres-y-estereotipos\\\/#breadcrumb\",\"itemListElement\":[{\"@type\":\"ListItem\",\"position\":1,\"name\":\"Accredited Center by Instituto Cervantes\",\"item\":\"https:\\\/\\\/www.inmsol.com\\\/es\\\/pagina-ejemplo\\\/\"},{\"@type\":\"ListItem\",\"position\":2,\"name\":\"Blog Escuela Espa\u00f1ol\",\"item\":\"https:\\\/\\\/www.inmsol.com\\\/es\\\/category\\\/blog-escuela\\\/\"},{\"@type\":\"ListItem\",\"position\":3,\"name\":\"Cultura, Literatura e Historia de Espa\u00f1a e Hispanoam\u00e9rica\",\"item\":\"https:\\\/\\\/www.inmsol.com\\\/es\\\/category\\\/blog-escuela\\\/cultura-literatura-historia-espana-es\\\/\"},{\"@type\":\"ListItem\",\"position\":4,\"name\":\"Espa\u00f1a: entre costumbres y estereotipos\"}]},{\"@type\":\"WebSite\",\"@id\":\"https:\\\/\\\/www.inmsol.com\\\/es\\\/#website\",\"url\":\"https:\\\/\\\/www.inmsol.com\\\/es\\\/\",\"name\":\"iNMSOL\",\"description\":\"Aprenda Espa\u00f1ol con iNMSOL en Granada | Centro Acreditado por el Instituto Cervantes\",\"publisher\":{\"@id\":\"https:\\\/\\\/www.inmsol.com\\\/es\\\/#organization\"},\"potentialAction\":[{\"@type\":\"SearchAction\",\"target\":{\"@type\":\"EntryPoint\",\"urlTemplate\":\"https:\\\/\\\/www.inmsol.com\\\/es\\\/?s={search_term_string}\"},\"query-input\":{\"@type\":\"PropertyValueSpecification\",\"valueRequired\":true,\"valueName\":\"search_term_string\"}}],\"inLanguage\":\"es\"},{\"@type\":\"Organization\",\"@id\":\"https:\\\/\\\/www.inmsol.com\\\/es\\\/#organization\",\"name\":\"Instituto Mediterr\u00e1neo Sol\",\"url\":\"https:\\\/\\\/www.inmsol.com\\\/es\\\/\",\"logo\":{\"@type\":\"ImageObject\",\"inLanguage\":\"es\",\"@id\":\"https:\\\/\\\/www.inmsol.com\\\/es\\\/#\\\/schema\\\/logo\\\/image\\\/\",\"url\":\"https:\\\/\\\/www.inmsol.com\\\/wp-content\\\/uploads\\\/2023\\\/06\\\/logo-inmsol-1.png\",\"contentUrl\":\"https:\\\/\\\/www.inmsol.com\\\/wp-content\\\/uploads\\\/2023\\\/06\\\/logo-inmsol-1.png\",\"width\":136,\"height\":73,\"caption\":\"Instituto Mediterr\u00e1neo Sol\"},\"image\":{\"@id\":\"https:\\\/\\\/www.inmsol.com\\\/es\\\/#\\\/schema\\\/logo\\\/image\\\/\"},\"sameAs\":[\"https:\\\/\\\/www.facebook.com\\\/spanishcourses\",\"https:\\\/\\\/x.com\\\/StudyInGranada\",\"http:\\\/\\\/instagram.com\\\/imsolgranada\",\"https:\\\/\\\/es.linkedin.com\\\/company\\\/imsol-granada\",\"https:\\\/\\\/www.pinterest.es\\\/inmsol\\\/\",\"https:\\\/\\\/www.youtube.com\\\/channel\\\/UChz-Qn_7coFMosY85iYMO4g\"]},{\"@type\":\"Person\",\"@id\":\"https:\\\/\\\/www.inmsol.com\\\/es\\\/#\\\/schema\\\/person\\\/94a7a01d14a56d1fbc49c841ffc57fe9\",\"name\":\"- Instituto Mediterr\u00e1neo Sol\",\"image\":{\"@type\":\"ImageObject\",\"inLanguage\":\"es\",\"@id\":\"https:\\\/\\\/secure.gravatar.com\\\/avatar\\\/5607fdabdf1b548b6095cc3d43079829bc1497403e70dd34004e7204a8fef62b?s=96&d=mm&r=g\",\"url\":\"https:\\\/\\\/secure.gravatar.com\\\/avatar\\\/5607fdabdf1b548b6095cc3d43079829bc1497403e70dd34004e7204a8fef62b?s=96&d=mm&r=g\",\"contentUrl\":\"https:\\\/\\\/secure.gravatar.com\\\/avatar\\\/5607fdabdf1b548b6095cc3d43079829bc1497403e70dd34004e7204a8fef62b?s=96&d=mm&r=g\",\"caption\":\"- Instituto Mediterr\u00e1neo Sol\"},\"url\":\"https:\\\/\\\/www.inmsol.com\\\/es\\\/author\\\/laura\\\/\"}]}<\/script>\n<!-- \/ Yoast SEO plugin. -->","yoast_head_json":{"title":"Espa\u00f1a: entre costumbres y estereotipos - Conoce la cultura espa\u00f1ola","description":"Si preguntas a un extranjero qu\u00e9 piensa de los espa\u00f1oles y de sus costumbres, probablemente los definir\u00eda con una idea totalmente equivocada a la realidad","robots":{"index":"index","follow":"follow","max-snippet":"max-snippet:-1","max-image-preview":"max-image-preview:large","max-video-preview":"max-video-preview:-1"},"canonical":"https:\/\/www.inmsol.com\/es\/blog-escuela\/cultura-literatura-historia-espana-es\/espana-entre-costumbres-y-estereotipos\/","og_locale":"es_ES","og_type":"article","og_title":"Espa\u00f1a: entre costumbres y estereotipos - Conoce la cultura espa\u00f1ola","og_description":"Si preguntas a un extranjero qu\u00e9 piensa de los espa\u00f1oles y de sus costumbres, probablemente los definir\u00eda con una idea totalmente equivocada a la realidad","og_url":"https:\/\/www.inmsol.com\/es\/blog-escuela\/cultura-literatura-historia-espana-es\/espana-entre-costumbres-y-estereotipos\/","og_site_name":"iNMSOL","article_publisher":"https:\/\/www.facebook.com\/spanishcourses","article_published_time":"2017-10-31T12:23:25+00:00","article_modified_time":"2017-11-07T10:25:33+00:00","og_image":[{"width":800,"height":529,"url":"https:\/\/www.inmsol.com\/wp-content\/uploads\/2017\/10\/siesta-dedon-forest.jpg","type":"image\/jpeg"}],"author":"- Instituto Mediterr\u00e1neo Sol","twitter_misc":{"Escrito por":"- Instituto Mediterr\u00e1neo Sol","Tiempo de lectura":"4 minutos"},"schema":{"@context":"https:\/\/schema.org","@graph":[{"@type":"Article","@id":"https:\/\/www.inmsol.com\/es\/blog-escuela\/cultura-literatura-historia-espana-es\/espana-entre-costumbres-y-estereotipos\/#article","isPartOf":{"@id":"https:\/\/www.inmsol.com\/es\/blog-escuela\/cultura-literatura-historia-espana-es\/espana-entre-costumbres-y-estereotipos\/"},"author":{"name":"- Instituto Mediterr\u00e1neo Sol","@id":"https:\/\/www.inmsol.com\/es\/#\/schema\/person\/94a7a01d14a56d1fbc49c841ffc57fe9"},"headline":"Espa\u00f1a: entre costumbres y estereotipos","datePublished":"2017-10-31T12:23:25+00:00","dateModified":"2017-11-07T10:25:33+00:00","mainEntityOfPage":{"@id":"https:\/\/www.inmsol.com\/es\/blog-escuela\/cultura-literatura-historia-espana-es\/espana-entre-costumbres-y-estereotipos\/"},"wordCount":756,"publisher":{"@id":"https:\/\/www.inmsol.com\/es\/#organization"},"image":{"@id":"https:\/\/www.inmsol.com\/es\/blog-escuela\/cultura-literatura-historia-espana-es\/espana-entre-costumbres-y-estereotipos\/#primaryimage"},"thumbnailUrl":"https:\/\/www.inmsol.com\/wp-content\/uploads\/2017\/10\/siesta-dedon-forest.jpg","articleSection":["Cultura, Literatura e Historia de Espa\u00f1a e Hispanoam\u00e9rica"],"inLanguage":"es"},{"@type":"WebPage","@id":"https:\/\/www.inmsol.com\/es\/blog-escuela\/cultura-literatura-historia-espana-es\/espana-entre-costumbres-y-estereotipos\/","url":"https:\/\/www.inmsol.com\/es\/blog-escuela\/cultura-literatura-historia-espana-es\/espana-entre-costumbres-y-estereotipos\/","name":"Espa\u00f1a: entre costumbres y estereotipos - Conoce la cultura espa\u00f1ola","isPartOf":{"@id":"https:\/\/www.inmsol.com\/es\/#website"},"primaryImageOfPage":{"@id":"https:\/\/www.inmsol.com\/es\/blog-escuela\/cultura-literatura-historia-espana-es\/espana-entre-costumbres-y-estereotipos\/#primaryimage"},"image":{"@id":"https:\/\/www.inmsol.com\/es\/blog-escuela\/cultura-literatura-historia-espana-es\/espana-entre-costumbres-y-estereotipos\/#primaryimage"},"thumbnailUrl":"https:\/\/www.inmsol.com\/wp-content\/uploads\/2017\/10\/siesta-dedon-forest.jpg","datePublished":"2017-10-31T12:23:25+00:00","dateModified":"2017-11-07T10:25:33+00:00","description":"Si preguntas a un extranjero qu\u00e9 piensa de los espa\u00f1oles y de sus costumbres, probablemente los definir\u00eda con una idea totalmente equivocada a la realidad","breadcrumb":{"@id":"https:\/\/www.inmsol.com\/es\/blog-escuela\/cultura-literatura-historia-espana-es\/espana-entre-costumbres-y-estereotipos\/#breadcrumb"},"inLanguage":"es","potentialAction":[{"@type":"ReadAction","target":["https:\/\/www.inmsol.com\/es\/blog-escuela\/cultura-literatura-historia-espana-es\/espana-entre-costumbres-y-estereotipos\/"]}]},{"@type":"ImageObject","inLanguage":"es","@id":"https:\/\/www.inmsol.com\/es\/blog-escuela\/cultura-literatura-historia-espana-es\/espana-entre-costumbres-y-estereotipos\/#primaryimage","url":"https:\/\/www.inmsol.com\/wp-content\/uploads\/2017\/10\/siesta-dedon-forest.jpg","contentUrl":"https:\/\/www.inmsol.com\/wp-content\/uploads\/2017\/10\/siesta-dedon-forest.jpg","width":800,"height":529},{"@type":"BreadcrumbList","@id":"https:\/\/www.inmsol.com\/es\/blog-escuela\/cultura-literatura-historia-espana-es\/espana-entre-costumbres-y-estereotipos\/#breadcrumb","itemListElement":[{"@type":"ListItem","position":1,"name":"Accredited Center by Instituto Cervantes","item":"https:\/\/www.inmsol.com\/es\/pagina-ejemplo\/"},{"@type":"ListItem","position":2,"name":"Blog Escuela Espa\u00f1ol","item":"https:\/\/www.inmsol.com\/es\/category\/blog-escuela\/"},{"@type":"ListItem","position":3,"name":"Cultura, Literatura e Historia de Espa\u00f1a e Hispanoam\u00e9rica","item":"https:\/\/www.inmsol.com\/es\/category\/blog-escuela\/cultura-literatura-historia-espana-es\/"},{"@type":"ListItem","position":4,"name":"Espa\u00f1a: entre costumbres y estereotipos"}]},{"@type":"WebSite","@id":"https:\/\/www.inmsol.com\/es\/#website","url":"https:\/\/www.inmsol.com\/es\/","name":"iNMSOL","description":"Aprenda Espa\u00f1ol con iNMSOL en Granada | Centro Acreditado por el Instituto Cervantes","publisher":{"@id":"https:\/\/www.inmsol.com\/es\/#organization"},"potentialAction":[{"@type":"SearchAction","target":{"@type":"EntryPoint","urlTemplate":"https:\/\/www.inmsol.com\/es\/?s={search_term_string}"},"query-input":{"@type":"PropertyValueSpecification","valueRequired":true,"valueName":"search_term_string"}}],"inLanguage":"es"},{"@type":"Organization","@id":"https:\/\/www.inmsol.com\/es\/#organization","name":"Instituto Mediterr\u00e1neo Sol","url":"https:\/\/www.inmsol.com\/es\/","logo":{"@type":"ImageObject","inLanguage":"es","@id":"https:\/\/www.inmsol.com\/es\/#\/schema\/logo\/image\/","url":"https:\/\/www.inmsol.com\/wp-content\/uploads\/2023\/06\/logo-inmsol-1.png","contentUrl":"https:\/\/www.inmsol.com\/wp-content\/uploads\/2023\/06\/logo-inmsol-1.png","width":136,"height":73,"caption":"Instituto Mediterr\u00e1neo Sol"},"image":{"@id":"https:\/\/www.inmsol.com\/es\/#\/schema\/logo\/image\/"},"sameAs":["https:\/\/www.facebook.com\/spanishcourses","https:\/\/x.com\/StudyInGranada","http:\/\/instagram.com\/imsolgranada","https:\/\/es.linkedin.com\/company\/imsol-granada","https:\/\/www.pinterest.es\/inmsol\/","https:\/\/www.youtube.com\/channel\/UChz-Qn_7coFMosY85iYMO4g"]},{"@type":"Person","@id":"https:\/\/www.inmsol.com\/es\/#\/schema\/person\/94a7a01d14a56d1fbc49c841ffc57fe9","name":"- Instituto Mediterr\u00e1neo Sol","image":{"@type":"ImageObject","inLanguage":"es","@id":"https:\/\/secure.gravatar.com\/avatar\/5607fdabdf1b548b6095cc3d43079829bc1497403e70dd34004e7204a8fef62b?s=96&d=mm&r=g","url":"https:\/\/secure.gravatar.com\/avatar\/5607fdabdf1b548b6095cc3d43079829bc1497403e70dd34004e7204a8fef62b?s=96&d=mm&r=g","contentUrl":"https:\/\/secure.gravatar.com\/avatar\/5607fdabdf1b548b6095cc3d43079829bc1497403e70dd34004e7204a8fef62b?s=96&d=mm&r=g","caption":"- Instituto Mediterr\u00e1neo Sol"},"url":"https:\/\/www.inmsol.com\/es\/author\/laura\/"}]}},"_links":{"self":[{"href":"https:\/\/www.inmsol.com\/es\/wp-json\/wp\/v2\/posts\/33407","targetHints":{"allow":["GET"]}}],"collection":[{"href":"https:\/\/www.inmsol.com\/es\/wp-json\/wp\/v2\/posts"}],"about":[{"href":"https:\/\/www.inmsol.com\/es\/wp-json\/wp\/v2\/types\/post"}],"author":[{"embeddable":true,"href":"https:\/\/www.inmsol.com\/es\/wp-json\/wp\/v2\/users\/3"}],"replies":[{"embeddable":true,"href":"https:\/\/www.inmsol.com\/es\/wp-json\/wp\/v2\/comments?post=33407"}],"version-history":[{"count":0,"href":"https:\/\/www.inmsol.com\/es\/wp-json\/wp\/v2\/posts\/33407\/revisions"}],"wp:featuredmedia":[{"embeddable":true,"href":"https:\/\/www.inmsol.com\/es\/wp-json\/wp\/v2\/media\/33401"}],"wp:attachment":[{"href":"https:\/\/www.inmsol.com\/es\/wp-json\/wp\/v2\/media?parent=33407"}],"wp:term":[{"taxonomy":"category","embeddable":true,"href":"https:\/\/www.inmsol.com\/es\/wp-json\/wp\/v2\/categories?post=33407"},{"taxonomy":"post_tag","embeddable":true,"href":"https:\/\/www.inmsol.com\/es\/wp-json\/wp\/v2\/tags?post=33407"}],"curies":[{"name":"wp","href":"https:\/\/api.w.org\/{rel}","templated":true}]}}