{"id":33792,"date":"2017-11-17T13:07:24","date_gmt":"2017-11-17T12:07:24","guid":{"rendered":"https:\/\/www.inmsol.com\/blog-escuela\/personajes-de-granada\/"},"modified":"2017-11-17T13:55:23","modified_gmt":"2017-11-17T12:55:23","slug":"personajes-de-granada","status":"publish","type":"post","link":"https:\/\/www.inmsol.com\/es\/blog-escuela\/personajes-de-granada\/","title":{"rendered":"Personajes de Granada."},"content":{"rendered":"<p>Numerosos son los personajes de gran importancia nacidos en <a href=\"https:\/\/www.inmsol.com\/about-granada\/\" target=\"_blank\" rel=\"noopener\"><strong>Granada<\/strong><\/a>. Aqu\u00ed puedes encontrar una lista de personajes ilustres &#8211; como escritores, m\u00fasicos y poetas &#8211; \u00a0conocidos a nivel internacional\u00a0 y que han dejado su propia firma en la historia de Espa\u00f1a.<\/p>\n<p>&#8211; <strong><em>Mariana Pineda <\/em><\/strong>(Granada, 1804- Granada, 1831). Conocida por ser una liberal granadina durante el siglo XIX y acusada de conspiraci\u00f3n. Mariana Pineda se neg\u00f3 a traicionar sus principios y fue condenada a morir.<\/p>\n<p><img fetchpriority=\"high\" decoding=\"async\" class=\"size-full wp-image-33781 aligncenter\" src=\"https:\/\/www.inmsol.com\/wp-content\/uploads\/2017\/11\/mariana-pineda.jpg\" alt=\"\" width=\"283\" height=\"242\" srcset=\"https:\/\/www.inmsol.com\/wp-content\/uploads\/2017\/11\/mariana-pineda.jpg 283w, https:\/\/www.inmsol.com\/wp-content\/uploads\/2017\/11\/mariana-pineda-64x55.jpg 64w, https:\/\/www.inmsol.com\/wp-content\/uploads\/2017\/11\/mariana-pineda-234x200.jpg 234w\" sizes=\"(max-width: 283px) 100vw, 283px\" \/><\/p>\n<p><strong><em>&#8211; Eugenia de Montijo<\/em><\/strong> o <em>Mar\u00eda Eugenia Palafox Portocarrero y KirkPatrick<\/em> (Granada, 1826-Madrid, 1920). Fue esposa de Napole\u00f3n III y, como consecuencia, emperatriz consorte de los franceses.<\/p>\n<p><img decoding=\"async\" class=\" wp-image-33783 aligncenter\" src=\"https:\/\/www.inmsol.com\/wp-content\/uploads\/2017\/11\/isabel-375x300.jpg\" alt=\"\" width=\"321\" height=\"257\" srcset=\"https:\/\/www.inmsol.com\/wp-content\/uploads\/2017\/11\/isabel-375x300.jpg 375w, https:\/\/www.inmsol.com\/wp-content\/uploads\/2017\/11\/isabel-800x639.jpg 800w, https:\/\/www.inmsol.com\/wp-content\/uploads\/2017\/11\/isabel-64x51.jpg 64w, https:\/\/www.inmsol.com\/wp-content\/uploads\/2017\/11\/isabel-768x614.jpg 768w, https:\/\/www.inmsol.com\/wp-content\/uploads\/2017\/11\/isabel-1024x819.jpg 1024w, https:\/\/www.inmsol.com\/wp-content\/uploads\/2017\/11\/isabel-250x200.jpg 250w, https:\/\/www.inmsol.com\/wp-content\/uploads\/2017\/11\/isabel-500x400.jpg 500w, https:\/\/www.inmsol.com\/wp-content\/uploads\/2017\/11\/isabel.jpg 1251w\" sizes=\"(max-width: 321px) 100vw, 321px\" \/><\/p>\n<p>&#8211; <strong><em>Federico Garc\u00eda Lorca <\/em><\/strong>(Granada, 1898- Granada, 1936). Probablemente es el granadino m\u00e1s ilustre de la historia de la ciudad. \u00a0Fue miembro de la famosa Generaci\u00f3n del 27, y es considerado como el poeta \/ dramaturgo m\u00e1s popular entre los diferentes autores de la literatura espa\u00f1ola.\u00a0 Lorca fue fusilado al principio de la Guerra Civil dejando su obra inacabada y en su mejor momento.<\/p>\n<p><img decoding=\"async\" class=\"size-full wp-image-33782 aligncenter\" src=\"https:\/\/www.inmsol.com\/wp-content\/uploads\/2017\/11\/multimedia-normal-a0f083d43db82b4e-666564657269636f2d6761726369612d6c6f7263612d325f6e6f726d616c2e6a7067.jpg\" alt=\"\" width=\"200\" height=\"215\" srcset=\"https:\/\/www.inmsol.com\/wp-content\/uploads\/2017\/11\/multimedia-normal-a0f083d43db82b4e-666564657269636f2d6761726369612d6c6f7263612d325f6e6f726d616c2e6a7067.jpg 200w, https:\/\/www.inmsol.com\/wp-content\/uploads\/2017\/11\/multimedia-normal-a0f083d43db82b4e-666564657269636f2d6761726369612d6c6f7263612d325f6e6f726d616c2e6a7067-64x69.jpg 64w, https:\/\/www.inmsol.com\/wp-content\/uploads\/2017\/11\/multimedia-normal-a0f083d43db82b4e-666564657269636f2d6761726369612d6c6f7263612d325f6e6f726d616c2e6a7067-186x200.jpg 186w\" sizes=\"(max-width: 200px) 100vw, 200px\" \/><\/p>\n<p>&#8211; <strong><em>Manuel de Falla <\/em><\/strong>(C\u00e1diz, 1876- Argentina, 1946). Uno de los compositores espa\u00f1oles m\u00e1s importantes en la primera mitad del siglo XX. Nacido en C\u00e1diz, \u00e9l se establece en Granada empezando a participar en muchas iniciativas culturales junto a Garc\u00eda Lorca. Durante la Guerra Civil, Manuel de Falla se exilia a Argentina donde morir\u00e1 algunos a\u00f1os despu\u00e9s.<\/p>\n<p><img loading=\"lazy\" decoding=\"async\" class=\" wp-image-33784 aligncenter\" src=\"https:\/\/www.inmsol.com\/wp-content\/uploads\/2017\/11\/p01bqt78-460x259.jpg\" alt=\"\" width=\"401\" height=\"226\" srcset=\"https:\/\/www.inmsol.com\/wp-content\/uploads\/2017\/11\/p01bqt78-460x259.jpg 460w, https:\/\/www.inmsol.com\/wp-content\/uploads\/2017\/11\/p01bqt78-800x450.jpg 800w, https:\/\/www.inmsol.com\/wp-content\/uploads\/2017\/11\/p01bqt78-64x36.jpg 64w, https:\/\/www.inmsol.com\/wp-content\/uploads\/2017\/11\/p01bqt78-768x432.jpg 768w, https:\/\/www.inmsol.com\/wp-content\/uploads\/2017\/11\/p01bqt78-250x141.jpg 250w, https:\/\/www.inmsol.com\/wp-content\/uploads\/2017\/11\/p01bqt78-600x338.jpg 600w, https:\/\/www.inmsol.com\/wp-content\/uploads\/2017\/11\/p01bqt78.jpg 960w\" sizes=\"(max-width: 401px) 100vw, 401px\" \/><\/p>\n<p><strong><em>-\u00c1ngel Ganivet <\/em><\/strong>(Granada,1865 -Riga, 1898). Escritor granadino, se considera como el precursor de la Generaci\u00f3n del 98. Gran parte de su fama se debe a su obra Idearium espa\u00f1ol &#8211; \u00a0un libro muy destacado del pensamiento espa\u00f1ol moderno.<\/p>\n<p><img loading=\"lazy\" decoding=\"async\" class=\"wp-image-33785 aligncenter\" src=\"https:\/\/www.inmsol.com\/wp-content\/uploads\/2017\/11\/angel-ganivet-460x267.jpg\" alt=\"\" width=\"356\" height=\"206\" srcset=\"https:\/\/www.inmsol.com\/wp-content\/uploads\/2017\/11\/angel-ganivet-460x267.jpg 460w, https:\/\/www.inmsol.com\/wp-content\/uploads\/2017\/11\/angel-ganivet-64x37.jpg 64w, https:\/\/www.inmsol.com\/wp-content\/uploads\/2017\/11\/angel-ganivet-250x145.jpg 250w, https:\/\/www.inmsol.com\/wp-content\/uploads\/2017\/11\/angel-ganivet.jpg 560w\" sizes=\"(max-width: 356px) 100vw, 356px\" \/><\/p>\n<p><strong><em>&#8211; Enrique Morente <\/em><\/strong>( Granada,\u00a0 1942 \u2013 Madrid, 2010) Uno de los grandes maestros del cante flamenco de Granada. Con una amplia discograf\u00eda de flamenco cl\u00e1sico, el presenta tambi\u00e9n un prop\u00f3sito renovador dentro de este g\u00e9nero. Por esta raz\u00f3n en 1994 recibe el Premio Nacional de M\u00fasica, convirtiendose en modelo para muchos nuevos talentos del flamenco.<\/p>\n<p><img loading=\"lazy\" decoding=\"async\" class=\" wp-image-33786\" src=\"https:\/\/www.inmsol.com\/wp-content\/uploads\/2017\/11\/morente-447x300.jpg\" alt=\"\" width=\"377\" height=\"253\" srcset=\"https:\/\/www.inmsol.com\/wp-content\/uploads\/2017\/11\/morente-447x300.jpg 447w, https:\/\/www.inmsol.com\/wp-content\/uploads\/2017\/11\/morente-800x537.jpg 800w, https:\/\/www.inmsol.com\/wp-content\/uploads\/2017\/11\/morente-64x43.jpg 64w, https:\/\/www.inmsol.com\/wp-content\/uploads\/2017\/11\/morente-768x516.jpg 768w, https:\/\/www.inmsol.com\/wp-content\/uploads\/2017\/11\/morente-1024x687.jpg 1024w, https:\/\/www.inmsol.com\/wp-content\/uploads\/2017\/11\/morente-250x168.jpg 250w, https:\/\/www.inmsol.com\/wp-content\/uploads\/2017\/11\/morente-596x400.jpg 596w, https:\/\/www.inmsol.com\/wp-content\/uploads\/2017\/11\/morente.jpg 1500w\" sizes=\"(max-width: 377px) 100vw, 377px\" \/><\/p>\n<p>&#8211;<strong><em>Fray Luis de Granada <\/em><\/strong>(Granada, 1504 \u2013 Lisboa, 1581). \u00a0El mismo a\u00f1o en el que muere Isabel la Cat\u00f3lica, \u00a0y en la misma ciudad donde fue enterrada, nace uno de los m\u00e1s influyentes maestros espirituales de la Reforma Espa\u00f1ola.<\/p>\n<p><img loading=\"lazy\" decoding=\"async\" class=\"wp-image-33787 aligncenter\" src=\"https:\/\/www.inmsol.com\/wp-content\/uploads\/2017\/11\/fray_luis_de_granada_17241-jpg_1306973099-460x254.jpg\" alt=\"\" width=\"337\" height=\"186\" srcset=\"https:\/\/www.inmsol.com\/wp-content\/uploads\/2017\/11\/fray_luis_de_granada_17241-jpg_1306973099-460x254.jpg 460w, https:\/\/www.inmsol.com\/wp-content\/uploads\/2017\/11\/fray_luis_de_granada_17241-jpg_1306973099-64x35.jpg 64w, https:\/\/www.inmsol.com\/wp-content\/uploads\/2017\/11\/fray_luis_de_granada_17241-jpg_1306973099-600x332.jpg 600w, https:\/\/www.inmsol.com\/wp-content\/uploads\/2017\/11\/fray_luis_de_granada_17241-jpg_1306973099-250x138.jpg 250w, https:\/\/www.inmsol.com\/wp-content\/uploads\/2017\/11\/fray_luis_de_granada_17241-jpg_1306973099.jpg 660w\" sizes=\"(max-width: 337px) 100vw, 337px\" \/><\/p>\n<p>&#8211; <strong><em>Rafael Guill\u00e9n <\/em><\/strong>(Granada, 1933). Se trata de un poeta de la generaci\u00f3n espa\u00f1ola de los a\u00f1os \u201850. En 1994 recibe tambi\u00e9n el\u200b Premio Nacional de Literatura de Espa\u00f1a gracias a su larga perspectiva art\u00edstica y, sobre todo, por haber ayudado a recuperar la cultura po\u00e9tica en Andaluc\u00eda durante de la devastaci\u00f3n de la Guerra Civil.<\/p>\n<p><img loading=\"lazy\" decoding=\"async\" class=\"wp-image-33788 aligncenter\" src=\"https:\/\/www.inmsol.com\/wp-content\/uploads\/2017\/11\/1412941428_290942_1412941522_noticia_normal-460x246.jpg\" alt=\"\" width=\"360\" height=\"192\" srcset=\"https:\/\/www.inmsol.com\/wp-content\/uploads\/2017\/11\/1412941428_290942_1412941522_noticia_normal-460x246.jpg 460w, https:\/\/www.inmsol.com\/wp-content\/uploads\/2017\/11\/1412941428_290942_1412941522_noticia_normal-64x34.jpg 64w, https:\/\/www.inmsol.com\/wp-content\/uploads\/2017\/11\/1412941428_290942_1412941522_noticia_normal-250x133.jpg 250w, https:\/\/www.inmsol.com\/wp-content\/uploads\/2017\/11\/1412941428_290942_1412941522_noticia_normal.jpg 560w\" sizes=\"(max-width: 360px) 100vw, 360px\" \/><\/p>\n<p><strong><em>&#8211; Elena Mart\u00edn Vivaldi <\/em><\/strong>(Granada, 1907-Granada, 1998). Una poetisa espa\u00f1ola que, desde un punto de vista cronol\u00f3gico, se puede considerar contempor\u00e1nea de algunos poetas de la Generaci\u00f3n del 27, aunque empieza a escribir seriamente varios a\u00f1os despu\u00e9s. Su poes\u00eda se caracteriza por un tono melanc\u00f3lico y un romanticismo que recuerda a\u00a0 B\u00e9cquer. Elena Mart\u00edn Vivaldi describe una Andaluc\u00eda que se acerca a la visi\u00f3n po\u00e9tica de Juan Ram\u00f3n Jim\u00e9nez, de Salinas y del mismo B\u00e9cquer.<\/p>\n<p><img loading=\"lazy\" decoding=\"async\" class=\"wp-image-33789 aligncenter\" src=\"https:\/\/www.inmsol.com\/wp-content\/uploads\/2017\/11\/elena_martn_vivaldi_juventud2.jpg\" alt=\"\" width=\"193\" height=\"244\" srcset=\"https:\/\/www.inmsol.com\/wp-content\/uploads\/2017\/11\/elena_martn_vivaldi_juventud2.jpg 225w, https:\/\/www.inmsol.com\/wp-content\/uploads\/2017\/11\/elena_martn_vivaldi_juventud2-64x81.jpg 64w, https:\/\/www.inmsol.com\/wp-content\/uploads\/2017\/11\/elena_martn_vivaldi_juventud2-158x200.jpg 158w\" sizes=\"(max-width: 193px) 100vw, 193px\" \/><\/p>\n<p>&#8211; <strong><em>Pedro Antonio Joaqu\u00edn Melit\u00f3n de Alarc\u00f3n y Ariza<\/em><\/strong> (Guadix, 1833-Madrid, 1891) . Es un novelista espa\u00f1ol que forma\u00a0 parte del movimiento realista. El autor presenta una profunda vida ideol\u00f3gica, evolucionando de ideas liberales a visiones m\u00e1s tradicionalistas. Su renovaci\u00f3n m\u00e1s importante es su tr\u00e1nsito del costumbrismo a la prosa realista.<\/p>\n<p><img loading=\"lazy\" decoding=\"async\" class=\"wp-image-33790 aligncenter\" src=\"https:\/\/www.inmsol.com\/wp-content\/uploads\/2017\/11\/220px-pedro_antonio_de_alarcn.jpg\" alt=\"\" width=\"202\" height=\"259\" srcset=\"https:\/\/www.inmsol.com\/wp-content\/uploads\/2017\/11\/220px-pedro_antonio_de_alarcn.jpg 219w, https:\/\/www.inmsol.com\/wp-content\/uploads\/2017\/11\/220px-pedro_antonio_de_alarcn-64x82.jpg 64w, https:\/\/www.inmsol.com\/wp-content\/uploads\/2017\/11\/220px-pedro_antonio_de_alarcn-156x200.jpg 156w\" sizes=\"(max-width: 202px) 100vw, 202px\" \/><\/p>\n<p>&nbsp;<\/p>\n<p>&nbsp;<\/p>\n","protected":false},"excerpt":{"rendered":"<p>Numerosos son los personajes de gran importancia nacido en Granada. Aqu\u00ed puedes encontrar una lista de personajes ilustres\u00a0conocido a nivel internacional.<\/p>\n","protected":false},"author":3,"featured_media":33786,"comment_status":"closed","ping_status":"closed","sticky":false,"template":"","format":"standard","meta":{"_acf_changed":false,"footnotes":""},"categories":[8],"tags":[],"class_list":["post-33792","post","type-post","status-publish","format-standard","has-post-thumbnail","hentry","category-blog-escuela"],"acf":[],"yoast_head":"<!-- This site is optimized with the Yoast SEO plugin v27.5 - https:\/\/yoast.com\/product\/yoast-seo-wordpress\/ -->\n<title>Personajes de Granada<\/title>\n<meta name=\"description\" content=\"Numerosos son los personajes de gran importancia nacido en Granada. Aqu\u00ed puedes encontrar una lista de personajes ilustres\u00a0conocido a nivel internacional.\" \/>\n<meta name=\"robots\" content=\"index, follow, max-snippet:-1, max-image-preview:large, max-video-preview:-1\" \/>\n<link rel=\"canonical\" href=\"https:\/\/www.inmsol.com\/es\/blog-escuela\/personajes-de-granada\/\" \/>\n<meta property=\"og:locale\" content=\"es_ES\" \/>\n<meta property=\"og:type\" content=\"article\" \/>\n<meta property=\"og:title\" content=\"Personajes de Granada\" \/>\n<meta property=\"og:description\" content=\"Numerosos son los personajes de gran importancia nacido en Granada. Aqu\u00ed puedes encontrar una lista de personajes ilustres\u00a0conocido a nivel internacional.\" \/>\n<meta property=\"og:url\" content=\"https:\/\/www.inmsol.com\/es\/blog-escuela\/personajes-de-granada\/\" \/>\n<meta property=\"og:site_name\" content=\"iNMSOL\" \/>\n<meta property=\"article:publisher\" content=\"https:\/\/www.facebook.com\/spanishcourses\" \/>\n<meta property=\"article:published_time\" content=\"2017-11-17T12:07:24+00:00\" \/>\n<meta property=\"article:modified_time\" content=\"2017-11-17T12:55:23+00:00\" \/>\n<meta property=\"og:image\" content=\"https:\/\/www.inmsol.com\/wp-content\/uploads\/2017\/11\/morente.jpg\" \/>\n\t<meta property=\"og:image:width\" content=\"1500\" \/>\n\t<meta property=\"og:image:height\" content=\"1007\" \/>\n\t<meta property=\"og:image:type\" content=\"image\/jpeg\" \/>\n<meta name=\"author\" content=\"- Instituto Mediterr\u00e1neo Sol\" \/>\n<meta name=\"twitter:label1\" content=\"Escrito por\" \/>\n\t<meta name=\"twitter:data1\" content=\"- Instituto Mediterr\u00e1neo Sol\" \/>\n\t<meta name=\"twitter:label2\" content=\"Tiempo de lectura\" \/>\n\t<meta name=\"twitter:data2\" content=\"3 minutos\" \/>\n<script type=\"application\/ld+json\" class=\"yoast-schema-graph\">{\"@context\":\"https:\\\/\\\/schema.org\",\"@graph\":[{\"@type\":\"Article\",\"@id\":\"https:\\\/\\\/www.inmsol.com\\\/es\\\/blog-escuela\\\/personajes-de-granada\\\/#article\",\"isPartOf\":{\"@id\":\"https:\\\/\\\/www.inmsol.com\\\/es\\\/blog-escuela\\\/personajes-de-granada\\\/\"},\"author\":{\"name\":\"- Instituto Mediterr\u00e1neo Sol\",\"@id\":\"https:\\\/\\\/www.inmsol.com\\\/es\\\/#\\\/schema\\\/person\\\/94a7a01d14a56d1fbc49c841ffc57fe9\"},\"headline\":\"Personajes de Granada.\",\"datePublished\":\"2017-11-17T12:07:24+00:00\",\"dateModified\":\"2017-11-17T12:55:23+00:00\",\"mainEntityOfPage\":{\"@id\":\"https:\\\/\\\/www.inmsol.com\\\/es\\\/blog-escuela\\\/personajes-de-granada\\\/\"},\"wordCount\":589,\"publisher\":{\"@id\":\"https:\\\/\\\/www.inmsol.com\\\/es\\\/#organization\"},\"image\":{\"@id\":\"https:\\\/\\\/www.inmsol.com\\\/es\\\/blog-escuela\\\/personajes-de-granada\\\/#primaryimage\"},\"thumbnailUrl\":\"https:\\\/\\\/www.inmsol.com\\\/wp-content\\\/uploads\\\/2017\\\/11\\\/morente.jpg\",\"articleSection\":[\"Blog Escuela Espa\u00f1ol\"],\"inLanguage\":\"es\"},{\"@type\":\"WebPage\",\"@id\":\"https:\\\/\\\/www.inmsol.com\\\/es\\\/blog-escuela\\\/personajes-de-granada\\\/\",\"url\":\"https:\\\/\\\/www.inmsol.com\\\/es\\\/blog-escuela\\\/personajes-de-granada\\\/\",\"name\":\"Personajes de Granada\",\"isPartOf\":{\"@id\":\"https:\\\/\\\/www.inmsol.com\\\/es\\\/#website\"},\"primaryImageOfPage\":{\"@id\":\"https:\\\/\\\/www.inmsol.com\\\/es\\\/blog-escuela\\\/personajes-de-granada\\\/#primaryimage\"},\"image\":{\"@id\":\"https:\\\/\\\/www.inmsol.com\\\/es\\\/blog-escuela\\\/personajes-de-granada\\\/#primaryimage\"},\"thumbnailUrl\":\"https:\\\/\\\/www.inmsol.com\\\/wp-content\\\/uploads\\\/2017\\\/11\\\/morente.jpg\",\"datePublished\":\"2017-11-17T12:07:24+00:00\",\"dateModified\":\"2017-11-17T12:55:23+00:00\",\"description\":\"Numerosos son los personajes de gran importancia nacido en Granada. Aqu\u00ed puedes encontrar una lista de personajes ilustres\u00a0conocido a nivel internacional.\",\"breadcrumb\":{\"@id\":\"https:\\\/\\\/www.inmsol.com\\\/es\\\/blog-escuela\\\/personajes-de-granada\\\/#breadcrumb\"},\"inLanguage\":\"es\",\"potentialAction\":[{\"@type\":\"ReadAction\",\"target\":[\"https:\\\/\\\/www.inmsol.com\\\/es\\\/blog-escuela\\\/personajes-de-granada\\\/\"]}]},{\"@type\":\"ImageObject\",\"inLanguage\":\"es\",\"@id\":\"https:\\\/\\\/www.inmsol.com\\\/es\\\/blog-escuela\\\/personajes-de-granada\\\/#primaryimage\",\"url\":\"https:\\\/\\\/www.inmsol.com\\\/wp-content\\\/uploads\\\/2017\\\/11\\\/morente.jpg\",\"contentUrl\":\"https:\\\/\\\/www.inmsol.com\\\/wp-content\\\/uploads\\\/2017\\\/11\\\/morente.jpg\",\"width\":1500,\"height\":1007,\"caption\":\"enrique morente, durante su actuacion en badason\"},{\"@type\":\"BreadcrumbList\",\"@id\":\"https:\\\/\\\/www.inmsol.com\\\/es\\\/blog-escuela\\\/personajes-de-granada\\\/#breadcrumb\",\"itemListElement\":[{\"@type\":\"ListItem\",\"position\":1,\"name\":\"Accredited Center by Instituto Cervantes\",\"item\":\"https:\\\/\\\/www.inmsol.com\\\/es\\\/pagina-ejemplo\\\/\"},{\"@type\":\"ListItem\",\"position\":2,\"name\":\"Blog Escuela Espa\u00f1ol\",\"item\":\"https:\\\/\\\/www.inmsol.com\\\/es\\\/category\\\/blog-escuela\\\/\"},{\"@type\":\"ListItem\",\"position\":3,\"name\":\"Personajes de Granada.\"}]},{\"@type\":\"WebSite\",\"@id\":\"https:\\\/\\\/www.inmsol.com\\\/es\\\/#website\",\"url\":\"https:\\\/\\\/www.inmsol.com\\\/es\\\/\",\"name\":\"iNMSOL\",\"description\":\"Aprenda Espa\u00f1ol con iNMSOL en Granada | Centro Acreditado por el Instituto Cervantes\",\"publisher\":{\"@id\":\"https:\\\/\\\/www.inmsol.com\\\/es\\\/#organization\"},\"potentialAction\":[{\"@type\":\"SearchAction\",\"target\":{\"@type\":\"EntryPoint\",\"urlTemplate\":\"https:\\\/\\\/www.inmsol.com\\\/es\\\/?s={search_term_string}\"},\"query-input\":{\"@type\":\"PropertyValueSpecification\",\"valueRequired\":true,\"valueName\":\"search_term_string\"}}],\"inLanguage\":\"es\"},{\"@type\":\"Organization\",\"@id\":\"https:\\\/\\\/www.inmsol.com\\\/es\\\/#organization\",\"name\":\"Instituto Mediterr\u00e1neo Sol\",\"url\":\"https:\\\/\\\/www.inmsol.com\\\/es\\\/\",\"logo\":{\"@type\":\"ImageObject\",\"inLanguage\":\"es\",\"@id\":\"https:\\\/\\\/www.inmsol.com\\\/es\\\/#\\\/schema\\\/logo\\\/image\\\/\",\"url\":\"https:\\\/\\\/www.inmsol.com\\\/wp-content\\\/uploads\\\/2023\\\/06\\\/logo-inmsol-1.png\",\"contentUrl\":\"https:\\\/\\\/www.inmsol.com\\\/wp-content\\\/uploads\\\/2023\\\/06\\\/logo-inmsol-1.png\",\"width\":136,\"height\":73,\"caption\":\"Instituto Mediterr\u00e1neo Sol\"},\"image\":{\"@id\":\"https:\\\/\\\/www.inmsol.com\\\/es\\\/#\\\/schema\\\/logo\\\/image\\\/\"},\"sameAs\":[\"https:\\\/\\\/www.facebook.com\\\/spanishcourses\",\"https:\\\/\\\/x.com\\\/StudyInGranada\",\"http:\\\/\\\/instagram.com\\\/imsolgranada\",\"https:\\\/\\\/es.linkedin.com\\\/company\\\/imsol-granada\",\"https:\\\/\\\/www.pinterest.es\\\/inmsol\\\/\",\"https:\\\/\\\/www.youtube.com\\\/channel\\\/UChz-Qn_7coFMosY85iYMO4g\"]},{\"@type\":\"Person\",\"@id\":\"https:\\\/\\\/www.inmsol.com\\\/es\\\/#\\\/schema\\\/person\\\/94a7a01d14a56d1fbc49c841ffc57fe9\",\"name\":\"- Instituto Mediterr\u00e1neo Sol\",\"image\":{\"@type\":\"ImageObject\",\"inLanguage\":\"es\",\"@id\":\"https:\\\/\\\/secure.gravatar.com\\\/avatar\\\/5607fdabdf1b548b6095cc3d43079829bc1497403e70dd34004e7204a8fef62b?s=96&d=mm&r=g\",\"url\":\"https:\\\/\\\/secure.gravatar.com\\\/avatar\\\/5607fdabdf1b548b6095cc3d43079829bc1497403e70dd34004e7204a8fef62b?s=96&d=mm&r=g\",\"contentUrl\":\"https:\\\/\\\/secure.gravatar.com\\\/avatar\\\/5607fdabdf1b548b6095cc3d43079829bc1497403e70dd34004e7204a8fef62b?s=96&d=mm&r=g\",\"caption\":\"- Instituto Mediterr\u00e1neo Sol\"},\"url\":\"https:\\\/\\\/www.inmsol.com\\\/es\\\/author\\\/laura\\\/\"}]}<\/script>\n<!-- \/ Yoast SEO plugin. -->","yoast_head_json":{"title":"Personajes de Granada","description":"Numerosos son los personajes de gran importancia nacido en Granada. Aqu\u00ed puedes encontrar una lista de personajes ilustres\u00a0conocido a nivel internacional.","robots":{"index":"index","follow":"follow","max-snippet":"max-snippet:-1","max-image-preview":"max-image-preview:large","max-video-preview":"max-video-preview:-1"},"canonical":"https:\/\/www.inmsol.com\/es\/blog-escuela\/personajes-de-granada\/","og_locale":"es_ES","og_type":"article","og_title":"Personajes de Granada","og_description":"Numerosos son los personajes de gran importancia nacido en Granada. Aqu\u00ed puedes encontrar una lista de personajes ilustres\u00a0conocido a nivel internacional.","og_url":"https:\/\/www.inmsol.com\/es\/blog-escuela\/personajes-de-granada\/","og_site_name":"iNMSOL","article_publisher":"https:\/\/www.facebook.com\/spanishcourses","article_published_time":"2017-11-17T12:07:24+00:00","article_modified_time":"2017-11-17T12:55:23+00:00","og_image":[{"width":1500,"height":1007,"url":"https:\/\/www.inmsol.com\/wp-content\/uploads\/2017\/11\/morente.jpg","type":"image\/jpeg"}],"author":"- Instituto Mediterr\u00e1neo Sol","twitter_misc":{"Escrito por":"- Instituto Mediterr\u00e1neo Sol","Tiempo de lectura":"3 minutos"},"schema":{"@context":"https:\/\/schema.org","@graph":[{"@type":"Article","@id":"https:\/\/www.inmsol.com\/es\/blog-escuela\/personajes-de-granada\/#article","isPartOf":{"@id":"https:\/\/www.inmsol.com\/es\/blog-escuela\/personajes-de-granada\/"},"author":{"name":"- Instituto Mediterr\u00e1neo Sol","@id":"https:\/\/www.inmsol.com\/es\/#\/schema\/person\/94a7a01d14a56d1fbc49c841ffc57fe9"},"headline":"Personajes de Granada.","datePublished":"2017-11-17T12:07:24+00:00","dateModified":"2017-11-17T12:55:23+00:00","mainEntityOfPage":{"@id":"https:\/\/www.inmsol.com\/es\/blog-escuela\/personajes-de-granada\/"},"wordCount":589,"publisher":{"@id":"https:\/\/www.inmsol.com\/es\/#organization"},"image":{"@id":"https:\/\/www.inmsol.com\/es\/blog-escuela\/personajes-de-granada\/#primaryimage"},"thumbnailUrl":"https:\/\/www.inmsol.com\/wp-content\/uploads\/2017\/11\/morente.jpg","articleSection":["Blog Escuela Espa\u00f1ol"],"inLanguage":"es"},{"@type":"WebPage","@id":"https:\/\/www.inmsol.com\/es\/blog-escuela\/personajes-de-granada\/","url":"https:\/\/www.inmsol.com\/es\/blog-escuela\/personajes-de-granada\/","name":"Personajes de Granada","isPartOf":{"@id":"https:\/\/www.inmsol.com\/es\/#website"},"primaryImageOfPage":{"@id":"https:\/\/www.inmsol.com\/es\/blog-escuela\/personajes-de-granada\/#primaryimage"},"image":{"@id":"https:\/\/www.inmsol.com\/es\/blog-escuela\/personajes-de-granada\/#primaryimage"},"thumbnailUrl":"https:\/\/www.inmsol.com\/wp-content\/uploads\/2017\/11\/morente.jpg","datePublished":"2017-11-17T12:07:24+00:00","dateModified":"2017-11-17T12:55:23+00:00","description":"Numerosos son los personajes de gran importancia nacido en Granada. Aqu\u00ed puedes encontrar una lista de personajes ilustres\u00a0conocido a nivel internacional.","breadcrumb":{"@id":"https:\/\/www.inmsol.com\/es\/blog-escuela\/personajes-de-granada\/#breadcrumb"},"inLanguage":"es","potentialAction":[{"@type":"ReadAction","target":["https:\/\/www.inmsol.com\/es\/blog-escuela\/personajes-de-granada\/"]}]},{"@type":"ImageObject","inLanguage":"es","@id":"https:\/\/www.inmsol.com\/es\/blog-escuela\/personajes-de-granada\/#primaryimage","url":"https:\/\/www.inmsol.com\/wp-content\/uploads\/2017\/11\/morente.jpg","contentUrl":"https:\/\/www.inmsol.com\/wp-content\/uploads\/2017\/11\/morente.jpg","width":1500,"height":1007,"caption":"enrique morente, durante su actuacion en badason"},{"@type":"BreadcrumbList","@id":"https:\/\/www.inmsol.com\/es\/blog-escuela\/personajes-de-granada\/#breadcrumb","itemListElement":[{"@type":"ListItem","position":1,"name":"Accredited Center by Instituto Cervantes","item":"https:\/\/www.inmsol.com\/es\/pagina-ejemplo\/"},{"@type":"ListItem","position":2,"name":"Blog Escuela Espa\u00f1ol","item":"https:\/\/www.inmsol.com\/es\/category\/blog-escuela\/"},{"@type":"ListItem","position":3,"name":"Personajes de Granada."}]},{"@type":"WebSite","@id":"https:\/\/www.inmsol.com\/es\/#website","url":"https:\/\/www.inmsol.com\/es\/","name":"iNMSOL","description":"Aprenda Espa\u00f1ol con iNMSOL en Granada | Centro Acreditado por el Instituto Cervantes","publisher":{"@id":"https:\/\/www.inmsol.com\/es\/#organization"},"potentialAction":[{"@type":"SearchAction","target":{"@type":"EntryPoint","urlTemplate":"https:\/\/www.inmsol.com\/es\/?s={search_term_string}"},"query-input":{"@type":"PropertyValueSpecification","valueRequired":true,"valueName":"search_term_string"}}],"inLanguage":"es"},{"@type":"Organization","@id":"https:\/\/www.inmsol.com\/es\/#organization","name":"Instituto Mediterr\u00e1neo Sol","url":"https:\/\/www.inmsol.com\/es\/","logo":{"@type":"ImageObject","inLanguage":"es","@id":"https:\/\/www.inmsol.com\/es\/#\/schema\/logo\/image\/","url":"https:\/\/www.inmsol.com\/wp-content\/uploads\/2023\/06\/logo-inmsol-1.png","contentUrl":"https:\/\/www.inmsol.com\/wp-content\/uploads\/2023\/06\/logo-inmsol-1.png","width":136,"height":73,"caption":"Instituto Mediterr\u00e1neo Sol"},"image":{"@id":"https:\/\/www.inmsol.com\/es\/#\/schema\/logo\/image\/"},"sameAs":["https:\/\/www.facebook.com\/spanishcourses","https:\/\/x.com\/StudyInGranada","http:\/\/instagram.com\/imsolgranada","https:\/\/es.linkedin.com\/company\/imsol-granada","https:\/\/www.pinterest.es\/inmsol\/","https:\/\/www.youtube.com\/channel\/UChz-Qn_7coFMosY85iYMO4g"]},{"@type":"Person","@id":"https:\/\/www.inmsol.com\/es\/#\/schema\/person\/94a7a01d14a56d1fbc49c841ffc57fe9","name":"- Instituto Mediterr\u00e1neo Sol","image":{"@type":"ImageObject","inLanguage":"es","@id":"https:\/\/secure.gravatar.com\/avatar\/5607fdabdf1b548b6095cc3d43079829bc1497403e70dd34004e7204a8fef62b?s=96&d=mm&r=g","url":"https:\/\/secure.gravatar.com\/avatar\/5607fdabdf1b548b6095cc3d43079829bc1497403e70dd34004e7204a8fef62b?s=96&d=mm&r=g","contentUrl":"https:\/\/secure.gravatar.com\/avatar\/5607fdabdf1b548b6095cc3d43079829bc1497403e70dd34004e7204a8fef62b?s=96&d=mm&r=g","caption":"- Instituto Mediterr\u00e1neo Sol"},"url":"https:\/\/www.inmsol.com\/es\/author\/laura\/"}]}},"_links":{"self":[{"href":"https:\/\/www.inmsol.com\/es\/wp-json\/wp\/v2\/posts\/33792","targetHints":{"allow":["GET"]}}],"collection":[{"href":"https:\/\/www.inmsol.com\/es\/wp-json\/wp\/v2\/posts"}],"about":[{"href":"https:\/\/www.inmsol.com\/es\/wp-json\/wp\/v2\/types\/post"}],"author":[{"embeddable":true,"href":"https:\/\/www.inmsol.com\/es\/wp-json\/wp\/v2\/users\/3"}],"replies":[{"embeddable":true,"href":"https:\/\/www.inmsol.com\/es\/wp-json\/wp\/v2\/comments?post=33792"}],"version-history":[{"count":0,"href":"https:\/\/www.inmsol.com\/es\/wp-json\/wp\/v2\/posts\/33792\/revisions"}],"wp:featuredmedia":[{"embeddable":true,"href":"https:\/\/www.inmsol.com\/es\/wp-json\/wp\/v2\/media\/33786"}],"wp:attachment":[{"href":"https:\/\/www.inmsol.com\/es\/wp-json\/wp\/v2\/media?parent=33792"}],"wp:term":[{"taxonomy":"category","embeddable":true,"href":"https:\/\/www.inmsol.com\/es\/wp-json\/wp\/v2\/categories?post=33792"},{"taxonomy":"post_tag","embeddable":true,"href":"https:\/\/www.inmsol.com\/es\/wp-json\/wp\/v2\/tags?post=33792"}],"curies":[{"name":"wp","href":"https:\/\/api.w.org\/{rel}","templated":true}]}}