{"id":34314,"date":"2018-01-30T11:46:28","date_gmt":"2018-01-30T10:46:28","guid":{"rendered":"https:\/\/www.inmsol.com\/?p=34314"},"modified":"2021-01-08T17:51:18","modified_gmt":"2021-01-08T16:51:18","slug":"la-leyenda-origen-de-la-zambra","status":"publish","type":"post","link":"https:\/\/www.inmsol.com\/es\/blog-escuela\/leyendas-granada\/la-leyenda-origen-de-la-zambra\/","title":{"rendered":"La Leyenda de la Zambra"},"content":{"rendered":"<p>En Granada se ha dicho en alg\u00fan momento la palabra zambra para referirse a la fiesta. En otros lugares ha pasado esto mismo con palabras como \u00abrumba\u00bb o \u00abfandango\u00bb. Cuando esto ocurre es porque el lugar est\u00e1 muy anclado a ese baile o m\u00fasica. Esto mismo pasa en Granada con la zambra, donde no s\u00f3lo representa una pieza cultural importante que Andaluc\u00eda oriental aporta al flamenco. Es tambi\u00e9n un anclaje con nuestro pasado morisco. En este art\u00edculo hablaremos sobre <strong>el origen de la zambra mora<\/strong>.<\/p>\n<p><img fetchpriority=\"high\" decoding=\"async\" class=\"alignnone wp-image-34324 size-full\" src=\"https:\/\/www.inmsol.com\/wp-content\/uploads\/2018\/01\/zambra-la-leyenda-del-origen-de-la-zambra-granada-1.jpg\" alt=\"zambra la leyenda del origen de la zambra granada\" width=\"1500\" height=\"1107\" srcset=\"https:\/\/www.inmsol.com\/wp-content\/uploads\/2018\/01\/zambra-la-leyenda-del-origen-de-la-zambra-granada-1.jpg 1500w, https:\/\/www.inmsol.com\/wp-content\/uploads\/2018\/01\/zambra-la-leyenda-del-origen-de-la-zambra-granada-1-800x590.jpg 800w, https:\/\/www.inmsol.com\/wp-content\/uploads\/2018\/01\/zambra-la-leyenda-del-origen-de-la-zambra-granada-1-64x47.jpg 64w, https:\/\/www.inmsol.com\/wp-content\/uploads\/2018\/01\/zambra-la-leyenda-del-origen-de-la-zambra-granada-1-407x300.jpg 407w, https:\/\/www.inmsol.com\/wp-content\/uploads\/2018\/01\/zambra-la-leyenda-del-origen-de-la-zambra-granada-1-768x567.jpg 768w, https:\/\/www.inmsol.com\/wp-content\/uploads\/2018\/01\/zambra-la-leyenda-del-origen-de-la-zambra-granada-1-1024x756.jpg 1024w, https:\/\/www.inmsol.com\/wp-content\/uploads\/2018\/01\/zambra-la-leyenda-del-origen-de-la-zambra-granada-1-250x185.jpg 250w, https:\/\/www.inmsol.com\/wp-content\/uploads\/2018\/01\/zambra-la-leyenda-del-origen-de-la-zambra-granada-1-542x400.jpg 542w\" sizes=\"(max-width: 1500px) 100vw, 1500px\" \/><\/p>\n<h2>El origen del flamenco<\/h2>\n<p>Antes que el flamenco, en Espa\u00f1a, y especialmente en Andaluc\u00eda, estuvo asentada la escuela bolera. La escuela bolera era un estilo de baile cortesano, inspirado en otros bailes cortesanos europeos. Sin embargo, el mestizaje del que se consideraba el baile nacional, con el baile de los gitanos dar\u00eda lugar al flamenco.<\/p>\n<p>Se cuenta que en los espect\u00e1culos ante turistas la envidia y la admiraci\u00f3n hacia el baile ajeno mov\u00edan a boleras y gitanas a coger prestadas cosas del otro. El flamenco tiene <strong>la b\u00fasqueda de la tierra<\/strong> y el juego con la falda propio de las gitanas y los bailes con los brazos que proviene de la escuela bolera. Sin embargo, m\u00e1s culturas intervienen en el flamenco. El baile de cadera propio de este baile se le atribuye a <strong>las culturas africanas que tan pr\u00f3ximas est\u00e1n a nuestra tierra.<\/strong><\/p>\n<h2>Un baile propio del mestizaje<\/h2>\n<p>El flamenco por s\u00ed solo, como has podido ver, nace del mestizaje. Sin embargo en esta tierra han vivido siempre m\u00e1s culturas que la cristiana y la gitana. Granada se ha caracterizado por el mestizaje con la cultura musulmana. Una cultura que no dej\u00f3 de bailar en 1492.<\/p>\n<p>El nombre de \u00abzambra\u00bb proviene del \u00e1rabe andalus\u00ed y se cree que puede prevenir de <em>z\u00e1mra<\/em>, que significa \u00abtocata\u00bb. Este baile que hoy es parte del flamenco es un producto de la evoluci\u00f3n de las danzas moriscas, que tienen poco que ver con la danza del vientre, <strong>que nunca se han dejado de ver en el Sacromonte.<\/strong><\/p>\n<p>Hoy en d\u00eda es un baile propio de las zonas de Granada y Almer\u00eda y suena parecido a un fandango.<\/p>\n<h4 style=\"text-align: center;\">Baile<\/h4>\n<p style=\"text-align: center;\">En el baile destaca la gran Alba Heredia. La bailaora gitana es una de las grandes figuras del baile y tenemos la suerte de poderla disfrutar en nuestra ciudad.<\/p>\n<p>https:\/\/www.youtube.com\/watch?v=_PHFpciB8BQ<\/p>\n<h4 style=\"text-align: center;\">Toque<\/h4>\n<p style=\"text-align: center;\">En el toque podemos distinguir cl\u00e1sicos vecinos del Sacromonte como Juan Habichuela.<\/p>\n<p>https:\/\/www.youtube.com\/watch?v=HP3Ww7wmtZo<\/p>\n<p>&nbsp;<\/p>\n","protected":false},"excerpt":{"rendered":"<p>La zambra de Granada no s\u00f3lo es un icono de la cultura local sino que adem\u00e1s representa una parte de la historia que nadie olvida. Conoce la leyenda del origen de la zambra.<\/p>\n","protected":false},"author":2,"featured_media":34323,"comment_status":"closed","ping_status":"closed","sticky":false,"template":"","format":"standard","meta":{"_acf_changed":false,"footnotes":""},"categories":[272],"tags":[],"class_list":["post-34314","post","type-post","status-publish","format-standard","has-post-thumbnail","hentry","category-leyendas-granada"],"acf":[],"yoast_head":"<!-- This site is optimized with the Yoast SEO plugin v27.5 - https:\/\/yoast.com\/product\/yoast-seo-wordpress\/ -->\n<title>La leyenda del origen de la zambra - Blog Leyendas de Granada<\/title>\n<meta name=\"description\" content=\"La zambra de Granada no s\u00f3lo es un icono de la cultura local sino que adem\u00e1s representa una parte de la historia que nadie olvida. Conoce la leyenda del origen de la zambra.\" \/>\n<meta name=\"robots\" content=\"index, follow, max-snippet:-1, max-image-preview:large, max-video-preview:-1\" \/>\n<link rel=\"canonical\" href=\"https:\/\/www.inmsol.com\/es\/blog-escuela\/leyendas-granada\/la-leyenda-origen-de-la-zambra\/\" \/>\n<meta property=\"og:locale\" content=\"es_ES\" \/>\n<meta property=\"og:type\" content=\"article\" \/>\n<meta property=\"og:title\" content=\"La leyenda del origen de la zambra - Blog Leyendas de Granada\" \/>\n<meta property=\"og:description\" content=\"La zambra de Granada no s\u00f3lo es un icono de la cultura local sino que adem\u00e1s representa una parte de la historia que nadie olvida. Conoce la leyenda del origen de la zambra.\" \/>\n<meta property=\"og:url\" content=\"https:\/\/www.inmsol.com\/es\/blog-escuela\/leyendas-granada\/la-leyenda-origen-de-la-zambra\/\" \/>\n<meta property=\"og:site_name\" content=\"iNMSOL\" \/>\n<meta property=\"article:publisher\" content=\"https:\/\/www.facebook.com\/spanishcourses\" \/>\n<meta property=\"article:published_time\" content=\"2018-01-30T10:46:28+00:00\" \/>\n<meta property=\"article:modified_time\" content=\"2021-01-08T16:51:18+00:00\" \/>\n<meta property=\"og:image\" content=\"https:\/\/www.inmsol.com\/wp-content\/uploads\/2018\/01\/zambra-la-leyenda-del-origen-de-la-zambra-granada.jpg\" \/>\n\t<meta property=\"og:image:width\" content=\"1000\" \/>\n\t<meta property=\"og:image:height\" content=\"1500\" \/>\n\t<meta property=\"og:image:type\" content=\"image\/jpeg\" \/>\n<meta name=\"author\" content=\"Javier Torres\" \/>\n<meta name=\"twitter:label1\" content=\"Escrito por\" \/>\n\t<meta name=\"twitter:data1\" content=\"Javier Torres\" \/>\n\t<meta name=\"twitter:label2\" content=\"Tiempo de lectura\" \/>\n\t<meta name=\"twitter:data2\" content=\"2 minutos\" \/>\n<script type=\"application\/ld+json\" class=\"yoast-schema-graph\">{\"@context\":\"https:\\\/\\\/schema.org\",\"@graph\":[{\"@type\":\"Article\",\"@id\":\"https:\\\/\\\/www.inmsol.com\\\/es\\\/blog-escuela\\\/leyendas-granada\\\/la-leyenda-origen-de-la-zambra\\\/#article\",\"isPartOf\":{\"@id\":\"https:\\\/\\\/www.inmsol.com\\\/es\\\/blog-escuela\\\/leyendas-granada\\\/la-leyenda-origen-de-la-zambra\\\/\"},\"author\":{\"name\":\"Javier Torres\",\"@id\":\"https:\\\/\\\/www.inmsol.com\\\/es\\\/#\\\/schema\\\/person\\\/18f18acd0397ef441e373e79ec3eb6ea\"},\"headline\":\"La Leyenda de la Zambra\",\"datePublished\":\"2018-01-30T10:46:28+00:00\",\"dateModified\":\"2021-01-08T16:51:18+00:00\",\"mainEntityOfPage\":{\"@id\":\"https:\\\/\\\/www.inmsol.com\\\/es\\\/blog-escuela\\\/leyendas-granada\\\/la-leyenda-origen-de-la-zambra\\\/\"},\"wordCount\":445,\"publisher\":{\"@id\":\"https:\\\/\\\/www.inmsol.com\\\/es\\\/#organization\"},\"image\":{\"@id\":\"https:\\\/\\\/www.inmsol.com\\\/es\\\/blog-escuela\\\/leyendas-granada\\\/la-leyenda-origen-de-la-zambra\\\/#primaryimage\"},\"thumbnailUrl\":\"https:\\\/\\\/www.inmsol.com\\\/wp-content\\\/uploads\\\/2018\\\/01\\\/zambra-la-leyenda-del-origen-de-la-zambra-granada.jpg\",\"articleSection\":[\"Leyendas de Granada\"],\"inLanguage\":\"es\"},{\"@type\":\"WebPage\",\"@id\":\"https:\\\/\\\/www.inmsol.com\\\/es\\\/blog-escuela\\\/leyendas-granada\\\/la-leyenda-origen-de-la-zambra\\\/\",\"url\":\"https:\\\/\\\/www.inmsol.com\\\/es\\\/blog-escuela\\\/leyendas-granada\\\/la-leyenda-origen-de-la-zambra\\\/\",\"name\":\"La leyenda del origen de la zambra - Blog Leyendas de Granada\",\"isPartOf\":{\"@id\":\"https:\\\/\\\/www.inmsol.com\\\/es\\\/#website\"},\"primaryImageOfPage\":{\"@id\":\"https:\\\/\\\/www.inmsol.com\\\/es\\\/blog-escuela\\\/leyendas-granada\\\/la-leyenda-origen-de-la-zambra\\\/#primaryimage\"},\"image\":{\"@id\":\"https:\\\/\\\/www.inmsol.com\\\/es\\\/blog-escuela\\\/leyendas-granada\\\/la-leyenda-origen-de-la-zambra\\\/#primaryimage\"},\"thumbnailUrl\":\"https:\\\/\\\/www.inmsol.com\\\/wp-content\\\/uploads\\\/2018\\\/01\\\/zambra-la-leyenda-del-origen-de-la-zambra-granada.jpg\",\"datePublished\":\"2018-01-30T10:46:28+00:00\",\"dateModified\":\"2021-01-08T16:51:18+00:00\",\"description\":\"La zambra de Granada no s\u00f3lo es un icono de la cultura local sino que adem\u00e1s representa una parte de la historia que nadie olvida. Conoce la leyenda del origen de la zambra.\",\"breadcrumb\":{\"@id\":\"https:\\\/\\\/www.inmsol.com\\\/es\\\/blog-escuela\\\/leyendas-granada\\\/la-leyenda-origen-de-la-zambra\\\/#breadcrumb\"},\"inLanguage\":\"es\",\"potentialAction\":[{\"@type\":\"ReadAction\",\"target\":[\"https:\\\/\\\/www.inmsol.com\\\/es\\\/blog-escuela\\\/leyendas-granada\\\/la-leyenda-origen-de-la-zambra\\\/\"]}]},{\"@type\":\"ImageObject\",\"inLanguage\":\"es\",\"@id\":\"https:\\\/\\\/www.inmsol.com\\\/es\\\/blog-escuela\\\/leyendas-granada\\\/la-leyenda-origen-de-la-zambra\\\/#primaryimage\",\"url\":\"https:\\\/\\\/www.inmsol.com\\\/wp-content\\\/uploads\\\/2018\\\/01\\\/zambra-la-leyenda-del-origen-de-la-zambra-granada.jpg\",\"contentUrl\":\"https:\\\/\\\/www.inmsol.com\\\/wp-content\\\/uploads\\\/2018\\\/01\\\/zambra-la-leyenda-del-origen-de-la-zambra-granada.jpg\",\"width\":1000,\"height\":1500,\"caption\":\"zambra la leyenda del origen de la zambra granada\"},{\"@type\":\"BreadcrumbList\",\"@id\":\"https:\\\/\\\/www.inmsol.com\\\/es\\\/blog-escuela\\\/leyendas-granada\\\/la-leyenda-origen-de-la-zambra\\\/#breadcrumb\",\"itemListElement\":[{\"@type\":\"ListItem\",\"position\":1,\"name\":\"Accredited Center by Instituto Cervantes\",\"item\":\"https:\\\/\\\/www.inmsol.com\\\/es\\\/pagina-ejemplo\\\/\"},{\"@type\":\"ListItem\",\"position\":2,\"name\":\"Blog Escuela Espa\u00f1ol\",\"item\":\"https:\\\/\\\/www.inmsol.com\\\/es\\\/category\\\/blog-escuela\\\/\"},{\"@type\":\"ListItem\",\"position\":3,\"name\":\"Leyendas de Granada\",\"item\":\"https:\\\/\\\/www.inmsol.com\\\/es\\\/category\\\/blog-escuela\\\/leyendas-granada\\\/\"},{\"@type\":\"ListItem\",\"position\":4,\"name\":\"La Leyenda de la Zambra\"}]},{\"@type\":\"WebSite\",\"@id\":\"https:\\\/\\\/www.inmsol.com\\\/es\\\/#website\",\"url\":\"https:\\\/\\\/www.inmsol.com\\\/es\\\/\",\"name\":\"iNMSOL\",\"description\":\"Aprenda Espa\u00f1ol con iNMSOL en Granada | Centro Acreditado por el Instituto Cervantes\",\"publisher\":{\"@id\":\"https:\\\/\\\/www.inmsol.com\\\/es\\\/#organization\"},\"potentialAction\":[{\"@type\":\"SearchAction\",\"target\":{\"@type\":\"EntryPoint\",\"urlTemplate\":\"https:\\\/\\\/www.inmsol.com\\\/es\\\/?s={search_term_string}\"},\"query-input\":{\"@type\":\"PropertyValueSpecification\",\"valueRequired\":true,\"valueName\":\"search_term_string\"}}],\"inLanguage\":\"es\"},{\"@type\":\"Organization\",\"@id\":\"https:\\\/\\\/www.inmsol.com\\\/es\\\/#organization\",\"name\":\"Instituto Mediterr\u00e1neo Sol\",\"url\":\"https:\\\/\\\/www.inmsol.com\\\/es\\\/\",\"logo\":{\"@type\":\"ImageObject\",\"inLanguage\":\"es\",\"@id\":\"https:\\\/\\\/www.inmsol.com\\\/es\\\/#\\\/schema\\\/logo\\\/image\\\/\",\"url\":\"https:\\\/\\\/www.inmsol.com\\\/wp-content\\\/uploads\\\/2023\\\/06\\\/logo-inmsol-1.png\",\"contentUrl\":\"https:\\\/\\\/www.inmsol.com\\\/wp-content\\\/uploads\\\/2023\\\/06\\\/logo-inmsol-1.png\",\"width\":136,\"height\":73,\"caption\":\"Instituto Mediterr\u00e1neo Sol\"},\"image\":{\"@id\":\"https:\\\/\\\/www.inmsol.com\\\/es\\\/#\\\/schema\\\/logo\\\/image\\\/\"},\"sameAs\":[\"https:\\\/\\\/www.facebook.com\\\/spanishcourses\",\"https:\\\/\\\/x.com\\\/StudyInGranada\",\"http:\\\/\\\/instagram.com\\\/imsolgranada\",\"https:\\\/\\\/es.linkedin.com\\\/company\\\/imsol-granada\",\"https:\\\/\\\/www.pinterest.es\\\/inmsol\\\/\",\"https:\\\/\\\/www.youtube.com\\\/channel\\\/UChz-Qn_7coFMosY85iYMO4g\"]},{\"@type\":\"Person\",\"@id\":\"https:\\\/\\\/www.inmsol.com\\\/es\\\/#\\\/schema\\\/person\\\/18f18acd0397ef441e373e79ec3eb6ea\",\"name\":\"Javier Torres\",\"image\":{\"@type\":\"ImageObject\",\"inLanguage\":\"es\",\"@id\":\"https:\\\/\\\/secure.gravatar.com\\\/avatar\\\/90afa2d6499550218d247408758082af566e5ec3641e1b8eac0d7bb889344a55?s=96&d=mm&r=g\",\"url\":\"https:\\\/\\\/secure.gravatar.com\\\/avatar\\\/90afa2d6499550218d247408758082af566e5ec3641e1b8eac0d7bb889344a55?s=96&d=mm&r=g\",\"contentUrl\":\"https:\\\/\\\/secure.gravatar.com\\\/avatar\\\/90afa2d6499550218d247408758082af566e5ec3641e1b8eac0d7bb889344a55?s=96&d=mm&r=g\",\"caption\":\"Javier Torres\"},\"url\":\"https:\\\/\\\/www.inmsol.com\\\/es\\\/author\\\/javier\\\/\"}]}<\/script>\n<!-- \/ Yoast SEO plugin. -->","yoast_head_json":{"title":"La leyenda del origen de la zambra - Blog Leyendas de Granada","description":"La zambra de Granada no s\u00f3lo es un icono de la cultura local sino que adem\u00e1s representa una parte de la historia que nadie olvida. Conoce la leyenda del origen de la zambra.","robots":{"index":"index","follow":"follow","max-snippet":"max-snippet:-1","max-image-preview":"max-image-preview:large","max-video-preview":"max-video-preview:-1"},"canonical":"https:\/\/www.inmsol.com\/es\/blog-escuela\/leyendas-granada\/la-leyenda-origen-de-la-zambra\/","og_locale":"es_ES","og_type":"article","og_title":"La leyenda del origen de la zambra - Blog Leyendas de Granada","og_description":"La zambra de Granada no s\u00f3lo es un icono de la cultura local sino que adem\u00e1s representa una parte de la historia que nadie olvida. Conoce la leyenda del origen de la zambra.","og_url":"https:\/\/www.inmsol.com\/es\/blog-escuela\/leyendas-granada\/la-leyenda-origen-de-la-zambra\/","og_site_name":"iNMSOL","article_publisher":"https:\/\/www.facebook.com\/spanishcourses","article_published_time":"2018-01-30T10:46:28+00:00","article_modified_time":"2021-01-08T16:51:18+00:00","og_image":[{"width":1000,"height":1500,"url":"https:\/\/www.inmsol.com\/wp-content\/uploads\/2018\/01\/zambra-la-leyenda-del-origen-de-la-zambra-granada.jpg","type":"image\/jpeg"}],"author":"Javier Torres","twitter_misc":{"Escrito por":"Javier Torres","Tiempo de lectura":"2 minutos"},"schema":{"@context":"https:\/\/schema.org","@graph":[{"@type":"Article","@id":"https:\/\/www.inmsol.com\/es\/blog-escuela\/leyendas-granada\/la-leyenda-origen-de-la-zambra\/#article","isPartOf":{"@id":"https:\/\/www.inmsol.com\/es\/blog-escuela\/leyendas-granada\/la-leyenda-origen-de-la-zambra\/"},"author":{"name":"Javier Torres","@id":"https:\/\/www.inmsol.com\/es\/#\/schema\/person\/18f18acd0397ef441e373e79ec3eb6ea"},"headline":"La Leyenda de la Zambra","datePublished":"2018-01-30T10:46:28+00:00","dateModified":"2021-01-08T16:51:18+00:00","mainEntityOfPage":{"@id":"https:\/\/www.inmsol.com\/es\/blog-escuela\/leyendas-granada\/la-leyenda-origen-de-la-zambra\/"},"wordCount":445,"publisher":{"@id":"https:\/\/www.inmsol.com\/es\/#organization"},"image":{"@id":"https:\/\/www.inmsol.com\/es\/blog-escuela\/leyendas-granada\/la-leyenda-origen-de-la-zambra\/#primaryimage"},"thumbnailUrl":"https:\/\/www.inmsol.com\/wp-content\/uploads\/2018\/01\/zambra-la-leyenda-del-origen-de-la-zambra-granada.jpg","articleSection":["Leyendas de Granada"],"inLanguage":"es"},{"@type":"WebPage","@id":"https:\/\/www.inmsol.com\/es\/blog-escuela\/leyendas-granada\/la-leyenda-origen-de-la-zambra\/","url":"https:\/\/www.inmsol.com\/es\/blog-escuela\/leyendas-granada\/la-leyenda-origen-de-la-zambra\/","name":"La leyenda del origen de la zambra - Blog Leyendas de Granada","isPartOf":{"@id":"https:\/\/www.inmsol.com\/es\/#website"},"primaryImageOfPage":{"@id":"https:\/\/www.inmsol.com\/es\/blog-escuela\/leyendas-granada\/la-leyenda-origen-de-la-zambra\/#primaryimage"},"image":{"@id":"https:\/\/www.inmsol.com\/es\/blog-escuela\/leyendas-granada\/la-leyenda-origen-de-la-zambra\/#primaryimage"},"thumbnailUrl":"https:\/\/www.inmsol.com\/wp-content\/uploads\/2018\/01\/zambra-la-leyenda-del-origen-de-la-zambra-granada.jpg","datePublished":"2018-01-30T10:46:28+00:00","dateModified":"2021-01-08T16:51:18+00:00","description":"La zambra de Granada no s\u00f3lo es un icono de la cultura local sino que adem\u00e1s representa una parte de la historia que nadie olvida. Conoce la leyenda del origen de la zambra.","breadcrumb":{"@id":"https:\/\/www.inmsol.com\/es\/blog-escuela\/leyendas-granada\/la-leyenda-origen-de-la-zambra\/#breadcrumb"},"inLanguage":"es","potentialAction":[{"@type":"ReadAction","target":["https:\/\/www.inmsol.com\/es\/blog-escuela\/leyendas-granada\/la-leyenda-origen-de-la-zambra\/"]}]},{"@type":"ImageObject","inLanguage":"es","@id":"https:\/\/www.inmsol.com\/es\/blog-escuela\/leyendas-granada\/la-leyenda-origen-de-la-zambra\/#primaryimage","url":"https:\/\/www.inmsol.com\/wp-content\/uploads\/2018\/01\/zambra-la-leyenda-del-origen-de-la-zambra-granada.jpg","contentUrl":"https:\/\/www.inmsol.com\/wp-content\/uploads\/2018\/01\/zambra-la-leyenda-del-origen-de-la-zambra-granada.jpg","width":1000,"height":1500,"caption":"zambra la leyenda del origen de la zambra granada"},{"@type":"BreadcrumbList","@id":"https:\/\/www.inmsol.com\/es\/blog-escuela\/leyendas-granada\/la-leyenda-origen-de-la-zambra\/#breadcrumb","itemListElement":[{"@type":"ListItem","position":1,"name":"Accredited Center by Instituto Cervantes","item":"https:\/\/www.inmsol.com\/es\/pagina-ejemplo\/"},{"@type":"ListItem","position":2,"name":"Blog Escuela Espa\u00f1ol","item":"https:\/\/www.inmsol.com\/es\/category\/blog-escuela\/"},{"@type":"ListItem","position":3,"name":"Leyendas de Granada","item":"https:\/\/www.inmsol.com\/es\/category\/blog-escuela\/leyendas-granada\/"},{"@type":"ListItem","position":4,"name":"La Leyenda de la Zambra"}]},{"@type":"WebSite","@id":"https:\/\/www.inmsol.com\/es\/#website","url":"https:\/\/www.inmsol.com\/es\/","name":"iNMSOL","description":"Aprenda Espa\u00f1ol con iNMSOL en Granada | Centro Acreditado por el Instituto Cervantes","publisher":{"@id":"https:\/\/www.inmsol.com\/es\/#organization"},"potentialAction":[{"@type":"SearchAction","target":{"@type":"EntryPoint","urlTemplate":"https:\/\/www.inmsol.com\/es\/?s={search_term_string}"},"query-input":{"@type":"PropertyValueSpecification","valueRequired":true,"valueName":"search_term_string"}}],"inLanguage":"es"},{"@type":"Organization","@id":"https:\/\/www.inmsol.com\/es\/#organization","name":"Instituto Mediterr\u00e1neo Sol","url":"https:\/\/www.inmsol.com\/es\/","logo":{"@type":"ImageObject","inLanguage":"es","@id":"https:\/\/www.inmsol.com\/es\/#\/schema\/logo\/image\/","url":"https:\/\/www.inmsol.com\/wp-content\/uploads\/2023\/06\/logo-inmsol-1.png","contentUrl":"https:\/\/www.inmsol.com\/wp-content\/uploads\/2023\/06\/logo-inmsol-1.png","width":136,"height":73,"caption":"Instituto Mediterr\u00e1neo Sol"},"image":{"@id":"https:\/\/www.inmsol.com\/es\/#\/schema\/logo\/image\/"},"sameAs":["https:\/\/www.facebook.com\/spanishcourses","https:\/\/x.com\/StudyInGranada","http:\/\/instagram.com\/imsolgranada","https:\/\/es.linkedin.com\/company\/imsol-granada","https:\/\/www.pinterest.es\/inmsol\/","https:\/\/www.youtube.com\/channel\/UChz-Qn_7coFMosY85iYMO4g"]},{"@type":"Person","@id":"https:\/\/www.inmsol.com\/es\/#\/schema\/person\/18f18acd0397ef441e373e79ec3eb6ea","name":"Javier Torres","image":{"@type":"ImageObject","inLanguage":"es","@id":"https:\/\/secure.gravatar.com\/avatar\/90afa2d6499550218d247408758082af566e5ec3641e1b8eac0d7bb889344a55?s=96&d=mm&r=g","url":"https:\/\/secure.gravatar.com\/avatar\/90afa2d6499550218d247408758082af566e5ec3641e1b8eac0d7bb889344a55?s=96&d=mm&r=g","contentUrl":"https:\/\/secure.gravatar.com\/avatar\/90afa2d6499550218d247408758082af566e5ec3641e1b8eac0d7bb889344a55?s=96&d=mm&r=g","caption":"Javier Torres"},"url":"https:\/\/www.inmsol.com\/es\/author\/javier\/"}]}},"_links":{"self":[{"href":"https:\/\/www.inmsol.com\/es\/wp-json\/wp\/v2\/posts\/34314","targetHints":{"allow":["GET"]}}],"collection":[{"href":"https:\/\/www.inmsol.com\/es\/wp-json\/wp\/v2\/posts"}],"about":[{"href":"https:\/\/www.inmsol.com\/es\/wp-json\/wp\/v2\/types\/post"}],"author":[{"embeddable":true,"href":"https:\/\/www.inmsol.com\/es\/wp-json\/wp\/v2\/users\/2"}],"replies":[{"embeddable":true,"href":"https:\/\/www.inmsol.com\/es\/wp-json\/wp\/v2\/comments?post=34314"}],"version-history":[{"count":0,"href":"https:\/\/www.inmsol.com\/es\/wp-json\/wp\/v2\/posts\/34314\/revisions"}],"wp:featuredmedia":[{"embeddable":true,"href":"https:\/\/www.inmsol.com\/es\/wp-json\/wp\/v2\/media\/34323"}],"wp:attachment":[{"href":"https:\/\/www.inmsol.com\/es\/wp-json\/wp\/v2\/media?parent=34314"}],"wp:term":[{"taxonomy":"category","embeddable":true,"href":"https:\/\/www.inmsol.com\/es\/wp-json\/wp\/v2\/categories?post=34314"},{"taxonomy":"post_tag","embeddable":true,"href":"https:\/\/www.inmsol.com\/es\/wp-json\/wp\/v2\/tags?post=34314"}],"curies":[{"name":"wp","href":"https:\/\/api.w.org\/{rel}","templated":true}]}}