{"id":34391,"date":"2018-02-08T09:47:45","date_gmt":"2018-02-08T08:47:45","guid":{"rendered":"https:\/\/www.inmsol.com\/blog-escuela\/granada-acoge-la-presentacion-de-palabra-de-lorca\/"},"modified":"2018-02-08T13:24:38","modified_gmt":"2018-02-08T12:24:38","slug":"granada-acoge-la-presentacion-de-palabra-de-lorca","status":"publish","type":"post","link":"https:\/\/www.inmsol.com\/es\/blog-escuela\/eventos-granada\/granada-acoge-la-presentacion-de-palabra-de-lorca\/","title":{"rendered":"Granada acoge la presentaci\u00f3n de Palabra de Lorca"},"content":{"rendered":"<p>Hoy, martes 6 de febrero a partir de las 20:00, la Biblioteca de Andaluc\u00eda presentar\u00e1 \u201cPalabra de Lorca\u201d, un volumen de Malpaso en el que se recogen todas las entrevistas, un tercio de ellas in\u00e9ditas, concedidas a la prensa por el poeta granadino Federico Garc\u00eda Lorca.<\/p>\n<p>En el acto, organizado por la editorial barcelonesa en colaboraci\u00f3n con el Centro Andaluz de las Letras, participar\u00e1n el editor del libro, Rafael Inglada; el periodista experto lorquiano, V\u00edctor Fern\u00e1ndez y el cantaor Miguel Poveda.<\/p>\n<h3>\u201cLa presentaci\u00f3n se convertir\u00e1 en una mesa redonda en la que espero que participe toda la gente que acuda\u201d afirma Inglada.<\/h3>\n<div id=\"attachment_34385\" style=\"width: 470px\" class=\"wp-caption alignnone\"><img fetchpriority=\"high\" decoding=\"async\" aria-describedby=\"caption-attachment-34385\" class=\"size-medium wp-image-34385\" src=\"https:\/\/www.inmsol.com\/wp-content\/uploads\/2018\/02\/autor-bernarda-alba-fotografia-archivo_1216088454_80554386_667x375-1-460x259.jpg\" alt=\"Lorca\" width=\"460\" height=\"259\" srcset=\"https:\/\/www.inmsol.com\/wp-content\/uploads\/2018\/02\/autor-bernarda-alba-fotografia-archivo_1216088454_80554386_667x375-1-460x259.jpg 460w, https:\/\/www.inmsol.com\/wp-content\/uploads\/2018\/02\/autor-bernarda-alba-fotografia-archivo_1216088454_80554386_667x375-1-64x36.jpg 64w, https:\/\/www.inmsol.com\/wp-content\/uploads\/2018\/02\/autor-bernarda-alba-fotografia-archivo_1216088454_80554386_667x375-1-600x337.jpg 600w, https:\/\/www.inmsol.com\/wp-content\/uploads\/2018\/02\/autor-bernarda-alba-fotografia-archivo_1216088454_80554386_667x375-1-250x141.jpg 250w, https:\/\/www.inmsol.com\/wp-content\/uploads\/2018\/02\/autor-bernarda-alba-fotografia-archivo_1216088454_80554386_667x375-1.jpg 667w\" sizes=\"(max-width: 460px) 100vw, 460px\" \/><p id=\"caption-attachment-34385\" class=\"wp-caption-text\">Lorca<\/p><\/div>\n<p><strong>Palabra de Lorca <\/strong>es un \u201clibro in\u00e9dito del propio poeta\u201d, no es un estudio sobre el dramaturgo sino la voz del propio Lorca hablando con los periodistas. Muestra el Lorca pol\u00edtico, el Lorca familiar, el Lorca de los estrenos, el Lorca con el Romancero gitano. Se le presenta al lector un Lorca m\u00e1s cercano y casero, en zapatillas y bata, pero tambi\u00e9n el Lorca m\u00e1s precavido. De hecho este libro se define como una \u201cautobiograf\u00eda del Lorca p\u00fablico, pero no del privado, porque no dejan de ser entrevistas hechas para ser publicadas en prensa\u201d.<\/p>\n<p>El poeta hace tambi\u00e9n hincapi\u00e9 en las que son algunas de las mejores frases del volumen: \u201cLo normal es el amor sin l\u00edmites. Porque el amor es m\u00e1s y mejor que la moral de un dogma\u201d.<\/p>\n<p>Si te encuentras en <a href=\"https:\/\/www.inmsol.com\/es\/granada\/\" target=\"_blank\" rel=\"noopener\">Granada<\/a> y est\u00e1s <a href=\"https:\/\/www.inmsol.com\/es\/cursos-espanol-espana\/granada\/\" target=\"_blank\" rel=\"noopener\">estudiando<\/a> en <a href=\"https:\/\/www.inmsol.com\/it\/\" target=\"_blank\" rel=\"noopener\">nuestra escuela<\/a>, no te puedes perder esta ocasi\u00f3n para descubrir algo sobre uno de los poetas m\u00e1s c\u00e9lebres de nuestra ciudad.<\/p>\n","protected":false},"excerpt":{"rendered":"<p>Presentaci\u00f3n de Palabra de Lorca en la Biblioteca de Andaluc\u00eda de Granada. Un libro que recoge todas las entrevistas del famoso poeta Federico Garc\u00eda Lorca. <\/p>\n","protected":false},"author":3,"featured_media":34385,"comment_status":"closed","ping_status":"closed","sticky":false,"template":"","format":"standard","meta":{"_acf_changed":false,"footnotes":""},"categories":[80],"tags":[],"class_list":["post-34391","post","type-post","status-publish","format-standard","has-post-thumbnail","hentry","category-eventos-granada"],"acf":[],"yoast_head":"<!-- This site is optimized with the Yoast SEO plugin v27.4 - https:\/\/yoast.com\/product\/yoast-seo-wordpress\/ -->\n<title>Granada acoge la presentaci\u00f3n de Palabra de Lorca - Lengua espa\u00f1ola<\/title>\n<meta name=\"description\" content=\"Presentaci\u00f3n de Palabra de Lorca, un libro que recoge todas las entrevistas del famoso poeta granadino Federico Garc\u00eda Lorca.\" \/>\n<meta name=\"robots\" content=\"index, follow, max-snippet:-1, max-image-preview:large, max-video-preview:-1\" \/>\n<link rel=\"canonical\" href=\"https:\/\/www.inmsol.com\/es\/blog-escuela\/eventos-granada\/granada-acoge-la-presentacion-de-palabra-de-lorca\/\" \/>\n<meta property=\"og:locale\" content=\"es_ES\" \/>\n<meta property=\"og:type\" content=\"article\" \/>\n<meta property=\"og:title\" content=\"Granada acoge la presentaci\u00f3n de Palabra de Lorca - Lengua espa\u00f1ola\" \/>\n<meta property=\"og:description\" content=\"Presentaci\u00f3n de Palabra de Lorca, un libro que recoge todas las entrevistas del famoso poeta granadino Federico Garc\u00eda Lorca.\" \/>\n<meta property=\"og:url\" content=\"https:\/\/www.inmsol.com\/es\/blog-escuela\/eventos-granada\/granada-acoge-la-presentacion-de-palabra-de-lorca\/\" \/>\n<meta property=\"og:site_name\" content=\"iNMSOL\" \/>\n<meta property=\"article:publisher\" content=\"https:\/\/www.facebook.com\/spanishcourses\" \/>\n<meta property=\"article:published_time\" content=\"2018-02-08T08:47:45+00:00\" \/>\n<meta property=\"article:modified_time\" content=\"2018-02-08T12:24:38+00:00\" \/>\n<meta property=\"og:image\" content=\"https:\/\/www.inmsol.com\/wp-content\/uploads\/2018\/02\/autor-bernarda-alba-fotografia-archivo_1216088454_80554386_667x375-1.jpg\" \/>\n\t<meta property=\"og:image:width\" content=\"667\" \/>\n\t<meta property=\"og:image:height\" content=\"375\" \/>\n\t<meta property=\"og:image:type\" content=\"image\/jpeg\" \/>\n<meta name=\"author\" content=\"- Instituto Mediterr\u00e1neo Sol\" \/>\n<meta name=\"twitter:label1\" content=\"Escrito por\" \/>\n\t<meta name=\"twitter:data1\" content=\"- Instituto Mediterr\u00e1neo Sol\" \/>\n\t<meta name=\"twitter:label2\" content=\"Tiempo de lectura\" \/>\n\t<meta name=\"twitter:data2\" content=\"1 minuto\" \/>\n<script type=\"application\/ld+json\" class=\"yoast-schema-graph\">{\"@context\":\"https:\\\/\\\/schema.org\",\"@graph\":[{\"@type\":\"Article\",\"@id\":\"https:\\\/\\\/www.inmsol.com\\\/es\\\/blog-escuela\\\/eventos-granada\\\/granada-acoge-la-presentacion-de-palabra-de-lorca\\\/#article\",\"isPartOf\":{\"@id\":\"https:\\\/\\\/www.inmsol.com\\\/es\\\/blog-escuela\\\/eventos-granada\\\/granada-acoge-la-presentacion-de-palabra-de-lorca\\\/\"},\"author\":{\"name\":\"- Instituto Mediterr\u00e1neo Sol\",\"@id\":\"https:\\\/\\\/www.inmsol.com\\\/es\\\/#\\\/schema\\\/person\\\/94a7a01d14a56d1fbc49c841ffc57fe9\"},\"headline\":\"Granada acoge la presentaci\u00f3n de Palabra de Lorca\",\"datePublished\":\"2018-02-08T08:47:45+00:00\",\"dateModified\":\"2018-02-08T12:24:38+00:00\",\"mainEntityOfPage\":{\"@id\":\"https:\\\/\\\/www.inmsol.com\\\/es\\\/blog-escuela\\\/eventos-granada\\\/granada-acoge-la-presentacion-de-palabra-de-lorca\\\/\"},\"wordCount\":299,\"publisher\":{\"@id\":\"https:\\\/\\\/www.inmsol.com\\\/es\\\/#organization\"},\"image\":{\"@id\":\"https:\\\/\\\/www.inmsol.com\\\/es\\\/blog-escuela\\\/eventos-granada\\\/granada-acoge-la-presentacion-de-palabra-de-lorca\\\/#primaryimage\"},\"thumbnailUrl\":\"https:\\\/\\\/www.inmsol.com\\\/wp-content\\\/uploads\\\/2018\\\/02\\\/autor-bernarda-alba-fotografia-archivo_1216088454_80554386_667x375-1.jpg\",\"articleSection\":[\"Eventos en Granada\"],\"inLanguage\":\"es\"},{\"@type\":\"WebPage\",\"@id\":\"https:\\\/\\\/www.inmsol.com\\\/es\\\/blog-escuela\\\/eventos-granada\\\/granada-acoge-la-presentacion-de-palabra-de-lorca\\\/\",\"url\":\"https:\\\/\\\/www.inmsol.com\\\/es\\\/blog-escuela\\\/eventos-granada\\\/granada-acoge-la-presentacion-de-palabra-de-lorca\\\/\",\"name\":\"Granada acoge la presentaci\u00f3n de Palabra de Lorca - Lengua espa\u00f1ola\",\"isPartOf\":{\"@id\":\"https:\\\/\\\/www.inmsol.com\\\/es\\\/#website\"},\"primaryImageOfPage\":{\"@id\":\"https:\\\/\\\/www.inmsol.com\\\/es\\\/blog-escuela\\\/eventos-granada\\\/granada-acoge-la-presentacion-de-palabra-de-lorca\\\/#primaryimage\"},\"image\":{\"@id\":\"https:\\\/\\\/www.inmsol.com\\\/es\\\/blog-escuela\\\/eventos-granada\\\/granada-acoge-la-presentacion-de-palabra-de-lorca\\\/#primaryimage\"},\"thumbnailUrl\":\"https:\\\/\\\/www.inmsol.com\\\/wp-content\\\/uploads\\\/2018\\\/02\\\/autor-bernarda-alba-fotografia-archivo_1216088454_80554386_667x375-1.jpg\",\"datePublished\":\"2018-02-08T08:47:45+00:00\",\"dateModified\":\"2018-02-08T12:24:38+00:00\",\"description\":\"Presentaci\u00f3n de Palabra de Lorca, un libro que recoge todas las entrevistas del famoso poeta granadino Federico Garc\u00eda Lorca.\",\"breadcrumb\":{\"@id\":\"https:\\\/\\\/www.inmsol.com\\\/es\\\/blog-escuela\\\/eventos-granada\\\/granada-acoge-la-presentacion-de-palabra-de-lorca\\\/#breadcrumb\"},\"inLanguage\":\"es\",\"potentialAction\":[{\"@type\":\"ReadAction\",\"target\":[\"https:\\\/\\\/www.inmsol.com\\\/es\\\/blog-escuela\\\/eventos-granada\\\/granada-acoge-la-presentacion-de-palabra-de-lorca\\\/\"]}]},{\"@type\":\"ImageObject\",\"inLanguage\":\"es\",\"@id\":\"https:\\\/\\\/www.inmsol.com\\\/es\\\/blog-escuela\\\/eventos-granada\\\/granada-acoge-la-presentacion-de-palabra-de-lorca\\\/#primaryimage\",\"url\":\"https:\\\/\\\/www.inmsol.com\\\/wp-content\\\/uploads\\\/2018\\\/02\\\/autor-bernarda-alba-fotografia-archivo_1216088454_80554386_667x375-1.jpg\",\"contentUrl\":\"https:\\\/\\\/www.inmsol.com\\\/wp-content\\\/uploads\\\/2018\\\/02\\\/autor-bernarda-alba-fotografia-archivo_1216088454_80554386_667x375-1.jpg\",\"width\":667,\"height\":375,\"caption\":\"Lorca\"},{\"@type\":\"BreadcrumbList\",\"@id\":\"https:\\\/\\\/www.inmsol.com\\\/es\\\/blog-escuela\\\/eventos-granada\\\/granada-acoge-la-presentacion-de-palabra-de-lorca\\\/#breadcrumb\",\"itemListElement\":[{\"@type\":\"ListItem\",\"position\":1,\"name\":\"Accredited Center by Instituto Cervantes\",\"item\":\"https:\\\/\\\/www.inmsol.com\\\/es\\\/pagina-ejemplo\\\/\"},{\"@type\":\"ListItem\",\"position\":2,\"name\":\"Blog Escuela Espa\u00f1ol\",\"item\":\"https:\\\/\\\/www.inmsol.com\\\/es\\\/category\\\/blog-escuela\\\/\"},{\"@type\":\"ListItem\",\"position\":3,\"name\":\"Eventos en Granada\",\"item\":\"https:\\\/\\\/www.inmsol.com\\\/es\\\/category\\\/blog-escuela\\\/eventos-granada\\\/\"},{\"@type\":\"ListItem\",\"position\":4,\"name\":\"Granada acoge la presentaci\u00f3n de Palabra de Lorca\"}]},{\"@type\":\"WebSite\",\"@id\":\"https:\\\/\\\/www.inmsol.com\\\/es\\\/#website\",\"url\":\"https:\\\/\\\/www.inmsol.com\\\/es\\\/\",\"name\":\"iNMSOL\",\"description\":\"Aprenda Espa\u00f1ol con iNMSOL en Granada | Centro Acreditado por el Instituto Cervantes\",\"publisher\":{\"@id\":\"https:\\\/\\\/www.inmsol.com\\\/es\\\/#organization\"},\"potentialAction\":[{\"@type\":\"SearchAction\",\"target\":{\"@type\":\"EntryPoint\",\"urlTemplate\":\"https:\\\/\\\/www.inmsol.com\\\/es\\\/?s={search_term_string}\"},\"query-input\":{\"@type\":\"PropertyValueSpecification\",\"valueRequired\":true,\"valueName\":\"search_term_string\"}}],\"inLanguage\":\"es\"},{\"@type\":\"Organization\",\"@id\":\"https:\\\/\\\/www.inmsol.com\\\/es\\\/#organization\",\"name\":\"Instituto Mediterr\u00e1neo Sol\",\"url\":\"https:\\\/\\\/www.inmsol.com\\\/es\\\/\",\"logo\":{\"@type\":\"ImageObject\",\"inLanguage\":\"es\",\"@id\":\"https:\\\/\\\/www.inmsol.com\\\/es\\\/#\\\/schema\\\/logo\\\/image\\\/\",\"url\":\"https:\\\/\\\/www.inmsol.com\\\/wp-content\\\/uploads\\\/2023\\\/06\\\/logo-inmsol-1.png\",\"contentUrl\":\"https:\\\/\\\/www.inmsol.com\\\/wp-content\\\/uploads\\\/2023\\\/06\\\/logo-inmsol-1.png\",\"width\":136,\"height\":73,\"caption\":\"Instituto Mediterr\u00e1neo Sol\"},\"image\":{\"@id\":\"https:\\\/\\\/www.inmsol.com\\\/es\\\/#\\\/schema\\\/logo\\\/image\\\/\"},\"sameAs\":[\"https:\\\/\\\/www.facebook.com\\\/spanishcourses\",\"https:\\\/\\\/x.com\\\/StudyInGranada\",\"http:\\\/\\\/instagram.com\\\/imsolgranada\",\"https:\\\/\\\/es.linkedin.com\\\/company\\\/imsol-granada\",\"https:\\\/\\\/www.pinterest.es\\\/inmsol\\\/\",\"https:\\\/\\\/www.youtube.com\\\/channel\\\/UChz-Qn_7coFMosY85iYMO4g\"]},{\"@type\":\"Person\",\"@id\":\"https:\\\/\\\/www.inmsol.com\\\/es\\\/#\\\/schema\\\/person\\\/94a7a01d14a56d1fbc49c841ffc57fe9\",\"name\":\"- Instituto Mediterr\u00e1neo Sol\",\"image\":{\"@type\":\"ImageObject\",\"inLanguage\":\"es\",\"@id\":\"https:\\\/\\\/secure.gravatar.com\\\/avatar\\\/5607fdabdf1b548b6095cc3d43079829bc1497403e70dd34004e7204a8fef62b?s=96&d=mm&r=g\",\"url\":\"https:\\\/\\\/secure.gravatar.com\\\/avatar\\\/5607fdabdf1b548b6095cc3d43079829bc1497403e70dd34004e7204a8fef62b?s=96&d=mm&r=g\",\"contentUrl\":\"https:\\\/\\\/secure.gravatar.com\\\/avatar\\\/5607fdabdf1b548b6095cc3d43079829bc1497403e70dd34004e7204a8fef62b?s=96&d=mm&r=g\",\"caption\":\"- Instituto Mediterr\u00e1neo Sol\"},\"url\":\"https:\\\/\\\/www.inmsol.com\\\/es\\\/author\\\/laura\\\/\"}]}<\/script>\n<!-- \/ Yoast SEO plugin. -->","yoast_head_json":{"title":"Granada acoge la presentaci\u00f3n de Palabra de Lorca - Lengua espa\u00f1ola","description":"Presentaci\u00f3n de Palabra de Lorca, un libro que recoge todas las entrevistas del famoso poeta granadino Federico Garc\u00eda Lorca.","robots":{"index":"index","follow":"follow","max-snippet":"max-snippet:-1","max-image-preview":"max-image-preview:large","max-video-preview":"max-video-preview:-1"},"canonical":"https:\/\/www.inmsol.com\/es\/blog-escuela\/eventos-granada\/granada-acoge-la-presentacion-de-palabra-de-lorca\/","og_locale":"es_ES","og_type":"article","og_title":"Granada acoge la presentaci\u00f3n de Palabra de Lorca - Lengua espa\u00f1ola","og_description":"Presentaci\u00f3n de Palabra de Lorca, un libro que recoge todas las entrevistas del famoso poeta granadino Federico Garc\u00eda Lorca.","og_url":"https:\/\/www.inmsol.com\/es\/blog-escuela\/eventos-granada\/granada-acoge-la-presentacion-de-palabra-de-lorca\/","og_site_name":"iNMSOL","article_publisher":"https:\/\/www.facebook.com\/spanishcourses","article_published_time":"2018-02-08T08:47:45+00:00","article_modified_time":"2018-02-08T12:24:38+00:00","og_image":[{"width":667,"height":375,"url":"https:\/\/www.inmsol.com\/wp-content\/uploads\/2018\/02\/autor-bernarda-alba-fotografia-archivo_1216088454_80554386_667x375-1.jpg","type":"image\/jpeg"}],"author":"- Instituto Mediterr\u00e1neo Sol","twitter_misc":{"Escrito por":"- Instituto Mediterr\u00e1neo Sol","Tiempo de lectura":"1 minuto"},"schema":{"@context":"https:\/\/schema.org","@graph":[{"@type":"Article","@id":"https:\/\/www.inmsol.com\/es\/blog-escuela\/eventos-granada\/granada-acoge-la-presentacion-de-palabra-de-lorca\/#article","isPartOf":{"@id":"https:\/\/www.inmsol.com\/es\/blog-escuela\/eventos-granada\/granada-acoge-la-presentacion-de-palabra-de-lorca\/"},"author":{"name":"- Instituto Mediterr\u00e1neo Sol","@id":"https:\/\/www.inmsol.com\/es\/#\/schema\/person\/94a7a01d14a56d1fbc49c841ffc57fe9"},"headline":"Granada acoge la presentaci\u00f3n de Palabra de Lorca","datePublished":"2018-02-08T08:47:45+00:00","dateModified":"2018-02-08T12:24:38+00:00","mainEntityOfPage":{"@id":"https:\/\/www.inmsol.com\/es\/blog-escuela\/eventos-granada\/granada-acoge-la-presentacion-de-palabra-de-lorca\/"},"wordCount":299,"publisher":{"@id":"https:\/\/www.inmsol.com\/es\/#organization"},"image":{"@id":"https:\/\/www.inmsol.com\/es\/blog-escuela\/eventos-granada\/granada-acoge-la-presentacion-de-palabra-de-lorca\/#primaryimage"},"thumbnailUrl":"https:\/\/www.inmsol.com\/wp-content\/uploads\/2018\/02\/autor-bernarda-alba-fotografia-archivo_1216088454_80554386_667x375-1.jpg","articleSection":["Eventos en Granada"],"inLanguage":"es"},{"@type":"WebPage","@id":"https:\/\/www.inmsol.com\/es\/blog-escuela\/eventos-granada\/granada-acoge-la-presentacion-de-palabra-de-lorca\/","url":"https:\/\/www.inmsol.com\/es\/blog-escuela\/eventos-granada\/granada-acoge-la-presentacion-de-palabra-de-lorca\/","name":"Granada acoge la presentaci\u00f3n de Palabra de Lorca - Lengua espa\u00f1ola","isPartOf":{"@id":"https:\/\/www.inmsol.com\/es\/#website"},"primaryImageOfPage":{"@id":"https:\/\/www.inmsol.com\/es\/blog-escuela\/eventos-granada\/granada-acoge-la-presentacion-de-palabra-de-lorca\/#primaryimage"},"image":{"@id":"https:\/\/www.inmsol.com\/es\/blog-escuela\/eventos-granada\/granada-acoge-la-presentacion-de-palabra-de-lorca\/#primaryimage"},"thumbnailUrl":"https:\/\/www.inmsol.com\/wp-content\/uploads\/2018\/02\/autor-bernarda-alba-fotografia-archivo_1216088454_80554386_667x375-1.jpg","datePublished":"2018-02-08T08:47:45+00:00","dateModified":"2018-02-08T12:24:38+00:00","description":"Presentaci\u00f3n de Palabra de Lorca, un libro que recoge todas las entrevistas del famoso poeta granadino Federico Garc\u00eda Lorca.","breadcrumb":{"@id":"https:\/\/www.inmsol.com\/es\/blog-escuela\/eventos-granada\/granada-acoge-la-presentacion-de-palabra-de-lorca\/#breadcrumb"},"inLanguage":"es","potentialAction":[{"@type":"ReadAction","target":["https:\/\/www.inmsol.com\/es\/blog-escuela\/eventos-granada\/granada-acoge-la-presentacion-de-palabra-de-lorca\/"]}]},{"@type":"ImageObject","inLanguage":"es","@id":"https:\/\/www.inmsol.com\/es\/blog-escuela\/eventos-granada\/granada-acoge-la-presentacion-de-palabra-de-lorca\/#primaryimage","url":"https:\/\/www.inmsol.com\/wp-content\/uploads\/2018\/02\/autor-bernarda-alba-fotografia-archivo_1216088454_80554386_667x375-1.jpg","contentUrl":"https:\/\/www.inmsol.com\/wp-content\/uploads\/2018\/02\/autor-bernarda-alba-fotografia-archivo_1216088454_80554386_667x375-1.jpg","width":667,"height":375,"caption":"Lorca"},{"@type":"BreadcrumbList","@id":"https:\/\/www.inmsol.com\/es\/blog-escuela\/eventos-granada\/granada-acoge-la-presentacion-de-palabra-de-lorca\/#breadcrumb","itemListElement":[{"@type":"ListItem","position":1,"name":"Accredited Center by Instituto Cervantes","item":"https:\/\/www.inmsol.com\/es\/pagina-ejemplo\/"},{"@type":"ListItem","position":2,"name":"Blog Escuela Espa\u00f1ol","item":"https:\/\/www.inmsol.com\/es\/category\/blog-escuela\/"},{"@type":"ListItem","position":3,"name":"Eventos en Granada","item":"https:\/\/www.inmsol.com\/es\/category\/blog-escuela\/eventos-granada\/"},{"@type":"ListItem","position":4,"name":"Granada acoge la presentaci\u00f3n de Palabra de Lorca"}]},{"@type":"WebSite","@id":"https:\/\/www.inmsol.com\/es\/#website","url":"https:\/\/www.inmsol.com\/es\/","name":"iNMSOL","description":"Aprenda Espa\u00f1ol con iNMSOL en Granada | Centro Acreditado por el Instituto Cervantes","publisher":{"@id":"https:\/\/www.inmsol.com\/es\/#organization"},"potentialAction":[{"@type":"SearchAction","target":{"@type":"EntryPoint","urlTemplate":"https:\/\/www.inmsol.com\/es\/?s={search_term_string}"},"query-input":{"@type":"PropertyValueSpecification","valueRequired":true,"valueName":"search_term_string"}}],"inLanguage":"es"},{"@type":"Organization","@id":"https:\/\/www.inmsol.com\/es\/#organization","name":"Instituto Mediterr\u00e1neo Sol","url":"https:\/\/www.inmsol.com\/es\/","logo":{"@type":"ImageObject","inLanguage":"es","@id":"https:\/\/www.inmsol.com\/es\/#\/schema\/logo\/image\/","url":"https:\/\/www.inmsol.com\/wp-content\/uploads\/2023\/06\/logo-inmsol-1.png","contentUrl":"https:\/\/www.inmsol.com\/wp-content\/uploads\/2023\/06\/logo-inmsol-1.png","width":136,"height":73,"caption":"Instituto Mediterr\u00e1neo Sol"},"image":{"@id":"https:\/\/www.inmsol.com\/es\/#\/schema\/logo\/image\/"},"sameAs":["https:\/\/www.facebook.com\/spanishcourses","https:\/\/x.com\/StudyInGranada","http:\/\/instagram.com\/imsolgranada","https:\/\/es.linkedin.com\/company\/imsol-granada","https:\/\/www.pinterest.es\/inmsol\/","https:\/\/www.youtube.com\/channel\/UChz-Qn_7coFMosY85iYMO4g"]},{"@type":"Person","@id":"https:\/\/www.inmsol.com\/es\/#\/schema\/person\/94a7a01d14a56d1fbc49c841ffc57fe9","name":"- Instituto Mediterr\u00e1neo Sol","image":{"@type":"ImageObject","inLanguage":"es","@id":"https:\/\/secure.gravatar.com\/avatar\/5607fdabdf1b548b6095cc3d43079829bc1497403e70dd34004e7204a8fef62b?s=96&d=mm&r=g","url":"https:\/\/secure.gravatar.com\/avatar\/5607fdabdf1b548b6095cc3d43079829bc1497403e70dd34004e7204a8fef62b?s=96&d=mm&r=g","contentUrl":"https:\/\/secure.gravatar.com\/avatar\/5607fdabdf1b548b6095cc3d43079829bc1497403e70dd34004e7204a8fef62b?s=96&d=mm&r=g","caption":"- Instituto Mediterr\u00e1neo Sol"},"url":"https:\/\/www.inmsol.com\/es\/author\/laura\/"}]}},"_links":{"self":[{"href":"https:\/\/www.inmsol.com\/es\/wp-json\/wp\/v2\/posts\/34391","targetHints":{"allow":["GET"]}}],"collection":[{"href":"https:\/\/www.inmsol.com\/es\/wp-json\/wp\/v2\/posts"}],"about":[{"href":"https:\/\/www.inmsol.com\/es\/wp-json\/wp\/v2\/types\/post"}],"author":[{"embeddable":true,"href":"https:\/\/www.inmsol.com\/es\/wp-json\/wp\/v2\/users\/3"}],"replies":[{"embeddable":true,"href":"https:\/\/www.inmsol.com\/es\/wp-json\/wp\/v2\/comments?post=34391"}],"version-history":[{"count":0,"href":"https:\/\/www.inmsol.com\/es\/wp-json\/wp\/v2\/posts\/34391\/revisions"}],"wp:featuredmedia":[{"embeddable":true,"href":"https:\/\/www.inmsol.com\/es\/wp-json\/wp\/v2\/media\/34385"}],"wp:attachment":[{"href":"https:\/\/www.inmsol.com\/es\/wp-json\/wp\/v2\/media?parent=34391"}],"wp:term":[{"taxonomy":"category","embeddable":true,"href":"https:\/\/www.inmsol.com\/es\/wp-json\/wp\/v2\/categories?post=34391"},{"taxonomy":"post_tag","embeddable":true,"href":"https:\/\/www.inmsol.com\/es\/wp-json\/wp\/v2\/tags?post=34391"}],"curies":[{"name":"wp","href":"https:\/\/api.w.org\/{rel}","templated":true}]}}