{"id":352,"date":"2010-08-03T17:26:08","date_gmt":"2010-08-03T15:26:08","guid":{"rendered":"https:\/\/www.inmsol.com\/"},"modified":"2019-05-02T09:41:54","modified_gmt":"2019-05-02T07:41:54","slug":"comunidades-autonomas-espanolas","status":"publish","type":"post","link":"https:\/\/www.inmsol.com\/es\/blog-escuela\/cultura-literatura-historia-espana-es\/comunidades-autonomas-espanolas\/","title":{"rendered":"Comunidades autonomas espa\u00f1olas"},"content":{"rendered":"<p>Una comunidad aut\u00f3noma es una entidad territorial que, dentro del ordenamiento constitucional de Espa\u00f1a, est\u00e1 dotada de autonom\u00eda legislativa y competencias ejecutivas, as\u00ed como de la facultad de administrarse mediante sus propios representantes.<\/p>\n<p><!--break--><\/p>\n<p>La estructura de Espa\u00f1a en comunidades aut\u00f3nomas se recoge en la Constituci\u00f3n Espa\u00f1ola de 1978. El art\u00edculo 2 reconoce y garantiza el derecho a la autonom\u00eda de las nacionalidades y regiones que componen el Estado. El texto de la Constituci\u00f3n establece los poderes que pueden ser asumidos por las comunidades aut\u00f3nomas y aquellos que s\u00f3lo se le pueden atribuir al Estado.<\/p>\n<p>La divisi\u00f3n pol\u00edtica y administrativa de Espa\u00f1a tiene la forma de diecisiete comunidades aut\u00f3nomas, adem\u00e1s de Ceuta y Melilla, cuyos estatutos de autonom\u00eda les otorgan el rango de ciudades aut\u00f3nomas. Pese a que Navarra se constituye como comunidad foral, entendiendo que su actual autogobierno emana de la Ley Paccionada de 1841 y del amparo a los derechos hist\u00f3ricos consagrada por la Constituci\u00f3n, a efectos pr\u00e1cticos la jurisprudencia del Tribunal Constitucional ha equiparado el estatus de Navarra al del resto de comunidades aut\u00f3nomas.<\/p>\n<p>La promulgaci\u00f3n de la Constituci\u00f3n Espa\u00f1ola de 1978, que recoge el derecho de autonom\u00eda de las nacionalidades y regiones que forman el Estado, supuso un cambio de 180 grados con respecto al r\u00e9gimen anterior, que se basaba en planes centralizados tradicionales. Esto daba respuesta a un problema que hab\u00eda surgido repetidamente en la historia de Espa\u00f1a como resultado de las diferentes identidades sobre las que se ha construido la unidad de Espa\u00f1a.<\/p>\n<p>Tras la ratificaci\u00f3n de la Constituci\u00f3n, y como resultado de la implementaci\u00f3n de los principios contenidos en el T\u00edtulo VIII, en el curso de unos pocos a\u00f1os se ha completado el proceso de instauraci\u00f3n de las 8 comunidades aut\u00f3nomas y han sido aprobados sus Estatutos de autonom\u00eda. Han sido tambi\u00e9n dotadas de su propio \u00f3rgano de gobierno e instituciones representativas. A destacar que el proceso que ofrece la Constituci\u00f3n Espa\u00f1ola, no obliga a las regiones, sino que es, en general, un derecho para ellas.<\/p>\n<p>El 31 de julio de 1981, Leopoldo Calvo-Sotelo, presidente del Gobierno, y Felipe Gonz\u00e1lez, l\u00edder de la oposici\u00f3n, acuerdan los primeros Pactos Auton\u00f3micos (en 1992 se actualiz\u00f3 con el Segundo Pacto Auton\u00f3mico, firmado entre el entonces presidente, Felipe Gonz\u00e1lez, y el l\u00edder de la oposici\u00f3n, Jos\u00e9 Mar\u00eda Aznar), que prev\u00e9n un mapa de 17 autonom\u00edas \u2014con las mismas instituciones pero con distintas competencias\u2014 y dos ciudades aut\u00f3nomas, Ceuta y Melilla; fruto de estos acuerdos en 1995 se dar\u00e1 por cerrado el mapa de las autonom\u00edas a nuevas remodelaciones o ampliaciones.<\/p>\n<p>Desde 2003 y para fines estad\u00edsticos, basadas en las normativas europeas y fijadas por la Eurostat, se encuentran las unidades NUTS en vigor en la Uni\u00f3n Europea. Las 17 comunidades aut\u00f3nomas espa\u00f1olas se encuentran clasificadas en los niveles NUTS-2.<\/p>\n<p><strong>Precedentes<\/strong><\/p>\n<p>No existen precedentes de comunidades aut\u00f3nomas en otros ordenamientos jur\u00eddicos, siendo por tanto una f\u00f3rmula jur\u00eddica novedosa, si bien ya en la organizaci\u00f3n administrativa de la Segunda Rep\u00fablica Espa\u00f1ola se introduce su figura (aprobaci\u00f3n de las autonom\u00edas de Catalu\u00f1a en 1932, Pa\u00eds Vasco en 1936 y Galicia en 1938, as\u00ed como numerosos proyectos de estatuto para otras regiones). Pese a ello el sistema actual de autonom\u00edas se inspir\u00f3 en otras legislaciones, como son las regiones aut\u00f3nomas italianas y los L\u00e4nder alemanes. El nombre comunidad est\u00e1 hist\u00f3ricamente relacionado con el nombre escogido por los comuneros para la organizaci\u00f3n territorial de Castilla durante la guerra de las Comunidades de Castilla del siglo XVI.<\/p>\n<p>El sistema de comunidades aut\u00f3nomas es fruto de una intensa negociaci\u00f3n en la \u00e9poca de la Transici\u00f3n Espa\u00f1ola, entre los partidos que quer\u00edan el centralismo, y los que buscaban un Estado federal.<\/p>\n<p>La Constituci\u00f3n Espa\u00f1ola de 1931 introdujo como novedad el estado regional, llevado a la pr\u00e1ctica con \u00e9xito por Reino Unido, B\u00e9lgica o Italia. La Constituci\u00f3n espa\u00f1ola de 1978, que retoma ese proceso para evitar el federalismo, establece dos categor\u00edas de autonom\u00edas (seg\u00fan el art\u00edculo 151 o el art\u00edculo 152), autonom\u00edas plenas con aprobaci\u00f3n de su propio estatuto, (Pa\u00eds Vasco, Catalu\u00f1a, Galicia y Andaluc\u00eda) y el resto, a trav\u00e9s del art\u00edculo 143, que tienen un grado de asunci\u00f3n de competencias menor y con m\u00e1s descentralizaci\u00f3n administrativa que autogobierno. \u00c9sto hizo que se implantase la autonom\u00eda de forma forzada en regiones sin vocaci\u00f3n para ello, como fueron los casos de las provincias castellanas de Madrid, Cantabria y La Rioja.<\/p>\n<p>El caso es que en el T\u00edtulo VIII de la constituci\u00f3n de 1978 se establece la organizaci\u00f3n territorial del Estado en municipios, provincias y comunidades aut\u00f3nomas, con competencias para gestionar sus propios intereses.<\/p>\n<p>Debido al reconocimiento de la foralidad, Navarra no se constituye propiamente en comunidad aut\u00f3noma siendo su denominaci\u00f3n la de \u00abComunidad Foral\u00bb con ciertas especificidades, como por ejemplo el hecho de no disponer de Estatuto de Autonom\u00eda refrendado, como as\u00ed sucede en las comunidades aut\u00f3nomas que se rigen por sus respectivos estatutos de autonom\u00eda que tienen rango de ley estatal, siendo seg\u00fan el Tribunal Constitucional una CCAA.<\/p>\n<p>\u00a0<\/p>\n<p><strong>Organizaci\u00f3n b\u00e1sica de las comunidades aut\u00f3nomas<\/strong><\/p>\n<p>El art\u00edculo 152.1 de la Constituci\u00f3n establece la organizaci\u00f3n institucional b\u00e1sica de aquellas comunidades aut\u00f3nomas que accedieron a la autonom\u00eda por la denominada \u00abv\u00eda r\u00e1pida\u00bb, esto es, Pa\u00eds Vasco, Catalu\u00f1a, Galicia y Andaluc\u00eda. No obstante, dicha organizaci\u00f3n institucional b\u00e1sica ha sido la que, mediante sus respectivos Estatutos de Autonom\u00eda, han asumido todas las comunidades aut\u00f3nomas, con independencia de su v\u00eda de acceso a la autonom\u00eda pol\u00edtica.<\/p>\n<p>As\u00ed, en la actualidad, los \u00f3rganos b\u00e1sicos comunes a todas las comunidades aut\u00f3nomas son una Asamblea Legislativa, elegida por sufragio universal; un Consejo de Gobierno, con funciones ejecutivas; y un Presidente de la comunidad aut\u00f3noma, elegido por la Asamblea Legislativa de entre sus miembros, que ostenta la m\u00e1s alta representaci\u00f3n de la Comunidad.<\/p>\n<p>Fuente: <a href=\"https:\/\/www.wikipedia.org\/\">www.wikipedia.org<\/a><\/p>\n","protected":false},"excerpt":{"rendered":"<p>Una comunidad aut\u00f3noma es una entidad territorial que, dentro del ordenamiento constitucional de Espa\u00f1a, est\u00e1 dotada de autonom\u00eda legislativa y competencias ejecutivas, as\u00ed como de la facultad de administrarse mediante sus propios representantes. La estructura de Espa\u00f1a en comunidades aut\u00f3nomas se recoge en la Constituci\u00f3n&#8230;<\/p>\n","protected":false},"author":2,"featured_media":0,"comment_status":"closed","ping_status":"closed","sticky":false,"template":"","format":"standard","meta":{"_acf_changed":false,"footnotes":""},"categories":[83],"tags":[],"class_list":["post-352","post","type-post","status-publish","format-standard","hentry","category-cultura-literatura-historia-espana-es"],"acf":[],"yoast_head":"<!-- This site is optimized with the Yoast SEO plugin v27.5 - https:\/\/yoast.com\/product\/yoast-seo-wordpress\/ -->\n<title>Comunidades autonomas espa\u00f1olas | historia, rey, leyes, autonom\u00eda | INMSOL<\/title>\n<meta name=\"description\" content=\"historia de las comunidades aut\u00f3nomas espa\u00f1olas\" \/>\n<meta name=\"robots\" content=\"index, follow, max-snippet:-1, max-image-preview:large, max-video-preview:-1\" \/>\n<link rel=\"canonical\" href=\"https:\/\/www.inmsol.com\/es\/blog-escuela\/cultura-literatura-historia-espana-es\/comunidades-autonomas-espanolas\/\" \/>\n<meta property=\"og:locale\" content=\"es_ES\" \/>\n<meta property=\"og:type\" content=\"article\" \/>\n<meta property=\"og:title\" content=\"Comunidades autonomas espa\u00f1olas | historia, rey, leyes, autonom\u00eda | INMSOL\" \/>\n<meta property=\"og:description\" content=\"historia de las comunidades aut\u00f3nomas espa\u00f1olas\" \/>\n<meta property=\"og:url\" content=\"https:\/\/www.inmsol.com\/es\/blog-escuela\/cultura-literatura-historia-espana-es\/comunidades-autonomas-espanolas\/\" \/>\n<meta property=\"og:site_name\" content=\"iNMSOL\" \/>\n<meta property=\"article:publisher\" content=\"https:\/\/www.facebook.com\/spanishcourses\" \/>\n<meta property=\"article:published_time\" content=\"2010-08-03T15:26:08+00:00\" \/>\n<meta property=\"article:modified_time\" content=\"2019-05-02T07:41:54+00:00\" \/>\n<meta property=\"og:image\" content=\"https:\/\/www.inmsol.com\/wp-content\/uploads\/2019\/08\/logo-inmsol.png\" \/>\n\t<meta property=\"og:image:width\" content=\"320\" \/>\n\t<meta property=\"og:image:height\" content=\"154\" \/>\n\t<meta property=\"og:image:type\" content=\"image\/png\" \/>\n<meta name=\"author\" content=\"Javier Torres\" \/>\n<meta name=\"twitter:label1\" content=\"Escrito por\" \/>\n\t<meta name=\"twitter:data1\" content=\"Javier Torres\" \/>\n\t<meta name=\"twitter:label2\" content=\"Tiempo de lectura\" \/>\n\t<meta name=\"twitter:data2\" content=\"5 minutos\" \/>\n<script type=\"application\/ld+json\" class=\"yoast-schema-graph\">{\"@context\":\"https:\\\/\\\/schema.org\",\"@graph\":[{\"@type\":\"Article\",\"@id\":\"https:\\\/\\\/www.inmsol.com\\\/es\\\/blog-escuela\\\/cultura-literatura-historia-espana-es\\\/comunidades-autonomas-espanolas\\\/#article\",\"isPartOf\":{\"@id\":\"https:\\\/\\\/www.inmsol.com\\\/es\\\/blog-escuela\\\/cultura-literatura-historia-espana-es\\\/comunidades-autonomas-espanolas\\\/\"},\"author\":{\"name\":\"Javier Torres\",\"@id\":\"https:\\\/\\\/www.inmsol.com\\\/es\\\/#\\\/schema\\\/person\\\/18f18acd0397ef441e373e79ec3eb6ea\"},\"headline\":\"Comunidades autonomas espa\u00f1olas\",\"datePublished\":\"2010-08-03T15:26:08+00:00\",\"dateModified\":\"2019-05-02T07:41:54+00:00\",\"mainEntityOfPage\":{\"@id\":\"https:\\\/\\\/www.inmsol.com\\\/es\\\/blog-escuela\\\/cultura-literatura-historia-espana-es\\\/comunidades-autonomas-espanolas\\\/\"},\"wordCount\":1070,\"publisher\":{\"@id\":\"https:\\\/\\\/www.inmsol.com\\\/es\\\/#organization\"},\"articleSection\":[\"Cultura, Literatura e Historia de Espa\u00f1a e Hispanoam\u00e9rica\"],\"inLanguage\":\"es\"},{\"@type\":\"WebPage\",\"@id\":\"https:\\\/\\\/www.inmsol.com\\\/es\\\/blog-escuela\\\/cultura-literatura-historia-espana-es\\\/comunidades-autonomas-espanolas\\\/\",\"url\":\"https:\\\/\\\/www.inmsol.com\\\/es\\\/blog-escuela\\\/cultura-literatura-historia-espana-es\\\/comunidades-autonomas-espanolas\\\/\",\"name\":\"Comunidades autonomas espa\u00f1olas | historia, rey, leyes, autonom\u00eda | INMSOL\",\"isPartOf\":{\"@id\":\"https:\\\/\\\/www.inmsol.com\\\/es\\\/#website\"},\"datePublished\":\"2010-08-03T15:26:08+00:00\",\"dateModified\":\"2019-05-02T07:41:54+00:00\",\"description\":\"historia de las comunidades aut\u00f3nomas espa\u00f1olas\",\"breadcrumb\":{\"@id\":\"https:\\\/\\\/www.inmsol.com\\\/es\\\/blog-escuela\\\/cultura-literatura-historia-espana-es\\\/comunidades-autonomas-espanolas\\\/#breadcrumb\"},\"inLanguage\":\"es\",\"potentialAction\":[{\"@type\":\"ReadAction\",\"target\":[\"https:\\\/\\\/www.inmsol.com\\\/es\\\/blog-escuela\\\/cultura-literatura-historia-espana-es\\\/comunidades-autonomas-espanolas\\\/\"]}]},{\"@type\":\"BreadcrumbList\",\"@id\":\"https:\\\/\\\/www.inmsol.com\\\/es\\\/blog-escuela\\\/cultura-literatura-historia-espana-es\\\/comunidades-autonomas-espanolas\\\/#breadcrumb\",\"itemListElement\":[{\"@type\":\"ListItem\",\"position\":1,\"name\":\"Accredited Center by Instituto Cervantes\",\"item\":\"https:\\\/\\\/www.inmsol.com\\\/es\\\/pagina-ejemplo\\\/\"},{\"@type\":\"ListItem\",\"position\":2,\"name\":\"Blog Escuela Espa\u00f1ol\",\"item\":\"https:\\\/\\\/www.inmsol.com\\\/es\\\/category\\\/blog-escuela\\\/\"},{\"@type\":\"ListItem\",\"position\":3,\"name\":\"Cultura, Literatura e Historia de Espa\u00f1a e Hispanoam\u00e9rica\",\"item\":\"https:\\\/\\\/www.inmsol.com\\\/es\\\/category\\\/blog-escuela\\\/cultura-literatura-historia-espana-es\\\/\"},{\"@type\":\"ListItem\",\"position\":4,\"name\":\"Comunidades autonomas espa\u00f1olas\"}]},{\"@type\":\"WebSite\",\"@id\":\"https:\\\/\\\/www.inmsol.com\\\/es\\\/#website\",\"url\":\"https:\\\/\\\/www.inmsol.com\\\/es\\\/\",\"name\":\"iNMSOL\",\"description\":\"Aprenda Espa\u00f1ol con iNMSOL en Granada | Centro Acreditado por el Instituto Cervantes\",\"publisher\":{\"@id\":\"https:\\\/\\\/www.inmsol.com\\\/es\\\/#organization\"},\"potentialAction\":[{\"@type\":\"SearchAction\",\"target\":{\"@type\":\"EntryPoint\",\"urlTemplate\":\"https:\\\/\\\/www.inmsol.com\\\/es\\\/?s={search_term_string}\"},\"query-input\":{\"@type\":\"PropertyValueSpecification\",\"valueRequired\":true,\"valueName\":\"search_term_string\"}}],\"inLanguage\":\"es\"},{\"@type\":\"Organization\",\"@id\":\"https:\\\/\\\/www.inmsol.com\\\/es\\\/#organization\",\"name\":\"Instituto Mediterr\u00e1neo Sol\",\"url\":\"https:\\\/\\\/www.inmsol.com\\\/es\\\/\",\"logo\":{\"@type\":\"ImageObject\",\"inLanguage\":\"es\",\"@id\":\"https:\\\/\\\/www.inmsol.com\\\/es\\\/#\\\/schema\\\/logo\\\/image\\\/\",\"url\":\"https:\\\/\\\/www.inmsol.com\\\/wp-content\\\/uploads\\\/2023\\\/06\\\/logo-inmsol-1.png\",\"contentUrl\":\"https:\\\/\\\/www.inmsol.com\\\/wp-content\\\/uploads\\\/2023\\\/06\\\/logo-inmsol-1.png\",\"width\":136,\"height\":73,\"caption\":\"Instituto Mediterr\u00e1neo Sol\"},\"image\":{\"@id\":\"https:\\\/\\\/www.inmsol.com\\\/es\\\/#\\\/schema\\\/logo\\\/image\\\/\"},\"sameAs\":[\"https:\\\/\\\/www.facebook.com\\\/spanishcourses\",\"https:\\\/\\\/x.com\\\/StudyInGranada\",\"http:\\\/\\\/instagram.com\\\/imsolgranada\",\"https:\\\/\\\/es.linkedin.com\\\/company\\\/imsol-granada\",\"https:\\\/\\\/www.pinterest.es\\\/inmsol\\\/\",\"https:\\\/\\\/www.youtube.com\\\/channel\\\/UChz-Qn_7coFMosY85iYMO4g\"]},{\"@type\":\"Person\",\"@id\":\"https:\\\/\\\/www.inmsol.com\\\/es\\\/#\\\/schema\\\/person\\\/18f18acd0397ef441e373e79ec3eb6ea\",\"name\":\"Javier Torres\",\"image\":{\"@type\":\"ImageObject\",\"inLanguage\":\"es\",\"@id\":\"https:\\\/\\\/secure.gravatar.com\\\/avatar\\\/90afa2d6499550218d247408758082af566e5ec3641e1b8eac0d7bb889344a55?s=96&d=mm&r=g\",\"url\":\"https:\\\/\\\/secure.gravatar.com\\\/avatar\\\/90afa2d6499550218d247408758082af566e5ec3641e1b8eac0d7bb889344a55?s=96&d=mm&r=g\",\"contentUrl\":\"https:\\\/\\\/secure.gravatar.com\\\/avatar\\\/90afa2d6499550218d247408758082af566e5ec3641e1b8eac0d7bb889344a55?s=96&d=mm&r=g\",\"caption\":\"Javier Torres\"},\"url\":\"https:\\\/\\\/www.inmsol.com\\\/es\\\/author\\\/javier\\\/\"}]}<\/script>\n<!-- \/ Yoast SEO plugin. -->","yoast_head_json":{"title":"Comunidades autonomas espa\u00f1olas | historia, rey, leyes, autonom\u00eda | INMSOL","description":"historia de las comunidades aut\u00f3nomas espa\u00f1olas","robots":{"index":"index","follow":"follow","max-snippet":"max-snippet:-1","max-image-preview":"max-image-preview:large","max-video-preview":"max-video-preview:-1"},"canonical":"https:\/\/www.inmsol.com\/es\/blog-escuela\/cultura-literatura-historia-espana-es\/comunidades-autonomas-espanolas\/","og_locale":"es_ES","og_type":"article","og_title":"Comunidades autonomas espa\u00f1olas | historia, rey, leyes, autonom\u00eda | INMSOL","og_description":"historia de las comunidades aut\u00f3nomas espa\u00f1olas","og_url":"https:\/\/www.inmsol.com\/es\/blog-escuela\/cultura-literatura-historia-espana-es\/comunidades-autonomas-espanolas\/","og_site_name":"iNMSOL","article_publisher":"https:\/\/www.facebook.com\/spanishcourses","article_published_time":"2010-08-03T15:26:08+00:00","article_modified_time":"2019-05-02T07:41:54+00:00","og_image":[{"width":320,"height":154,"url":"https:\/\/www.inmsol.com\/wp-content\/uploads\/2019\/08\/logo-inmsol.png","type":"image\/png"}],"author":"Javier Torres","twitter_misc":{"Escrito por":"Javier Torres","Tiempo de lectura":"5 minutos"},"schema":{"@context":"https:\/\/schema.org","@graph":[{"@type":"Article","@id":"https:\/\/www.inmsol.com\/es\/blog-escuela\/cultura-literatura-historia-espana-es\/comunidades-autonomas-espanolas\/#article","isPartOf":{"@id":"https:\/\/www.inmsol.com\/es\/blog-escuela\/cultura-literatura-historia-espana-es\/comunidades-autonomas-espanolas\/"},"author":{"name":"Javier Torres","@id":"https:\/\/www.inmsol.com\/es\/#\/schema\/person\/18f18acd0397ef441e373e79ec3eb6ea"},"headline":"Comunidades autonomas espa\u00f1olas","datePublished":"2010-08-03T15:26:08+00:00","dateModified":"2019-05-02T07:41:54+00:00","mainEntityOfPage":{"@id":"https:\/\/www.inmsol.com\/es\/blog-escuela\/cultura-literatura-historia-espana-es\/comunidades-autonomas-espanolas\/"},"wordCount":1070,"publisher":{"@id":"https:\/\/www.inmsol.com\/es\/#organization"},"articleSection":["Cultura, Literatura e Historia de Espa\u00f1a e Hispanoam\u00e9rica"],"inLanguage":"es"},{"@type":"WebPage","@id":"https:\/\/www.inmsol.com\/es\/blog-escuela\/cultura-literatura-historia-espana-es\/comunidades-autonomas-espanolas\/","url":"https:\/\/www.inmsol.com\/es\/blog-escuela\/cultura-literatura-historia-espana-es\/comunidades-autonomas-espanolas\/","name":"Comunidades autonomas espa\u00f1olas | historia, rey, leyes, autonom\u00eda | INMSOL","isPartOf":{"@id":"https:\/\/www.inmsol.com\/es\/#website"},"datePublished":"2010-08-03T15:26:08+00:00","dateModified":"2019-05-02T07:41:54+00:00","description":"historia de las comunidades aut\u00f3nomas espa\u00f1olas","breadcrumb":{"@id":"https:\/\/www.inmsol.com\/es\/blog-escuela\/cultura-literatura-historia-espana-es\/comunidades-autonomas-espanolas\/#breadcrumb"},"inLanguage":"es","potentialAction":[{"@type":"ReadAction","target":["https:\/\/www.inmsol.com\/es\/blog-escuela\/cultura-literatura-historia-espana-es\/comunidades-autonomas-espanolas\/"]}]},{"@type":"BreadcrumbList","@id":"https:\/\/www.inmsol.com\/es\/blog-escuela\/cultura-literatura-historia-espana-es\/comunidades-autonomas-espanolas\/#breadcrumb","itemListElement":[{"@type":"ListItem","position":1,"name":"Accredited Center by Instituto Cervantes","item":"https:\/\/www.inmsol.com\/es\/pagina-ejemplo\/"},{"@type":"ListItem","position":2,"name":"Blog Escuela Espa\u00f1ol","item":"https:\/\/www.inmsol.com\/es\/category\/blog-escuela\/"},{"@type":"ListItem","position":3,"name":"Cultura, Literatura e Historia de Espa\u00f1a e Hispanoam\u00e9rica","item":"https:\/\/www.inmsol.com\/es\/category\/blog-escuela\/cultura-literatura-historia-espana-es\/"},{"@type":"ListItem","position":4,"name":"Comunidades autonomas espa\u00f1olas"}]},{"@type":"WebSite","@id":"https:\/\/www.inmsol.com\/es\/#website","url":"https:\/\/www.inmsol.com\/es\/","name":"iNMSOL","description":"Aprenda Espa\u00f1ol con iNMSOL en Granada | Centro Acreditado por el Instituto Cervantes","publisher":{"@id":"https:\/\/www.inmsol.com\/es\/#organization"},"potentialAction":[{"@type":"SearchAction","target":{"@type":"EntryPoint","urlTemplate":"https:\/\/www.inmsol.com\/es\/?s={search_term_string}"},"query-input":{"@type":"PropertyValueSpecification","valueRequired":true,"valueName":"search_term_string"}}],"inLanguage":"es"},{"@type":"Organization","@id":"https:\/\/www.inmsol.com\/es\/#organization","name":"Instituto Mediterr\u00e1neo Sol","url":"https:\/\/www.inmsol.com\/es\/","logo":{"@type":"ImageObject","inLanguage":"es","@id":"https:\/\/www.inmsol.com\/es\/#\/schema\/logo\/image\/","url":"https:\/\/www.inmsol.com\/wp-content\/uploads\/2023\/06\/logo-inmsol-1.png","contentUrl":"https:\/\/www.inmsol.com\/wp-content\/uploads\/2023\/06\/logo-inmsol-1.png","width":136,"height":73,"caption":"Instituto Mediterr\u00e1neo Sol"},"image":{"@id":"https:\/\/www.inmsol.com\/es\/#\/schema\/logo\/image\/"},"sameAs":["https:\/\/www.facebook.com\/spanishcourses","https:\/\/x.com\/StudyInGranada","http:\/\/instagram.com\/imsolgranada","https:\/\/es.linkedin.com\/company\/imsol-granada","https:\/\/www.pinterest.es\/inmsol\/","https:\/\/www.youtube.com\/channel\/UChz-Qn_7coFMosY85iYMO4g"]},{"@type":"Person","@id":"https:\/\/www.inmsol.com\/es\/#\/schema\/person\/18f18acd0397ef441e373e79ec3eb6ea","name":"Javier Torres","image":{"@type":"ImageObject","inLanguage":"es","@id":"https:\/\/secure.gravatar.com\/avatar\/90afa2d6499550218d247408758082af566e5ec3641e1b8eac0d7bb889344a55?s=96&d=mm&r=g","url":"https:\/\/secure.gravatar.com\/avatar\/90afa2d6499550218d247408758082af566e5ec3641e1b8eac0d7bb889344a55?s=96&d=mm&r=g","contentUrl":"https:\/\/secure.gravatar.com\/avatar\/90afa2d6499550218d247408758082af566e5ec3641e1b8eac0d7bb889344a55?s=96&d=mm&r=g","caption":"Javier Torres"},"url":"https:\/\/www.inmsol.com\/es\/author\/javier\/"}]}},"_links":{"self":[{"href":"https:\/\/www.inmsol.com\/es\/wp-json\/wp\/v2\/posts\/352","targetHints":{"allow":["GET"]}}],"collection":[{"href":"https:\/\/www.inmsol.com\/es\/wp-json\/wp\/v2\/posts"}],"about":[{"href":"https:\/\/www.inmsol.com\/es\/wp-json\/wp\/v2\/types\/post"}],"author":[{"embeddable":true,"href":"https:\/\/www.inmsol.com\/es\/wp-json\/wp\/v2\/users\/2"}],"replies":[{"embeddable":true,"href":"https:\/\/www.inmsol.com\/es\/wp-json\/wp\/v2\/comments?post=352"}],"version-history":[{"count":0,"href":"https:\/\/www.inmsol.com\/es\/wp-json\/wp\/v2\/posts\/352\/revisions"}],"wp:attachment":[{"href":"https:\/\/www.inmsol.com\/es\/wp-json\/wp\/v2\/media?parent=352"}],"wp:term":[{"taxonomy":"category","embeddable":true,"href":"https:\/\/www.inmsol.com\/es\/wp-json\/wp\/v2\/categories?post=352"},{"taxonomy":"post_tag","embeddable":true,"href":"https:\/\/www.inmsol.com\/es\/wp-json\/wp\/v2\/tags?post=352"}],"curies":[{"name":"wp","href":"https:\/\/api.w.org\/{rel}","templated":true}]}}