{"id":356,"date":"2010-08-04T10:38:36","date_gmt":"2010-08-04T08:38:36","guid":{"rendered":"https:\/\/www.inmsol.com\/"},"modified":"2019-05-02T09:41:38","modified_gmt":"2019-05-02T07:41:38","slug":"obamas-en-marbella-desde-hoy","status":"publish","type":"post","link":"https:\/\/www.inmsol.com\/es\/blog-escuela\/noticias\/obamas-en-marbella-desde-hoy\/","title":{"rendered":"Obamas en Marbella desde hoy"},"content":{"rendered":"<p>Los Obama llegan a Marbella, al menos, seguro, las Obama. La ciudad de la Costa del Sol vuelve a estar en el punto de mira gracias a la visita de la familia del presidente de Estados Unidos. Michelle y Sasha Obama van a hospedarse en el Hotel Villa Padierna, un establecimiento de lujo que incluye, entre otras cosas, tres campos de golf. Para cuando se cansen del golf y del spa, he aqu\u00ed recorrido que cruza la \u00faltima Marbella con la Marbella de siempre.La visita de Michelle Obama, esposa del presidente de Estados Unidos, Barack Obama, y de su hija peque\u00f1a a Marbella (M\u00e1laga) desde hoy generar\u00e1 50.000 impactos en prensa internacional con un valor estimado de 800 millones de euros. Estas cifras son resultado de un estudio realizado por la empresa Oak Power Comunicaci\u00f3n, que ha calculado la repercusi\u00f3n de este viaje. As\u00ed, estima que informar\u00e1n sobre la estancia de las Obama 660 televisiones, 2.500 peri\u00f3dicos, 2.100 medios online, 900 radios, 950 revistas generales y 900 del coraz\u00f3n. La cobertura informativa, tanto nacional como internacional, de la visita de Michelle Obama ser\u00e1 \u00abenorme\u00bb, entre otros motivos, indicaron en un comunicado, por el \u00abinter\u00e9s y simpat\u00eda que Michelle Obama despierta en la prensa internacional\u00bb. Seg\u00fan el estudio, la informaci\u00f3n que se ofrecer\u00e1 sobre el destino Marbella ser\u00e1 \u00abenormemente positiva\u00bb, seg\u00fan la experiencia y el an\u00e1lisis medi\u00e1tico de otros viajes tur\u00edsticos similares de personajes p\u00fablicos. El Ayuntamiento de Marbella orden\u00f3 retirar ayer los dos carteles publicitarios que daban la bienvenida a la esposa del presidente de Estados Unidos, Michelle Obama. La primera dama norteamericana y su hija menor, Sasha, se alojar\u00e1n en el hotel Villa Padierna del municipio cercano de Benahav\u00eds. El alcalde de esta localidad, Jos\u00e9 Antonio Mena, dej\u00f3 caer ayer que se est\u00e1 preparando un cumplea\u00f1os para esta noche. El presidente estadounidense, Barack Obama, que no viaja a Marbella, cumple hoy 49 a\u00f1os.<\/p>\n<p>Fuente: <a href=\"http:\/\/elpais.com\/\">www.elpa\u00eds.com<\/a><\/p>\n","protected":false},"excerpt":{"rendered":"<p>Los Obama llegan a Marbella, al menos, seguro, las Obama. La ciudad de la Costa del Sol vuelve a estar en el punto de mira gracias a la visita de la familia del presidente de Estados Unidos. Michelle y Sasha Obama van a hospedarse en&#8230;<\/p>\n","protected":false},"author":2,"featured_media":0,"comment_status":"closed","ping_status":"closed","sticky":false,"template":"","format":"standard","meta":{"_acf_changed":false,"footnotes":""},"categories":[82],"tags":[],"class_list":["post-356","post","type-post","status-publish","format-standard","hentry","category-noticias"],"acf":[],"yoast_head":"<!-- This site is optimized with the Yoast SEO plugin v27.5 - https:\/\/yoast.com\/product\/yoast-seo-wordpress\/ -->\n<title>Obamas en Marbella desde hoy | viaje, Michelle, Marbella, Malaga | INMSOL<\/title>\n<meta name=\"description\" content=\"Llegada de los Obama en Marbella desde hoy\" \/>\n<meta name=\"robots\" content=\"index, follow, max-snippet:-1, max-image-preview:large, max-video-preview:-1\" \/>\n<link rel=\"canonical\" href=\"https:\/\/www.inmsol.com\/es\/blog-escuela\/noticias\/obamas-en-marbella-desde-hoy\/\" \/>\n<meta property=\"og:locale\" content=\"es_ES\" \/>\n<meta property=\"og:type\" content=\"article\" \/>\n<meta property=\"og:title\" content=\"Obamas en Marbella desde hoy | viaje, Michelle, Marbella, Malaga | INMSOL\" \/>\n<meta property=\"og:description\" content=\"Llegada de los Obama en Marbella desde hoy\" \/>\n<meta property=\"og:url\" content=\"https:\/\/www.inmsol.com\/es\/blog-escuela\/noticias\/obamas-en-marbella-desde-hoy\/\" \/>\n<meta property=\"og:site_name\" content=\"iNMSOL\" \/>\n<meta property=\"article:publisher\" content=\"https:\/\/www.facebook.com\/spanishcourses\" \/>\n<meta property=\"article:published_time\" content=\"2010-08-04T08:38:36+00:00\" \/>\n<meta property=\"article:modified_time\" content=\"2019-05-02T07:41:38+00:00\" \/>\n<meta property=\"og:image\" content=\"https:\/\/www.inmsol.com\/wp-content\/uploads\/2019\/08\/logo-inmsol.png\" \/>\n\t<meta property=\"og:image:width\" content=\"320\" \/>\n\t<meta property=\"og:image:height\" content=\"154\" \/>\n\t<meta property=\"og:image:type\" content=\"image\/png\" \/>\n<meta name=\"author\" content=\"Javier Torres\" \/>\n<meta name=\"twitter:label1\" content=\"Escrito por\" \/>\n\t<meta name=\"twitter:data1\" content=\"Javier Torres\" \/>\n\t<meta name=\"twitter:label2\" content=\"Tiempo de lectura\" \/>\n\t<meta name=\"twitter:data2\" content=\"2 minutos\" \/>\n<script type=\"application\/ld+json\" class=\"yoast-schema-graph\">{\"@context\":\"https:\\\/\\\/schema.org\",\"@graph\":[{\"@type\":\"Article\",\"@id\":\"https:\\\/\\\/www.inmsol.com\\\/es\\\/blog-escuela\\\/noticias\\\/obamas-en-marbella-desde-hoy\\\/#article\",\"isPartOf\":{\"@id\":\"https:\\\/\\\/www.inmsol.com\\\/es\\\/blog-escuela\\\/noticias\\\/obamas-en-marbella-desde-hoy\\\/\"},\"author\":{\"name\":\"Javier Torres\",\"@id\":\"https:\\\/\\\/www.inmsol.com\\\/es\\\/#\\\/schema\\\/person\\\/18f18acd0397ef441e373e79ec3eb6ea\"},\"headline\":\"Obamas en Marbella desde hoy\",\"datePublished\":\"2010-08-04T08:38:36+00:00\",\"dateModified\":\"2019-05-02T07:41:38+00:00\",\"mainEntityOfPage\":{\"@id\":\"https:\\\/\\\/www.inmsol.com\\\/es\\\/blog-escuela\\\/noticias\\\/obamas-en-marbella-desde-hoy\\\/\"},\"wordCount\":336,\"publisher\":{\"@id\":\"https:\\\/\\\/www.inmsol.com\\\/es\\\/#organization\"},\"articleSection\":[\"Noticias y Servicios iNMSOL\"],\"inLanguage\":\"es\"},{\"@type\":\"WebPage\",\"@id\":\"https:\\\/\\\/www.inmsol.com\\\/es\\\/blog-escuela\\\/noticias\\\/obamas-en-marbella-desde-hoy\\\/\",\"url\":\"https:\\\/\\\/www.inmsol.com\\\/es\\\/blog-escuela\\\/noticias\\\/obamas-en-marbella-desde-hoy\\\/\",\"name\":\"Obamas en Marbella desde hoy | viaje, Michelle, Marbella, Malaga | INMSOL\",\"isPartOf\":{\"@id\":\"https:\\\/\\\/www.inmsol.com\\\/es\\\/#website\"},\"datePublished\":\"2010-08-04T08:38:36+00:00\",\"dateModified\":\"2019-05-02T07:41:38+00:00\",\"description\":\"Llegada de los Obama en Marbella desde hoy\",\"breadcrumb\":{\"@id\":\"https:\\\/\\\/www.inmsol.com\\\/es\\\/blog-escuela\\\/noticias\\\/obamas-en-marbella-desde-hoy\\\/#breadcrumb\"},\"inLanguage\":\"es\",\"potentialAction\":[{\"@type\":\"ReadAction\",\"target\":[\"https:\\\/\\\/www.inmsol.com\\\/es\\\/blog-escuela\\\/noticias\\\/obamas-en-marbella-desde-hoy\\\/\"]}]},{\"@type\":\"BreadcrumbList\",\"@id\":\"https:\\\/\\\/www.inmsol.com\\\/es\\\/blog-escuela\\\/noticias\\\/obamas-en-marbella-desde-hoy\\\/#breadcrumb\",\"itemListElement\":[{\"@type\":\"ListItem\",\"position\":1,\"name\":\"Accredited Center by Instituto Cervantes\",\"item\":\"https:\\\/\\\/www.inmsol.com\\\/es\\\/pagina-ejemplo\\\/\"},{\"@type\":\"ListItem\",\"position\":2,\"name\":\"Blog Escuela Espa\u00f1ol\",\"item\":\"https:\\\/\\\/www.inmsol.com\\\/es\\\/category\\\/blog-escuela\\\/\"},{\"@type\":\"ListItem\",\"position\":3,\"name\":\"Noticias y Servicios iNMSOL\",\"item\":\"https:\\\/\\\/www.inmsol.com\\\/es\\\/category\\\/blog-escuela\\\/noticias\\\/\"},{\"@type\":\"ListItem\",\"position\":4,\"name\":\"Obamas en Marbella desde hoy\"}]},{\"@type\":\"WebSite\",\"@id\":\"https:\\\/\\\/www.inmsol.com\\\/es\\\/#website\",\"url\":\"https:\\\/\\\/www.inmsol.com\\\/es\\\/\",\"name\":\"iNMSOL\",\"description\":\"Aprenda Espa\u00f1ol con iNMSOL en Granada | Centro Acreditado por el Instituto Cervantes\",\"publisher\":{\"@id\":\"https:\\\/\\\/www.inmsol.com\\\/es\\\/#organization\"},\"potentialAction\":[{\"@type\":\"SearchAction\",\"target\":{\"@type\":\"EntryPoint\",\"urlTemplate\":\"https:\\\/\\\/www.inmsol.com\\\/es\\\/?s={search_term_string}\"},\"query-input\":{\"@type\":\"PropertyValueSpecification\",\"valueRequired\":true,\"valueName\":\"search_term_string\"}}],\"inLanguage\":\"es\"},{\"@type\":\"Organization\",\"@id\":\"https:\\\/\\\/www.inmsol.com\\\/es\\\/#organization\",\"name\":\"Instituto Mediterr\u00e1neo Sol\",\"url\":\"https:\\\/\\\/www.inmsol.com\\\/es\\\/\",\"logo\":{\"@type\":\"ImageObject\",\"inLanguage\":\"es\",\"@id\":\"https:\\\/\\\/www.inmsol.com\\\/es\\\/#\\\/schema\\\/logo\\\/image\\\/\",\"url\":\"https:\\\/\\\/www.inmsol.com\\\/wp-content\\\/uploads\\\/2023\\\/06\\\/logo-inmsol-1.png\",\"contentUrl\":\"https:\\\/\\\/www.inmsol.com\\\/wp-content\\\/uploads\\\/2023\\\/06\\\/logo-inmsol-1.png\",\"width\":136,\"height\":73,\"caption\":\"Instituto Mediterr\u00e1neo Sol\"},\"image\":{\"@id\":\"https:\\\/\\\/www.inmsol.com\\\/es\\\/#\\\/schema\\\/logo\\\/image\\\/\"},\"sameAs\":[\"https:\\\/\\\/www.facebook.com\\\/spanishcourses\",\"https:\\\/\\\/x.com\\\/StudyInGranada\",\"http:\\\/\\\/instagram.com\\\/imsolgranada\",\"https:\\\/\\\/es.linkedin.com\\\/company\\\/imsol-granada\",\"https:\\\/\\\/www.pinterest.es\\\/inmsol\\\/\",\"https:\\\/\\\/www.youtube.com\\\/channel\\\/UChz-Qn_7coFMosY85iYMO4g\"]},{\"@type\":\"Person\",\"@id\":\"https:\\\/\\\/www.inmsol.com\\\/es\\\/#\\\/schema\\\/person\\\/18f18acd0397ef441e373e79ec3eb6ea\",\"name\":\"Javier Torres\",\"image\":{\"@type\":\"ImageObject\",\"inLanguage\":\"es\",\"@id\":\"https:\\\/\\\/secure.gravatar.com\\\/avatar\\\/90afa2d6499550218d247408758082af566e5ec3641e1b8eac0d7bb889344a55?s=96&d=mm&r=g\",\"url\":\"https:\\\/\\\/secure.gravatar.com\\\/avatar\\\/90afa2d6499550218d247408758082af566e5ec3641e1b8eac0d7bb889344a55?s=96&d=mm&r=g\",\"contentUrl\":\"https:\\\/\\\/secure.gravatar.com\\\/avatar\\\/90afa2d6499550218d247408758082af566e5ec3641e1b8eac0d7bb889344a55?s=96&d=mm&r=g\",\"caption\":\"Javier Torres\"},\"url\":\"https:\\\/\\\/www.inmsol.com\\\/es\\\/author\\\/javier\\\/\"}]}<\/script>\n<!-- \/ Yoast SEO plugin. -->","yoast_head_json":{"title":"Obamas en Marbella desde hoy | viaje, Michelle, Marbella, Malaga | INMSOL","description":"Llegada de los Obama en Marbella desde hoy","robots":{"index":"index","follow":"follow","max-snippet":"max-snippet:-1","max-image-preview":"max-image-preview:large","max-video-preview":"max-video-preview:-1"},"canonical":"https:\/\/www.inmsol.com\/es\/blog-escuela\/noticias\/obamas-en-marbella-desde-hoy\/","og_locale":"es_ES","og_type":"article","og_title":"Obamas en Marbella desde hoy | viaje, Michelle, Marbella, Malaga | INMSOL","og_description":"Llegada de los Obama en Marbella desde hoy","og_url":"https:\/\/www.inmsol.com\/es\/blog-escuela\/noticias\/obamas-en-marbella-desde-hoy\/","og_site_name":"iNMSOL","article_publisher":"https:\/\/www.facebook.com\/spanishcourses","article_published_time":"2010-08-04T08:38:36+00:00","article_modified_time":"2019-05-02T07:41:38+00:00","og_image":[{"width":320,"height":154,"url":"https:\/\/www.inmsol.com\/wp-content\/uploads\/2019\/08\/logo-inmsol.png","type":"image\/png"}],"author":"Javier Torres","twitter_misc":{"Escrito por":"Javier Torres","Tiempo de lectura":"2 minutos"},"schema":{"@context":"https:\/\/schema.org","@graph":[{"@type":"Article","@id":"https:\/\/www.inmsol.com\/es\/blog-escuela\/noticias\/obamas-en-marbella-desde-hoy\/#article","isPartOf":{"@id":"https:\/\/www.inmsol.com\/es\/blog-escuela\/noticias\/obamas-en-marbella-desde-hoy\/"},"author":{"name":"Javier Torres","@id":"https:\/\/www.inmsol.com\/es\/#\/schema\/person\/18f18acd0397ef441e373e79ec3eb6ea"},"headline":"Obamas en Marbella desde hoy","datePublished":"2010-08-04T08:38:36+00:00","dateModified":"2019-05-02T07:41:38+00:00","mainEntityOfPage":{"@id":"https:\/\/www.inmsol.com\/es\/blog-escuela\/noticias\/obamas-en-marbella-desde-hoy\/"},"wordCount":336,"publisher":{"@id":"https:\/\/www.inmsol.com\/es\/#organization"},"articleSection":["Noticias y Servicios iNMSOL"],"inLanguage":"es"},{"@type":"WebPage","@id":"https:\/\/www.inmsol.com\/es\/blog-escuela\/noticias\/obamas-en-marbella-desde-hoy\/","url":"https:\/\/www.inmsol.com\/es\/blog-escuela\/noticias\/obamas-en-marbella-desde-hoy\/","name":"Obamas en Marbella desde hoy | viaje, Michelle, Marbella, Malaga | INMSOL","isPartOf":{"@id":"https:\/\/www.inmsol.com\/es\/#website"},"datePublished":"2010-08-04T08:38:36+00:00","dateModified":"2019-05-02T07:41:38+00:00","description":"Llegada de los Obama en Marbella desde hoy","breadcrumb":{"@id":"https:\/\/www.inmsol.com\/es\/blog-escuela\/noticias\/obamas-en-marbella-desde-hoy\/#breadcrumb"},"inLanguage":"es","potentialAction":[{"@type":"ReadAction","target":["https:\/\/www.inmsol.com\/es\/blog-escuela\/noticias\/obamas-en-marbella-desde-hoy\/"]}]},{"@type":"BreadcrumbList","@id":"https:\/\/www.inmsol.com\/es\/blog-escuela\/noticias\/obamas-en-marbella-desde-hoy\/#breadcrumb","itemListElement":[{"@type":"ListItem","position":1,"name":"Accredited Center by Instituto Cervantes","item":"https:\/\/www.inmsol.com\/es\/pagina-ejemplo\/"},{"@type":"ListItem","position":2,"name":"Blog Escuela Espa\u00f1ol","item":"https:\/\/www.inmsol.com\/es\/category\/blog-escuela\/"},{"@type":"ListItem","position":3,"name":"Noticias y Servicios iNMSOL","item":"https:\/\/www.inmsol.com\/es\/category\/blog-escuela\/noticias\/"},{"@type":"ListItem","position":4,"name":"Obamas en Marbella desde hoy"}]},{"@type":"WebSite","@id":"https:\/\/www.inmsol.com\/es\/#website","url":"https:\/\/www.inmsol.com\/es\/","name":"iNMSOL","description":"Aprenda Espa\u00f1ol con iNMSOL en Granada | Centro Acreditado por el Instituto Cervantes","publisher":{"@id":"https:\/\/www.inmsol.com\/es\/#organization"},"potentialAction":[{"@type":"SearchAction","target":{"@type":"EntryPoint","urlTemplate":"https:\/\/www.inmsol.com\/es\/?s={search_term_string}"},"query-input":{"@type":"PropertyValueSpecification","valueRequired":true,"valueName":"search_term_string"}}],"inLanguage":"es"},{"@type":"Organization","@id":"https:\/\/www.inmsol.com\/es\/#organization","name":"Instituto Mediterr\u00e1neo Sol","url":"https:\/\/www.inmsol.com\/es\/","logo":{"@type":"ImageObject","inLanguage":"es","@id":"https:\/\/www.inmsol.com\/es\/#\/schema\/logo\/image\/","url":"https:\/\/www.inmsol.com\/wp-content\/uploads\/2023\/06\/logo-inmsol-1.png","contentUrl":"https:\/\/www.inmsol.com\/wp-content\/uploads\/2023\/06\/logo-inmsol-1.png","width":136,"height":73,"caption":"Instituto Mediterr\u00e1neo Sol"},"image":{"@id":"https:\/\/www.inmsol.com\/es\/#\/schema\/logo\/image\/"},"sameAs":["https:\/\/www.facebook.com\/spanishcourses","https:\/\/x.com\/StudyInGranada","http:\/\/instagram.com\/imsolgranada","https:\/\/es.linkedin.com\/company\/imsol-granada","https:\/\/www.pinterest.es\/inmsol\/","https:\/\/www.youtube.com\/channel\/UChz-Qn_7coFMosY85iYMO4g"]},{"@type":"Person","@id":"https:\/\/www.inmsol.com\/es\/#\/schema\/person\/18f18acd0397ef441e373e79ec3eb6ea","name":"Javier Torres","image":{"@type":"ImageObject","inLanguage":"es","@id":"https:\/\/secure.gravatar.com\/avatar\/90afa2d6499550218d247408758082af566e5ec3641e1b8eac0d7bb889344a55?s=96&d=mm&r=g","url":"https:\/\/secure.gravatar.com\/avatar\/90afa2d6499550218d247408758082af566e5ec3641e1b8eac0d7bb889344a55?s=96&d=mm&r=g","contentUrl":"https:\/\/secure.gravatar.com\/avatar\/90afa2d6499550218d247408758082af566e5ec3641e1b8eac0d7bb889344a55?s=96&d=mm&r=g","caption":"Javier Torres"},"url":"https:\/\/www.inmsol.com\/es\/author\/javier\/"}]}},"_links":{"self":[{"href":"https:\/\/www.inmsol.com\/es\/wp-json\/wp\/v2\/posts\/356","targetHints":{"allow":["GET"]}}],"collection":[{"href":"https:\/\/www.inmsol.com\/es\/wp-json\/wp\/v2\/posts"}],"about":[{"href":"https:\/\/www.inmsol.com\/es\/wp-json\/wp\/v2\/types\/post"}],"author":[{"embeddable":true,"href":"https:\/\/www.inmsol.com\/es\/wp-json\/wp\/v2\/users\/2"}],"replies":[{"embeddable":true,"href":"https:\/\/www.inmsol.com\/es\/wp-json\/wp\/v2\/comments?post=356"}],"version-history":[{"count":0,"href":"https:\/\/www.inmsol.com\/es\/wp-json\/wp\/v2\/posts\/356\/revisions"}],"wp:attachment":[{"href":"https:\/\/www.inmsol.com\/es\/wp-json\/wp\/v2\/media?parent=356"}],"wp:term":[{"taxonomy":"category","embeddable":true,"href":"https:\/\/www.inmsol.com\/es\/wp-json\/wp\/v2\/categories?post=356"},{"taxonomy":"post_tag","embeddable":true,"href":"https:\/\/www.inmsol.com\/es\/wp-json\/wp\/v2\/tags?post=356"}],"curies":[{"name":"wp","href":"https:\/\/api.w.org\/{rel}","templated":true}]}}