{"id":36531,"date":"2018-05-17T13:28:33","date_gmt":"2018-05-17T11:28:33","guid":{"rendered":"https:\/\/www.inmsol.com\/?p=36531"},"modified":"2018-05-17T14:04:31","modified_gmt":"2018-05-17T12:04:31","slug":"es-saheli","status":"publish","type":"post","link":"https:\/\/www.inmsol.com\/es\/blog-escuela\/leyendas-granada\/es-saheli\/","title":{"rendered":"La leyenda de Abu Haq Es Saheli"},"content":{"rendered":"<p>Esta semana empieza el mes de Ramad\u00e1n para los musulmanes. Y pocas excusas nos hacen falta a los granadinos para recordar nuestra \u00e9poca musulmana. Hoy queremos hablar de <strong>Abu Haq Es Saheli<\/strong>, el poeta granadino de leyenda que construy\u00f3<a href=\"http:\/\/adviento.org\/2016-tombuctu\/\"> la mezquita de Tombuct\u00fa<\/a>.<\/p>\n<p>Sobre esta figura se estudi\u00f3 mucho para escribir el libro que queremos recomendar, &#8216;El arquitecto de Tombuct\u00fa&#8217;.<\/p>\n<p><img fetchpriority=\"high\" decoding=\"async\" class=\"alignnone wp-image-36542 size-full\" src=\"https:\/\/www.inmsol.com\/wp-content\/uploads\/2018\/05\/la-leyenda-de-abu-haq-es-saheli-arquitecto-y-poeta-granadino.jpg\" alt=\"La leyenda de Abu Haq Es Saheli - Arquitecto y poeta granadino\" width=\"1920\" height=\"1279\" srcset=\"https:\/\/www.inmsol.com\/wp-content\/uploads\/2018\/05\/la-leyenda-de-abu-haq-es-saheli-arquitecto-y-poeta-granadino.jpg 1920w, https:\/\/www.inmsol.com\/wp-content\/uploads\/2018\/05\/la-leyenda-de-abu-haq-es-saheli-arquitecto-y-poeta-granadino-800x533.jpg 800w, https:\/\/www.inmsol.com\/wp-content\/uploads\/2018\/05\/la-leyenda-de-abu-haq-es-saheli-arquitecto-y-poeta-granadino-64x43.jpg 64w, https:\/\/www.inmsol.com\/wp-content\/uploads\/2018\/05\/la-leyenda-de-abu-haq-es-saheli-arquitecto-y-poeta-granadino-450x300.jpg 450w, https:\/\/www.inmsol.com\/wp-content\/uploads\/2018\/05\/la-leyenda-de-abu-haq-es-saheli-arquitecto-y-poeta-granadino-768x512.jpg 768w, https:\/\/www.inmsol.com\/wp-content\/uploads\/2018\/05\/la-leyenda-de-abu-haq-es-saheli-arquitecto-y-poeta-granadino-1024x682.jpg 1024w, https:\/\/www.inmsol.com\/wp-content\/uploads\/2018\/05\/la-leyenda-de-abu-haq-es-saheli-arquitecto-y-poeta-granadino-250x167.jpg 250w, https:\/\/www.inmsol.com\/wp-content\/uploads\/2018\/05\/la-leyenda-de-abu-haq-es-saheli-arquitecto-y-poeta-granadino-600x400.jpg 600w, https:\/\/www.inmsol.com\/wp-content\/uploads\/2018\/05\/la-leyenda-de-abu-haq-es-saheli-arquitecto-y-poeta-granadino-570x380.jpg 570w, https:\/\/www.inmsol.com\/wp-content\/uploads\/2018\/05\/la-leyenda-de-abu-haq-es-saheli-arquitecto-y-poeta-granadino-510x340.jpg 510w, https:\/\/www.inmsol.com\/wp-content\/uploads\/2018\/05\/la-leyenda-de-abu-haq-es-saheli-arquitecto-y-poeta-granadino-504x336.jpg 504w\" sizes=\"(max-width: 1920px) 100vw, 1920px\" \/><\/p>\n<h2>El hijo del alam\u00edn<\/h2>\n<p>Abu Haq Es Saheli naci\u00f3 en la Granada nazar\u00ed del siglo XIII. Desde muy peque\u00f1o se mostr\u00f3 <strong>su inter\u00e9s por las artes<\/strong>, sobretodo la poes\u00eda, en la que destac\u00f3 fuertemente. Era hijo del alam\u00edn de los perfumeros.<\/p>\n<p>El alam\u00edn era una figura civil dedicada al mercado. Era el encargado de poner el precio justo a los productos que se vend\u00edan as\u00ed como controlar los que no eran aptos para su comercializaci\u00f3n. Una idea de planificaci\u00f3n de mercado al estilo medieval que nos aleja de la visi\u00f3n occidental del mercado actual.<\/p>\n<h2>La hu\u00edda de Al Andalus<\/h2>\n<p>Era conocido el gusto del poeta por la noche granadina de entonces, que ya era famosa en aquel momento.<\/p>\n<p>El padre de Es Saheli le abandon\u00f3, a \u00e9l y a toda su primera familia, por una segunda mujer que le promet\u00eda una mejor vida. Ir\u00f3nicamente, la vida de Es Saheli se vio sacudida por m\u00faltiples controversias al mismo que su prestigio se extend\u00eda en la ciudad gracias a sus trabajos y a sus obras.<\/p>\n<p>Una de estas controversias vino de mano de un amigo \u00edntimo, Abdal\u00e1, que se enamor\u00f3 de \u00e9l. Es Saheli no s\u00f3lo no le correspond\u00eda sino que estuvo muy enamorado de su primera mujer, Afiya.<\/p>\n<p>Ella le dej\u00f3 por sus infidelidades y <strong>su abuso del anacardo<\/strong>. Esta era <strong>la droga de moda<\/strong> en la Granada de aquella \u00e9poca, de la que se dec\u00eda que bajo su influencia se pod\u00edan escribir las m\u00e1s bellas poes\u00edas. No pensaban as\u00ed las autoridades granadinas, que condenaron a Es Saheli al exilio acusado de escribir textos en contra de su dogma de fe.<\/p>\n<h2>Poeta soy<\/h2>\n<p>Desde Almu\u00f1\u00e9car, con la compa\u00f1\u00eda de otro de sus grandes amigos, Jawdar, parti\u00f3 a la otra punta del mediterr\u00e1neo donde recorri\u00f3 innumerables partes del <strong>mundo isl\u00e1mico en busca de inspiraci\u00f3n<\/strong>. Siria, Iraq y los rincones m\u00e1s inh\u00f3spitos de Arabia fueron escenario de algunas de sus aventuras. Sin embargo, su residencia la estableci\u00f3 en El Cairo, donde tuvo un hijo con su segunda mujer, una esclava llamada Kohl que le acabar\u00eda abandonando por motivos similares a los de la primera.<\/p>\n<p>Al llegar como peregrino a La Meca <strong>encontr\u00f3 la paz espiritual<\/strong>. Es all\u00ed donde conoci\u00f3 al que era conocido como Rey de los Negros, el emperador de Mali, Kanku Musa. Con el trab\u00f3 buena amistad y, fruto de sus antiguas palabras, se hizo arquitecto:<\/p>\n<p style=\"text-align: center;\"><em>Poeta soy, y la arquitectura es la poes\u00eda del barro y la piedra. Por eso, al igual que canto y recito, alg\u00fan d\u00eda levantar\u00e9 palacios y mezquitas<\/em><\/p>\n<p>As\u00ed fue como pas\u00f3. Levant\u00f3 una mezquita en Tombuct\u00fa que es toda una obra de arte. Se us\u00f3 para esta el barro de la tierra de Tombuct\u00fa, esto hizo que se asociara a la humildad del esp\u00edritu del reino que Kanku Musa quer\u00eda crear.<\/p>\n<h2>Volver<\/h2>\n<p>La a\u00f1oranza por Granada persigui\u00f3 al artista durante toda su vida. Si lo consigui\u00f3 o no, lo dejamos en el aire. Para saber m\u00e1s sobre esta historia y seguir enamor\u00e1ndote de Granada, puedes leer el libro de donde se ha sacado la informaci\u00f3n,<a href=\"https:\/\/www.casadellibro.com\/libro-el-arquitecto-de-tombuctu\/9788489367500\/1222426\"> &#8216;El arquitecto de Tombuct\u00fa&#8217;<\/a>, de Manuel Pimentel, que narra la vida de este granadino, tan conocido en el mundo isl\u00e1mico, y tan poco en su propia tierra.<\/p>\n<p><img decoding=\"async\" class=\"aligncenter wp-image-36557 size-large\" src=\"https:\/\/www.inmsol.com\/wp-content\/uploads\/2018\/05\/la-leyenda-de-abu-haq-es-saheli-arquitecto-y-poeta-granadino-1024x1024.png\" alt=\"La leyenda de Abu Haq Es Saheli - Arquitecto y poeta granadino\" width=\"550\" height=\"550\" srcset=\"https:\/\/www.inmsol.com\/wp-content\/uploads\/2018\/05\/la-leyenda-de-abu-haq-es-saheli-arquitecto-y-poeta-granadino-1024x1024.png 1024w, https:\/\/www.inmsol.com\/wp-content\/uploads\/2018\/05\/la-leyenda-de-abu-haq-es-saheli-arquitecto-y-poeta-granadino-300x300.png 300w, https:\/\/www.inmsol.com\/wp-content\/uploads\/2018\/05\/la-leyenda-de-abu-haq-es-saheli-arquitecto-y-poeta-granadino-100x100.png 100w, https:\/\/www.inmsol.com\/wp-content\/uploads\/2018\/05\/la-leyenda-de-abu-haq-es-saheli-arquitecto-y-poeta-granadino-800x800.png 800w, https:\/\/www.inmsol.com\/wp-content\/uploads\/2018\/05\/la-leyenda-de-abu-haq-es-saheli-arquitecto-y-poeta-granadino-64x64.png 64w, https:\/\/www.inmsol.com\/wp-content\/uploads\/2018\/05\/la-leyenda-de-abu-haq-es-saheli-arquitecto-y-poeta-granadino-150x150.png 150w, https:\/\/www.inmsol.com\/wp-content\/uploads\/2018\/05\/la-leyenda-de-abu-haq-es-saheli-arquitecto-y-poeta-granadino-768x768.png 768w, https:\/\/www.inmsol.com\/wp-content\/uploads\/2018\/05\/la-leyenda-de-abu-haq-es-saheli-arquitecto-y-poeta-granadino-200x200.png 200w, https:\/\/www.inmsol.com\/wp-content\/uploads\/2018\/05\/la-leyenda-de-abu-haq-es-saheli-arquitecto-y-poeta-granadino-400x400.png 400w, https:\/\/www.inmsol.com\/wp-content\/uploads\/2018\/05\/la-leyenda-de-abu-haq-es-saheli-arquitecto-y-poeta-granadino.png 1920w\" sizes=\"(max-width: 550px) 100vw, 550px\" \/><\/p>\n","protected":false},"excerpt":{"rendered":"<p>El poeta granadino que constru\u00eda mezquitas, Es Saheli fue toda una figura del mundo isl\u00e1mico y merece que se le dedique un momento a su memoria.<\/p>\n","protected":false},"author":2,"featured_media":36542,"comment_status":"closed","ping_status":"closed","sticky":false,"template":"","format":"standard","meta":{"_acf_changed":false,"footnotes":""},"categories":[272],"tags":[],"class_list":["post-36531","post","type-post","status-publish","format-standard","has-post-thumbnail","hentry","category-leyendas-granada"],"acf":[],"yoast_head":"<!-- This site is optimized with the Yoast SEO plugin v27.5 - https:\/\/yoast.com\/product\/yoast-seo-wordpress\/ -->\n<title>La leyenda de Abu Haq Es Saheli - Arquitecto y poeta granadino<\/title>\n<meta name=\"description\" content=\"El poeta granadino que constru\u00eda mezquitas, Es Saheli fue toda una figura del mundo isl\u00e1mico y merece que se le dedique un momento a su memoria.\" \/>\n<meta name=\"robots\" content=\"index, follow, max-snippet:-1, max-image-preview:large, max-video-preview:-1\" \/>\n<link rel=\"canonical\" href=\"https:\/\/www.inmsol.com\/es\/blog-escuela\/leyendas-granada\/es-saheli\/\" \/>\n<meta property=\"og:locale\" content=\"es_ES\" \/>\n<meta property=\"og:type\" content=\"article\" \/>\n<meta property=\"og:title\" content=\"La leyenda de Abu Haq Es Saheli - Arquitecto y poeta granadino\" \/>\n<meta property=\"og:description\" content=\"El poeta granadino que constru\u00eda mezquitas, Es Saheli fue toda una figura del mundo isl\u00e1mico y merece que se le dedique un momento a su memoria.\" \/>\n<meta property=\"og:url\" content=\"https:\/\/www.inmsol.com\/es\/blog-escuela\/leyendas-granada\/es-saheli\/\" \/>\n<meta property=\"og:site_name\" content=\"iNMSOL\" \/>\n<meta property=\"article:publisher\" content=\"https:\/\/www.facebook.com\/spanishcourses\" \/>\n<meta property=\"article:published_time\" content=\"2018-05-17T11:28:33+00:00\" \/>\n<meta property=\"article:modified_time\" content=\"2018-05-17T12:04:31+00:00\" \/>\n<meta property=\"og:image\" content=\"https:\/\/www.inmsol.com\/wp-content\/uploads\/2018\/05\/la-leyenda-de-abu-haq-es-saheli-arquitecto-y-poeta-granadino.jpg\" \/>\n\t<meta property=\"og:image:width\" content=\"1920\" \/>\n\t<meta property=\"og:image:height\" content=\"1279\" \/>\n\t<meta property=\"og:image:type\" content=\"image\/jpeg\" \/>\n<meta name=\"author\" content=\"Javier Torres\" \/>\n<meta name=\"twitter:label1\" content=\"Escrito por\" \/>\n\t<meta name=\"twitter:data1\" content=\"Javier Torres\" \/>\n\t<meta name=\"twitter:label2\" content=\"Tiempo de lectura\" \/>\n\t<meta name=\"twitter:data2\" content=\"3 minutos\" \/>\n<script type=\"application\/ld+json\" class=\"yoast-schema-graph\">{\"@context\":\"https:\\\/\\\/schema.org\",\"@graph\":[{\"@type\":\"Article\",\"@id\":\"https:\\\/\\\/www.inmsol.com\\\/es\\\/blog-escuela\\\/leyendas-granada\\\/es-saheli\\\/#article\",\"isPartOf\":{\"@id\":\"https:\\\/\\\/www.inmsol.com\\\/es\\\/blog-escuela\\\/leyendas-granada\\\/es-saheli\\\/\"},\"author\":{\"name\":\"Javier Torres\",\"@id\":\"https:\\\/\\\/www.inmsol.com\\\/es\\\/#\\\/schema\\\/person\\\/18f18acd0397ef441e373e79ec3eb6ea\"},\"headline\":\"La leyenda de Abu Haq Es Saheli\",\"datePublished\":\"2018-05-17T11:28:33+00:00\",\"dateModified\":\"2018-05-17T12:04:31+00:00\",\"mainEntityOfPage\":{\"@id\":\"https:\\\/\\\/www.inmsol.com\\\/es\\\/blog-escuela\\\/leyendas-granada\\\/es-saheli\\\/\"},\"wordCount\":644,\"publisher\":{\"@id\":\"https:\\\/\\\/www.inmsol.com\\\/es\\\/#organization\"},\"image\":{\"@id\":\"https:\\\/\\\/www.inmsol.com\\\/es\\\/blog-escuela\\\/leyendas-granada\\\/es-saheli\\\/#primaryimage\"},\"thumbnailUrl\":\"https:\\\/\\\/www.inmsol.com\\\/wp-content\\\/uploads\\\/2018\\\/05\\\/la-leyenda-de-abu-haq-es-saheli-arquitecto-y-poeta-granadino.jpg\",\"articleSection\":[\"Leyendas de Granada\"],\"inLanguage\":\"es\"},{\"@type\":\"WebPage\",\"@id\":\"https:\\\/\\\/www.inmsol.com\\\/es\\\/blog-escuela\\\/leyendas-granada\\\/es-saheli\\\/\",\"url\":\"https:\\\/\\\/www.inmsol.com\\\/es\\\/blog-escuela\\\/leyendas-granada\\\/es-saheli\\\/\",\"name\":\"La leyenda de Abu Haq Es Saheli - Arquitecto y poeta granadino\",\"isPartOf\":{\"@id\":\"https:\\\/\\\/www.inmsol.com\\\/es\\\/#website\"},\"primaryImageOfPage\":{\"@id\":\"https:\\\/\\\/www.inmsol.com\\\/es\\\/blog-escuela\\\/leyendas-granada\\\/es-saheli\\\/#primaryimage\"},\"image\":{\"@id\":\"https:\\\/\\\/www.inmsol.com\\\/es\\\/blog-escuela\\\/leyendas-granada\\\/es-saheli\\\/#primaryimage\"},\"thumbnailUrl\":\"https:\\\/\\\/www.inmsol.com\\\/wp-content\\\/uploads\\\/2018\\\/05\\\/la-leyenda-de-abu-haq-es-saheli-arquitecto-y-poeta-granadino.jpg\",\"datePublished\":\"2018-05-17T11:28:33+00:00\",\"dateModified\":\"2018-05-17T12:04:31+00:00\",\"description\":\"El poeta granadino que constru\u00eda mezquitas, Es Saheli fue toda una figura del mundo isl\u00e1mico y merece que se le dedique un momento a su memoria.\",\"breadcrumb\":{\"@id\":\"https:\\\/\\\/www.inmsol.com\\\/es\\\/blog-escuela\\\/leyendas-granada\\\/es-saheli\\\/#breadcrumb\"},\"inLanguage\":\"es\",\"potentialAction\":[{\"@type\":\"ReadAction\",\"target\":[\"https:\\\/\\\/www.inmsol.com\\\/es\\\/blog-escuela\\\/leyendas-granada\\\/es-saheli\\\/\"]}]},{\"@type\":\"ImageObject\",\"inLanguage\":\"es\",\"@id\":\"https:\\\/\\\/www.inmsol.com\\\/es\\\/blog-escuela\\\/leyendas-granada\\\/es-saheli\\\/#primaryimage\",\"url\":\"https:\\\/\\\/www.inmsol.com\\\/wp-content\\\/uploads\\\/2018\\\/05\\\/la-leyenda-de-abu-haq-es-saheli-arquitecto-y-poeta-granadino.jpg\",\"contentUrl\":\"https:\\\/\\\/www.inmsol.com\\\/wp-content\\\/uploads\\\/2018\\\/05\\\/la-leyenda-de-abu-haq-es-saheli-arquitecto-y-poeta-granadino.jpg\",\"width\":1920,\"height\":1279,\"caption\":\"La leyenda de Abu Haq Es Saheli - Arquitecto y poeta granadino\"},{\"@type\":\"BreadcrumbList\",\"@id\":\"https:\\\/\\\/www.inmsol.com\\\/es\\\/blog-escuela\\\/leyendas-granada\\\/es-saheli\\\/#breadcrumb\",\"itemListElement\":[{\"@type\":\"ListItem\",\"position\":1,\"name\":\"Accredited Center by Instituto Cervantes\",\"item\":\"https:\\\/\\\/www.inmsol.com\\\/es\\\/pagina-ejemplo\\\/\"},{\"@type\":\"ListItem\",\"position\":2,\"name\":\"Blog Escuela Espa\u00f1ol\",\"item\":\"https:\\\/\\\/www.inmsol.com\\\/es\\\/category\\\/blog-escuela\\\/\"},{\"@type\":\"ListItem\",\"position\":3,\"name\":\"Leyendas de Granada\",\"item\":\"https:\\\/\\\/www.inmsol.com\\\/es\\\/category\\\/blog-escuela\\\/leyendas-granada\\\/\"},{\"@type\":\"ListItem\",\"position\":4,\"name\":\"La leyenda de Abu Haq Es Saheli\"}]},{\"@type\":\"WebSite\",\"@id\":\"https:\\\/\\\/www.inmsol.com\\\/es\\\/#website\",\"url\":\"https:\\\/\\\/www.inmsol.com\\\/es\\\/\",\"name\":\"iNMSOL\",\"description\":\"Aprenda Espa\u00f1ol con iNMSOL en Granada | Centro Acreditado por el Instituto Cervantes\",\"publisher\":{\"@id\":\"https:\\\/\\\/www.inmsol.com\\\/es\\\/#organization\"},\"potentialAction\":[{\"@type\":\"SearchAction\",\"target\":{\"@type\":\"EntryPoint\",\"urlTemplate\":\"https:\\\/\\\/www.inmsol.com\\\/es\\\/?s={search_term_string}\"},\"query-input\":{\"@type\":\"PropertyValueSpecification\",\"valueRequired\":true,\"valueName\":\"search_term_string\"}}],\"inLanguage\":\"es\"},{\"@type\":\"Organization\",\"@id\":\"https:\\\/\\\/www.inmsol.com\\\/es\\\/#organization\",\"name\":\"Instituto Mediterr\u00e1neo Sol\",\"url\":\"https:\\\/\\\/www.inmsol.com\\\/es\\\/\",\"logo\":{\"@type\":\"ImageObject\",\"inLanguage\":\"es\",\"@id\":\"https:\\\/\\\/www.inmsol.com\\\/es\\\/#\\\/schema\\\/logo\\\/image\\\/\",\"url\":\"https:\\\/\\\/www.inmsol.com\\\/wp-content\\\/uploads\\\/2023\\\/06\\\/logo-inmsol-1.png\",\"contentUrl\":\"https:\\\/\\\/www.inmsol.com\\\/wp-content\\\/uploads\\\/2023\\\/06\\\/logo-inmsol-1.png\",\"width\":136,\"height\":73,\"caption\":\"Instituto Mediterr\u00e1neo Sol\"},\"image\":{\"@id\":\"https:\\\/\\\/www.inmsol.com\\\/es\\\/#\\\/schema\\\/logo\\\/image\\\/\"},\"sameAs\":[\"https:\\\/\\\/www.facebook.com\\\/spanishcourses\",\"https:\\\/\\\/x.com\\\/StudyInGranada\",\"http:\\\/\\\/instagram.com\\\/imsolgranada\",\"https:\\\/\\\/es.linkedin.com\\\/company\\\/imsol-granada\",\"https:\\\/\\\/www.pinterest.es\\\/inmsol\\\/\",\"https:\\\/\\\/www.youtube.com\\\/channel\\\/UChz-Qn_7coFMosY85iYMO4g\"]},{\"@type\":\"Person\",\"@id\":\"https:\\\/\\\/www.inmsol.com\\\/es\\\/#\\\/schema\\\/person\\\/18f18acd0397ef441e373e79ec3eb6ea\",\"name\":\"Javier Torres\",\"image\":{\"@type\":\"ImageObject\",\"inLanguage\":\"es\",\"@id\":\"https:\\\/\\\/secure.gravatar.com\\\/avatar\\\/90afa2d6499550218d247408758082af566e5ec3641e1b8eac0d7bb889344a55?s=96&d=mm&r=g\",\"url\":\"https:\\\/\\\/secure.gravatar.com\\\/avatar\\\/90afa2d6499550218d247408758082af566e5ec3641e1b8eac0d7bb889344a55?s=96&d=mm&r=g\",\"contentUrl\":\"https:\\\/\\\/secure.gravatar.com\\\/avatar\\\/90afa2d6499550218d247408758082af566e5ec3641e1b8eac0d7bb889344a55?s=96&d=mm&r=g\",\"caption\":\"Javier Torres\"},\"url\":\"https:\\\/\\\/www.inmsol.com\\\/es\\\/author\\\/javier\\\/\"}]}<\/script>\n<!-- \/ Yoast SEO plugin. -->","yoast_head_json":{"title":"La leyenda de Abu Haq Es Saheli - Arquitecto y poeta granadino","description":"El poeta granadino que constru\u00eda mezquitas, Es Saheli fue toda una figura del mundo isl\u00e1mico y merece que se le dedique un momento a su memoria.","robots":{"index":"index","follow":"follow","max-snippet":"max-snippet:-1","max-image-preview":"max-image-preview:large","max-video-preview":"max-video-preview:-1"},"canonical":"https:\/\/www.inmsol.com\/es\/blog-escuela\/leyendas-granada\/es-saheli\/","og_locale":"es_ES","og_type":"article","og_title":"La leyenda de Abu Haq Es Saheli - Arquitecto y poeta granadino","og_description":"El poeta granadino que constru\u00eda mezquitas, Es Saheli fue toda una figura del mundo isl\u00e1mico y merece que se le dedique un momento a su memoria.","og_url":"https:\/\/www.inmsol.com\/es\/blog-escuela\/leyendas-granada\/es-saheli\/","og_site_name":"iNMSOL","article_publisher":"https:\/\/www.facebook.com\/spanishcourses","article_published_time":"2018-05-17T11:28:33+00:00","article_modified_time":"2018-05-17T12:04:31+00:00","og_image":[{"width":1920,"height":1279,"url":"https:\/\/www.inmsol.com\/wp-content\/uploads\/2018\/05\/la-leyenda-de-abu-haq-es-saheli-arquitecto-y-poeta-granadino.jpg","type":"image\/jpeg"}],"author":"Javier Torres","twitter_misc":{"Escrito por":"Javier Torres","Tiempo de lectura":"3 minutos"},"schema":{"@context":"https:\/\/schema.org","@graph":[{"@type":"Article","@id":"https:\/\/www.inmsol.com\/es\/blog-escuela\/leyendas-granada\/es-saheli\/#article","isPartOf":{"@id":"https:\/\/www.inmsol.com\/es\/blog-escuela\/leyendas-granada\/es-saheli\/"},"author":{"name":"Javier Torres","@id":"https:\/\/www.inmsol.com\/es\/#\/schema\/person\/18f18acd0397ef441e373e79ec3eb6ea"},"headline":"La leyenda de Abu Haq Es Saheli","datePublished":"2018-05-17T11:28:33+00:00","dateModified":"2018-05-17T12:04:31+00:00","mainEntityOfPage":{"@id":"https:\/\/www.inmsol.com\/es\/blog-escuela\/leyendas-granada\/es-saheli\/"},"wordCount":644,"publisher":{"@id":"https:\/\/www.inmsol.com\/es\/#organization"},"image":{"@id":"https:\/\/www.inmsol.com\/es\/blog-escuela\/leyendas-granada\/es-saheli\/#primaryimage"},"thumbnailUrl":"https:\/\/www.inmsol.com\/wp-content\/uploads\/2018\/05\/la-leyenda-de-abu-haq-es-saheli-arquitecto-y-poeta-granadino.jpg","articleSection":["Leyendas de Granada"],"inLanguage":"es"},{"@type":"WebPage","@id":"https:\/\/www.inmsol.com\/es\/blog-escuela\/leyendas-granada\/es-saheli\/","url":"https:\/\/www.inmsol.com\/es\/blog-escuela\/leyendas-granada\/es-saheli\/","name":"La leyenda de Abu Haq Es Saheli - Arquitecto y poeta granadino","isPartOf":{"@id":"https:\/\/www.inmsol.com\/es\/#website"},"primaryImageOfPage":{"@id":"https:\/\/www.inmsol.com\/es\/blog-escuela\/leyendas-granada\/es-saheli\/#primaryimage"},"image":{"@id":"https:\/\/www.inmsol.com\/es\/blog-escuela\/leyendas-granada\/es-saheli\/#primaryimage"},"thumbnailUrl":"https:\/\/www.inmsol.com\/wp-content\/uploads\/2018\/05\/la-leyenda-de-abu-haq-es-saheli-arquitecto-y-poeta-granadino.jpg","datePublished":"2018-05-17T11:28:33+00:00","dateModified":"2018-05-17T12:04:31+00:00","description":"El poeta granadino que constru\u00eda mezquitas, Es Saheli fue toda una figura del mundo isl\u00e1mico y merece que se le dedique un momento a su memoria.","breadcrumb":{"@id":"https:\/\/www.inmsol.com\/es\/blog-escuela\/leyendas-granada\/es-saheli\/#breadcrumb"},"inLanguage":"es","potentialAction":[{"@type":"ReadAction","target":["https:\/\/www.inmsol.com\/es\/blog-escuela\/leyendas-granada\/es-saheli\/"]}]},{"@type":"ImageObject","inLanguage":"es","@id":"https:\/\/www.inmsol.com\/es\/blog-escuela\/leyendas-granada\/es-saheli\/#primaryimage","url":"https:\/\/www.inmsol.com\/wp-content\/uploads\/2018\/05\/la-leyenda-de-abu-haq-es-saheli-arquitecto-y-poeta-granadino.jpg","contentUrl":"https:\/\/www.inmsol.com\/wp-content\/uploads\/2018\/05\/la-leyenda-de-abu-haq-es-saheli-arquitecto-y-poeta-granadino.jpg","width":1920,"height":1279,"caption":"La leyenda de Abu Haq Es Saheli - Arquitecto y poeta granadino"},{"@type":"BreadcrumbList","@id":"https:\/\/www.inmsol.com\/es\/blog-escuela\/leyendas-granada\/es-saheli\/#breadcrumb","itemListElement":[{"@type":"ListItem","position":1,"name":"Accredited Center by Instituto Cervantes","item":"https:\/\/www.inmsol.com\/es\/pagina-ejemplo\/"},{"@type":"ListItem","position":2,"name":"Blog Escuela Espa\u00f1ol","item":"https:\/\/www.inmsol.com\/es\/category\/blog-escuela\/"},{"@type":"ListItem","position":3,"name":"Leyendas de Granada","item":"https:\/\/www.inmsol.com\/es\/category\/blog-escuela\/leyendas-granada\/"},{"@type":"ListItem","position":4,"name":"La leyenda de Abu Haq Es Saheli"}]},{"@type":"WebSite","@id":"https:\/\/www.inmsol.com\/es\/#website","url":"https:\/\/www.inmsol.com\/es\/","name":"iNMSOL","description":"Aprenda Espa\u00f1ol con iNMSOL en Granada | Centro Acreditado por el Instituto Cervantes","publisher":{"@id":"https:\/\/www.inmsol.com\/es\/#organization"},"potentialAction":[{"@type":"SearchAction","target":{"@type":"EntryPoint","urlTemplate":"https:\/\/www.inmsol.com\/es\/?s={search_term_string}"},"query-input":{"@type":"PropertyValueSpecification","valueRequired":true,"valueName":"search_term_string"}}],"inLanguage":"es"},{"@type":"Organization","@id":"https:\/\/www.inmsol.com\/es\/#organization","name":"Instituto Mediterr\u00e1neo Sol","url":"https:\/\/www.inmsol.com\/es\/","logo":{"@type":"ImageObject","inLanguage":"es","@id":"https:\/\/www.inmsol.com\/es\/#\/schema\/logo\/image\/","url":"https:\/\/www.inmsol.com\/wp-content\/uploads\/2023\/06\/logo-inmsol-1.png","contentUrl":"https:\/\/www.inmsol.com\/wp-content\/uploads\/2023\/06\/logo-inmsol-1.png","width":136,"height":73,"caption":"Instituto Mediterr\u00e1neo Sol"},"image":{"@id":"https:\/\/www.inmsol.com\/es\/#\/schema\/logo\/image\/"},"sameAs":["https:\/\/www.facebook.com\/spanishcourses","https:\/\/x.com\/StudyInGranada","http:\/\/instagram.com\/imsolgranada","https:\/\/es.linkedin.com\/company\/imsol-granada","https:\/\/www.pinterest.es\/inmsol\/","https:\/\/www.youtube.com\/channel\/UChz-Qn_7coFMosY85iYMO4g"]},{"@type":"Person","@id":"https:\/\/www.inmsol.com\/es\/#\/schema\/person\/18f18acd0397ef441e373e79ec3eb6ea","name":"Javier Torres","image":{"@type":"ImageObject","inLanguage":"es","@id":"https:\/\/secure.gravatar.com\/avatar\/90afa2d6499550218d247408758082af566e5ec3641e1b8eac0d7bb889344a55?s=96&d=mm&r=g","url":"https:\/\/secure.gravatar.com\/avatar\/90afa2d6499550218d247408758082af566e5ec3641e1b8eac0d7bb889344a55?s=96&d=mm&r=g","contentUrl":"https:\/\/secure.gravatar.com\/avatar\/90afa2d6499550218d247408758082af566e5ec3641e1b8eac0d7bb889344a55?s=96&d=mm&r=g","caption":"Javier Torres"},"url":"https:\/\/www.inmsol.com\/es\/author\/javier\/"}]}},"_links":{"self":[{"href":"https:\/\/www.inmsol.com\/es\/wp-json\/wp\/v2\/posts\/36531","targetHints":{"allow":["GET"]}}],"collection":[{"href":"https:\/\/www.inmsol.com\/es\/wp-json\/wp\/v2\/posts"}],"about":[{"href":"https:\/\/www.inmsol.com\/es\/wp-json\/wp\/v2\/types\/post"}],"author":[{"embeddable":true,"href":"https:\/\/www.inmsol.com\/es\/wp-json\/wp\/v2\/users\/2"}],"replies":[{"embeddable":true,"href":"https:\/\/www.inmsol.com\/es\/wp-json\/wp\/v2\/comments?post=36531"}],"version-history":[{"count":0,"href":"https:\/\/www.inmsol.com\/es\/wp-json\/wp\/v2\/posts\/36531\/revisions"}],"wp:featuredmedia":[{"embeddable":true,"href":"https:\/\/www.inmsol.com\/es\/wp-json\/wp\/v2\/media\/36542"}],"wp:attachment":[{"href":"https:\/\/www.inmsol.com\/es\/wp-json\/wp\/v2\/media?parent=36531"}],"wp:term":[{"taxonomy":"category","embeddable":true,"href":"https:\/\/www.inmsol.com\/es\/wp-json\/wp\/v2\/categories?post=36531"},{"taxonomy":"post_tag","embeddable":true,"href":"https:\/\/www.inmsol.com\/es\/wp-json\/wp\/v2\/tags?post=36531"}],"curies":[{"name":"wp","href":"https:\/\/api.w.org\/{rel}","templated":true}]}}