{"id":37488,"date":"2018-06-18T11:19:50","date_gmt":"2018-06-18T09:19:50","guid":{"rendered":"https:\/\/www.inmsol.com\/?p=37488"},"modified":"2018-06-20T16:06:08","modified_gmt":"2018-06-20T14:06:08","slug":"examenes-dele-ccse-de-2019","status":"publish","type":"post","link":"https:\/\/www.inmsol.com\/es\/blog-escuela\/noticias\/examenes-dele-ccse-de-2019\/","title":{"rendered":"Ex\u00e1menes DELE y CCSE de 2019"},"content":{"rendered":"<p>El <a href=\"https:\/\/examenes.cervantes.es\/\" target=\"_blank\" rel=\"noopener\">Instituto Cervantes<\/a> ya ha publicado las fechas de las convocatorias DELE y CCSE para el a\u00f1o 2019, y sus correspondientes periodos de inscripci\u00f3n. <a href=\"https:\/\/www.inmsol.com\/es\/\" target=\"_blank\" rel=\"noopener\">Instituto Mediterr\u00e1neo Sol<\/a>, como centro examinador oficial de ambos ex\u00e1menes, te ofrece toda la informaci\u00f3n que puedas necesitar en nuestra secciones espec\u00edficas para <a href=\"https:\/\/www.inmsol.com\/es\/examenes-dele\/\" target=\"_blank\" rel=\"noopener\">DELE<\/a> y <a href=\"https:\/\/www.inmsol.com\/es\/escuela-espanol-granada\/centro-acreditado-para-el-test-del-ccse\/\" target=\"_blank\" rel=\"noopener\">CCSE<\/a>.<\/p>\n<p>&nbsp;<\/p>\n<h3>CALENDARIO FECHAS DELE 2019<\/h3>\n<table>\n<tbody>\n<tr>\n<td width=\"158\"><strong>CONVOCATORIA<\/strong><\/td>\n<td width=\"142\"><strong>FECHA DE LA PRUEBA ESCRITA<\/strong><\/td>\n<td width=\"132\"><strong>CIERRE DEL PLAZO DE INSCRIPCI\u00d3N<\/strong><\/td>\n<td width=\"144\"><strong>EX\u00c1MENES QUE SE OFRECEN<\/strong><\/td>\n<\/tr>\n<tr>\n<td width=\"158\"><strong>Febrero<\/strong><\/td>\n<td width=\"142\">Viernes, 8 de febrero de 2019<\/td>\n<td width=\"132\">09 de enero de 2019<\/td>\n<td width=\"144\">Generales: A2<\/td>\n<\/tr>\n<tr>\n<td width=\"158\"><strong>Abril<\/strong><\/td>\n<td width=\"142\">Viernes, 5 de abril de 2019<\/td>\n<td width=\"132\">6 de febrero de 2019<\/td>\n<td width=\"144\">Generales: A1, A2, B1, B2, C1<\/td>\n<\/tr>\n<tr>\n<td rowspan=\"2\" width=\"158\"><strong>\u00a0<\/strong><\/p>\n<p><strong>Mayo<\/strong><\/td>\n<td width=\"142\">Viernes, 24 de mayo de 2019<\/td>\n<td rowspan=\"2\" width=\"132\">&nbsp;<\/p>\n<p>27 de marzo de 2019<\/td>\n<td width=\"144\">Escolares: A1 y A2\/B1<\/td>\n<\/tr>\n<tr>\n<td width=\"142\">S\u00e1bado, 25 de mayo de 2019<\/td>\n<td width=\"144\">Generales: A1, A2, B1, B2, C1, C2<\/td>\n<\/tr>\n<tr>\n<td width=\"158\"><strong>Julio<\/strong><\/td>\n<td width=\"142\">Viernes, 12 de julio de 2019<\/td>\n<td width=\"132\">16 de mayo de 2019<\/td>\n<td width=\"144\">Generales: A2, B1, B2, C1<\/td>\n<\/tr>\n<tr>\n<td width=\"158\"><strong>Septiembre<\/strong><\/td>\n<td width=\"142\">Viernes, 13 de septiembre 2019<\/td>\n<td width=\"132\">24 de julio de 2019<\/td>\n<td width=\"144\">Generales: A2<\/p>\n<p>&nbsp;<\/td>\n<\/tr>\n<tr>\n<td width=\"158\"><strong>Octubre<\/strong><\/td>\n<td width=\"142\">Viernes, 4 de octubre de 2019<\/td>\n<td width=\"132\">21 de agosto de 2019<\/td>\n<td width=\"144\">Generales: A2, B1, B2<\/td>\n<\/tr>\n<tr>\n<td rowspan=\"2\" width=\"158\"><strong>\u00a0<\/strong><\/p>\n<p><strong>Noviembre<\/strong><\/td>\n<td width=\"142\">Viernes, 22 de noviembre de 2019<\/td>\n<td rowspan=\"2\" width=\"132\">&nbsp;<\/p>\n<p>9 de octubre de 2019<\/td>\n<td width=\"144\">Escolares: A1 y A2\/B1<\/td>\n<\/tr>\n<tr>\n<td width=\"142\">S\u00e1bado, 23 de noviembre de 2019<\/td>\n<td width=\"144\">Generales: A1, A2, B1, B2, C1, C2<\/td>\n<\/tr>\n<\/tbody>\n<\/table>\n<p>El inicio del plazo de inscripci\u00f3n DELE, tanto para las convocatorias ofrecidas en Espa\u00f1a como para el resto de centros de ex\u00e1menes del mundo, es el 14 de noviembre de 2018.<\/p>\n<p>El cierre del plazo de inscripci\u00f3n se marca a las 00:00 horas en horario de Espa\u00f1a del d\u00eda posterior y constituye la \u00faltima fecha en la que se admiten inscripciones en la convocatoria que se cierra.<\/p>\n<p>&nbsp;<\/p>\n<h3>CALENDARIO FECHAS CCSE 2019<\/h3>\n<table width=\"671\">\n<tbody>\n<tr>\n<td width=\"151\"><strong>CONVOCATORIA<\/strong><\/td>\n<td width=\"132\"><strong>FECHA DE LA PRUEBA ESCRITA<\/strong><\/td>\n<td width=\"387\"><strong>PER\u00cdODOS DE INSCRIPCI\u00d3N<\/strong><\/p>\n<p><strong>\u00a0<\/strong><\/td>\n<\/tr>\n<tr>\n<td width=\"151\"><strong>Enero<\/strong><\/td>\n<td width=\"132\">31 de enero<\/td>\n<td width=\"387\">Del 10 de septiembre de 2018 al 10 de enero de 2019<\/td>\n<\/tr>\n<tr>\n<td width=\"151\"><strong>Febrero<\/strong><\/td>\n<td width=\"132\">28 de febrero<\/td>\n<td width=\"387\">Del 10 de septiembre de 2018 al 7 de febrero de 2019<\/td>\n<\/tr>\n<tr>\n<td width=\"151\"><strong>Marzo<\/strong><\/td>\n<td width=\"132\">28 de marzo<\/td>\n<td width=\"387\">Del 10 de septiembre de 2018 al 7 de marzo de 2019<\/td>\n<\/tr>\n<tr>\n<td width=\"151\"><strong>Abril<\/strong><\/td>\n<td width=\"132\">25 de abril<\/td>\n<td width=\"387\">Del 10 de septiembre de 2018 al 4 de abril de 2019<\/td>\n<\/tr>\n<tr>\n<td width=\"151\"><strong>Mayo<\/strong><\/td>\n<td width=\"132\">30 de mayo<\/td>\n<td width=\"387\">Del 10 de septiembre de 2018 al 9 de mayo de 2019<\/td>\n<\/tr>\n<tr>\n<td width=\"151\"><strong>Junio<\/strong><\/td>\n<td width=\"132\">27 de junio<\/td>\n<td width=\"387\">Del 10 de septiembre de 2018 al 6 de junio de 2019<\/td>\n<\/tr>\n<tr>\n<td width=\"151\"><strong>Julio<\/strong><\/td>\n<td width=\"132\">25 de julio<\/td>\n<td width=\"387\">Del 10 de septiembre de 2018 al 4 de julio de 2019<\/td>\n<\/tr>\n<tr>\n<td width=\"151\"><strong>Septiembre<\/strong><\/td>\n<td width=\"132\">26 de septiembre<\/td>\n<td width=\"387\">Del 10 de septiembre de 2018 al 5 de septiembre de 2019<\/td>\n<\/tr>\n<tr>\n<td width=\"151\"><strong>Octubre<\/strong><\/td>\n<td width=\"132\">31 de octubre<\/td>\n<td width=\"387\">Del 10 de septiembre de 2018 al 10 de octubre de 2019<\/td>\n<\/tr>\n<tr>\n<td width=\"151\"><strong>Noviembre<\/strong><\/td>\n<td width=\"132\">28 de noviembre<\/td>\n<td width=\"387\">Del 10 de septiembre de 2018 al 7 de noviembre de 2019<\/td>\n<\/tr>\n<\/tbody>\n<\/table>\n<p>El inicio del plazo de inscripci\u00f3n CCSE para todas las convocatorias es el 10 de septiembre de 2018.<\/p>\n<p>&nbsp;<\/p>\n<p>Consulta la p\u00e1gina web oficial del Instituto Cervantes para m\u00e1s informaci\u00f3n y para reservar tus ex\u00e1menes:<\/p>\n<h3><a href=\"https:\/\/examenes.cervantes.es\/\" target=\"_blank\" rel=\"noopener\">examenes.cervantes.es<\/a><\/h3>\n<p>&nbsp;<\/p>\n<p><img fetchpriority=\"high\" decoding=\"async\" class=\"alignnone size-full wp-image-37491\" src=\"https:\/\/www.inmsol.com\/wp-content\/uploads\/2018\/06\/cabecera-dele-guia-estu.jpg\" alt=\"\" width=\"500\" height=\"259\" srcset=\"https:\/\/www.inmsol.com\/wp-content\/uploads\/2018\/06\/cabecera-dele-guia-estu.jpg 500w, https:\/\/www.inmsol.com\/wp-content\/uploads\/2018\/06\/cabecera-dele-guia-estu-64x33.jpg 64w, https:\/\/www.inmsol.com\/wp-content\/uploads\/2018\/06\/cabecera-dele-guia-estu-460x238.jpg 460w, https:\/\/www.inmsol.com\/wp-content\/uploads\/2018\/06\/cabecera-dele-guia-estu-250x130.jpg 250w\" sizes=\"(max-width: 500px) 100vw, 500px\" \/><\/p>\n","protected":false},"excerpt":{"rendered":"<p>El Instituto Cervantes ya he resuelto las fechas de las convocatorias DELE y CCSE para el a\u00f1o 2019, y sus correspondientes periodos de inscripci\u00f3n.<\/p>\n","protected":false},"author":3,"featured_media":37494,"comment_status":"closed","ping_status":"closed","sticky":false,"template":"","format":"standard","meta":{"_acf_changed":false,"footnotes":""},"categories":[82],"tags":[],"class_list":["post-37488","post","type-post","status-publish","format-standard","has-post-thumbnail","hentry","category-noticias"],"acf":[],"yoast_head":"<!-- This site is optimized with the Yoast SEO plugin v27.5 - https:\/\/yoast.com\/product\/yoast-seo-wordpress\/ -->\n<title>Ex\u00e1menes DELE y CCSE de 2019 &#8226; iNMSOL<\/title>\n<meta name=\"robots\" content=\"index, follow, max-snippet:-1, max-image-preview:large, max-video-preview:-1\" \/>\n<link rel=\"canonical\" href=\"https:\/\/www.inmsol.com\/es\/blog-escuela\/noticias\/examenes-dele-ccse-de-2019\/\" \/>\n<meta property=\"og:locale\" content=\"es_ES\" \/>\n<meta property=\"og:type\" content=\"article\" \/>\n<meta property=\"og:title\" content=\"Ex\u00e1menes DELE y CCSE de 2019 &#8226; iNMSOL\" \/>\n<meta property=\"og:description\" content=\"El Instituto Cervantes ya he resuelto las fechas de las convocatorias DELE y CCSE para el a\u00f1o 2019, y sus correspondientes periodos de inscripci\u00f3n.\" \/>\n<meta property=\"og:url\" content=\"https:\/\/www.inmsol.com\/es\/blog-escuela\/noticias\/examenes-dele-ccse-de-2019\/\" \/>\n<meta property=\"og:site_name\" content=\"iNMSOL\" \/>\n<meta property=\"article:publisher\" content=\"https:\/\/www.facebook.com\/spanishcourses\" \/>\n<meta property=\"article:published_time\" content=\"2018-06-18T09:19:50+00:00\" \/>\n<meta property=\"article:modified_time\" content=\"2018-06-20T14:06:08+00:00\" \/>\n<meta property=\"og:image\" content=\"https:\/\/www.inmsol.com\/wp-content\/uploads\/2018\/06\/logo_dele_rgb-2.jpg\" \/>\n\t<meta property=\"og:image:width\" content=\"280\" \/>\n\t<meta property=\"og:image:height\" content=\"248\" \/>\n\t<meta property=\"og:image:type\" content=\"image\/jpeg\" \/>\n<meta name=\"author\" content=\"- Instituto Mediterr\u00e1neo Sol\" \/>\n<meta name=\"twitter:label1\" content=\"Escrito por\" \/>\n\t<meta name=\"twitter:data1\" content=\"- Instituto Mediterr\u00e1neo Sol\" \/>\n\t<meta name=\"twitter:label2\" content=\"Tiempo de lectura\" \/>\n\t<meta name=\"twitter:data2\" content=\"2 minutos\" \/>\n<script type=\"application\/ld+json\" class=\"yoast-schema-graph\">{\"@context\":\"https:\\\/\\\/schema.org\",\"@graph\":[{\"@type\":\"Article\",\"@id\":\"https:\\\/\\\/www.inmsol.com\\\/es\\\/blog-escuela\\\/noticias\\\/examenes-dele-ccse-de-2019\\\/#article\",\"isPartOf\":{\"@id\":\"https:\\\/\\\/www.inmsol.com\\\/es\\\/blog-escuela\\\/noticias\\\/examenes-dele-ccse-de-2019\\\/\"},\"author\":{\"name\":\"- Instituto Mediterr\u00e1neo Sol\",\"@id\":\"https:\\\/\\\/www.inmsol.com\\\/es\\\/#\\\/schema\\\/person\\\/94a7a01d14a56d1fbc49c841ffc57fe9\"},\"headline\":\"Ex\u00e1menes DELE y CCSE de 2019\",\"datePublished\":\"2018-06-18T09:19:50+00:00\",\"dateModified\":\"2018-06-20T14:06:08+00:00\",\"mainEntityOfPage\":{\"@id\":\"https:\\\/\\\/www.inmsol.com\\\/es\\\/blog-escuela\\\/noticias\\\/examenes-dele-ccse-de-2019\\\/\"},\"wordCount\":430,\"publisher\":{\"@id\":\"https:\\\/\\\/www.inmsol.com\\\/es\\\/#organization\"},\"image\":{\"@id\":\"https:\\\/\\\/www.inmsol.com\\\/es\\\/blog-escuela\\\/noticias\\\/examenes-dele-ccse-de-2019\\\/#primaryimage\"},\"thumbnailUrl\":\"https:\\\/\\\/www.inmsol.com\\\/wp-content\\\/uploads\\\/2018\\\/06\\\/logo_dele_rgb-2.jpg\",\"articleSection\":[\"Noticias y Servicios iNMSOL\"],\"inLanguage\":\"es\"},{\"@type\":\"WebPage\",\"@id\":\"https:\\\/\\\/www.inmsol.com\\\/es\\\/blog-escuela\\\/noticias\\\/examenes-dele-ccse-de-2019\\\/\",\"url\":\"https:\\\/\\\/www.inmsol.com\\\/es\\\/blog-escuela\\\/noticias\\\/examenes-dele-ccse-de-2019\\\/\",\"name\":\"Ex\u00e1menes DELE y CCSE de 2019 &#8226; iNMSOL\",\"isPartOf\":{\"@id\":\"https:\\\/\\\/www.inmsol.com\\\/es\\\/#website\"},\"primaryImageOfPage\":{\"@id\":\"https:\\\/\\\/www.inmsol.com\\\/es\\\/blog-escuela\\\/noticias\\\/examenes-dele-ccse-de-2019\\\/#primaryimage\"},\"image\":{\"@id\":\"https:\\\/\\\/www.inmsol.com\\\/es\\\/blog-escuela\\\/noticias\\\/examenes-dele-ccse-de-2019\\\/#primaryimage\"},\"thumbnailUrl\":\"https:\\\/\\\/www.inmsol.com\\\/wp-content\\\/uploads\\\/2018\\\/06\\\/logo_dele_rgb-2.jpg\",\"datePublished\":\"2018-06-18T09:19:50+00:00\",\"dateModified\":\"2018-06-20T14:06:08+00:00\",\"breadcrumb\":{\"@id\":\"https:\\\/\\\/www.inmsol.com\\\/es\\\/blog-escuela\\\/noticias\\\/examenes-dele-ccse-de-2019\\\/#breadcrumb\"},\"inLanguage\":\"es\",\"potentialAction\":[{\"@type\":\"ReadAction\",\"target\":[\"https:\\\/\\\/www.inmsol.com\\\/es\\\/blog-escuela\\\/noticias\\\/examenes-dele-ccse-de-2019\\\/\"]}]},{\"@type\":\"ImageObject\",\"inLanguage\":\"es\",\"@id\":\"https:\\\/\\\/www.inmsol.com\\\/es\\\/blog-escuela\\\/noticias\\\/examenes-dele-ccse-de-2019\\\/#primaryimage\",\"url\":\"https:\\\/\\\/www.inmsol.com\\\/wp-content\\\/uploads\\\/2018\\\/06\\\/logo_dele_rgb-2.jpg\",\"contentUrl\":\"https:\\\/\\\/www.inmsol.com\\\/wp-content\\\/uploads\\\/2018\\\/06\\\/logo_dele_rgb-2.jpg\",\"width\":280,\"height\":248},{\"@type\":\"BreadcrumbList\",\"@id\":\"https:\\\/\\\/www.inmsol.com\\\/es\\\/blog-escuela\\\/noticias\\\/examenes-dele-ccse-de-2019\\\/#breadcrumb\",\"itemListElement\":[{\"@type\":\"ListItem\",\"position\":1,\"name\":\"Accredited Center by Instituto Cervantes\",\"item\":\"https:\\\/\\\/www.inmsol.com\\\/es\\\/pagina-ejemplo\\\/\"},{\"@type\":\"ListItem\",\"position\":2,\"name\":\"Blog Escuela Espa\u00f1ol\",\"item\":\"https:\\\/\\\/www.inmsol.com\\\/es\\\/category\\\/blog-escuela\\\/\"},{\"@type\":\"ListItem\",\"position\":3,\"name\":\"Noticias y Servicios iNMSOL\",\"item\":\"https:\\\/\\\/www.inmsol.com\\\/es\\\/category\\\/blog-escuela\\\/noticias\\\/\"},{\"@type\":\"ListItem\",\"position\":4,\"name\":\"Ex\u00e1menes DELE y CCSE de 2019\"}]},{\"@type\":\"WebSite\",\"@id\":\"https:\\\/\\\/www.inmsol.com\\\/es\\\/#website\",\"url\":\"https:\\\/\\\/www.inmsol.com\\\/es\\\/\",\"name\":\"iNMSOL\",\"description\":\"Aprenda Espa\u00f1ol con iNMSOL en Granada | Centro Acreditado por el Instituto Cervantes\",\"publisher\":{\"@id\":\"https:\\\/\\\/www.inmsol.com\\\/es\\\/#organization\"},\"potentialAction\":[{\"@type\":\"SearchAction\",\"target\":{\"@type\":\"EntryPoint\",\"urlTemplate\":\"https:\\\/\\\/www.inmsol.com\\\/es\\\/?s={search_term_string}\"},\"query-input\":{\"@type\":\"PropertyValueSpecification\",\"valueRequired\":true,\"valueName\":\"search_term_string\"}}],\"inLanguage\":\"es\"},{\"@type\":\"Organization\",\"@id\":\"https:\\\/\\\/www.inmsol.com\\\/es\\\/#organization\",\"name\":\"Instituto Mediterr\u00e1neo Sol\",\"url\":\"https:\\\/\\\/www.inmsol.com\\\/es\\\/\",\"logo\":{\"@type\":\"ImageObject\",\"inLanguage\":\"es\",\"@id\":\"https:\\\/\\\/www.inmsol.com\\\/es\\\/#\\\/schema\\\/logo\\\/image\\\/\",\"url\":\"https:\\\/\\\/www.inmsol.com\\\/wp-content\\\/uploads\\\/2023\\\/06\\\/logo-inmsol-1.png\",\"contentUrl\":\"https:\\\/\\\/www.inmsol.com\\\/wp-content\\\/uploads\\\/2023\\\/06\\\/logo-inmsol-1.png\",\"width\":136,\"height\":73,\"caption\":\"Instituto Mediterr\u00e1neo Sol\"},\"image\":{\"@id\":\"https:\\\/\\\/www.inmsol.com\\\/es\\\/#\\\/schema\\\/logo\\\/image\\\/\"},\"sameAs\":[\"https:\\\/\\\/www.facebook.com\\\/spanishcourses\",\"https:\\\/\\\/x.com\\\/StudyInGranada\",\"http:\\\/\\\/instagram.com\\\/imsolgranada\",\"https:\\\/\\\/es.linkedin.com\\\/company\\\/imsol-granada\",\"https:\\\/\\\/www.pinterest.es\\\/inmsol\\\/\",\"https:\\\/\\\/www.youtube.com\\\/channel\\\/UChz-Qn_7coFMosY85iYMO4g\"]},{\"@type\":\"Person\",\"@id\":\"https:\\\/\\\/www.inmsol.com\\\/es\\\/#\\\/schema\\\/person\\\/94a7a01d14a56d1fbc49c841ffc57fe9\",\"name\":\"- Instituto Mediterr\u00e1neo Sol\",\"image\":{\"@type\":\"ImageObject\",\"inLanguage\":\"es\",\"@id\":\"https:\\\/\\\/secure.gravatar.com\\\/avatar\\\/5607fdabdf1b548b6095cc3d43079829bc1497403e70dd34004e7204a8fef62b?s=96&d=mm&r=g\",\"url\":\"https:\\\/\\\/secure.gravatar.com\\\/avatar\\\/5607fdabdf1b548b6095cc3d43079829bc1497403e70dd34004e7204a8fef62b?s=96&d=mm&r=g\",\"contentUrl\":\"https:\\\/\\\/secure.gravatar.com\\\/avatar\\\/5607fdabdf1b548b6095cc3d43079829bc1497403e70dd34004e7204a8fef62b?s=96&d=mm&r=g\",\"caption\":\"- Instituto Mediterr\u00e1neo Sol\"},\"url\":\"https:\\\/\\\/www.inmsol.com\\\/es\\\/author\\\/laura\\\/\"}]}<\/script>\n<!-- \/ Yoast SEO plugin. -->","yoast_head_json":{"title":"Ex\u00e1menes DELE y CCSE de 2019 &#8226; iNMSOL","robots":{"index":"index","follow":"follow","max-snippet":"max-snippet:-1","max-image-preview":"max-image-preview:large","max-video-preview":"max-video-preview:-1"},"canonical":"https:\/\/www.inmsol.com\/es\/blog-escuela\/noticias\/examenes-dele-ccse-de-2019\/","og_locale":"es_ES","og_type":"article","og_title":"Ex\u00e1menes DELE y CCSE de 2019 &#8226; iNMSOL","og_description":"El Instituto Cervantes ya he resuelto las fechas de las convocatorias DELE y CCSE para el a\u00f1o 2019, y sus correspondientes periodos de inscripci\u00f3n.","og_url":"https:\/\/www.inmsol.com\/es\/blog-escuela\/noticias\/examenes-dele-ccse-de-2019\/","og_site_name":"iNMSOL","article_publisher":"https:\/\/www.facebook.com\/spanishcourses","article_published_time":"2018-06-18T09:19:50+00:00","article_modified_time":"2018-06-20T14:06:08+00:00","og_image":[{"width":280,"height":248,"url":"https:\/\/www.inmsol.com\/wp-content\/uploads\/2018\/06\/logo_dele_rgb-2.jpg","type":"image\/jpeg"}],"author":"- Instituto Mediterr\u00e1neo Sol","twitter_misc":{"Escrito por":"- Instituto Mediterr\u00e1neo Sol","Tiempo de lectura":"2 minutos"},"schema":{"@context":"https:\/\/schema.org","@graph":[{"@type":"Article","@id":"https:\/\/www.inmsol.com\/es\/blog-escuela\/noticias\/examenes-dele-ccse-de-2019\/#article","isPartOf":{"@id":"https:\/\/www.inmsol.com\/es\/blog-escuela\/noticias\/examenes-dele-ccse-de-2019\/"},"author":{"name":"- Instituto Mediterr\u00e1neo Sol","@id":"https:\/\/www.inmsol.com\/es\/#\/schema\/person\/94a7a01d14a56d1fbc49c841ffc57fe9"},"headline":"Ex\u00e1menes DELE y CCSE de 2019","datePublished":"2018-06-18T09:19:50+00:00","dateModified":"2018-06-20T14:06:08+00:00","mainEntityOfPage":{"@id":"https:\/\/www.inmsol.com\/es\/blog-escuela\/noticias\/examenes-dele-ccse-de-2019\/"},"wordCount":430,"publisher":{"@id":"https:\/\/www.inmsol.com\/es\/#organization"},"image":{"@id":"https:\/\/www.inmsol.com\/es\/blog-escuela\/noticias\/examenes-dele-ccse-de-2019\/#primaryimage"},"thumbnailUrl":"https:\/\/www.inmsol.com\/wp-content\/uploads\/2018\/06\/logo_dele_rgb-2.jpg","articleSection":["Noticias y Servicios iNMSOL"],"inLanguage":"es"},{"@type":"WebPage","@id":"https:\/\/www.inmsol.com\/es\/blog-escuela\/noticias\/examenes-dele-ccse-de-2019\/","url":"https:\/\/www.inmsol.com\/es\/blog-escuela\/noticias\/examenes-dele-ccse-de-2019\/","name":"Ex\u00e1menes DELE y CCSE de 2019 &#8226; iNMSOL","isPartOf":{"@id":"https:\/\/www.inmsol.com\/es\/#website"},"primaryImageOfPage":{"@id":"https:\/\/www.inmsol.com\/es\/blog-escuela\/noticias\/examenes-dele-ccse-de-2019\/#primaryimage"},"image":{"@id":"https:\/\/www.inmsol.com\/es\/blog-escuela\/noticias\/examenes-dele-ccse-de-2019\/#primaryimage"},"thumbnailUrl":"https:\/\/www.inmsol.com\/wp-content\/uploads\/2018\/06\/logo_dele_rgb-2.jpg","datePublished":"2018-06-18T09:19:50+00:00","dateModified":"2018-06-20T14:06:08+00:00","breadcrumb":{"@id":"https:\/\/www.inmsol.com\/es\/blog-escuela\/noticias\/examenes-dele-ccse-de-2019\/#breadcrumb"},"inLanguage":"es","potentialAction":[{"@type":"ReadAction","target":["https:\/\/www.inmsol.com\/es\/blog-escuela\/noticias\/examenes-dele-ccse-de-2019\/"]}]},{"@type":"ImageObject","inLanguage":"es","@id":"https:\/\/www.inmsol.com\/es\/blog-escuela\/noticias\/examenes-dele-ccse-de-2019\/#primaryimage","url":"https:\/\/www.inmsol.com\/wp-content\/uploads\/2018\/06\/logo_dele_rgb-2.jpg","contentUrl":"https:\/\/www.inmsol.com\/wp-content\/uploads\/2018\/06\/logo_dele_rgb-2.jpg","width":280,"height":248},{"@type":"BreadcrumbList","@id":"https:\/\/www.inmsol.com\/es\/blog-escuela\/noticias\/examenes-dele-ccse-de-2019\/#breadcrumb","itemListElement":[{"@type":"ListItem","position":1,"name":"Accredited Center by Instituto Cervantes","item":"https:\/\/www.inmsol.com\/es\/pagina-ejemplo\/"},{"@type":"ListItem","position":2,"name":"Blog Escuela Espa\u00f1ol","item":"https:\/\/www.inmsol.com\/es\/category\/blog-escuela\/"},{"@type":"ListItem","position":3,"name":"Noticias y Servicios iNMSOL","item":"https:\/\/www.inmsol.com\/es\/category\/blog-escuela\/noticias\/"},{"@type":"ListItem","position":4,"name":"Ex\u00e1menes DELE y CCSE de 2019"}]},{"@type":"WebSite","@id":"https:\/\/www.inmsol.com\/es\/#website","url":"https:\/\/www.inmsol.com\/es\/","name":"iNMSOL","description":"Aprenda Espa\u00f1ol con iNMSOL en Granada | Centro Acreditado por el Instituto Cervantes","publisher":{"@id":"https:\/\/www.inmsol.com\/es\/#organization"},"potentialAction":[{"@type":"SearchAction","target":{"@type":"EntryPoint","urlTemplate":"https:\/\/www.inmsol.com\/es\/?s={search_term_string}"},"query-input":{"@type":"PropertyValueSpecification","valueRequired":true,"valueName":"search_term_string"}}],"inLanguage":"es"},{"@type":"Organization","@id":"https:\/\/www.inmsol.com\/es\/#organization","name":"Instituto Mediterr\u00e1neo Sol","url":"https:\/\/www.inmsol.com\/es\/","logo":{"@type":"ImageObject","inLanguage":"es","@id":"https:\/\/www.inmsol.com\/es\/#\/schema\/logo\/image\/","url":"https:\/\/www.inmsol.com\/wp-content\/uploads\/2023\/06\/logo-inmsol-1.png","contentUrl":"https:\/\/www.inmsol.com\/wp-content\/uploads\/2023\/06\/logo-inmsol-1.png","width":136,"height":73,"caption":"Instituto Mediterr\u00e1neo Sol"},"image":{"@id":"https:\/\/www.inmsol.com\/es\/#\/schema\/logo\/image\/"},"sameAs":["https:\/\/www.facebook.com\/spanishcourses","https:\/\/x.com\/StudyInGranada","http:\/\/instagram.com\/imsolgranada","https:\/\/es.linkedin.com\/company\/imsol-granada","https:\/\/www.pinterest.es\/inmsol\/","https:\/\/www.youtube.com\/channel\/UChz-Qn_7coFMosY85iYMO4g"]},{"@type":"Person","@id":"https:\/\/www.inmsol.com\/es\/#\/schema\/person\/94a7a01d14a56d1fbc49c841ffc57fe9","name":"- Instituto Mediterr\u00e1neo Sol","image":{"@type":"ImageObject","inLanguage":"es","@id":"https:\/\/secure.gravatar.com\/avatar\/5607fdabdf1b548b6095cc3d43079829bc1497403e70dd34004e7204a8fef62b?s=96&d=mm&r=g","url":"https:\/\/secure.gravatar.com\/avatar\/5607fdabdf1b548b6095cc3d43079829bc1497403e70dd34004e7204a8fef62b?s=96&d=mm&r=g","contentUrl":"https:\/\/secure.gravatar.com\/avatar\/5607fdabdf1b548b6095cc3d43079829bc1497403e70dd34004e7204a8fef62b?s=96&d=mm&r=g","caption":"- Instituto Mediterr\u00e1neo Sol"},"url":"https:\/\/www.inmsol.com\/es\/author\/laura\/"}]}},"_links":{"self":[{"href":"https:\/\/www.inmsol.com\/es\/wp-json\/wp\/v2\/posts\/37488","targetHints":{"allow":["GET"]}}],"collection":[{"href":"https:\/\/www.inmsol.com\/es\/wp-json\/wp\/v2\/posts"}],"about":[{"href":"https:\/\/www.inmsol.com\/es\/wp-json\/wp\/v2\/types\/post"}],"author":[{"embeddable":true,"href":"https:\/\/www.inmsol.com\/es\/wp-json\/wp\/v2\/users\/3"}],"replies":[{"embeddable":true,"href":"https:\/\/www.inmsol.com\/es\/wp-json\/wp\/v2\/comments?post=37488"}],"version-history":[{"count":0,"href":"https:\/\/www.inmsol.com\/es\/wp-json\/wp\/v2\/posts\/37488\/revisions"}],"wp:featuredmedia":[{"embeddable":true,"href":"https:\/\/www.inmsol.com\/es\/wp-json\/wp\/v2\/media\/37494"}],"wp:attachment":[{"href":"https:\/\/www.inmsol.com\/es\/wp-json\/wp\/v2\/media?parent=37488"}],"wp:term":[{"taxonomy":"category","embeddable":true,"href":"https:\/\/www.inmsol.com\/es\/wp-json\/wp\/v2\/categories?post=37488"},{"taxonomy":"post_tag","embeddable":true,"href":"https:\/\/www.inmsol.com\/es\/wp-json\/wp\/v2\/tags?post=37488"}],"curies":[{"name":"wp","href":"https:\/\/api.w.org\/{rel}","templated":true}]}}