{"id":37735,"date":"2018-07-19T12:31:12","date_gmt":"2018-07-19T10:31:12","guid":{"rendered":"https:\/\/www.inmsol.com\/blog-escuela\/nuevas-lineas-de-autobuses-urbanos-en-granada\/"},"modified":"2019-02-26T09:49:45","modified_gmt":"2019-02-26T08:49:45","slug":"nuevas-lineas-de-autobuses-urbanos-en-granada","status":"publish","type":"post","link":"https:\/\/www.inmsol.com\/es\/blog-escuela\/noticias\/nuevas-lineas-de-autobuses-urbanos-en-granada\/","title":{"rendered":"Nuevas l\u00edneas de autobuses urbanos en Granada"},"content":{"rendered":"<p>El pasado lunes 16 de julio de 2018 se han puesto en marcha las nuevas\u00a0 l\u00edneas de autobuses urbanos en <a href=\"https:\/\/www.inmsol.com\/es\/category\/blog-escuela\/lugares-imprescindibles-granada\/\" target=\"_blank\" rel=\"noopener noreferrer\">Granada<\/a>. Desde <a href=\"https:\/\/www.inmsol.com\/es\/\" target=\"_blank\" rel=\"noopener noreferrer\">Instituto Mediterr\u00e1neo Sol<\/a> queremos informar a todos nuestros estudiantes y usuarios de estos cambios tan importantes. Conocer el transporte urbano de la ciudad es esencial para poder movernos con facilidad y explorar todos los rincones.<\/p>\n<h3>Cambio en los nombres de las l\u00edneas<\/h3>\n<p>Como ya pod\u00e9is comprobar, los autobuses tendr\u00e1n un n\u00famero diferente, ya que ha habido una reordenaci\u00f3n del recorrido.<\/p>\n<p>Desaparecen los \u00abSN\u00bb y tambi\u00e9n desaparece la l\u00ednea \u00abLAC\u00bb. El resto se organizan en cinco grandes grupos:<\/p>\n<ul>\n<li>Red principal: l\u00edneas 33 \u2013 3 \u2013 4 \u2013 5 \u2013 6 \u2013 11 y 21<\/li>\n<li>Red complementaria norte: l\u00edneas N1 \u2013 N3 \u2013 N4 \u2013 N5 \u2013 N6 \u2013 N7 \u2013 N8 &#8211; N9<\/li>\n<li>Red complementaria sur: l\u00edneas S0 \u2013 S2 \u2013 S3<\/li>\n<li>Red centro (barrios hist\u00f3ricos): C30 \u2013 C31 \u2013 C32 \u2013 C34 &#8211; C35<\/li>\n<li>L\u00edneas especiales:\n<ul>\n<li>Universitarias: U1 &#8211; U2 \u2013 U3<\/li>\n<li>Nocturnas (b\u00faho): 111 \u2013 121 (solamente s\u00e1bados y festivos)<\/li>\n<li>Cementerio: 13<\/li>\n<\/ul>\n<\/li>\n<\/ul>\n<p>Las l\u00edneas (excepto las nocturnas) funcionan lossiete d\u00edas de la semana incluidos domingos y festivos, normalmente desde las 06,00 hasta las 00,00 horas (dependiendo de la l\u00ednea).<\/p>\n<p>Las l\u00edneas nocturnas funcionan solamente los s\u00e1bados y festivos, desde las 00,00 hasta las 06,00 horas.<\/p>\n<p><img fetchpriority=\"high\" decoding=\"async\" class=\"size-large wp-image-37730 aligncenter\" src=\"https:\/\/www.inmsol.com\/wp-content\/uploads\/2018\/07\/bus-interior-1024x683.jpg\" alt=\"\" width=\"550\" height=\"367\" srcset=\"https:\/\/www.inmsol.com\/wp-content\/uploads\/2018\/07\/bus-interior.jpg 1024w, https:\/\/www.inmsol.com\/wp-content\/uploads\/2018\/07\/bus-interior-800x534.jpg 800w, https:\/\/www.inmsol.com\/wp-content\/uploads\/2018\/07\/bus-interior-64x43.jpg 64w, https:\/\/www.inmsol.com\/wp-content\/uploads\/2018\/07\/bus-interior-450x300.jpg 450w, https:\/\/www.inmsol.com\/wp-content\/uploads\/2018\/07\/bus-interior-768x512.jpg 768w, https:\/\/www.inmsol.com\/wp-content\/uploads\/2018\/07\/bus-interior-250x167.jpg 250w, https:\/\/www.inmsol.com\/wp-content\/uploads\/2018\/07\/bus-interior-600x400.jpg 600w\" sizes=\"(max-width: 550px) 100vw, 550px\" \/><\/p>\n<p>&nbsp;<\/p>\n<h3>Cambio en los recorridos de las l\u00edneas<\/h3>\n<p>Los recorridos de los autobuses tambi\u00e9n han sufrido cambios. Por eso, las nuevas l\u00edneas no se corresponden exactamente con las anteriores, han cambiado ligeramente sus rutas.<\/p>\n<p>Aqu\u00ed podr\u00e9is comprobar el nuevo mapa de l\u00edneas:<\/p>\n<p><img decoding=\"async\" class=\"size-large wp-image-37733 aligncenter\" src=\"https:\/\/www.inmsol.com\/wp-content\/uploads\/2018\/07\/planolc-1024x724.jpg\" alt=\"\" width=\"550\" height=\"389\" srcset=\"https:\/\/www.inmsol.com\/wp-content\/uploads\/2018\/07\/planolc-1024x724.jpg 1024w, https:\/\/www.inmsol.com\/wp-content\/uploads\/2018\/07\/planolc-800x565.jpg 800w, https:\/\/www.inmsol.com\/wp-content\/uploads\/2018\/07\/planolc-64x45.jpg 64w, https:\/\/www.inmsol.com\/wp-content\/uploads\/2018\/07\/planolc-424x300.jpg 424w, https:\/\/www.inmsol.com\/wp-content\/uploads\/2018\/07\/planolc-768x543.jpg 768w, https:\/\/www.inmsol.com\/wp-content\/uploads\/2018\/07\/planolc-250x177.jpg 250w, https:\/\/www.inmsol.com\/wp-content\/uploads\/2018\/07\/planolc-566x400.jpg 566w, https:\/\/www.inmsol.com\/wp-content\/uploads\/2018\/07\/planolc.jpg 1920w\" sizes=\"(max-width: 550px) 100vw, 550px\" \/><\/p>\n<p>En la web oficial de los autobuses urbanos de Granada (<a href=\"http:\/\/www.transportesrober.com\/\">www.transportesrober.com<\/a>) podr\u00e9is obtener toda la informaci\u00f3n necesaria sobre l\u00edneas, recorridos y horarios.<\/p>\n<p><img decoding=\"async\" class=\"size-full wp-image-37726 aligncenter\" src=\"https:\/\/www.inmsol.com\/wp-content\/uploads\/2018\/07\/cabecera-transportes-rober-recortado.jpg\" alt=\"\" width=\"500\" height=\"147\" srcset=\"https:\/\/www.inmsol.com\/wp-content\/uploads\/2018\/07\/cabecera-transportes-rober-recortado.jpg 500w, https:\/\/www.inmsol.com\/wp-content\/uploads\/2018\/07\/cabecera-transportes-rober-recortado-64x19.jpg 64w, https:\/\/www.inmsol.com\/wp-content\/uploads\/2018\/07\/cabecera-transportes-rober-recortado-460x135.jpg 460w, https:\/\/www.inmsol.com\/wp-content\/uploads\/2018\/07\/cabecera-transportes-rober-recortado-250x74.jpg 250w\" sizes=\"(max-width: 500px) 100vw, 500px\" \/><\/p>\n<p>\u00a1Esperamos que esta informaci\u00f3n sea de utilidad!<\/p>\n","protected":false},"excerpt":{"rendered":"<p>El pasado lunes 16 de julio de 2018 se han puesto en marcha las nuevas l\u00edneas de autobuses urbanos en Granada. Desde Instituto Mediterr\u00e1neo Sol queremos informar a todos nuestros estudiantes y usuarios de estos cambios tan importantes. Conocer el transporte urbano de la ciudad es esencial para poder movernos con facilidad y explorar todos los rincones.<\/p>\n","protected":false},"author":3,"featured_media":37728,"comment_status":"closed","ping_status":"closed","sticky":false,"template":"","format":"standard","meta":{"_acf_changed":false,"footnotes":""},"categories":[82],"tags":[],"class_list":["post-37735","post","type-post","status-publish","format-standard","has-post-thumbnail","hentry","category-noticias"],"acf":[],"yoast_head":"<!-- This site is optimized with the Yoast SEO plugin v27.5 - https:\/\/yoast.com\/product\/yoast-seo-wordpress\/ -->\n<title>Nuevas l\u00edneas de autobuses urbanos en Granada<\/title>\n<meta name=\"description\" content=\"El pasado lunes se han puesto en marcha las nuevas l\u00edneas de autobuses urbanos en Granada. Desde Instituto Mediterr\u00e1neo Sol queremos informar a todos nuestros estudiantes y usuarios de estos cambios tan importantes.\" \/>\n<meta name=\"robots\" content=\"index, follow, max-snippet:-1, max-image-preview:large, max-video-preview:-1\" \/>\n<link rel=\"canonical\" href=\"https:\/\/www.inmsol.com\/es\/blog-escuela\/noticias\/nuevas-lineas-de-autobuses-urbanos-en-granada\/\" \/>\n<meta property=\"og:locale\" content=\"es_ES\" \/>\n<meta property=\"og:type\" content=\"article\" \/>\n<meta property=\"og:title\" content=\"Nuevas l\u00edneas de autobuses urbanos en Granada\" \/>\n<meta property=\"og:description\" content=\"El pasado lunes se han puesto en marcha las nuevas l\u00edneas de autobuses urbanos en Granada. Desde Instituto Mediterr\u00e1neo Sol queremos informar a todos nuestros estudiantes y usuarios de estos cambios tan importantes.\" \/>\n<meta property=\"og:url\" content=\"https:\/\/www.inmsol.com\/es\/blog-escuela\/noticias\/nuevas-lineas-de-autobuses-urbanos-en-granada\/\" \/>\n<meta property=\"og:site_name\" content=\"iNMSOL\" \/>\n<meta property=\"article:publisher\" content=\"https:\/\/www.facebook.com\/spanishcourses\" \/>\n<meta property=\"article:published_time\" content=\"2018-07-19T10:31:12+00:00\" \/>\n<meta property=\"article:modified_time\" content=\"2019-02-26T08:49:45+00:00\" \/>\n<meta property=\"og:image\" content=\"https:\/\/www.inmsol.com\/wp-content\/uploads\/2018\/07\/buses.jpg\" \/>\n\t<meta property=\"og:image:width\" content=\"1024\" \/>\n\t<meta property=\"og:image:height\" content=\"768\" \/>\n\t<meta property=\"og:image:type\" content=\"image\/jpeg\" \/>\n<meta name=\"author\" content=\"- Instituto Mediterr\u00e1neo Sol\" \/>\n<meta name=\"twitter:label1\" content=\"Escrito por\" \/>\n\t<meta name=\"twitter:data1\" content=\"- Instituto Mediterr\u00e1neo Sol\" \/>\n\t<meta name=\"twitter:label2\" content=\"Tiempo de lectura\" \/>\n\t<meta name=\"twitter:data2\" content=\"1 minuto\" \/>\n<script type=\"application\/ld+json\" class=\"yoast-schema-graph\">{\"@context\":\"https:\\\/\\\/schema.org\",\"@graph\":[{\"@type\":\"Article\",\"@id\":\"https:\\\/\\\/www.inmsol.com\\\/es\\\/blog-escuela\\\/noticias\\\/nuevas-lineas-de-autobuses-urbanos-en-granada\\\/#article\",\"isPartOf\":{\"@id\":\"https:\\\/\\\/www.inmsol.com\\\/es\\\/blog-escuela\\\/noticias\\\/nuevas-lineas-de-autobuses-urbanos-en-granada\\\/\"},\"author\":{\"name\":\"- Instituto Mediterr\u00e1neo Sol\",\"@id\":\"https:\\\/\\\/www.inmsol.com\\\/es\\\/#\\\/schema\\\/person\\\/94a7a01d14a56d1fbc49c841ffc57fe9\"},\"headline\":\"Nuevas l\u00edneas de autobuses urbanos en Granada\",\"datePublished\":\"2018-07-19T10:31:12+00:00\",\"dateModified\":\"2019-02-26T08:49:45+00:00\",\"mainEntityOfPage\":{\"@id\":\"https:\\\/\\\/www.inmsol.com\\\/es\\\/blog-escuela\\\/noticias\\\/nuevas-lineas-de-autobuses-urbanos-en-granada\\\/\"},\"wordCount\":295,\"publisher\":{\"@id\":\"https:\\\/\\\/www.inmsol.com\\\/es\\\/#organization\"},\"image\":{\"@id\":\"https:\\\/\\\/www.inmsol.com\\\/es\\\/blog-escuela\\\/noticias\\\/nuevas-lineas-de-autobuses-urbanos-en-granada\\\/#primaryimage\"},\"thumbnailUrl\":\"https:\\\/\\\/www.inmsol.com\\\/wp-content\\\/uploads\\\/2018\\\/07\\\/buses.jpg\",\"articleSection\":[\"Noticias y Servicios iNMSOL\"],\"inLanguage\":\"es\"},{\"@type\":\"WebPage\",\"@id\":\"https:\\\/\\\/www.inmsol.com\\\/es\\\/blog-escuela\\\/noticias\\\/nuevas-lineas-de-autobuses-urbanos-en-granada\\\/\",\"url\":\"https:\\\/\\\/www.inmsol.com\\\/es\\\/blog-escuela\\\/noticias\\\/nuevas-lineas-de-autobuses-urbanos-en-granada\\\/\",\"name\":\"Nuevas l\u00edneas de autobuses urbanos en Granada\",\"isPartOf\":{\"@id\":\"https:\\\/\\\/www.inmsol.com\\\/es\\\/#website\"},\"primaryImageOfPage\":{\"@id\":\"https:\\\/\\\/www.inmsol.com\\\/es\\\/blog-escuela\\\/noticias\\\/nuevas-lineas-de-autobuses-urbanos-en-granada\\\/#primaryimage\"},\"image\":{\"@id\":\"https:\\\/\\\/www.inmsol.com\\\/es\\\/blog-escuela\\\/noticias\\\/nuevas-lineas-de-autobuses-urbanos-en-granada\\\/#primaryimage\"},\"thumbnailUrl\":\"https:\\\/\\\/www.inmsol.com\\\/wp-content\\\/uploads\\\/2018\\\/07\\\/buses.jpg\",\"datePublished\":\"2018-07-19T10:31:12+00:00\",\"dateModified\":\"2019-02-26T08:49:45+00:00\",\"description\":\"El pasado lunes se han puesto en marcha las nuevas l\u00edneas de autobuses urbanos en Granada. Desde Instituto Mediterr\u00e1neo Sol queremos informar a todos nuestros estudiantes y usuarios de estos cambios tan importantes.\",\"breadcrumb\":{\"@id\":\"https:\\\/\\\/www.inmsol.com\\\/es\\\/blog-escuela\\\/noticias\\\/nuevas-lineas-de-autobuses-urbanos-en-granada\\\/#breadcrumb\"},\"inLanguage\":\"es\",\"potentialAction\":[{\"@type\":\"ReadAction\",\"target\":[\"https:\\\/\\\/www.inmsol.com\\\/es\\\/blog-escuela\\\/noticias\\\/nuevas-lineas-de-autobuses-urbanos-en-granada\\\/\"]}]},{\"@type\":\"ImageObject\",\"inLanguage\":\"es\",\"@id\":\"https:\\\/\\\/www.inmsol.com\\\/es\\\/blog-escuela\\\/noticias\\\/nuevas-lineas-de-autobuses-urbanos-en-granada\\\/#primaryimage\",\"url\":\"https:\\\/\\\/www.inmsol.com\\\/wp-content\\\/uploads\\\/2018\\\/07\\\/buses.jpg\",\"contentUrl\":\"https:\\\/\\\/www.inmsol.com\\\/wp-content\\\/uploads\\\/2018\\\/07\\\/buses.jpg\",\"width\":1024,\"height\":768},{\"@type\":\"BreadcrumbList\",\"@id\":\"https:\\\/\\\/www.inmsol.com\\\/es\\\/blog-escuela\\\/noticias\\\/nuevas-lineas-de-autobuses-urbanos-en-granada\\\/#breadcrumb\",\"itemListElement\":[{\"@type\":\"ListItem\",\"position\":1,\"name\":\"Accredited Center by Instituto Cervantes\",\"item\":\"https:\\\/\\\/www.inmsol.com\\\/es\\\/pagina-ejemplo\\\/\"},{\"@type\":\"ListItem\",\"position\":2,\"name\":\"Blog Escuela Espa\u00f1ol\",\"item\":\"https:\\\/\\\/www.inmsol.com\\\/es\\\/category\\\/blog-escuela\\\/\"},{\"@type\":\"ListItem\",\"position\":3,\"name\":\"Noticias y Servicios iNMSOL\",\"item\":\"https:\\\/\\\/www.inmsol.com\\\/es\\\/category\\\/blog-escuela\\\/noticias\\\/\"},{\"@type\":\"ListItem\",\"position\":4,\"name\":\"Nuevas l\u00edneas de autobuses urbanos en Granada\"}]},{\"@type\":\"WebSite\",\"@id\":\"https:\\\/\\\/www.inmsol.com\\\/es\\\/#website\",\"url\":\"https:\\\/\\\/www.inmsol.com\\\/es\\\/\",\"name\":\"iNMSOL\",\"description\":\"Aprenda Espa\u00f1ol con iNMSOL en Granada | Centro Acreditado por el Instituto Cervantes\",\"publisher\":{\"@id\":\"https:\\\/\\\/www.inmsol.com\\\/es\\\/#organization\"},\"potentialAction\":[{\"@type\":\"SearchAction\",\"target\":{\"@type\":\"EntryPoint\",\"urlTemplate\":\"https:\\\/\\\/www.inmsol.com\\\/es\\\/?s={search_term_string}\"},\"query-input\":{\"@type\":\"PropertyValueSpecification\",\"valueRequired\":true,\"valueName\":\"search_term_string\"}}],\"inLanguage\":\"es\"},{\"@type\":\"Organization\",\"@id\":\"https:\\\/\\\/www.inmsol.com\\\/es\\\/#organization\",\"name\":\"Instituto Mediterr\u00e1neo Sol\",\"url\":\"https:\\\/\\\/www.inmsol.com\\\/es\\\/\",\"logo\":{\"@type\":\"ImageObject\",\"inLanguage\":\"es\",\"@id\":\"https:\\\/\\\/www.inmsol.com\\\/es\\\/#\\\/schema\\\/logo\\\/image\\\/\",\"url\":\"https:\\\/\\\/www.inmsol.com\\\/wp-content\\\/uploads\\\/2023\\\/06\\\/logo-inmsol-1.png\",\"contentUrl\":\"https:\\\/\\\/www.inmsol.com\\\/wp-content\\\/uploads\\\/2023\\\/06\\\/logo-inmsol-1.png\",\"width\":136,\"height\":73,\"caption\":\"Instituto Mediterr\u00e1neo Sol\"},\"image\":{\"@id\":\"https:\\\/\\\/www.inmsol.com\\\/es\\\/#\\\/schema\\\/logo\\\/image\\\/\"},\"sameAs\":[\"https:\\\/\\\/www.facebook.com\\\/spanishcourses\",\"https:\\\/\\\/x.com\\\/StudyInGranada\",\"http:\\\/\\\/instagram.com\\\/imsolgranada\",\"https:\\\/\\\/es.linkedin.com\\\/company\\\/imsol-granada\",\"https:\\\/\\\/www.pinterest.es\\\/inmsol\\\/\",\"https:\\\/\\\/www.youtube.com\\\/channel\\\/UChz-Qn_7coFMosY85iYMO4g\"]},{\"@type\":\"Person\",\"@id\":\"https:\\\/\\\/www.inmsol.com\\\/es\\\/#\\\/schema\\\/person\\\/94a7a01d14a56d1fbc49c841ffc57fe9\",\"name\":\"- Instituto Mediterr\u00e1neo Sol\",\"image\":{\"@type\":\"ImageObject\",\"inLanguage\":\"es\",\"@id\":\"https:\\\/\\\/secure.gravatar.com\\\/avatar\\\/5607fdabdf1b548b6095cc3d43079829bc1497403e70dd34004e7204a8fef62b?s=96&d=mm&r=g\",\"url\":\"https:\\\/\\\/secure.gravatar.com\\\/avatar\\\/5607fdabdf1b548b6095cc3d43079829bc1497403e70dd34004e7204a8fef62b?s=96&d=mm&r=g\",\"contentUrl\":\"https:\\\/\\\/secure.gravatar.com\\\/avatar\\\/5607fdabdf1b548b6095cc3d43079829bc1497403e70dd34004e7204a8fef62b?s=96&d=mm&r=g\",\"caption\":\"- Instituto Mediterr\u00e1neo Sol\"},\"url\":\"https:\\\/\\\/www.inmsol.com\\\/es\\\/author\\\/laura\\\/\"}]}<\/script>\n<!-- \/ Yoast SEO plugin. -->","yoast_head_json":{"title":"Nuevas l\u00edneas de autobuses urbanos en Granada","description":"El pasado lunes se han puesto en marcha las nuevas l\u00edneas de autobuses urbanos en Granada. Desde Instituto Mediterr\u00e1neo Sol queremos informar a todos nuestros estudiantes y usuarios de estos cambios tan importantes.","robots":{"index":"index","follow":"follow","max-snippet":"max-snippet:-1","max-image-preview":"max-image-preview:large","max-video-preview":"max-video-preview:-1"},"canonical":"https:\/\/www.inmsol.com\/es\/blog-escuela\/noticias\/nuevas-lineas-de-autobuses-urbanos-en-granada\/","og_locale":"es_ES","og_type":"article","og_title":"Nuevas l\u00edneas de autobuses urbanos en Granada","og_description":"El pasado lunes se han puesto en marcha las nuevas l\u00edneas de autobuses urbanos en Granada. Desde Instituto Mediterr\u00e1neo Sol queremos informar a todos nuestros estudiantes y usuarios de estos cambios tan importantes.","og_url":"https:\/\/www.inmsol.com\/es\/blog-escuela\/noticias\/nuevas-lineas-de-autobuses-urbanos-en-granada\/","og_site_name":"iNMSOL","article_publisher":"https:\/\/www.facebook.com\/spanishcourses","article_published_time":"2018-07-19T10:31:12+00:00","article_modified_time":"2019-02-26T08:49:45+00:00","og_image":[{"width":1024,"height":768,"url":"https:\/\/www.inmsol.com\/wp-content\/uploads\/2018\/07\/buses.jpg","type":"image\/jpeg"}],"author":"- Instituto Mediterr\u00e1neo Sol","twitter_misc":{"Escrito por":"- Instituto Mediterr\u00e1neo Sol","Tiempo de lectura":"1 minuto"},"schema":{"@context":"https:\/\/schema.org","@graph":[{"@type":"Article","@id":"https:\/\/www.inmsol.com\/es\/blog-escuela\/noticias\/nuevas-lineas-de-autobuses-urbanos-en-granada\/#article","isPartOf":{"@id":"https:\/\/www.inmsol.com\/es\/blog-escuela\/noticias\/nuevas-lineas-de-autobuses-urbanos-en-granada\/"},"author":{"name":"- Instituto Mediterr\u00e1neo Sol","@id":"https:\/\/www.inmsol.com\/es\/#\/schema\/person\/94a7a01d14a56d1fbc49c841ffc57fe9"},"headline":"Nuevas l\u00edneas de autobuses urbanos en Granada","datePublished":"2018-07-19T10:31:12+00:00","dateModified":"2019-02-26T08:49:45+00:00","mainEntityOfPage":{"@id":"https:\/\/www.inmsol.com\/es\/blog-escuela\/noticias\/nuevas-lineas-de-autobuses-urbanos-en-granada\/"},"wordCount":295,"publisher":{"@id":"https:\/\/www.inmsol.com\/es\/#organization"},"image":{"@id":"https:\/\/www.inmsol.com\/es\/blog-escuela\/noticias\/nuevas-lineas-de-autobuses-urbanos-en-granada\/#primaryimage"},"thumbnailUrl":"https:\/\/www.inmsol.com\/wp-content\/uploads\/2018\/07\/buses.jpg","articleSection":["Noticias y Servicios iNMSOL"],"inLanguage":"es"},{"@type":"WebPage","@id":"https:\/\/www.inmsol.com\/es\/blog-escuela\/noticias\/nuevas-lineas-de-autobuses-urbanos-en-granada\/","url":"https:\/\/www.inmsol.com\/es\/blog-escuela\/noticias\/nuevas-lineas-de-autobuses-urbanos-en-granada\/","name":"Nuevas l\u00edneas de autobuses urbanos en Granada","isPartOf":{"@id":"https:\/\/www.inmsol.com\/es\/#website"},"primaryImageOfPage":{"@id":"https:\/\/www.inmsol.com\/es\/blog-escuela\/noticias\/nuevas-lineas-de-autobuses-urbanos-en-granada\/#primaryimage"},"image":{"@id":"https:\/\/www.inmsol.com\/es\/blog-escuela\/noticias\/nuevas-lineas-de-autobuses-urbanos-en-granada\/#primaryimage"},"thumbnailUrl":"https:\/\/www.inmsol.com\/wp-content\/uploads\/2018\/07\/buses.jpg","datePublished":"2018-07-19T10:31:12+00:00","dateModified":"2019-02-26T08:49:45+00:00","description":"El pasado lunes se han puesto en marcha las nuevas l\u00edneas de autobuses urbanos en Granada. Desde Instituto Mediterr\u00e1neo Sol queremos informar a todos nuestros estudiantes y usuarios de estos cambios tan importantes.","breadcrumb":{"@id":"https:\/\/www.inmsol.com\/es\/blog-escuela\/noticias\/nuevas-lineas-de-autobuses-urbanos-en-granada\/#breadcrumb"},"inLanguage":"es","potentialAction":[{"@type":"ReadAction","target":["https:\/\/www.inmsol.com\/es\/blog-escuela\/noticias\/nuevas-lineas-de-autobuses-urbanos-en-granada\/"]}]},{"@type":"ImageObject","inLanguage":"es","@id":"https:\/\/www.inmsol.com\/es\/blog-escuela\/noticias\/nuevas-lineas-de-autobuses-urbanos-en-granada\/#primaryimage","url":"https:\/\/www.inmsol.com\/wp-content\/uploads\/2018\/07\/buses.jpg","contentUrl":"https:\/\/www.inmsol.com\/wp-content\/uploads\/2018\/07\/buses.jpg","width":1024,"height":768},{"@type":"BreadcrumbList","@id":"https:\/\/www.inmsol.com\/es\/blog-escuela\/noticias\/nuevas-lineas-de-autobuses-urbanos-en-granada\/#breadcrumb","itemListElement":[{"@type":"ListItem","position":1,"name":"Accredited Center by Instituto Cervantes","item":"https:\/\/www.inmsol.com\/es\/pagina-ejemplo\/"},{"@type":"ListItem","position":2,"name":"Blog Escuela Espa\u00f1ol","item":"https:\/\/www.inmsol.com\/es\/category\/blog-escuela\/"},{"@type":"ListItem","position":3,"name":"Noticias y Servicios iNMSOL","item":"https:\/\/www.inmsol.com\/es\/category\/blog-escuela\/noticias\/"},{"@type":"ListItem","position":4,"name":"Nuevas l\u00edneas de autobuses urbanos en Granada"}]},{"@type":"WebSite","@id":"https:\/\/www.inmsol.com\/es\/#website","url":"https:\/\/www.inmsol.com\/es\/","name":"iNMSOL","description":"Aprenda Espa\u00f1ol con iNMSOL en Granada | Centro Acreditado por el Instituto Cervantes","publisher":{"@id":"https:\/\/www.inmsol.com\/es\/#organization"},"potentialAction":[{"@type":"SearchAction","target":{"@type":"EntryPoint","urlTemplate":"https:\/\/www.inmsol.com\/es\/?s={search_term_string}"},"query-input":{"@type":"PropertyValueSpecification","valueRequired":true,"valueName":"search_term_string"}}],"inLanguage":"es"},{"@type":"Organization","@id":"https:\/\/www.inmsol.com\/es\/#organization","name":"Instituto Mediterr\u00e1neo Sol","url":"https:\/\/www.inmsol.com\/es\/","logo":{"@type":"ImageObject","inLanguage":"es","@id":"https:\/\/www.inmsol.com\/es\/#\/schema\/logo\/image\/","url":"https:\/\/www.inmsol.com\/wp-content\/uploads\/2023\/06\/logo-inmsol-1.png","contentUrl":"https:\/\/www.inmsol.com\/wp-content\/uploads\/2023\/06\/logo-inmsol-1.png","width":136,"height":73,"caption":"Instituto Mediterr\u00e1neo Sol"},"image":{"@id":"https:\/\/www.inmsol.com\/es\/#\/schema\/logo\/image\/"},"sameAs":["https:\/\/www.facebook.com\/spanishcourses","https:\/\/x.com\/StudyInGranada","http:\/\/instagram.com\/imsolgranada","https:\/\/es.linkedin.com\/company\/imsol-granada","https:\/\/www.pinterest.es\/inmsol\/","https:\/\/www.youtube.com\/channel\/UChz-Qn_7coFMosY85iYMO4g"]},{"@type":"Person","@id":"https:\/\/www.inmsol.com\/es\/#\/schema\/person\/94a7a01d14a56d1fbc49c841ffc57fe9","name":"- Instituto Mediterr\u00e1neo Sol","image":{"@type":"ImageObject","inLanguage":"es","@id":"https:\/\/secure.gravatar.com\/avatar\/5607fdabdf1b548b6095cc3d43079829bc1497403e70dd34004e7204a8fef62b?s=96&d=mm&r=g","url":"https:\/\/secure.gravatar.com\/avatar\/5607fdabdf1b548b6095cc3d43079829bc1497403e70dd34004e7204a8fef62b?s=96&d=mm&r=g","contentUrl":"https:\/\/secure.gravatar.com\/avatar\/5607fdabdf1b548b6095cc3d43079829bc1497403e70dd34004e7204a8fef62b?s=96&d=mm&r=g","caption":"- Instituto Mediterr\u00e1neo Sol"},"url":"https:\/\/www.inmsol.com\/es\/author\/laura\/"}]}},"_links":{"self":[{"href":"https:\/\/www.inmsol.com\/es\/wp-json\/wp\/v2\/posts\/37735","targetHints":{"allow":["GET"]}}],"collection":[{"href":"https:\/\/www.inmsol.com\/es\/wp-json\/wp\/v2\/posts"}],"about":[{"href":"https:\/\/www.inmsol.com\/es\/wp-json\/wp\/v2\/types\/post"}],"author":[{"embeddable":true,"href":"https:\/\/www.inmsol.com\/es\/wp-json\/wp\/v2\/users\/3"}],"replies":[{"embeddable":true,"href":"https:\/\/www.inmsol.com\/es\/wp-json\/wp\/v2\/comments?post=37735"}],"version-history":[{"count":0,"href":"https:\/\/www.inmsol.com\/es\/wp-json\/wp\/v2\/posts\/37735\/revisions"}],"wp:featuredmedia":[{"embeddable":true,"href":"https:\/\/www.inmsol.com\/es\/wp-json\/wp\/v2\/media\/37728"}],"wp:attachment":[{"href":"https:\/\/www.inmsol.com\/es\/wp-json\/wp\/v2\/media?parent=37735"}],"wp:term":[{"taxonomy":"category","embeddable":true,"href":"https:\/\/www.inmsol.com\/es\/wp-json\/wp\/v2\/categories?post=37735"},{"taxonomy":"post_tag","embeddable":true,"href":"https:\/\/www.inmsol.com\/es\/wp-json\/wp\/v2\/tags?post=37735"}],"curies":[{"name":"wp","href":"https:\/\/api.w.org\/{rel}","templated":true}]}}