{"id":38541,"date":"2018-09-04T09:42:26","date_gmt":"2018-09-04T07:42:26","guid":{"rendered":"https:\/\/www.inmsol.com\/blog-escuela\/calificaciones-de-los-examenes-dele-de-julio-de-2018\/"},"modified":"2018-09-05T15:24:17","modified_gmt":"2018-09-05T13:24:17","slug":"calificaciones-examenes-dele-julio-2018","status":"publish","type":"post","link":"https:\/\/www.inmsol.com\/es\/blog-escuela\/noticias\/calificaciones-examenes-dele-julio-2018\/","title":{"rendered":"Calificaciones de los ex\u00e1menes DELE de julio de 2018"},"content":{"rendered":"<p>\u00a1Por fin! Desde <a href=\"https:\/\/www.inmsol.com\/es\/\" target=\"_blank\" rel=\"noopener\">Instituto Mediterr\u00e1neo Sol<\/a> nos alegramos de confirmar que ya se han publicado todas las calificaciones de los <a href=\"https:\/\/www.inmsol.com\/es\/examenes-dele\/\" target=\"_blank\" rel=\"noopener\">ex\u00e1menes DELE<\/a> de julio de 2018 a trav\u00e9s del Instituto Cervantes, \u00a1y antes de lo que esper\u00e1bamos!<\/p>\n<p>Nos gustar\u00eda daros informaci\u00f3n muy importante a la hora de revisar vuestras calificaciones:<\/p>\n<ul>\n<li>En caso de que no hay\u00e1is aprobado, es posible solicitar una revisi\u00f3n del examen. El plazo para pedir la revisi\u00f3n comenz\u00f3 el d\u00eda 23 de agosto, y finalizar\u00e1 el d\u00eda 21 de septiembre. Al solicitar la revisi\u00f3n del examen, se volver\u00e1 a corregir para ver si ha habido alg\u00fan error y se puede obtener m\u00e1s nota.<\/li>\n<li>Si hab\u00e9is dado vuestro correo electr\u00f3nico correcto en el momento de la inscripci\u00f3n al examen, habr\u00e9is recibido un email con el documento con vuestra calificaci\u00f3n.<\/li>\n<li>Tambi\u00e9n es posible, para todos los candidatos, entrar en la web oficial de los ex\u00e1menes DELE (<a href=\"https:\/\/examenes.cervantes.es\/es\" target=\"_blank\" rel=\"noopener\">examenes.cervantes.es<\/a>): deber\u00e9is usar vuestro email y contrase\u00f1a, y acceder a vuestro espacio privado. Una vez dentro, encontrar\u00e9is la calificaci\u00f3n dentro de \u00abMi perfil\u00bb, y \u00abMis inscripciones\u00bb. Podr\u00e9is imprimir ese documento las veces que quer\u00e1is, y sirve como el certificado oficial, para cualquier tr\u00e1mite.<\/li>\n<li>Los candidatos<span style=\"color: #000000;\">\/as<\/span>\u00a0NO APTOS o NO Presentados que quieran solicitar revisi\u00f3n de calificaciones deben enviar su solicitud a trav\u00e9s del formulario electr\u00f3nico habilitado en su espacio privado del portal de Ex\u00e1menes del Instituto Cervantes.<\/li>\n<li>Las solicitudes de revisi\u00f3n de candidatos<span style=\"color: #000000;\">\/as<\/span>\u00a0APTOS se tramitar\u00e1n a trav\u00e9s del <a href=\"https:\/\/cau.cervantes.es\/index.php\" target=\"_blank\" rel=\"noopener\">CAU<\/a> y registro manual en SICIC, mediante comunicaci\u00f3n a Gestores de Certificaci\u00f3n.<\/li>\n<\/ul>\n<p><span style=\"color: #222222;\">Nos alegramos de confirmar que m\u00e1s del 85% de nuestros estudiantes ha aprobado el examen, \u00a1enhorabuena a todos!\u00a0<\/span><\/p>\n<h3><span style=\"color: #222222;\">Para cualquier informaci\u00f3n adicional, contactar con <\/span><a href=\"mailto:info@inmsol.com\">info@inmsol.com<\/a><\/h3>\n","protected":false},"excerpt":{"rendered":"<p>El Instituto Cervantes ya ha publicado  las calificaciones de los ex\u00e1menes DELE de la convocatoria de julio de 2018, \u00a1y antes de lo que esper\u00e1bamos!<\/p>\n","protected":false},"author":3,"featured_media":38542,"comment_status":"closed","ping_status":"closed","sticky":false,"template":"","format":"standard","meta":{"_acf_changed":false,"footnotes":""},"categories":[82],"tags":[],"class_list":["post-38541","post","type-post","status-publish","format-standard","has-post-thumbnail","hentry","category-noticias"],"acf":[],"yoast_head":"<!-- This site is optimized with the Yoast SEO plugin v27.5 - https:\/\/yoast.com\/product\/yoast-seo-wordpress\/ -->\n<title>Calificaciones de los ex\u00e1menes DELE de julio de 2018<\/title>\n<meta name=\"description\" content=\"El Instituto Cervantes ya ha publicado las calificaciones de los ex\u00e1menes DELE de la convocatoria de julio de 2018, \u00a1y antes de lo que esper\u00e1bamos!\" \/>\n<meta name=\"robots\" content=\"index, follow, max-snippet:-1, max-image-preview:large, max-video-preview:-1\" \/>\n<link rel=\"canonical\" href=\"https:\/\/www.inmsol.com\/es\/blog-escuela\/noticias\/calificaciones-examenes-dele-julio-2018\/\" \/>\n<meta property=\"og:locale\" content=\"es_ES\" \/>\n<meta property=\"og:type\" content=\"article\" \/>\n<meta property=\"og:title\" content=\"Calificaciones de los ex\u00e1menes DELE de julio de 2018\" \/>\n<meta property=\"og:description\" content=\"El Instituto Cervantes ya ha publicado las calificaciones de los ex\u00e1menes DELE de la convocatoria de julio de 2018, \u00a1y antes de lo que esper\u00e1bamos!\" \/>\n<meta property=\"og:url\" content=\"https:\/\/www.inmsol.com\/es\/blog-escuela\/noticias\/calificaciones-examenes-dele-julio-2018\/\" \/>\n<meta property=\"og:site_name\" content=\"iNMSOL\" \/>\n<meta property=\"article:publisher\" content=\"https:\/\/www.facebook.com\/spanishcourses\" \/>\n<meta property=\"article:published_time\" content=\"2018-09-04T07:42:26+00:00\" \/>\n<meta property=\"article:modified_time\" content=\"2018-09-05T13:24:17+00:00\" \/>\n<meta property=\"og:image\" content=\"https:\/\/www.inmsol.com\/wp-content\/uploads\/2018\/06\/logo_dele_rgb-2-1.jpg\" \/>\n\t<meta property=\"og:image:width\" content=\"280\" \/>\n\t<meta property=\"og:image:height\" content=\"248\" \/>\n\t<meta property=\"og:image:type\" content=\"image\/jpeg\" \/>\n<meta name=\"author\" content=\"- Instituto Mediterr\u00e1neo Sol\" \/>\n<meta name=\"twitter:label1\" content=\"Escrito por\" \/>\n\t<meta name=\"twitter:data1\" content=\"- Instituto Mediterr\u00e1neo Sol\" \/>\n\t<meta name=\"twitter:label2\" content=\"Tiempo de lectura\" \/>\n\t<meta name=\"twitter:data2\" content=\"2 minutos\" \/>\n<script type=\"application\/ld+json\" class=\"yoast-schema-graph\">{\"@context\":\"https:\\\/\\\/schema.org\",\"@graph\":[{\"@type\":\"Article\",\"@id\":\"https:\\\/\\\/www.inmsol.com\\\/es\\\/blog-escuela\\\/noticias\\\/calificaciones-examenes-dele-julio-2018\\\/#article\",\"isPartOf\":{\"@id\":\"https:\\\/\\\/www.inmsol.com\\\/es\\\/blog-escuela\\\/noticias\\\/calificaciones-examenes-dele-julio-2018\\\/\"},\"author\":{\"name\":\"- Instituto Mediterr\u00e1neo Sol\",\"@id\":\"https:\\\/\\\/www.inmsol.com\\\/es\\\/#\\\/schema\\\/person\\\/94a7a01d14a56d1fbc49c841ffc57fe9\"},\"headline\":\"Calificaciones de los ex\u00e1menes DELE de julio de 2018\",\"datePublished\":\"2018-09-04T07:42:26+00:00\",\"dateModified\":\"2018-09-05T13:24:17+00:00\",\"mainEntityOfPage\":{\"@id\":\"https:\\\/\\\/www.inmsol.com\\\/es\\\/blog-escuela\\\/noticias\\\/calificaciones-examenes-dele-julio-2018\\\/\"},\"wordCount\":323,\"publisher\":{\"@id\":\"https:\\\/\\\/www.inmsol.com\\\/es\\\/#organization\"},\"image\":{\"@id\":\"https:\\\/\\\/www.inmsol.com\\\/es\\\/blog-escuela\\\/noticias\\\/calificaciones-examenes-dele-julio-2018\\\/#primaryimage\"},\"thumbnailUrl\":\"https:\\\/\\\/www.inmsol.com\\\/wp-content\\\/uploads\\\/2018\\\/06\\\/logo_dele_rgb-2-1.jpg\",\"articleSection\":[\"Noticias y Servicios iNMSOL\"],\"inLanguage\":\"es\"},{\"@type\":\"WebPage\",\"@id\":\"https:\\\/\\\/www.inmsol.com\\\/es\\\/blog-escuela\\\/noticias\\\/calificaciones-examenes-dele-julio-2018\\\/\",\"url\":\"https:\\\/\\\/www.inmsol.com\\\/es\\\/blog-escuela\\\/noticias\\\/calificaciones-examenes-dele-julio-2018\\\/\",\"name\":\"Calificaciones de los ex\u00e1menes DELE de julio de 2018\",\"isPartOf\":{\"@id\":\"https:\\\/\\\/www.inmsol.com\\\/es\\\/#website\"},\"primaryImageOfPage\":{\"@id\":\"https:\\\/\\\/www.inmsol.com\\\/es\\\/blog-escuela\\\/noticias\\\/calificaciones-examenes-dele-julio-2018\\\/#primaryimage\"},\"image\":{\"@id\":\"https:\\\/\\\/www.inmsol.com\\\/es\\\/blog-escuela\\\/noticias\\\/calificaciones-examenes-dele-julio-2018\\\/#primaryimage\"},\"thumbnailUrl\":\"https:\\\/\\\/www.inmsol.com\\\/wp-content\\\/uploads\\\/2018\\\/06\\\/logo_dele_rgb-2-1.jpg\",\"datePublished\":\"2018-09-04T07:42:26+00:00\",\"dateModified\":\"2018-09-05T13:24:17+00:00\",\"description\":\"El Instituto Cervantes ya ha publicado las calificaciones de los ex\u00e1menes DELE de la convocatoria de julio de 2018, \u00a1y antes de lo que esper\u00e1bamos!\",\"breadcrumb\":{\"@id\":\"https:\\\/\\\/www.inmsol.com\\\/es\\\/blog-escuela\\\/noticias\\\/calificaciones-examenes-dele-julio-2018\\\/#breadcrumb\"},\"inLanguage\":\"es\",\"potentialAction\":[{\"@type\":\"ReadAction\",\"target\":[\"https:\\\/\\\/www.inmsol.com\\\/es\\\/blog-escuela\\\/noticias\\\/calificaciones-examenes-dele-julio-2018\\\/\"]}]},{\"@type\":\"ImageObject\",\"inLanguage\":\"es\",\"@id\":\"https:\\\/\\\/www.inmsol.com\\\/es\\\/blog-escuela\\\/noticias\\\/calificaciones-examenes-dele-julio-2018\\\/#primaryimage\",\"url\":\"https:\\\/\\\/www.inmsol.com\\\/wp-content\\\/uploads\\\/2018\\\/06\\\/logo_dele_rgb-2-1.jpg\",\"contentUrl\":\"https:\\\/\\\/www.inmsol.com\\\/wp-content\\\/uploads\\\/2018\\\/06\\\/logo_dele_rgb-2-1.jpg\",\"width\":280,\"height\":248,\"caption\":\"Dele septiembre 2018, precio ex\u00e1menes DELE\"},{\"@type\":\"BreadcrumbList\",\"@id\":\"https:\\\/\\\/www.inmsol.com\\\/es\\\/blog-escuela\\\/noticias\\\/calificaciones-examenes-dele-julio-2018\\\/#breadcrumb\",\"itemListElement\":[{\"@type\":\"ListItem\",\"position\":1,\"name\":\"Accredited Center by Instituto Cervantes\",\"item\":\"https:\\\/\\\/www.inmsol.com\\\/es\\\/pagina-ejemplo\\\/\"},{\"@type\":\"ListItem\",\"position\":2,\"name\":\"Blog Escuela Espa\u00f1ol\",\"item\":\"https:\\\/\\\/www.inmsol.com\\\/es\\\/category\\\/blog-escuela\\\/\"},{\"@type\":\"ListItem\",\"position\":3,\"name\":\"Noticias y Servicios iNMSOL\",\"item\":\"https:\\\/\\\/www.inmsol.com\\\/es\\\/category\\\/blog-escuela\\\/noticias\\\/\"},{\"@type\":\"ListItem\",\"position\":4,\"name\":\"Calificaciones de los ex\u00e1menes DELE de julio de 2018\"}]},{\"@type\":\"WebSite\",\"@id\":\"https:\\\/\\\/www.inmsol.com\\\/es\\\/#website\",\"url\":\"https:\\\/\\\/www.inmsol.com\\\/es\\\/\",\"name\":\"iNMSOL\",\"description\":\"Aprenda Espa\u00f1ol con iNMSOL en Granada | Centro Acreditado por el Instituto Cervantes\",\"publisher\":{\"@id\":\"https:\\\/\\\/www.inmsol.com\\\/es\\\/#organization\"},\"potentialAction\":[{\"@type\":\"SearchAction\",\"target\":{\"@type\":\"EntryPoint\",\"urlTemplate\":\"https:\\\/\\\/www.inmsol.com\\\/es\\\/?s={search_term_string}\"},\"query-input\":{\"@type\":\"PropertyValueSpecification\",\"valueRequired\":true,\"valueName\":\"search_term_string\"}}],\"inLanguage\":\"es\"},{\"@type\":\"Organization\",\"@id\":\"https:\\\/\\\/www.inmsol.com\\\/es\\\/#organization\",\"name\":\"Instituto Mediterr\u00e1neo Sol\",\"url\":\"https:\\\/\\\/www.inmsol.com\\\/es\\\/\",\"logo\":{\"@type\":\"ImageObject\",\"inLanguage\":\"es\",\"@id\":\"https:\\\/\\\/www.inmsol.com\\\/es\\\/#\\\/schema\\\/logo\\\/image\\\/\",\"url\":\"https:\\\/\\\/www.inmsol.com\\\/wp-content\\\/uploads\\\/2023\\\/06\\\/logo-inmsol-1.png\",\"contentUrl\":\"https:\\\/\\\/www.inmsol.com\\\/wp-content\\\/uploads\\\/2023\\\/06\\\/logo-inmsol-1.png\",\"width\":136,\"height\":73,\"caption\":\"Instituto Mediterr\u00e1neo Sol\"},\"image\":{\"@id\":\"https:\\\/\\\/www.inmsol.com\\\/es\\\/#\\\/schema\\\/logo\\\/image\\\/\"},\"sameAs\":[\"https:\\\/\\\/www.facebook.com\\\/spanishcourses\",\"https:\\\/\\\/x.com\\\/StudyInGranada\",\"http:\\\/\\\/instagram.com\\\/imsolgranada\",\"https:\\\/\\\/es.linkedin.com\\\/company\\\/imsol-granada\",\"https:\\\/\\\/www.pinterest.es\\\/inmsol\\\/\",\"https:\\\/\\\/www.youtube.com\\\/channel\\\/UChz-Qn_7coFMosY85iYMO4g\"]},{\"@type\":\"Person\",\"@id\":\"https:\\\/\\\/www.inmsol.com\\\/es\\\/#\\\/schema\\\/person\\\/94a7a01d14a56d1fbc49c841ffc57fe9\",\"name\":\"- Instituto Mediterr\u00e1neo Sol\",\"image\":{\"@type\":\"ImageObject\",\"inLanguage\":\"es\",\"@id\":\"https:\\\/\\\/secure.gravatar.com\\\/avatar\\\/5607fdabdf1b548b6095cc3d43079829bc1497403e70dd34004e7204a8fef62b?s=96&d=mm&r=g\",\"url\":\"https:\\\/\\\/secure.gravatar.com\\\/avatar\\\/5607fdabdf1b548b6095cc3d43079829bc1497403e70dd34004e7204a8fef62b?s=96&d=mm&r=g\",\"contentUrl\":\"https:\\\/\\\/secure.gravatar.com\\\/avatar\\\/5607fdabdf1b548b6095cc3d43079829bc1497403e70dd34004e7204a8fef62b?s=96&d=mm&r=g\",\"caption\":\"- Instituto Mediterr\u00e1neo Sol\"},\"url\":\"https:\\\/\\\/www.inmsol.com\\\/es\\\/author\\\/laura\\\/\"}]}<\/script>\n<!-- \/ Yoast SEO plugin. -->","yoast_head_json":{"title":"Calificaciones de los ex\u00e1menes DELE de julio de 2018","description":"El Instituto Cervantes ya ha publicado las calificaciones de los ex\u00e1menes DELE de la convocatoria de julio de 2018, \u00a1y antes de lo que esper\u00e1bamos!","robots":{"index":"index","follow":"follow","max-snippet":"max-snippet:-1","max-image-preview":"max-image-preview:large","max-video-preview":"max-video-preview:-1"},"canonical":"https:\/\/www.inmsol.com\/es\/blog-escuela\/noticias\/calificaciones-examenes-dele-julio-2018\/","og_locale":"es_ES","og_type":"article","og_title":"Calificaciones de los ex\u00e1menes DELE de julio de 2018","og_description":"El Instituto Cervantes ya ha publicado las calificaciones de los ex\u00e1menes DELE de la convocatoria de julio de 2018, \u00a1y antes de lo que esper\u00e1bamos!","og_url":"https:\/\/www.inmsol.com\/es\/blog-escuela\/noticias\/calificaciones-examenes-dele-julio-2018\/","og_site_name":"iNMSOL","article_publisher":"https:\/\/www.facebook.com\/spanishcourses","article_published_time":"2018-09-04T07:42:26+00:00","article_modified_time":"2018-09-05T13:24:17+00:00","og_image":[{"width":280,"height":248,"url":"https:\/\/www.inmsol.com\/wp-content\/uploads\/2018\/06\/logo_dele_rgb-2-1.jpg","type":"image\/jpeg"}],"author":"- Instituto Mediterr\u00e1neo Sol","twitter_misc":{"Escrito por":"- Instituto Mediterr\u00e1neo Sol","Tiempo de lectura":"2 minutos"},"schema":{"@context":"https:\/\/schema.org","@graph":[{"@type":"Article","@id":"https:\/\/www.inmsol.com\/es\/blog-escuela\/noticias\/calificaciones-examenes-dele-julio-2018\/#article","isPartOf":{"@id":"https:\/\/www.inmsol.com\/es\/blog-escuela\/noticias\/calificaciones-examenes-dele-julio-2018\/"},"author":{"name":"- Instituto Mediterr\u00e1neo Sol","@id":"https:\/\/www.inmsol.com\/es\/#\/schema\/person\/94a7a01d14a56d1fbc49c841ffc57fe9"},"headline":"Calificaciones de los ex\u00e1menes DELE de julio de 2018","datePublished":"2018-09-04T07:42:26+00:00","dateModified":"2018-09-05T13:24:17+00:00","mainEntityOfPage":{"@id":"https:\/\/www.inmsol.com\/es\/blog-escuela\/noticias\/calificaciones-examenes-dele-julio-2018\/"},"wordCount":323,"publisher":{"@id":"https:\/\/www.inmsol.com\/es\/#organization"},"image":{"@id":"https:\/\/www.inmsol.com\/es\/blog-escuela\/noticias\/calificaciones-examenes-dele-julio-2018\/#primaryimage"},"thumbnailUrl":"https:\/\/www.inmsol.com\/wp-content\/uploads\/2018\/06\/logo_dele_rgb-2-1.jpg","articleSection":["Noticias y Servicios iNMSOL"],"inLanguage":"es"},{"@type":"WebPage","@id":"https:\/\/www.inmsol.com\/es\/blog-escuela\/noticias\/calificaciones-examenes-dele-julio-2018\/","url":"https:\/\/www.inmsol.com\/es\/blog-escuela\/noticias\/calificaciones-examenes-dele-julio-2018\/","name":"Calificaciones de los ex\u00e1menes DELE de julio de 2018","isPartOf":{"@id":"https:\/\/www.inmsol.com\/es\/#website"},"primaryImageOfPage":{"@id":"https:\/\/www.inmsol.com\/es\/blog-escuela\/noticias\/calificaciones-examenes-dele-julio-2018\/#primaryimage"},"image":{"@id":"https:\/\/www.inmsol.com\/es\/blog-escuela\/noticias\/calificaciones-examenes-dele-julio-2018\/#primaryimage"},"thumbnailUrl":"https:\/\/www.inmsol.com\/wp-content\/uploads\/2018\/06\/logo_dele_rgb-2-1.jpg","datePublished":"2018-09-04T07:42:26+00:00","dateModified":"2018-09-05T13:24:17+00:00","description":"El Instituto Cervantes ya ha publicado las calificaciones de los ex\u00e1menes DELE de la convocatoria de julio de 2018, \u00a1y antes de lo que esper\u00e1bamos!","breadcrumb":{"@id":"https:\/\/www.inmsol.com\/es\/blog-escuela\/noticias\/calificaciones-examenes-dele-julio-2018\/#breadcrumb"},"inLanguage":"es","potentialAction":[{"@type":"ReadAction","target":["https:\/\/www.inmsol.com\/es\/blog-escuela\/noticias\/calificaciones-examenes-dele-julio-2018\/"]}]},{"@type":"ImageObject","inLanguage":"es","@id":"https:\/\/www.inmsol.com\/es\/blog-escuela\/noticias\/calificaciones-examenes-dele-julio-2018\/#primaryimage","url":"https:\/\/www.inmsol.com\/wp-content\/uploads\/2018\/06\/logo_dele_rgb-2-1.jpg","contentUrl":"https:\/\/www.inmsol.com\/wp-content\/uploads\/2018\/06\/logo_dele_rgb-2-1.jpg","width":280,"height":248,"caption":"Dele septiembre 2018, precio ex\u00e1menes DELE"},{"@type":"BreadcrumbList","@id":"https:\/\/www.inmsol.com\/es\/blog-escuela\/noticias\/calificaciones-examenes-dele-julio-2018\/#breadcrumb","itemListElement":[{"@type":"ListItem","position":1,"name":"Accredited Center by Instituto Cervantes","item":"https:\/\/www.inmsol.com\/es\/pagina-ejemplo\/"},{"@type":"ListItem","position":2,"name":"Blog Escuela Espa\u00f1ol","item":"https:\/\/www.inmsol.com\/es\/category\/blog-escuela\/"},{"@type":"ListItem","position":3,"name":"Noticias y Servicios iNMSOL","item":"https:\/\/www.inmsol.com\/es\/category\/blog-escuela\/noticias\/"},{"@type":"ListItem","position":4,"name":"Calificaciones de los ex\u00e1menes DELE de julio de 2018"}]},{"@type":"WebSite","@id":"https:\/\/www.inmsol.com\/es\/#website","url":"https:\/\/www.inmsol.com\/es\/","name":"iNMSOL","description":"Aprenda Espa\u00f1ol con iNMSOL en Granada | Centro Acreditado por el Instituto Cervantes","publisher":{"@id":"https:\/\/www.inmsol.com\/es\/#organization"},"potentialAction":[{"@type":"SearchAction","target":{"@type":"EntryPoint","urlTemplate":"https:\/\/www.inmsol.com\/es\/?s={search_term_string}"},"query-input":{"@type":"PropertyValueSpecification","valueRequired":true,"valueName":"search_term_string"}}],"inLanguage":"es"},{"@type":"Organization","@id":"https:\/\/www.inmsol.com\/es\/#organization","name":"Instituto Mediterr\u00e1neo Sol","url":"https:\/\/www.inmsol.com\/es\/","logo":{"@type":"ImageObject","inLanguage":"es","@id":"https:\/\/www.inmsol.com\/es\/#\/schema\/logo\/image\/","url":"https:\/\/www.inmsol.com\/wp-content\/uploads\/2023\/06\/logo-inmsol-1.png","contentUrl":"https:\/\/www.inmsol.com\/wp-content\/uploads\/2023\/06\/logo-inmsol-1.png","width":136,"height":73,"caption":"Instituto Mediterr\u00e1neo Sol"},"image":{"@id":"https:\/\/www.inmsol.com\/es\/#\/schema\/logo\/image\/"},"sameAs":["https:\/\/www.facebook.com\/spanishcourses","https:\/\/x.com\/StudyInGranada","http:\/\/instagram.com\/imsolgranada","https:\/\/es.linkedin.com\/company\/imsol-granada","https:\/\/www.pinterest.es\/inmsol\/","https:\/\/www.youtube.com\/channel\/UChz-Qn_7coFMosY85iYMO4g"]},{"@type":"Person","@id":"https:\/\/www.inmsol.com\/es\/#\/schema\/person\/94a7a01d14a56d1fbc49c841ffc57fe9","name":"- Instituto Mediterr\u00e1neo Sol","image":{"@type":"ImageObject","inLanguage":"es","@id":"https:\/\/secure.gravatar.com\/avatar\/5607fdabdf1b548b6095cc3d43079829bc1497403e70dd34004e7204a8fef62b?s=96&d=mm&r=g","url":"https:\/\/secure.gravatar.com\/avatar\/5607fdabdf1b548b6095cc3d43079829bc1497403e70dd34004e7204a8fef62b?s=96&d=mm&r=g","contentUrl":"https:\/\/secure.gravatar.com\/avatar\/5607fdabdf1b548b6095cc3d43079829bc1497403e70dd34004e7204a8fef62b?s=96&d=mm&r=g","caption":"- Instituto Mediterr\u00e1neo Sol"},"url":"https:\/\/www.inmsol.com\/es\/author\/laura\/"}]}},"_links":{"self":[{"href":"https:\/\/www.inmsol.com\/es\/wp-json\/wp\/v2\/posts\/38541","targetHints":{"allow":["GET"]}}],"collection":[{"href":"https:\/\/www.inmsol.com\/es\/wp-json\/wp\/v2\/posts"}],"about":[{"href":"https:\/\/www.inmsol.com\/es\/wp-json\/wp\/v2\/types\/post"}],"author":[{"embeddable":true,"href":"https:\/\/www.inmsol.com\/es\/wp-json\/wp\/v2\/users\/3"}],"replies":[{"embeddable":true,"href":"https:\/\/www.inmsol.com\/es\/wp-json\/wp\/v2\/comments?post=38541"}],"version-history":[{"count":0,"href":"https:\/\/www.inmsol.com\/es\/wp-json\/wp\/v2\/posts\/38541\/revisions"}],"wp:featuredmedia":[{"embeddable":true,"href":"https:\/\/www.inmsol.com\/es\/wp-json\/wp\/v2\/media\/38542"}],"wp:attachment":[{"href":"https:\/\/www.inmsol.com\/es\/wp-json\/wp\/v2\/media?parent=38541"}],"wp:term":[{"taxonomy":"category","embeddable":true,"href":"https:\/\/www.inmsol.com\/es\/wp-json\/wp\/v2\/categories?post=38541"},{"taxonomy":"post_tag","embeddable":true,"href":"https:\/\/www.inmsol.com\/es\/wp-json\/wp\/v2\/tags?post=38541"}],"curies":[{"name":"wp","href":"https:\/\/api.w.org\/{rel}","templated":true}]}}