{"id":38621,"date":"2018-09-04T16:50:25","date_gmt":"2018-09-04T14:50:25","guid":{"rendered":"https:\/\/www.inmsol.com\/blog-escuela\/nuevas-conexiones-aereas-desde-el-aeropuerto-de-granada\/"},"modified":"2019-01-24T13:03:14","modified_gmt":"2019-01-24T12:03:14","slug":"nuevas-conexiones-aereas-aeropuerto-granada","status":"publish","type":"post","link":"https:\/\/www.inmsol.com\/es\/blog-escuela\/noticias\/nuevas-conexiones-aereas-aeropuerto-granada\/","title":{"rendered":"Nuevas conexiones a\u00e9reas desde el Aeropuerto de Granada"},"content":{"rendered":"<p>La ciudad de <a href=\"https:\/\/www.inmsol.com\/es\/granada\/\" target=\"_blank\" rel=\"noopener\">Granada<\/a> es cada vez m\u00e1s f\u00e1cil de alcanzar gracias a las nuevas conexiones a\u00e9reas desde el <a href=\"http:\/\/www.aena.es\/es\/aeropuerto-federico-garcia-lorca-granada-jaen\/index.html\" target=\"_blank\" rel=\"noopener\">Aeropuerto de Granada<\/a>. Desde esta semana podremos volar desde Granada hacia nuevos e interesantes destinos internacionales. \u00a1Ya no tienes excusa para no venir a estudiar espa\u00f1ol a <a href=\"https:\/\/www.inmsol.com\/es\/\" target=\"_blank\" rel=\"noopener\">iNMSOL<\/a>!<\/p>\n<p><img fetchpriority=\"high\" decoding=\"async\" class=\"alignnone size-full wp-image-38618\" src=\"https:\/\/www.inmsol.com\/wp-content\/uploads\/2018\/09\/aeropuerto_granada.jpg\" alt=\"\" width=\"600\" height=\"401\" srcset=\"https:\/\/www.inmsol.com\/wp-content\/uploads\/2018\/09\/aeropuerto_granada.jpg 600w, https:\/\/www.inmsol.com\/wp-content\/uploads\/2018\/09\/aeropuerto_granada-64x43.jpg 64w, https:\/\/www.inmsol.com\/wp-content\/uploads\/2018\/09\/aeropuerto_granada-449x300.jpg 449w, https:\/\/www.inmsol.com\/wp-content\/uploads\/2018\/09\/aeropuerto_granada-250x167.jpg 250w, https:\/\/www.inmsol.com\/wp-content\/uploads\/2018\/09\/aeropuerto_granada-599x400.jpg 599w, https:\/\/www.inmsol.com\/wp-content\/uploads\/2018\/09\/aeropuerto_granada-550x368.jpg 550w\" sizes=\"(max-width: 600px) 100vw, 600px\" \/><\/p>\n<h3>Conexi\u00f3n con Berl\u00edn (Alemania)<\/h3>\n<p>Desde ayer, d\u00eda 03 de septiembre de 2018, la compa\u00f1\u00eda a\u00e9rea EasyJet ha puesto en marcha vuelos desde el Aeropuerto Federico Garc\u00eda Lorca Granada-Ja\u00e9n hasta el Aeropuerto Berlin-Tegel (Alemania). Estos vuelos tendr\u00e1n una frecuencia de 2 d\u00edas por semana, los lunes y los viernes.<\/p>\n<p><img decoding=\"async\" class=\"alignnone size-large wp-image-38590\" src=\"https:\/\/www.inmsol.com\/wp-content\/uploads\/2018\/09\/aeropuerto-de-berlin-tegel-1024x668.jpg\" alt=\"\" width=\"550\" height=\"359\" srcset=\"https:\/\/www.inmsol.com\/wp-content\/uploads\/2018\/09\/aeropuerto-de-berlin-tegel.jpg 1024w, https:\/\/www.inmsol.com\/wp-content\/uploads\/2018\/09\/aeropuerto-de-berlin-tegel-800x522.jpg 800w, https:\/\/www.inmsol.com\/wp-content\/uploads\/2018\/09\/aeropuerto-de-berlin-tegel-64x42.jpg 64w, https:\/\/www.inmsol.com\/wp-content\/uploads\/2018\/09\/aeropuerto-de-berlin-tegel-460x300.jpg 460w, https:\/\/www.inmsol.com\/wp-content\/uploads\/2018\/09\/aeropuerto-de-berlin-tegel-768x501.jpg 768w, https:\/\/www.inmsol.com\/wp-content\/uploads\/2018\/09\/aeropuerto-de-berlin-tegel-250x163.jpg 250w, https:\/\/www.inmsol.com\/wp-content\/uploads\/2018\/09\/aeropuerto-de-berlin-tegel-600x391.jpg 600w\" sizes=\"(max-width: 550px) 100vw, 550px\" \/><\/p>\n<h3>Conexi\u00f3n con N\u00e1poles (Italia)<\/h3>\n<p><span style=\"font-size: medium;\">A patir del 05 de septiembre, esta misma compa\u00f1\u00eda inaugurar\u00e1 una nueva ruta a\u00e9rea entre el Aeropuerto Federico Garc\u00eda Lorca Granada-Ja\u00e9n y<\/span><span style=\"color: #000000;\"><span style=\"font-size: medium;\"> el <\/span><\/span>Aeropuerto de N\u00e1poles-Capodichino (Italia). Estos vuelos tendr\u00e1n lugar los mi\u00e9rcoles y los domingos, tambi\u00e9n 2 veces por semana, y ser\u00e1n operados por la misma compa\u00f1\u00eda, EasyJet.<\/p>\n<p><img decoding=\"async\" class=\"alignnone size-large wp-image-38604\" src=\"https:\/\/www.inmsol.com\/wp-content\/uploads\/2018\/09\/aeropueto-de-napoles-1024x576.jpg\" alt=\"\" width=\"550\" height=\"309\" srcset=\"https:\/\/www.inmsol.com\/wp-content\/uploads\/2018\/09\/aeropueto-de-napoles.jpg 1024w, https:\/\/www.inmsol.com\/wp-content\/uploads\/2018\/09\/aeropueto-de-napoles-800x450.jpg 800w, https:\/\/www.inmsol.com\/wp-content\/uploads\/2018\/09\/aeropueto-de-napoles-64x36.jpg 64w, https:\/\/www.inmsol.com\/wp-content\/uploads\/2018\/09\/aeropueto-de-napoles-460x259.jpg 460w, https:\/\/www.inmsol.com\/wp-content\/uploads\/2018\/09\/aeropueto-de-napoles-768x432.jpg 768w, https:\/\/www.inmsol.com\/wp-content\/uploads\/2018\/09\/aeropueto-de-napoles-250x141.jpg 250w, https:\/\/www.inmsol.com\/wp-content\/uploads\/2018\/09\/aeropueto-de-napoles-600x338.jpg 600w\" sizes=\"(max-width: 550px) 100vw, 550px\" \/><\/p>\n<p>Estas nuevas rutas se a\u00f1aden a los destinos que ya se pusieron en marcha, como Londres, Mil\u00e1n o Manchester, y que est\u00e1n teniendo una gran aceptaci\u00f3n.<\/p>\n<p><img loading=\"lazy\" decoding=\"async\" class=\"alignnone wp-image-38561 size-medium\" src=\"https:\/\/www.inmsol.com\/wp-content\/uploads\/2018\/09\/aeropuerto-de-granada-federico-garcia-lorca--460x258.jpg\" alt=\"\" width=\"460\" height=\"258\" srcset=\"https:\/\/www.inmsol.com\/wp-content\/uploads\/2018\/09\/aeropuerto-de-granada-federico-garcia-lorca--460x258.jpg 460w, https:\/\/www.inmsol.com\/wp-content\/uploads\/2018\/09\/aeropuerto-de-granada-federico-garcia-lorca--800x449.jpg 800w, https:\/\/www.inmsol.com\/wp-content\/uploads\/2018\/09\/aeropuerto-de-granada-federico-garcia-lorca--64x36.jpg 64w, https:\/\/www.inmsol.com\/wp-content\/uploads\/2018\/09\/aeropuerto-de-granada-federico-garcia-lorca--768x432.jpg 768w, https:\/\/www.inmsol.com\/wp-content\/uploads\/2018\/09\/aeropuerto-de-granada-federico-garcia-lorca--250x140.jpg 250w, https:\/\/www.inmsol.com\/wp-content\/uploads\/2018\/09\/aeropuerto-de-granada-federico-garcia-lorca--600x337.jpg 600w, https:\/\/www.inmsol.com\/wp-content\/uploads\/2018\/09\/aeropuerto-de-granada-federico-garcia-lorca--464x261.jpg 464w, https:\/\/www.inmsol.com\/wp-content\/uploads\/2018\/09\/aeropuerto-de-granada-federico-garcia-lorca--564x317.jpg 564w, https:\/\/www.inmsol.com\/wp-content\/uploads\/2018\/09\/aeropuerto-de-granada-federico-garcia-lorca--524x294.jpg 524w, https:\/\/www.inmsol.com\/wp-content\/uploads\/2018\/09\/aeropuerto-de-granada-federico-garcia-lorca-.jpg 970w\" sizes=\"(max-width: 460px) 100vw, 460px\" \/><\/p>\n<h3>\u00a1Nos alegra mucho compartir este tipo de noticias con vosotros! Nuestra ciudad est\u00e1 creciendo y se nota.<\/h3>\n","protected":false},"excerpt":{"rendered":"<p>La ciudad de Granada es cada vez m\u00e1s f\u00e1cil de alcanzar gracias a las nuevas conexiones a\u00e9reas desde el Aeropuerto de Granada. Desde esta semana podremos volar desde Granada hacia nuevos e interesantes destinos internacionales. \u00a1Ya no tienes excusa para no venir a estudiar espa\u00f1ol a iNMSOL! <\/p>\n","protected":false},"author":3,"featured_media":38575,"comment_status":"closed","ping_status":"closed","sticky":false,"template":"","format":"standard","meta":{"_acf_changed":false,"footnotes":""},"categories":[82],"tags":[],"class_list":["post-38621","post","type-post","status-publish","format-standard","has-post-thumbnail","hentry","category-noticias"],"acf":[],"yoast_head":"<!-- This site is optimized with the Yoast SEO plugin v27.5 - https:\/\/yoast.com\/product\/yoast-seo-wordpress\/ -->\n<title>Nuevas conexiones desde el Aeropuerto de Granada<\/title>\n<meta name=\"description\" content=\"La ciudad de Granada es cada vez m\u00e1s f\u00e1cil de alcanzar gracias a las nuevas conexiones a\u00e9reas desde el Aeropuerto de Granada.\" \/>\n<meta name=\"robots\" content=\"index, follow, max-snippet:-1, max-image-preview:large, max-video-preview:-1\" \/>\n<link rel=\"canonical\" href=\"https:\/\/www.inmsol.com\/es\/blog-escuela\/noticias\/nuevas-conexiones-aereas-aeropuerto-granada\/\" \/>\n<meta property=\"og:locale\" content=\"es_ES\" \/>\n<meta property=\"og:type\" content=\"article\" \/>\n<meta property=\"og:title\" content=\"Nuevas conexiones desde el Aeropuerto de Granada\" \/>\n<meta property=\"og:description\" content=\"La ciudad de Granada es cada vez m\u00e1s f\u00e1cil de alcanzar gracias a las nuevas conexiones a\u00e9reas desde el Aeropuerto de Granada.\" \/>\n<meta property=\"og:url\" content=\"https:\/\/www.inmsol.com\/es\/blog-escuela\/noticias\/nuevas-conexiones-aereas-aeropuerto-granada\/\" \/>\n<meta property=\"og:site_name\" content=\"iNMSOL\" \/>\n<meta property=\"article:publisher\" content=\"https:\/\/www.facebook.com\/spanishcourses\" \/>\n<meta property=\"article:published_time\" content=\"2018-09-04T14:50:25+00:00\" \/>\n<meta property=\"article:modified_time\" content=\"2019-01-24T12:03:14+00:00\" \/>\n<meta property=\"og:image\" content=\"https:\/\/www.inmsol.com\/wp-content\/uploads\/2018\/09\/vuelo-krcc-u60414384733nq-624x385ideal.jpg\" \/>\n\t<meta property=\"og:image:width\" content=\"624\" \/>\n\t<meta property=\"og:image:height\" content=\"385\" \/>\n\t<meta property=\"og:image:type\" content=\"image\/jpeg\" \/>\n<meta name=\"author\" content=\"- Instituto Mediterr\u00e1neo Sol\" \/>\n<meta name=\"twitter:label1\" content=\"Escrito por\" \/>\n\t<meta name=\"twitter:data1\" content=\"- Instituto Mediterr\u00e1neo Sol\" \/>\n\t<meta name=\"twitter:label2\" content=\"Tiempo de lectura\" \/>\n\t<meta name=\"twitter:data2\" content=\"1 minuto\" \/>\n<script type=\"application\/ld+json\" class=\"yoast-schema-graph\">{\"@context\":\"https:\\\/\\\/schema.org\",\"@graph\":[{\"@type\":\"Article\",\"@id\":\"https:\\\/\\\/www.inmsol.com\\\/es\\\/blog-escuela\\\/noticias\\\/nuevas-conexiones-aereas-aeropuerto-granada\\\/#article\",\"isPartOf\":{\"@id\":\"https:\\\/\\\/www.inmsol.com\\\/es\\\/blog-escuela\\\/noticias\\\/nuevas-conexiones-aereas-aeropuerto-granada\\\/\"},\"author\":{\"name\":\"- Instituto Mediterr\u00e1neo Sol\",\"@id\":\"https:\\\/\\\/www.inmsol.com\\\/es\\\/#\\\/schema\\\/person\\\/94a7a01d14a56d1fbc49c841ffc57fe9\"},\"headline\":\"Nuevas conexiones a\u00e9reas desde el Aeropuerto de Granada\",\"datePublished\":\"2018-09-04T14:50:25+00:00\",\"dateModified\":\"2019-01-24T12:03:14+00:00\",\"mainEntityOfPage\":{\"@id\":\"https:\\\/\\\/www.inmsol.com\\\/es\\\/blog-escuela\\\/noticias\\\/nuevas-conexiones-aereas-aeropuerto-granada\\\/\"},\"wordCount\":224,\"publisher\":{\"@id\":\"https:\\\/\\\/www.inmsol.com\\\/es\\\/#organization\"},\"image\":{\"@id\":\"https:\\\/\\\/www.inmsol.com\\\/es\\\/blog-escuela\\\/noticias\\\/nuevas-conexiones-aereas-aeropuerto-granada\\\/#primaryimage\"},\"thumbnailUrl\":\"https:\\\/\\\/www.inmsol.com\\\/wp-content\\\/uploads\\\/2018\\\/09\\\/vuelo-krcc-u60414384733nq-624x385ideal.jpg\",\"articleSection\":[\"Noticias y Servicios iNMSOL\"],\"inLanguage\":\"es\"},{\"@type\":\"WebPage\",\"@id\":\"https:\\\/\\\/www.inmsol.com\\\/es\\\/blog-escuela\\\/noticias\\\/nuevas-conexiones-aereas-aeropuerto-granada\\\/\",\"url\":\"https:\\\/\\\/www.inmsol.com\\\/es\\\/blog-escuela\\\/noticias\\\/nuevas-conexiones-aereas-aeropuerto-granada\\\/\",\"name\":\"Nuevas conexiones desde el Aeropuerto de Granada\",\"isPartOf\":{\"@id\":\"https:\\\/\\\/www.inmsol.com\\\/es\\\/#website\"},\"primaryImageOfPage\":{\"@id\":\"https:\\\/\\\/www.inmsol.com\\\/es\\\/blog-escuela\\\/noticias\\\/nuevas-conexiones-aereas-aeropuerto-granada\\\/#primaryimage\"},\"image\":{\"@id\":\"https:\\\/\\\/www.inmsol.com\\\/es\\\/blog-escuela\\\/noticias\\\/nuevas-conexiones-aereas-aeropuerto-granada\\\/#primaryimage\"},\"thumbnailUrl\":\"https:\\\/\\\/www.inmsol.com\\\/wp-content\\\/uploads\\\/2018\\\/09\\\/vuelo-krcc-u60414384733nq-624x385ideal.jpg\",\"datePublished\":\"2018-09-04T14:50:25+00:00\",\"dateModified\":\"2019-01-24T12:03:14+00:00\",\"description\":\"La ciudad de Granada es cada vez m\u00e1s f\u00e1cil de alcanzar gracias a las nuevas conexiones a\u00e9reas desde el Aeropuerto de Granada.\",\"breadcrumb\":{\"@id\":\"https:\\\/\\\/www.inmsol.com\\\/es\\\/blog-escuela\\\/noticias\\\/nuevas-conexiones-aereas-aeropuerto-granada\\\/#breadcrumb\"},\"inLanguage\":\"es\",\"potentialAction\":[{\"@type\":\"ReadAction\",\"target\":[\"https:\\\/\\\/www.inmsol.com\\\/es\\\/blog-escuela\\\/noticias\\\/nuevas-conexiones-aereas-aeropuerto-granada\\\/\"]}]},{\"@type\":\"ImageObject\",\"inLanguage\":\"es\",\"@id\":\"https:\\\/\\\/www.inmsol.com\\\/es\\\/blog-escuela\\\/noticias\\\/nuevas-conexiones-aereas-aeropuerto-granada\\\/#primaryimage\",\"url\":\"https:\\\/\\\/www.inmsol.com\\\/wp-content\\\/uploads\\\/2018\\\/09\\\/vuelo-krcc-u60414384733nq-624x385ideal.jpg\",\"contentUrl\":\"https:\\\/\\\/www.inmsol.com\\\/wp-content\\\/uploads\\\/2018\\\/09\\\/vuelo-krcc-u60414384733nq-624x385ideal.jpg\",\"width\":624,\"height\":385},{\"@type\":\"BreadcrumbList\",\"@id\":\"https:\\\/\\\/www.inmsol.com\\\/es\\\/blog-escuela\\\/noticias\\\/nuevas-conexiones-aereas-aeropuerto-granada\\\/#breadcrumb\",\"itemListElement\":[{\"@type\":\"ListItem\",\"position\":1,\"name\":\"Accredited Center by Instituto Cervantes\",\"item\":\"https:\\\/\\\/www.inmsol.com\\\/es\\\/pagina-ejemplo\\\/\"},{\"@type\":\"ListItem\",\"position\":2,\"name\":\"Blog Escuela Espa\u00f1ol\",\"item\":\"https:\\\/\\\/www.inmsol.com\\\/es\\\/category\\\/blog-escuela\\\/\"},{\"@type\":\"ListItem\",\"position\":3,\"name\":\"Noticias y Servicios iNMSOL\",\"item\":\"https:\\\/\\\/www.inmsol.com\\\/es\\\/category\\\/blog-escuela\\\/noticias\\\/\"},{\"@type\":\"ListItem\",\"position\":4,\"name\":\"Nuevas conexiones a\u00e9reas desde el Aeropuerto de Granada\"}]},{\"@type\":\"WebSite\",\"@id\":\"https:\\\/\\\/www.inmsol.com\\\/es\\\/#website\",\"url\":\"https:\\\/\\\/www.inmsol.com\\\/es\\\/\",\"name\":\"iNMSOL\",\"description\":\"Aprenda Espa\u00f1ol con iNMSOL en Granada | Centro Acreditado por el Instituto Cervantes\",\"publisher\":{\"@id\":\"https:\\\/\\\/www.inmsol.com\\\/es\\\/#organization\"},\"potentialAction\":[{\"@type\":\"SearchAction\",\"target\":{\"@type\":\"EntryPoint\",\"urlTemplate\":\"https:\\\/\\\/www.inmsol.com\\\/es\\\/?s={search_term_string}\"},\"query-input\":{\"@type\":\"PropertyValueSpecification\",\"valueRequired\":true,\"valueName\":\"search_term_string\"}}],\"inLanguage\":\"es\"},{\"@type\":\"Organization\",\"@id\":\"https:\\\/\\\/www.inmsol.com\\\/es\\\/#organization\",\"name\":\"Instituto Mediterr\u00e1neo Sol\",\"url\":\"https:\\\/\\\/www.inmsol.com\\\/es\\\/\",\"logo\":{\"@type\":\"ImageObject\",\"inLanguage\":\"es\",\"@id\":\"https:\\\/\\\/www.inmsol.com\\\/es\\\/#\\\/schema\\\/logo\\\/image\\\/\",\"url\":\"https:\\\/\\\/www.inmsol.com\\\/wp-content\\\/uploads\\\/2023\\\/06\\\/logo-inmsol-1.png\",\"contentUrl\":\"https:\\\/\\\/www.inmsol.com\\\/wp-content\\\/uploads\\\/2023\\\/06\\\/logo-inmsol-1.png\",\"width\":136,\"height\":73,\"caption\":\"Instituto Mediterr\u00e1neo Sol\"},\"image\":{\"@id\":\"https:\\\/\\\/www.inmsol.com\\\/es\\\/#\\\/schema\\\/logo\\\/image\\\/\"},\"sameAs\":[\"https:\\\/\\\/www.facebook.com\\\/spanishcourses\",\"https:\\\/\\\/x.com\\\/StudyInGranada\",\"http:\\\/\\\/instagram.com\\\/imsolgranada\",\"https:\\\/\\\/es.linkedin.com\\\/company\\\/imsol-granada\",\"https:\\\/\\\/www.pinterest.es\\\/inmsol\\\/\",\"https:\\\/\\\/www.youtube.com\\\/channel\\\/UChz-Qn_7coFMosY85iYMO4g\"]},{\"@type\":\"Person\",\"@id\":\"https:\\\/\\\/www.inmsol.com\\\/es\\\/#\\\/schema\\\/person\\\/94a7a01d14a56d1fbc49c841ffc57fe9\",\"name\":\"- Instituto Mediterr\u00e1neo Sol\",\"image\":{\"@type\":\"ImageObject\",\"inLanguage\":\"es\",\"@id\":\"https:\\\/\\\/secure.gravatar.com\\\/avatar\\\/5607fdabdf1b548b6095cc3d43079829bc1497403e70dd34004e7204a8fef62b?s=96&d=mm&r=g\",\"url\":\"https:\\\/\\\/secure.gravatar.com\\\/avatar\\\/5607fdabdf1b548b6095cc3d43079829bc1497403e70dd34004e7204a8fef62b?s=96&d=mm&r=g\",\"contentUrl\":\"https:\\\/\\\/secure.gravatar.com\\\/avatar\\\/5607fdabdf1b548b6095cc3d43079829bc1497403e70dd34004e7204a8fef62b?s=96&d=mm&r=g\",\"caption\":\"- Instituto Mediterr\u00e1neo Sol\"},\"url\":\"https:\\\/\\\/www.inmsol.com\\\/es\\\/author\\\/laura\\\/\"}]}<\/script>\n<!-- \/ Yoast SEO plugin. -->","yoast_head_json":{"title":"Nuevas conexiones desde el Aeropuerto de Granada","description":"La ciudad de Granada es cada vez m\u00e1s f\u00e1cil de alcanzar gracias a las nuevas conexiones a\u00e9reas desde el Aeropuerto de Granada.","robots":{"index":"index","follow":"follow","max-snippet":"max-snippet:-1","max-image-preview":"max-image-preview:large","max-video-preview":"max-video-preview:-1"},"canonical":"https:\/\/www.inmsol.com\/es\/blog-escuela\/noticias\/nuevas-conexiones-aereas-aeropuerto-granada\/","og_locale":"es_ES","og_type":"article","og_title":"Nuevas conexiones desde el Aeropuerto de Granada","og_description":"La ciudad de Granada es cada vez m\u00e1s f\u00e1cil de alcanzar gracias a las nuevas conexiones a\u00e9reas desde el Aeropuerto de Granada.","og_url":"https:\/\/www.inmsol.com\/es\/blog-escuela\/noticias\/nuevas-conexiones-aereas-aeropuerto-granada\/","og_site_name":"iNMSOL","article_publisher":"https:\/\/www.facebook.com\/spanishcourses","article_published_time":"2018-09-04T14:50:25+00:00","article_modified_time":"2019-01-24T12:03:14+00:00","og_image":[{"width":624,"height":385,"url":"https:\/\/www.inmsol.com\/wp-content\/uploads\/2018\/09\/vuelo-krcc-u60414384733nq-624x385ideal.jpg","type":"image\/jpeg"}],"author":"- Instituto Mediterr\u00e1neo Sol","twitter_misc":{"Escrito por":"- Instituto Mediterr\u00e1neo Sol","Tiempo de lectura":"1 minuto"},"schema":{"@context":"https:\/\/schema.org","@graph":[{"@type":"Article","@id":"https:\/\/www.inmsol.com\/es\/blog-escuela\/noticias\/nuevas-conexiones-aereas-aeropuerto-granada\/#article","isPartOf":{"@id":"https:\/\/www.inmsol.com\/es\/blog-escuela\/noticias\/nuevas-conexiones-aereas-aeropuerto-granada\/"},"author":{"name":"- Instituto Mediterr\u00e1neo Sol","@id":"https:\/\/www.inmsol.com\/es\/#\/schema\/person\/94a7a01d14a56d1fbc49c841ffc57fe9"},"headline":"Nuevas conexiones a\u00e9reas desde el Aeropuerto de Granada","datePublished":"2018-09-04T14:50:25+00:00","dateModified":"2019-01-24T12:03:14+00:00","mainEntityOfPage":{"@id":"https:\/\/www.inmsol.com\/es\/blog-escuela\/noticias\/nuevas-conexiones-aereas-aeropuerto-granada\/"},"wordCount":224,"publisher":{"@id":"https:\/\/www.inmsol.com\/es\/#organization"},"image":{"@id":"https:\/\/www.inmsol.com\/es\/blog-escuela\/noticias\/nuevas-conexiones-aereas-aeropuerto-granada\/#primaryimage"},"thumbnailUrl":"https:\/\/www.inmsol.com\/wp-content\/uploads\/2018\/09\/vuelo-krcc-u60414384733nq-624x385ideal.jpg","articleSection":["Noticias y Servicios iNMSOL"],"inLanguage":"es"},{"@type":"WebPage","@id":"https:\/\/www.inmsol.com\/es\/blog-escuela\/noticias\/nuevas-conexiones-aereas-aeropuerto-granada\/","url":"https:\/\/www.inmsol.com\/es\/blog-escuela\/noticias\/nuevas-conexiones-aereas-aeropuerto-granada\/","name":"Nuevas conexiones desde el Aeropuerto de Granada","isPartOf":{"@id":"https:\/\/www.inmsol.com\/es\/#website"},"primaryImageOfPage":{"@id":"https:\/\/www.inmsol.com\/es\/blog-escuela\/noticias\/nuevas-conexiones-aereas-aeropuerto-granada\/#primaryimage"},"image":{"@id":"https:\/\/www.inmsol.com\/es\/blog-escuela\/noticias\/nuevas-conexiones-aereas-aeropuerto-granada\/#primaryimage"},"thumbnailUrl":"https:\/\/www.inmsol.com\/wp-content\/uploads\/2018\/09\/vuelo-krcc-u60414384733nq-624x385ideal.jpg","datePublished":"2018-09-04T14:50:25+00:00","dateModified":"2019-01-24T12:03:14+00:00","description":"La ciudad de Granada es cada vez m\u00e1s f\u00e1cil de alcanzar gracias a las nuevas conexiones a\u00e9reas desde el Aeropuerto de Granada.","breadcrumb":{"@id":"https:\/\/www.inmsol.com\/es\/blog-escuela\/noticias\/nuevas-conexiones-aereas-aeropuerto-granada\/#breadcrumb"},"inLanguage":"es","potentialAction":[{"@type":"ReadAction","target":["https:\/\/www.inmsol.com\/es\/blog-escuela\/noticias\/nuevas-conexiones-aereas-aeropuerto-granada\/"]}]},{"@type":"ImageObject","inLanguage":"es","@id":"https:\/\/www.inmsol.com\/es\/blog-escuela\/noticias\/nuevas-conexiones-aereas-aeropuerto-granada\/#primaryimage","url":"https:\/\/www.inmsol.com\/wp-content\/uploads\/2018\/09\/vuelo-krcc-u60414384733nq-624x385ideal.jpg","contentUrl":"https:\/\/www.inmsol.com\/wp-content\/uploads\/2018\/09\/vuelo-krcc-u60414384733nq-624x385ideal.jpg","width":624,"height":385},{"@type":"BreadcrumbList","@id":"https:\/\/www.inmsol.com\/es\/blog-escuela\/noticias\/nuevas-conexiones-aereas-aeropuerto-granada\/#breadcrumb","itemListElement":[{"@type":"ListItem","position":1,"name":"Accredited Center by Instituto Cervantes","item":"https:\/\/www.inmsol.com\/es\/pagina-ejemplo\/"},{"@type":"ListItem","position":2,"name":"Blog Escuela Espa\u00f1ol","item":"https:\/\/www.inmsol.com\/es\/category\/blog-escuela\/"},{"@type":"ListItem","position":3,"name":"Noticias y Servicios iNMSOL","item":"https:\/\/www.inmsol.com\/es\/category\/blog-escuela\/noticias\/"},{"@type":"ListItem","position":4,"name":"Nuevas conexiones a\u00e9reas desde el Aeropuerto de Granada"}]},{"@type":"WebSite","@id":"https:\/\/www.inmsol.com\/es\/#website","url":"https:\/\/www.inmsol.com\/es\/","name":"iNMSOL","description":"Aprenda Espa\u00f1ol con iNMSOL en Granada | Centro Acreditado por el Instituto Cervantes","publisher":{"@id":"https:\/\/www.inmsol.com\/es\/#organization"},"potentialAction":[{"@type":"SearchAction","target":{"@type":"EntryPoint","urlTemplate":"https:\/\/www.inmsol.com\/es\/?s={search_term_string}"},"query-input":{"@type":"PropertyValueSpecification","valueRequired":true,"valueName":"search_term_string"}}],"inLanguage":"es"},{"@type":"Organization","@id":"https:\/\/www.inmsol.com\/es\/#organization","name":"Instituto Mediterr\u00e1neo Sol","url":"https:\/\/www.inmsol.com\/es\/","logo":{"@type":"ImageObject","inLanguage":"es","@id":"https:\/\/www.inmsol.com\/es\/#\/schema\/logo\/image\/","url":"https:\/\/www.inmsol.com\/wp-content\/uploads\/2023\/06\/logo-inmsol-1.png","contentUrl":"https:\/\/www.inmsol.com\/wp-content\/uploads\/2023\/06\/logo-inmsol-1.png","width":136,"height":73,"caption":"Instituto Mediterr\u00e1neo Sol"},"image":{"@id":"https:\/\/www.inmsol.com\/es\/#\/schema\/logo\/image\/"},"sameAs":["https:\/\/www.facebook.com\/spanishcourses","https:\/\/x.com\/StudyInGranada","http:\/\/instagram.com\/imsolgranada","https:\/\/es.linkedin.com\/company\/imsol-granada","https:\/\/www.pinterest.es\/inmsol\/","https:\/\/www.youtube.com\/channel\/UChz-Qn_7coFMosY85iYMO4g"]},{"@type":"Person","@id":"https:\/\/www.inmsol.com\/es\/#\/schema\/person\/94a7a01d14a56d1fbc49c841ffc57fe9","name":"- Instituto Mediterr\u00e1neo Sol","image":{"@type":"ImageObject","inLanguage":"es","@id":"https:\/\/secure.gravatar.com\/avatar\/5607fdabdf1b548b6095cc3d43079829bc1497403e70dd34004e7204a8fef62b?s=96&d=mm&r=g","url":"https:\/\/secure.gravatar.com\/avatar\/5607fdabdf1b548b6095cc3d43079829bc1497403e70dd34004e7204a8fef62b?s=96&d=mm&r=g","contentUrl":"https:\/\/secure.gravatar.com\/avatar\/5607fdabdf1b548b6095cc3d43079829bc1497403e70dd34004e7204a8fef62b?s=96&d=mm&r=g","caption":"- Instituto Mediterr\u00e1neo Sol"},"url":"https:\/\/www.inmsol.com\/es\/author\/laura\/"}]}},"_links":{"self":[{"href":"https:\/\/www.inmsol.com\/es\/wp-json\/wp\/v2\/posts\/38621","targetHints":{"allow":["GET"]}}],"collection":[{"href":"https:\/\/www.inmsol.com\/es\/wp-json\/wp\/v2\/posts"}],"about":[{"href":"https:\/\/www.inmsol.com\/es\/wp-json\/wp\/v2\/types\/post"}],"author":[{"embeddable":true,"href":"https:\/\/www.inmsol.com\/es\/wp-json\/wp\/v2\/users\/3"}],"replies":[{"embeddable":true,"href":"https:\/\/www.inmsol.com\/es\/wp-json\/wp\/v2\/comments?post=38621"}],"version-history":[{"count":0,"href":"https:\/\/www.inmsol.com\/es\/wp-json\/wp\/v2\/posts\/38621\/revisions"}],"wp:featuredmedia":[{"embeddable":true,"href":"https:\/\/www.inmsol.com\/es\/wp-json\/wp\/v2\/media\/38575"}],"wp:attachment":[{"href":"https:\/\/www.inmsol.com\/es\/wp-json\/wp\/v2\/media?parent=38621"}],"wp:term":[{"taxonomy":"category","embeddable":true,"href":"https:\/\/www.inmsol.com\/es\/wp-json\/wp\/v2\/categories?post=38621"},{"taxonomy":"post_tag","embeddable":true,"href":"https:\/\/www.inmsol.com\/es\/wp-json\/wp\/v2\/tags?post=38621"}],"curies":[{"name":"wp","href":"https:\/\/api.w.org\/{rel}","templated":true}]}}