{"id":42633,"date":"2019-05-08T14:08:17","date_gmt":"2019-05-08T12:08:17","guid":{"rendered":"https:\/\/www.inmsol.com\/blog-escuela\/promocion-internacional-de-universo-lorca\/"},"modified":"2019-05-08T14:13:27","modified_gmt":"2019-05-08T12:13:27","slug":"promocion-internacional-de-universo-lorca","status":"publish","type":"post","link":"https:\/\/www.inmsol.com\/es\/blog-escuela\/cultura-literatura-historia-espana-es\/promocion-internacional-de-universo-lorca\/","title":{"rendered":"Promoci\u00f3n internacional de Universo Lorca"},"content":{"rendered":"<p>La Diputaci\u00f3n de Granada ha presentado este lunes en la sede del Instituto Cervantes de Madrid la plataforma \u00ab<a href=\"https:\/\/www.universolorca.com\/\">Universo Lorca<\/a>\u00bb, la primera web sobre los lugares que marcaron la vida del poeta andaluz y su vinculaci\u00f3n con la tierra que le vio nacer. La presencia de Ana Bel\u00e9n ha sido imprescindible\u00a0durante el evento. Ella ha dado un recital con su inconfundible voz de poemas como\u00a0<em>Balada triste<\/em>\u00a0o\u00a0<em>Gacela del ni\u00f1o muerto<\/em>.\u00a0 En esta ocasi\u00f3n el\u00a0 director del Instituto Cervantes Luis Garc\u00eda Montero aprovecha su triple condici\u00f3n de granadino, de director del Cervantes y tambi\u00e9n de poeta, agradeciendo a las instituciones de Granada que busquen sus \u00abse\u00f1as de identidad\u00bb en la cultura, y en la figura de Lorca, el segundo autor m\u00e1s conocido de la literatura espa\u00f1ola tras Miguel de Cervantes.<\/p>\n<p>El proyecto \u00ab<a href=\"https:\/\/www.universolorca.com\/\">Universo Lorca<\/a>\u00bb representa un importante producto cultural, educativo y tur\u00edstico para poner en valor la figura del poeta y dramaturgo, relacionando los lugares emblem\u00e1ticos que marcaron su vida e inspiraron su obra.<\/p>\n<p>El\u00a0presidente de la Diputaci\u00f3n, Jos\u00e9 Entrena, ha subrayado que este proyecto constituye \u00abotro gran paso para la vuelta de Federico, porque permite adentrarse en los municipios lorquianos, donde pervive el alma infinita de Lorca.<\/p>\n<p><img fetchpriority=\"high\" decoding=\"async\" class=\"alignnone wp-image-42627 aligncenter\" src=\"https:\/\/www.inmsol.com\/wp-content\/uploads\/2019\/05\/uni-lorca.jpg\" alt=\"\" width=\"330\" height=\"185\" srcset=\"https:\/\/www.inmsol.com\/wp-content\/uploads\/2019\/05\/uni-lorca.jpg 300w, https:\/\/www.inmsol.com\/wp-content\/uploads\/2019\/05\/uni-lorca-64x36.jpg 64w, https:\/\/www.inmsol.com\/wp-content\/uploads\/2019\/05\/uni-lorca-250x140.jpg 250w\" sizes=\"(max-width: 330px) 100vw, 330px\" \/><\/p>\n<p>El alcalde de Granada,\u00a0Francisco Cuenca, ha asegurado que \u00abse ha dado un paso fundamental m\u00e1s para recuperar la memoria de Federico. En Granada nunca perdimos la esperanza de que viviera; por eso Universo Lorca nos hace sentirlo m\u00e1s\u00bb, y ha a\u00f1adido que este proyecto \u00abes otra manera de que su persona, su alma, su obra y su esp\u00edritu, sean y est\u00e9n\u00bb.<\/p>\n<p>La web de Universo Lorca es un producto que muestra a los visitantes los museos que guardan su obra, las casas donde residi\u00f3, los parajes que pis\u00f3, los inmuebles y lugares donde concibi\u00f3 sus escritos y, en general, todo lo que est\u00e1 vinculado a su existencia y a su producci\u00f3n literaria. La web, operativa desde el pasado 13 de marzo, est\u00e1 a disposici\u00f3n de todos los interesados una amplia y rigurosa documentaci\u00f3n.<\/p>\n<p>\u00abUn pueblo que no ayuda y no fomenta su teatro, si no est\u00e1 muerto, est\u00e1 moribundo\u00bb. Con estas palabras del propio Lorca ha celebrado Ana Bel\u00e9n la figura del genio granadino y su influencia decisiva en el teatro espa\u00f1ol del siglo XX, una impronta que llega hasta el d\u00eda de hoy.<\/p>\n<p><img decoding=\"async\" class=\"wp-image-42583 aligncenter\" src=\"https:\/\/www.inmsol.com\/wp-content\/uploads\/2019\/05\/universolorcainstitutocervantesmadrid_02-1010x463.jpg\" alt=\"\" width=\"729\" height=\"334\" srcset=\"https:\/\/www.inmsol.com\/wp-content\/uploads\/2019\/05\/universolorcainstitutocervantesmadrid_02-1010x463.jpg 1010w, https:\/\/www.inmsol.com\/wp-content\/uploads\/2019\/05\/universolorcainstitutocervantesmadrid_02-1010x463-800x367.jpg 800w, https:\/\/www.inmsol.com\/wp-content\/uploads\/2019\/05\/universolorcainstitutocervantesmadrid_02-1010x463-64x29.jpg 64w, https:\/\/www.inmsol.com\/wp-content\/uploads\/2019\/05\/universolorcainstitutocervantesmadrid_02-1010x463-460x211.jpg 460w, https:\/\/www.inmsol.com\/wp-content\/uploads\/2019\/05\/universolorcainstitutocervantesmadrid_02-1010x463-768x352.jpg 768w, https:\/\/www.inmsol.com\/wp-content\/uploads\/2019\/05\/universolorcainstitutocervantesmadrid_02-1010x463-250x115.jpg 250w, https:\/\/www.inmsol.com\/wp-content\/uploads\/2019\/05\/universolorcainstitutocervantesmadrid_02-1010x463-600x275.jpg 600w\" sizes=\"(max-width: 729px) 100vw, 729px\" \/><\/p>\n<p style=\"text-align: center;\">Presentaci\u00f3n de\u00a0<a href=\"http:\/\/www.universolorca.com\/\" target=\"_blank\" rel=\"noopener noreferrer\">www.universolorca.com<\/a>\u00a0en la sede del Instituto Cervantes -Foto: Gabinete<\/p>\n","protected":false},"excerpt":{"rendered":"<p>La Diputaci\u00f3n de Granada ha presentado este lunes en la sede del Instituto Cervantes de Madrid la plataforma \u00abUniverso Lorca\u00bb, la primera web sobre los lugares que marcaron la vida del poeta andaluz y su vinculaci\u00f3n con la tierra que le vio nacer. La presencia&#8230;<\/p>\n","protected":false},"author":3,"featured_media":42597,"comment_status":"closed","ping_status":"closed","sticky":false,"template":"","format":"standard","meta":{"_acf_changed":false,"footnotes":""},"categories":[83],"tags":[],"class_list":["post-42633","post","type-post","status-publish","format-standard","has-post-thumbnail","hentry","category-cultura-literatura-historia-espana-es"],"acf":[],"yoast_head":"<!-- This site is optimized with the Yoast SEO plugin v27.5 - https:\/\/yoast.com\/product\/yoast-seo-wordpress\/ -->\n<title>Promoci\u00f3n internacional de Universo Lorca &#8226; Spanish Culture<\/title>\n<meta name=\"description\" content=\"La Diputaci\u00f3n de Granada ha presentado la primera web sobre los lugares que marcaron la vida del poeta andaluz y su vinculaci\u00f3n con la tierra que le vio nacer.\" \/>\n<meta name=\"robots\" content=\"index, follow, max-snippet:-1, max-image-preview:large, max-video-preview:-1\" \/>\n<link rel=\"canonical\" href=\"https:\/\/www.inmsol.com\/es\/blog-escuela\/cultura-literatura-historia-espana-es\/promocion-internacional-de-universo-lorca\/\" \/>\n<meta property=\"og:locale\" content=\"es_ES\" \/>\n<meta property=\"og:type\" content=\"article\" \/>\n<meta property=\"og:title\" content=\"Promoci\u00f3n internacional de Universo Lorca &#8226; Spanish Culture\" \/>\n<meta property=\"og:description\" content=\"La Diputaci\u00f3n de Granada ha presentado la primera web sobre los lugares que marcaron la vida del poeta andaluz y su vinculaci\u00f3n con la tierra que le vio nacer.\" \/>\n<meta property=\"og:url\" content=\"https:\/\/www.inmsol.com\/es\/blog-escuela\/cultura-literatura-historia-espana-es\/promocion-internacional-de-universo-lorca\/\" \/>\n<meta property=\"og:site_name\" content=\"iNMSOL\" \/>\n<meta property=\"article:publisher\" content=\"https:\/\/www.facebook.com\/spanishcourses\" \/>\n<meta property=\"article:published_time\" content=\"2019-05-08T12:08:17+00:00\" \/>\n<meta property=\"article:modified_time\" content=\"2019-05-08T12:13:27+00:00\" \/>\n<meta property=\"og:image\" content=\"https:\/\/www.inmsol.com\/wp-content\/uploads\/2019\/05\/lorca.jpg\" \/>\n\t<meta property=\"og:image:width\" content=\"1024\" \/>\n\t<meta property=\"og:image:height\" content=\"600\" \/>\n\t<meta property=\"og:image:type\" content=\"image\/jpeg\" \/>\n<meta name=\"author\" content=\"- Instituto Mediterr\u00e1neo Sol\" \/>\n<meta name=\"twitter:label1\" content=\"Escrito por\" \/>\n\t<meta name=\"twitter:data1\" content=\"- Instituto Mediterr\u00e1neo Sol\" \/>\n\t<meta name=\"twitter:label2\" content=\"Tiempo de lectura\" \/>\n\t<meta name=\"twitter:data2\" content=\"2 minutos\" \/>\n<script type=\"application\/ld+json\" class=\"yoast-schema-graph\">{\"@context\":\"https:\\\/\\\/schema.org\",\"@graph\":[{\"@type\":\"Article\",\"@id\":\"https:\\\/\\\/www.inmsol.com\\\/es\\\/blog-escuela\\\/cultura-literatura-historia-espana-es\\\/promocion-internacional-de-universo-lorca\\\/#article\",\"isPartOf\":{\"@id\":\"https:\\\/\\\/www.inmsol.com\\\/es\\\/blog-escuela\\\/cultura-literatura-historia-espana-es\\\/promocion-internacional-de-universo-lorca\\\/\"},\"author\":{\"name\":\"- Instituto Mediterr\u00e1neo Sol\",\"@id\":\"https:\\\/\\\/www.inmsol.com\\\/es\\\/#\\\/schema\\\/person\\\/94a7a01d14a56d1fbc49c841ffc57fe9\"},\"headline\":\"Promoci\u00f3n internacional de Universo Lorca\",\"datePublished\":\"2019-05-08T12:08:17+00:00\",\"dateModified\":\"2019-05-08T12:13:27+00:00\",\"mainEntityOfPage\":{\"@id\":\"https:\\\/\\\/www.inmsol.com\\\/es\\\/blog-escuela\\\/cultura-literatura-historia-espana-es\\\/promocion-internacional-de-universo-lorca\\\/\"},\"wordCount\":430,\"publisher\":{\"@id\":\"https:\\\/\\\/www.inmsol.com\\\/es\\\/#organization\"},\"image\":{\"@id\":\"https:\\\/\\\/www.inmsol.com\\\/es\\\/blog-escuela\\\/cultura-literatura-historia-espana-es\\\/promocion-internacional-de-universo-lorca\\\/#primaryimage\"},\"thumbnailUrl\":\"https:\\\/\\\/www.inmsol.com\\\/wp-content\\\/uploads\\\/2019\\\/05\\\/lorca.jpg\",\"articleSection\":[\"Cultura, Literatura e Historia de Espa\u00f1a e Hispanoam\u00e9rica\"],\"inLanguage\":\"es\"},{\"@type\":\"WebPage\",\"@id\":\"https:\\\/\\\/www.inmsol.com\\\/es\\\/blog-escuela\\\/cultura-literatura-historia-espana-es\\\/promocion-internacional-de-universo-lorca\\\/\",\"url\":\"https:\\\/\\\/www.inmsol.com\\\/es\\\/blog-escuela\\\/cultura-literatura-historia-espana-es\\\/promocion-internacional-de-universo-lorca\\\/\",\"name\":\"Promoci\u00f3n internacional de Universo Lorca &#8226; Spanish Culture\",\"isPartOf\":{\"@id\":\"https:\\\/\\\/www.inmsol.com\\\/es\\\/#website\"},\"primaryImageOfPage\":{\"@id\":\"https:\\\/\\\/www.inmsol.com\\\/es\\\/blog-escuela\\\/cultura-literatura-historia-espana-es\\\/promocion-internacional-de-universo-lorca\\\/#primaryimage\"},\"image\":{\"@id\":\"https:\\\/\\\/www.inmsol.com\\\/es\\\/blog-escuela\\\/cultura-literatura-historia-espana-es\\\/promocion-internacional-de-universo-lorca\\\/#primaryimage\"},\"thumbnailUrl\":\"https:\\\/\\\/www.inmsol.com\\\/wp-content\\\/uploads\\\/2019\\\/05\\\/lorca.jpg\",\"datePublished\":\"2019-05-08T12:08:17+00:00\",\"dateModified\":\"2019-05-08T12:13:27+00:00\",\"description\":\"La Diputaci\u00f3n de Granada ha presentado la primera web sobre los lugares que marcaron la vida del poeta andaluz y su vinculaci\u00f3n con la tierra que le vio nacer.\",\"breadcrumb\":{\"@id\":\"https:\\\/\\\/www.inmsol.com\\\/es\\\/blog-escuela\\\/cultura-literatura-historia-espana-es\\\/promocion-internacional-de-universo-lorca\\\/#breadcrumb\"},\"inLanguage\":\"es\",\"potentialAction\":[{\"@type\":\"ReadAction\",\"target\":[\"https:\\\/\\\/www.inmsol.com\\\/es\\\/blog-escuela\\\/cultura-literatura-historia-espana-es\\\/promocion-internacional-de-universo-lorca\\\/\"]}]},{\"@type\":\"ImageObject\",\"inLanguage\":\"es\",\"@id\":\"https:\\\/\\\/www.inmsol.com\\\/es\\\/blog-escuela\\\/cultura-literatura-historia-espana-es\\\/promocion-internacional-de-universo-lorca\\\/#primaryimage\",\"url\":\"https:\\\/\\\/www.inmsol.com\\\/wp-content\\\/uploads\\\/2019\\\/05\\\/lorca.jpg\",\"contentUrl\":\"https:\\\/\\\/www.inmsol.com\\\/wp-content\\\/uploads\\\/2019\\\/05\\\/lorca.jpg\",\"width\":1024,\"height\":600},{\"@type\":\"BreadcrumbList\",\"@id\":\"https:\\\/\\\/www.inmsol.com\\\/es\\\/blog-escuela\\\/cultura-literatura-historia-espana-es\\\/promocion-internacional-de-universo-lorca\\\/#breadcrumb\",\"itemListElement\":[{\"@type\":\"ListItem\",\"position\":1,\"name\":\"Accredited Center by Instituto Cervantes\",\"item\":\"https:\\\/\\\/www.inmsol.com\\\/es\\\/pagina-ejemplo\\\/\"},{\"@type\":\"ListItem\",\"position\":2,\"name\":\"Blog Escuela Espa\u00f1ol\",\"item\":\"https:\\\/\\\/www.inmsol.com\\\/es\\\/category\\\/blog-escuela\\\/\"},{\"@type\":\"ListItem\",\"position\":3,\"name\":\"Cultura, Literatura e Historia de Espa\u00f1a e Hispanoam\u00e9rica\",\"item\":\"https:\\\/\\\/www.inmsol.com\\\/es\\\/category\\\/blog-escuela\\\/cultura-literatura-historia-espana-es\\\/\"},{\"@type\":\"ListItem\",\"position\":4,\"name\":\"Promoci\u00f3n internacional de Universo Lorca\"}]},{\"@type\":\"WebSite\",\"@id\":\"https:\\\/\\\/www.inmsol.com\\\/es\\\/#website\",\"url\":\"https:\\\/\\\/www.inmsol.com\\\/es\\\/\",\"name\":\"iNMSOL\",\"description\":\"Aprenda Espa\u00f1ol con iNMSOL en Granada | Centro Acreditado por el Instituto Cervantes\",\"publisher\":{\"@id\":\"https:\\\/\\\/www.inmsol.com\\\/es\\\/#organization\"},\"potentialAction\":[{\"@type\":\"SearchAction\",\"target\":{\"@type\":\"EntryPoint\",\"urlTemplate\":\"https:\\\/\\\/www.inmsol.com\\\/es\\\/?s={search_term_string}\"},\"query-input\":{\"@type\":\"PropertyValueSpecification\",\"valueRequired\":true,\"valueName\":\"search_term_string\"}}],\"inLanguage\":\"es\"},{\"@type\":\"Organization\",\"@id\":\"https:\\\/\\\/www.inmsol.com\\\/es\\\/#organization\",\"name\":\"Instituto Mediterr\u00e1neo Sol\",\"url\":\"https:\\\/\\\/www.inmsol.com\\\/es\\\/\",\"logo\":{\"@type\":\"ImageObject\",\"inLanguage\":\"es\",\"@id\":\"https:\\\/\\\/www.inmsol.com\\\/es\\\/#\\\/schema\\\/logo\\\/image\\\/\",\"url\":\"https:\\\/\\\/www.inmsol.com\\\/wp-content\\\/uploads\\\/2023\\\/06\\\/logo-inmsol-1.png\",\"contentUrl\":\"https:\\\/\\\/www.inmsol.com\\\/wp-content\\\/uploads\\\/2023\\\/06\\\/logo-inmsol-1.png\",\"width\":136,\"height\":73,\"caption\":\"Instituto Mediterr\u00e1neo Sol\"},\"image\":{\"@id\":\"https:\\\/\\\/www.inmsol.com\\\/es\\\/#\\\/schema\\\/logo\\\/image\\\/\"},\"sameAs\":[\"https:\\\/\\\/www.facebook.com\\\/spanishcourses\",\"https:\\\/\\\/x.com\\\/StudyInGranada\",\"http:\\\/\\\/instagram.com\\\/imsolgranada\",\"https:\\\/\\\/es.linkedin.com\\\/company\\\/imsol-granada\",\"https:\\\/\\\/www.pinterest.es\\\/inmsol\\\/\",\"https:\\\/\\\/www.youtube.com\\\/channel\\\/UChz-Qn_7coFMosY85iYMO4g\"]},{\"@type\":\"Person\",\"@id\":\"https:\\\/\\\/www.inmsol.com\\\/es\\\/#\\\/schema\\\/person\\\/94a7a01d14a56d1fbc49c841ffc57fe9\",\"name\":\"- Instituto Mediterr\u00e1neo Sol\",\"image\":{\"@type\":\"ImageObject\",\"inLanguage\":\"es\",\"@id\":\"https:\\\/\\\/secure.gravatar.com\\\/avatar\\\/5607fdabdf1b548b6095cc3d43079829bc1497403e70dd34004e7204a8fef62b?s=96&d=mm&r=g\",\"url\":\"https:\\\/\\\/secure.gravatar.com\\\/avatar\\\/5607fdabdf1b548b6095cc3d43079829bc1497403e70dd34004e7204a8fef62b?s=96&d=mm&r=g\",\"contentUrl\":\"https:\\\/\\\/secure.gravatar.com\\\/avatar\\\/5607fdabdf1b548b6095cc3d43079829bc1497403e70dd34004e7204a8fef62b?s=96&d=mm&r=g\",\"caption\":\"- Instituto Mediterr\u00e1neo Sol\"},\"url\":\"https:\\\/\\\/www.inmsol.com\\\/es\\\/author\\\/laura\\\/\"}]}<\/script>\n<!-- \/ Yoast SEO plugin. -->","yoast_head_json":{"title":"Promoci\u00f3n internacional de Universo Lorca &#8226; Spanish Culture","description":"La Diputaci\u00f3n de Granada ha presentado la primera web sobre los lugares que marcaron la vida del poeta andaluz y su vinculaci\u00f3n con la tierra que le vio nacer.","robots":{"index":"index","follow":"follow","max-snippet":"max-snippet:-1","max-image-preview":"max-image-preview:large","max-video-preview":"max-video-preview:-1"},"canonical":"https:\/\/www.inmsol.com\/es\/blog-escuela\/cultura-literatura-historia-espana-es\/promocion-internacional-de-universo-lorca\/","og_locale":"es_ES","og_type":"article","og_title":"Promoci\u00f3n internacional de Universo Lorca &#8226; Spanish Culture","og_description":"La Diputaci\u00f3n de Granada ha presentado la primera web sobre los lugares que marcaron la vida del poeta andaluz y su vinculaci\u00f3n con la tierra que le vio nacer.","og_url":"https:\/\/www.inmsol.com\/es\/blog-escuela\/cultura-literatura-historia-espana-es\/promocion-internacional-de-universo-lorca\/","og_site_name":"iNMSOL","article_publisher":"https:\/\/www.facebook.com\/spanishcourses","article_published_time":"2019-05-08T12:08:17+00:00","article_modified_time":"2019-05-08T12:13:27+00:00","og_image":[{"width":1024,"height":600,"url":"https:\/\/www.inmsol.com\/wp-content\/uploads\/2019\/05\/lorca.jpg","type":"image\/jpeg"}],"author":"- Instituto Mediterr\u00e1neo Sol","twitter_misc":{"Escrito por":"- Instituto Mediterr\u00e1neo Sol","Tiempo de lectura":"2 minutos"},"schema":{"@context":"https:\/\/schema.org","@graph":[{"@type":"Article","@id":"https:\/\/www.inmsol.com\/es\/blog-escuela\/cultura-literatura-historia-espana-es\/promocion-internacional-de-universo-lorca\/#article","isPartOf":{"@id":"https:\/\/www.inmsol.com\/es\/blog-escuela\/cultura-literatura-historia-espana-es\/promocion-internacional-de-universo-lorca\/"},"author":{"name":"- Instituto Mediterr\u00e1neo Sol","@id":"https:\/\/www.inmsol.com\/es\/#\/schema\/person\/94a7a01d14a56d1fbc49c841ffc57fe9"},"headline":"Promoci\u00f3n internacional de Universo Lorca","datePublished":"2019-05-08T12:08:17+00:00","dateModified":"2019-05-08T12:13:27+00:00","mainEntityOfPage":{"@id":"https:\/\/www.inmsol.com\/es\/blog-escuela\/cultura-literatura-historia-espana-es\/promocion-internacional-de-universo-lorca\/"},"wordCount":430,"publisher":{"@id":"https:\/\/www.inmsol.com\/es\/#organization"},"image":{"@id":"https:\/\/www.inmsol.com\/es\/blog-escuela\/cultura-literatura-historia-espana-es\/promocion-internacional-de-universo-lorca\/#primaryimage"},"thumbnailUrl":"https:\/\/www.inmsol.com\/wp-content\/uploads\/2019\/05\/lorca.jpg","articleSection":["Cultura, Literatura e Historia de Espa\u00f1a e Hispanoam\u00e9rica"],"inLanguage":"es"},{"@type":"WebPage","@id":"https:\/\/www.inmsol.com\/es\/blog-escuela\/cultura-literatura-historia-espana-es\/promocion-internacional-de-universo-lorca\/","url":"https:\/\/www.inmsol.com\/es\/blog-escuela\/cultura-literatura-historia-espana-es\/promocion-internacional-de-universo-lorca\/","name":"Promoci\u00f3n internacional de Universo Lorca &#8226; Spanish Culture","isPartOf":{"@id":"https:\/\/www.inmsol.com\/es\/#website"},"primaryImageOfPage":{"@id":"https:\/\/www.inmsol.com\/es\/blog-escuela\/cultura-literatura-historia-espana-es\/promocion-internacional-de-universo-lorca\/#primaryimage"},"image":{"@id":"https:\/\/www.inmsol.com\/es\/blog-escuela\/cultura-literatura-historia-espana-es\/promocion-internacional-de-universo-lorca\/#primaryimage"},"thumbnailUrl":"https:\/\/www.inmsol.com\/wp-content\/uploads\/2019\/05\/lorca.jpg","datePublished":"2019-05-08T12:08:17+00:00","dateModified":"2019-05-08T12:13:27+00:00","description":"La Diputaci\u00f3n de Granada ha presentado la primera web sobre los lugares que marcaron la vida del poeta andaluz y su vinculaci\u00f3n con la tierra que le vio nacer.","breadcrumb":{"@id":"https:\/\/www.inmsol.com\/es\/blog-escuela\/cultura-literatura-historia-espana-es\/promocion-internacional-de-universo-lorca\/#breadcrumb"},"inLanguage":"es","potentialAction":[{"@type":"ReadAction","target":["https:\/\/www.inmsol.com\/es\/blog-escuela\/cultura-literatura-historia-espana-es\/promocion-internacional-de-universo-lorca\/"]}]},{"@type":"ImageObject","inLanguage":"es","@id":"https:\/\/www.inmsol.com\/es\/blog-escuela\/cultura-literatura-historia-espana-es\/promocion-internacional-de-universo-lorca\/#primaryimage","url":"https:\/\/www.inmsol.com\/wp-content\/uploads\/2019\/05\/lorca.jpg","contentUrl":"https:\/\/www.inmsol.com\/wp-content\/uploads\/2019\/05\/lorca.jpg","width":1024,"height":600},{"@type":"BreadcrumbList","@id":"https:\/\/www.inmsol.com\/es\/blog-escuela\/cultura-literatura-historia-espana-es\/promocion-internacional-de-universo-lorca\/#breadcrumb","itemListElement":[{"@type":"ListItem","position":1,"name":"Accredited Center by Instituto Cervantes","item":"https:\/\/www.inmsol.com\/es\/pagina-ejemplo\/"},{"@type":"ListItem","position":2,"name":"Blog Escuela Espa\u00f1ol","item":"https:\/\/www.inmsol.com\/es\/category\/blog-escuela\/"},{"@type":"ListItem","position":3,"name":"Cultura, Literatura e Historia de Espa\u00f1a e Hispanoam\u00e9rica","item":"https:\/\/www.inmsol.com\/es\/category\/blog-escuela\/cultura-literatura-historia-espana-es\/"},{"@type":"ListItem","position":4,"name":"Promoci\u00f3n internacional de Universo Lorca"}]},{"@type":"WebSite","@id":"https:\/\/www.inmsol.com\/es\/#website","url":"https:\/\/www.inmsol.com\/es\/","name":"iNMSOL","description":"Aprenda Espa\u00f1ol con iNMSOL en Granada | Centro Acreditado por el Instituto Cervantes","publisher":{"@id":"https:\/\/www.inmsol.com\/es\/#organization"},"potentialAction":[{"@type":"SearchAction","target":{"@type":"EntryPoint","urlTemplate":"https:\/\/www.inmsol.com\/es\/?s={search_term_string}"},"query-input":{"@type":"PropertyValueSpecification","valueRequired":true,"valueName":"search_term_string"}}],"inLanguage":"es"},{"@type":"Organization","@id":"https:\/\/www.inmsol.com\/es\/#organization","name":"Instituto Mediterr\u00e1neo Sol","url":"https:\/\/www.inmsol.com\/es\/","logo":{"@type":"ImageObject","inLanguage":"es","@id":"https:\/\/www.inmsol.com\/es\/#\/schema\/logo\/image\/","url":"https:\/\/www.inmsol.com\/wp-content\/uploads\/2023\/06\/logo-inmsol-1.png","contentUrl":"https:\/\/www.inmsol.com\/wp-content\/uploads\/2023\/06\/logo-inmsol-1.png","width":136,"height":73,"caption":"Instituto Mediterr\u00e1neo Sol"},"image":{"@id":"https:\/\/www.inmsol.com\/es\/#\/schema\/logo\/image\/"},"sameAs":["https:\/\/www.facebook.com\/spanishcourses","https:\/\/x.com\/StudyInGranada","http:\/\/instagram.com\/imsolgranada","https:\/\/es.linkedin.com\/company\/imsol-granada","https:\/\/www.pinterest.es\/inmsol\/","https:\/\/www.youtube.com\/channel\/UChz-Qn_7coFMosY85iYMO4g"]},{"@type":"Person","@id":"https:\/\/www.inmsol.com\/es\/#\/schema\/person\/94a7a01d14a56d1fbc49c841ffc57fe9","name":"- Instituto Mediterr\u00e1neo Sol","image":{"@type":"ImageObject","inLanguage":"es","@id":"https:\/\/secure.gravatar.com\/avatar\/5607fdabdf1b548b6095cc3d43079829bc1497403e70dd34004e7204a8fef62b?s=96&d=mm&r=g","url":"https:\/\/secure.gravatar.com\/avatar\/5607fdabdf1b548b6095cc3d43079829bc1497403e70dd34004e7204a8fef62b?s=96&d=mm&r=g","contentUrl":"https:\/\/secure.gravatar.com\/avatar\/5607fdabdf1b548b6095cc3d43079829bc1497403e70dd34004e7204a8fef62b?s=96&d=mm&r=g","caption":"- Instituto Mediterr\u00e1neo Sol"},"url":"https:\/\/www.inmsol.com\/es\/author\/laura\/"}]}},"_links":{"self":[{"href":"https:\/\/www.inmsol.com\/es\/wp-json\/wp\/v2\/posts\/42633","targetHints":{"allow":["GET"]}}],"collection":[{"href":"https:\/\/www.inmsol.com\/es\/wp-json\/wp\/v2\/posts"}],"about":[{"href":"https:\/\/www.inmsol.com\/es\/wp-json\/wp\/v2\/types\/post"}],"author":[{"embeddable":true,"href":"https:\/\/www.inmsol.com\/es\/wp-json\/wp\/v2\/users\/3"}],"replies":[{"embeddable":true,"href":"https:\/\/www.inmsol.com\/es\/wp-json\/wp\/v2\/comments?post=42633"}],"version-history":[{"count":0,"href":"https:\/\/www.inmsol.com\/es\/wp-json\/wp\/v2\/posts\/42633\/revisions"}],"wp:featuredmedia":[{"embeddable":true,"href":"https:\/\/www.inmsol.com\/es\/wp-json\/wp\/v2\/media\/42597"}],"wp:attachment":[{"href":"https:\/\/www.inmsol.com\/es\/wp-json\/wp\/v2\/media?parent=42633"}],"wp:term":[{"taxonomy":"category","embeddable":true,"href":"https:\/\/www.inmsol.com\/es\/wp-json\/wp\/v2\/categories?post=42633"},{"taxonomy":"post_tag","embeddable":true,"href":"https:\/\/www.inmsol.com\/es\/wp-json\/wp\/v2\/tags?post=42633"}],"curies":[{"name":"wp","href":"https:\/\/api.w.org\/{rel}","templated":true}]}}