{"id":42718,"date":"2019-05-09T14:25:22","date_gmt":"2019-05-09T12:25:22","guid":{"rendered":"https:\/\/www.inmsol.com\/blog-escuela\/feria-del-libro-2019\/"},"modified":"2021-09-29T09:53:33","modified_gmt":"2021-09-29T07:53:33","slug":"feria-del-libro-2019","status":"publish","type":"post","link":"https:\/\/www.inmsol.com\/es\/blog-escuela\/eventos-granada\/feria-del-libro-2019\/","title":{"rendered":"Feria del Libro 2019"},"content":{"rendered":"<p><strong>La 38\u00aa edici\u00f3n de la Feria del Libro se desarrollar\u00e1 en <a href=\"https:\/\/www.inmsol.com\/es\/granada\/\" target=\"_blank\" rel=\"noopener noreferrer\">Granada<\/a> del 10 al 19 de mayo de 2019<\/strong><strong>. <\/strong>Este a\u00f1o <strong>su emplazamiento ser\u00e1 entre Fuente de las Batallas, Carrera de la Virgen y Plaza del Humilladero<\/strong><strong>. <\/strong>Con <a href=\"https:\/\/www.inmsol.com\/es\/blog-escuela\/eventos-granada\/feliz-dia-del-libro-2018\/\" target=\"_blank\" rel=\"noopener noreferrer\">la pasada edici\u00f3n<\/a> se bati\u00f3 el record de participaci\u00f3n con un total de <strong>62 empresas repartidas en 80 stands expositores<\/strong>, lo que oblig\u00f3 a extender el recinto de la FLG, por eso se considera como una de las grandes ferias de Espa\u00f1a.<\/p>\n<p><img fetchpriority=\"high\" decoding=\"async\" class=\" wp-image-42687 aligncenter\" src=\"https:\/\/www.inmsol.com\/wp-content\/uploads\/2019\/05\/feria-libro-granada-w.jpg\" alt=\"\" width=\"512\" height=\"288\" srcset=\"https:\/\/www.inmsol.com\/wp-content\/uploads\/2019\/05\/feria-libro-granada-w.jpg 667w, https:\/\/www.inmsol.com\/wp-content\/uploads\/2019\/05\/feria-libro-granada-w-64x36.jpg 64w, https:\/\/www.inmsol.com\/wp-content\/uploads\/2019\/05\/feria-libro-granada-w-600x337.jpg 600w, https:\/\/www.inmsol.com\/wp-content\/uploads\/2019\/05\/feria-libro-granada-w-460x259.jpg 460w, https:\/\/www.inmsol.com\/wp-content\/uploads\/2019\/05\/feria-libro-granada-w-250x141.jpg 250w\" sizes=\"(max-width: 512px) 100vw, 512px\" \/><\/p>\n<p>Entre las <strong>novedades organizativas de este a\u00f1o<\/strong> est\u00e1 la inversi\u00f3n del recorrido habitual de la feria para dinamizar el flujo de visitantes a lo largo de la Carrera de la Virgen, permitiendo un crecimiento progresivo y lineal del recinto.<\/p>\n<p>El lema elegido para esta edici\u00f3n ser\u00e1 \u201cPedro Antonio de Alarc\u00f3n y la Granada del siglo XIX\u201d, coincidiendo con el centenario del estreno en Londres del ballet \u201cEl sombrero de tres picos\u201d de Manuel de Falla, basado en la novela hom\u00f3nima del autor accitano.<\/p>\n<p>La Feria del Libro de Granada lleva unos a\u00f1os de crecimiento sostenido en cuanto a ventas, p\u00fablico, n\u00famero de expositores y, sobre todo, actividades culturales. Se ha convertido en un gran acontecimiento ciudadano, con miles de personas que llenan cada a\u00f1o todos los espacios de la Feria. En esta edici\u00f3n se aborda un nuevo y estimulante proceso de internacionalizaci\u00f3n, facilitado por el hecho de que Granada haya sido designada por la UNESCO como Ciudad Creativa.<\/p>\n<p>Las instituciones participantes en la Comisi\u00f3n de la Feria del Libro han acordado instituir una nueva figura, la de\u00a0<strong>Ciudad Unesco Invitada<\/strong>. As\u00ed, cada a\u00f1o la Feria del Libro de Granada designar\u00e1 a una de las Ciudades de Literatura de la UNESCO como invitada especial, lo que permitir\u00e1 implementar una programaci\u00f3n internacional, rica y diversa, y ofrecer nuevas oportunidades de conocimiento de autores y culturas. <strong>La primera Ciudad UNESCO invitada a la Feria del Libro de Granada es la ciudad inglesa de Nottingham<\/strong>. La ciudad de Lord Byron y de D. H. Lawrence es tambi\u00e9n muy conocida por ser el escenario de la famosa novela de Walter Scott, <em>\u201cIvanhoe\u201d<\/em> en la que aparece Robin Hood. <strong>Granada y Nottingham est\u00e1n preparando una programaci\u00f3n especial de autores ingleses que acudir\u00e1n a la Feria del Libro<\/strong>. El programa de actividades que Nottingham trae a Granada comenzar\u00e1 con la participaci\u00f3n de la directora de Nottingham UNESCO City of Literature, Sandeep Mahal, en los discursos de inauguraci\u00f3n de la Feria ma\u00f1ana, 10 de mayo.<\/p>\n<p>&nbsp;<\/p>\n<p>Otra novedad es la creaci\u00f3n del <strong>Espacio Independientes.<\/strong>\u00a0 Con el fin de garantizar la participaci\u00f3n de aquellas editoriales con cat\u00e1logos menos visibles, la FLG ofrece un espacio que se convertir\u00e1 en librer\u00eda al poder circular por su interior.<\/p>\n<p>Esas editoriales mantienen viva la experiencia de la lectura como un ritual, material y corp\u00f3reo, convirtiendo cada libro en un objeto vivo y transformador. Un espacio para quienes siguen apostando por lo dif\u00edcil y lo \u00fanico, y transforman la literatura en piezas \u00fanicas y vitales. Se ha encontrado una manera de hacer presente al universo editorial independiente en un ambiente que refleje su car\u00e1cter \u00fanico y su riqueza.<\/p>\n<p>El objetivo pa<img decoding=\"async\" class=\"size-full wp-image-42701 alignleft\" src=\"https:\/\/www.inmsol.com\/wp-content\/uploads\/2019\/05\/mariu_marn_irenetarraga_taller_infantil_jpg.jpg\" alt=\"\" width=\"350\" height=\"465\" srcset=\"https:\/\/www.inmsol.com\/wp-content\/uploads\/2019\/05\/mariu_marn_irenetarraga_taller_infantil_jpg.jpg 350w, https:\/\/www.inmsol.com\/wp-content\/uploads\/2019\/05\/mariu_marn_irenetarraga_taller_infantil_jpg-64x85.jpg 64w, https:\/\/www.inmsol.com\/wp-content\/uploads\/2019\/05\/mariu_marn_irenetarraga_taller_infantil_jpg-226x300.jpg 226w, https:\/\/www.inmsol.com\/wp-content\/uploads\/2019\/05\/mariu_marn_irenetarraga_taller_infantil_jpg-151x200.jpg 151w, https:\/\/www.inmsol.com\/wp-content\/uploads\/2019\/05\/mariu_marn_irenetarraga_taller_infantil_jpg-301x400.jpg 301w\" sizes=\"(max-width: 350px) 100vw, 350px\" \/>ra esta FLG2019 es tambi\u00e9n el de <strong>atraer a la <a href=\"https:\/\/www.inmsol.com\/es\/cursos-espanol-espana\/curso-adolescentes\/\" target=\"_blank\" rel=\"noopener noreferrer\">adolescencia<\/a><\/strong> con propuestas dise\u00f1adas por sus referentes y coordinar la oferta infantil de distintos agentes provocando una magn\u00edfica experiencia con yincanas literarias y\u00a0propuestas l\u00fadicas vinculadas a personajes como Robin Hood.<\/p>\n<p>Por \u00faltimo, la <strong>programaci\u00f3n familiar<\/strong> tambi\u00e9n cuenta con grandes momentos como el encuentro con la multipremiada autora de literatura infantil Maite Carranza o la presentaci\u00f3n de la exposici\u00f3n asociada al \u00faltimo proyecto editorial coordinado por Fernando Mar\u00edas dirigido al p\u00fablico juvenil, que podr\u00e1 disfrutar del di\u00e1logo del grupo de booktubers SQUAD.<\/p>\n<p>En resumen, \u00bfqu\u00e9 representa la Feria del Libro? Un paseo por el centro de la ciudad m\u00e1s bonita de Espa\u00f1a, pura cultura con libros, cuentos, novelas, historia, m\u00fasica, ciencia\u2026 el mejor plan para disfrutar de la cultura en familia. Adem\u00e1s en esta edici\u00f3n vamos a celebrar que Granada es Ciudad de la Literatura y Amiga de la Infancia, ampliando y mejorando los espacios dedicados a la juventud.<\/p>\n<p>Desde <a href=\"https:\/\/www.inmsol.com\/es\/\" target=\"_blank\" rel=\"noopener noreferrer\">Instituto Mediterr\u00e1neo Sol<\/a> animamos a todos nuestros estudiantes a visitar esta feria y a participar en sus actividades. \u00a1No perd\u00e1is la oportunidad de ganar algunas de las entradas a distintos espect\u00e1culos de la ciudad! En este enlace pod\u00e9is encontrar la programaci\u00f3n completa de la Feria y toda la informaci\u00f3n necesaria:<\/p>\n<p>&nbsp;<\/p>\n<p>http:\/\/www.ferialibrogranada.org\/wp-content\/uploads\/Programa-2019.pdf<\/p>\n<p>&nbsp;<\/p>\n<p>&nbsp;<\/p>\n<h3>\u00a1Esperamos que la disfrut\u00e9is!<\/h3>\n<p><img decoding=\"async\" class=\"alignnone size-full wp-image-42715\" src=\"https:\/\/www.inmsol.com\/wp-content\/uploads\/2019\/05\/flg19.jpg\" alt=\"\" width=\"550\" height=\"100\" srcset=\"https:\/\/www.inmsol.com\/wp-content\/uploads\/2019\/05\/flg19.jpg 550w, https:\/\/www.inmsol.com\/wp-content\/uploads\/2019\/05\/flg19-64x12.jpg 64w, https:\/\/www.inmsol.com\/wp-content\/uploads\/2019\/05\/flg19-460x84.jpg 460w, https:\/\/www.inmsol.com\/wp-content\/uploads\/2019\/05\/flg19-250x45.jpg 250w\" sizes=\"(max-width: 550px) 100vw, 550px\" \/><\/p>\n","protected":false},"excerpt":{"rendered":"<p>La 38\u00aa edici\u00f3n de la Feria del Libro se desarrollar\u00e1 en Granada del 10 al 19 de mayo de 2019. Este a\u00f1o su emplazamiento ser\u00e1 entre Fuente de las Batallas, Carrera de la Virgen y Plaza del Humilladero. Con la pasada edici\u00f3n se bati\u00f3 el&#8230;<\/p>\n","protected":false},"author":3,"featured_media":42687,"comment_status":"closed","ping_status":"closed","sticky":false,"template":"","format":"standard","meta":{"_acf_changed":false,"footnotes":""},"categories":[80],"tags":[],"class_list":["post-42718","post","type-post","status-publish","format-standard","has-post-thumbnail","hentry","category-eventos-granada"],"acf":[],"yoast_head":"<!-- This site is optimized with the Yoast SEO plugin v27.5 - https:\/\/yoast.com\/product\/yoast-seo-wordpress\/ -->\n<title>Feria del Libro 2019 Granada Fair of Book<\/title>\n<meta name=\"description\" content=\"La 38\u00aa edici\u00f3n de la Feria del Libro se desarrollar\u00e1 en Granada del 10 al 19 de mayo de 2019. Con la pasada edici\u00f3n se bati\u00f3 el record\" \/>\n<meta name=\"robots\" content=\"index, follow, max-snippet:-1, max-image-preview:large, max-video-preview:-1\" \/>\n<link rel=\"canonical\" href=\"https:\/\/www.inmsol.com\/es\/blog-escuela\/eventos-granada\/feria-del-libro-2019\/\" \/>\n<meta property=\"og:locale\" content=\"es_ES\" \/>\n<meta property=\"og:type\" content=\"article\" \/>\n<meta property=\"og:title\" content=\"Feria del Libro 2019 Granada Fair of Book\" \/>\n<meta property=\"og:description\" content=\"La 38\u00aa edici\u00f3n de la Feria del Libro se desarrollar\u00e1 en Granada del 10 al 19 de mayo de 2019. Con la pasada edici\u00f3n se bati\u00f3 el record\" \/>\n<meta property=\"og:url\" content=\"https:\/\/www.inmsol.com\/es\/blog-escuela\/eventos-granada\/feria-del-libro-2019\/\" \/>\n<meta property=\"og:site_name\" content=\"iNMSOL\" \/>\n<meta property=\"article:publisher\" content=\"https:\/\/www.facebook.com\/spanishcourses\" \/>\n<meta property=\"article:published_time\" content=\"2019-05-09T12:25:22+00:00\" \/>\n<meta property=\"article:modified_time\" content=\"2021-09-29T07:53:33+00:00\" \/>\n<meta property=\"og:image\" content=\"https:\/\/www.inmsol.com\/wp-content\/uploads\/2019\/05\/feria-libro-granada-w.jpg\" \/>\n\t<meta property=\"og:image:width\" content=\"667\" \/>\n\t<meta property=\"og:image:height\" content=\"375\" \/>\n\t<meta property=\"og:image:type\" content=\"image\/jpeg\" \/>\n<meta name=\"author\" content=\"- Instituto Mediterr\u00e1neo Sol\" \/>\n<meta name=\"twitter:label1\" content=\"Escrito por\" \/>\n\t<meta name=\"twitter:data1\" content=\"- Instituto Mediterr\u00e1neo Sol\" \/>\n\t<meta name=\"twitter:label2\" content=\"Tiempo de lectura\" \/>\n\t<meta name=\"twitter:data2\" content=\"4 minutos\" \/>\n<script type=\"application\/ld+json\" class=\"yoast-schema-graph\">{\"@context\":\"https:\\\/\\\/schema.org\",\"@graph\":[{\"@type\":\"Article\",\"@id\":\"https:\\\/\\\/www.inmsol.com\\\/es\\\/blog-escuela\\\/eventos-granada\\\/feria-del-libro-2019\\\/#article\",\"isPartOf\":{\"@id\":\"https:\\\/\\\/www.inmsol.com\\\/es\\\/blog-escuela\\\/eventos-granada\\\/feria-del-libro-2019\\\/\"},\"author\":{\"name\":\"- Instituto Mediterr\u00e1neo Sol\",\"@id\":\"https:\\\/\\\/www.inmsol.com\\\/es\\\/#\\\/schema\\\/person\\\/94a7a01d14a56d1fbc49c841ffc57fe9\"},\"headline\":\"Feria del Libro 2019\",\"datePublished\":\"2019-05-09T12:25:22+00:00\",\"dateModified\":\"2021-09-29T07:53:33+00:00\",\"mainEntityOfPage\":{\"@id\":\"https:\\\/\\\/www.inmsol.com\\\/es\\\/blog-escuela\\\/eventos-granada\\\/feria-del-libro-2019\\\/\"},\"wordCount\":794,\"publisher\":{\"@id\":\"https:\\\/\\\/www.inmsol.com\\\/es\\\/#organization\"},\"image\":{\"@id\":\"https:\\\/\\\/www.inmsol.com\\\/es\\\/blog-escuela\\\/eventos-granada\\\/feria-del-libro-2019\\\/#primaryimage\"},\"thumbnailUrl\":\"https:\\\/\\\/www.inmsol.com\\\/wp-content\\\/uploads\\\/2019\\\/05\\\/feria-libro-granada-w.jpg\",\"articleSection\":[\"Eventos en Granada\"],\"inLanguage\":\"es\"},{\"@type\":\"WebPage\",\"@id\":\"https:\\\/\\\/www.inmsol.com\\\/es\\\/blog-escuela\\\/eventos-granada\\\/feria-del-libro-2019\\\/\",\"url\":\"https:\\\/\\\/www.inmsol.com\\\/es\\\/blog-escuela\\\/eventos-granada\\\/feria-del-libro-2019\\\/\",\"name\":\"Feria del Libro 2019 Granada Fair of Book\",\"isPartOf\":{\"@id\":\"https:\\\/\\\/www.inmsol.com\\\/es\\\/#website\"},\"primaryImageOfPage\":{\"@id\":\"https:\\\/\\\/www.inmsol.com\\\/es\\\/blog-escuela\\\/eventos-granada\\\/feria-del-libro-2019\\\/#primaryimage\"},\"image\":{\"@id\":\"https:\\\/\\\/www.inmsol.com\\\/es\\\/blog-escuela\\\/eventos-granada\\\/feria-del-libro-2019\\\/#primaryimage\"},\"thumbnailUrl\":\"https:\\\/\\\/www.inmsol.com\\\/wp-content\\\/uploads\\\/2019\\\/05\\\/feria-libro-granada-w.jpg\",\"datePublished\":\"2019-05-09T12:25:22+00:00\",\"dateModified\":\"2021-09-29T07:53:33+00:00\",\"description\":\"La 38\u00aa edici\u00f3n de la Feria del Libro se desarrollar\u00e1 en Granada del 10 al 19 de mayo de 2019. Con la pasada edici\u00f3n se bati\u00f3 el record\",\"breadcrumb\":{\"@id\":\"https:\\\/\\\/www.inmsol.com\\\/es\\\/blog-escuela\\\/eventos-granada\\\/feria-del-libro-2019\\\/#breadcrumb\"},\"inLanguage\":\"es\",\"potentialAction\":[{\"@type\":\"ReadAction\",\"target\":[\"https:\\\/\\\/www.inmsol.com\\\/es\\\/blog-escuela\\\/eventos-granada\\\/feria-del-libro-2019\\\/\"]}]},{\"@type\":\"ImageObject\",\"inLanguage\":\"es\",\"@id\":\"https:\\\/\\\/www.inmsol.com\\\/es\\\/blog-escuela\\\/eventos-granada\\\/feria-del-libro-2019\\\/#primaryimage\",\"url\":\"https:\\\/\\\/www.inmsol.com\\\/wp-content\\\/uploads\\\/2019\\\/05\\\/feria-libro-granada-w.jpg\",\"contentUrl\":\"https:\\\/\\\/www.inmsol.com\\\/wp-content\\\/uploads\\\/2019\\\/05\\\/feria-libro-granada-w.jpg\",\"width\":667,\"height\":375},{\"@type\":\"BreadcrumbList\",\"@id\":\"https:\\\/\\\/www.inmsol.com\\\/es\\\/blog-escuela\\\/eventos-granada\\\/feria-del-libro-2019\\\/#breadcrumb\",\"itemListElement\":[{\"@type\":\"ListItem\",\"position\":1,\"name\":\"Accredited Center by Instituto Cervantes\",\"item\":\"https:\\\/\\\/www.inmsol.com\\\/es\\\/pagina-ejemplo\\\/\"},{\"@type\":\"ListItem\",\"position\":2,\"name\":\"Blog Escuela Espa\u00f1ol\",\"item\":\"https:\\\/\\\/www.inmsol.com\\\/es\\\/category\\\/blog-escuela\\\/\"},{\"@type\":\"ListItem\",\"position\":3,\"name\":\"Eventos en Granada\",\"item\":\"https:\\\/\\\/www.inmsol.com\\\/es\\\/category\\\/blog-escuela\\\/eventos-granada\\\/\"},{\"@type\":\"ListItem\",\"position\":4,\"name\":\"Feria del Libro 2019\"}]},{\"@type\":\"WebSite\",\"@id\":\"https:\\\/\\\/www.inmsol.com\\\/es\\\/#website\",\"url\":\"https:\\\/\\\/www.inmsol.com\\\/es\\\/\",\"name\":\"iNMSOL\",\"description\":\"Aprenda Espa\u00f1ol con iNMSOL en Granada | Centro Acreditado por el Instituto Cervantes\",\"publisher\":{\"@id\":\"https:\\\/\\\/www.inmsol.com\\\/es\\\/#organization\"},\"potentialAction\":[{\"@type\":\"SearchAction\",\"target\":{\"@type\":\"EntryPoint\",\"urlTemplate\":\"https:\\\/\\\/www.inmsol.com\\\/es\\\/?s={search_term_string}\"},\"query-input\":{\"@type\":\"PropertyValueSpecification\",\"valueRequired\":true,\"valueName\":\"search_term_string\"}}],\"inLanguage\":\"es\"},{\"@type\":\"Organization\",\"@id\":\"https:\\\/\\\/www.inmsol.com\\\/es\\\/#organization\",\"name\":\"Instituto Mediterr\u00e1neo Sol\",\"url\":\"https:\\\/\\\/www.inmsol.com\\\/es\\\/\",\"logo\":{\"@type\":\"ImageObject\",\"inLanguage\":\"es\",\"@id\":\"https:\\\/\\\/www.inmsol.com\\\/es\\\/#\\\/schema\\\/logo\\\/image\\\/\",\"url\":\"https:\\\/\\\/www.inmsol.com\\\/wp-content\\\/uploads\\\/2023\\\/06\\\/logo-inmsol-1.png\",\"contentUrl\":\"https:\\\/\\\/www.inmsol.com\\\/wp-content\\\/uploads\\\/2023\\\/06\\\/logo-inmsol-1.png\",\"width\":136,\"height\":73,\"caption\":\"Instituto Mediterr\u00e1neo Sol\"},\"image\":{\"@id\":\"https:\\\/\\\/www.inmsol.com\\\/es\\\/#\\\/schema\\\/logo\\\/image\\\/\"},\"sameAs\":[\"https:\\\/\\\/www.facebook.com\\\/spanishcourses\",\"https:\\\/\\\/x.com\\\/StudyInGranada\",\"http:\\\/\\\/instagram.com\\\/imsolgranada\",\"https:\\\/\\\/es.linkedin.com\\\/company\\\/imsol-granada\",\"https:\\\/\\\/www.pinterest.es\\\/inmsol\\\/\",\"https:\\\/\\\/www.youtube.com\\\/channel\\\/UChz-Qn_7coFMosY85iYMO4g\"]},{\"@type\":\"Person\",\"@id\":\"https:\\\/\\\/www.inmsol.com\\\/es\\\/#\\\/schema\\\/person\\\/94a7a01d14a56d1fbc49c841ffc57fe9\",\"name\":\"- Instituto Mediterr\u00e1neo Sol\",\"image\":{\"@type\":\"ImageObject\",\"inLanguage\":\"es\",\"@id\":\"https:\\\/\\\/secure.gravatar.com\\\/avatar\\\/5607fdabdf1b548b6095cc3d43079829bc1497403e70dd34004e7204a8fef62b?s=96&d=mm&r=g\",\"url\":\"https:\\\/\\\/secure.gravatar.com\\\/avatar\\\/5607fdabdf1b548b6095cc3d43079829bc1497403e70dd34004e7204a8fef62b?s=96&d=mm&r=g\",\"contentUrl\":\"https:\\\/\\\/secure.gravatar.com\\\/avatar\\\/5607fdabdf1b548b6095cc3d43079829bc1497403e70dd34004e7204a8fef62b?s=96&d=mm&r=g\",\"caption\":\"- Instituto Mediterr\u00e1neo Sol\"},\"url\":\"https:\\\/\\\/www.inmsol.com\\\/es\\\/author\\\/laura\\\/\"}]}<\/script>\n<!-- \/ Yoast SEO plugin. -->","yoast_head_json":{"title":"Feria del Libro 2019 Granada Fair of Book","description":"La 38\u00aa edici\u00f3n de la Feria del Libro se desarrollar\u00e1 en Granada del 10 al 19 de mayo de 2019. Con la pasada edici\u00f3n se bati\u00f3 el record","robots":{"index":"index","follow":"follow","max-snippet":"max-snippet:-1","max-image-preview":"max-image-preview:large","max-video-preview":"max-video-preview:-1"},"canonical":"https:\/\/www.inmsol.com\/es\/blog-escuela\/eventos-granada\/feria-del-libro-2019\/","og_locale":"es_ES","og_type":"article","og_title":"Feria del Libro 2019 Granada Fair of Book","og_description":"La 38\u00aa edici\u00f3n de la Feria del Libro se desarrollar\u00e1 en Granada del 10 al 19 de mayo de 2019. Con la pasada edici\u00f3n se bati\u00f3 el record","og_url":"https:\/\/www.inmsol.com\/es\/blog-escuela\/eventos-granada\/feria-del-libro-2019\/","og_site_name":"iNMSOL","article_publisher":"https:\/\/www.facebook.com\/spanishcourses","article_published_time":"2019-05-09T12:25:22+00:00","article_modified_time":"2021-09-29T07:53:33+00:00","og_image":[{"width":667,"height":375,"url":"https:\/\/www.inmsol.com\/wp-content\/uploads\/2019\/05\/feria-libro-granada-w.jpg","type":"image\/jpeg"}],"author":"- Instituto Mediterr\u00e1neo Sol","twitter_misc":{"Escrito por":"- Instituto Mediterr\u00e1neo Sol","Tiempo de lectura":"4 minutos"},"schema":{"@context":"https:\/\/schema.org","@graph":[{"@type":"Article","@id":"https:\/\/www.inmsol.com\/es\/blog-escuela\/eventos-granada\/feria-del-libro-2019\/#article","isPartOf":{"@id":"https:\/\/www.inmsol.com\/es\/blog-escuela\/eventos-granada\/feria-del-libro-2019\/"},"author":{"name":"- Instituto Mediterr\u00e1neo Sol","@id":"https:\/\/www.inmsol.com\/es\/#\/schema\/person\/94a7a01d14a56d1fbc49c841ffc57fe9"},"headline":"Feria del Libro 2019","datePublished":"2019-05-09T12:25:22+00:00","dateModified":"2021-09-29T07:53:33+00:00","mainEntityOfPage":{"@id":"https:\/\/www.inmsol.com\/es\/blog-escuela\/eventos-granada\/feria-del-libro-2019\/"},"wordCount":794,"publisher":{"@id":"https:\/\/www.inmsol.com\/es\/#organization"},"image":{"@id":"https:\/\/www.inmsol.com\/es\/blog-escuela\/eventos-granada\/feria-del-libro-2019\/#primaryimage"},"thumbnailUrl":"https:\/\/www.inmsol.com\/wp-content\/uploads\/2019\/05\/feria-libro-granada-w.jpg","articleSection":["Eventos en Granada"],"inLanguage":"es"},{"@type":"WebPage","@id":"https:\/\/www.inmsol.com\/es\/blog-escuela\/eventos-granada\/feria-del-libro-2019\/","url":"https:\/\/www.inmsol.com\/es\/blog-escuela\/eventos-granada\/feria-del-libro-2019\/","name":"Feria del Libro 2019 Granada Fair of Book","isPartOf":{"@id":"https:\/\/www.inmsol.com\/es\/#website"},"primaryImageOfPage":{"@id":"https:\/\/www.inmsol.com\/es\/blog-escuela\/eventos-granada\/feria-del-libro-2019\/#primaryimage"},"image":{"@id":"https:\/\/www.inmsol.com\/es\/blog-escuela\/eventos-granada\/feria-del-libro-2019\/#primaryimage"},"thumbnailUrl":"https:\/\/www.inmsol.com\/wp-content\/uploads\/2019\/05\/feria-libro-granada-w.jpg","datePublished":"2019-05-09T12:25:22+00:00","dateModified":"2021-09-29T07:53:33+00:00","description":"La 38\u00aa edici\u00f3n de la Feria del Libro se desarrollar\u00e1 en Granada del 10 al 19 de mayo de 2019. Con la pasada edici\u00f3n se bati\u00f3 el record","breadcrumb":{"@id":"https:\/\/www.inmsol.com\/es\/blog-escuela\/eventos-granada\/feria-del-libro-2019\/#breadcrumb"},"inLanguage":"es","potentialAction":[{"@type":"ReadAction","target":["https:\/\/www.inmsol.com\/es\/blog-escuela\/eventos-granada\/feria-del-libro-2019\/"]}]},{"@type":"ImageObject","inLanguage":"es","@id":"https:\/\/www.inmsol.com\/es\/blog-escuela\/eventos-granada\/feria-del-libro-2019\/#primaryimage","url":"https:\/\/www.inmsol.com\/wp-content\/uploads\/2019\/05\/feria-libro-granada-w.jpg","contentUrl":"https:\/\/www.inmsol.com\/wp-content\/uploads\/2019\/05\/feria-libro-granada-w.jpg","width":667,"height":375},{"@type":"BreadcrumbList","@id":"https:\/\/www.inmsol.com\/es\/blog-escuela\/eventos-granada\/feria-del-libro-2019\/#breadcrumb","itemListElement":[{"@type":"ListItem","position":1,"name":"Accredited Center by Instituto Cervantes","item":"https:\/\/www.inmsol.com\/es\/pagina-ejemplo\/"},{"@type":"ListItem","position":2,"name":"Blog Escuela Espa\u00f1ol","item":"https:\/\/www.inmsol.com\/es\/category\/blog-escuela\/"},{"@type":"ListItem","position":3,"name":"Eventos en Granada","item":"https:\/\/www.inmsol.com\/es\/category\/blog-escuela\/eventos-granada\/"},{"@type":"ListItem","position":4,"name":"Feria del Libro 2019"}]},{"@type":"WebSite","@id":"https:\/\/www.inmsol.com\/es\/#website","url":"https:\/\/www.inmsol.com\/es\/","name":"iNMSOL","description":"Aprenda Espa\u00f1ol con iNMSOL en Granada | Centro Acreditado por el Instituto Cervantes","publisher":{"@id":"https:\/\/www.inmsol.com\/es\/#organization"},"potentialAction":[{"@type":"SearchAction","target":{"@type":"EntryPoint","urlTemplate":"https:\/\/www.inmsol.com\/es\/?s={search_term_string}"},"query-input":{"@type":"PropertyValueSpecification","valueRequired":true,"valueName":"search_term_string"}}],"inLanguage":"es"},{"@type":"Organization","@id":"https:\/\/www.inmsol.com\/es\/#organization","name":"Instituto Mediterr\u00e1neo Sol","url":"https:\/\/www.inmsol.com\/es\/","logo":{"@type":"ImageObject","inLanguage":"es","@id":"https:\/\/www.inmsol.com\/es\/#\/schema\/logo\/image\/","url":"https:\/\/www.inmsol.com\/wp-content\/uploads\/2023\/06\/logo-inmsol-1.png","contentUrl":"https:\/\/www.inmsol.com\/wp-content\/uploads\/2023\/06\/logo-inmsol-1.png","width":136,"height":73,"caption":"Instituto Mediterr\u00e1neo Sol"},"image":{"@id":"https:\/\/www.inmsol.com\/es\/#\/schema\/logo\/image\/"},"sameAs":["https:\/\/www.facebook.com\/spanishcourses","https:\/\/x.com\/StudyInGranada","http:\/\/instagram.com\/imsolgranada","https:\/\/es.linkedin.com\/company\/imsol-granada","https:\/\/www.pinterest.es\/inmsol\/","https:\/\/www.youtube.com\/channel\/UChz-Qn_7coFMosY85iYMO4g"]},{"@type":"Person","@id":"https:\/\/www.inmsol.com\/es\/#\/schema\/person\/94a7a01d14a56d1fbc49c841ffc57fe9","name":"- Instituto Mediterr\u00e1neo Sol","image":{"@type":"ImageObject","inLanguage":"es","@id":"https:\/\/secure.gravatar.com\/avatar\/5607fdabdf1b548b6095cc3d43079829bc1497403e70dd34004e7204a8fef62b?s=96&d=mm&r=g","url":"https:\/\/secure.gravatar.com\/avatar\/5607fdabdf1b548b6095cc3d43079829bc1497403e70dd34004e7204a8fef62b?s=96&d=mm&r=g","contentUrl":"https:\/\/secure.gravatar.com\/avatar\/5607fdabdf1b548b6095cc3d43079829bc1497403e70dd34004e7204a8fef62b?s=96&d=mm&r=g","caption":"- Instituto Mediterr\u00e1neo Sol"},"url":"https:\/\/www.inmsol.com\/es\/author\/laura\/"}]}},"_links":{"self":[{"href":"https:\/\/www.inmsol.com\/es\/wp-json\/wp\/v2\/posts\/42718","targetHints":{"allow":["GET"]}}],"collection":[{"href":"https:\/\/www.inmsol.com\/es\/wp-json\/wp\/v2\/posts"}],"about":[{"href":"https:\/\/www.inmsol.com\/es\/wp-json\/wp\/v2\/types\/post"}],"author":[{"embeddable":true,"href":"https:\/\/www.inmsol.com\/es\/wp-json\/wp\/v2\/users\/3"}],"replies":[{"embeddable":true,"href":"https:\/\/www.inmsol.com\/es\/wp-json\/wp\/v2\/comments?post=42718"}],"version-history":[{"count":0,"href":"https:\/\/www.inmsol.com\/es\/wp-json\/wp\/v2\/posts\/42718\/revisions"}],"wp:featuredmedia":[{"embeddable":true,"href":"https:\/\/www.inmsol.com\/es\/wp-json\/wp\/v2\/media\/42687"}],"wp:attachment":[{"href":"https:\/\/www.inmsol.com\/es\/wp-json\/wp\/v2\/media?parent=42718"}],"wp:term":[{"taxonomy":"category","embeddable":true,"href":"https:\/\/www.inmsol.com\/es\/wp-json\/wp\/v2\/categories?post=42718"},{"taxonomy":"post_tag","embeddable":true,"href":"https:\/\/www.inmsol.com\/es\/wp-json\/wp\/v2\/tags?post=42718"}],"curies":[{"name":"wp","href":"https:\/\/api.w.org\/{rel}","templated":true}]}}