{"id":431,"date":"2010-10-06T13:22:54","date_gmt":"2010-10-06T11:22:54","guid":{"rendered":"https:\/\/www.inmsol.com\/"},"modified":"2019-05-02T09:35:23","modified_gmt":"2019-05-02T07:35:23","slug":"international-jazz-festival-granada-november-2010","status":"publish","type":"post","link":"https:\/\/www.inmsol.com\/es\/blog-escuela\/eventos-granada\/international-jazz-festival-granada-november-2010\/","title":{"rendered":"INTERNATIONAL JAZZ FESTIVAL OF GRANADA &#8211; NOVEMBER 2010"},"content":{"rendered":"<p>INTERNATIONAL JAZZ FESTIVAL OF GRANADA &#8211; NOVEMBER 2010<\/p>\n<p>El Festival Internacional de Jazz de Granada &#8211; organizado por la Junta de Andaluc\u00eda, el Ayuntamiento de Granada, la Diputaci\u00f3n de Granada, la Obra Social de CajaGranada, Cervezas Alhambra y la Asociaci\u00f3n GranadaJazz-, es uno de los m\u00e1s antiguos e importantes de Europa y \u00fanico miembro espa\u00f1ol de la red europea de festivales de jazz Europe Jazz Network.<\/p>\n<p>\nA lo largo de sus treinta a\u00f1os transcurridos desde el primer Festival (1980), su historia ha discurrido paralela a la del jazz moderno y a sus principales figuras, nacionales e internacionales, como Miles Davis, Oscar Peterson, Charlie Haden, Art Blakey, Tete Montoliu, Dizzy Gillespie, Wayne Shorter, Herbie Hancock, Chano Dom\u00ednguez y un largo etc\u00e9tera\u2026<\/p>\n<p>\nLa presencia de tales nombres ha creado en Granada un aut\u00e9ntico movimiento jazz\u00edstico que ha fructificado en la creaci\u00f3n de una big band estable, sesiones off en diversos locales del \u00e1rea metropolitana, seminarios, publicaciones\u2026que favorecen el contacto e intercambio de experiencias entre m\u00fasicos locales y extranjeros.<\/p>\n<p>Viernes, 5 de noviembre<br \/>\nWAYNE SHORTER QUARTET<br \/>\ncon Brian Blade, John Patitucci y Danilo Perez <\/p>\n<p>S\u00e1bado, 6 de noviembre<br \/>\nLOVANO EUROPA QUARTET<\/p>\n<p>Viernes, 12 de noviembre<br \/>\nNILS PETTER MOLVAER GROUP<\/p>\n<p>S\u00e1bado, 13 de noviembre<br \/>\nKURT ROSENWINKEL STANDARDS TRIO<\/p>\n<p>Domingo, 14 de noviembre<br \/>\nCHARLES LLOYD NEW QUARTET <\/p>\n<p>Blue Note Records presenta:\u00a0 Piano Ib\u00e9rico<br \/>\nCHANO DOM\u00cdNGUEZ<\/p>\n<p>ESPERANZA SPALDING<br \/>\nChamber Music Society<\/p>\n<p>\nCICLO GRANADA JAZZ<br \/>\nTeatro Alhambra &#8211;Conciertos a las 21.00 h<\/p>\n<p>Mi\u00e9rcoles, 17 de noviembre<br \/>\nGRANADA BIG BAND con TONI BELENGUER (+)<br \/>\nGrandes \u00c9xitos<\/p>\n<p>Jueves, 18 de noviembre<br \/>\nPARKERLAND NONET con PERICO SAMBEAT <\/p>\n<p>\nFLAMENCO Y JAZZ EN CAJAGRANADA<br \/>\nTeatro Isidoro M\u00e1iquez &#8211;Concierto a las 21.00 h<\/p>\n<p>Lunes, 8 de noviembre<br \/>\nDIEGO AMADOR TRIO <\/p>\n<p>\nOrganiza:<br \/>\n\u00a0\u00a0\u00a0 \u00a0 \u00a0\u00a0\u00a0 <\/p>\n<p>Oficina T\u00e9cnica. Festivales de Jazz<br \/>\nJunta de Andaluc\u00eda \u2013 Ayuntamiento de Granada \u2013 Diputaci\u00f3n de Granada &#8211;<br \/>\nCervezas Alhambra &#8211; Caja Granada. Obra Social<\/p>\n<p>Precios:<br \/>\nAforos limitados<br \/>\nPrecios Programa Central Teatro Isabel La Cat\u00f3lica. Patio: 20 euros. Anfiteatro I: 14 euros. Anfiteatro II: 12 euros. Abono Patio: 120 euros (7 conciertos + cartel + regalo Cd Parkerland)<br \/>\nPrecios Ciclo Granada Jazz Teatro Alhambra: 15 euros.<br \/>\nPrecios Flamenco y Jazz Teatro Isidoro M\u00e1iquez: 15 euros.<\/p>\n<p><a href=\"http:\/\/www.jazzgranada.es\/festival_jazz_granada.html\">http:\/\/www.jazzgranada.es\/festival_jazz_granada.html<\/a><\/p>\n","protected":false},"excerpt":{"rendered":"<p>INTERNATIONAL JAZZ FESTIVAL OF GRANADA &#8211; NOVEMBER 2010 El Festival Internacional de Jazz de Granada &#8211; organizado por la Junta de Andaluc\u00eda, el Ayuntamiento de Granada, la Diputaci\u00f3n de Granada, la Obra Social de CajaGranada, Cervezas Alhambra y la Asociaci\u00f3n GranadaJazz-, es uno de los&#8230;<\/p>\n","protected":false},"author":2,"featured_media":0,"comment_status":"closed","ping_status":"closed","sticky":false,"template":"","format":"standard","meta":{"_acf_changed":false,"footnotes":""},"categories":[80],"tags":[],"class_list":["post-431","post","type-post","status-publish","format-standard","hentry","category-eventos-granada"],"acf":[],"yoast_head":"<!-- This site is optimized with the Yoast SEO plugin v27.5 - https:\/\/yoast.com\/product\/yoast-seo-wordpress\/ -->\n<title>INTERNATIONAL JAZZ FESTIVAL OF GRANADA - NOVEMBER 2010 | INMSOL<\/title>\n<meta name=\"description\" content=\"INTERNATIONAL JAZZ FESTIVAL OF GRANADA - NOVEMBER 2010\" \/>\n<meta name=\"robots\" content=\"index, follow, max-snippet:-1, max-image-preview:large, max-video-preview:-1\" \/>\n<link rel=\"canonical\" href=\"https:\/\/www.inmsol.com\/es\/blog-escuela\/eventos-granada\/international-jazz-festival-granada-november-2010\/\" \/>\n<meta property=\"og:locale\" content=\"es_ES\" \/>\n<meta property=\"og:type\" content=\"article\" \/>\n<meta property=\"og:title\" content=\"INTERNATIONAL JAZZ FESTIVAL OF GRANADA - NOVEMBER 2010 | INMSOL\" \/>\n<meta property=\"og:description\" content=\"INTERNATIONAL JAZZ FESTIVAL OF GRANADA - NOVEMBER 2010\" \/>\n<meta property=\"og:url\" content=\"https:\/\/www.inmsol.com\/es\/blog-escuela\/eventos-granada\/international-jazz-festival-granada-november-2010\/\" \/>\n<meta property=\"og:site_name\" content=\"iNMSOL\" \/>\n<meta property=\"article:publisher\" content=\"https:\/\/www.facebook.com\/spanishcourses\" \/>\n<meta property=\"article:published_time\" content=\"2010-10-06T11:22:54+00:00\" \/>\n<meta property=\"article:modified_time\" content=\"2019-05-02T07:35:23+00:00\" \/>\n<meta property=\"og:image\" content=\"https:\/\/www.inmsol.com\/wp-content\/uploads\/2019\/08\/logo-inmsol.png\" \/>\n\t<meta property=\"og:image:width\" content=\"320\" \/>\n\t<meta property=\"og:image:height\" content=\"154\" \/>\n\t<meta property=\"og:image:type\" content=\"image\/png\" \/>\n<meta name=\"author\" content=\"Javier Torres\" \/>\n<meta name=\"twitter:label1\" content=\"Escrito por\" \/>\n\t<meta name=\"twitter:data1\" content=\"Javier Torres\" \/>\n\t<meta name=\"twitter:label2\" content=\"Tiempo de lectura\" \/>\n\t<meta name=\"twitter:data2\" content=\"2 minutos\" \/>\n<script type=\"application\/ld+json\" class=\"yoast-schema-graph\">{\"@context\":\"https:\\\/\\\/schema.org\",\"@graph\":[{\"@type\":\"Article\",\"@id\":\"https:\\\/\\\/www.inmsol.com\\\/es\\\/blog-escuela\\\/eventos-granada\\\/international-jazz-festival-granada-november-2010\\\/#article\",\"isPartOf\":{\"@id\":\"https:\\\/\\\/www.inmsol.com\\\/es\\\/blog-escuela\\\/eventos-granada\\\/international-jazz-festival-granada-november-2010\\\/\"},\"author\":{\"name\":\"Javier Torres\",\"@id\":\"https:\\\/\\\/www.inmsol.com\\\/es\\\/#\\\/schema\\\/person\\\/18f18acd0397ef441e373e79ec3eb6ea\"},\"headline\":\"INTERNATIONAL JAZZ FESTIVAL OF GRANADA &#8211; NOVEMBER 2010\",\"datePublished\":\"2010-10-06T11:22:54+00:00\",\"dateModified\":\"2019-05-02T07:35:23+00:00\",\"mainEntityOfPage\":{\"@id\":\"https:\\\/\\\/www.inmsol.com\\\/es\\\/blog-escuela\\\/eventos-granada\\\/international-jazz-festival-granada-november-2010\\\/\"},\"wordCount\":367,\"publisher\":{\"@id\":\"https:\\\/\\\/www.inmsol.com\\\/es\\\/#organization\"},\"articleSection\":[\"Eventos en Granada\"],\"inLanguage\":\"es\"},{\"@type\":\"WebPage\",\"@id\":\"https:\\\/\\\/www.inmsol.com\\\/es\\\/blog-escuela\\\/eventos-granada\\\/international-jazz-festival-granada-november-2010\\\/\",\"url\":\"https:\\\/\\\/www.inmsol.com\\\/es\\\/blog-escuela\\\/eventos-granada\\\/international-jazz-festival-granada-november-2010\\\/\",\"name\":\"INTERNATIONAL JAZZ FESTIVAL OF GRANADA - NOVEMBER 2010 | INMSOL\",\"isPartOf\":{\"@id\":\"https:\\\/\\\/www.inmsol.com\\\/es\\\/#website\"},\"datePublished\":\"2010-10-06T11:22:54+00:00\",\"dateModified\":\"2019-05-02T07:35:23+00:00\",\"description\":\"INTERNATIONAL JAZZ FESTIVAL OF GRANADA - NOVEMBER 2010\",\"breadcrumb\":{\"@id\":\"https:\\\/\\\/www.inmsol.com\\\/es\\\/blog-escuela\\\/eventos-granada\\\/international-jazz-festival-granada-november-2010\\\/#breadcrumb\"},\"inLanguage\":\"es\",\"potentialAction\":[{\"@type\":\"ReadAction\",\"target\":[\"https:\\\/\\\/www.inmsol.com\\\/es\\\/blog-escuela\\\/eventos-granada\\\/international-jazz-festival-granada-november-2010\\\/\"]}]},{\"@type\":\"BreadcrumbList\",\"@id\":\"https:\\\/\\\/www.inmsol.com\\\/es\\\/blog-escuela\\\/eventos-granada\\\/international-jazz-festival-granada-november-2010\\\/#breadcrumb\",\"itemListElement\":[{\"@type\":\"ListItem\",\"position\":1,\"name\":\"Accredited Center by Instituto Cervantes\",\"item\":\"https:\\\/\\\/www.inmsol.com\\\/es\\\/pagina-ejemplo\\\/\"},{\"@type\":\"ListItem\",\"position\":2,\"name\":\"Blog Escuela Espa\u00f1ol\",\"item\":\"https:\\\/\\\/www.inmsol.com\\\/es\\\/category\\\/blog-escuela\\\/\"},{\"@type\":\"ListItem\",\"position\":3,\"name\":\"Eventos en Granada\",\"item\":\"https:\\\/\\\/www.inmsol.com\\\/es\\\/category\\\/blog-escuela\\\/eventos-granada\\\/\"},{\"@type\":\"ListItem\",\"position\":4,\"name\":\"INTERNATIONAL JAZZ FESTIVAL OF GRANADA &#8211; NOVEMBER 2010\"}]},{\"@type\":\"WebSite\",\"@id\":\"https:\\\/\\\/www.inmsol.com\\\/es\\\/#website\",\"url\":\"https:\\\/\\\/www.inmsol.com\\\/es\\\/\",\"name\":\"iNMSOL\",\"description\":\"Aprenda Espa\u00f1ol con iNMSOL en Granada | Centro Acreditado por el Instituto Cervantes\",\"publisher\":{\"@id\":\"https:\\\/\\\/www.inmsol.com\\\/es\\\/#organization\"},\"potentialAction\":[{\"@type\":\"SearchAction\",\"target\":{\"@type\":\"EntryPoint\",\"urlTemplate\":\"https:\\\/\\\/www.inmsol.com\\\/es\\\/?s={search_term_string}\"},\"query-input\":{\"@type\":\"PropertyValueSpecification\",\"valueRequired\":true,\"valueName\":\"search_term_string\"}}],\"inLanguage\":\"es\"},{\"@type\":\"Organization\",\"@id\":\"https:\\\/\\\/www.inmsol.com\\\/es\\\/#organization\",\"name\":\"Instituto Mediterr\u00e1neo Sol\",\"url\":\"https:\\\/\\\/www.inmsol.com\\\/es\\\/\",\"logo\":{\"@type\":\"ImageObject\",\"inLanguage\":\"es\",\"@id\":\"https:\\\/\\\/www.inmsol.com\\\/es\\\/#\\\/schema\\\/logo\\\/image\\\/\",\"url\":\"https:\\\/\\\/www.inmsol.com\\\/wp-content\\\/uploads\\\/2023\\\/06\\\/logo-inmsol-1.png\",\"contentUrl\":\"https:\\\/\\\/www.inmsol.com\\\/wp-content\\\/uploads\\\/2023\\\/06\\\/logo-inmsol-1.png\",\"width\":136,\"height\":73,\"caption\":\"Instituto Mediterr\u00e1neo Sol\"},\"image\":{\"@id\":\"https:\\\/\\\/www.inmsol.com\\\/es\\\/#\\\/schema\\\/logo\\\/image\\\/\"},\"sameAs\":[\"https:\\\/\\\/www.facebook.com\\\/spanishcourses\",\"https:\\\/\\\/x.com\\\/StudyInGranada\",\"http:\\\/\\\/instagram.com\\\/imsolgranada\",\"https:\\\/\\\/es.linkedin.com\\\/company\\\/imsol-granada\",\"https:\\\/\\\/www.pinterest.es\\\/inmsol\\\/\",\"https:\\\/\\\/www.youtube.com\\\/channel\\\/UChz-Qn_7coFMosY85iYMO4g\"]},{\"@type\":\"Person\",\"@id\":\"https:\\\/\\\/www.inmsol.com\\\/es\\\/#\\\/schema\\\/person\\\/18f18acd0397ef441e373e79ec3eb6ea\",\"name\":\"Javier Torres\",\"image\":{\"@type\":\"ImageObject\",\"inLanguage\":\"es\",\"@id\":\"https:\\\/\\\/secure.gravatar.com\\\/avatar\\\/90afa2d6499550218d247408758082af566e5ec3641e1b8eac0d7bb889344a55?s=96&d=mm&r=g\",\"url\":\"https:\\\/\\\/secure.gravatar.com\\\/avatar\\\/90afa2d6499550218d247408758082af566e5ec3641e1b8eac0d7bb889344a55?s=96&d=mm&r=g\",\"contentUrl\":\"https:\\\/\\\/secure.gravatar.com\\\/avatar\\\/90afa2d6499550218d247408758082af566e5ec3641e1b8eac0d7bb889344a55?s=96&d=mm&r=g\",\"caption\":\"Javier Torres\"},\"url\":\"https:\\\/\\\/www.inmsol.com\\\/es\\\/author\\\/javier\\\/\"}]}<\/script>\n<!-- \/ Yoast SEO plugin. -->","yoast_head_json":{"title":"INTERNATIONAL JAZZ FESTIVAL OF GRANADA - NOVEMBER 2010 | INMSOL","description":"INTERNATIONAL JAZZ FESTIVAL OF GRANADA - NOVEMBER 2010","robots":{"index":"index","follow":"follow","max-snippet":"max-snippet:-1","max-image-preview":"max-image-preview:large","max-video-preview":"max-video-preview:-1"},"canonical":"https:\/\/www.inmsol.com\/es\/blog-escuela\/eventos-granada\/international-jazz-festival-granada-november-2010\/","og_locale":"es_ES","og_type":"article","og_title":"INTERNATIONAL JAZZ FESTIVAL OF GRANADA - NOVEMBER 2010 | INMSOL","og_description":"INTERNATIONAL JAZZ FESTIVAL OF GRANADA - NOVEMBER 2010","og_url":"https:\/\/www.inmsol.com\/es\/blog-escuela\/eventos-granada\/international-jazz-festival-granada-november-2010\/","og_site_name":"iNMSOL","article_publisher":"https:\/\/www.facebook.com\/spanishcourses","article_published_time":"2010-10-06T11:22:54+00:00","article_modified_time":"2019-05-02T07:35:23+00:00","og_image":[{"width":320,"height":154,"url":"https:\/\/www.inmsol.com\/wp-content\/uploads\/2019\/08\/logo-inmsol.png","type":"image\/png"}],"author":"Javier Torres","twitter_misc":{"Escrito por":"Javier Torres","Tiempo de lectura":"2 minutos"},"schema":{"@context":"https:\/\/schema.org","@graph":[{"@type":"Article","@id":"https:\/\/www.inmsol.com\/es\/blog-escuela\/eventos-granada\/international-jazz-festival-granada-november-2010\/#article","isPartOf":{"@id":"https:\/\/www.inmsol.com\/es\/blog-escuela\/eventos-granada\/international-jazz-festival-granada-november-2010\/"},"author":{"name":"Javier Torres","@id":"https:\/\/www.inmsol.com\/es\/#\/schema\/person\/18f18acd0397ef441e373e79ec3eb6ea"},"headline":"INTERNATIONAL JAZZ FESTIVAL OF GRANADA &#8211; NOVEMBER 2010","datePublished":"2010-10-06T11:22:54+00:00","dateModified":"2019-05-02T07:35:23+00:00","mainEntityOfPage":{"@id":"https:\/\/www.inmsol.com\/es\/blog-escuela\/eventos-granada\/international-jazz-festival-granada-november-2010\/"},"wordCount":367,"publisher":{"@id":"https:\/\/www.inmsol.com\/es\/#organization"},"articleSection":["Eventos en Granada"],"inLanguage":"es"},{"@type":"WebPage","@id":"https:\/\/www.inmsol.com\/es\/blog-escuela\/eventos-granada\/international-jazz-festival-granada-november-2010\/","url":"https:\/\/www.inmsol.com\/es\/blog-escuela\/eventos-granada\/international-jazz-festival-granada-november-2010\/","name":"INTERNATIONAL JAZZ FESTIVAL OF GRANADA - NOVEMBER 2010 | INMSOL","isPartOf":{"@id":"https:\/\/www.inmsol.com\/es\/#website"},"datePublished":"2010-10-06T11:22:54+00:00","dateModified":"2019-05-02T07:35:23+00:00","description":"INTERNATIONAL JAZZ FESTIVAL OF GRANADA - NOVEMBER 2010","breadcrumb":{"@id":"https:\/\/www.inmsol.com\/es\/blog-escuela\/eventos-granada\/international-jazz-festival-granada-november-2010\/#breadcrumb"},"inLanguage":"es","potentialAction":[{"@type":"ReadAction","target":["https:\/\/www.inmsol.com\/es\/blog-escuela\/eventos-granada\/international-jazz-festival-granada-november-2010\/"]}]},{"@type":"BreadcrumbList","@id":"https:\/\/www.inmsol.com\/es\/blog-escuela\/eventos-granada\/international-jazz-festival-granada-november-2010\/#breadcrumb","itemListElement":[{"@type":"ListItem","position":1,"name":"Accredited Center by Instituto Cervantes","item":"https:\/\/www.inmsol.com\/es\/pagina-ejemplo\/"},{"@type":"ListItem","position":2,"name":"Blog Escuela Espa\u00f1ol","item":"https:\/\/www.inmsol.com\/es\/category\/blog-escuela\/"},{"@type":"ListItem","position":3,"name":"Eventos en Granada","item":"https:\/\/www.inmsol.com\/es\/category\/blog-escuela\/eventos-granada\/"},{"@type":"ListItem","position":4,"name":"INTERNATIONAL JAZZ FESTIVAL OF GRANADA &#8211; NOVEMBER 2010"}]},{"@type":"WebSite","@id":"https:\/\/www.inmsol.com\/es\/#website","url":"https:\/\/www.inmsol.com\/es\/","name":"iNMSOL","description":"Aprenda Espa\u00f1ol con iNMSOL en Granada | Centro Acreditado por el Instituto Cervantes","publisher":{"@id":"https:\/\/www.inmsol.com\/es\/#organization"},"potentialAction":[{"@type":"SearchAction","target":{"@type":"EntryPoint","urlTemplate":"https:\/\/www.inmsol.com\/es\/?s={search_term_string}"},"query-input":{"@type":"PropertyValueSpecification","valueRequired":true,"valueName":"search_term_string"}}],"inLanguage":"es"},{"@type":"Organization","@id":"https:\/\/www.inmsol.com\/es\/#organization","name":"Instituto Mediterr\u00e1neo Sol","url":"https:\/\/www.inmsol.com\/es\/","logo":{"@type":"ImageObject","inLanguage":"es","@id":"https:\/\/www.inmsol.com\/es\/#\/schema\/logo\/image\/","url":"https:\/\/www.inmsol.com\/wp-content\/uploads\/2023\/06\/logo-inmsol-1.png","contentUrl":"https:\/\/www.inmsol.com\/wp-content\/uploads\/2023\/06\/logo-inmsol-1.png","width":136,"height":73,"caption":"Instituto Mediterr\u00e1neo Sol"},"image":{"@id":"https:\/\/www.inmsol.com\/es\/#\/schema\/logo\/image\/"},"sameAs":["https:\/\/www.facebook.com\/spanishcourses","https:\/\/x.com\/StudyInGranada","http:\/\/instagram.com\/imsolgranada","https:\/\/es.linkedin.com\/company\/imsol-granada","https:\/\/www.pinterest.es\/inmsol\/","https:\/\/www.youtube.com\/channel\/UChz-Qn_7coFMosY85iYMO4g"]},{"@type":"Person","@id":"https:\/\/www.inmsol.com\/es\/#\/schema\/person\/18f18acd0397ef441e373e79ec3eb6ea","name":"Javier Torres","image":{"@type":"ImageObject","inLanguage":"es","@id":"https:\/\/secure.gravatar.com\/avatar\/90afa2d6499550218d247408758082af566e5ec3641e1b8eac0d7bb889344a55?s=96&d=mm&r=g","url":"https:\/\/secure.gravatar.com\/avatar\/90afa2d6499550218d247408758082af566e5ec3641e1b8eac0d7bb889344a55?s=96&d=mm&r=g","contentUrl":"https:\/\/secure.gravatar.com\/avatar\/90afa2d6499550218d247408758082af566e5ec3641e1b8eac0d7bb889344a55?s=96&d=mm&r=g","caption":"Javier Torres"},"url":"https:\/\/www.inmsol.com\/es\/author\/javier\/"}]}},"_links":{"self":[{"href":"https:\/\/www.inmsol.com\/es\/wp-json\/wp\/v2\/posts\/431","targetHints":{"allow":["GET"]}}],"collection":[{"href":"https:\/\/www.inmsol.com\/es\/wp-json\/wp\/v2\/posts"}],"about":[{"href":"https:\/\/www.inmsol.com\/es\/wp-json\/wp\/v2\/types\/post"}],"author":[{"embeddable":true,"href":"https:\/\/www.inmsol.com\/es\/wp-json\/wp\/v2\/users\/2"}],"replies":[{"embeddable":true,"href":"https:\/\/www.inmsol.com\/es\/wp-json\/wp\/v2\/comments?post=431"}],"version-history":[{"count":0,"href":"https:\/\/www.inmsol.com\/es\/wp-json\/wp\/v2\/posts\/431\/revisions"}],"wp:attachment":[{"href":"https:\/\/www.inmsol.com\/es\/wp-json\/wp\/v2\/media?parent=431"}],"wp:term":[{"taxonomy":"category","embeddable":true,"href":"https:\/\/www.inmsol.com\/es\/wp-json\/wp\/v2\/categories?post=431"},{"taxonomy":"post_tag","embeddable":true,"href":"https:\/\/www.inmsol.com\/es\/wp-json\/wp\/v2\/tags?post=431"}],"curies":[{"name":"wp","href":"https:\/\/api.w.org\/{rel}","templated":true}]}}