{"id":43693,"date":"2019-06-13T12:21:04","date_gmt":"2019-06-13T10:21:04","guid":{"rendered":"https:\/\/www.inmsol.com\/blog-escuela\/feria-de-granada-2019\/"},"modified":"2019-06-13T12:31:12","modified_gmt":"2019-06-13T10:31:12","slug":"feria-de-granada-2019","status":"publish","type":"post","link":"https:\/\/www.inmsol.com\/es\/blog-escuela\/eventos-granada\/feria-de-granada-2019\/","title":{"rendered":"Feria de Granada 2019"},"content":{"rendered":"<p><img fetchpriority=\"high\" decoding=\"async\" class=\"size-medium wp-image-43619 alignleft\" src=\"https:\/\/www.inmsol.com\/wp-content\/uploads\/2019\/06\/copertina-della-feria-240x300.jpg\" alt=\"\" width=\"240\" height=\"300\" srcset=\"https:\/\/www.inmsol.com\/wp-content\/uploads\/2019\/06\/copertina-della-feria-240x300.jpg 240w, https:\/\/www.inmsol.com\/wp-content\/uploads\/2019\/06\/copertina-della-feria-64x80.jpg 64w, https:\/\/www.inmsol.com\/wp-content\/uploads\/2019\/06\/copertina-della-feria-160x200.jpg 160w, https:\/\/www.inmsol.com\/wp-content\/uploads\/2019\/06\/copertina-della-feria-320x400.jpg 320w, https:\/\/www.inmsol.com\/wp-content\/uploads\/2019\/06\/copertina-della-feria.jpg 510w\" sizes=\"(max-width: 240px) 100vw, 240px\" \/>\u00a1Atenci\u00f3n estudiantes y visitantes de Granada! Falta muy poco para el evento m\u00e1s esperado en nuestra ciudad, la Feria del Corpus, que se celebrar\u00e1 <strong>desde el 15 hasta el 22 de junio de 2019<\/strong>.<\/p>\n<p>En la mayor fiesta de la ciudad podemos encontrar los elementos t\u00edpicos de las ferias del sur de Espa\u00f1a: casetas decoradas con bebidas y platos t\u00edpicos, mujeres vestidas de flamenca y \u00e1reas dedicadas a todo tipo de atracci\u00f3n.<\/p>\n<p>La <strong>historia<\/strong> de la Feria de Granada tiene ra\u00edces muy antiguas, de hecho fue celebrada por primera vez hace 500 a\u00f1os como Fiesta Mayor por los Reyes Cat\u00f3licos despu\u00e9s de la conquista de la ciudad, el 2 de enero de 1492, poniendo as\u00ed fin al reino nazar\u00ed. Por esta raz\u00f3n la feria naci\u00f3 vinculada al Corpus Christi (Cuerpo de Cristo), conmemorando la Eucarist\u00eda cat\u00f3lica en una proclamaci\u00f3n de fe cristiana frente a la poblaci\u00f3n musulmana que albergaba la ciudad.<\/p>\n<p><img decoding=\"async\" class=\" wp-image-43647 alignright\" src=\"https:\/\/www.inmsol.com\/wp-content\/uploads\/2019\/06\/le-casetas-e-i-cavalli-460x260.jpg\" alt=\"\" width=\"412\" height=\"233\" srcset=\"https:\/\/www.inmsol.com\/wp-content\/uploads\/2019\/06\/le-casetas-e-i-cavalli-460x260.jpg 460w, https:\/\/www.inmsol.com\/wp-content\/uploads\/2019\/06\/le-casetas-e-i-cavalli-800x452.jpg 800w, https:\/\/www.inmsol.com\/wp-content\/uploads\/2019\/06\/le-casetas-e-i-cavalli-64x36.jpg 64w, https:\/\/www.inmsol.com\/wp-content\/uploads\/2019\/06\/le-casetas-e-i-cavalli-768x434.jpg 768w, https:\/\/www.inmsol.com\/wp-content\/uploads\/2019\/06\/le-casetas-e-i-cavalli-250x141.jpg 250w, https:\/\/www.inmsol.com\/wp-content\/uploads\/2019\/06\/le-casetas-e-i-cavalli-600x339.jpg 600w, https:\/\/www.inmsol.com\/wp-content\/uploads\/2019\/06\/le-casetas-e-i-cavalli.jpg 988w\" sizes=\"(max-width: 412px) 100vw, 412px\" \/>Hoy en d\u00eda durante el Corpus se organizan una gran variedad de exposiciones, eventos, concursos y talleres.\u00a0 Adem\u00e1s, hay coros rocieros, bailes regionales, teatro, zarzuela, conciertos y torneos deportivos. Por la noche, en cambio, el ambiente flamenco alcanza su m\u00e1ximo esplendor. Las actividades infantiles presentes hacen que la Feria de Granada se convierta en un evento que abraza a toda la ciudad, sus ciudadanos y visitantes, desde los m\u00e1s peque\u00f1os hasta los mayores.<\/p>\n<p>La fiesta se celebra entre el <strong>centro de la ciudad<\/strong> y <strong>el recinto ferial de Almanj\u00e1yar<\/strong>, en el que se podr\u00e1n ver elegantes coches de caballos y viajeros que llevan los trajes t\u00edpicos andaluces. El recinto ferial se divide en tres partes: la de los cacharricos (atracciones), la de las casetas p\u00fablicas, que este a\u00f1o ser\u00e1n 57 (siete m\u00e1s que la pasada edici\u00f3n) y las calles de acceso donde se encuentran los <em>puestecillos<\/em> de venta ambulante.<\/p>\n<p><img decoding=\"async\" class=\" wp-image-43675 alignleft\" src=\"https:\/\/www.inmsol.com\/wp-content\/uploads\/2019\/06\/lo-portada-encendida-450x300.jpg\" alt=\"\" width=\"351\" height=\"234\" srcset=\"https:\/\/www.inmsol.com\/wp-content\/uploads\/2019\/06\/lo-portada-encendida-450x300.jpg 450w, https:\/\/www.inmsol.com\/wp-content\/uploads\/2019\/06\/lo-portada-encendida-64x43.jpg 64w, https:\/\/www.inmsol.com\/wp-content\/uploads\/2019\/06\/lo-portada-encendida-250x166.jpg 250w, https:\/\/www.inmsol.com\/wp-content\/uploads\/2019\/06\/lo-portada-encendida.jpg 470w\" sizes=\"(max-width: 351px) 100vw, 351px\" \/>Todo empieza en la tarde-noche del lunes con el preg\u00f3n y el encendido de la portada del Real de la Feria, cuya disposici\u00f3n de bombillas representa la fachada de la Catedral granadina, y se acaba el domingo siguiente con un espect\u00e1culo pirot\u00e9cnico de fuegos artificiales.<\/p>\n<p>Las casetas privadas son las que organizan los concursos m\u00e1s variopintos, sobre todo gastron\u00f3micos. En ellas se pueden degustar platos t\u00edpicos tales como pucheros, gazpacho, choto al ajillo, fritura de pescado, paella y mucho m\u00e1s.<\/p>\n<p>Entre todas las actividades de la Feria de Granada 2019, destacan dos <strong>procesiones<\/strong>, una pagana y otra religiosa.<\/p>\n<p>La primera, denominada <strong>La P\u00fablica<\/strong> y dirigida a ni\u00f1os y j\u00f3venes, sale a la calle a media ma\u00f1ana del <strong>mi\u00e9rcoles<\/strong>. Su personaje principal es La Tarasca, un maniqu\u00ed vestido con la ropa que estar\u00e1 de moda esa temporada y que cabalga sobre un drag\u00f3n. Podemos decir que la figura de la Tarasca simboliza el triunfo del bien sobre el mal, de la bella sobre la bestia.<\/p>\n<p><img loading=\"lazy\" decoding=\"async\" class=\" wp-image-43661 alignright\" src=\"https:\/\/www.inmsol.com\/wp-content\/uploads\/2019\/06\/credo-sia-la-custodia-di-isabel-450x300.jpg\" alt=\"\" width=\"326\" height=\"217\" srcset=\"https:\/\/www.inmsol.com\/wp-content\/uploads\/2019\/06\/credo-sia-la-custodia-di-isabel-450x300.jpg 450w, https:\/\/www.inmsol.com\/wp-content\/uploads\/2019\/06\/credo-sia-la-custodia-di-isabel-800x534.jpg 800w, https:\/\/www.inmsol.com\/wp-content\/uploads\/2019\/06\/credo-sia-la-custodia-di-isabel-64x43.jpg 64w, https:\/\/www.inmsol.com\/wp-content\/uploads\/2019\/06\/credo-sia-la-custodia-di-isabel-768x512.jpg 768w, https:\/\/www.inmsol.com\/wp-content\/uploads\/2019\/06\/credo-sia-la-custodia-di-isabel-1024x683.jpg 1024w, https:\/\/www.inmsol.com\/wp-content\/uploads\/2019\/06\/credo-sia-la-custodia-di-isabel-250x167.jpg 250w, https:\/\/www.inmsol.com\/wp-content\/uploads\/2019\/06\/credo-sia-la-custodia-di-isabel-600x400.jpg 600w, https:\/\/www.inmsol.com\/wp-content\/uploads\/2019\/06\/credo-sia-la-custodia-di-isabel.jpg 1600w\" sizes=\"(max-width: 326px) 100vw, 326px\" \/>Con el <strong>Cortejo del Corpus Christi<\/strong> las calles de la ciudad se abarrotan de gente. La Procesi\u00f3n del Corpus, la que da nombre a las fiestas, es solemne y religiosa, y sale el <strong>jueves<\/strong>, que siempre es festivo en Granada. Sale de la Catedral con la Custodia plateresca regalada por Isabel la Cat\u00f3lica, una de las m\u00e1s bellas de Andaluc\u00eda, situada sobre un carro adornado con flores y acompa\u00f1ada por las autoridades civiles, representantes de cofrad\u00edas y el p\u00fablico venido de varias partes de Espa\u00f1a. Se dice que este es uno de <em>\u00ablos tres jueves del a\u00f1o que relucen m\u00e1s que el sol\u00bb<\/em>, seg\u00fan la tradici\u00f3n.<\/p>\n<p><img loading=\"lazy\" decoding=\"async\" class=\" wp-image-43689 alignleft\" src=\"https:\/\/www.inmsol.com\/wp-content\/uploads\/2019\/06\/foto-con-tanta-gente-per-fare-effetto-460x258.jpg\" alt=\"\" width=\"337\" height=\"189\" srcset=\"https:\/\/www.inmsol.com\/wp-content\/uploads\/2019\/06\/foto-con-tanta-gente-per-fare-effetto-460x258.jpg 460w, https:\/\/www.inmsol.com\/wp-content\/uploads\/2019\/06\/foto-con-tanta-gente-per-fare-effetto-800x449.jpg 800w, https:\/\/www.inmsol.com\/wp-content\/uploads\/2019\/06\/foto-con-tanta-gente-per-fare-effetto-64x36.jpg 64w, https:\/\/www.inmsol.com\/wp-content\/uploads\/2019\/06\/foto-con-tanta-gente-per-fare-effetto-768x431.jpg 768w, https:\/\/www.inmsol.com\/wp-content\/uploads\/2019\/06\/foto-con-tanta-gente-per-fare-effetto-250x140.jpg 250w, https:\/\/www.inmsol.com\/wp-content\/uploads\/2019\/06\/foto-con-tanta-gente-per-fare-effetto-600x337.jpg 600w, https:\/\/www.inmsol.com\/wp-content\/uploads\/2019\/06\/foto-con-tanta-gente-per-fare-effetto.jpg 958w\" sizes=\"(max-width: 337px) 100vw, 337px\" \/>La procesi\u00f3n va precedida por gigantes y cabezudos que representan a moros y cristianos. Despu\u00e9s de una misa, parte de Catedral y todo el recorrido, se hace bajo unos toldos y sobre una alfombra de hierba, romero y otras especies, mientras una lluvia de p\u00e9talos cae sobre la custodia.<\/p>\n<p>&nbsp;<\/p>\n<p>La feria taurina finaliza el 23 de junio con una novillada en la Plaza de Toros y tienen lugar las \u00faltimas actividades en el Patio del Ayuntamiento.<\/p>\n<p>Diferentemente de eventos similares de otras partes de Espa\u00f1a, una caracter\u00edstica de la Feria del Corpus de Granada son <strong>las carocas y quintillas<\/strong>. Se trata de caricaturas, las primeras, y peque\u00f1as frases, las segundas, que aluden a cuestiones pol\u00edticas o de actualidad en forma sat\u00edrica y que se exhiben al p\u00fablico en la plaza de la Rambla durante toda la semana de fiestas.<\/p>\n<p>&nbsp;<\/p>\n<p>Para conocer el programa detallado y c\u00f3mo alcanzar la feria, consultad este enlace (<a href=\"http:\/\/www.granadadirect.com\/fiestas\/feria-granada\/\">http:\/\/www.granadadirect.com\/fiestas\/feria-granada\/<\/a>).<\/p>\n<p>Instituto Mediterr\u00e1neo Sol recomienda a todos disfrutar de este evento cultural de Granada, ya que es emblem\u00e1tico de la ciudad y sus tradiciones.<\/p>\n<p>Nosotros no podemos esperar, \u00bfy vosotros?<\/p>\n","protected":false},"excerpt":{"rendered":"<p>\u00a1Atenci\u00f3n estudiantes y visitantes de Granada! Falta muy poco para el evento m\u00e1s esperado en nuestra ciudad, la Feria del Corpus, que se celebrar\u00e1 desde el 15 hasta el 22 de junio de 2019. En la mayor fiesta de la ciudad podemos encontrar los elementos&#8230;<\/p>\n","protected":false},"author":3,"featured_media":43633,"comment_status":"closed","ping_status":"closed","sticky":false,"template":"","format":"standard","meta":{"_acf_changed":false,"footnotes":""},"categories":[80],"tags":[],"class_list":["post-43693","post","type-post","status-publish","format-standard","has-post-thumbnail","hentry","category-eventos-granada"],"acf":[],"yoast_head":"<!-- This site is optimized with the Yoast SEO plugin v27.4 - https:\/\/yoast.com\/product\/yoast-seo-wordpress\/ -->\n<title>Feria de Granada 2019 Feria de Granada 2019<\/title>\n<meta name=\"description\" content=\"La Feria del Corpus Christi de Granada se celebrar\u00e1 del 15 al 22 de junio, con casetas decoradas y \u00e1reas dedicadas a todo tipo de atracci\u00f3n.\" \/>\n<meta name=\"robots\" content=\"index, follow, max-snippet:-1, max-image-preview:large, max-video-preview:-1\" \/>\n<link rel=\"canonical\" href=\"https:\/\/www.inmsol.com\/es\/blog-escuela\/eventos-granada\/feria-de-granada-2019\/\" \/>\n<meta property=\"og:locale\" content=\"es_ES\" \/>\n<meta property=\"og:type\" content=\"article\" \/>\n<meta property=\"og:title\" content=\"Feria de Granada 2019 Feria de Granada 2019\" \/>\n<meta property=\"og:description\" content=\"La Feria del Corpus Christi de Granada se celebrar\u00e1 del 15 al 22 de junio, con casetas decoradas y \u00e1reas dedicadas a todo tipo de atracci\u00f3n.\" \/>\n<meta property=\"og:url\" content=\"https:\/\/www.inmsol.com\/es\/blog-escuela\/eventos-granada\/feria-de-granada-2019\/\" \/>\n<meta property=\"og:site_name\" content=\"iNMSOL\" \/>\n<meta property=\"article:publisher\" content=\"https:\/\/www.facebook.com\/spanishcourses\" \/>\n<meta property=\"article:published_time\" content=\"2019-06-13T10:21:04+00:00\" \/>\n<meta property=\"article:modified_time\" content=\"2019-06-13T10:31:12+00:00\" \/>\n<meta property=\"og:image\" content=\"https:\/\/www.inmsol.com\/wp-content\/uploads\/2019\/06\/la-tarasca.jpg\" \/>\n\t<meta property=\"og:image:width\" content=\"970\" \/>\n\t<meta property=\"og:image:height\" content=\"545\" \/>\n\t<meta property=\"og:image:type\" content=\"image\/jpeg\" \/>\n<meta name=\"author\" content=\"- Instituto Mediterr\u00e1neo Sol\" \/>\n<meta name=\"twitter:label1\" content=\"Escrito por\" \/>\n\t<meta name=\"twitter:data1\" content=\"- Instituto Mediterr\u00e1neo Sol\" \/>\n\t<meta name=\"twitter:label2\" content=\"Tiempo de lectura\" \/>\n\t<meta name=\"twitter:data2\" content=\"4 minutos\" \/>\n<script type=\"application\/ld+json\" class=\"yoast-schema-graph\">{\"@context\":\"https:\\\/\\\/schema.org\",\"@graph\":[{\"@type\":\"Article\",\"@id\":\"https:\\\/\\\/www.inmsol.com\\\/es\\\/blog-escuela\\\/eventos-granada\\\/feria-de-granada-2019\\\/#article\",\"isPartOf\":{\"@id\":\"https:\\\/\\\/www.inmsol.com\\\/es\\\/blog-escuela\\\/eventos-granada\\\/feria-de-granada-2019\\\/\"},\"author\":{\"name\":\"- Instituto Mediterr\u00e1neo Sol\",\"@id\":\"https:\\\/\\\/www.inmsol.com\\\/es\\\/#\\\/schema\\\/person\\\/94a7a01d14a56d1fbc49c841ffc57fe9\"},\"headline\":\"Feria de Granada 2019\",\"datePublished\":\"2019-06-13T10:21:04+00:00\",\"dateModified\":\"2019-06-13T10:31:12+00:00\",\"mainEntityOfPage\":{\"@id\":\"https:\\\/\\\/www.inmsol.com\\\/es\\\/blog-escuela\\\/eventos-granada\\\/feria-de-granada-2019\\\/\"},\"wordCount\":819,\"publisher\":{\"@id\":\"https:\\\/\\\/www.inmsol.com\\\/es\\\/#organization\"},\"image\":{\"@id\":\"https:\\\/\\\/www.inmsol.com\\\/es\\\/blog-escuela\\\/eventos-granada\\\/feria-de-granada-2019\\\/#primaryimage\"},\"thumbnailUrl\":\"https:\\\/\\\/www.inmsol.com\\\/wp-content\\\/uploads\\\/2019\\\/06\\\/la-tarasca.jpg\",\"articleSection\":[\"Eventos en Granada\"],\"inLanguage\":\"es\"},{\"@type\":\"WebPage\",\"@id\":\"https:\\\/\\\/www.inmsol.com\\\/es\\\/blog-escuela\\\/eventos-granada\\\/feria-de-granada-2019\\\/\",\"url\":\"https:\\\/\\\/www.inmsol.com\\\/es\\\/blog-escuela\\\/eventos-granada\\\/feria-de-granada-2019\\\/\",\"name\":\"Feria de Granada 2019 Feria de Granada 2019\",\"isPartOf\":{\"@id\":\"https:\\\/\\\/www.inmsol.com\\\/es\\\/#website\"},\"primaryImageOfPage\":{\"@id\":\"https:\\\/\\\/www.inmsol.com\\\/es\\\/blog-escuela\\\/eventos-granada\\\/feria-de-granada-2019\\\/#primaryimage\"},\"image\":{\"@id\":\"https:\\\/\\\/www.inmsol.com\\\/es\\\/blog-escuela\\\/eventos-granada\\\/feria-de-granada-2019\\\/#primaryimage\"},\"thumbnailUrl\":\"https:\\\/\\\/www.inmsol.com\\\/wp-content\\\/uploads\\\/2019\\\/06\\\/la-tarasca.jpg\",\"datePublished\":\"2019-06-13T10:21:04+00:00\",\"dateModified\":\"2019-06-13T10:31:12+00:00\",\"description\":\"La Feria del Corpus Christi de Granada se celebrar\u00e1 del 15 al 22 de junio, con casetas decoradas y \u00e1reas dedicadas a todo tipo de atracci\u00f3n.\",\"breadcrumb\":{\"@id\":\"https:\\\/\\\/www.inmsol.com\\\/es\\\/blog-escuela\\\/eventos-granada\\\/feria-de-granada-2019\\\/#breadcrumb\"},\"inLanguage\":\"es\",\"potentialAction\":[{\"@type\":\"ReadAction\",\"target\":[\"https:\\\/\\\/www.inmsol.com\\\/es\\\/blog-escuela\\\/eventos-granada\\\/feria-de-granada-2019\\\/\"]}]},{\"@type\":\"ImageObject\",\"inLanguage\":\"es\",\"@id\":\"https:\\\/\\\/www.inmsol.com\\\/es\\\/blog-escuela\\\/eventos-granada\\\/feria-de-granada-2019\\\/#primaryimage\",\"url\":\"https:\\\/\\\/www.inmsol.com\\\/wp-content\\\/uploads\\\/2019\\\/06\\\/la-tarasca.jpg\",\"contentUrl\":\"https:\\\/\\\/www.inmsol.com\\\/wp-content\\\/uploads\\\/2019\\\/06\\\/la-tarasca.jpg\",\"width\":970,\"height\":545},{\"@type\":\"BreadcrumbList\",\"@id\":\"https:\\\/\\\/www.inmsol.com\\\/es\\\/blog-escuela\\\/eventos-granada\\\/feria-de-granada-2019\\\/#breadcrumb\",\"itemListElement\":[{\"@type\":\"ListItem\",\"position\":1,\"name\":\"Accredited Center by Instituto Cervantes\",\"item\":\"https:\\\/\\\/www.inmsol.com\\\/es\\\/pagina-ejemplo\\\/\"},{\"@type\":\"ListItem\",\"position\":2,\"name\":\"Blog Escuela Espa\u00f1ol\",\"item\":\"https:\\\/\\\/www.inmsol.com\\\/es\\\/category\\\/blog-escuela\\\/\"},{\"@type\":\"ListItem\",\"position\":3,\"name\":\"Eventos en Granada\",\"item\":\"https:\\\/\\\/www.inmsol.com\\\/es\\\/category\\\/blog-escuela\\\/eventos-granada\\\/\"},{\"@type\":\"ListItem\",\"position\":4,\"name\":\"Feria de Granada 2019\"}]},{\"@type\":\"WebSite\",\"@id\":\"https:\\\/\\\/www.inmsol.com\\\/es\\\/#website\",\"url\":\"https:\\\/\\\/www.inmsol.com\\\/es\\\/\",\"name\":\"iNMSOL\",\"description\":\"Aprenda Espa\u00f1ol con iNMSOL en Granada | Centro Acreditado por el Instituto Cervantes\",\"publisher\":{\"@id\":\"https:\\\/\\\/www.inmsol.com\\\/es\\\/#organization\"},\"potentialAction\":[{\"@type\":\"SearchAction\",\"target\":{\"@type\":\"EntryPoint\",\"urlTemplate\":\"https:\\\/\\\/www.inmsol.com\\\/es\\\/?s={search_term_string}\"},\"query-input\":{\"@type\":\"PropertyValueSpecification\",\"valueRequired\":true,\"valueName\":\"search_term_string\"}}],\"inLanguage\":\"es\"},{\"@type\":\"Organization\",\"@id\":\"https:\\\/\\\/www.inmsol.com\\\/es\\\/#organization\",\"name\":\"Instituto Mediterr\u00e1neo Sol\",\"url\":\"https:\\\/\\\/www.inmsol.com\\\/es\\\/\",\"logo\":{\"@type\":\"ImageObject\",\"inLanguage\":\"es\",\"@id\":\"https:\\\/\\\/www.inmsol.com\\\/es\\\/#\\\/schema\\\/logo\\\/image\\\/\",\"url\":\"https:\\\/\\\/www.inmsol.com\\\/wp-content\\\/uploads\\\/2023\\\/06\\\/logo-inmsol-1.png\",\"contentUrl\":\"https:\\\/\\\/www.inmsol.com\\\/wp-content\\\/uploads\\\/2023\\\/06\\\/logo-inmsol-1.png\",\"width\":136,\"height\":73,\"caption\":\"Instituto Mediterr\u00e1neo Sol\"},\"image\":{\"@id\":\"https:\\\/\\\/www.inmsol.com\\\/es\\\/#\\\/schema\\\/logo\\\/image\\\/\"},\"sameAs\":[\"https:\\\/\\\/www.facebook.com\\\/spanishcourses\",\"https:\\\/\\\/x.com\\\/StudyInGranada\",\"http:\\\/\\\/instagram.com\\\/imsolgranada\",\"https:\\\/\\\/es.linkedin.com\\\/company\\\/imsol-granada\",\"https:\\\/\\\/www.pinterest.es\\\/inmsol\\\/\",\"https:\\\/\\\/www.youtube.com\\\/channel\\\/UChz-Qn_7coFMosY85iYMO4g\"]},{\"@type\":\"Person\",\"@id\":\"https:\\\/\\\/www.inmsol.com\\\/es\\\/#\\\/schema\\\/person\\\/94a7a01d14a56d1fbc49c841ffc57fe9\",\"name\":\"- Instituto Mediterr\u00e1neo Sol\",\"image\":{\"@type\":\"ImageObject\",\"inLanguage\":\"es\",\"@id\":\"https:\\\/\\\/secure.gravatar.com\\\/avatar\\\/5607fdabdf1b548b6095cc3d43079829bc1497403e70dd34004e7204a8fef62b?s=96&d=mm&r=g\",\"url\":\"https:\\\/\\\/secure.gravatar.com\\\/avatar\\\/5607fdabdf1b548b6095cc3d43079829bc1497403e70dd34004e7204a8fef62b?s=96&d=mm&r=g\",\"contentUrl\":\"https:\\\/\\\/secure.gravatar.com\\\/avatar\\\/5607fdabdf1b548b6095cc3d43079829bc1497403e70dd34004e7204a8fef62b?s=96&d=mm&r=g\",\"caption\":\"- Instituto Mediterr\u00e1neo Sol\"},\"url\":\"https:\\\/\\\/www.inmsol.com\\\/es\\\/author\\\/laura\\\/\"}]}<\/script>\n<!-- \/ Yoast SEO plugin. -->","yoast_head_json":{"title":"Feria de Granada 2019 Feria de Granada 2019","description":"La Feria del Corpus Christi de Granada se celebrar\u00e1 del 15 al 22 de junio, con casetas decoradas y \u00e1reas dedicadas a todo tipo de atracci\u00f3n.","robots":{"index":"index","follow":"follow","max-snippet":"max-snippet:-1","max-image-preview":"max-image-preview:large","max-video-preview":"max-video-preview:-1"},"canonical":"https:\/\/www.inmsol.com\/es\/blog-escuela\/eventos-granada\/feria-de-granada-2019\/","og_locale":"es_ES","og_type":"article","og_title":"Feria de Granada 2019 Feria de Granada 2019","og_description":"La Feria del Corpus Christi de Granada se celebrar\u00e1 del 15 al 22 de junio, con casetas decoradas y \u00e1reas dedicadas a todo tipo de atracci\u00f3n.","og_url":"https:\/\/www.inmsol.com\/es\/blog-escuela\/eventos-granada\/feria-de-granada-2019\/","og_site_name":"iNMSOL","article_publisher":"https:\/\/www.facebook.com\/spanishcourses","article_published_time":"2019-06-13T10:21:04+00:00","article_modified_time":"2019-06-13T10:31:12+00:00","og_image":[{"width":970,"height":545,"url":"https:\/\/www.inmsol.com\/wp-content\/uploads\/2019\/06\/la-tarasca.jpg","type":"image\/jpeg"}],"author":"- Instituto Mediterr\u00e1neo Sol","twitter_misc":{"Escrito por":"- Instituto Mediterr\u00e1neo Sol","Tiempo de lectura":"4 minutos"},"schema":{"@context":"https:\/\/schema.org","@graph":[{"@type":"Article","@id":"https:\/\/www.inmsol.com\/es\/blog-escuela\/eventos-granada\/feria-de-granada-2019\/#article","isPartOf":{"@id":"https:\/\/www.inmsol.com\/es\/blog-escuela\/eventos-granada\/feria-de-granada-2019\/"},"author":{"name":"- Instituto Mediterr\u00e1neo Sol","@id":"https:\/\/www.inmsol.com\/es\/#\/schema\/person\/94a7a01d14a56d1fbc49c841ffc57fe9"},"headline":"Feria de Granada 2019","datePublished":"2019-06-13T10:21:04+00:00","dateModified":"2019-06-13T10:31:12+00:00","mainEntityOfPage":{"@id":"https:\/\/www.inmsol.com\/es\/blog-escuela\/eventos-granada\/feria-de-granada-2019\/"},"wordCount":819,"publisher":{"@id":"https:\/\/www.inmsol.com\/es\/#organization"},"image":{"@id":"https:\/\/www.inmsol.com\/es\/blog-escuela\/eventos-granada\/feria-de-granada-2019\/#primaryimage"},"thumbnailUrl":"https:\/\/www.inmsol.com\/wp-content\/uploads\/2019\/06\/la-tarasca.jpg","articleSection":["Eventos en Granada"],"inLanguage":"es"},{"@type":"WebPage","@id":"https:\/\/www.inmsol.com\/es\/blog-escuela\/eventos-granada\/feria-de-granada-2019\/","url":"https:\/\/www.inmsol.com\/es\/blog-escuela\/eventos-granada\/feria-de-granada-2019\/","name":"Feria de Granada 2019 Feria de Granada 2019","isPartOf":{"@id":"https:\/\/www.inmsol.com\/es\/#website"},"primaryImageOfPage":{"@id":"https:\/\/www.inmsol.com\/es\/blog-escuela\/eventos-granada\/feria-de-granada-2019\/#primaryimage"},"image":{"@id":"https:\/\/www.inmsol.com\/es\/blog-escuela\/eventos-granada\/feria-de-granada-2019\/#primaryimage"},"thumbnailUrl":"https:\/\/www.inmsol.com\/wp-content\/uploads\/2019\/06\/la-tarasca.jpg","datePublished":"2019-06-13T10:21:04+00:00","dateModified":"2019-06-13T10:31:12+00:00","description":"La Feria del Corpus Christi de Granada se celebrar\u00e1 del 15 al 22 de junio, con casetas decoradas y \u00e1reas dedicadas a todo tipo de atracci\u00f3n.","breadcrumb":{"@id":"https:\/\/www.inmsol.com\/es\/blog-escuela\/eventos-granada\/feria-de-granada-2019\/#breadcrumb"},"inLanguage":"es","potentialAction":[{"@type":"ReadAction","target":["https:\/\/www.inmsol.com\/es\/blog-escuela\/eventos-granada\/feria-de-granada-2019\/"]}]},{"@type":"ImageObject","inLanguage":"es","@id":"https:\/\/www.inmsol.com\/es\/blog-escuela\/eventos-granada\/feria-de-granada-2019\/#primaryimage","url":"https:\/\/www.inmsol.com\/wp-content\/uploads\/2019\/06\/la-tarasca.jpg","contentUrl":"https:\/\/www.inmsol.com\/wp-content\/uploads\/2019\/06\/la-tarasca.jpg","width":970,"height":545},{"@type":"BreadcrumbList","@id":"https:\/\/www.inmsol.com\/es\/blog-escuela\/eventos-granada\/feria-de-granada-2019\/#breadcrumb","itemListElement":[{"@type":"ListItem","position":1,"name":"Accredited Center by Instituto Cervantes","item":"https:\/\/www.inmsol.com\/es\/pagina-ejemplo\/"},{"@type":"ListItem","position":2,"name":"Blog Escuela Espa\u00f1ol","item":"https:\/\/www.inmsol.com\/es\/category\/blog-escuela\/"},{"@type":"ListItem","position":3,"name":"Eventos en Granada","item":"https:\/\/www.inmsol.com\/es\/category\/blog-escuela\/eventos-granada\/"},{"@type":"ListItem","position":4,"name":"Feria de Granada 2019"}]},{"@type":"WebSite","@id":"https:\/\/www.inmsol.com\/es\/#website","url":"https:\/\/www.inmsol.com\/es\/","name":"iNMSOL","description":"Aprenda Espa\u00f1ol con iNMSOL en Granada | Centro Acreditado por el Instituto Cervantes","publisher":{"@id":"https:\/\/www.inmsol.com\/es\/#organization"},"potentialAction":[{"@type":"SearchAction","target":{"@type":"EntryPoint","urlTemplate":"https:\/\/www.inmsol.com\/es\/?s={search_term_string}"},"query-input":{"@type":"PropertyValueSpecification","valueRequired":true,"valueName":"search_term_string"}}],"inLanguage":"es"},{"@type":"Organization","@id":"https:\/\/www.inmsol.com\/es\/#organization","name":"Instituto Mediterr\u00e1neo Sol","url":"https:\/\/www.inmsol.com\/es\/","logo":{"@type":"ImageObject","inLanguage":"es","@id":"https:\/\/www.inmsol.com\/es\/#\/schema\/logo\/image\/","url":"https:\/\/www.inmsol.com\/wp-content\/uploads\/2023\/06\/logo-inmsol-1.png","contentUrl":"https:\/\/www.inmsol.com\/wp-content\/uploads\/2023\/06\/logo-inmsol-1.png","width":136,"height":73,"caption":"Instituto Mediterr\u00e1neo Sol"},"image":{"@id":"https:\/\/www.inmsol.com\/es\/#\/schema\/logo\/image\/"},"sameAs":["https:\/\/www.facebook.com\/spanishcourses","https:\/\/x.com\/StudyInGranada","http:\/\/instagram.com\/imsolgranada","https:\/\/es.linkedin.com\/company\/imsol-granada","https:\/\/www.pinterest.es\/inmsol\/","https:\/\/www.youtube.com\/channel\/UChz-Qn_7coFMosY85iYMO4g"]},{"@type":"Person","@id":"https:\/\/www.inmsol.com\/es\/#\/schema\/person\/94a7a01d14a56d1fbc49c841ffc57fe9","name":"- Instituto Mediterr\u00e1neo Sol","image":{"@type":"ImageObject","inLanguage":"es","@id":"https:\/\/secure.gravatar.com\/avatar\/5607fdabdf1b548b6095cc3d43079829bc1497403e70dd34004e7204a8fef62b?s=96&d=mm&r=g","url":"https:\/\/secure.gravatar.com\/avatar\/5607fdabdf1b548b6095cc3d43079829bc1497403e70dd34004e7204a8fef62b?s=96&d=mm&r=g","contentUrl":"https:\/\/secure.gravatar.com\/avatar\/5607fdabdf1b548b6095cc3d43079829bc1497403e70dd34004e7204a8fef62b?s=96&d=mm&r=g","caption":"- Instituto Mediterr\u00e1neo Sol"},"url":"https:\/\/www.inmsol.com\/es\/author\/laura\/"}]}},"_links":{"self":[{"href":"https:\/\/www.inmsol.com\/es\/wp-json\/wp\/v2\/posts\/43693","targetHints":{"allow":["GET"]}}],"collection":[{"href":"https:\/\/www.inmsol.com\/es\/wp-json\/wp\/v2\/posts"}],"about":[{"href":"https:\/\/www.inmsol.com\/es\/wp-json\/wp\/v2\/types\/post"}],"author":[{"embeddable":true,"href":"https:\/\/www.inmsol.com\/es\/wp-json\/wp\/v2\/users\/3"}],"replies":[{"embeddable":true,"href":"https:\/\/www.inmsol.com\/es\/wp-json\/wp\/v2\/comments?post=43693"}],"version-history":[{"count":0,"href":"https:\/\/www.inmsol.com\/es\/wp-json\/wp\/v2\/posts\/43693\/revisions"}],"wp:featuredmedia":[{"embeddable":true,"href":"https:\/\/www.inmsol.com\/es\/wp-json\/wp\/v2\/media\/43633"}],"wp:attachment":[{"href":"https:\/\/www.inmsol.com\/es\/wp-json\/wp\/v2\/media?parent=43693"}],"wp:term":[{"taxonomy":"category","embeddable":true,"href":"https:\/\/www.inmsol.com\/es\/wp-json\/wp\/v2\/categories?post=43693"},{"taxonomy":"post_tag","embeddable":true,"href":"https:\/\/www.inmsol.com\/es\/wp-json\/wp\/v2\/tags?post=43693"}],"curies":[{"name":"wp","href":"https:\/\/api.w.org\/{rel}","templated":true}]}}