{"id":44416,"date":"2019-07-05T17:40:40","date_gmt":"2019-07-05T15:40:40","guid":{"rendered":"https:\/\/www.inmsol.com\/blog-escuela\/convocatorias-dele-y-ccse-2020\/"},"modified":"2019-07-05T17:52:41","modified_gmt":"2019-07-05T15:52:41","slug":"convocatorias-dele-y-ccse-2020","status":"publish","type":"post","link":"https:\/\/www.inmsol.com\/es\/blog-escuela\/iNMSOL-services-es\/convocatorias-dele-y-ccse-2020\/","title":{"rendered":"CONVOCATORIAS DELE Y CCSE 2020"},"content":{"rendered":"<p><strong>\u00a1Ya han salido las fechas para las convocatorias DELE y CCSE del a\u00f1o 2020!<\/strong><\/p>\n<p><strong>El DELE (Diploma de Espa\u00f1ol como Lengua Extranjera),<\/strong>\u00a0es un t\u00edtulo oficial, acreditativo del grado de competencia y dominio del idioma espa\u00f1ol, que otorga el Instituto Cervantes en nombre del Ministerio de Educaci\u00f3n, Cultura y Deporte de Espa\u00f1a.<\/p>\n<p>Nuestra\u00a0<a href=\"https:\/\/www.inmsol.com\/es\/escuela-espanol-granada\/\" target=\"_blank\" rel=\"noopener noreferrer\">escuela de espa\u00f1ol iNMSOL<\/a>, siendo uno de estos centros acreditados, ofrece la oportunidad de obtener este t\u00edtulo tan \u00fatil.<\/p>\n<p>S\u00ed, tener un DELE siempre puede ser \u00fatil, sea para vuestros estudios o el trabajo, para obtener la nacionalidad espa\u00f1ola o un visado o simplemente para tenerlo por si acaso, para futuros proyectos profesionales o acad\u00e9micos vuestros en Espa\u00f1a.<\/p>\n<p>Y aqu\u00ed est\u00e1n las fechas:<\/p>\n<ul>\n<li><strong>Febrero: viernes 14 de febrero de 2020 (Cierre del plazo de inscripci\u00f3n: 8 de enero de 2020) &#8211; General A2 <\/strong><\/li>\n<li><strong>Abril: viernes, 17 de abril de 2020 (Cierre del plazo de inscripci\u00f3n: 19 de febrero de 2020) &#8211; General A1, A2, B1 , B2, C1 <\/strong><\/li>\n<li><strong>Mayo: viernes 15 de mayo de 2020 &#8211; Becarios A1 \/ A2, B1; S\u00e1bado 16 de mayo de 2020 &#8211; General: A1, A2, B1, B2, C1, C2 (Cierre del plazo de inscripci\u00f3n: 18 de marzo de 2020) <\/strong><\/li>\n<li><strong>Septiembre: viernes 11 de septiembre de 2020 (Cierre del plazo de inscripci\u00f3n: 15 de julio de 2020) &#8211; General: A2 <\/strong><\/li>\n<li><b>Octubre: viernes 2 de octubre de 2020 (Cierre del plazo de inscripci\u00f3n: 5 de agosto de 2020) &#8211; General A2, B1, B2<\/b><\/li>\n<li><strong> Noviembre: viernes 13 de noviembre de 2020 &#8211; Escolares: A1 y A2 \/ B1; S\u00e1bado, 14 de noviembre de 2020 &#8211; General: A1, A2, B1, B2, C1, C2 (Cierre del plazo de inscripci\u00f3n: 7 de octubre 2020)<\/strong><\/li>\n<\/ul>\n<p>Por lo que se refiere a la prueba de\u00a0<a href=\"https:\/\/www.inmsol.com\/es\/escuela-espanol-granada\/centro-acreditado-para-el-test-del-ccse\/\" target=\"_blank\" rel=\"noopener noreferrer\"><strong>conocimientos constitucionales y socioculturales de Espa\u00f1a<\/strong>\u00a0(prueba\u00a0<strong>CCSE<\/strong>)<\/a>, en cambio, es una prueba de examen elaborada tambi\u00e9n por el\u00a0<a href=\"https:\/\/www.inmsol.com\/es\/blog-escuela\/aprender-espanol\/el-nacimiento-del-instituto-cervantes\/\" target=\"_blank\" rel=\"noopener noreferrer\">Instituto Cervantes<\/a>\u00a0que eval\u00faa el conocimiento de la Constituci\u00f3n y de la realidad social y cultural espa\u00f1olas por medio de distintas tareas.<\/p>\n<ul>\n<li id=\"tw-target-text\" class=\"tw-data-text tw-ta tw-text-small\" dir=\"ltr\" data-placeholder=\"Traducci\u00f3n\"><strong><span lang=\"es\" tabindex=\"0\">Enero: 30 de enero (Per\u00edodo de inscripci\u00f3n: del 9 de septiembre de 2019 al 9 de enero de 2020)<\/span><\/strong><\/li>\n<li class=\"tw-data-text tw-ta tw-text-small\" dir=\"ltr\" data-placeholder=\"Traducci\u00f3n\"><strong><span lang=\"es\" tabindex=\"0\">Febrero: 27 de febrero (Per\u00edodo de inscripci\u00f3n: del 9 de septiembre de 2019 al 6 de febrero de 2020)<\/span><\/strong><\/li>\n<li class=\"tw-data-text tw-ta tw-text-small\" dir=\"ltr\" data-placeholder=\"Traducci\u00f3n\"><strong><span lang=\"es\" tabindex=\"0\">Marzo: 26 de marzo (Per\u00edodo de inscripci\u00f3n: del 9 de septiembre de 2019 al 5 de marzo de 2020)<\/span><\/strong><\/li>\n<li class=\"tw-data-text tw-ta tw-text-small\" dir=\"ltr\" data-placeholder=\"Traducci\u00f3n\"><strong><span lang=\"es\" tabindex=\"0\">Abril: 30 de abril (Per\u00edodo de inscripci\u00f3n: del 9 de septiembre de 2019 al 9 de abril de 2020)<\/span><\/strong><\/li>\n<li class=\"tw-data-text tw-ta tw-text-small\" dir=\"ltr\" data-placeholder=\"Traducci\u00f3n\"><strong><span lang=\"es\" tabindex=\"0\">Mayo: 28 de mayo (Per\u00edodo de inscripci\u00f3n: del 9 de septiembre de 2019 al 7 de mayo de 2020) <\/span><\/strong><\/li>\n<li class=\"tw-data-text tw-ta tw-text-small\" dir=\"ltr\" data-placeholder=\"Traducci\u00f3n\"><strong><span lang=\"es\" tabindex=\"0\">Junio: 25 de junio (Per\u00edodo de inscripci\u00f3n: del 9 de septiembre de 2019 al 4 de junio)<\/span><\/strong><\/li>\n<li class=\"tw-data-text tw-ta tw-text-small\" dir=\"ltr\" data-placeholder=\"Traducci\u00f3n\"><strong><span lang=\"es\" tabindex=\"0\">Julio: 30 de julio (Per\u00edodo de inscripci\u00f3n: del 9 de septiembre de 2019 al 9 de julio) <\/span><\/strong><\/li>\n<li class=\"tw-data-text tw-ta tw-text-small\" dir=\"ltr\" data-placeholder=\"Traducci\u00f3n\"><strong><span lang=\"es\" tabindex=\"0\">Septiembre: 24 de septiembre (Per\u00edodo de inscripci\u00f3n: del 9 de septiembre de 2019 al 3 de septiembre)<\/span><\/strong><\/li>\n<li class=\"tw-data-text tw-ta tw-text-small\" dir=\"ltr\" data-placeholder=\"Traducci\u00f3n\"><strong><span lang=\"es\" tabindex=\"0\">Octubre: 29 de octubre (Per\u00edodo de inscripci\u00f3n: del 9 de septiembre de 2019 al 8 de octubre)<\/span><\/strong><\/li>\n<li class=\"tw-data-text tw-ta tw-text-small\" dir=\"ltr\" data-placeholder=\"Traducci\u00f3n\"><strong><span lang=\"es\" tabindex=\"0\">Noviembre: 26 de noviembre (Plazo de inscripci\u00f3n: del 9 de septiembre de 2019 al 5 de noviembre)<\/span><\/strong><\/li>\n<\/ul>\n<p>&nbsp;<\/p>\n<p>Los plazos de inscripci\u00f3n para los ex\u00e1menes CCSE comienzan el 9 de septiembre de 2019, y para los ex\u00e1menes DELE comenzar\u00e1n el 13 de noviembre de 2019.<\/p>\n<p>&nbsp;<\/p>\n<p>El\u00a0<strong>cierre del plazo de inscripci\u00f3n se marca a las 00:00 horas en horario de Espa\u00f1a del d\u00eda posterior<\/strong>\u00a0y constituye la \u00faltima fecha en la que se admiten inscripciones en la convocatoria que se cierra.<\/p>\n<p>Pod\u00e9is encontrar todas las informaciones necesarias en la p\u00e1gina web de: \u00a0<a href=\"https:\/\/examenes.cervantes.es\/\" target=\"_blank\" rel=\"noopener noreferrer\"><strong>https:\/\/examenes.cervantes.es\/<\/strong><\/a><\/p>\n<p>&nbsp;<\/p>\n<p>\u00a1Aprovechad de esta ocasi\u00f3n y para cualquier duda contactad nuestra secretar\u00eda!<\/p>\n<p>&nbsp;<\/p>\n","protected":false},"excerpt":{"rendered":"<p>\u00a1Ya han salido las fechas para las convocatorias DELE y CCSE del a\u00f1o 2020! El DELE (Diploma de Espa\u00f1ol como Lengua Extranjera),\u00a0es un t\u00edtulo oficial, acreditativo del grado de competencia y dominio del idioma espa\u00f1ol, que otorga el Instituto Cervantes en nombre del Ministerio de&#8230;<\/p>\n","protected":false},"author":3,"featured_media":46181,"comment_status":"closed","ping_status":"closed","sticky":false,"template":"","format":"standard","meta":{"_acf_changed":false,"footnotes":""},"categories":[453],"tags":[],"class_list":["post-44416","post","type-post","status-publish","format-standard","has-post-thumbnail","hentry","category-iNMSOL-services-es"],"acf":[],"yoast_head":"<!-- This site is optimized with the Yoast SEO plugin v27.5 - https:\/\/yoast.com\/product\/yoast-seo-wordpress\/ -->\n<title>CONVOCATORIAS DELE Y CCSE 2020 &#8226; iNMSOL<\/title>\n<meta name=\"description\" content=\"\u00a1Ya han salido las fechas para las convocatorias DELE y CCSE del a\u00f1o 2020! El DELE (Diploma de Espa\u00f1ol como Lengua Extranjera),\u00a0es un t\u00edtulo oficial,\" \/>\n<meta name=\"robots\" content=\"index, follow, max-snippet:-1, max-image-preview:large, max-video-preview:-1\" \/>\n<link rel=\"canonical\" href=\"https:\/\/www.inmsol.com\/es\/blog-escuela\/iNMSOL-services-es\/convocatorias-dele-y-ccse-2020\/\" \/>\n<meta property=\"og:locale\" content=\"es_ES\" \/>\n<meta property=\"og:type\" content=\"article\" \/>\n<meta property=\"og:title\" content=\"CONVOCATORIAS DELE Y CCSE 2020 &#8226; iNMSOL\" \/>\n<meta property=\"og:description\" content=\"\u00a1Ya han salido las fechas para las convocatorias DELE y CCSE del a\u00f1o 2020! El DELE (Diploma de Espa\u00f1ol como Lengua Extranjera),\u00a0es un t\u00edtulo oficial,\" \/>\n<meta property=\"og:url\" content=\"https:\/\/www.inmsol.com\/es\/blog-escuela\/iNMSOL-services-es\/convocatorias-dele-y-ccse-2020\/\" \/>\n<meta property=\"og:site_name\" content=\"iNMSOL\" \/>\n<meta property=\"article:publisher\" content=\"https:\/\/www.facebook.com\/spanishcourses\" \/>\n<meta property=\"article:published_time\" content=\"2019-07-05T15:40:40+00:00\" \/>\n<meta property=\"article:modified_time\" content=\"2019-07-05T15:52:41+00:00\" \/>\n<meta property=\"og:image\" content=\"https:\/\/www.inmsol.com\/wp-content\/uploads\/2019\/07\/cervantes-scaled.jpg\" \/>\n\t<meta property=\"og:image:width\" content=\"2560\" \/>\n\t<meta property=\"og:image:height\" content=\"891\" \/>\n\t<meta property=\"og:image:type\" content=\"image\/jpeg\" \/>\n<meta name=\"author\" content=\"- Instituto Mediterr\u00e1neo Sol\" \/>\n<meta name=\"twitter:label1\" content=\"Escrito por\" \/>\n\t<meta name=\"twitter:data1\" content=\"- Instituto Mediterr\u00e1neo Sol\" \/>\n\t<meta name=\"twitter:label2\" content=\"Tiempo de lectura\" \/>\n\t<meta name=\"twitter:data2\" content=\"3 minutos\" \/>\n<script type=\"application\/ld+json\" class=\"yoast-schema-graph\">{\"@context\":\"https:\\\/\\\/schema.org\",\"@graph\":[{\"@type\":\"Article\",\"@id\":\"https:\\\/\\\/www.inmsol.com\\\/es\\\/blog-escuela\\\/iNMSOL-services-es\\\/convocatorias-dele-y-ccse-2020\\\/#article\",\"isPartOf\":{\"@id\":\"https:\\\/\\\/www.inmsol.com\\\/es\\\/blog-escuela\\\/iNMSOL-services-es\\\/convocatorias-dele-y-ccse-2020\\\/\"},\"author\":{\"name\":\"- Instituto Mediterr\u00e1neo Sol\",\"@id\":\"https:\\\/\\\/www.inmsol.com\\\/es\\\/#\\\/schema\\\/person\\\/94a7a01d14a56d1fbc49c841ffc57fe9\"},\"headline\":\"CONVOCATORIAS DELE Y CCSE 2020\",\"datePublished\":\"2019-07-05T15:40:40+00:00\",\"dateModified\":\"2019-07-05T15:52:41+00:00\",\"mainEntityOfPage\":{\"@id\":\"https:\\\/\\\/www.inmsol.com\\\/es\\\/blog-escuela\\\/iNMSOL-services-es\\\/convocatorias-dele-y-ccse-2020\\\/\"},\"wordCount\":577,\"publisher\":{\"@id\":\"https:\\\/\\\/www.inmsol.com\\\/es\\\/#organization\"},\"image\":{\"@id\":\"https:\\\/\\\/www.inmsol.com\\\/es\\\/blog-escuela\\\/iNMSOL-services-es\\\/convocatorias-dele-y-ccse-2020\\\/#primaryimage\"},\"thumbnailUrl\":\"https:\\\/\\\/www.inmsol.com\\\/wp-content\\\/uploads\\\/2019\\\/07\\\/cervantes-scaled.jpg\",\"articleSection\":[\"iNMSOL services\"],\"inLanguage\":\"es\"},{\"@type\":\"WebPage\",\"@id\":\"https:\\\/\\\/www.inmsol.com\\\/es\\\/blog-escuela\\\/iNMSOL-services-es\\\/convocatorias-dele-y-ccse-2020\\\/\",\"url\":\"https:\\\/\\\/www.inmsol.com\\\/es\\\/blog-escuela\\\/iNMSOL-services-es\\\/convocatorias-dele-y-ccse-2020\\\/\",\"name\":\"CONVOCATORIAS DELE Y CCSE 2020 &#8226; iNMSOL\",\"isPartOf\":{\"@id\":\"https:\\\/\\\/www.inmsol.com\\\/es\\\/#website\"},\"primaryImageOfPage\":{\"@id\":\"https:\\\/\\\/www.inmsol.com\\\/es\\\/blog-escuela\\\/iNMSOL-services-es\\\/convocatorias-dele-y-ccse-2020\\\/#primaryimage\"},\"image\":{\"@id\":\"https:\\\/\\\/www.inmsol.com\\\/es\\\/blog-escuela\\\/iNMSOL-services-es\\\/convocatorias-dele-y-ccse-2020\\\/#primaryimage\"},\"thumbnailUrl\":\"https:\\\/\\\/www.inmsol.com\\\/wp-content\\\/uploads\\\/2019\\\/07\\\/cervantes-scaled.jpg\",\"datePublished\":\"2019-07-05T15:40:40+00:00\",\"dateModified\":\"2019-07-05T15:52:41+00:00\",\"description\":\"\u00a1Ya han salido las fechas para las convocatorias DELE y CCSE del a\u00f1o 2020! El DELE (Diploma de Espa\u00f1ol como Lengua Extranjera),\u00a0es un t\u00edtulo oficial,\",\"breadcrumb\":{\"@id\":\"https:\\\/\\\/www.inmsol.com\\\/es\\\/blog-escuela\\\/iNMSOL-services-es\\\/convocatorias-dele-y-ccse-2020\\\/#breadcrumb\"},\"inLanguage\":\"es\",\"potentialAction\":[{\"@type\":\"ReadAction\",\"target\":[\"https:\\\/\\\/www.inmsol.com\\\/es\\\/blog-escuela\\\/iNMSOL-services-es\\\/convocatorias-dele-y-ccse-2020\\\/\"]}]},{\"@type\":\"ImageObject\",\"inLanguage\":\"es\",\"@id\":\"https:\\\/\\\/www.inmsol.com\\\/es\\\/blog-escuela\\\/iNMSOL-services-es\\\/convocatorias-dele-y-ccse-2020\\\/#primaryimage\",\"url\":\"https:\\\/\\\/www.inmsol.com\\\/wp-content\\\/uploads\\\/2019\\\/07\\\/cervantes-scaled.jpg\",\"contentUrl\":\"https:\\\/\\\/www.inmsol.com\\\/wp-content\\\/uploads\\\/2019\\\/07\\\/cervantes-scaled.jpg\",\"width\":2560,\"height\":891},{\"@type\":\"BreadcrumbList\",\"@id\":\"https:\\\/\\\/www.inmsol.com\\\/es\\\/blog-escuela\\\/iNMSOL-services-es\\\/convocatorias-dele-y-ccse-2020\\\/#breadcrumb\",\"itemListElement\":[{\"@type\":\"ListItem\",\"position\":1,\"name\":\"Accredited Center by Instituto Cervantes\",\"item\":\"https:\\\/\\\/www.inmsol.com\\\/es\\\/pagina-ejemplo\\\/\"},{\"@type\":\"ListItem\",\"position\":2,\"name\":\"Blog Escuela Espa\u00f1ol\",\"item\":\"https:\\\/\\\/www.inmsol.com\\\/es\\\/category\\\/blog-escuela\\\/\"},{\"@type\":\"ListItem\",\"position\":3,\"name\":\"iNMSOL services\",\"item\":\"https:\\\/\\\/www.inmsol.com\\\/es\\\/category\\\/blog-escuela\\\/iNMSOL-services-es\\\/\"},{\"@type\":\"ListItem\",\"position\":4,\"name\":\"CONVOCATORIAS DELE Y CCSE 2020\"}]},{\"@type\":\"WebSite\",\"@id\":\"https:\\\/\\\/www.inmsol.com\\\/es\\\/#website\",\"url\":\"https:\\\/\\\/www.inmsol.com\\\/es\\\/\",\"name\":\"iNMSOL\",\"description\":\"Aprenda Espa\u00f1ol con iNMSOL en Granada | Centro Acreditado por el Instituto Cervantes\",\"publisher\":{\"@id\":\"https:\\\/\\\/www.inmsol.com\\\/es\\\/#organization\"},\"potentialAction\":[{\"@type\":\"SearchAction\",\"target\":{\"@type\":\"EntryPoint\",\"urlTemplate\":\"https:\\\/\\\/www.inmsol.com\\\/es\\\/?s={search_term_string}\"},\"query-input\":{\"@type\":\"PropertyValueSpecification\",\"valueRequired\":true,\"valueName\":\"search_term_string\"}}],\"inLanguage\":\"es\"},{\"@type\":\"Organization\",\"@id\":\"https:\\\/\\\/www.inmsol.com\\\/es\\\/#organization\",\"name\":\"Instituto Mediterr\u00e1neo Sol\",\"url\":\"https:\\\/\\\/www.inmsol.com\\\/es\\\/\",\"logo\":{\"@type\":\"ImageObject\",\"inLanguage\":\"es\",\"@id\":\"https:\\\/\\\/www.inmsol.com\\\/es\\\/#\\\/schema\\\/logo\\\/image\\\/\",\"url\":\"https:\\\/\\\/www.inmsol.com\\\/wp-content\\\/uploads\\\/2023\\\/06\\\/logo-inmsol-1.png\",\"contentUrl\":\"https:\\\/\\\/www.inmsol.com\\\/wp-content\\\/uploads\\\/2023\\\/06\\\/logo-inmsol-1.png\",\"width\":136,\"height\":73,\"caption\":\"Instituto Mediterr\u00e1neo Sol\"},\"image\":{\"@id\":\"https:\\\/\\\/www.inmsol.com\\\/es\\\/#\\\/schema\\\/logo\\\/image\\\/\"},\"sameAs\":[\"https:\\\/\\\/www.facebook.com\\\/spanishcourses\",\"https:\\\/\\\/x.com\\\/StudyInGranada\",\"http:\\\/\\\/instagram.com\\\/imsolgranada\",\"https:\\\/\\\/es.linkedin.com\\\/company\\\/imsol-granada\",\"https:\\\/\\\/www.pinterest.es\\\/inmsol\\\/\",\"https:\\\/\\\/www.youtube.com\\\/channel\\\/UChz-Qn_7coFMosY85iYMO4g\"]},{\"@type\":\"Person\",\"@id\":\"https:\\\/\\\/www.inmsol.com\\\/es\\\/#\\\/schema\\\/person\\\/94a7a01d14a56d1fbc49c841ffc57fe9\",\"name\":\"- Instituto Mediterr\u00e1neo Sol\",\"image\":{\"@type\":\"ImageObject\",\"inLanguage\":\"es\",\"@id\":\"https:\\\/\\\/secure.gravatar.com\\\/avatar\\\/5607fdabdf1b548b6095cc3d43079829bc1497403e70dd34004e7204a8fef62b?s=96&d=mm&r=g\",\"url\":\"https:\\\/\\\/secure.gravatar.com\\\/avatar\\\/5607fdabdf1b548b6095cc3d43079829bc1497403e70dd34004e7204a8fef62b?s=96&d=mm&r=g\",\"contentUrl\":\"https:\\\/\\\/secure.gravatar.com\\\/avatar\\\/5607fdabdf1b548b6095cc3d43079829bc1497403e70dd34004e7204a8fef62b?s=96&d=mm&r=g\",\"caption\":\"- Instituto Mediterr\u00e1neo Sol\"},\"url\":\"https:\\\/\\\/www.inmsol.com\\\/es\\\/author\\\/laura\\\/\"}]}<\/script>\n<!-- \/ Yoast SEO plugin. -->","yoast_head_json":{"title":"CONVOCATORIAS DELE Y CCSE 2020 &#8226; iNMSOL","description":"\u00a1Ya han salido las fechas para las convocatorias DELE y CCSE del a\u00f1o 2020! El DELE (Diploma de Espa\u00f1ol como Lengua Extranjera),\u00a0es un t\u00edtulo oficial,","robots":{"index":"index","follow":"follow","max-snippet":"max-snippet:-1","max-image-preview":"max-image-preview:large","max-video-preview":"max-video-preview:-1"},"canonical":"https:\/\/www.inmsol.com\/es\/blog-escuela\/iNMSOL-services-es\/convocatorias-dele-y-ccse-2020\/","og_locale":"es_ES","og_type":"article","og_title":"CONVOCATORIAS DELE Y CCSE 2020 &#8226; iNMSOL","og_description":"\u00a1Ya han salido las fechas para las convocatorias DELE y CCSE del a\u00f1o 2020! El DELE (Diploma de Espa\u00f1ol como Lengua Extranjera),\u00a0es un t\u00edtulo oficial,","og_url":"https:\/\/www.inmsol.com\/es\/blog-escuela\/iNMSOL-services-es\/convocatorias-dele-y-ccse-2020\/","og_site_name":"iNMSOL","article_publisher":"https:\/\/www.facebook.com\/spanishcourses","article_published_time":"2019-07-05T15:40:40+00:00","article_modified_time":"2019-07-05T15:52:41+00:00","og_image":[{"width":2560,"height":891,"url":"https:\/\/www.inmsol.com\/wp-content\/uploads\/2019\/07\/cervantes-scaled.jpg","type":"image\/jpeg"}],"author":"- Instituto Mediterr\u00e1neo Sol","twitter_misc":{"Escrito por":"- Instituto Mediterr\u00e1neo Sol","Tiempo de lectura":"3 minutos"},"schema":{"@context":"https:\/\/schema.org","@graph":[{"@type":"Article","@id":"https:\/\/www.inmsol.com\/es\/blog-escuela\/iNMSOL-services-es\/convocatorias-dele-y-ccse-2020\/#article","isPartOf":{"@id":"https:\/\/www.inmsol.com\/es\/blog-escuela\/iNMSOL-services-es\/convocatorias-dele-y-ccse-2020\/"},"author":{"name":"- Instituto Mediterr\u00e1neo Sol","@id":"https:\/\/www.inmsol.com\/es\/#\/schema\/person\/94a7a01d14a56d1fbc49c841ffc57fe9"},"headline":"CONVOCATORIAS DELE Y CCSE 2020","datePublished":"2019-07-05T15:40:40+00:00","dateModified":"2019-07-05T15:52:41+00:00","mainEntityOfPage":{"@id":"https:\/\/www.inmsol.com\/es\/blog-escuela\/iNMSOL-services-es\/convocatorias-dele-y-ccse-2020\/"},"wordCount":577,"publisher":{"@id":"https:\/\/www.inmsol.com\/es\/#organization"},"image":{"@id":"https:\/\/www.inmsol.com\/es\/blog-escuela\/iNMSOL-services-es\/convocatorias-dele-y-ccse-2020\/#primaryimage"},"thumbnailUrl":"https:\/\/www.inmsol.com\/wp-content\/uploads\/2019\/07\/cervantes-scaled.jpg","articleSection":["iNMSOL services"],"inLanguage":"es"},{"@type":"WebPage","@id":"https:\/\/www.inmsol.com\/es\/blog-escuela\/iNMSOL-services-es\/convocatorias-dele-y-ccse-2020\/","url":"https:\/\/www.inmsol.com\/es\/blog-escuela\/iNMSOL-services-es\/convocatorias-dele-y-ccse-2020\/","name":"CONVOCATORIAS DELE Y CCSE 2020 &#8226; iNMSOL","isPartOf":{"@id":"https:\/\/www.inmsol.com\/es\/#website"},"primaryImageOfPage":{"@id":"https:\/\/www.inmsol.com\/es\/blog-escuela\/iNMSOL-services-es\/convocatorias-dele-y-ccse-2020\/#primaryimage"},"image":{"@id":"https:\/\/www.inmsol.com\/es\/blog-escuela\/iNMSOL-services-es\/convocatorias-dele-y-ccse-2020\/#primaryimage"},"thumbnailUrl":"https:\/\/www.inmsol.com\/wp-content\/uploads\/2019\/07\/cervantes-scaled.jpg","datePublished":"2019-07-05T15:40:40+00:00","dateModified":"2019-07-05T15:52:41+00:00","description":"\u00a1Ya han salido las fechas para las convocatorias DELE y CCSE del a\u00f1o 2020! El DELE (Diploma de Espa\u00f1ol como Lengua Extranjera),\u00a0es un t\u00edtulo oficial,","breadcrumb":{"@id":"https:\/\/www.inmsol.com\/es\/blog-escuela\/iNMSOL-services-es\/convocatorias-dele-y-ccse-2020\/#breadcrumb"},"inLanguage":"es","potentialAction":[{"@type":"ReadAction","target":["https:\/\/www.inmsol.com\/es\/blog-escuela\/iNMSOL-services-es\/convocatorias-dele-y-ccse-2020\/"]}]},{"@type":"ImageObject","inLanguage":"es","@id":"https:\/\/www.inmsol.com\/es\/blog-escuela\/iNMSOL-services-es\/convocatorias-dele-y-ccse-2020\/#primaryimage","url":"https:\/\/www.inmsol.com\/wp-content\/uploads\/2019\/07\/cervantes-scaled.jpg","contentUrl":"https:\/\/www.inmsol.com\/wp-content\/uploads\/2019\/07\/cervantes-scaled.jpg","width":2560,"height":891},{"@type":"BreadcrumbList","@id":"https:\/\/www.inmsol.com\/es\/blog-escuela\/iNMSOL-services-es\/convocatorias-dele-y-ccse-2020\/#breadcrumb","itemListElement":[{"@type":"ListItem","position":1,"name":"Accredited Center by Instituto Cervantes","item":"https:\/\/www.inmsol.com\/es\/pagina-ejemplo\/"},{"@type":"ListItem","position":2,"name":"Blog Escuela Espa\u00f1ol","item":"https:\/\/www.inmsol.com\/es\/category\/blog-escuela\/"},{"@type":"ListItem","position":3,"name":"iNMSOL services","item":"https:\/\/www.inmsol.com\/es\/category\/blog-escuela\/iNMSOL-services-es\/"},{"@type":"ListItem","position":4,"name":"CONVOCATORIAS DELE Y CCSE 2020"}]},{"@type":"WebSite","@id":"https:\/\/www.inmsol.com\/es\/#website","url":"https:\/\/www.inmsol.com\/es\/","name":"iNMSOL","description":"Aprenda Espa\u00f1ol con iNMSOL en Granada | Centro Acreditado por el Instituto Cervantes","publisher":{"@id":"https:\/\/www.inmsol.com\/es\/#organization"},"potentialAction":[{"@type":"SearchAction","target":{"@type":"EntryPoint","urlTemplate":"https:\/\/www.inmsol.com\/es\/?s={search_term_string}"},"query-input":{"@type":"PropertyValueSpecification","valueRequired":true,"valueName":"search_term_string"}}],"inLanguage":"es"},{"@type":"Organization","@id":"https:\/\/www.inmsol.com\/es\/#organization","name":"Instituto Mediterr\u00e1neo Sol","url":"https:\/\/www.inmsol.com\/es\/","logo":{"@type":"ImageObject","inLanguage":"es","@id":"https:\/\/www.inmsol.com\/es\/#\/schema\/logo\/image\/","url":"https:\/\/www.inmsol.com\/wp-content\/uploads\/2023\/06\/logo-inmsol-1.png","contentUrl":"https:\/\/www.inmsol.com\/wp-content\/uploads\/2023\/06\/logo-inmsol-1.png","width":136,"height":73,"caption":"Instituto Mediterr\u00e1neo Sol"},"image":{"@id":"https:\/\/www.inmsol.com\/es\/#\/schema\/logo\/image\/"},"sameAs":["https:\/\/www.facebook.com\/spanishcourses","https:\/\/x.com\/StudyInGranada","http:\/\/instagram.com\/imsolgranada","https:\/\/es.linkedin.com\/company\/imsol-granada","https:\/\/www.pinterest.es\/inmsol\/","https:\/\/www.youtube.com\/channel\/UChz-Qn_7coFMosY85iYMO4g"]},{"@type":"Person","@id":"https:\/\/www.inmsol.com\/es\/#\/schema\/person\/94a7a01d14a56d1fbc49c841ffc57fe9","name":"- Instituto Mediterr\u00e1neo Sol","image":{"@type":"ImageObject","inLanguage":"es","@id":"https:\/\/secure.gravatar.com\/avatar\/5607fdabdf1b548b6095cc3d43079829bc1497403e70dd34004e7204a8fef62b?s=96&d=mm&r=g","url":"https:\/\/secure.gravatar.com\/avatar\/5607fdabdf1b548b6095cc3d43079829bc1497403e70dd34004e7204a8fef62b?s=96&d=mm&r=g","contentUrl":"https:\/\/secure.gravatar.com\/avatar\/5607fdabdf1b548b6095cc3d43079829bc1497403e70dd34004e7204a8fef62b?s=96&d=mm&r=g","caption":"- Instituto Mediterr\u00e1neo Sol"},"url":"https:\/\/www.inmsol.com\/es\/author\/laura\/"}]}},"_links":{"self":[{"href":"https:\/\/www.inmsol.com\/es\/wp-json\/wp\/v2\/posts\/44416","targetHints":{"allow":["GET"]}}],"collection":[{"href":"https:\/\/www.inmsol.com\/es\/wp-json\/wp\/v2\/posts"}],"about":[{"href":"https:\/\/www.inmsol.com\/es\/wp-json\/wp\/v2\/types\/post"}],"author":[{"embeddable":true,"href":"https:\/\/www.inmsol.com\/es\/wp-json\/wp\/v2\/users\/3"}],"replies":[{"embeddable":true,"href":"https:\/\/www.inmsol.com\/es\/wp-json\/wp\/v2\/comments?post=44416"}],"version-history":[{"count":0,"href":"https:\/\/www.inmsol.com\/es\/wp-json\/wp\/v2\/posts\/44416\/revisions"}],"wp:featuredmedia":[{"embeddable":true,"href":"https:\/\/www.inmsol.com\/es\/wp-json\/wp\/v2\/media\/46181"}],"wp:attachment":[{"href":"https:\/\/www.inmsol.com\/es\/wp-json\/wp\/v2\/media?parent=44416"}],"wp:term":[{"taxonomy":"category","embeddable":true,"href":"https:\/\/www.inmsol.com\/es\/wp-json\/wp\/v2\/categories?post=44416"},{"taxonomy":"post_tag","embeddable":true,"href":"https:\/\/www.inmsol.com\/es\/wp-json\/wp\/v2\/tags?post=44416"}],"curies":[{"name":"wp","href":"https:\/\/api.w.org\/{rel}","templated":true}]}}