{"id":45461,"date":"2019-08-13T12:40:46","date_gmt":"2019-08-13T10:40:46","guid":{"rendered":"https:\/\/www.inmsol.com\/blog-escuela\/martes-13-un-dia-de-mala-suerte\/"},"modified":"2019-08-16T13:20:07","modified_gmt":"2019-08-16T11:20:07","slug":"martes-13-un-dia-de-mala-suerte","status":"publish","type":"post","link":"https:\/\/www.inmsol.com\/es\/blog-escuela\/cultura-literatura-historia-espana-es\/martes-13-un-dia-de-mala-suerte\/","title":{"rendered":"Martes 13: \u00bfun d\u00eda de mala suerte?"},"content":{"rendered":"<p><em>En martes, ni te cases, ni te embarques, ni de tu casa te apartes<\/em>.<\/p>\n<p>Este antiguo refr\u00e1n espa\u00f1ol refleja en parte una superstici\u00f3n t\u00edpica de Espa\u00f1a y los pa\u00edses hispanos (Cuba, Uruguay, Paraguay, Argentina, Chile, Per\u00fa, Venezuela, M\u00e9xico, Colombia, Ecuador), o sea considerar el martes 13 como un d\u00eda de mala suerte, gafe y desgracias.<\/p>\n<p>En las culturas anglosajonas se ha trasladado al viernes 13, mientras que en Italia el d\u00eda de mal augurio es el viernes 17.<\/p>\n<p>La asociaci\u00f3n del martes con la mala suerte nace del hecho de que Marte era el Dios romano de la guerra, y por eso el planeta hom\u00f3nimo se considera tierra de la destrucci\u00f3n, sangre y violencia.<\/p>\n<p>Por lo que concierne al n\u00famero trece, hay diferentes razones por las que se relaciona con la mala suerte. De hecho se trata de un n\u00famero que aparece en leyendas y eventos tr\u00e1gicos.<\/p>\n<p>Por ejemplo, las personas presentes en la \u00faltima cena eran trece (doce ap\u00f3stoles m\u00e1s Jes\u00fas). Tambi\u00e9n eran trece los esp\u00edritus malignos seg\u00fan la Kabbalah jud\u00eda y fue en el cap\u00edtulo trece del Apocalipsis donde lleg\u00f3 el anticristo. Adem\u00e1s en el tarot, la carta asociada a la muerte lleva el n\u00famero 13. Finalmente, una leyenda dice que un martes 13 se produjo la confusi\u00f3n de lenguas en la Torre de Babel.<\/p>\n<p>Sin embargo, el momento en que el martes 13 se convirti\u00f3 en el d\u00eda de la mala suerte fue probablemente a partir de la ca\u00edda del Imperio Romano en Constantinopla en mayo de 1453, un evento funesto para los cristianos, que ocurri\u00f3 justo el martes 13.<\/p>\n<p>A pesar de todos los elementos negativos relacionados con esta fecha, para algunos este ser\u00eda un d\u00eda de buena suerte, y durante ese d\u00eda apuestan por ese n\u00famero en los juegos de azar.<\/p>\n<p>Por cierto, en esta jornada tambi\u00e9n ocurrieron sucesos positivos.<\/p>\n<p><a href=\"https:\/\/www.inmsol.com\/wp-content\/uploads\/2019\/08\/Martes-13-II.png\"><img fetchpriority=\"high\" decoding=\"async\" class=\"aligncenter wp-image-45458 size-full\" title=\"Martes 13\" src=\"https:\/\/www.inmsol.com\/wp-content\/uploads\/2019\/08\/Martes-13-II.png\" alt=\"Martes 13\" width=\"1000\" height=\"580\" srcset=\"https:\/\/www.inmsol.com\/wp-content\/uploads\/2019\/08\/Martes-13-II.png 1000w, https:\/\/www.inmsol.com\/wp-content\/uploads\/2019\/08\/Martes-13-II-800x464.png 800w, https:\/\/www.inmsol.com\/wp-content\/uploads\/2019\/08\/Martes-13-II-64x37.png 64w, https:\/\/www.inmsol.com\/wp-content\/uploads\/2019\/08\/Martes-13-II-460x267.png 460w, https:\/\/www.inmsol.com\/wp-content\/uploads\/2019\/08\/Martes-13-II-768x445.png 768w, https:\/\/www.inmsol.com\/wp-content\/uploads\/2019\/08\/Martes-13-II-250x145.png 250w, https:\/\/www.inmsol.com\/wp-content\/uploads\/2019\/08\/Martes-13-II-600x348.png 600w\" sizes=\"(max-width: 1000px) 100vw, 1000px\" \/><\/a><\/p>\n<p>Por ejemplo, hace dos a\u00f1os el telescopio Hubble observ\u00f3 el renacer de las estrellas en un flash, proporcionando una visi\u00f3n m\u00e1s profunda de la evoluci\u00f3n de las estrellas centrales de nebulosas planetarias.<\/p>\n<p>El martes 13 de 2016 tambi\u00e9n se logr\u00f3 tener bajo control la fiebre amarilla que en Angola y la R.D. hab\u00eda causado m\u00e1s de 200 muertes.<\/p>\n<p>Por \u00faltimo, este d\u00eda el l\u00edder de las FARC Rodrigo Londo\u00f1o Echeverri \u00abTimochenko\u00bb lleg\u00f3 a Colombia y alcanz\u00f3 un acuerdo de paz con el Gobierno, lo que signific\u00f3 una hist\u00f3rica paz en el pa\u00eds.<\/p>\n<p>Entonces hoy tambi\u00e9n podr\u00eda ocurrirnos algo genial, contra todo pron\u00f3stico. La suerte siempre es imprevisible y nos sorprende en los momentos m\u00e1s inesperados.<\/p>\n<p>\u00a1iNMSOL os desea un d\u00eda de buenas noticias y acontecimientos fant\u00e1sticos!<\/p>\n","protected":false},"excerpt":{"rendered":"<p>En martes, ni te cases, ni te embarques, ni de tu casa te apartes. Este antiguo refr\u00e1n espa\u00f1ol refleja en parte una superstici\u00f3n t\u00edpica de Espa\u00f1a y los pa\u00edses hispanos (Cuba, Uruguay, Paraguay, Argentina, Chile, Per\u00fa, Venezuela, M\u00e9xico, Colombia, Ecuador), o sea considerar el martes&#8230;<\/p>\n","protected":false},"author":3,"featured_media":45451,"comment_status":"closed","ping_status":"closed","sticky":false,"template":"","format":"standard","meta":{"_acf_changed":false,"footnotes":""},"categories":[83],"tags":[],"class_list":["post-45461","post","type-post","status-publish","format-standard","has-post-thumbnail","hentry","category-cultura-literatura-historia-espana-es"],"acf":[],"yoast_head":"<!-- This site is optimized with the Yoast SEO plugin v27.5 - https:\/\/yoast.com\/product\/yoast-seo-wordpress\/ -->\n<title>Martes 13: \u00bfun d\u00eda de mala suerte? Martes 13<\/title>\n<meta name=\"description\" content=\"Espa\u00f1a y los pa\u00edses hispanos consideran el martes 13 como un d\u00eda de mala suerte. Todo empez\u00f3 con la ca\u00edda del Imperio Romano en Constantinopla.\" \/>\n<meta name=\"robots\" content=\"index, follow, max-snippet:-1, max-image-preview:large, max-video-preview:-1\" \/>\n<link rel=\"canonical\" href=\"https:\/\/www.inmsol.com\/es\/blog-escuela\/cultura-literatura-historia-espana-es\/martes-13-un-dia-de-mala-suerte\/\" \/>\n<meta property=\"og:locale\" content=\"es_ES\" \/>\n<meta property=\"og:type\" content=\"article\" \/>\n<meta property=\"og:title\" content=\"Martes 13: \u00bfun d\u00eda de mala suerte? Martes 13\" \/>\n<meta property=\"og:description\" content=\"Espa\u00f1a y los pa\u00edses hispanos consideran el martes 13 como un d\u00eda de mala suerte. Todo empez\u00f3 con la ca\u00edda del Imperio Romano en Constantinopla.\" \/>\n<meta property=\"og:url\" content=\"https:\/\/www.inmsol.com\/es\/blog-escuela\/cultura-literatura-historia-espana-es\/martes-13-un-dia-de-mala-suerte\/\" \/>\n<meta property=\"og:site_name\" content=\"iNMSOL\" \/>\n<meta property=\"article:publisher\" content=\"https:\/\/www.facebook.com\/spanishcourses\" \/>\n<meta property=\"article:published_time\" content=\"2019-08-13T10:40:46+00:00\" \/>\n<meta property=\"article:modified_time\" content=\"2019-08-16T11:20:07+00:00\" \/>\n<meta property=\"og:image\" content=\"https:\/\/www.inmsol.com\/wp-content\/uploads\/2019\/08\/Martes-13.jpg\" \/>\n\t<meta property=\"og:image:width\" content=\"1000\" \/>\n\t<meta property=\"og:image:height\" content=\"559\" \/>\n\t<meta property=\"og:image:type\" content=\"image\/jpeg\" \/>\n<meta name=\"author\" content=\"- Instituto Mediterr\u00e1neo Sol\" \/>\n<meta name=\"twitter:label1\" content=\"Escrito por\" \/>\n\t<meta name=\"twitter:data1\" content=\"- Instituto Mediterr\u00e1neo Sol\" \/>\n\t<meta name=\"twitter:label2\" content=\"Tiempo de lectura\" \/>\n\t<meta name=\"twitter:data2\" content=\"2 minutos\" \/>\n<script type=\"application\/ld+json\" class=\"yoast-schema-graph\">{\"@context\":\"https:\\\/\\\/schema.org\",\"@graph\":[{\"@type\":\"Article\",\"@id\":\"https:\\\/\\\/www.inmsol.com\\\/es\\\/blog-escuela\\\/cultura-literatura-historia-espana-es\\\/martes-13-un-dia-de-mala-suerte\\\/#article\",\"isPartOf\":{\"@id\":\"https:\\\/\\\/www.inmsol.com\\\/es\\\/blog-escuela\\\/cultura-literatura-historia-espana-es\\\/martes-13-un-dia-de-mala-suerte\\\/\"},\"author\":{\"name\":\"- Instituto Mediterr\u00e1neo Sol\",\"@id\":\"https:\\\/\\\/www.inmsol.com\\\/es\\\/#\\\/schema\\\/person\\\/94a7a01d14a56d1fbc49c841ffc57fe9\"},\"headline\":\"Martes 13: \u00bfun d\u00eda de mala suerte?\",\"datePublished\":\"2019-08-13T10:40:46+00:00\",\"dateModified\":\"2019-08-16T11:20:07+00:00\",\"mainEntityOfPage\":{\"@id\":\"https:\\\/\\\/www.inmsol.com\\\/es\\\/blog-escuela\\\/cultura-literatura-historia-espana-es\\\/martes-13-un-dia-de-mala-suerte\\\/\"},\"wordCount\":479,\"publisher\":{\"@id\":\"https:\\\/\\\/www.inmsol.com\\\/es\\\/#organization\"},\"image\":{\"@id\":\"https:\\\/\\\/www.inmsol.com\\\/es\\\/blog-escuela\\\/cultura-literatura-historia-espana-es\\\/martes-13-un-dia-de-mala-suerte\\\/#primaryimage\"},\"thumbnailUrl\":\"https:\\\/\\\/www.inmsol.com\\\/wp-content\\\/uploads\\\/2019\\\/08\\\/Martes-13.jpg\",\"articleSection\":[\"Cultura, Literatura e Historia de Espa\u00f1a e Hispanoam\u00e9rica\"],\"inLanguage\":\"es\"},{\"@type\":\"WebPage\",\"@id\":\"https:\\\/\\\/www.inmsol.com\\\/es\\\/blog-escuela\\\/cultura-literatura-historia-espana-es\\\/martes-13-un-dia-de-mala-suerte\\\/\",\"url\":\"https:\\\/\\\/www.inmsol.com\\\/es\\\/blog-escuela\\\/cultura-literatura-historia-espana-es\\\/martes-13-un-dia-de-mala-suerte\\\/\",\"name\":\"Martes 13: \u00bfun d\u00eda de mala suerte? Martes 13\",\"isPartOf\":{\"@id\":\"https:\\\/\\\/www.inmsol.com\\\/es\\\/#website\"},\"primaryImageOfPage\":{\"@id\":\"https:\\\/\\\/www.inmsol.com\\\/es\\\/blog-escuela\\\/cultura-literatura-historia-espana-es\\\/martes-13-un-dia-de-mala-suerte\\\/#primaryimage\"},\"image\":{\"@id\":\"https:\\\/\\\/www.inmsol.com\\\/es\\\/blog-escuela\\\/cultura-literatura-historia-espana-es\\\/martes-13-un-dia-de-mala-suerte\\\/#primaryimage\"},\"thumbnailUrl\":\"https:\\\/\\\/www.inmsol.com\\\/wp-content\\\/uploads\\\/2019\\\/08\\\/Martes-13.jpg\",\"datePublished\":\"2019-08-13T10:40:46+00:00\",\"dateModified\":\"2019-08-16T11:20:07+00:00\",\"description\":\"Espa\u00f1a y los pa\u00edses hispanos consideran el martes 13 como un d\u00eda de mala suerte. Todo empez\u00f3 con la ca\u00edda del Imperio Romano en Constantinopla.\",\"breadcrumb\":{\"@id\":\"https:\\\/\\\/www.inmsol.com\\\/es\\\/blog-escuela\\\/cultura-literatura-historia-espana-es\\\/martes-13-un-dia-de-mala-suerte\\\/#breadcrumb\"},\"inLanguage\":\"es\",\"potentialAction\":[{\"@type\":\"ReadAction\",\"target\":[\"https:\\\/\\\/www.inmsol.com\\\/es\\\/blog-escuela\\\/cultura-literatura-historia-espana-es\\\/martes-13-un-dia-de-mala-suerte\\\/\"]}]},{\"@type\":\"ImageObject\",\"inLanguage\":\"es\",\"@id\":\"https:\\\/\\\/www.inmsol.com\\\/es\\\/blog-escuela\\\/cultura-literatura-historia-espana-es\\\/martes-13-un-dia-de-mala-suerte\\\/#primaryimage\",\"url\":\"https:\\\/\\\/www.inmsol.com\\\/wp-content\\\/uploads\\\/2019\\\/08\\\/Martes-13.jpg\",\"contentUrl\":\"https:\\\/\\\/www.inmsol.com\\\/wp-content\\\/uploads\\\/2019\\\/08\\\/Martes-13.jpg\",\"width\":1000,\"height\":559},{\"@type\":\"BreadcrumbList\",\"@id\":\"https:\\\/\\\/www.inmsol.com\\\/es\\\/blog-escuela\\\/cultura-literatura-historia-espana-es\\\/martes-13-un-dia-de-mala-suerte\\\/#breadcrumb\",\"itemListElement\":[{\"@type\":\"ListItem\",\"position\":1,\"name\":\"Accredited Center by Instituto Cervantes\",\"item\":\"https:\\\/\\\/www.inmsol.com\\\/es\\\/pagina-ejemplo\\\/\"},{\"@type\":\"ListItem\",\"position\":2,\"name\":\"Blog Escuela Espa\u00f1ol\",\"item\":\"https:\\\/\\\/www.inmsol.com\\\/es\\\/category\\\/blog-escuela\\\/\"},{\"@type\":\"ListItem\",\"position\":3,\"name\":\"Cultura, Literatura e Historia de Espa\u00f1a e Hispanoam\u00e9rica\",\"item\":\"https:\\\/\\\/www.inmsol.com\\\/es\\\/category\\\/blog-escuela\\\/cultura-literatura-historia-espana-es\\\/\"},{\"@type\":\"ListItem\",\"position\":4,\"name\":\"Martes 13: \u00bfun d\u00eda de mala suerte?\"}]},{\"@type\":\"WebSite\",\"@id\":\"https:\\\/\\\/www.inmsol.com\\\/es\\\/#website\",\"url\":\"https:\\\/\\\/www.inmsol.com\\\/es\\\/\",\"name\":\"iNMSOL\",\"description\":\"Aprenda Espa\u00f1ol con iNMSOL en Granada | Centro Acreditado por el Instituto Cervantes\",\"publisher\":{\"@id\":\"https:\\\/\\\/www.inmsol.com\\\/es\\\/#organization\"},\"potentialAction\":[{\"@type\":\"SearchAction\",\"target\":{\"@type\":\"EntryPoint\",\"urlTemplate\":\"https:\\\/\\\/www.inmsol.com\\\/es\\\/?s={search_term_string}\"},\"query-input\":{\"@type\":\"PropertyValueSpecification\",\"valueRequired\":true,\"valueName\":\"search_term_string\"}}],\"inLanguage\":\"es\"},{\"@type\":\"Organization\",\"@id\":\"https:\\\/\\\/www.inmsol.com\\\/es\\\/#organization\",\"name\":\"Instituto Mediterr\u00e1neo Sol\",\"url\":\"https:\\\/\\\/www.inmsol.com\\\/es\\\/\",\"logo\":{\"@type\":\"ImageObject\",\"inLanguage\":\"es\",\"@id\":\"https:\\\/\\\/www.inmsol.com\\\/es\\\/#\\\/schema\\\/logo\\\/image\\\/\",\"url\":\"https:\\\/\\\/www.inmsol.com\\\/wp-content\\\/uploads\\\/2023\\\/06\\\/logo-inmsol-1.png\",\"contentUrl\":\"https:\\\/\\\/www.inmsol.com\\\/wp-content\\\/uploads\\\/2023\\\/06\\\/logo-inmsol-1.png\",\"width\":136,\"height\":73,\"caption\":\"Instituto Mediterr\u00e1neo Sol\"},\"image\":{\"@id\":\"https:\\\/\\\/www.inmsol.com\\\/es\\\/#\\\/schema\\\/logo\\\/image\\\/\"},\"sameAs\":[\"https:\\\/\\\/www.facebook.com\\\/spanishcourses\",\"https:\\\/\\\/x.com\\\/StudyInGranada\",\"http:\\\/\\\/instagram.com\\\/imsolgranada\",\"https:\\\/\\\/es.linkedin.com\\\/company\\\/imsol-granada\",\"https:\\\/\\\/www.pinterest.es\\\/inmsol\\\/\",\"https:\\\/\\\/www.youtube.com\\\/channel\\\/UChz-Qn_7coFMosY85iYMO4g\"]},{\"@type\":\"Person\",\"@id\":\"https:\\\/\\\/www.inmsol.com\\\/es\\\/#\\\/schema\\\/person\\\/94a7a01d14a56d1fbc49c841ffc57fe9\",\"name\":\"- Instituto Mediterr\u00e1neo Sol\",\"image\":{\"@type\":\"ImageObject\",\"inLanguage\":\"es\",\"@id\":\"https:\\\/\\\/secure.gravatar.com\\\/avatar\\\/5607fdabdf1b548b6095cc3d43079829bc1497403e70dd34004e7204a8fef62b?s=96&d=mm&r=g\",\"url\":\"https:\\\/\\\/secure.gravatar.com\\\/avatar\\\/5607fdabdf1b548b6095cc3d43079829bc1497403e70dd34004e7204a8fef62b?s=96&d=mm&r=g\",\"contentUrl\":\"https:\\\/\\\/secure.gravatar.com\\\/avatar\\\/5607fdabdf1b548b6095cc3d43079829bc1497403e70dd34004e7204a8fef62b?s=96&d=mm&r=g\",\"caption\":\"- Instituto Mediterr\u00e1neo Sol\"},\"url\":\"https:\\\/\\\/www.inmsol.com\\\/es\\\/author\\\/laura\\\/\"}]}<\/script>\n<!-- \/ Yoast SEO plugin. -->","yoast_head_json":{"title":"Martes 13: \u00bfun d\u00eda de mala suerte? Martes 13","description":"Espa\u00f1a y los pa\u00edses hispanos consideran el martes 13 como un d\u00eda de mala suerte. Todo empez\u00f3 con la ca\u00edda del Imperio Romano en Constantinopla.","robots":{"index":"index","follow":"follow","max-snippet":"max-snippet:-1","max-image-preview":"max-image-preview:large","max-video-preview":"max-video-preview:-1"},"canonical":"https:\/\/www.inmsol.com\/es\/blog-escuela\/cultura-literatura-historia-espana-es\/martes-13-un-dia-de-mala-suerte\/","og_locale":"es_ES","og_type":"article","og_title":"Martes 13: \u00bfun d\u00eda de mala suerte? Martes 13","og_description":"Espa\u00f1a y los pa\u00edses hispanos consideran el martes 13 como un d\u00eda de mala suerte. Todo empez\u00f3 con la ca\u00edda del Imperio Romano en Constantinopla.","og_url":"https:\/\/www.inmsol.com\/es\/blog-escuela\/cultura-literatura-historia-espana-es\/martes-13-un-dia-de-mala-suerte\/","og_site_name":"iNMSOL","article_publisher":"https:\/\/www.facebook.com\/spanishcourses","article_published_time":"2019-08-13T10:40:46+00:00","article_modified_time":"2019-08-16T11:20:07+00:00","og_image":[{"width":1000,"height":559,"url":"https:\/\/www.inmsol.com\/wp-content\/uploads\/2019\/08\/Martes-13.jpg","type":"image\/jpeg"}],"author":"- Instituto Mediterr\u00e1neo Sol","twitter_misc":{"Escrito por":"- Instituto Mediterr\u00e1neo Sol","Tiempo de lectura":"2 minutos"},"schema":{"@context":"https:\/\/schema.org","@graph":[{"@type":"Article","@id":"https:\/\/www.inmsol.com\/es\/blog-escuela\/cultura-literatura-historia-espana-es\/martes-13-un-dia-de-mala-suerte\/#article","isPartOf":{"@id":"https:\/\/www.inmsol.com\/es\/blog-escuela\/cultura-literatura-historia-espana-es\/martes-13-un-dia-de-mala-suerte\/"},"author":{"name":"- Instituto Mediterr\u00e1neo Sol","@id":"https:\/\/www.inmsol.com\/es\/#\/schema\/person\/94a7a01d14a56d1fbc49c841ffc57fe9"},"headline":"Martes 13: \u00bfun d\u00eda de mala suerte?","datePublished":"2019-08-13T10:40:46+00:00","dateModified":"2019-08-16T11:20:07+00:00","mainEntityOfPage":{"@id":"https:\/\/www.inmsol.com\/es\/blog-escuela\/cultura-literatura-historia-espana-es\/martes-13-un-dia-de-mala-suerte\/"},"wordCount":479,"publisher":{"@id":"https:\/\/www.inmsol.com\/es\/#organization"},"image":{"@id":"https:\/\/www.inmsol.com\/es\/blog-escuela\/cultura-literatura-historia-espana-es\/martes-13-un-dia-de-mala-suerte\/#primaryimage"},"thumbnailUrl":"https:\/\/www.inmsol.com\/wp-content\/uploads\/2019\/08\/Martes-13.jpg","articleSection":["Cultura, Literatura e Historia de Espa\u00f1a e Hispanoam\u00e9rica"],"inLanguage":"es"},{"@type":"WebPage","@id":"https:\/\/www.inmsol.com\/es\/blog-escuela\/cultura-literatura-historia-espana-es\/martes-13-un-dia-de-mala-suerte\/","url":"https:\/\/www.inmsol.com\/es\/blog-escuela\/cultura-literatura-historia-espana-es\/martes-13-un-dia-de-mala-suerte\/","name":"Martes 13: \u00bfun d\u00eda de mala suerte? Martes 13","isPartOf":{"@id":"https:\/\/www.inmsol.com\/es\/#website"},"primaryImageOfPage":{"@id":"https:\/\/www.inmsol.com\/es\/blog-escuela\/cultura-literatura-historia-espana-es\/martes-13-un-dia-de-mala-suerte\/#primaryimage"},"image":{"@id":"https:\/\/www.inmsol.com\/es\/blog-escuela\/cultura-literatura-historia-espana-es\/martes-13-un-dia-de-mala-suerte\/#primaryimage"},"thumbnailUrl":"https:\/\/www.inmsol.com\/wp-content\/uploads\/2019\/08\/Martes-13.jpg","datePublished":"2019-08-13T10:40:46+00:00","dateModified":"2019-08-16T11:20:07+00:00","description":"Espa\u00f1a y los pa\u00edses hispanos consideran el martes 13 como un d\u00eda de mala suerte. Todo empez\u00f3 con la ca\u00edda del Imperio Romano en Constantinopla.","breadcrumb":{"@id":"https:\/\/www.inmsol.com\/es\/blog-escuela\/cultura-literatura-historia-espana-es\/martes-13-un-dia-de-mala-suerte\/#breadcrumb"},"inLanguage":"es","potentialAction":[{"@type":"ReadAction","target":["https:\/\/www.inmsol.com\/es\/blog-escuela\/cultura-literatura-historia-espana-es\/martes-13-un-dia-de-mala-suerte\/"]}]},{"@type":"ImageObject","inLanguage":"es","@id":"https:\/\/www.inmsol.com\/es\/blog-escuela\/cultura-literatura-historia-espana-es\/martes-13-un-dia-de-mala-suerte\/#primaryimage","url":"https:\/\/www.inmsol.com\/wp-content\/uploads\/2019\/08\/Martes-13.jpg","contentUrl":"https:\/\/www.inmsol.com\/wp-content\/uploads\/2019\/08\/Martes-13.jpg","width":1000,"height":559},{"@type":"BreadcrumbList","@id":"https:\/\/www.inmsol.com\/es\/blog-escuela\/cultura-literatura-historia-espana-es\/martes-13-un-dia-de-mala-suerte\/#breadcrumb","itemListElement":[{"@type":"ListItem","position":1,"name":"Accredited Center by Instituto Cervantes","item":"https:\/\/www.inmsol.com\/es\/pagina-ejemplo\/"},{"@type":"ListItem","position":2,"name":"Blog Escuela Espa\u00f1ol","item":"https:\/\/www.inmsol.com\/es\/category\/blog-escuela\/"},{"@type":"ListItem","position":3,"name":"Cultura, Literatura e Historia de Espa\u00f1a e Hispanoam\u00e9rica","item":"https:\/\/www.inmsol.com\/es\/category\/blog-escuela\/cultura-literatura-historia-espana-es\/"},{"@type":"ListItem","position":4,"name":"Martes 13: \u00bfun d\u00eda de mala suerte?"}]},{"@type":"WebSite","@id":"https:\/\/www.inmsol.com\/es\/#website","url":"https:\/\/www.inmsol.com\/es\/","name":"iNMSOL","description":"Aprenda Espa\u00f1ol con iNMSOL en Granada | Centro Acreditado por el Instituto Cervantes","publisher":{"@id":"https:\/\/www.inmsol.com\/es\/#organization"},"potentialAction":[{"@type":"SearchAction","target":{"@type":"EntryPoint","urlTemplate":"https:\/\/www.inmsol.com\/es\/?s={search_term_string}"},"query-input":{"@type":"PropertyValueSpecification","valueRequired":true,"valueName":"search_term_string"}}],"inLanguage":"es"},{"@type":"Organization","@id":"https:\/\/www.inmsol.com\/es\/#organization","name":"Instituto Mediterr\u00e1neo Sol","url":"https:\/\/www.inmsol.com\/es\/","logo":{"@type":"ImageObject","inLanguage":"es","@id":"https:\/\/www.inmsol.com\/es\/#\/schema\/logo\/image\/","url":"https:\/\/www.inmsol.com\/wp-content\/uploads\/2023\/06\/logo-inmsol-1.png","contentUrl":"https:\/\/www.inmsol.com\/wp-content\/uploads\/2023\/06\/logo-inmsol-1.png","width":136,"height":73,"caption":"Instituto Mediterr\u00e1neo Sol"},"image":{"@id":"https:\/\/www.inmsol.com\/es\/#\/schema\/logo\/image\/"},"sameAs":["https:\/\/www.facebook.com\/spanishcourses","https:\/\/x.com\/StudyInGranada","http:\/\/instagram.com\/imsolgranada","https:\/\/es.linkedin.com\/company\/imsol-granada","https:\/\/www.pinterest.es\/inmsol\/","https:\/\/www.youtube.com\/channel\/UChz-Qn_7coFMosY85iYMO4g"]},{"@type":"Person","@id":"https:\/\/www.inmsol.com\/es\/#\/schema\/person\/94a7a01d14a56d1fbc49c841ffc57fe9","name":"- Instituto Mediterr\u00e1neo Sol","image":{"@type":"ImageObject","inLanguage":"es","@id":"https:\/\/secure.gravatar.com\/avatar\/5607fdabdf1b548b6095cc3d43079829bc1497403e70dd34004e7204a8fef62b?s=96&d=mm&r=g","url":"https:\/\/secure.gravatar.com\/avatar\/5607fdabdf1b548b6095cc3d43079829bc1497403e70dd34004e7204a8fef62b?s=96&d=mm&r=g","contentUrl":"https:\/\/secure.gravatar.com\/avatar\/5607fdabdf1b548b6095cc3d43079829bc1497403e70dd34004e7204a8fef62b?s=96&d=mm&r=g","caption":"- Instituto Mediterr\u00e1neo Sol"},"url":"https:\/\/www.inmsol.com\/es\/author\/laura\/"}]}},"_links":{"self":[{"href":"https:\/\/www.inmsol.com\/es\/wp-json\/wp\/v2\/posts\/45461","targetHints":{"allow":["GET"]}}],"collection":[{"href":"https:\/\/www.inmsol.com\/es\/wp-json\/wp\/v2\/posts"}],"about":[{"href":"https:\/\/www.inmsol.com\/es\/wp-json\/wp\/v2\/types\/post"}],"author":[{"embeddable":true,"href":"https:\/\/www.inmsol.com\/es\/wp-json\/wp\/v2\/users\/3"}],"replies":[{"embeddable":true,"href":"https:\/\/www.inmsol.com\/es\/wp-json\/wp\/v2\/comments?post=45461"}],"version-history":[{"count":0,"href":"https:\/\/www.inmsol.com\/es\/wp-json\/wp\/v2\/posts\/45461\/revisions"}],"wp:featuredmedia":[{"embeddable":true,"href":"https:\/\/www.inmsol.com\/es\/wp-json\/wp\/v2\/media\/45451"}],"wp:attachment":[{"href":"https:\/\/www.inmsol.com\/es\/wp-json\/wp\/v2\/media?parent=45461"}],"wp:term":[{"taxonomy":"category","embeddable":true,"href":"https:\/\/www.inmsol.com\/es\/wp-json\/wp\/v2\/categories?post=45461"},{"taxonomy":"post_tag","embeddable":true,"href":"https:\/\/www.inmsol.com\/es\/wp-json\/wp\/v2\/tags?post=45461"}],"curies":[{"name":"wp","href":"https:\/\/api.w.org\/{rel}","templated":true}]}}