{"id":49905,"date":"2020-03-06T20:33:12","date_gmt":"2020-03-06T19:33:12","guid":{"rendered":"https:\/\/www.inmsol.com\/?p=49905"},"modified":"2026-04-21T14:30:33","modified_gmt":"2026-04-21T12:30:33","slug":"exposicion-picasso-viaje-guernica-paseo-salon-granada","status":"publish","type":"post","link":"https:\/\/www.inmsol.com\/es\/blog-escuela\/exposicion-picasso-viaje-guernica-paseo-salon-granada\/","title":{"rendered":"\u2018Picasso y el viaje de El Guernica\u2019 en Granada!"},"content":{"rendered":"<p><strong>\u2018Picasso y el viaje de El Guernica\u2019<\/strong> es un nuevo proyecto <strong>impulsado <\/strong>por<strong> <a title=\"Portal Web de La Caixa\" href=\"https:\/\/www.caixabank.es\/index_es.html\" target=\"_blank\" rel=\"noopener noreferrer\">La Caixa <\/a><\/strong>y el<strong> <a title=\"Portal Web Centro de Arte Reina Sofia\" href=\"https:\/\/www.museoreinasofia.es\/\" target=\"_blank\" rel=\"noopener noreferrer\">Centro de Arte Reina Sof\u00eda.<\/a><\/strong> Disponible hasta el 20 de marzo 2020 en<strong> Paseo del Sal\u00f3n,<\/strong> se trata de una exposici\u00f3n centrada en los grandes <strong>creadores visuales<\/strong> del <strong>siglo XX<\/strong>.<\/p>\n<p>La muestra propone <strong>un recorrido hist\u00f3rico <\/strong>por esta emblem\u00e1tica obra del pintor malague\u00f1o <strong><a title=\"Biograf\u00eda de Pablo Picasso\" href=\"https:\/\/es.wikipedia.org\/wiki\/Pablo_Picasso\" target=\"_blank\" rel=\"noopener noreferrer\">Pablo Picasso<\/a><\/strong>. Viajar\u00e1s desde su creaci\u00f3n en Par\u00eds en 1937 hasta su llegada al Reina Sof\u00eda en 1992. Asimismo, descubrir\u00e9is el contexto hist\u00f3rico de la \u00e9poca, las claves para entender su importancia y el significado de <a title=\"Conoce la historia de El Guernica\" href=\"https:\/\/www.museoreinasofia.es\/coleccion\/obra\/guernica\" target=\"_blank\" rel=\"noopener noreferrer\"><strong>El Guernica<\/strong><\/a>.<\/p>\n<p>&nbsp;<\/p>\n<p><a href=\"https:\/\/www.inmsol.com\/wp-content\/uploads\/2020\/03\/exposicion-picasso-viaje-guernica-granada.jpg\" target=\"_blank\" rel=\"noopener\"><img fetchpriority=\"high\" decoding=\"async\" class=\"aligncenter wp-image-49909 \" title=\"Exposici\u00f3n \u2018Picasso y el viaje de El Guernica\u2019\" src=\"https:\/\/www.inmsol.com\/wp-content\/uploads\/2020\/03\/exposicion-picasso-viaje-guernica-granada.jpg\" alt=\"Exposici\u00f3n \u2018Picasso y el viaje de El Guernica\u2019\" width=\"956\" height=\"502\" srcset=\"https:\/\/www.inmsol.com\/wp-content\/uploads\/2020\/03\/exposicion-picasso-viaje-guernica-granada.jpg 800w, https:\/\/www.inmsol.com\/wp-content\/uploads\/2020\/03\/exposicion-picasso-viaje-guernica-granada-64x34.jpg 64w, https:\/\/www.inmsol.com\/wp-content\/uploads\/2020\/03\/exposicion-picasso-viaje-guernica-granada-600x315.jpg 600w, https:\/\/www.inmsol.com\/wp-content\/uploads\/2020\/03\/exposicion-picasso-viaje-guernica-granada-460x242.jpg 460w, https:\/\/www.inmsol.com\/wp-content\/uploads\/2020\/03\/exposicion-picasso-viaje-guernica-granada-768x403.jpg 768w, https:\/\/www.inmsol.com\/wp-content\/uploads\/2020\/03\/exposicion-picasso-viaje-guernica-granada-250x131.jpg 250w\" sizes=\"(max-width: 956px) 100vw, 956px\" \/><\/a><\/p>\n<p style=\"text-align: left;\">Desde <a title=\"Instituto Mediterr\u00e1neo Sol | Escuela de espa\u00f1ol en Granada | Centro Acreditado del Instituto Cervantes\" href=\"https:\/\/www.inmsol.com\/es\/\" target=\"_blank\" rel=\"noopener noreferrer\"><strong>iNMSOL<\/strong><\/a> os animamos a disfrutar de una exposici\u00f3n de esta obra que es parte de la historia de Espa\u00f1a.<\/p>\n<h2>Descubriendo los secretos del Guernica en Granada<\/h2>\n<p>El proyecto expositivo incluye <strong>audiovisuales, reproducciones fotogr\u00e1ficas y carteles de la \u00e9poca<\/strong>.<\/p>\n<p>Igualmente, exhibe <strong>reproducciones de documentos y dibujos<\/strong> que explican la historia de su creaci\u00f3n y los viajes de esta obra. Tambi\u00e9n se exhiben las <strong>fotograf\u00edas <\/strong>que<strong> Dora Maar<\/strong>, su pareja en aquella \u00e9poca, tom\u00f3 mientras Picasso pintaba<strong> El Guernica<\/strong>.<\/p>\n<p>La exposici\u00f3n se divide en<strong> cinco \u00e1mbitos <\/strong>que repasan el<strong> camino<\/strong> de la obra en sus distintas<strong> fases<\/strong>. Adem\u00e1s, se relatan momentos importantes de la vida del artista que fueron determinantes en la creaci\u00f3n del cuadro.<\/p>\n<p>Varias de las piezas audiovisuales producidas por <strong>La Caixa<\/strong> ayudan a entender la historia de El Guernica y su influencia.<\/p>\n<p>Para la exposici\u00f3n se ha contado con <strong>un espacio especial <\/strong>e<strong> innovador: <\/strong>la<strong> UD 100<\/strong>. Este sistema convierte el <strong>trailer <\/strong>de un cami\u00f3n en un espacio expositivo de<strong> 100 metros cuadrados libres<\/strong>. Adem\u00e1s, cuenta con <strong>una altura en su parte central de 5,5 metros<\/strong>.<\/p>\n<p>Asimismo, presenta una <strong>unidad desplegable<\/strong> para obtener un espacio adicional <strong>que puede incluir exposiciones de hasta 200 metros cuadrados<\/strong>.<\/p>\n<p>&nbsp;<\/p>\n<h3>Visitas guiadas a \u2018Picasso y el viaje de El Guernica\u2019 para completar la experiencia<\/h3>\n<p>El <strong>horario de visitas<\/strong> a la exposici\u00f3n \u2018Picasso y el viaje de El Guernica\u2019 del Paseo del Sal\u00f3n de Granada es:<\/p>\n<ul>\n<li>De <strong>lunes a viernes<\/strong> de 12:30 a 14:00 y de 17:00 a 21:00 horas.<\/li>\n<li><strong>S\u00e1bados, domingos y festivos<\/strong> de 11:00 a 14:00 y de 17:00 a 21:00 horas.<\/li>\n<\/ul>\n<p>Para tener una experiencia completa de la exposici\u00f3n, tambi\u00e9n ten\u00e9is la oportunidad de hacerlo a trav\u00e9s de <strong>visitas guiadas<\/strong>:<\/p>\n<ul>\n<li><strong>Visitas guiadas para el p\u00fablico general &gt;&gt;<\/strong> De lunes a domingo, pases cada 30 minutos (\u00faltimo pase 30 minutos antes del cierre): ma\u00f1anas de 12:30 a 14:00 horas y tardes de 17:00 a 21:00 horas.<\/li>\n<li><strong>Visitas para grupos escolares y otros colectivos &gt;&gt;<\/strong> De lunes a viernes, de 9:30 a 13:30 horas y de 15:00 a 17:00 horas, con cita previa llamando al 900 801 137.<\/li>\n<\/ul>\n<blockquote>\n<p style=\"text-align: center;\"><strong>Descargar folleto &gt;&gt;<\/strong> <a title=\"Clica para descargar el folleto de la exposici\u00f3n \u2018Picasso y el viaje de El Guernica\u2019 en el Paseo del Sal\u00f3n de Granada\" href=\"https:\/\/www.laguiago.com\/wp-content\/uploads\/2020\/01\/Exposici%C3%B3n-%E2%80%98Picasso-el-viaje-del-Guernica%E2%80%99-en-el-Paseo-del-Sal%C3%B3n-de-Granada-FOLLETO.pdf\" target=\"_blank\" rel=\"noopener noreferrer\">Exposici\u00f3n \u2018Picasso y el viaje de El Guernica\u2019 en el Paseo del Sal\u00f3n de Granada<\/a><\/p>\n<\/blockquote>\n<h3>Un poco de contexto hist\u00f3rico para ponernos en situaci\u00f3n\u2026<\/h3>\n<p>El <strong>26 de abril de 1937<\/strong> se produjo un <a title=\"Conoce la historia del bombardeo a\u00e9reo a la poblaci\u00f3n civil de Villa Vasca de Guernica\" href=\"https:\/\/es.wikipedia.org\/wiki\/Bombardeo_de_Guernica\" target=\"_blank\" rel=\"noopener noreferrer\"><strong>bombardeo a\u00e9reo a la poblaci\u00f3n civil de Villa Vasca de Guernica<\/strong><\/a>. En plena <a title=\"Conoce la historia de la guerra civil espa\u00f1ola\" href=\"https:\/\/es.wikipedia.org\/wiki\/Guerra_civil_espa%C3%B1ola\" target=\"_blank\" rel=\"noopener noreferrer\"><strong>guerra civil espa\u00f1ola<\/strong><\/a>, se llev\u00f3 a cabo el ataque por parte de la Legi\u00f3n C\u00f3ndor de Alemania y la Aviaci\u00f3n Legionaria italiana. Ambas apoyaban al bando sublevado en Espa\u00f1a, en contra de la <a title=\"Conoce la historia de la Segunda Rep\u00fablica Espa\u00f1ola\" href=\"https:\/\/es.wikipedia.org\/wiki\/Segunda_Rep%C3%BAblica_Espa%C3%B1ola\" target=\"_blank\" rel=\"noopener noreferrer\"><strong>Segunda Rep\u00fablica<\/strong><\/a>.<\/p>\n<p>Esta localidad carec\u00eda de importancia militar o estrat\u00e9gica, por lo que la masacre a civiles inocentes provoc\u00f3 una enorme reacci\u00f3n popular y protestas ante tal masacre. <strong>Una de las formas de protesta fue mediante el arte<\/strong>.<\/p>\n<p>&nbsp;<\/p>\n<p><a href=\"https:\/\/www.inmsol.com\/wp-content\/uploads\/2020\/03\/bombardeo-guernica-guerra-civil-espanola.jpg\" target=\"_blank\" rel=\"noopener\"><img decoding=\"async\" class=\"aligncenter wp-image-49916 size-full\" title=\"Exposici\u00f3n \u2018Picasso y el viaje de El Guernica\u2019 \" src=\"https:\/\/www.inmsol.com\/wp-content\/uploads\/2020\/03\/bombardeo-guernica-guerra-civil-espanola.jpg\" alt=\"Exposici\u00f3n \u2018Picasso y el viaje de El Guernica\u2019\" width=\"980\" height=\"621\" srcset=\"https:\/\/www.inmsol.com\/wp-content\/uploads\/2020\/03\/bombardeo-guernica-guerra-civil-espanola.jpg 980w, https:\/\/www.inmsol.com\/wp-content\/uploads\/2020\/03\/bombardeo-guernica-guerra-civil-espanola-800x507.jpg 800w, https:\/\/www.inmsol.com\/wp-content\/uploads\/2020\/03\/bombardeo-guernica-guerra-civil-espanola-64x41.jpg 64w, https:\/\/www.inmsol.com\/wp-content\/uploads\/2020\/03\/bombardeo-guernica-guerra-civil-espanola-460x291.jpg 460w, https:\/\/www.inmsol.com\/wp-content\/uploads\/2020\/03\/bombardeo-guernica-guerra-civil-espanola-768x487.jpg 768w, https:\/\/www.inmsol.com\/wp-content\/uploads\/2020\/03\/bombardeo-guernica-guerra-civil-espanola-250x158.jpg 250w, https:\/\/www.inmsol.com\/wp-content\/uploads\/2020\/03\/bombardeo-guernica-guerra-civil-espanola-600x380.jpg 600w\" sizes=\"(max-width: 980px) 100vw, 980px\" \/><\/a><\/p>\n<p>&nbsp;<\/p>\n<p><strong>En palabras del propio Picasso:<\/strong> \u201c<em>Mi trabajo es un grito de denuncia de la guerra y de los ataques de los enemigos de la Rep\u00fablica establecida legalmente tras las elecciones del 31 (&#8230;).<\/em><\/p>\n<p>La pintura no est\u00e1 para decorar apartamentos, el arte es un instrumento de guerra ofensivo y defensivo contra el enemigo. La guerra de Espa\u00f1a es la batalla de la reacci\u00f3n contra el pueblo, contra la libertad. En la pintura mural en la que estoy trabajando, y que titular\u00e9 Guernica, y en todas mis \u00faltimas obras, expreso claramente mi repulsi\u00f3n hacia la casta militar, que ha sumido a Espa\u00f1a en un oc\u00e9ano de dolor y muerte.\u201d. <strong>Pablo Picasso, 1937<\/strong>.<\/p>\n<p>En definitiva, <strong>Guernica es una de las obras m\u00e1s emblem\u00e1ticas del siglo XX<\/strong>. Su composici\u00f3n cubista y expresionista la hacen extraordinaria. Sin embargo, lo que la hace una <strong>obra \u00fanica<\/strong> es <strong>por todo el contenido pol\u00edtico, social y emocional que alberga<\/strong>.<\/p>\n<p>&nbsp;<\/p>\n<p style=\"text-align: center;\"><strong>Entonces, <\/strong><\/p>\n<p style=\"text-align: center;\"><strong>\u00bfQu\u00e9 esperas para venir a Granada? \u00a1No te pierdas esta experiencia!<\/strong><\/p>\n","protected":false},"excerpt":{"rendered":"<p>\u2018Picasso y el viaje de El Guernica\u2019 es un nuevo proyecto impulsado por La Caixa y el Centro de Arte Reina Sof\u00eda. Disponible hasta el 20 de marzo 2020 en Paseo del Sal\u00f3n, se trata de una exposici\u00f3n centrada en los grandes creadores visuales del&#8230;<\/p>\n","protected":false},"author":2,"featured_media":49909,"comment_status":"open","ping_status":"closed","sticky":false,"template":"","format":"standard","meta":{"_acf_changed":false,"footnotes":""},"categories":[8,83,80,396],"tags":[569,567,491,568],"class_list":["post-49905","post","type-post","status-publish","format-standard","has-post-thumbnail","hentry","category-blog-escuela","category-cultura-literatura-historia-espana-es","category-eventos-granada","category-lugares-imprescindibles-granada","tag-espanol-en-granada-para-grupos","tag-estancias-granada","tag-granada","tag-grupos-en-granada"],"acf":[],"yoast_head":"<!-- This site is optimized with the Yoast SEO plugin v27.5 - https:\/\/yoast.com\/product\/yoast-seo-wordpress\/ -->\n<title>\u2018Picasso y el viaje de El Guernica\u2019 en Granada! &#8226; iNMSOL<\/title>\n<meta name=\"description\" content=\"Hasta el 20 de marzo pod\u00e9is visitar la exposici\u00f3n \u2018Picasso y el viaje de El Guernica\u2019 en el Paseo del Sal\u00f3n de Granada. \u00a1No te lo pierdas!\" \/>\n<meta name=\"robots\" content=\"index, follow, max-snippet:-1, max-image-preview:large, max-video-preview:-1\" \/>\n<link rel=\"canonical\" href=\"https:\/\/www.inmsol.com\/es\/blog-escuela\/exposicion-picasso-viaje-guernica-paseo-salon-granada\/\" \/>\n<meta property=\"og:locale\" content=\"es_ES\" \/>\n<meta property=\"og:type\" content=\"article\" \/>\n<meta property=\"og:title\" content=\"\u00a1La exposici\u00f3n \u2018Picasso y el viaje de El Guernica\u2019 est\u00e1 en Granada!\" \/>\n<meta property=\"og:description\" content=\"Hasta el 20 de marzo pod\u00e9is visitar la exposici\u00f3n \u2018Picasso y el viaje de El Guernica\u2019 en el Paseo del Sal\u00f3n de Granada. \u00a1No os perd\u00e1is esta experiencia!\" \/>\n<meta property=\"og:url\" content=\"https:\/\/www.inmsol.com\/es\/blog-escuela\/exposicion-picasso-viaje-guernica-paseo-salon-granada\/\" \/>\n<meta property=\"og:site_name\" content=\"iNMSOL\" \/>\n<meta property=\"article:publisher\" content=\"https:\/\/www.facebook.com\/spanishcourses\" \/>\n<meta property=\"article:published_time\" content=\"2020-03-06T19:33:12+00:00\" \/>\n<meta property=\"article:modified_time\" content=\"2026-04-21T12:30:33+00:00\" \/>\n<meta property=\"og:image\" content=\"https:\/\/www.inmsol.com\/wp-content\/uploads\/2020\/03\/exposicion-picasso-viaje-guernica-granada-facebook.jpg\" \/>\n\t<meta property=\"og:image:width\" content=\"800\" \/>\n\t<meta property=\"og:image:height\" content=\"420\" \/>\n\t<meta property=\"og:image:type\" content=\"image\/jpeg\" \/>\n<meta name=\"author\" content=\"Javier Torres\" \/>\n<meta name=\"twitter:label1\" content=\"Escrito por\" \/>\n\t<meta name=\"twitter:data1\" content=\"Javier Torres\" \/>\n\t<meta name=\"twitter:label2\" content=\"Tiempo de lectura\" \/>\n\t<meta name=\"twitter:data2\" content=\"4 minutos\" \/>\n<script type=\"application\/ld+json\" class=\"yoast-schema-graph\">{\"@context\":\"https:\\\/\\\/schema.org\",\"@graph\":[{\"@type\":\"Article\",\"@id\":\"https:\\\/\\\/www.inmsol.com\\\/es\\\/blog-escuela\\\/exposicion-picasso-viaje-guernica-paseo-salon-granada\\\/#article\",\"isPartOf\":{\"@id\":\"https:\\\/\\\/www.inmsol.com\\\/es\\\/blog-escuela\\\/exposicion-picasso-viaje-guernica-paseo-salon-granada\\\/\"},\"author\":{\"name\":\"Javier Torres\",\"@id\":\"https:\\\/\\\/www.inmsol.com\\\/es\\\/#\\\/schema\\\/person\\\/18f18acd0397ef441e373e79ec3eb6ea\"},\"headline\":\"\u2018Picasso y el viaje de El Guernica\u2019 en Granada!\",\"datePublished\":\"2020-03-06T19:33:12+00:00\",\"dateModified\":\"2026-04-21T12:30:33+00:00\",\"mainEntityOfPage\":{\"@id\":\"https:\\\/\\\/www.inmsol.com\\\/es\\\/blog-escuela\\\/exposicion-picasso-viaje-guernica-paseo-salon-granada\\\/\"},\"wordCount\":768,\"commentCount\":2,\"publisher\":{\"@id\":\"https:\\\/\\\/www.inmsol.com\\\/es\\\/#organization\"},\"image\":{\"@id\":\"https:\\\/\\\/www.inmsol.com\\\/es\\\/blog-escuela\\\/exposicion-picasso-viaje-guernica-paseo-salon-granada\\\/#primaryimage\"},\"thumbnailUrl\":\"https:\\\/\\\/www.inmsol.com\\\/wp-content\\\/uploads\\\/2020\\\/03\\\/exposicion-picasso-viaje-guernica-granada.jpg\",\"keywords\":[\"espa\u00f1ol en Granada para grupos\",\"estancias Granada\",\"granada\",\"grupos en Granada\"],\"articleSection\":[\"Blog Escuela Espa\u00f1ol\",\"Cultura, Literatura e Historia de Espa\u00f1a e Hispanoam\u00e9rica\",\"Eventos en Granada\",\"Lugares Imprescindibles en Granada\"],\"inLanguage\":\"es\",\"potentialAction\":[{\"@type\":\"CommentAction\",\"name\":\"Comment\",\"target\":[\"https:\\\/\\\/www.inmsol.com\\\/es\\\/blog-escuela\\\/exposicion-picasso-viaje-guernica-paseo-salon-granada\\\/#respond\"]}]},{\"@type\":\"WebPage\",\"@id\":\"https:\\\/\\\/www.inmsol.com\\\/es\\\/blog-escuela\\\/exposicion-picasso-viaje-guernica-paseo-salon-granada\\\/\",\"url\":\"https:\\\/\\\/www.inmsol.com\\\/es\\\/blog-escuela\\\/exposicion-picasso-viaje-guernica-paseo-salon-granada\\\/\",\"name\":\"\u2018Picasso y el viaje de El Guernica\u2019 en Granada! &#8226; iNMSOL\",\"isPartOf\":{\"@id\":\"https:\\\/\\\/www.inmsol.com\\\/es\\\/#website\"},\"primaryImageOfPage\":{\"@id\":\"https:\\\/\\\/www.inmsol.com\\\/es\\\/blog-escuela\\\/exposicion-picasso-viaje-guernica-paseo-salon-granada\\\/#primaryimage\"},\"image\":{\"@id\":\"https:\\\/\\\/www.inmsol.com\\\/es\\\/blog-escuela\\\/exposicion-picasso-viaje-guernica-paseo-salon-granada\\\/#primaryimage\"},\"thumbnailUrl\":\"https:\\\/\\\/www.inmsol.com\\\/wp-content\\\/uploads\\\/2020\\\/03\\\/exposicion-picasso-viaje-guernica-granada.jpg\",\"datePublished\":\"2020-03-06T19:33:12+00:00\",\"dateModified\":\"2026-04-21T12:30:33+00:00\",\"description\":\"Hasta el 20 de marzo pod\u00e9is visitar la exposici\u00f3n \u2018Picasso y el viaje de El Guernica\u2019 en el Paseo del Sal\u00f3n de Granada. \u00a1No te lo pierdas!\",\"breadcrumb\":{\"@id\":\"https:\\\/\\\/www.inmsol.com\\\/es\\\/blog-escuela\\\/exposicion-picasso-viaje-guernica-paseo-salon-granada\\\/#breadcrumb\"},\"inLanguage\":\"es\",\"potentialAction\":[{\"@type\":\"ReadAction\",\"target\":[\"https:\\\/\\\/www.inmsol.com\\\/es\\\/blog-escuela\\\/exposicion-picasso-viaje-guernica-paseo-salon-granada\\\/\"]}]},{\"@type\":\"ImageObject\",\"inLanguage\":\"es\",\"@id\":\"https:\\\/\\\/www.inmsol.com\\\/es\\\/blog-escuela\\\/exposicion-picasso-viaje-guernica-paseo-salon-granada\\\/#primaryimage\",\"url\":\"https:\\\/\\\/www.inmsol.com\\\/wp-content\\\/uploads\\\/2020\\\/03\\\/exposicion-picasso-viaje-guernica-granada.jpg\",\"contentUrl\":\"https:\\\/\\\/www.inmsol.com\\\/wp-content\\\/uploads\\\/2020\\\/03\\\/exposicion-picasso-viaje-guernica-granada.jpg\",\"width\":800,\"height\":420,\"caption\":\"Exposici\u00f3n \u2018Picasso y el viaje de El Guernica\u2019 en el Paseo del Sal\u00f3n de Granada\"},{\"@type\":\"BreadcrumbList\",\"@id\":\"https:\\\/\\\/www.inmsol.com\\\/es\\\/blog-escuela\\\/exposicion-picasso-viaje-guernica-paseo-salon-granada\\\/#breadcrumb\",\"itemListElement\":[{\"@type\":\"ListItem\",\"position\":1,\"name\":\"Accredited Center by Instituto Cervantes\",\"item\":\"https:\\\/\\\/www.inmsol.com\\\/es\\\/pagina-ejemplo\\\/\"},{\"@type\":\"ListItem\",\"position\":2,\"name\":\"Blog Escuela Espa\u00f1ol\",\"item\":\"https:\\\/\\\/www.inmsol.com\\\/es\\\/category\\\/blog-escuela\\\/\"},{\"@type\":\"ListItem\",\"position\":3,\"name\":\"\u2018Picasso y el viaje de El Guernica\u2019 en Granada!\"}]},{\"@type\":\"WebSite\",\"@id\":\"https:\\\/\\\/www.inmsol.com\\\/es\\\/#website\",\"url\":\"https:\\\/\\\/www.inmsol.com\\\/es\\\/\",\"name\":\"iNMSOL\",\"description\":\"Aprenda Espa\u00f1ol con iNMSOL en Granada | Centro Acreditado por el Instituto Cervantes\",\"publisher\":{\"@id\":\"https:\\\/\\\/www.inmsol.com\\\/es\\\/#organization\"},\"potentialAction\":[{\"@type\":\"SearchAction\",\"target\":{\"@type\":\"EntryPoint\",\"urlTemplate\":\"https:\\\/\\\/www.inmsol.com\\\/es\\\/?s={search_term_string}\"},\"query-input\":{\"@type\":\"PropertyValueSpecification\",\"valueRequired\":true,\"valueName\":\"search_term_string\"}}],\"inLanguage\":\"es\"},{\"@type\":\"Organization\",\"@id\":\"https:\\\/\\\/www.inmsol.com\\\/es\\\/#organization\",\"name\":\"Instituto Mediterr\u00e1neo Sol\",\"url\":\"https:\\\/\\\/www.inmsol.com\\\/es\\\/\",\"logo\":{\"@type\":\"ImageObject\",\"inLanguage\":\"es\",\"@id\":\"https:\\\/\\\/www.inmsol.com\\\/es\\\/#\\\/schema\\\/logo\\\/image\\\/\",\"url\":\"https:\\\/\\\/www.inmsol.com\\\/wp-content\\\/uploads\\\/2023\\\/06\\\/logo-inmsol-1.png\",\"contentUrl\":\"https:\\\/\\\/www.inmsol.com\\\/wp-content\\\/uploads\\\/2023\\\/06\\\/logo-inmsol-1.png\",\"width\":136,\"height\":73,\"caption\":\"Instituto Mediterr\u00e1neo Sol\"},\"image\":{\"@id\":\"https:\\\/\\\/www.inmsol.com\\\/es\\\/#\\\/schema\\\/logo\\\/image\\\/\"},\"sameAs\":[\"https:\\\/\\\/www.facebook.com\\\/spanishcourses\",\"https:\\\/\\\/x.com\\\/StudyInGranada\",\"http:\\\/\\\/instagram.com\\\/imsolgranada\",\"https:\\\/\\\/es.linkedin.com\\\/company\\\/imsol-granada\",\"https:\\\/\\\/www.pinterest.es\\\/inmsol\\\/\",\"https:\\\/\\\/www.youtube.com\\\/channel\\\/UChz-Qn_7coFMosY85iYMO4g\"]},{\"@type\":\"Person\",\"@id\":\"https:\\\/\\\/www.inmsol.com\\\/es\\\/#\\\/schema\\\/person\\\/18f18acd0397ef441e373e79ec3eb6ea\",\"name\":\"Javier Torres\",\"image\":{\"@type\":\"ImageObject\",\"inLanguage\":\"es\",\"@id\":\"https:\\\/\\\/secure.gravatar.com\\\/avatar\\\/90afa2d6499550218d247408758082af566e5ec3641e1b8eac0d7bb889344a55?s=96&d=mm&r=g\",\"url\":\"https:\\\/\\\/secure.gravatar.com\\\/avatar\\\/90afa2d6499550218d247408758082af566e5ec3641e1b8eac0d7bb889344a55?s=96&d=mm&r=g\",\"contentUrl\":\"https:\\\/\\\/secure.gravatar.com\\\/avatar\\\/90afa2d6499550218d247408758082af566e5ec3641e1b8eac0d7bb889344a55?s=96&d=mm&r=g\",\"caption\":\"Javier Torres\"},\"url\":\"https:\\\/\\\/www.inmsol.com\\\/es\\\/author\\\/javier\\\/\"}]}<\/script>\n<!-- \/ Yoast SEO plugin. -->","yoast_head_json":{"title":"\u2018Picasso y el viaje de El Guernica\u2019 en Granada! &#8226; iNMSOL","description":"Hasta el 20 de marzo pod\u00e9is visitar la exposici\u00f3n \u2018Picasso y el viaje de El Guernica\u2019 en el Paseo del Sal\u00f3n de Granada. \u00a1No te lo pierdas!","robots":{"index":"index","follow":"follow","max-snippet":"max-snippet:-1","max-image-preview":"max-image-preview:large","max-video-preview":"max-video-preview:-1"},"canonical":"https:\/\/www.inmsol.com\/es\/blog-escuela\/exposicion-picasso-viaje-guernica-paseo-salon-granada\/","og_locale":"es_ES","og_type":"article","og_title":"\u00a1La exposici\u00f3n \u2018Picasso y el viaje de El Guernica\u2019 est\u00e1 en Granada!","og_description":"Hasta el 20 de marzo pod\u00e9is visitar la exposici\u00f3n \u2018Picasso y el viaje de El Guernica\u2019 en el Paseo del Sal\u00f3n de Granada. \u00a1No os perd\u00e1is esta experiencia!","og_url":"https:\/\/www.inmsol.com\/es\/blog-escuela\/exposicion-picasso-viaje-guernica-paseo-salon-granada\/","og_site_name":"iNMSOL","article_publisher":"https:\/\/www.facebook.com\/spanishcourses","article_published_time":"2020-03-06T19:33:12+00:00","article_modified_time":"2026-04-21T12:30:33+00:00","og_image":[{"width":800,"height":420,"url":"https:\/\/www.inmsol.com\/wp-content\/uploads\/2020\/03\/exposicion-picasso-viaje-guernica-granada-facebook.jpg","type":"image\/jpeg"}],"author":"Javier Torres","twitter_misc":{"Escrito por":"Javier Torres","Tiempo de lectura":"4 minutos"},"schema":{"@context":"https:\/\/schema.org","@graph":[{"@type":"Article","@id":"https:\/\/www.inmsol.com\/es\/blog-escuela\/exposicion-picasso-viaje-guernica-paseo-salon-granada\/#article","isPartOf":{"@id":"https:\/\/www.inmsol.com\/es\/blog-escuela\/exposicion-picasso-viaje-guernica-paseo-salon-granada\/"},"author":{"name":"Javier Torres","@id":"https:\/\/www.inmsol.com\/es\/#\/schema\/person\/18f18acd0397ef441e373e79ec3eb6ea"},"headline":"\u2018Picasso y el viaje de El Guernica\u2019 en Granada!","datePublished":"2020-03-06T19:33:12+00:00","dateModified":"2026-04-21T12:30:33+00:00","mainEntityOfPage":{"@id":"https:\/\/www.inmsol.com\/es\/blog-escuela\/exposicion-picasso-viaje-guernica-paseo-salon-granada\/"},"wordCount":768,"commentCount":2,"publisher":{"@id":"https:\/\/www.inmsol.com\/es\/#organization"},"image":{"@id":"https:\/\/www.inmsol.com\/es\/blog-escuela\/exposicion-picasso-viaje-guernica-paseo-salon-granada\/#primaryimage"},"thumbnailUrl":"https:\/\/www.inmsol.com\/wp-content\/uploads\/2020\/03\/exposicion-picasso-viaje-guernica-granada.jpg","keywords":["espa\u00f1ol en Granada para grupos","estancias Granada","granada","grupos en Granada"],"articleSection":["Blog Escuela Espa\u00f1ol","Cultura, Literatura e Historia de Espa\u00f1a e Hispanoam\u00e9rica","Eventos en Granada","Lugares Imprescindibles en Granada"],"inLanguage":"es","potentialAction":[{"@type":"CommentAction","name":"Comment","target":["https:\/\/www.inmsol.com\/es\/blog-escuela\/exposicion-picasso-viaje-guernica-paseo-salon-granada\/#respond"]}]},{"@type":"WebPage","@id":"https:\/\/www.inmsol.com\/es\/blog-escuela\/exposicion-picasso-viaje-guernica-paseo-salon-granada\/","url":"https:\/\/www.inmsol.com\/es\/blog-escuela\/exposicion-picasso-viaje-guernica-paseo-salon-granada\/","name":"\u2018Picasso y el viaje de El Guernica\u2019 en Granada! &#8226; iNMSOL","isPartOf":{"@id":"https:\/\/www.inmsol.com\/es\/#website"},"primaryImageOfPage":{"@id":"https:\/\/www.inmsol.com\/es\/blog-escuela\/exposicion-picasso-viaje-guernica-paseo-salon-granada\/#primaryimage"},"image":{"@id":"https:\/\/www.inmsol.com\/es\/blog-escuela\/exposicion-picasso-viaje-guernica-paseo-salon-granada\/#primaryimage"},"thumbnailUrl":"https:\/\/www.inmsol.com\/wp-content\/uploads\/2020\/03\/exposicion-picasso-viaje-guernica-granada.jpg","datePublished":"2020-03-06T19:33:12+00:00","dateModified":"2026-04-21T12:30:33+00:00","description":"Hasta el 20 de marzo pod\u00e9is visitar la exposici\u00f3n \u2018Picasso y el viaje de El Guernica\u2019 en el Paseo del Sal\u00f3n de Granada. \u00a1No te lo pierdas!","breadcrumb":{"@id":"https:\/\/www.inmsol.com\/es\/blog-escuela\/exposicion-picasso-viaje-guernica-paseo-salon-granada\/#breadcrumb"},"inLanguage":"es","potentialAction":[{"@type":"ReadAction","target":["https:\/\/www.inmsol.com\/es\/blog-escuela\/exposicion-picasso-viaje-guernica-paseo-salon-granada\/"]}]},{"@type":"ImageObject","inLanguage":"es","@id":"https:\/\/www.inmsol.com\/es\/blog-escuela\/exposicion-picasso-viaje-guernica-paseo-salon-granada\/#primaryimage","url":"https:\/\/www.inmsol.com\/wp-content\/uploads\/2020\/03\/exposicion-picasso-viaje-guernica-granada.jpg","contentUrl":"https:\/\/www.inmsol.com\/wp-content\/uploads\/2020\/03\/exposicion-picasso-viaje-guernica-granada.jpg","width":800,"height":420,"caption":"Exposici\u00f3n \u2018Picasso y el viaje de El Guernica\u2019 en el Paseo del Sal\u00f3n de Granada"},{"@type":"BreadcrumbList","@id":"https:\/\/www.inmsol.com\/es\/blog-escuela\/exposicion-picasso-viaje-guernica-paseo-salon-granada\/#breadcrumb","itemListElement":[{"@type":"ListItem","position":1,"name":"Accredited Center by Instituto Cervantes","item":"https:\/\/www.inmsol.com\/es\/pagina-ejemplo\/"},{"@type":"ListItem","position":2,"name":"Blog Escuela Espa\u00f1ol","item":"https:\/\/www.inmsol.com\/es\/category\/blog-escuela\/"},{"@type":"ListItem","position":3,"name":"\u2018Picasso y el viaje de El Guernica\u2019 en Granada!"}]},{"@type":"WebSite","@id":"https:\/\/www.inmsol.com\/es\/#website","url":"https:\/\/www.inmsol.com\/es\/","name":"iNMSOL","description":"Aprenda Espa\u00f1ol con iNMSOL en Granada | Centro Acreditado por el Instituto Cervantes","publisher":{"@id":"https:\/\/www.inmsol.com\/es\/#organization"},"potentialAction":[{"@type":"SearchAction","target":{"@type":"EntryPoint","urlTemplate":"https:\/\/www.inmsol.com\/es\/?s={search_term_string}"},"query-input":{"@type":"PropertyValueSpecification","valueRequired":true,"valueName":"search_term_string"}}],"inLanguage":"es"},{"@type":"Organization","@id":"https:\/\/www.inmsol.com\/es\/#organization","name":"Instituto Mediterr\u00e1neo Sol","url":"https:\/\/www.inmsol.com\/es\/","logo":{"@type":"ImageObject","inLanguage":"es","@id":"https:\/\/www.inmsol.com\/es\/#\/schema\/logo\/image\/","url":"https:\/\/www.inmsol.com\/wp-content\/uploads\/2023\/06\/logo-inmsol-1.png","contentUrl":"https:\/\/www.inmsol.com\/wp-content\/uploads\/2023\/06\/logo-inmsol-1.png","width":136,"height":73,"caption":"Instituto Mediterr\u00e1neo Sol"},"image":{"@id":"https:\/\/www.inmsol.com\/es\/#\/schema\/logo\/image\/"},"sameAs":["https:\/\/www.facebook.com\/spanishcourses","https:\/\/x.com\/StudyInGranada","http:\/\/instagram.com\/imsolgranada","https:\/\/es.linkedin.com\/company\/imsol-granada","https:\/\/www.pinterest.es\/inmsol\/","https:\/\/www.youtube.com\/channel\/UChz-Qn_7coFMosY85iYMO4g"]},{"@type":"Person","@id":"https:\/\/www.inmsol.com\/es\/#\/schema\/person\/18f18acd0397ef441e373e79ec3eb6ea","name":"Javier Torres","image":{"@type":"ImageObject","inLanguage":"es","@id":"https:\/\/secure.gravatar.com\/avatar\/90afa2d6499550218d247408758082af566e5ec3641e1b8eac0d7bb889344a55?s=96&d=mm&r=g","url":"https:\/\/secure.gravatar.com\/avatar\/90afa2d6499550218d247408758082af566e5ec3641e1b8eac0d7bb889344a55?s=96&d=mm&r=g","contentUrl":"https:\/\/secure.gravatar.com\/avatar\/90afa2d6499550218d247408758082af566e5ec3641e1b8eac0d7bb889344a55?s=96&d=mm&r=g","caption":"Javier Torres"},"url":"https:\/\/www.inmsol.com\/es\/author\/javier\/"}]}},"_links":{"self":[{"href":"https:\/\/www.inmsol.com\/es\/wp-json\/wp\/v2\/posts\/49905","targetHints":{"allow":["GET"]}}],"collection":[{"href":"https:\/\/www.inmsol.com\/es\/wp-json\/wp\/v2\/posts"}],"about":[{"href":"https:\/\/www.inmsol.com\/es\/wp-json\/wp\/v2\/types\/post"}],"author":[{"embeddable":true,"href":"https:\/\/www.inmsol.com\/es\/wp-json\/wp\/v2\/users\/2"}],"replies":[{"embeddable":true,"href":"https:\/\/www.inmsol.com\/es\/wp-json\/wp\/v2\/comments?post=49905"}],"version-history":[{"count":1,"href":"https:\/\/www.inmsol.com\/es\/wp-json\/wp\/v2\/posts\/49905\/revisions"}],"predecessor-version":[{"id":90897,"href":"https:\/\/www.inmsol.com\/es\/wp-json\/wp\/v2\/posts\/49905\/revisions\/90897"}],"wp:featuredmedia":[{"embeddable":true,"href":"https:\/\/www.inmsol.com\/es\/wp-json\/wp\/v2\/media\/49909"}],"wp:attachment":[{"href":"https:\/\/www.inmsol.com\/es\/wp-json\/wp\/v2\/media?parent=49905"}],"wp:term":[{"taxonomy":"category","embeddable":true,"href":"https:\/\/www.inmsol.com\/es\/wp-json\/wp\/v2\/categories?post=49905"},{"taxonomy":"post_tag","embeddable":true,"href":"https:\/\/www.inmsol.com\/es\/wp-json\/wp\/v2\/tags?post=49905"}],"curies":[{"name":"wp","href":"https:\/\/api.w.org\/{rel}","templated":true}]}}