{"id":50296,"date":"2020-06-01T10:39:04","date_gmt":"2020-06-01T08:39:04","guid":{"rendered":"https:\/\/www.inmsol.com\/?p=50296"},"modified":"2020-08-07T13:28:55","modified_gmt":"2020-08-07T11:28:55","slug":"volvemos-a-clases-presenciales-medidas-seguridad","status":"publish","type":"post","link":"https:\/\/www.inmsol.com\/es\/blog-escuela\/volvemos-a-clases-presenciales-medidas-seguridad\/","title":{"rendered":"Volvemos a las clases presenciales: medidas de seguridad"},"content":{"rendered":"<p>El<strong> lunes 01 de junio<\/strong> volvemos a\u00a0 las clases presenciales en <a href=\"https:\/\/www.inmsol.com\/es\/\" target=\"_blank\" rel=\"noopener noreferrer\"><strong>iNMSOL<\/strong><\/a>, \u00a1qu\u00e9 alegr\u00eda! Las <a href=\"https:\/\/www.inmsol.com\/es\/cursos-online-de-espanol\/\" target=\"_blank\" rel=\"noopener noreferrer\"><strong>clases <em>online<\/em><\/strong><\/a> se mantienen, as\u00ed que pod\u00e9is elegir qu\u00e9 modalidad prefer\u00eds. En iNMSOL nos hemos preparado a conciencia para poder recibir a nuestros estudiantes en clase en cuanto sea autorizado por el gobierno.<\/p>\n<p>Granada ya est\u00e1 en la <strong>Fase 2 del plan de desescalada<\/strong>. Esto significa, afortunadamente, que la epidemia se est\u00e1 controlando. La salud est\u00e1 por encima de todo y por eso vamos a tomar todas las medidas de seguridad necesarias. \u00a1Y es que todos queremos volver a la normalidad lo antes posible!<\/p>\n<p><strong>Ya tenemos listas todas las medidas de seguridad e higiene necesarias. <\/strong>Y queremos compartirlas\u00a0con vosotros.<\/p>\n<p>&nbsp;<\/p>\n<h3>MEDIDAS DE SEGURIDAD PARA LOS ESTUDIANTES<\/h3>\n<p>Lo primero en lo que pensamos para la reapertura fue en qu\u00e9 medidas de seguridad para los estudiantes deber\u00edamos tomar. Por eso es muy importante que le\u00e1is con atenci\u00f3n las normas de higiene que os damos a continuaci\u00f3n, y las medidas llevaremos a cabo cada d\u00eda a vuestra llegada:<\/p>\n<ol>\n<li><strong>Antes de salir de casa<\/strong>: aseg\u00farate de que no tienes fiebre. Si tienes dudas, qu\u00e9date en casa. Siempre que quieras podr\u00e1s seguir tus <a href=\"https:\/\/www.inmsol.com\/es\/cursos-online-de-espanol\/\" target=\"_blank\" rel=\"noopener noreferrer\"><strong><em>clases online.<\/em><\/strong><\/a><\/li>\n<li><strong>Evita <\/strong>el transporte p\u00fablico y las aglomeraciones en tu camino a clase.<\/li>\n<li><strong>A la llegada a iNMSOL:<\/strong> deber\u00e1s pararte en la marca de la entrada, y limpiar tu calzado en la alfombrilla habilitada.<\/li>\n<li><strong>Control de temperatura al llegar a la escuela: <\/strong>un responsable de iNMSOL te tomar\u00e1 la temperatura. En caso de superar los 37 grados, no se podr\u00e1 entrar a clase.<\/li>\n<li><strong>Desinfecci\u00f3n de manos con gel hidroalcoh\u00f3lico:<\/strong> a la llegada a la escuela, un responsable de iNMSOL proporcionar\u00e1 gel hidroalcoh\u00f3lico a cada estudiante para que se desinfecte las manos.<\/li>\n<li><strong>Uso<\/strong> <strong>obligatorio de mascarilla: <\/strong>los estudiantes deber\u00e1n venir con mascarilla a la escuela.<strong> Y el primer d\u00eda repartiremos nuestro Kit Covid iNMSOL a cada estudiante<\/strong>, que contiene una mascarilla y gel desinfectante. Tambi\u00e9n pondremos mascarillas a la venta por 0,96\u20ac para aquellos que no hayan podido adquirirlas fuera.<\/li>\n<li><strong>Al entrar en tu clase:<\/strong> ocupa solo aquellos asientos que est\u00e1n marcados en verde.<\/li>\n<\/ol>\n<p>&nbsp;<\/p>\n<div id=\"attachment_50269\" style=\"width: 1210px\" class=\"wp-caption aligncenter\"><a href=\"https:\/\/www.inmsol.com\/wp-content\/uploads\/2020\/05\/Foto-Kit-nota-de-prensa.jpg\" target=\"_blank\" rel=\"noopener noreferrer\"><img fetchpriority=\"high\" decoding=\"async\" aria-describedby=\"caption-attachment-50269\" class=\"wp-image-50269 size-full\" title=\"Kit COVID iNMSOL\" src=\"https:\/\/www.inmsol.com\/wp-content\/uploads\/2020\/05\/Foto-Kit-nota-de-prensa.jpg\" alt=\"Kit COVID iNMSOL\" width=\"1200\" height=\"806\" srcset=\"https:\/\/www.inmsol.com\/wp-content\/uploads\/2020\/05\/Foto-Kit-nota-de-prensa.jpg 1200w, https:\/\/www.inmsol.com\/wp-content\/uploads\/2020\/05\/Foto-Kit-nota-de-prensa-800x537.jpg 800w, https:\/\/www.inmsol.com\/wp-content\/uploads\/2020\/05\/Foto-Kit-nota-de-prensa-64x43.jpg 64w, https:\/\/www.inmsol.com\/wp-content\/uploads\/2020\/05\/Foto-Kit-nota-de-prensa-447x300.jpg 447w, https:\/\/www.inmsol.com\/wp-content\/uploads\/2020\/05\/Foto-Kit-nota-de-prensa-1024x688.jpg 1024w, https:\/\/www.inmsol.com\/wp-content\/uploads\/2020\/05\/Foto-Kit-nota-de-prensa-768x516.jpg 768w, https:\/\/www.inmsol.com\/wp-content\/uploads\/2020\/05\/Foto-Kit-nota-de-prensa-250x168.jpg 250w, https:\/\/www.inmsol.com\/wp-content\/uploads\/2020\/05\/Foto-Kit-nota-de-prensa-596x400.jpg 596w\" sizes=\"(max-width: 1200px) 100vw, 1200px\" \/><\/a><p id=\"caption-attachment-50269\" class=\"wp-caption-text\">Kit COVID para los estudiantes<\/p><\/div>\n<p>&nbsp;<\/p>\n<p>Adem\u00e1s, deb\u00e9is tener en cuenta:<\/p>\n<ul>\n<li>Los estudiantes deber\u00e1n respetar las marcas de distancia de seguridad que hay en los pasillos, y:<\/li>\n<\/ul>\n<p>&nbsp;<\/p>\n<ul>\n<li style=\"list-style-type: none;\">\n<ul>\n<li><strong>En clase:<\/strong> ocupa solamente aquellos <strong>asientos marcados en verde<\/strong>, ya que est\u00e1n medidos para que cumplan con la distancia de seguridad.<\/li>\n<li><strong>En secretar\u00eda \/direcci\u00f3n:<\/strong> si\u00e9ntate en la silla marcada con la distancia de seguridad.<\/li>\n<li><strong>A la hora de usar la m\u00e1quina de caf\u00e9:<\/strong> sigue las instrucciones que encontrar\u00e1s en el cartel de la m\u00e1quina.<\/li>\n<li><strong>A la hora de usar el ba\u00f1o<\/strong>: sigue las indicaciones que encontrar\u00e1s dentro.<\/li>\n<\/ul>\n<\/li>\n<\/ul>\n<p>&nbsp;<\/p>\n<div id=\"attachment_50398\" style=\"width: 1210px\" class=\"wp-caption aligncenter\"><a href=\"https:\/\/www.inmsol.com\/wp-content\/uploads\/2020\/06\/Oficina-medidas-covid-1.jpg\" target=\"_blank\" rel=\"noopener noreferrer\"><img decoding=\"async\" aria-describedby=\"caption-attachment-50398\" class=\"wp-image-50398 size-full\" title=\"Medidas COVID oficina\" src=\"https:\/\/www.inmsol.com\/wp-content\/uploads\/2020\/06\/Oficina-medidas-covid-1.jpg\" alt=\"Medidas COVID oficina\" width=\"1200\" height=\"800\" srcset=\"https:\/\/www.inmsol.com\/wp-content\/uploads\/2020\/06\/Oficina-medidas-covid-1.jpg 1200w, https:\/\/www.inmsol.com\/wp-content\/uploads\/2020\/06\/Oficina-medidas-covid-1-800x533.jpg 800w, https:\/\/www.inmsol.com\/wp-content\/uploads\/2020\/06\/Oficina-medidas-covid-1-64x43.jpg 64w, https:\/\/www.inmsol.com\/wp-content\/uploads\/2020\/06\/Oficina-medidas-covid-1-450x300.jpg 450w, https:\/\/www.inmsol.com\/wp-content\/uploads\/2020\/06\/Oficina-medidas-covid-1-1024x683.jpg 1024w, https:\/\/www.inmsol.com\/wp-content\/uploads\/2020\/06\/Oficina-medidas-covid-1-768x512.jpg 768w, https:\/\/www.inmsol.com\/wp-content\/uploads\/2020\/06\/Oficina-medidas-covid-1-250x167.jpg 250w, https:\/\/www.inmsol.com\/wp-content\/uploads\/2020\/06\/Oficina-medidas-covid-1-600x400.jpg 600w\" sizes=\"(max-width: 1200px) 100vw, 1200px\" \/><\/a><p id=\"caption-attachment-50398\" class=\"wp-caption-text\">Medidas oficina y distancia de seguridad<\/p><\/div>\n<ul>\n<li style=\"list-style-type: none;\"><\/li>\n<li>Las zonas comunes solo podr\u00e1n utilizarse para ir a los ba\u00f1os o utilizar la m\u00e1quina de caf\u00e9, y siempre respetando las distancias de seguridad. Durante las pausas de los cursos, los estudiantes deber\u00e1n permanecer en su aula, o salir a la calle. En caso de que un estudiante salga, deberemos repetir el proceso de desinfecci\u00f3n a la vuelta.<\/li>\n<li><strong>Lavado de manos frecuente con agua y jab\u00f3n.<\/strong> Los estudiantes deber\u00e1n, al menos una vez cada 90 minutos, lavarse las manos cuidadosamente con agua y jab\u00f3n. Los ba\u00f1os de iNMSOL estar\u00e1n habilitados para ello.<\/li>\n<\/ul>\n<p>&nbsp;<\/p>\n<div id=\"attachment_50389\" style=\"width: 1210px\" class=\"wp-caption aligncenter\"><a href=\"https:\/\/www.inmsol.com\/wp-content\/uploads\/2020\/06\/Ocupa-este-lugar.jpg\" target=\"_blank\" rel=\"noopener noreferrer\"><img decoding=\"async\" aria-describedby=\"caption-attachment-50389\" class=\"wp-image-50389 size-full\" title=\"Ocupa este lugar\" src=\"https:\/\/www.inmsol.com\/wp-content\/uploads\/2020\/06\/Ocupa-este-lugar.jpg\" alt=\"Ocupa este lugar\" width=\"1200\" height=\"800\" srcset=\"https:\/\/www.inmsol.com\/wp-content\/uploads\/2020\/06\/Ocupa-este-lugar.jpg 1200w, https:\/\/www.inmsol.com\/wp-content\/uploads\/2020\/06\/Ocupa-este-lugar-800x533.jpg 800w, https:\/\/www.inmsol.com\/wp-content\/uploads\/2020\/06\/Ocupa-este-lugar-64x43.jpg 64w, https:\/\/www.inmsol.com\/wp-content\/uploads\/2020\/06\/Ocupa-este-lugar-450x300.jpg 450w, https:\/\/www.inmsol.com\/wp-content\/uploads\/2020\/06\/Ocupa-este-lugar-1024x683.jpg 1024w, https:\/\/www.inmsol.com\/wp-content\/uploads\/2020\/06\/Ocupa-este-lugar-768x512.jpg 768w, https:\/\/www.inmsol.com\/wp-content\/uploads\/2020\/06\/Ocupa-este-lugar-250x167.jpg 250w, https:\/\/www.inmsol.com\/wp-content\/uploads\/2020\/06\/Ocupa-este-lugar-600x400.jpg 600w\" sizes=\"(max-width: 1200px) 100vw, 1200px\" \/><\/a><p id=\"caption-attachment-50389\" class=\"wp-caption-text\">Ocupa este lugar<\/p><\/div>\n<h3><\/h3>\n<h3>OTRAS MEDIDAS NECESARIAS<\/h3>\n<p>Queremos tranquilizaros, porque parece un procedimiento muy complicado, pero no lo es. Y estaremos guiando y supervisando cada paso para garantizar que todos cumplimos con las medidas necesarias, \u00a1confiad en nosotros!:<\/p>\n<ul>\n<li>Todos los empleados tomar\u00e1n las m\u00e1ximas medidas de higiene<\/li>\n<li>Cada empleado ha completado un <strong>curso de formaci\u00f3n<\/strong> sobre las nuevas medidas a tomar por el COVID-19<\/li>\n<li>Hemos retirado todo el material manipulable del centro, pero cualquier informaci\u00f3n que el estudiante necesite puede ser enviada digitalmente<\/li>\n<li>Las zonas comunes solo podr\u00e1n utilizarse para ir a los ba\u00f1os o utilizar la m\u00e1quina de <em>vending<\/em>, y siempre respetando las distancias de seguridad.<\/li>\n<li>Los materiales que se utilicen en clase ser\u00e1n, mayoritariamente, digitales.<\/li>\n<li><strong>Se lleva a cabo una desinfecci\u00f3n a conciencia:<\/strong><\/li>\n<\/ul>\n<p>&nbsp;<\/p>\n<ul>\n<li style=\"list-style-type: none;\">\n<ul>\n<li>Desinfecci\u00f3n de pomos, interruptores y sanitarios despu\u00e9s de cada uso, a diario.<\/li>\n<li>Desinfecci\u00f3n diaria a la llegada y a la salida de cada puesto de trabajo.<\/li>\n<li>Limpieza y desinfecci\u00f3n de los filtros del Aire acondicionado.<\/li>\n<\/ul>\n<\/li>\n<\/ul>\n<p>&nbsp;<\/p>\n<ul>\n<li>Y, adicionalmente:<\/li>\n<\/ul>\n<p>&nbsp;<\/p>\n<ul>\n<li style=\"list-style-type: none;\">\n<ul>\n<li>Utilizaci\u00f3n de papel desechable para secarse en todas las zonas.<\/li>\n<li>Instalaci\u00f3n de mamparas en oficina de atenci\u00f3n al p\u00fablico y Direcci\u00f3n, adem\u00e1s de uso de EPIs por parte del personal.<\/li>\n<\/ul>\n<\/li>\n<\/ul>\n<p>&nbsp;<\/p>\n<div id=\"attachment_50415\" style=\"width: 1210px\" class=\"wp-caption aligncenter\"><a href=\"https:\/\/www.inmsol.com\/wp-content\/uploads\/2020\/06\/Carteler\u00eda-covid.jpg\" target=\"_blank\" rel=\"noopener noreferrer\"><img loading=\"lazy\" decoding=\"async\" aria-describedby=\"caption-attachment-50415\" class=\"wp-image-50415 size-full\" title=\"Carteler\u00eda de medidas contra COVID\" src=\"https:\/\/www.inmsol.com\/wp-content\/uploads\/2020\/06\/Carteler\u00eda-covid.jpg\" alt=\"Carteler\u00eda de medidas contra COVID\" width=\"1200\" height=\"800\" srcset=\"https:\/\/www.inmsol.com\/wp-content\/uploads\/2020\/06\/Carteler\u00eda-covid.jpg 1200w, https:\/\/www.inmsol.com\/wp-content\/uploads\/2020\/06\/Carteler\u00eda-covid-600x400.jpg 600w, https:\/\/www.inmsol.com\/wp-content\/uploads\/2020\/06\/Carteler\u00eda-covid-450x300.jpg 450w, https:\/\/www.inmsol.com\/wp-content\/uploads\/2020\/06\/Carteler\u00eda-covid-1024x683.jpg 1024w, https:\/\/www.inmsol.com\/wp-content\/uploads\/2020\/06\/Carteler\u00eda-covid-768x512.jpg 768w, https:\/\/www.inmsol.com\/wp-content\/uploads\/2020\/06\/Carteler\u00eda-covid-250x167.jpg 250w\" sizes=\"(max-width: 1200px) 100vw, 1200px\" \/><\/a><p id=\"caption-attachment-50415\" class=\"wp-caption-text\">Carteler\u00eda de medidas contra COVID<\/p><\/div>\n<p>&nbsp;<\/p>\n<p>Os agradecemos mucho el esfuerzo por vuestra parte para leer y comprender toda la informaci\u00f3n. Estamos trabajando para poder volver a la normalidad en vuestras clases, \u00a1y juntos lo conseguiremos muy pronto!<\/p>\n<p>&nbsp;<\/p>\n<h4>Ahora s\u00ed, nos vemos en clase.<\/h4>\n","protected":false},"excerpt":{"rendered":"<p>\u00a1En iNMSOL volvemos a las clases presenciales! Informamos a todos nuestros estudiantes de las medidas de higiene y seguridad que estamos tomando.<\/p>\n","protected":false},"author":31,"featured_media":50406,"comment_status":"open","ping_status":"closed","sticky":false,"template":"","format":"standard","meta":{"_acf_changed":false,"footnotes":""},"categories":[8,82],"tags":[570,583,578,491,582,579],"class_list":["post-50296","post","type-post","status-publish","format-standard","has-post-thumbnail","hentry","category-blog-escuela","category-noticias","tag-covid-19","tag-escuela-de-espanol","tag-fase-2","tag-granada","tag-medidas-de-seguridad","tag-reapertura"],"acf":[],"yoast_head":"<!-- This site is optimized with the Yoast SEO plugin v27.5 - https:\/\/yoast.com\/product\/yoast-seo-wordpress\/ -->\n<title>Volvemos a las clases presenciales: medidas de seguridad | Blog iNMSOL<\/title>\n<meta name=\"description\" content=\"\u00a1En iNMSOL volvemos a las clases presenciales! Informamos a todos nuestros estudiantes de las medidas de higiene y seguridad que estamos tomando.\" \/>\n<meta name=\"robots\" content=\"index, follow, max-snippet:-1, max-image-preview:large, max-video-preview:-1\" \/>\n<link rel=\"canonical\" href=\"https:\/\/www.inmsol.com\/es\/blog-escuela\/volvemos-a-clases-presenciales-medidas-seguridad\/\" \/>\n<meta property=\"og:locale\" content=\"es_ES\" \/>\n<meta property=\"og:type\" content=\"article\" \/>\n<meta property=\"og:title\" content=\"Volvemos a las clases presenciales: medidas de seguridad\" \/>\n<meta property=\"og:description\" content=\"\u00a1En iNMSOL volvemos a las clases presenciales! Informamos a todos nuestros estudiantes de las medidas de higiene y seguridad que estamos tomando.\" \/>\n<meta property=\"og:url\" content=\"https:\/\/www.inmsol.com\/es\/blog-escuela\/volvemos-a-clases-presenciales-medidas-seguridad\/\" \/>\n<meta property=\"og:site_name\" content=\"iNMSOL\" \/>\n<meta property=\"article:publisher\" content=\"https:\/\/www.facebook.com\/spanishcourses\" \/>\n<meta property=\"article:published_time\" content=\"2020-06-01T08:39:04+00:00\" \/>\n<meta property=\"article:modified_time\" content=\"2020-08-07T11:28:55+00:00\" \/>\n<meta property=\"og:image\" content=\"https:\/\/www.inmsol.com\/wp-content\/uploads\/2020\/06\/Volvemos-a-clase.jpg\" \/>\n\t<meta property=\"og:image:width\" content=\"1200\" \/>\n\t<meta property=\"og:image:height\" content=\"800\" \/>\n\t<meta property=\"og:image:type\" content=\"image\/jpeg\" \/>\n<meta name=\"author\" content=\"Rocio Mart\u00ednez\" \/>\n<meta name=\"twitter:label1\" content=\"Escrito por\" \/>\n\t<meta name=\"twitter:data1\" content=\"Rocio Mart\u00ednez\" \/>\n\t<meta name=\"twitter:label2\" content=\"Tiempo de lectura\" \/>\n\t<meta name=\"twitter:data2\" content=\"4 minutos\" \/>\n<script type=\"application\/ld+json\" class=\"yoast-schema-graph\">{\"@context\":\"https:\\\/\\\/schema.org\",\"@graph\":[{\"@type\":\"Article\",\"@id\":\"https:\\\/\\\/www.inmsol.com\\\/es\\\/blog-escuela\\\/volvemos-a-clases-presenciales-medidas-seguridad\\\/#article\",\"isPartOf\":{\"@id\":\"https:\\\/\\\/www.inmsol.com\\\/es\\\/blog-escuela\\\/volvemos-a-clases-presenciales-medidas-seguridad\\\/\"},\"author\":{\"name\":\"Rocio Mart\u00ednez\",\"@id\":\"https:\\\/\\\/www.inmsol.com\\\/es\\\/#\\\/schema\\\/person\\\/d041a9956283741a6ed56e0530eb28b5\"},\"headline\":\"Volvemos a las clases presenciales: medidas de seguridad\",\"datePublished\":\"2020-06-01T08:39:04+00:00\",\"dateModified\":\"2020-08-07T11:28:55+00:00\",\"mainEntityOfPage\":{\"@id\":\"https:\\\/\\\/www.inmsol.com\\\/es\\\/blog-escuela\\\/volvemos-a-clases-presenciales-medidas-seguridad\\\/\"},\"wordCount\":878,\"commentCount\":0,\"publisher\":{\"@id\":\"https:\\\/\\\/www.inmsol.com\\\/es\\\/#organization\"},\"image\":{\"@id\":\"https:\\\/\\\/www.inmsol.com\\\/es\\\/blog-escuela\\\/volvemos-a-clases-presenciales-medidas-seguridad\\\/#primaryimage\"},\"thumbnailUrl\":\"https:\\\/\\\/www.inmsol.com\\\/wp-content\\\/uploads\\\/2020\\\/06\\\/Volvemos-a-clase.jpg\",\"keywords\":[\"COVID-19\",\"escuela de espa\u00f1ol\",\"fase 2\",\"granada\",\"medidas de seguridad\",\"reapertura\"],\"articleSection\":[\"Blog Escuela Espa\u00f1ol\",\"Noticias y Servicios iNMSOL\"],\"inLanguage\":\"es\",\"potentialAction\":[{\"@type\":\"CommentAction\",\"name\":\"Comment\",\"target\":[\"https:\\\/\\\/www.inmsol.com\\\/es\\\/blog-escuela\\\/volvemos-a-clases-presenciales-medidas-seguridad\\\/#respond\"]}]},{\"@type\":\"WebPage\",\"@id\":\"https:\\\/\\\/www.inmsol.com\\\/es\\\/blog-escuela\\\/volvemos-a-clases-presenciales-medidas-seguridad\\\/\",\"url\":\"https:\\\/\\\/www.inmsol.com\\\/es\\\/blog-escuela\\\/volvemos-a-clases-presenciales-medidas-seguridad\\\/\",\"name\":\"Volvemos a las clases presenciales: medidas de seguridad | Blog iNMSOL\",\"isPartOf\":{\"@id\":\"https:\\\/\\\/www.inmsol.com\\\/es\\\/#website\"},\"primaryImageOfPage\":{\"@id\":\"https:\\\/\\\/www.inmsol.com\\\/es\\\/blog-escuela\\\/volvemos-a-clases-presenciales-medidas-seguridad\\\/#primaryimage\"},\"image\":{\"@id\":\"https:\\\/\\\/www.inmsol.com\\\/es\\\/blog-escuela\\\/volvemos-a-clases-presenciales-medidas-seguridad\\\/#primaryimage\"},\"thumbnailUrl\":\"https:\\\/\\\/www.inmsol.com\\\/wp-content\\\/uploads\\\/2020\\\/06\\\/Volvemos-a-clase.jpg\",\"datePublished\":\"2020-06-01T08:39:04+00:00\",\"dateModified\":\"2020-08-07T11:28:55+00:00\",\"description\":\"\u00a1En iNMSOL volvemos a las clases presenciales! Informamos a todos nuestros estudiantes de las medidas de higiene y seguridad que estamos tomando.\",\"breadcrumb\":{\"@id\":\"https:\\\/\\\/www.inmsol.com\\\/es\\\/blog-escuela\\\/volvemos-a-clases-presenciales-medidas-seguridad\\\/#breadcrumb\"},\"inLanguage\":\"es\",\"potentialAction\":[{\"@type\":\"ReadAction\",\"target\":[\"https:\\\/\\\/www.inmsol.com\\\/es\\\/blog-escuela\\\/volvemos-a-clases-presenciales-medidas-seguridad\\\/\"]}]},{\"@type\":\"ImageObject\",\"inLanguage\":\"es\",\"@id\":\"https:\\\/\\\/www.inmsol.com\\\/es\\\/blog-escuela\\\/volvemos-a-clases-presenciales-medidas-seguridad\\\/#primaryimage\",\"url\":\"https:\\\/\\\/www.inmsol.com\\\/wp-content\\\/uploads\\\/2020\\\/06\\\/Volvemos-a-clase.jpg\",\"contentUrl\":\"https:\\\/\\\/www.inmsol.com\\\/wp-content\\\/uploads\\\/2020\\\/06\\\/Volvemos-a-clase.jpg\",\"width\":1200,\"height\":800,\"caption\":\"Volvemos a clase\"},{\"@type\":\"BreadcrumbList\",\"@id\":\"https:\\\/\\\/www.inmsol.com\\\/es\\\/blog-escuela\\\/volvemos-a-clases-presenciales-medidas-seguridad\\\/#breadcrumb\",\"itemListElement\":[{\"@type\":\"ListItem\",\"position\":1,\"name\":\"Accredited Center by Instituto Cervantes\",\"item\":\"https:\\\/\\\/www.inmsol.com\\\/es\\\/pagina-ejemplo\\\/\"},{\"@type\":\"ListItem\",\"position\":2,\"name\":\"Blog Escuela Espa\u00f1ol\",\"item\":\"https:\\\/\\\/www.inmsol.com\\\/es\\\/category\\\/blog-escuela\\\/\"},{\"@type\":\"ListItem\",\"position\":3,\"name\":\"Volvemos a las clases presenciales: medidas de seguridad\"}]},{\"@type\":\"WebSite\",\"@id\":\"https:\\\/\\\/www.inmsol.com\\\/es\\\/#website\",\"url\":\"https:\\\/\\\/www.inmsol.com\\\/es\\\/\",\"name\":\"iNMSOL\",\"description\":\"Aprenda Espa\u00f1ol con iNMSOL en Granada | Centro Acreditado por el Instituto Cervantes\",\"publisher\":{\"@id\":\"https:\\\/\\\/www.inmsol.com\\\/es\\\/#organization\"},\"potentialAction\":[{\"@type\":\"SearchAction\",\"target\":{\"@type\":\"EntryPoint\",\"urlTemplate\":\"https:\\\/\\\/www.inmsol.com\\\/es\\\/?s={search_term_string}\"},\"query-input\":{\"@type\":\"PropertyValueSpecification\",\"valueRequired\":true,\"valueName\":\"search_term_string\"}}],\"inLanguage\":\"es\"},{\"@type\":\"Organization\",\"@id\":\"https:\\\/\\\/www.inmsol.com\\\/es\\\/#organization\",\"name\":\"Instituto Mediterr\u00e1neo Sol\",\"url\":\"https:\\\/\\\/www.inmsol.com\\\/es\\\/\",\"logo\":{\"@type\":\"ImageObject\",\"inLanguage\":\"es\",\"@id\":\"https:\\\/\\\/www.inmsol.com\\\/es\\\/#\\\/schema\\\/logo\\\/image\\\/\",\"url\":\"https:\\\/\\\/www.inmsol.com\\\/wp-content\\\/uploads\\\/2023\\\/06\\\/logo-inmsol-1.png\",\"contentUrl\":\"https:\\\/\\\/www.inmsol.com\\\/wp-content\\\/uploads\\\/2023\\\/06\\\/logo-inmsol-1.png\",\"width\":136,\"height\":73,\"caption\":\"Instituto Mediterr\u00e1neo Sol\"},\"image\":{\"@id\":\"https:\\\/\\\/www.inmsol.com\\\/es\\\/#\\\/schema\\\/logo\\\/image\\\/\"},\"sameAs\":[\"https:\\\/\\\/www.facebook.com\\\/spanishcourses\",\"https:\\\/\\\/x.com\\\/StudyInGranada\",\"http:\\\/\\\/instagram.com\\\/imsolgranada\",\"https:\\\/\\\/es.linkedin.com\\\/company\\\/imsol-granada\",\"https:\\\/\\\/www.pinterest.es\\\/inmsol\\\/\",\"https:\\\/\\\/www.youtube.com\\\/channel\\\/UChz-Qn_7coFMosY85iYMO4g\"]},{\"@type\":\"Person\",\"@id\":\"https:\\\/\\\/www.inmsol.com\\\/es\\\/#\\\/schema\\\/person\\\/d041a9956283741a6ed56e0530eb28b5\",\"name\":\"Rocio Mart\u00ednez\",\"image\":{\"@type\":\"ImageObject\",\"inLanguage\":\"es\",\"@id\":\"https:\\\/\\\/secure.gravatar.com\\\/avatar\\\/95b9b0d999ef55a048952ade325bea9ee664237dc576277e59c3cc8fc6ea1123?s=96&d=mm&r=g\",\"url\":\"https:\\\/\\\/secure.gravatar.com\\\/avatar\\\/95b9b0d999ef55a048952ade325bea9ee664237dc576277e59c3cc8fc6ea1123?s=96&d=mm&r=g\",\"contentUrl\":\"https:\\\/\\\/secure.gravatar.com\\\/avatar\\\/95b9b0d999ef55a048952ade325bea9ee664237dc576277e59c3cc8fc6ea1123?s=96&d=mm&r=g\",\"caption\":\"Rocio Mart\u00ednez\"},\"url\":\"https:\\\/\\\/www.inmsol.com\\\/es\\\/author\\\/secretaria\\\/\"}]}<\/script>\n<!-- \/ Yoast SEO plugin. -->","yoast_head_json":{"title":"Volvemos a las clases presenciales: medidas de seguridad | Blog iNMSOL","description":"\u00a1En iNMSOL volvemos a las clases presenciales! Informamos a todos nuestros estudiantes de las medidas de higiene y seguridad que estamos tomando.","robots":{"index":"index","follow":"follow","max-snippet":"max-snippet:-1","max-image-preview":"max-image-preview:large","max-video-preview":"max-video-preview:-1"},"canonical":"https:\/\/www.inmsol.com\/es\/blog-escuela\/volvemos-a-clases-presenciales-medidas-seguridad\/","og_locale":"es_ES","og_type":"article","og_title":"Volvemos a las clases presenciales: medidas de seguridad","og_description":"\u00a1En iNMSOL volvemos a las clases presenciales! Informamos a todos nuestros estudiantes de las medidas de higiene y seguridad que estamos tomando.","og_url":"https:\/\/www.inmsol.com\/es\/blog-escuela\/volvemos-a-clases-presenciales-medidas-seguridad\/","og_site_name":"iNMSOL","article_publisher":"https:\/\/www.facebook.com\/spanishcourses","article_published_time":"2020-06-01T08:39:04+00:00","article_modified_time":"2020-08-07T11:28:55+00:00","og_image":[{"width":1200,"height":800,"url":"https:\/\/www.inmsol.com\/wp-content\/uploads\/2020\/06\/Volvemos-a-clase.jpg","type":"image\/jpeg"}],"author":"Rocio Mart\u00ednez","twitter_misc":{"Escrito por":"Rocio Mart\u00ednez","Tiempo de lectura":"4 minutos"},"schema":{"@context":"https:\/\/schema.org","@graph":[{"@type":"Article","@id":"https:\/\/www.inmsol.com\/es\/blog-escuela\/volvemos-a-clases-presenciales-medidas-seguridad\/#article","isPartOf":{"@id":"https:\/\/www.inmsol.com\/es\/blog-escuela\/volvemos-a-clases-presenciales-medidas-seguridad\/"},"author":{"name":"Rocio Mart\u00ednez","@id":"https:\/\/www.inmsol.com\/es\/#\/schema\/person\/d041a9956283741a6ed56e0530eb28b5"},"headline":"Volvemos a las clases presenciales: medidas de seguridad","datePublished":"2020-06-01T08:39:04+00:00","dateModified":"2020-08-07T11:28:55+00:00","mainEntityOfPage":{"@id":"https:\/\/www.inmsol.com\/es\/blog-escuela\/volvemos-a-clases-presenciales-medidas-seguridad\/"},"wordCount":878,"commentCount":0,"publisher":{"@id":"https:\/\/www.inmsol.com\/es\/#organization"},"image":{"@id":"https:\/\/www.inmsol.com\/es\/blog-escuela\/volvemos-a-clases-presenciales-medidas-seguridad\/#primaryimage"},"thumbnailUrl":"https:\/\/www.inmsol.com\/wp-content\/uploads\/2020\/06\/Volvemos-a-clase.jpg","keywords":["COVID-19","escuela de espa\u00f1ol","fase 2","granada","medidas de seguridad","reapertura"],"articleSection":["Blog Escuela Espa\u00f1ol","Noticias y Servicios iNMSOL"],"inLanguage":"es","potentialAction":[{"@type":"CommentAction","name":"Comment","target":["https:\/\/www.inmsol.com\/es\/blog-escuela\/volvemos-a-clases-presenciales-medidas-seguridad\/#respond"]}]},{"@type":"WebPage","@id":"https:\/\/www.inmsol.com\/es\/blog-escuela\/volvemos-a-clases-presenciales-medidas-seguridad\/","url":"https:\/\/www.inmsol.com\/es\/blog-escuela\/volvemos-a-clases-presenciales-medidas-seguridad\/","name":"Volvemos a las clases presenciales: medidas de seguridad | Blog iNMSOL","isPartOf":{"@id":"https:\/\/www.inmsol.com\/es\/#website"},"primaryImageOfPage":{"@id":"https:\/\/www.inmsol.com\/es\/blog-escuela\/volvemos-a-clases-presenciales-medidas-seguridad\/#primaryimage"},"image":{"@id":"https:\/\/www.inmsol.com\/es\/blog-escuela\/volvemos-a-clases-presenciales-medidas-seguridad\/#primaryimage"},"thumbnailUrl":"https:\/\/www.inmsol.com\/wp-content\/uploads\/2020\/06\/Volvemos-a-clase.jpg","datePublished":"2020-06-01T08:39:04+00:00","dateModified":"2020-08-07T11:28:55+00:00","description":"\u00a1En iNMSOL volvemos a las clases presenciales! Informamos a todos nuestros estudiantes de las medidas de higiene y seguridad que estamos tomando.","breadcrumb":{"@id":"https:\/\/www.inmsol.com\/es\/blog-escuela\/volvemos-a-clases-presenciales-medidas-seguridad\/#breadcrumb"},"inLanguage":"es","potentialAction":[{"@type":"ReadAction","target":["https:\/\/www.inmsol.com\/es\/blog-escuela\/volvemos-a-clases-presenciales-medidas-seguridad\/"]}]},{"@type":"ImageObject","inLanguage":"es","@id":"https:\/\/www.inmsol.com\/es\/blog-escuela\/volvemos-a-clases-presenciales-medidas-seguridad\/#primaryimage","url":"https:\/\/www.inmsol.com\/wp-content\/uploads\/2020\/06\/Volvemos-a-clase.jpg","contentUrl":"https:\/\/www.inmsol.com\/wp-content\/uploads\/2020\/06\/Volvemos-a-clase.jpg","width":1200,"height":800,"caption":"Volvemos a clase"},{"@type":"BreadcrumbList","@id":"https:\/\/www.inmsol.com\/es\/blog-escuela\/volvemos-a-clases-presenciales-medidas-seguridad\/#breadcrumb","itemListElement":[{"@type":"ListItem","position":1,"name":"Accredited Center by Instituto Cervantes","item":"https:\/\/www.inmsol.com\/es\/pagina-ejemplo\/"},{"@type":"ListItem","position":2,"name":"Blog Escuela Espa\u00f1ol","item":"https:\/\/www.inmsol.com\/es\/category\/blog-escuela\/"},{"@type":"ListItem","position":3,"name":"Volvemos a las clases presenciales: medidas de seguridad"}]},{"@type":"WebSite","@id":"https:\/\/www.inmsol.com\/es\/#website","url":"https:\/\/www.inmsol.com\/es\/","name":"iNMSOL","description":"Aprenda Espa\u00f1ol con iNMSOL en Granada | Centro Acreditado por el Instituto Cervantes","publisher":{"@id":"https:\/\/www.inmsol.com\/es\/#organization"},"potentialAction":[{"@type":"SearchAction","target":{"@type":"EntryPoint","urlTemplate":"https:\/\/www.inmsol.com\/es\/?s={search_term_string}"},"query-input":{"@type":"PropertyValueSpecification","valueRequired":true,"valueName":"search_term_string"}}],"inLanguage":"es"},{"@type":"Organization","@id":"https:\/\/www.inmsol.com\/es\/#organization","name":"Instituto Mediterr\u00e1neo Sol","url":"https:\/\/www.inmsol.com\/es\/","logo":{"@type":"ImageObject","inLanguage":"es","@id":"https:\/\/www.inmsol.com\/es\/#\/schema\/logo\/image\/","url":"https:\/\/www.inmsol.com\/wp-content\/uploads\/2023\/06\/logo-inmsol-1.png","contentUrl":"https:\/\/www.inmsol.com\/wp-content\/uploads\/2023\/06\/logo-inmsol-1.png","width":136,"height":73,"caption":"Instituto Mediterr\u00e1neo Sol"},"image":{"@id":"https:\/\/www.inmsol.com\/es\/#\/schema\/logo\/image\/"},"sameAs":["https:\/\/www.facebook.com\/spanishcourses","https:\/\/x.com\/StudyInGranada","http:\/\/instagram.com\/imsolgranada","https:\/\/es.linkedin.com\/company\/imsol-granada","https:\/\/www.pinterest.es\/inmsol\/","https:\/\/www.youtube.com\/channel\/UChz-Qn_7coFMosY85iYMO4g"]},{"@type":"Person","@id":"https:\/\/www.inmsol.com\/es\/#\/schema\/person\/d041a9956283741a6ed56e0530eb28b5","name":"Rocio Mart\u00ednez","image":{"@type":"ImageObject","inLanguage":"es","@id":"https:\/\/secure.gravatar.com\/avatar\/95b9b0d999ef55a048952ade325bea9ee664237dc576277e59c3cc8fc6ea1123?s=96&d=mm&r=g","url":"https:\/\/secure.gravatar.com\/avatar\/95b9b0d999ef55a048952ade325bea9ee664237dc576277e59c3cc8fc6ea1123?s=96&d=mm&r=g","contentUrl":"https:\/\/secure.gravatar.com\/avatar\/95b9b0d999ef55a048952ade325bea9ee664237dc576277e59c3cc8fc6ea1123?s=96&d=mm&r=g","caption":"Rocio Mart\u00ednez"},"url":"https:\/\/www.inmsol.com\/es\/author\/secretaria\/"}]}},"_links":{"self":[{"href":"https:\/\/www.inmsol.com\/es\/wp-json\/wp\/v2\/posts\/50296","targetHints":{"allow":["GET"]}}],"collection":[{"href":"https:\/\/www.inmsol.com\/es\/wp-json\/wp\/v2\/posts"}],"about":[{"href":"https:\/\/www.inmsol.com\/es\/wp-json\/wp\/v2\/types\/post"}],"author":[{"embeddable":true,"href":"https:\/\/www.inmsol.com\/es\/wp-json\/wp\/v2\/users\/31"}],"replies":[{"embeddable":true,"href":"https:\/\/www.inmsol.com\/es\/wp-json\/wp\/v2\/comments?post=50296"}],"version-history":[{"count":0,"href":"https:\/\/www.inmsol.com\/es\/wp-json\/wp\/v2\/posts\/50296\/revisions"}],"wp:featuredmedia":[{"embeddable":true,"href":"https:\/\/www.inmsol.com\/es\/wp-json\/wp\/v2\/media\/50406"}],"wp:attachment":[{"href":"https:\/\/www.inmsol.com\/es\/wp-json\/wp\/v2\/media?parent=50296"}],"wp:term":[{"taxonomy":"category","embeddable":true,"href":"https:\/\/www.inmsol.com\/es\/wp-json\/wp\/v2\/categories?post=50296"},{"taxonomy":"post_tag","embeddable":true,"href":"https:\/\/www.inmsol.com\/es\/wp-json\/wp\/v2\/tags?post=50296"}],"curies":[{"name":"wp","href":"https:\/\/api.w.org\/{rel}","templated":true}]}}