{"id":559,"date":"2010-12-14T12:53:03","date_gmt":"2010-12-14T11:53:03","guid":{"rendered":"https:\/\/www.inmsol.com\/"},"modified":"2019-05-02T09:15:37","modified_gmt":"2019-05-02T07:15:37","slug":"muere-enrique-morente-el-cantaor-que-renovo-el-flamenco","status":"publish","type":"post","link":"https:\/\/www.inmsol.com\/es\/blog-escuela\/cultura-literatura-historia-espana-es\/muere-enrique-morente-el-cantaor-que-renovo-el-flamenco\/","title":{"rendered":"Muere Enrique Morente, el cantaor que renov\u00f3 el flamenco"},"content":{"rendered":"<div style=\"width: 310px\" class=\"wp-caption alignnone\"><img fetchpriority=\"high\" decoding=\"async\" src=\"https:\/\/www.inmsol.com\/wp-content\/files\/Enrique-Morente-2_0.jpg\" width=\"300\" height=\"221\" \/><p class=\"wp-caption-text\">align=right<\/p><\/div>\n<p><strong>Enrique Morente<\/strong> ya est\u00e1 <em>donde penas y dichas no son m\u00e1s que nombres<\/em>, como \u00e9l cantaba en una de sus idas y venidas a los versos de los grandes poetas, a los que dio un nuevo vuelo desde su quijotesco y surrealista modo de entender el flamenco, de cuya ortodoxia, curiosamente, era el due\u00f1o.<\/p>\n<p>Morente era todo: el ortodoxo, el vanguardista, el que se adapta, el que experimenta, el paciente, el escapista, el de vertiginoso pensamiento y sentencias como fogonazos geniales, el de las rendijas por ojos, el de amigos hasta en el infierno, pero, sobre todo, el artista que hiciera lo que hiciera fascinaba al p\u00fablico.<br \/>\n\u00abCreativo\u00bb, como \u00e9l llamaba a contar m\u00e1s \u00abembustes\u00bb que el m\u00edtico Peric\u00f3n, llevaba a sus 68 a\u00f1os casi cumplidos (los hubiera hecho el d\u00eda de Navidad) medio siglo de carrera y ten\u00eda entre sus m\u00e9ritos haber sido el depositario del saber enciclop\u00e9dico de Pepe de la Matrona, y ser el \u00fanico capaz de cantar los 49 palos y medio del jondo.<\/p>\n<p>(&#8230;.)<\/p>\n<p>La inquietud, la improvisaci\u00f3n y el arte fueron su sello, orgulloso de que su nombre atrajera a los nuevos flamencos y enamorara a los de raza aunque, parad\u00f3jicamente, s\u00f3lo ten\u00eda una pe\u00f1a dedicada a \u00e9l en toda Espa\u00f1a (en Oviedo)- y eso, re\u00eda achicando los ojos, \u00abpor pena\u00bb.<\/p>\n<p>En los sesenta hizo su primera aparici\u00f3n en un festival flamenco, con un cartel de \u00abterremoto\u00bb: Juan Talega, Fernanda y Bernarda de Utrera, Gaspar de Utrera, Tom\u00e1s Torre y Antonio Mairena. Su prestigio creci\u00f3 exponencialmente cuando entr\u00f3 a formar parte del elenco de artistas de Zambra, donde cultiv\u00f3 el cante p&#8217;atr\u00e1s y p&#8217;alante conviviendo con fen\u00f3menos como Rafael Romero El Gallina, Juan Varea o Perico el del Lunar.<br \/>\nDespu\u00e9s de ganar el Primer Premio del Certamen M\u00e1laga Cantaora germin\u00f3 su choque con los estereotipos que yacen en la ortodoxia del flamenco, que \u00e9l cre\u00eda que deb\u00edan ser justo la invitaci\u00f3n a recorrer nuevas veredas, siempre con naturalidad, sinceridad y honestidad, viendo si los errores le serv\u00edan para explorar nuevos mundos. \u00abCuando se intentan nuevas cosas, no todo va a salir perfecto, todo no va a salir bien. Para m\u00ed ser\u00eda mucho m\u00e1s c\u00f3modo estar cantando siempre la malague\u00f1a de El Canario, pero me aburre cantar siempre igual\u00bb, dec\u00eda.<\/p>\n<p>Era su peor cr\u00edtico, \u00abel m\u00e1s terrible\u00bb, siempre enfadado con \u00e9l mismo porque, aseguraba, nunca hac\u00eda las cosas como quer\u00eda. \u00abHoy hago bien las cosas con las que so\u00f1aba hace diez a\u00f1os. Soy el Morente que hace diez a\u00f1os quer\u00eda ser\u00bb, como si fuera un verso de sus adorados Miguel Hern\u00e1ndez, Federico Garc\u00eda Lorca, Antonio Machado, Lope de Vega, San Juan de la Cruz, o Pablo Ru\u00edz Picasso, en cuyos brazos \u00abmor\u00eda\u00bb.<\/p>\n<p><a href=\"http:\/\/www.publico.es\/\" target=\"_blank\" rel=\"noopener noreferrer\">Fuente<\/a><\/p>\n","protected":false},"excerpt":{"rendered":"<p>Enrique Morente ya est\u00e1 donde penas y dichas no son m\u00e1s que nombres, como \u00e9l cantaba en una de sus idas y venidas a los versos de los grandes poetas, a los que dio un nuevo vuelo desde su quijotesco y surrealista modo de entender&#8230;<\/p>\n","protected":false},"author":2,"featured_media":0,"comment_status":"closed","ping_status":"closed","sticky":false,"template":"","format":"standard","meta":{"_acf_changed":false,"footnotes":""},"categories":[83],"tags":[],"class_list":["post-559","post","type-post","status-publish","format-standard","hentry","category-cultura-literatura-historia-espana-es"],"acf":[],"yoast_head":"<!-- This site is optimized with the Yoast SEO plugin v27.5 - https:\/\/yoast.com\/product\/yoast-seo-wordpress\/ -->\n<title>Muere Enrique Morente, el cantaor que renov\u00f3 el flamenco | cantaor, lorca, picasso, espa\u00f1a | INMSOL<\/title>\n<meta name=\"description\" content=\"Muere Enrique Morente, el cantaor que renov\u00f3 el flamenco\" \/>\n<meta name=\"robots\" content=\"index, follow, max-snippet:-1, max-image-preview:large, max-video-preview:-1\" \/>\n<link rel=\"canonical\" href=\"https:\/\/www.inmsol.com\/es\/blog-escuela\/cultura-literatura-historia-espana-es\/muere-enrique-morente-el-cantaor-que-renovo-el-flamenco\/\" \/>\n<meta property=\"og:locale\" content=\"es_ES\" \/>\n<meta property=\"og:type\" content=\"article\" \/>\n<meta property=\"og:title\" content=\"Muere Enrique Morente, el cantaor que renov\u00f3 el flamenco | cantaor, lorca, picasso, espa\u00f1a | INMSOL\" \/>\n<meta property=\"og:description\" content=\"Muere Enrique Morente, el cantaor que renov\u00f3 el flamenco\" \/>\n<meta property=\"og:url\" content=\"https:\/\/www.inmsol.com\/es\/blog-escuela\/cultura-literatura-historia-espana-es\/muere-enrique-morente-el-cantaor-que-renovo-el-flamenco\/\" \/>\n<meta property=\"og:site_name\" content=\"iNMSOL\" \/>\n<meta property=\"article:publisher\" content=\"https:\/\/www.facebook.com\/spanishcourses\" \/>\n<meta property=\"article:published_time\" content=\"2010-12-14T11:53:03+00:00\" \/>\n<meta property=\"article:modified_time\" content=\"2019-05-02T07:15:37+00:00\" \/>\n<meta property=\"og:image\" content=\"https:\/\/www.inmsol.com\/wp-content\/files\/Enrique-Morente-2_0.jpg\" \/>\n<meta name=\"author\" content=\"Javier Torres\" \/>\n<meta name=\"twitter:label1\" content=\"Escrito por\" \/>\n\t<meta name=\"twitter:data1\" content=\"Javier Torres\" \/>\n\t<meta name=\"twitter:label2\" content=\"Tiempo de lectura\" \/>\n\t<meta name=\"twitter:data2\" content=\"2 minutos\" \/>\n<script type=\"application\/ld+json\" class=\"yoast-schema-graph\">{\"@context\":\"https:\\\/\\\/schema.org\",\"@graph\":[{\"@type\":\"Article\",\"@id\":\"https:\\\/\\\/www.inmsol.com\\\/es\\\/blog-escuela\\\/cultura-literatura-historia-espana-es\\\/muere-enrique-morente-el-cantaor-que-renovo-el-flamenco\\\/#article\",\"isPartOf\":{\"@id\":\"https:\\\/\\\/www.inmsol.com\\\/es\\\/blog-escuela\\\/cultura-literatura-historia-espana-es\\\/muere-enrique-morente-el-cantaor-que-renovo-el-flamenco\\\/\"},\"author\":{\"name\":\"Javier Torres\",\"@id\":\"https:\\\/\\\/www.inmsol.com\\\/es\\\/#\\\/schema\\\/person\\\/18f18acd0397ef441e373e79ec3eb6ea\"},\"headline\":\"Muere Enrique Morente, el cantaor que renov\u00f3 el flamenco\",\"datePublished\":\"2010-12-14T11:53:03+00:00\",\"dateModified\":\"2019-05-02T07:15:37+00:00\",\"mainEntityOfPage\":{\"@id\":\"https:\\\/\\\/www.inmsol.com\\\/es\\\/blog-escuela\\\/cultura-literatura-historia-espana-es\\\/muere-enrique-morente-el-cantaor-que-renovo-el-flamenco\\\/\"},\"wordCount\":510,\"publisher\":{\"@id\":\"https:\\\/\\\/www.inmsol.com\\\/es\\\/#organization\"},\"image\":{\"@id\":\"https:\\\/\\\/www.inmsol.com\\\/es\\\/blog-escuela\\\/cultura-literatura-historia-espana-es\\\/muere-enrique-morente-el-cantaor-que-renovo-el-flamenco\\\/#primaryimage\"},\"thumbnailUrl\":\"https:\\\/\\\/www.inmsol.com\\\/wp-content\\\/files\\\/Enrique-Morente-2_0.jpg\",\"articleSection\":[\"Cultura, Literatura e Historia de Espa\u00f1a e Hispanoam\u00e9rica\"],\"inLanguage\":\"es\"},{\"@type\":\"WebPage\",\"@id\":\"https:\\\/\\\/www.inmsol.com\\\/es\\\/blog-escuela\\\/cultura-literatura-historia-espana-es\\\/muere-enrique-morente-el-cantaor-que-renovo-el-flamenco\\\/\",\"url\":\"https:\\\/\\\/www.inmsol.com\\\/es\\\/blog-escuela\\\/cultura-literatura-historia-espana-es\\\/muere-enrique-morente-el-cantaor-que-renovo-el-flamenco\\\/\",\"name\":\"Muere Enrique Morente, el cantaor que renov\u00f3 el flamenco | cantaor, lorca, picasso, espa\u00f1a | INMSOL\",\"isPartOf\":{\"@id\":\"https:\\\/\\\/www.inmsol.com\\\/es\\\/#website\"},\"primaryImageOfPage\":{\"@id\":\"https:\\\/\\\/www.inmsol.com\\\/es\\\/blog-escuela\\\/cultura-literatura-historia-espana-es\\\/muere-enrique-morente-el-cantaor-que-renovo-el-flamenco\\\/#primaryimage\"},\"image\":{\"@id\":\"https:\\\/\\\/www.inmsol.com\\\/es\\\/blog-escuela\\\/cultura-literatura-historia-espana-es\\\/muere-enrique-morente-el-cantaor-que-renovo-el-flamenco\\\/#primaryimage\"},\"thumbnailUrl\":\"https:\\\/\\\/www.inmsol.com\\\/wp-content\\\/files\\\/Enrique-Morente-2_0.jpg\",\"datePublished\":\"2010-12-14T11:53:03+00:00\",\"dateModified\":\"2019-05-02T07:15:37+00:00\",\"description\":\"Muere Enrique Morente, el cantaor que renov\u00f3 el flamenco\",\"breadcrumb\":{\"@id\":\"https:\\\/\\\/www.inmsol.com\\\/es\\\/blog-escuela\\\/cultura-literatura-historia-espana-es\\\/muere-enrique-morente-el-cantaor-que-renovo-el-flamenco\\\/#breadcrumb\"},\"inLanguage\":\"es\",\"potentialAction\":[{\"@type\":\"ReadAction\",\"target\":[\"https:\\\/\\\/www.inmsol.com\\\/es\\\/blog-escuela\\\/cultura-literatura-historia-espana-es\\\/muere-enrique-morente-el-cantaor-que-renovo-el-flamenco\\\/\"]}]},{\"@type\":\"ImageObject\",\"inLanguage\":\"es\",\"@id\":\"https:\\\/\\\/www.inmsol.com\\\/es\\\/blog-escuela\\\/cultura-literatura-historia-espana-es\\\/muere-enrique-morente-el-cantaor-que-renovo-el-flamenco\\\/#primaryimage\",\"url\":\"https:\\\/\\\/www.inmsol.com\\\/wp-content\\\/files\\\/Enrique-Morente-2_0.jpg\",\"contentUrl\":\"https:\\\/\\\/www.inmsol.com\\\/wp-content\\\/files\\\/Enrique-Morente-2_0.jpg\"},{\"@type\":\"BreadcrumbList\",\"@id\":\"https:\\\/\\\/www.inmsol.com\\\/es\\\/blog-escuela\\\/cultura-literatura-historia-espana-es\\\/muere-enrique-morente-el-cantaor-que-renovo-el-flamenco\\\/#breadcrumb\",\"itemListElement\":[{\"@type\":\"ListItem\",\"position\":1,\"name\":\"Accredited Center by Instituto Cervantes\",\"item\":\"https:\\\/\\\/www.inmsol.com\\\/es\\\/pagina-ejemplo\\\/\"},{\"@type\":\"ListItem\",\"position\":2,\"name\":\"Blog Escuela Espa\u00f1ol\",\"item\":\"https:\\\/\\\/www.inmsol.com\\\/es\\\/category\\\/blog-escuela\\\/\"},{\"@type\":\"ListItem\",\"position\":3,\"name\":\"Cultura, Literatura e Historia de Espa\u00f1a e Hispanoam\u00e9rica\",\"item\":\"https:\\\/\\\/www.inmsol.com\\\/es\\\/category\\\/blog-escuela\\\/cultura-literatura-historia-espana-es\\\/\"},{\"@type\":\"ListItem\",\"position\":4,\"name\":\"Muere Enrique Morente, el cantaor que renov\u00f3 el flamenco\"}]},{\"@type\":\"WebSite\",\"@id\":\"https:\\\/\\\/www.inmsol.com\\\/es\\\/#website\",\"url\":\"https:\\\/\\\/www.inmsol.com\\\/es\\\/\",\"name\":\"iNMSOL\",\"description\":\"Aprenda Espa\u00f1ol con iNMSOL en Granada | Centro Acreditado por el Instituto Cervantes\",\"publisher\":{\"@id\":\"https:\\\/\\\/www.inmsol.com\\\/es\\\/#organization\"},\"potentialAction\":[{\"@type\":\"SearchAction\",\"target\":{\"@type\":\"EntryPoint\",\"urlTemplate\":\"https:\\\/\\\/www.inmsol.com\\\/es\\\/?s={search_term_string}\"},\"query-input\":{\"@type\":\"PropertyValueSpecification\",\"valueRequired\":true,\"valueName\":\"search_term_string\"}}],\"inLanguage\":\"es\"},{\"@type\":\"Organization\",\"@id\":\"https:\\\/\\\/www.inmsol.com\\\/es\\\/#organization\",\"name\":\"Instituto Mediterr\u00e1neo Sol\",\"url\":\"https:\\\/\\\/www.inmsol.com\\\/es\\\/\",\"logo\":{\"@type\":\"ImageObject\",\"inLanguage\":\"es\",\"@id\":\"https:\\\/\\\/www.inmsol.com\\\/es\\\/#\\\/schema\\\/logo\\\/image\\\/\",\"url\":\"https:\\\/\\\/www.inmsol.com\\\/wp-content\\\/uploads\\\/2023\\\/06\\\/logo-inmsol-1.png\",\"contentUrl\":\"https:\\\/\\\/www.inmsol.com\\\/wp-content\\\/uploads\\\/2023\\\/06\\\/logo-inmsol-1.png\",\"width\":136,\"height\":73,\"caption\":\"Instituto Mediterr\u00e1neo Sol\"},\"image\":{\"@id\":\"https:\\\/\\\/www.inmsol.com\\\/es\\\/#\\\/schema\\\/logo\\\/image\\\/\"},\"sameAs\":[\"https:\\\/\\\/www.facebook.com\\\/spanishcourses\",\"https:\\\/\\\/x.com\\\/StudyInGranada\",\"http:\\\/\\\/instagram.com\\\/imsolgranada\",\"https:\\\/\\\/es.linkedin.com\\\/company\\\/imsol-granada\",\"https:\\\/\\\/www.pinterest.es\\\/inmsol\\\/\",\"https:\\\/\\\/www.youtube.com\\\/channel\\\/UChz-Qn_7coFMosY85iYMO4g\"]},{\"@type\":\"Person\",\"@id\":\"https:\\\/\\\/www.inmsol.com\\\/es\\\/#\\\/schema\\\/person\\\/18f18acd0397ef441e373e79ec3eb6ea\",\"name\":\"Javier Torres\",\"image\":{\"@type\":\"ImageObject\",\"inLanguage\":\"es\",\"@id\":\"https:\\\/\\\/secure.gravatar.com\\\/avatar\\\/90afa2d6499550218d247408758082af566e5ec3641e1b8eac0d7bb889344a55?s=96&d=mm&r=g\",\"url\":\"https:\\\/\\\/secure.gravatar.com\\\/avatar\\\/90afa2d6499550218d247408758082af566e5ec3641e1b8eac0d7bb889344a55?s=96&d=mm&r=g\",\"contentUrl\":\"https:\\\/\\\/secure.gravatar.com\\\/avatar\\\/90afa2d6499550218d247408758082af566e5ec3641e1b8eac0d7bb889344a55?s=96&d=mm&r=g\",\"caption\":\"Javier Torres\"},\"url\":\"https:\\\/\\\/www.inmsol.com\\\/es\\\/author\\\/javier\\\/\"}]}<\/script>\n<!-- \/ Yoast SEO plugin. -->","yoast_head_json":{"title":"Muere Enrique Morente, el cantaor que renov\u00f3 el flamenco | cantaor, lorca, picasso, espa\u00f1a | INMSOL","description":"Muere Enrique Morente, el cantaor que renov\u00f3 el flamenco","robots":{"index":"index","follow":"follow","max-snippet":"max-snippet:-1","max-image-preview":"max-image-preview:large","max-video-preview":"max-video-preview:-1"},"canonical":"https:\/\/www.inmsol.com\/es\/blog-escuela\/cultura-literatura-historia-espana-es\/muere-enrique-morente-el-cantaor-que-renovo-el-flamenco\/","og_locale":"es_ES","og_type":"article","og_title":"Muere Enrique Morente, el cantaor que renov\u00f3 el flamenco | cantaor, lorca, picasso, espa\u00f1a | INMSOL","og_description":"Muere Enrique Morente, el cantaor que renov\u00f3 el flamenco","og_url":"https:\/\/www.inmsol.com\/es\/blog-escuela\/cultura-literatura-historia-espana-es\/muere-enrique-morente-el-cantaor-que-renovo-el-flamenco\/","og_site_name":"iNMSOL","article_publisher":"https:\/\/www.facebook.com\/spanishcourses","article_published_time":"2010-12-14T11:53:03+00:00","article_modified_time":"2019-05-02T07:15:37+00:00","og_image":[{"url":"https:\/\/www.inmsol.com\/wp-content\/files\/Enrique-Morente-2_0.jpg","type":"","width":"","height":""}],"author":"Javier Torres","twitter_misc":{"Escrito por":"Javier Torres","Tiempo de lectura":"2 minutos"},"schema":{"@context":"https:\/\/schema.org","@graph":[{"@type":"Article","@id":"https:\/\/www.inmsol.com\/es\/blog-escuela\/cultura-literatura-historia-espana-es\/muere-enrique-morente-el-cantaor-que-renovo-el-flamenco\/#article","isPartOf":{"@id":"https:\/\/www.inmsol.com\/es\/blog-escuela\/cultura-literatura-historia-espana-es\/muere-enrique-morente-el-cantaor-que-renovo-el-flamenco\/"},"author":{"name":"Javier Torres","@id":"https:\/\/www.inmsol.com\/es\/#\/schema\/person\/18f18acd0397ef441e373e79ec3eb6ea"},"headline":"Muere Enrique Morente, el cantaor que renov\u00f3 el flamenco","datePublished":"2010-12-14T11:53:03+00:00","dateModified":"2019-05-02T07:15:37+00:00","mainEntityOfPage":{"@id":"https:\/\/www.inmsol.com\/es\/blog-escuela\/cultura-literatura-historia-espana-es\/muere-enrique-morente-el-cantaor-que-renovo-el-flamenco\/"},"wordCount":510,"publisher":{"@id":"https:\/\/www.inmsol.com\/es\/#organization"},"image":{"@id":"https:\/\/www.inmsol.com\/es\/blog-escuela\/cultura-literatura-historia-espana-es\/muere-enrique-morente-el-cantaor-que-renovo-el-flamenco\/#primaryimage"},"thumbnailUrl":"https:\/\/www.inmsol.com\/wp-content\/files\/Enrique-Morente-2_0.jpg","articleSection":["Cultura, Literatura e Historia de Espa\u00f1a e Hispanoam\u00e9rica"],"inLanguage":"es"},{"@type":"WebPage","@id":"https:\/\/www.inmsol.com\/es\/blog-escuela\/cultura-literatura-historia-espana-es\/muere-enrique-morente-el-cantaor-que-renovo-el-flamenco\/","url":"https:\/\/www.inmsol.com\/es\/blog-escuela\/cultura-literatura-historia-espana-es\/muere-enrique-morente-el-cantaor-que-renovo-el-flamenco\/","name":"Muere Enrique Morente, el cantaor que renov\u00f3 el flamenco | cantaor, lorca, picasso, espa\u00f1a | INMSOL","isPartOf":{"@id":"https:\/\/www.inmsol.com\/es\/#website"},"primaryImageOfPage":{"@id":"https:\/\/www.inmsol.com\/es\/blog-escuela\/cultura-literatura-historia-espana-es\/muere-enrique-morente-el-cantaor-que-renovo-el-flamenco\/#primaryimage"},"image":{"@id":"https:\/\/www.inmsol.com\/es\/blog-escuela\/cultura-literatura-historia-espana-es\/muere-enrique-morente-el-cantaor-que-renovo-el-flamenco\/#primaryimage"},"thumbnailUrl":"https:\/\/www.inmsol.com\/wp-content\/files\/Enrique-Morente-2_0.jpg","datePublished":"2010-12-14T11:53:03+00:00","dateModified":"2019-05-02T07:15:37+00:00","description":"Muere Enrique Morente, el cantaor que renov\u00f3 el flamenco","breadcrumb":{"@id":"https:\/\/www.inmsol.com\/es\/blog-escuela\/cultura-literatura-historia-espana-es\/muere-enrique-morente-el-cantaor-que-renovo-el-flamenco\/#breadcrumb"},"inLanguage":"es","potentialAction":[{"@type":"ReadAction","target":["https:\/\/www.inmsol.com\/es\/blog-escuela\/cultura-literatura-historia-espana-es\/muere-enrique-morente-el-cantaor-que-renovo-el-flamenco\/"]}]},{"@type":"ImageObject","inLanguage":"es","@id":"https:\/\/www.inmsol.com\/es\/blog-escuela\/cultura-literatura-historia-espana-es\/muere-enrique-morente-el-cantaor-que-renovo-el-flamenco\/#primaryimage","url":"https:\/\/www.inmsol.com\/wp-content\/files\/Enrique-Morente-2_0.jpg","contentUrl":"https:\/\/www.inmsol.com\/wp-content\/files\/Enrique-Morente-2_0.jpg"},{"@type":"BreadcrumbList","@id":"https:\/\/www.inmsol.com\/es\/blog-escuela\/cultura-literatura-historia-espana-es\/muere-enrique-morente-el-cantaor-que-renovo-el-flamenco\/#breadcrumb","itemListElement":[{"@type":"ListItem","position":1,"name":"Accredited Center by Instituto Cervantes","item":"https:\/\/www.inmsol.com\/es\/pagina-ejemplo\/"},{"@type":"ListItem","position":2,"name":"Blog Escuela Espa\u00f1ol","item":"https:\/\/www.inmsol.com\/es\/category\/blog-escuela\/"},{"@type":"ListItem","position":3,"name":"Cultura, Literatura e Historia de Espa\u00f1a e Hispanoam\u00e9rica","item":"https:\/\/www.inmsol.com\/es\/category\/blog-escuela\/cultura-literatura-historia-espana-es\/"},{"@type":"ListItem","position":4,"name":"Muere Enrique Morente, el cantaor que renov\u00f3 el flamenco"}]},{"@type":"WebSite","@id":"https:\/\/www.inmsol.com\/es\/#website","url":"https:\/\/www.inmsol.com\/es\/","name":"iNMSOL","description":"Aprenda Espa\u00f1ol con iNMSOL en Granada | Centro Acreditado por el Instituto Cervantes","publisher":{"@id":"https:\/\/www.inmsol.com\/es\/#organization"},"potentialAction":[{"@type":"SearchAction","target":{"@type":"EntryPoint","urlTemplate":"https:\/\/www.inmsol.com\/es\/?s={search_term_string}"},"query-input":{"@type":"PropertyValueSpecification","valueRequired":true,"valueName":"search_term_string"}}],"inLanguage":"es"},{"@type":"Organization","@id":"https:\/\/www.inmsol.com\/es\/#organization","name":"Instituto Mediterr\u00e1neo Sol","url":"https:\/\/www.inmsol.com\/es\/","logo":{"@type":"ImageObject","inLanguage":"es","@id":"https:\/\/www.inmsol.com\/es\/#\/schema\/logo\/image\/","url":"https:\/\/www.inmsol.com\/wp-content\/uploads\/2023\/06\/logo-inmsol-1.png","contentUrl":"https:\/\/www.inmsol.com\/wp-content\/uploads\/2023\/06\/logo-inmsol-1.png","width":136,"height":73,"caption":"Instituto Mediterr\u00e1neo Sol"},"image":{"@id":"https:\/\/www.inmsol.com\/es\/#\/schema\/logo\/image\/"},"sameAs":["https:\/\/www.facebook.com\/spanishcourses","https:\/\/x.com\/StudyInGranada","http:\/\/instagram.com\/imsolgranada","https:\/\/es.linkedin.com\/company\/imsol-granada","https:\/\/www.pinterest.es\/inmsol\/","https:\/\/www.youtube.com\/channel\/UChz-Qn_7coFMosY85iYMO4g"]},{"@type":"Person","@id":"https:\/\/www.inmsol.com\/es\/#\/schema\/person\/18f18acd0397ef441e373e79ec3eb6ea","name":"Javier Torres","image":{"@type":"ImageObject","inLanguage":"es","@id":"https:\/\/secure.gravatar.com\/avatar\/90afa2d6499550218d247408758082af566e5ec3641e1b8eac0d7bb889344a55?s=96&d=mm&r=g","url":"https:\/\/secure.gravatar.com\/avatar\/90afa2d6499550218d247408758082af566e5ec3641e1b8eac0d7bb889344a55?s=96&d=mm&r=g","contentUrl":"https:\/\/secure.gravatar.com\/avatar\/90afa2d6499550218d247408758082af566e5ec3641e1b8eac0d7bb889344a55?s=96&d=mm&r=g","caption":"Javier Torres"},"url":"https:\/\/www.inmsol.com\/es\/author\/javier\/"}]}},"_links":{"self":[{"href":"https:\/\/www.inmsol.com\/es\/wp-json\/wp\/v2\/posts\/559","targetHints":{"allow":["GET"]}}],"collection":[{"href":"https:\/\/www.inmsol.com\/es\/wp-json\/wp\/v2\/posts"}],"about":[{"href":"https:\/\/www.inmsol.com\/es\/wp-json\/wp\/v2\/types\/post"}],"author":[{"embeddable":true,"href":"https:\/\/www.inmsol.com\/es\/wp-json\/wp\/v2\/users\/2"}],"replies":[{"embeddable":true,"href":"https:\/\/www.inmsol.com\/es\/wp-json\/wp\/v2\/comments?post=559"}],"version-history":[{"count":0,"href":"https:\/\/www.inmsol.com\/es\/wp-json\/wp\/v2\/posts\/559\/revisions"}],"wp:attachment":[{"href":"https:\/\/www.inmsol.com\/es\/wp-json\/wp\/v2\/media?parent=559"}],"wp:term":[{"taxonomy":"category","embeddable":true,"href":"https:\/\/www.inmsol.com\/es\/wp-json\/wp\/v2\/categories?post=559"},{"taxonomy":"post_tag","embeddable":true,"href":"https:\/\/www.inmsol.com\/es\/wp-json\/wp\/v2\/tags?post=559"}],"curies":[{"name":"wp","href":"https:\/\/api.w.org\/{rel}","templated":true}]}}