{"id":55908,"date":"2021-03-30T11:42:27","date_gmt":"2021-03-30T09:42:27","guid":{"rendered":"https:\/\/www.inmsol.com\/?p=55908"},"modified":"2021-04-16T15:03:22","modified_gmt":"2021-04-16T13:03:22","slug":"semana-santa-flamenca","status":"publish","type":"post","link":"https:\/\/www.inmsol.com\/es\/blog-escuela\/cultura-literatura-historia-espana-es\/semana-santa-flamenca\/","title":{"rendered":"La Semana Santa Flamenca"},"content":{"rendered":"<p>Tras dos a\u00f1os sin poder vivir la tradici\u00f3n de la Semana Santa granadina, \u201cfiesta grande de inter\u00e9s tur\u00edstico internacional\u201d, el teatro Isabel la Cat\u00f3lica pondr\u00e1 en escena el espect\u00e1culo Nazarenos, una propuesta art\u00edstica que une Semana Santa y Flamenco \u201cponiendo el foco de inter\u00e9s en esta tradici\u00f3n festiva, que es la principal protagonista del evento cultural programado\u201d seg\u00fan las palabras de la concejala de Cultura, Lucia Garrido. As\u00ed nace la Semana Santa Flamenca.<\/p>\n<div id=\"attachment_55909\" style=\"width: 1010px\" class=\"wp-caption aligncenter\"><a href=\"https:\/\/www.inmsol.com\/wp-content\/uploads\/2021\/03\/Nazarenos-subir.jpg\"><img fetchpriority=\"high\" decoding=\"async\" aria-describedby=\"caption-attachment-55909\" class=\"wp-image-55909 size-full\" title=\"Semana Santa Flamenca\" src=\"https:\/\/www.inmsol.com\/wp-content\/uploads\/2021\/03\/Nazarenos-subir.jpg\" alt=\"Semana Santa Flamenca\" width=\"1000\" height=\"625\" srcset=\"https:\/\/www.inmsol.com\/wp-content\/uploads\/2021\/03\/Nazarenos-subir.jpg 1000w, https:\/\/www.inmsol.com\/wp-content\/uploads\/2021\/03\/Nazarenos-subir-800x500.jpg 800w, https:\/\/www.inmsol.com\/wp-content\/uploads\/2021\/03\/Nazarenos-subir-64x40.jpg 64w, https:\/\/www.inmsol.com\/wp-content\/uploads\/2021\/03\/Nazarenos-subir-460x288.jpg 460w, https:\/\/www.inmsol.com\/wp-content\/uploads\/2021\/03\/Nazarenos-subir-768x480.jpg 768w, https:\/\/www.inmsol.com\/wp-content\/uploads\/2021\/03\/Nazarenos-subir-250x156.jpg 250w, https:\/\/www.inmsol.com\/wp-content\/uploads\/2021\/03\/Nazarenos-subir-600x375.jpg 600w\" sizes=\"(max-width: 1000px) 100vw, 1000px\" \/><\/a><p id=\"caption-attachment-55909\" class=\"wp-caption-text\">Semana Santa Flamenca<\/p><\/div>\n<p>&nbsp;<\/p>\n<p>Por eso, los amantes de este arte y p\u00fablico no aficionado, podr\u00e1n disfrutar de esta propuesta, con total tranquilidad, ya que todas las medidas de seguridad est\u00e1n garantizadas.<\/p>\n<p>Habr\u00e1 3 sesiones: dos el s\u00e1bado 3 de abril (12:30\/16:30) y una el Domingo de Resurrecci\u00f3n a las 12:30.<\/p>\n<p>A pesar del momento tan dif\u00edcil que todos estamos viviendo, se ha hecho un gran esfuerzo para permitir que este proyecto viera la luz y se pudiese aprovechar de la Semana Santa Flamenca y, seg\u00fan las palabras del core\u00f3grafo Juan Andr\u00e9s Maya y el artista invitado, Potito, algunos de los protagonistas del programa, es una \u201cemoci\u00f3n poder plasmar en un teatro los sentimientos que esconde la Semana Santa granadina\u201d y \u201ctras dos a\u00f1os sin poder vivir esta tradici\u00f3n, es una satisfacci\u00f3n poder hacer este espect\u00e1culo en esta ciudad\u201d. Adem\u00e1s, se trata de un espect\u00e1culo que cuenta con un cartel importante.<\/p>\n<p>Las entradas se pueden adquirir en la plataforma <a href=\"https:\/\/www.redentradas.com\/?entradas=nazarenos&amp;eid=1921\" target=\"_blank\" rel=\"noopener\">Redentradas<\/a> y en la taquilla del teatro.<\/p>\n<p>Seguir\u00e1n, los pr\u00f3ximos meses, otras iniciativas que llenar\u00e1n la primavera granadina y desde <a href=\"https:\/\/www.inmsol.com\/es\/\" target=\"_blank\" rel=\"noopener\">iNMSOL<\/a>, \u00a1os animamos a disfrutarlas!<\/p>\n","protected":false},"excerpt":{"rendered":"<p>El teatro Isabel la Cat\u00f3lica pondr\u00e1 en escena el espect\u00e1culo Nazarenos, que une Semana Santa y Flamenco. As\u00ed nace la Semana Santa Flamenca.<\/p>\n","protected":false},"author":31,"featured_media":56240,"comment_status":"open","ping_status":"closed","sticky":false,"template":"","format":"standard","meta":{"_acf_changed":false,"footnotes":""},"categories":[83,80],"tags":[],"class_list":["post-55908","post","type-post","status-publish","format-standard","has-post-thumbnail","hentry","category-cultura-literatura-historia-espana-es","category-eventos-granada"],"acf":[],"yoast_head":"<!-- This site is optimized with the Yoast SEO plugin v27.5 - https:\/\/yoast.com\/product\/yoast-seo-wordpress\/ -->\n<title>La Semana Santa Flamenca | Eventos en Granada iNMSOL BLOG<\/title>\n<meta name=\"description\" content=\"El teatro Isabel la Cat\u00f3lica pondr\u00e1 en escena el espect\u00e1culo Nazarenos, que une Semana Santa y Flamenco. As\u00ed nace la Semana Santa Flamenca.\" \/>\n<meta name=\"robots\" content=\"index, follow, max-snippet:-1, max-image-preview:large, max-video-preview:-1\" \/>\n<link rel=\"canonical\" href=\"https:\/\/www.inmsol.com\/es\/blog-escuela\/cultura-literatura-historia-espana-es\/semana-santa-flamenca\/\" \/>\n<meta property=\"og:locale\" content=\"es_ES\" \/>\n<meta property=\"og:type\" content=\"article\" \/>\n<meta property=\"og:title\" content=\"La Semana Santa Flamenca\" \/>\n<meta property=\"og:description\" content=\"El teatro Isabel la Cat\u00f3lica pondr\u00e1 en escena el espect\u00e1culo Nazarenos, que une Semana Santa y Flamenco. As\u00ed nace la Semana Santa Flamenca.\" \/>\n<meta property=\"og:url\" content=\"https:\/\/www.inmsol.com\/es\/blog-escuela\/cultura-literatura-historia-espana-es\/semana-santa-flamenca\/\" \/>\n<meta property=\"og:site_name\" content=\"iNMSOL\" \/>\n<meta property=\"article:publisher\" content=\"https:\/\/www.facebook.com\/spanishcourses\" \/>\n<meta property=\"article:published_time\" content=\"2021-03-30T09:42:27+00:00\" \/>\n<meta property=\"article:modified_time\" content=\"2021-04-16T13:03:22+00:00\" \/>\n<meta property=\"og:image\" content=\"https:\/\/www.inmsol.com\/wp-content\/uploads\/2021\/03\/Nazarenos-subir.jpg\" \/>\n\t<meta property=\"og:image:width\" content=\"1000\" \/>\n\t<meta property=\"og:image:height\" content=\"625\" \/>\n\t<meta property=\"og:image:type\" content=\"image\/jpeg\" \/>\n<meta name=\"author\" content=\"Rocio Mart\u00ednez\" \/>\n<meta name=\"twitter:label1\" content=\"Escrito por\" \/>\n\t<meta name=\"twitter:data1\" content=\"Rocio Mart\u00ednez\" \/>\n\t<meta name=\"twitter:label2\" content=\"Tiempo de lectura\" \/>\n\t<meta name=\"twitter:data2\" content=\"2 minutos\" \/>\n<script type=\"application\/ld+json\" class=\"yoast-schema-graph\">{\"@context\":\"https:\\\/\\\/schema.org\",\"@graph\":[{\"@type\":\"Article\",\"@id\":\"https:\\\/\\\/www.inmsol.com\\\/es\\\/blog-escuela\\\/cultura-literatura-historia-espana-es\\\/semana-santa-flamenca\\\/#article\",\"isPartOf\":{\"@id\":\"https:\\\/\\\/www.inmsol.com\\\/es\\\/blog-escuela\\\/cultura-literatura-historia-espana-es\\\/semana-santa-flamenca\\\/\"},\"author\":{\"name\":\"Rocio Mart\u00ednez\",\"@id\":\"https:\\\/\\\/www.inmsol.com\\\/es\\\/#\\\/schema\\\/person\\\/d041a9956283741a6ed56e0530eb28b5\"},\"headline\":\"La Semana Santa Flamenca\",\"datePublished\":\"2021-03-30T09:42:27+00:00\",\"dateModified\":\"2021-04-16T13:03:22+00:00\",\"mainEntityOfPage\":{\"@id\":\"https:\\\/\\\/www.inmsol.com\\\/es\\\/blog-escuela\\\/cultura-literatura-historia-espana-es\\\/semana-santa-flamenca\\\/\"},\"wordCount\":293,\"commentCount\":0,\"publisher\":{\"@id\":\"https:\\\/\\\/www.inmsol.com\\\/es\\\/#organization\"},\"image\":{\"@id\":\"https:\\\/\\\/www.inmsol.com\\\/es\\\/blog-escuela\\\/cultura-literatura-historia-espana-es\\\/semana-santa-flamenca\\\/#primaryimage\"},\"thumbnailUrl\":\"https:\\\/\\\/www.inmsol.com\\\/wp-content\\\/uploads\\\/2021\\\/03\\\/Portada-Semana-Santa-flamenca.jpg\",\"articleSection\":[\"Cultura, Literatura e Historia de Espa\u00f1a e Hispanoam\u00e9rica\",\"Eventos en Granada\"],\"inLanguage\":\"es\",\"potentialAction\":[{\"@type\":\"CommentAction\",\"name\":\"Comment\",\"target\":[\"https:\\\/\\\/www.inmsol.com\\\/es\\\/blog-escuela\\\/cultura-literatura-historia-espana-es\\\/semana-santa-flamenca\\\/#respond\"]}]},{\"@type\":\"WebPage\",\"@id\":\"https:\\\/\\\/www.inmsol.com\\\/es\\\/blog-escuela\\\/cultura-literatura-historia-espana-es\\\/semana-santa-flamenca\\\/\",\"url\":\"https:\\\/\\\/www.inmsol.com\\\/es\\\/blog-escuela\\\/cultura-literatura-historia-espana-es\\\/semana-santa-flamenca\\\/\",\"name\":\"La Semana Santa Flamenca | Eventos en Granada iNMSOL BLOG\",\"isPartOf\":{\"@id\":\"https:\\\/\\\/www.inmsol.com\\\/es\\\/#website\"},\"primaryImageOfPage\":{\"@id\":\"https:\\\/\\\/www.inmsol.com\\\/es\\\/blog-escuela\\\/cultura-literatura-historia-espana-es\\\/semana-santa-flamenca\\\/#primaryimage\"},\"image\":{\"@id\":\"https:\\\/\\\/www.inmsol.com\\\/es\\\/blog-escuela\\\/cultura-literatura-historia-espana-es\\\/semana-santa-flamenca\\\/#primaryimage\"},\"thumbnailUrl\":\"https:\\\/\\\/www.inmsol.com\\\/wp-content\\\/uploads\\\/2021\\\/03\\\/Portada-Semana-Santa-flamenca.jpg\",\"datePublished\":\"2021-03-30T09:42:27+00:00\",\"dateModified\":\"2021-04-16T13:03:22+00:00\",\"description\":\"El teatro Isabel la Cat\u00f3lica pondr\u00e1 en escena el espect\u00e1culo Nazarenos, que une Semana Santa y Flamenco. As\u00ed nace la Semana Santa Flamenca.\",\"breadcrumb\":{\"@id\":\"https:\\\/\\\/www.inmsol.com\\\/es\\\/blog-escuela\\\/cultura-literatura-historia-espana-es\\\/semana-santa-flamenca\\\/#breadcrumb\"},\"inLanguage\":\"es\",\"potentialAction\":[{\"@type\":\"ReadAction\",\"target\":[\"https:\\\/\\\/www.inmsol.com\\\/es\\\/blog-escuela\\\/cultura-literatura-historia-espana-es\\\/semana-santa-flamenca\\\/\"]}]},{\"@type\":\"ImageObject\",\"inLanguage\":\"es\",\"@id\":\"https:\\\/\\\/www.inmsol.com\\\/es\\\/blog-escuela\\\/cultura-literatura-historia-espana-es\\\/semana-santa-flamenca\\\/#primaryimage\",\"url\":\"https:\\\/\\\/www.inmsol.com\\\/wp-content\\\/uploads\\\/2021\\\/03\\\/Portada-Semana-Santa-flamenca.jpg\",\"contentUrl\":\"https:\\\/\\\/www.inmsol.com\\\/wp-content\\\/uploads\\\/2021\\\/03\\\/Portada-Semana-Santa-flamenca.jpg\",\"width\":1202,\"height\":600,\"caption\":\"Semana Santa Flamenca\"},{\"@type\":\"BreadcrumbList\",\"@id\":\"https:\\\/\\\/www.inmsol.com\\\/es\\\/blog-escuela\\\/cultura-literatura-historia-espana-es\\\/semana-santa-flamenca\\\/#breadcrumb\",\"itemListElement\":[{\"@type\":\"ListItem\",\"position\":1,\"name\":\"Accredited Center by Instituto Cervantes\",\"item\":\"https:\\\/\\\/www.inmsol.com\\\/es\\\/pagina-ejemplo\\\/\"},{\"@type\":\"ListItem\",\"position\":2,\"name\":\"Blog Escuela Espa\u00f1ol\",\"item\":\"https:\\\/\\\/www.inmsol.com\\\/es\\\/category\\\/blog-escuela\\\/\"},{\"@type\":\"ListItem\",\"position\":3,\"name\":\"Cultura, Literatura e Historia de Espa\u00f1a e Hispanoam\u00e9rica\",\"item\":\"https:\\\/\\\/www.inmsol.com\\\/es\\\/category\\\/blog-escuela\\\/cultura-literatura-historia-espana-es\\\/\"},{\"@type\":\"ListItem\",\"position\":4,\"name\":\"La Semana Santa Flamenca\"}]},{\"@type\":\"WebSite\",\"@id\":\"https:\\\/\\\/www.inmsol.com\\\/es\\\/#website\",\"url\":\"https:\\\/\\\/www.inmsol.com\\\/es\\\/\",\"name\":\"iNMSOL\",\"description\":\"Aprenda Espa\u00f1ol con iNMSOL en Granada | Centro Acreditado por el Instituto Cervantes\",\"publisher\":{\"@id\":\"https:\\\/\\\/www.inmsol.com\\\/es\\\/#organization\"},\"potentialAction\":[{\"@type\":\"SearchAction\",\"target\":{\"@type\":\"EntryPoint\",\"urlTemplate\":\"https:\\\/\\\/www.inmsol.com\\\/es\\\/?s={search_term_string}\"},\"query-input\":{\"@type\":\"PropertyValueSpecification\",\"valueRequired\":true,\"valueName\":\"search_term_string\"}}],\"inLanguage\":\"es\"},{\"@type\":\"Organization\",\"@id\":\"https:\\\/\\\/www.inmsol.com\\\/es\\\/#organization\",\"name\":\"Instituto Mediterr\u00e1neo Sol\",\"url\":\"https:\\\/\\\/www.inmsol.com\\\/es\\\/\",\"logo\":{\"@type\":\"ImageObject\",\"inLanguage\":\"es\",\"@id\":\"https:\\\/\\\/www.inmsol.com\\\/es\\\/#\\\/schema\\\/logo\\\/image\\\/\",\"url\":\"https:\\\/\\\/www.inmsol.com\\\/wp-content\\\/uploads\\\/2023\\\/06\\\/logo-inmsol-1.png\",\"contentUrl\":\"https:\\\/\\\/www.inmsol.com\\\/wp-content\\\/uploads\\\/2023\\\/06\\\/logo-inmsol-1.png\",\"width\":136,\"height\":73,\"caption\":\"Instituto Mediterr\u00e1neo Sol\"},\"image\":{\"@id\":\"https:\\\/\\\/www.inmsol.com\\\/es\\\/#\\\/schema\\\/logo\\\/image\\\/\"},\"sameAs\":[\"https:\\\/\\\/www.facebook.com\\\/spanishcourses\",\"https:\\\/\\\/x.com\\\/StudyInGranada\",\"http:\\\/\\\/instagram.com\\\/imsolgranada\",\"https:\\\/\\\/es.linkedin.com\\\/company\\\/imsol-granada\",\"https:\\\/\\\/www.pinterest.es\\\/inmsol\\\/\",\"https:\\\/\\\/www.youtube.com\\\/channel\\\/UChz-Qn_7coFMosY85iYMO4g\"]},{\"@type\":\"Person\",\"@id\":\"https:\\\/\\\/www.inmsol.com\\\/es\\\/#\\\/schema\\\/person\\\/d041a9956283741a6ed56e0530eb28b5\",\"name\":\"Rocio Mart\u00ednez\",\"image\":{\"@type\":\"ImageObject\",\"inLanguage\":\"es\",\"@id\":\"https:\\\/\\\/secure.gravatar.com\\\/avatar\\\/95b9b0d999ef55a048952ade325bea9ee664237dc576277e59c3cc8fc6ea1123?s=96&d=mm&r=g\",\"url\":\"https:\\\/\\\/secure.gravatar.com\\\/avatar\\\/95b9b0d999ef55a048952ade325bea9ee664237dc576277e59c3cc8fc6ea1123?s=96&d=mm&r=g\",\"contentUrl\":\"https:\\\/\\\/secure.gravatar.com\\\/avatar\\\/95b9b0d999ef55a048952ade325bea9ee664237dc576277e59c3cc8fc6ea1123?s=96&d=mm&r=g\",\"caption\":\"Rocio Mart\u00ednez\"},\"url\":\"https:\\\/\\\/www.inmsol.com\\\/es\\\/author\\\/secretaria\\\/\"}]}<\/script>\n<!-- \/ Yoast SEO plugin. -->","yoast_head_json":{"title":"La Semana Santa Flamenca | Eventos en Granada iNMSOL BLOG","description":"El teatro Isabel la Cat\u00f3lica pondr\u00e1 en escena el espect\u00e1culo Nazarenos, que une Semana Santa y Flamenco. As\u00ed nace la Semana Santa Flamenca.","robots":{"index":"index","follow":"follow","max-snippet":"max-snippet:-1","max-image-preview":"max-image-preview:large","max-video-preview":"max-video-preview:-1"},"canonical":"https:\/\/www.inmsol.com\/es\/blog-escuela\/cultura-literatura-historia-espana-es\/semana-santa-flamenca\/","og_locale":"es_ES","og_type":"article","og_title":"La Semana Santa Flamenca","og_description":"El teatro Isabel la Cat\u00f3lica pondr\u00e1 en escena el espect\u00e1culo Nazarenos, que une Semana Santa y Flamenco. As\u00ed nace la Semana Santa Flamenca.","og_url":"https:\/\/www.inmsol.com\/es\/blog-escuela\/cultura-literatura-historia-espana-es\/semana-santa-flamenca\/","og_site_name":"iNMSOL","article_publisher":"https:\/\/www.facebook.com\/spanishcourses","article_published_time":"2021-03-30T09:42:27+00:00","article_modified_time":"2021-04-16T13:03:22+00:00","og_image":[{"width":1000,"height":625,"url":"https:\/\/www.inmsol.com\/wp-content\/uploads\/2021\/03\/Nazarenos-subir.jpg","type":"image\/jpeg"}],"author":"Rocio Mart\u00ednez","twitter_misc":{"Escrito por":"Rocio Mart\u00ednez","Tiempo de lectura":"2 minutos"},"schema":{"@context":"https:\/\/schema.org","@graph":[{"@type":"Article","@id":"https:\/\/www.inmsol.com\/es\/blog-escuela\/cultura-literatura-historia-espana-es\/semana-santa-flamenca\/#article","isPartOf":{"@id":"https:\/\/www.inmsol.com\/es\/blog-escuela\/cultura-literatura-historia-espana-es\/semana-santa-flamenca\/"},"author":{"name":"Rocio Mart\u00ednez","@id":"https:\/\/www.inmsol.com\/es\/#\/schema\/person\/d041a9956283741a6ed56e0530eb28b5"},"headline":"La Semana Santa Flamenca","datePublished":"2021-03-30T09:42:27+00:00","dateModified":"2021-04-16T13:03:22+00:00","mainEntityOfPage":{"@id":"https:\/\/www.inmsol.com\/es\/blog-escuela\/cultura-literatura-historia-espana-es\/semana-santa-flamenca\/"},"wordCount":293,"commentCount":0,"publisher":{"@id":"https:\/\/www.inmsol.com\/es\/#organization"},"image":{"@id":"https:\/\/www.inmsol.com\/es\/blog-escuela\/cultura-literatura-historia-espana-es\/semana-santa-flamenca\/#primaryimage"},"thumbnailUrl":"https:\/\/www.inmsol.com\/wp-content\/uploads\/2021\/03\/Portada-Semana-Santa-flamenca.jpg","articleSection":["Cultura, Literatura e Historia de Espa\u00f1a e Hispanoam\u00e9rica","Eventos en Granada"],"inLanguage":"es","potentialAction":[{"@type":"CommentAction","name":"Comment","target":["https:\/\/www.inmsol.com\/es\/blog-escuela\/cultura-literatura-historia-espana-es\/semana-santa-flamenca\/#respond"]}]},{"@type":"WebPage","@id":"https:\/\/www.inmsol.com\/es\/blog-escuela\/cultura-literatura-historia-espana-es\/semana-santa-flamenca\/","url":"https:\/\/www.inmsol.com\/es\/blog-escuela\/cultura-literatura-historia-espana-es\/semana-santa-flamenca\/","name":"La Semana Santa Flamenca | Eventos en Granada iNMSOL BLOG","isPartOf":{"@id":"https:\/\/www.inmsol.com\/es\/#website"},"primaryImageOfPage":{"@id":"https:\/\/www.inmsol.com\/es\/blog-escuela\/cultura-literatura-historia-espana-es\/semana-santa-flamenca\/#primaryimage"},"image":{"@id":"https:\/\/www.inmsol.com\/es\/blog-escuela\/cultura-literatura-historia-espana-es\/semana-santa-flamenca\/#primaryimage"},"thumbnailUrl":"https:\/\/www.inmsol.com\/wp-content\/uploads\/2021\/03\/Portada-Semana-Santa-flamenca.jpg","datePublished":"2021-03-30T09:42:27+00:00","dateModified":"2021-04-16T13:03:22+00:00","description":"El teatro Isabel la Cat\u00f3lica pondr\u00e1 en escena el espect\u00e1culo Nazarenos, que une Semana Santa y Flamenco. As\u00ed nace la Semana Santa Flamenca.","breadcrumb":{"@id":"https:\/\/www.inmsol.com\/es\/blog-escuela\/cultura-literatura-historia-espana-es\/semana-santa-flamenca\/#breadcrumb"},"inLanguage":"es","potentialAction":[{"@type":"ReadAction","target":["https:\/\/www.inmsol.com\/es\/blog-escuela\/cultura-literatura-historia-espana-es\/semana-santa-flamenca\/"]}]},{"@type":"ImageObject","inLanguage":"es","@id":"https:\/\/www.inmsol.com\/es\/blog-escuela\/cultura-literatura-historia-espana-es\/semana-santa-flamenca\/#primaryimage","url":"https:\/\/www.inmsol.com\/wp-content\/uploads\/2021\/03\/Portada-Semana-Santa-flamenca.jpg","contentUrl":"https:\/\/www.inmsol.com\/wp-content\/uploads\/2021\/03\/Portada-Semana-Santa-flamenca.jpg","width":1202,"height":600,"caption":"Semana Santa Flamenca"},{"@type":"BreadcrumbList","@id":"https:\/\/www.inmsol.com\/es\/blog-escuela\/cultura-literatura-historia-espana-es\/semana-santa-flamenca\/#breadcrumb","itemListElement":[{"@type":"ListItem","position":1,"name":"Accredited Center by Instituto Cervantes","item":"https:\/\/www.inmsol.com\/es\/pagina-ejemplo\/"},{"@type":"ListItem","position":2,"name":"Blog Escuela Espa\u00f1ol","item":"https:\/\/www.inmsol.com\/es\/category\/blog-escuela\/"},{"@type":"ListItem","position":3,"name":"Cultura, Literatura e Historia de Espa\u00f1a e Hispanoam\u00e9rica","item":"https:\/\/www.inmsol.com\/es\/category\/blog-escuela\/cultura-literatura-historia-espana-es\/"},{"@type":"ListItem","position":4,"name":"La Semana Santa Flamenca"}]},{"@type":"WebSite","@id":"https:\/\/www.inmsol.com\/es\/#website","url":"https:\/\/www.inmsol.com\/es\/","name":"iNMSOL","description":"Aprenda Espa\u00f1ol con iNMSOL en Granada | Centro Acreditado por el Instituto Cervantes","publisher":{"@id":"https:\/\/www.inmsol.com\/es\/#organization"},"potentialAction":[{"@type":"SearchAction","target":{"@type":"EntryPoint","urlTemplate":"https:\/\/www.inmsol.com\/es\/?s={search_term_string}"},"query-input":{"@type":"PropertyValueSpecification","valueRequired":true,"valueName":"search_term_string"}}],"inLanguage":"es"},{"@type":"Organization","@id":"https:\/\/www.inmsol.com\/es\/#organization","name":"Instituto Mediterr\u00e1neo Sol","url":"https:\/\/www.inmsol.com\/es\/","logo":{"@type":"ImageObject","inLanguage":"es","@id":"https:\/\/www.inmsol.com\/es\/#\/schema\/logo\/image\/","url":"https:\/\/www.inmsol.com\/wp-content\/uploads\/2023\/06\/logo-inmsol-1.png","contentUrl":"https:\/\/www.inmsol.com\/wp-content\/uploads\/2023\/06\/logo-inmsol-1.png","width":136,"height":73,"caption":"Instituto Mediterr\u00e1neo Sol"},"image":{"@id":"https:\/\/www.inmsol.com\/es\/#\/schema\/logo\/image\/"},"sameAs":["https:\/\/www.facebook.com\/spanishcourses","https:\/\/x.com\/StudyInGranada","http:\/\/instagram.com\/imsolgranada","https:\/\/es.linkedin.com\/company\/imsol-granada","https:\/\/www.pinterest.es\/inmsol\/","https:\/\/www.youtube.com\/channel\/UChz-Qn_7coFMosY85iYMO4g"]},{"@type":"Person","@id":"https:\/\/www.inmsol.com\/es\/#\/schema\/person\/d041a9956283741a6ed56e0530eb28b5","name":"Rocio Mart\u00ednez","image":{"@type":"ImageObject","inLanguage":"es","@id":"https:\/\/secure.gravatar.com\/avatar\/95b9b0d999ef55a048952ade325bea9ee664237dc576277e59c3cc8fc6ea1123?s=96&d=mm&r=g","url":"https:\/\/secure.gravatar.com\/avatar\/95b9b0d999ef55a048952ade325bea9ee664237dc576277e59c3cc8fc6ea1123?s=96&d=mm&r=g","contentUrl":"https:\/\/secure.gravatar.com\/avatar\/95b9b0d999ef55a048952ade325bea9ee664237dc576277e59c3cc8fc6ea1123?s=96&d=mm&r=g","caption":"Rocio Mart\u00ednez"},"url":"https:\/\/www.inmsol.com\/es\/author\/secretaria\/"}]}},"_links":{"self":[{"href":"https:\/\/www.inmsol.com\/es\/wp-json\/wp\/v2\/posts\/55908","targetHints":{"allow":["GET"]}}],"collection":[{"href":"https:\/\/www.inmsol.com\/es\/wp-json\/wp\/v2\/posts"}],"about":[{"href":"https:\/\/www.inmsol.com\/es\/wp-json\/wp\/v2\/types\/post"}],"author":[{"embeddable":true,"href":"https:\/\/www.inmsol.com\/es\/wp-json\/wp\/v2\/users\/31"}],"replies":[{"embeddable":true,"href":"https:\/\/www.inmsol.com\/es\/wp-json\/wp\/v2\/comments?post=55908"}],"version-history":[{"count":0,"href":"https:\/\/www.inmsol.com\/es\/wp-json\/wp\/v2\/posts\/55908\/revisions"}],"wp:featuredmedia":[{"embeddable":true,"href":"https:\/\/www.inmsol.com\/es\/wp-json\/wp\/v2\/media\/56240"}],"wp:attachment":[{"href":"https:\/\/www.inmsol.com\/es\/wp-json\/wp\/v2\/media?parent=55908"}],"wp:term":[{"taxonomy":"category","embeddable":true,"href":"https:\/\/www.inmsol.com\/es\/wp-json\/wp\/v2\/categories?post=55908"},{"taxonomy":"post_tag","embeddable":true,"href":"https:\/\/www.inmsol.com\/es\/wp-json\/wp\/v2\/tags?post=55908"}],"curies":[{"name":"wp","href":"https:\/\/api.w.org\/{rel}","templated":true}]}}