{"id":56701,"date":"2021-05-25T13:25:15","date_gmt":"2021-05-25T11:25:15","guid":{"rendered":"https:\/\/www.inmsol.com\/?p=56701"},"modified":"2021-05-25T13:25:15","modified_gmt":"2021-05-25T11:25:15","slug":"feria-de-granada-corpus-christi","status":"publish","type":"post","link":"https:\/\/www.inmsol.com\/es\/blog-escuela\/cultura-literatura-historia-espana-es\/feria-de-granada-corpus-christi\/","title":{"rendered":"La Feria de Granada"},"content":{"rendered":"<p>La\u00a0<em>Feria de Granada <\/em>tiene gran encanto y atractivo. <strong>Dura una semana<\/strong>, empezando el s\u00e1bado anterior al jueves de\u00a0<a href=\"http:\/\/www.granadadirect.com\/fiestas\/corpus-christi-granada\/\">Corpus Christi<\/a>\u00a0a media noche.<\/p>\n<p>\u00bfConoc\u00e9is cu\u00e1l es la fiesta m\u00e1s importante de Granada? Es la Feria del Corpus. La feria del Corpus empieza este fin de semana, el\u00a0<strong>29 de mayo de 2021,<\/strong>\u00a0y acabar\u00e1 el s\u00e1bado\u00a0<strong>5 de junio de 2021.<\/strong><\/p>\n<div id=\"attachment_56702\" style=\"width: 1212px\" class=\"wp-caption aligncenter\"><a href=\"https:\/\/www.inmsol.com\/wp-content\/uploads\/2021\/05\/Cartel-Feria-Corpus-2021.jpg\"><img fetchpriority=\"high\" decoding=\"async\" aria-describedby=\"caption-attachment-56702\" class=\"wp-image-56702 size-full\" title=\"Cartel de la feria\" src=\"https:\/\/www.inmsol.com\/wp-content\/uploads\/2021\/05\/Cartel-Feria-Corpus-2021.jpg\" alt=\"Cartel de la feria\" width=\"1202\" height=\"600\" srcset=\"https:\/\/www.inmsol.com\/wp-content\/uploads\/2021\/05\/Cartel-Feria-Corpus-2021.jpg 1202w, https:\/\/www.inmsol.com\/wp-content\/uploads\/2021\/05\/Cartel-Feria-Corpus-2021-800x399.jpg 800w, https:\/\/www.inmsol.com\/wp-content\/uploads\/2021\/05\/Cartel-Feria-Corpus-2021-64x32.jpg 64w, https:\/\/www.inmsol.com\/wp-content\/uploads\/2021\/05\/Cartel-Feria-Corpus-2021-460x230.jpg 460w, https:\/\/www.inmsol.com\/wp-content\/uploads\/2021\/05\/Cartel-Feria-Corpus-2021-1024x511.jpg 1024w, https:\/\/www.inmsol.com\/wp-content\/uploads\/2021\/05\/Cartel-Feria-Corpus-2021-768x383.jpg 768w, https:\/\/www.inmsol.com\/wp-content\/uploads\/2021\/05\/Cartel-Feria-Corpus-2021-250x125.jpg 250w, https:\/\/www.inmsol.com\/wp-content\/uploads\/2021\/05\/Cartel-Feria-Corpus-2021-600x300.jpg 600w\" sizes=\"(max-width: 1202px) 100vw, 1202px\" \/><\/a><p id=\"caption-attachment-56702\" class=\"wp-caption-text\">Cartel de la feria<\/p><\/div>\n<p>Se trata de una semana de celebraciones que este a\u00f1o tampoco podr\u00e1 llevarse a cabo con normalidad. Generalmente, la\u00a0<strong>Feria <\/strong><strong>y su ferial <\/strong>se emplazan en el\u00a0<strong>barrio de Almanj\u00e1yar<\/strong>, en el distrito Norte de la ciudad, muy cerca de la Estaci\u00f3n de Autobuses.<\/p>\n<p>&nbsp;<\/p>\n<p><strong>El <em>alumbrao<\/em> y el ferial<\/strong><\/p>\n<p>La\u00a0<strong>primera noche de feria<\/strong>\u00a0a las doce en punto se ilumina la portada del Real. Esta es la tradicional\u00a0<strong>ceremonia del \u00abalumbrao<\/strong><strong>\u00ab<\/strong>, con la que se inauguran\u00a0<a href=\"http:\/\/www.granadadirect.com\/fiestas\/\">las fiestas<\/a>\u00a0del\u00a0<a href=\"http:\/\/www.granadadirect.com\/fiestas\/corpus-christi-granada\/\">Corpus Christi<\/a>.<\/p>\n<p>En la feria de Granada se instalan\u00a0<strong>alrededor de 70 casetas<\/strong>\u00a0que en su gran mayor\u00eda son de tipo tradicional, con m\u00fasica y decoraci\u00f3n flamenca. Todo ello compone el ferial. Pero, desafortunadamente, por el COVID-19 <strong>este a\u00f1o <\/strong>volver\u00e1 a vivirse de manera muy diferente ya que no podr\u00e1n instalarse.<\/p>\n<div id=\"attachment_56709\" style=\"width: 1212px\" class=\"wp-caption aligncenter\"><a href=\"https:\/\/www.inmsol.com\/wp-content\/uploads\/2021\/05\/Alumbrao.jpg\"><img decoding=\"async\" aria-describedby=\"caption-attachment-56709\" class=\"wp-image-56709 size-full\" title=\"Alumbrao\" src=\"https:\/\/www.inmsol.com\/wp-content\/uploads\/2021\/05\/Alumbrao.jpg\" alt=\"Alumbrao\" width=\"1202\" height=\"600\" srcset=\"https:\/\/www.inmsol.com\/wp-content\/uploads\/2021\/05\/Alumbrao.jpg 1202w, https:\/\/www.inmsol.com\/wp-content\/uploads\/2021\/05\/Alumbrao-800x399.jpg 800w, https:\/\/www.inmsol.com\/wp-content\/uploads\/2021\/05\/Alumbrao-64x32.jpg 64w, https:\/\/www.inmsol.com\/wp-content\/uploads\/2021\/05\/Alumbrao-460x230.jpg 460w, https:\/\/www.inmsol.com\/wp-content\/uploads\/2021\/05\/Alumbrao-1024x511.jpg 1024w, https:\/\/www.inmsol.com\/wp-content\/uploads\/2021\/05\/Alumbrao-768x383.jpg 768w, https:\/\/www.inmsol.com\/wp-content\/uploads\/2021\/05\/Alumbrao-250x125.jpg 250w, https:\/\/www.inmsol.com\/wp-content\/uploads\/2021\/05\/Alumbrao-600x300.jpg 600w\" sizes=\"(max-width: 1202px) 100vw, 1202px\" \/><\/a><p id=\"caption-attachment-56709\" class=\"wp-caption-text\">Alumbrao<\/p><\/div>\n<p><strong>La procesi\u00f3n del Corpus Christi<\/strong><\/p>\n<p>El nombre de la feria viene dado por la celebraci\u00f3n de la procesi\u00f3n del Corpus Christi, que rinde culto a la Eucarist\u00eda. Para ello se acompa\u00f1a a la Custodia por las principales\u00a0<a href=\"http:\/\/www.granadadirect.com\/rincones-granada\/\">calles de Granada<\/a>\u00a0y se ponen altares y toldos a lo largo de su recorrido. Esta procesi\u00f3n en Granada es muy larga, ya que adem\u00e1s de la Custodia y la Tarasca, desfilan con sus insignias y estandartes todas las autoridades locales y dignidades eclesi\u00e1sticas, parroquias, cofrad\u00edas, gremios, instituciones p\u00fablicas y privadas. Dos procesiones importantes pasean por las calles de Granada en la semana de feria: la <strong>Tarasca<\/strong> (de car\u00e1cter pagano, en ella se pasea la figura de una mujer sobre un drag\u00f3n, acompa\u00f1ada de gigantes y cabezudos) y la procesi\u00f3n del <strong>Corpus Christi <\/strong>(religiosa).<\/p>\n<div id=\"attachment_56716\" style=\"width: 1212px\" class=\"wp-caption aligncenter\"><a href=\"https:\/\/www.inmsol.com\/wp-content\/uploads\/2021\/05\/Procesion-del-Corpus.jpg\"><img decoding=\"async\" aria-describedby=\"caption-attachment-56716\" class=\"wp-image-56716 size-full\" title=\"Procesi\u00f3n del Corpus\" src=\"https:\/\/www.inmsol.com\/wp-content\/uploads\/2021\/05\/Procesion-del-Corpus.jpg\" alt=\"Procesi\u00f3n del Corpus\" width=\"1202\" height=\"600\" srcset=\"https:\/\/www.inmsol.com\/wp-content\/uploads\/2021\/05\/Procesion-del-Corpus.jpg 1202w, https:\/\/www.inmsol.com\/wp-content\/uploads\/2021\/05\/Procesion-del-Corpus-800x399.jpg 800w, https:\/\/www.inmsol.com\/wp-content\/uploads\/2021\/05\/Procesion-del-Corpus-64x32.jpg 64w, https:\/\/www.inmsol.com\/wp-content\/uploads\/2021\/05\/Procesion-del-Corpus-460x230.jpg 460w, https:\/\/www.inmsol.com\/wp-content\/uploads\/2021\/05\/Procesion-del-Corpus-1024x511.jpg 1024w, https:\/\/www.inmsol.com\/wp-content\/uploads\/2021\/05\/Procesion-del-Corpus-768x383.jpg 768w, https:\/\/www.inmsol.com\/wp-content\/uploads\/2021\/05\/Procesion-del-Corpus-250x125.jpg 250w, https:\/\/www.inmsol.com\/wp-content\/uploads\/2021\/05\/Procesion-del-Corpus-600x300.jpg 600w\" sizes=\"(max-width: 1202px) 100vw, 1202px\" \/><\/a><p id=\"caption-attachment-56716\" class=\"wp-caption-text\">Procesi\u00f3n del Corpus<\/p><\/div>\n<p>Un elemento caracter\u00edstico del Corpus granadino son las <strong>carocas<\/strong> y <strong>quintillas<\/strong>, en el que se habla de los temas m\u00e1s relevantes del a\u00f1o con mucho sentido del humor. Las carocas son dibujos, o m\u00e1s bien caricaturas, que destacan en clave de humor los principales acontecimientos locales y nacionales que han tenido lugar durante el a\u00f1o en Granada y van acompa\u00f1adas de coplas alusivas, las quintillas, que se colocan debajo del dibujo en grandes paneles. <strong>Las 20 quintillas seleccionadas este a\u00f1o<\/strong>\u00a0estar\u00e1n colgadas en la Plaza de Bib-Rambla junto a sus carocas a partir del 31 de mayo 2021.<\/p>\n<p>Este a\u00f1o tampoco tendr\u00e1 lugar la solemne procesi\u00f3n del Corpus Christi el jueves 3 de junio. En su lugar, se va a realizar un peque\u00f1o recorrido dentro de\u00a0<a href=\"http:\/\/www.granadadirect.com\/monumentos\/catedral-granada\/\">la Catedral<\/a>\u00a0con aforo muy limitado.<\/p>\n<p><strong>Sin embargo, habr\u00e1 algunas actuaciones en el centro<\/strong>, y, al igual que el a\u00f1o pasado,\u00a0<strong>la Tarasca<\/strong>\u00a0se expondr\u00e1 en la Plaza del Carmen.<\/p>\n<div id=\"attachment_56723\" style=\"width: 1212px\" class=\"wp-caption aligncenter\"><a href=\"https:\/\/www.inmsol.com\/wp-content\/uploads\/2021\/05\/La-Tarasca-en-la-Plaza-del-Carmen.jpg\"><img loading=\"lazy\" decoding=\"async\" aria-describedby=\"caption-attachment-56723\" class=\"wp-image-56723 size-full\" title=\"Tarasca\" src=\"https:\/\/www.inmsol.com\/wp-content\/uploads\/2021\/05\/La-Tarasca-en-la-Plaza-del-Carmen.jpg\" alt=\"Tarasca\" width=\"1202\" height=\"600\" srcset=\"https:\/\/www.inmsol.com\/wp-content\/uploads\/2021\/05\/La-Tarasca-en-la-Plaza-del-Carmen.jpg 1202w, https:\/\/www.inmsol.com\/wp-content\/uploads\/2021\/05\/La-Tarasca-en-la-Plaza-del-Carmen-800x399.jpg 800w, https:\/\/www.inmsol.com\/wp-content\/uploads\/2021\/05\/La-Tarasca-en-la-Plaza-del-Carmen-64x32.jpg 64w, https:\/\/www.inmsol.com\/wp-content\/uploads\/2021\/05\/La-Tarasca-en-la-Plaza-del-Carmen-460x230.jpg 460w, https:\/\/www.inmsol.com\/wp-content\/uploads\/2021\/05\/La-Tarasca-en-la-Plaza-del-Carmen-1024x511.jpg 1024w, https:\/\/www.inmsol.com\/wp-content\/uploads\/2021\/05\/La-Tarasca-en-la-Plaza-del-Carmen-768x383.jpg 768w, https:\/\/www.inmsol.com\/wp-content\/uploads\/2021\/05\/La-Tarasca-en-la-Plaza-del-Carmen-250x125.jpg 250w, https:\/\/www.inmsol.com\/wp-content\/uploads\/2021\/05\/La-Tarasca-en-la-Plaza-del-Carmen-600x300.jpg 600w\" sizes=\"(max-width: 1202px) 100vw, 1202px\" \/><\/a><p id=\"caption-attachment-56723\" class=\"wp-caption-text\">Tarasca<\/p><\/div>\n<p><strong>Eventos y alternativas a la feria<\/strong><\/p>\n<p>Algunos de los eventos que podremos disfrutar durante estos d\u00edas son:<\/p>\n<ul>\n<li>El jueves de Corpus la artista Carmen Linares y la Filarm\u00f3nica de Granada nos invitan a conmemorar el 75 aniversario de la muerte de Manuel de Falla con un concierto extraordinario llamado: \u201cLa Seducci\u00f3n del Cante Jondo. Carmen Linares y el Amor Brujo\u201d que tendr\u00e1 lugar el\u00a0<strong>jueves 3 de junio a las 20:00<\/strong>.<\/li>\n<li>Varias corridas de toros y rejones tendr\u00e1n lugar en la plaza de toros.<\/li>\n<\/ul>\n<div id=\"attachment_56730\" style=\"width: 1212px\" class=\"wp-caption aligncenter\"><a href=\"https:\/\/www.inmsol.com\/wp-content\/uploads\/2021\/05\/Actuacion-Carmen-Linares.jpg\"><img loading=\"lazy\" decoding=\"async\" aria-describedby=\"caption-attachment-56730\" class=\"wp-image-56730 size-full\" title=\"Carmen Linares\" src=\"https:\/\/www.inmsol.com\/wp-content\/uploads\/2021\/05\/Actuacion-Carmen-Linares.jpg\" alt=\"Carmen Linares\" width=\"1202\" height=\"600\" srcset=\"https:\/\/www.inmsol.com\/wp-content\/uploads\/2021\/05\/Actuacion-Carmen-Linares.jpg 1202w, https:\/\/www.inmsol.com\/wp-content\/uploads\/2021\/05\/Actuacion-Carmen-Linares-800x399.jpg 800w, https:\/\/www.inmsol.com\/wp-content\/uploads\/2021\/05\/Actuacion-Carmen-Linares-64x32.jpg 64w, https:\/\/www.inmsol.com\/wp-content\/uploads\/2021\/05\/Actuacion-Carmen-Linares-460x230.jpg 460w, https:\/\/www.inmsol.com\/wp-content\/uploads\/2021\/05\/Actuacion-Carmen-Linares-1024x511.jpg 1024w, https:\/\/www.inmsol.com\/wp-content\/uploads\/2021\/05\/Actuacion-Carmen-Linares-768x383.jpg 768w, https:\/\/www.inmsol.com\/wp-content\/uploads\/2021\/05\/Actuacion-Carmen-Linares-250x125.jpg 250w, https:\/\/www.inmsol.com\/wp-content\/uploads\/2021\/05\/Actuacion-Carmen-Linares-600x300.jpg 600w\" sizes=\"(max-width: 1202px) 100vw, 1202px\" \/><\/a><p id=\"caption-attachment-56730\" class=\"wp-caption-text\">Carmen Linares<\/p><\/div>\n<p>Una alternativa es\u00a0<strong>ver un aut\u00e9ntico espect\u00e1culo de flamenco<\/strong>\u00a0en una de las zambras de Granada. Hay varios shows interesantes: flamenco con opci\u00f3n de cena\u00a0<a href=\"http:\/\/www.granadadirect.com\/extra\/flamenco\/zoraya\/\">Jardines de Zoraya<\/a>\u00a0o sin cena en la\u00a0<a href=\"http:\/\/www.granadadirect.com\/extra\/flamenco\/alborea\/\">Tablao La Albore\u00e1<\/a>.<\/p>\n<p>&nbsp;<\/p>\n<p>Desde iNMSOL ya pensamos solo en la feria del a\u00f1o que viene, depositando nuestra ilusi\u00f3n en la pr\u00f3xima edici\u00f3n, convencidos de que ser\u00e1 entonces cuando el Corpus vuelva a celebrarse de forma, al menos, parecida a la tradicional.<\/p>\n","protected":false},"excerpt":{"rendered":"<p>La\u00a0Feria de Granada tiene gran encanto y atractivo. Dura una semana, empezando el s\u00e1bado anterior al jueves de\u00a0Corpus Christi\u00a0a media noche. \u00bfConoc\u00e9is cu\u00e1l es la fiesta m\u00e1s importante de Granada? Es la Feria del Corpus. La feria del Corpus empieza este fin de semana, el\u00a029&#8230;<\/p>\n","protected":false},"author":31,"featured_media":56702,"comment_status":"open","ping_status":"closed","sticky":false,"template":"","format":"standard","meta":{"_acf_changed":false,"footnotes":""},"categories":[83,80],"tags":[],"class_list":["post-56701","post","type-post","status-publish","format-standard","has-post-thumbnail","hentry","category-cultura-literatura-historia-espana-es","category-eventos-granada"],"acf":[],"yoast_head":"<!-- This site is optimized with the Yoast SEO plugin v27.5 - https:\/\/yoast.com\/product\/yoast-seo-wordpress\/ -->\n<title>La Feria de Granada | Blog iNMSOL<\/title>\n<meta name=\"description\" content=\"La\u00a0Feria de Granada tiene gran encanto y atractivo. Dura una semana, empezando el s\u00e1bado anterior al jueves de\u00a0Corpus Christi\u00a0a media noche.\" \/>\n<meta name=\"robots\" content=\"index, follow, max-snippet:-1, max-image-preview:large, max-video-preview:-1\" \/>\n<link rel=\"canonical\" href=\"https:\/\/www.inmsol.com\/es\/blog-escuela\/cultura-literatura-historia-espana-es\/feria-de-granada-corpus-christi\/\" \/>\n<meta property=\"og:locale\" content=\"es_ES\" \/>\n<meta property=\"og:type\" content=\"article\" \/>\n<meta property=\"og:title\" content=\"La Feria de Granada\" \/>\n<meta property=\"og:description\" content=\"La\u00a0Feria de Granada tiene gran encanto y atractivo. Dura una semana, empezando el s\u00e1bado anterior al jueves de\u00a0Corpus Christi\u00a0a media noche.\" \/>\n<meta property=\"og:url\" content=\"https:\/\/www.inmsol.com\/es\/blog-escuela\/cultura-literatura-historia-espana-es\/feria-de-granada-corpus-christi\/\" \/>\n<meta property=\"og:site_name\" content=\"iNMSOL\" \/>\n<meta property=\"article:publisher\" content=\"https:\/\/www.facebook.com\/spanishcourses\" \/>\n<meta property=\"article:published_time\" content=\"2021-05-25T11:25:15+00:00\" \/>\n<meta property=\"og:image\" content=\"https:\/\/www.inmsol.com\/wp-content\/uploads\/2021\/05\/Cartel-Feria-Corpus-2021.jpg\" \/>\n\t<meta property=\"og:image:width\" content=\"1202\" \/>\n\t<meta property=\"og:image:height\" content=\"600\" \/>\n\t<meta property=\"og:image:type\" content=\"image\/jpeg\" \/>\n<meta name=\"author\" content=\"Rocio Mart\u00ednez\" \/>\n<meta name=\"twitter:label1\" content=\"Escrito por\" \/>\n\t<meta name=\"twitter:data1\" content=\"Rocio Mart\u00ednez\" \/>\n\t<meta name=\"twitter:label2\" content=\"Tiempo de lectura\" \/>\n\t<meta name=\"twitter:data2\" content=\"4 minutos\" \/>\n<script type=\"application\/ld+json\" class=\"yoast-schema-graph\">{\"@context\":\"https:\\\/\\\/schema.org\",\"@graph\":[{\"@type\":\"Article\",\"@id\":\"https:\\\/\\\/www.inmsol.com\\\/es\\\/blog-escuela\\\/cultura-literatura-historia-espana-es\\\/feria-de-granada-corpus-christi\\\/#article\",\"isPartOf\":{\"@id\":\"https:\\\/\\\/www.inmsol.com\\\/es\\\/blog-escuela\\\/cultura-literatura-historia-espana-es\\\/feria-de-granada-corpus-christi\\\/\"},\"author\":{\"name\":\"Rocio Mart\u00ednez\",\"@id\":\"https:\\\/\\\/www.inmsol.com\\\/es\\\/#\\\/schema\\\/person\\\/d041a9956283741a6ed56e0530eb28b5\"},\"headline\":\"La Feria de Granada\",\"datePublished\":\"2021-05-25T11:25:15+00:00\",\"mainEntityOfPage\":{\"@id\":\"https:\\\/\\\/www.inmsol.com\\\/es\\\/blog-escuela\\\/cultura-literatura-historia-espana-es\\\/feria-de-granada-corpus-christi\\\/\"},\"wordCount\":729,\"commentCount\":0,\"publisher\":{\"@id\":\"https:\\\/\\\/www.inmsol.com\\\/es\\\/#organization\"},\"image\":{\"@id\":\"https:\\\/\\\/www.inmsol.com\\\/es\\\/blog-escuela\\\/cultura-literatura-historia-espana-es\\\/feria-de-granada-corpus-christi\\\/#primaryimage\"},\"thumbnailUrl\":\"https:\\\/\\\/www.inmsol.com\\\/wp-content\\\/uploads\\\/2021\\\/05\\\/Cartel-Feria-Corpus-2021.jpg\",\"articleSection\":[\"Cultura, Literatura e Historia de Espa\u00f1a e Hispanoam\u00e9rica\",\"Eventos en Granada\"],\"inLanguage\":\"es\",\"potentialAction\":[{\"@type\":\"CommentAction\",\"name\":\"Comment\",\"target\":[\"https:\\\/\\\/www.inmsol.com\\\/es\\\/blog-escuela\\\/cultura-literatura-historia-espana-es\\\/feria-de-granada-corpus-christi\\\/#respond\"]}]},{\"@type\":\"WebPage\",\"@id\":\"https:\\\/\\\/www.inmsol.com\\\/es\\\/blog-escuela\\\/cultura-literatura-historia-espana-es\\\/feria-de-granada-corpus-christi\\\/\",\"url\":\"https:\\\/\\\/www.inmsol.com\\\/es\\\/blog-escuela\\\/cultura-literatura-historia-espana-es\\\/feria-de-granada-corpus-christi\\\/\",\"name\":\"La Feria de Granada | Blog iNMSOL\",\"isPartOf\":{\"@id\":\"https:\\\/\\\/www.inmsol.com\\\/es\\\/#website\"},\"primaryImageOfPage\":{\"@id\":\"https:\\\/\\\/www.inmsol.com\\\/es\\\/blog-escuela\\\/cultura-literatura-historia-espana-es\\\/feria-de-granada-corpus-christi\\\/#primaryimage\"},\"image\":{\"@id\":\"https:\\\/\\\/www.inmsol.com\\\/es\\\/blog-escuela\\\/cultura-literatura-historia-espana-es\\\/feria-de-granada-corpus-christi\\\/#primaryimage\"},\"thumbnailUrl\":\"https:\\\/\\\/www.inmsol.com\\\/wp-content\\\/uploads\\\/2021\\\/05\\\/Cartel-Feria-Corpus-2021.jpg\",\"datePublished\":\"2021-05-25T11:25:15+00:00\",\"description\":\"La\u00a0Feria de Granada tiene gran encanto y atractivo. Dura una semana, empezando el s\u00e1bado anterior al jueves de\u00a0Corpus Christi\u00a0a media noche.\",\"breadcrumb\":{\"@id\":\"https:\\\/\\\/www.inmsol.com\\\/es\\\/blog-escuela\\\/cultura-literatura-historia-espana-es\\\/feria-de-granada-corpus-christi\\\/#breadcrumb\"},\"inLanguage\":\"es\",\"potentialAction\":[{\"@type\":\"ReadAction\",\"target\":[\"https:\\\/\\\/www.inmsol.com\\\/es\\\/blog-escuela\\\/cultura-literatura-historia-espana-es\\\/feria-de-granada-corpus-christi\\\/\"]}]},{\"@type\":\"ImageObject\",\"inLanguage\":\"es\",\"@id\":\"https:\\\/\\\/www.inmsol.com\\\/es\\\/blog-escuela\\\/cultura-literatura-historia-espana-es\\\/feria-de-granada-corpus-christi\\\/#primaryimage\",\"url\":\"https:\\\/\\\/www.inmsol.com\\\/wp-content\\\/uploads\\\/2021\\\/05\\\/Cartel-Feria-Corpus-2021.jpg\",\"contentUrl\":\"https:\\\/\\\/www.inmsol.com\\\/wp-content\\\/uploads\\\/2021\\\/05\\\/Cartel-Feria-Corpus-2021.jpg\",\"width\":1202,\"height\":600},{\"@type\":\"BreadcrumbList\",\"@id\":\"https:\\\/\\\/www.inmsol.com\\\/es\\\/blog-escuela\\\/cultura-literatura-historia-espana-es\\\/feria-de-granada-corpus-christi\\\/#breadcrumb\",\"itemListElement\":[{\"@type\":\"ListItem\",\"position\":1,\"name\":\"Accredited Center by Instituto Cervantes\",\"item\":\"https:\\\/\\\/www.inmsol.com\\\/es\\\/pagina-ejemplo\\\/\"},{\"@type\":\"ListItem\",\"position\":2,\"name\":\"Blog Escuela Espa\u00f1ol\",\"item\":\"https:\\\/\\\/www.inmsol.com\\\/es\\\/category\\\/blog-escuela\\\/\"},{\"@type\":\"ListItem\",\"position\":3,\"name\":\"Cultura, Literatura e Historia de Espa\u00f1a e Hispanoam\u00e9rica\",\"item\":\"https:\\\/\\\/www.inmsol.com\\\/es\\\/category\\\/blog-escuela\\\/cultura-literatura-historia-espana-es\\\/\"},{\"@type\":\"ListItem\",\"position\":4,\"name\":\"La Feria de Granada\"}]},{\"@type\":\"WebSite\",\"@id\":\"https:\\\/\\\/www.inmsol.com\\\/es\\\/#website\",\"url\":\"https:\\\/\\\/www.inmsol.com\\\/es\\\/\",\"name\":\"iNMSOL\",\"description\":\"Aprenda Espa\u00f1ol con iNMSOL en Granada | Centro Acreditado por el Instituto Cervantes\",\"publisher\":{\"@id\":\"https:\\\/\\\/www.inmsol.com\\\/es\\\/#organization\"},\"potentialAction\":[{\"@type\":\"SearchAction\",\"target\":{\"@type\":\"EntryPoint\",\"urlTemplate\":\"https:\\\/\\\/www.inmsol.com\\\/es\\\/?s={search_term_string}\"},\"query-input\":{\"@type\":\"PropertyValueSpecification\",\"valueRequired\":true,\"valueName\":\"search_term_string\"}}],\"inLanguage\":\"es\"},{\"@type\":\"Organization\",\"@id\":\"https:\\\/\\\/www.inmsol.com\\\/es\\\/#organization\",\"name\":\"Instituto Mediterr\u00e1neo Sol\",\"url\":\"https:\\\/\\\/www.inmsol.com\\\/es\\\/\",\"logo\":{\"@type\":\"ImageObject\",\"inLanguage\":\"es\",\"@id\":\"https:\\\/\\\/www.inmsol.com\\\/es\\\/#\\\/schema\\\/logo\\\/image\\\/\",\"url\":\"https:\\\/\\\/www.inmsol.com\\\/wp-content\\\/uploads\\\/2023\\\/06\\\/logo-inmsol-1.png\",\"contentUrl\":\"https:\\\/\\\/www.inmsol.com\\\/wp-content\\\/uploads\\\/2023\\\/06\\\/logo-inmsol-1.png\",\"width\":136,\"height\":73,\"caption\":\"Instituto Mediterr\u00e1neo Sol\"},\"image\":{\"@id\":\"https:\\\/\\\/www.inmsol.com\\\/es\\\/#\\\/schema\\\/logo\\\/image\\\/\"},\"sameAs\":[\"https:\\\/\\\/www.facebook.com\\\/spanishcourses\",\"https:\\\/\\\/x.com\\\/StudyInGranada\",\"http:\\\/\\\/instagram.com\\\/imsolgranada\",\"https:\\\/\\\/es.linkedin.com\\\/company\\\/imsol-granada\",\"https:\\\/\\\/www.pinterest.es\\\/inmsol\\\/\",\"https:\\\/\\\/www.youtube.com\\\/channel\\\/UChz-Qn_7coFMosY85iYMO4g\"]},{\"@type\":\"Person\",\"@id\":\"https:\\\/\\\/www.inmsol.com\\\/es\\\/#\\\/schema\\\/person\\\/d041a9956283741a6ed56e0530eb28b5\",\"name\":\"Rocio Mart\u00ednez\",\"image\":{\"@type\":\"ImageObject\",\"inLanguage\":\"es\",\"@id\":\"https:\\\/\\\/secure.gravatar.com\\\/avatar\\\/95b9b0d999ef55a048952ade325bea9ee664237dc576277e59c3cc8fc6ea1123?s=96&d=mm&r=g\",\"url\":\"https:\\\/\\\/secure.gravatar.com\\\/avatar\\\/95b9b0d999ef55a048952ade325bea9ee664237dc576277e59c3cc8fc6ea1123?s=96&d=mm&r=g\",\"contentUrl\":\"https:\\\/\\\/secure.gravatar.com\\\/avatar\\\/95b9b0d999ef55a048952ade325bea9ee664237dc576277e59c3cc8fc6ea1123?s=96&d=mm&r=g\",\"caption\":\"Rocio Mart\u00ednez\"},\"url\":\"https:\\\/\\\/www.inmsol.com\\\/es\\\/author\\\/secretaria\\\/\"}]}<\/script>\n<!-- \/ Yoast SEO plugin. -->","yoast_head_json":{"title":"La Feria de Granada | Blog iNMSOL","description":"La\u00a0Feria de Granada tiene gran encanto y atractivo. Dura una semana, empezando el s\u00e1bado anterior al jueves de\u00a0Corpus Christi\u00a0a media noche.","robots":{"index":"index","follow":"follow","max-snippet":"max-snippet:-1","max-image-preview":"max-image-preview:large","max-video-preview":"max-video-preview:-1"},"canonical":"https:\/\/www.inmsol.com\/es\/blog-escuela\/cultura-literatura-historia-espana-es\/feria-de-granada-corpus-christi\/","og_locale":"es_ES","og_type":"article","og_title":"La Feria de Granada","og_description":"La\u00a0Feria de Granada tiene gran encanto y atractivo. Dura una semana, empezando el s\u00e1bado anterior al jueves de\u00a0Corpus Christi\u00a0a media noche.","og_url":"https:\/\/www.inmsol.com\/es\/blog-escuela\/cultura-literatura-historia-espana-es\/feria-de-granada-corpus-christi\/","og_site_name":"iNMSOL","article_publisher":"https:\/\/www.facebook.com\/spanishcourses","article_published_time":"2021-05-25T11:25:15+00:00","og_image":[{"width":1202,"height":600,"url":"https:\/\/www.inmsol.com\/wp-content\/uploads\/2021\/05\/Cartel-Feria-Corpus-2021.jpg","type":"image\/jpeg"}],"author":"Rocio Mart\u00ednez","twitter_misc":{"Escrito por":"Rocio Mart\u00ednez","Tiempo de lectura":"4 minutos"},"schema":{"@context":"https:\/\/schema.org","@graph":[{"@type":"Article","@id":"https:\/\/www.inmsol.com\/es\/blog-escuela\/cultura-literatura-historia-espana-es\/feria-de-granada-corpus-christi\/#article","isPartOf":{"@id":"https:\/\/www.inmsol.com\/es\/blog-escuela\/cultura-literatura-historia-espana-es\/feria-de-granada-corpus-christi\/"},"author":{"name":"Rocio Mart\u00ednez","@id":"https:\/\/www.inmsol.com\/es\/#\/schema\/person\/d041a9956283741a6ed56e0530eb28b5"},"headline":"La Feria de Granada","datePublished":"2021-05-25T11:25:15+00:00","mainEntityOfPage":{"@id":"https:\/\/www.inmsol.com\/es\/blog-escuela\/cultura-literatura-historia-espana-es\/feria-de-granada-corpus-christi\/"},"wordCount":729,"commentCount":0,"publisher":{"@id":"https:\/\/www.inmsol.com\/es\/#organization"},"image":{"@id":"https:\/\/www.inmsol.com\/es\/blog-escuela\/cultura-literatura-historia-espana-es\/feria-de-granada-corpus-christi\/#primaryimage"},"thumbnailUrl":"https:\/\/www.inmsol.com\/wp-content\/uploads\/2021\/05\/Cartel-Feria-Corpus-2021.jpg","articleSection":["Cultura, Literatura e Historia de Espa\u00f1a e Hispanoam\u00e9rica","Eventos en Granada"],"inLanguage":"es","potentialAction":[{"@type":"CommentAction","name":"Comment","target":["https:\/\/www.inmsol.com\/es\/blog-escuela\/cultura-literatura-historia-espana-es\/feria-de-granada-corpus-christi\/#respond"]}]},{"@type":"WebPage","@id":"https:\/\/www.inmsol.com\/es\/blog-escuela\/cultura-literatura-historia-espana-es\/feria-de-granada-corpus-christi\/","url":"https:\/\/www.inmsol.com\/es\/blog-escuela\/cultura-literatura-historia-espana-es\/feria-de-granada-corpus-christi\/","name":"La Feria de Granada | Blog iNMSOL","isPartOf":{"@id":"https:\/\/www.inmsol.com\/es\/#website"},"primaryImageOfPage":{"@id":"https:\/\/www.inmsol.com\/es\/blog-escuela\/cultura-literatura-historia-espana-es\/feria-de-granada-corpus-christi\/#primaryimage"},"image":{"@id":"https:\/\/www.inmsol.com\/es\/blog-escuela\/cultura-literatura-historia-espana-es\/feria-de-granada-corpus-christi\/#primaryimage"},"thumbnailUrl":"https:\/\/www.inmsol.com\/wp-content\/uploads\/2021\/05\/Cartel-Feria-Corpus-2021.jpg","datePublished":"2021-05-25T11:25:15+00:00","description":"La\u00a0Feria de Granada tiene gran encanto y atractivo. Dura una semana, empezando el s\u00e1bado anterior al jueves de\u00a0Corpus Christi\u00a0a media noche.","breadcrumb":{"@id":"https:\/\/www.inmsol.com\/es\/blog-escuela\/cultura-literatura-historia-espana-es\/feria-de-granada-corpus-christi\/#breadcrumb"},"inLanguage":"es","potentialAction":[{"@type":"ReadAction","target":["https:\/\/www.inmsol.com\/es\/blog-escuela\/cultura-literatura-historia-espana-es\/feria-de-granada-corpus-christi\/"]}]},{"@type":"ImageObject","inLanguage":"es","@id":"https:\/\/www.inmsol.com\/es\/blog-escuela\/cultura-literatura-historia-espana-es\/feria-de-granada-corpus-christi\/#primaryimage","url":"https:\/\/www.inmsol.com\/wp-content\/uploads\/2021\/05\/Cartel-Feria-Corpus-2021.jpg","contentUrl":"https:\/\/www.inmsol.com\/wp-content\/uploads\/2021\/05\/Cartel-Feria-Corpus-2021.jpg","width":1202,"height":600},{"@type":"BreadcrumbList","@id":"https:\/\/www.inmsol.com\/es\/blog-escuela\/cultura-literatura-historia-espana-es\/feria-de-granada-corpus-christi\/#breadcrumb","itemListElement":[{"@type":"ListItem","position":1,"name":"Accredited Center by Instituto Cervantes","item":"https:\/\/www.inmsol.com\/es\/pagina-ejemplo\/"},{"@type":"ListItem","position":2,"name":"Blog Escuela Espa\u00f1ol","item":"https:\/\/www.inmsol.com\/es\/category\/blog-escuela\/"},{"@type":"ListItem","position":3,"name":"Cultura, Literatura e Historia de Espa\u00f1a e Hispanoam\u00e9rica","item":"https:\/\/www.inmsol.com\/es\/category\/blog-escuela\/cultura-literatura-historia-espana-es\/"},{"@type":"ListItem","position":4,"name":"La Feria de Granada"}]},{"@type":"WebSite","@id":"https:\/\/www.inmsol.com\/es\/#website","url":"https:\/\/www.inmsol.com\/es\/","name":"iNMSOL","description":"Aprenda Espa\u00f1ol con iNMSOL en Granada | Centro Acreditado por el Instituto Cervantes","publisher":{"@id":"https:\/\/www.inmsol.com\/es\/#organization"},"potentialAction":[{"@type":"SearchAction","target":{"@type":"EntryPoint","urlTemplate":"https:\/\/www.inmsol.com\/es\/?s={search_term_string}"},"query-input":{"@type":"PropertyValueSpecification","valueRequired":true,"valueName":"search_term_string"}}],"inLanguage":"es"},{"@type":"Organization","@id":"https:\/\/www.inmsol.com\/es\/#organization","name":"Instituto Mediterr\u00e1neo Sol","url":"https:\/\/www.inmsol.com\/es\/","logo":{"@type":"ImageObject","inLanguage":"es","@id":"https:\/\/www.inmsol.com\/es\/#\/schema\/logo\/image\/","url":"https:\/\/www.inmsol.com\/wp-content\/uploads\/2023\/06\/logo-inmsol-1.png","contentUrl":"https:\/\/www.inmsol.com\/wp-content\/uploads\/2023\/06\/logo-inmsol-1.png","width":136,"height":73,"caption":"Instituto Mediterr\u00e1neo Sol"},"image":{"@id":"https:\/\/www.inmsol.com\/es\/#\/schema\/logo\/image\/"},"sameAs":["https:\/\/www.facebook.com\/spanishcourses","https:\/\/x.com\/StudyInGranada","http:\/\/instagram.com\/imsolgranada","https:\/\/es.linkedin.com\/company\/imsol-granada","https:\/\/www.pinterest.es\/inmsol\/","https:\/\/www.youtube.com\/channel\/UChz-Qn_7coFMosY85iYMO4g"]},{"@type":"Person","@id":"https:\/\/www.inmsol.com\/es\/#\/schema\/person\/d041a9956283741a6ed56e0530eb28b5","name":"Rocio Mart\u00ednez","image":{"@type":"ImageObject","inLanguage":"es","@id":"https:\/\/secure.gravatar.com\/avatar\/95b9b0d999ef55a048952ade325bea9ee664237dc576277e59c3cc8fc6ea1123?s=96&d=mm&r=g","url":"https:\/\/secure.gravatar.com\/avatar\/95b9b0d999ef55a048952ade325bea9ee664237dc576277e59c3cc8fc6ea1123?s=96&d=mm&r=g","contentUrl":"https:\/\/secure.gravatar.com\/avatar\/95b9b0d999ef55a048952ade325bea9ee664237dc576277e59c3cc8fc6ea1123?s=96&d=mm&r=g","caption":"Rocio Mart\u00ednez"},"url":"https:\/\/www.inmsol.com\/es\/author\/secretaria\/"}]}},"_links":{"self":[{"href":"https:\/\/www.inmsol.com\/es\/wp-json\/wp\/v2\/posts\/56701","targetHints":{"allow":["GET"]}}],"collection":[{"href":"https:\/\/www.inmsol.com\/es\/wp-json\/wp\/v2\/posts"}],"about":[{"href":"https:\/\/www.inmsol.com\/es\/wp-json\/wp\/v2\/types\/post"}],"author":[{"embeddable":true,"href":"https:\/\/www.inmsol.com\/es\/wp-json\/wp\/v2\/users\/31"}],"replies":[{"embeddable":true,"href":"https:\/\/www.inmsol.com\/es\/wp-json\/wp\/v2\/comments?post=56701"}],"version-history":[{"count":0,"href":"https:\/\/www.inmsol.com\/es\/wp-json\/wp\/v2\/posts\/56701\/revisions"}],"wp:featuredmedia":[{"embeddable":true,"href":"https:\/\/www.inmsol.com\/es\/wp-json\/wp\/v2\/media\/56702"}],"wp:attachment":[{"href":"https:\/\/www.inmsol.com\/es\/wp-json\/wp\/v2\/media?parent=56701"}],"wp:term":[{"taxonomy":"category","embeddable":true,"href":"https:\/\/www.inmsol.com\/es\/wp-json\/wp\/v2\/categories?post=56701"},{"taxonomy":"post_tag","embeddable":true,"href":"https:\/\/www.inmsol.com\/es\/wp-json\/wp\/v2\/tags?post=56701"}],"curies":[{"name":"wp","href":"https:\/\/api.w.org\/{rel}","templated":true}]}}