{"id":56847,"date":"2021-06-15T17:50:05","date_gmt":"2021-06-15T15:50:05","guid":{"rendered":"https:\/\/www.inmsol.com\/blog-escuela\/festival-internacional-musica-danza-granada\/"},"modified":"2021-06-16T13:22:44","modified_gmt":"2021-06-16T11:22:44","slug":"festival-internacional-musica-danza-granada","status":"publish","type":"post","link":"https:\/\/www.inmsol.com\/es\/blog-escuela\/eventos-granada\/festival-internacional-musica-danza-granada\/","title":{"rendered":"Festival Internacional de M\u00fasica y Danza de Granada"},"content":{"rendered":"<h4>\u00a1Los <a href=\"https:\/\/www.inmsol.com\/es\/cursos-espanol-espana\/granada\/\" target=\"_blank\" rel=\"noopener\">estudiantes de espa\u00f1ol<\/a> que se encuentren en <a href=\"https:\/\/www.inmsol.com\/es\/granada\/\" target=\"_blank\" rel=\"noopener\">Granada<\/a> en las pr\u00f3ximas semanas est\u00e1n de suerte! Podr\u00e1n asistir a este estupendo festival.<\/h4>\n<p>&nbsp;<\/p>\n<blockquote><p><em>Pocas ciudades en el mundo occidental pueden presumir de tener un festival que alcance su septuag\u00e9simo aniversario sin interrupci\u00f3n alguna. Granada es una de ellas y por eso quiere festejarlo con orgullo e ilusi\u00f3n.<\/em><\/p>\n<p><em>Aunque los or\u00edgenes se remontan a 1883, con los hist\u00f3ricos conciertos en el Palacio de Carlos V de la Alhambra, durante las fiestas del Corpus Christi, el Festival no fue creado hasta 1952 como \u2018Primer Festival de M\u00fasica y Danza Espa\u00f1olas\u2019, gracias al decidido impulso del entonces director general de Bellas Artes, Antonio Gallego Bur\u00edn, que materializ\u00f3 el sue\u00f1o del cr\u00edtico musical y secretario t\u00e9cnico de la Comisaria Nacional de la M\u00fasica, Antonio de las Heras, con el apoyo de tres ministerios y el respaldo de la afici\u00f3n granadina. As\u00ed se pon\u00eda en el mapa cultural europeo a Granada y se daba un espaldarazo internacional a la precaria pol\u00edtica cultural de un r\u00e9gimen totalitario que necesitaba abrirse al mundo.<\/em><\/p><\/blockquote>\n<p>&nbsp;<\/p>\n<p>De esta forma se nos presenta <a href=\"https:\/\/granadafestival.org\/\" target=\"_blank\" rel=\"noopener\"><strong>70 edici\u00f3n del Festival Internacional de M\u00fasica y Danza de Granada<\/strong><\/a>, que tendr\u00e1 lugar entre el 17 de junio y el 18 de julio de 2021.<\/p>\n<p>&nbsp;<\/p>\n<p><a href=\"https:\/\/www.inmsol.com\/wp-content\/uploads\/2021\/06\/Festival.jpg\" target=\"_blank\" rel=\"noopener\"><img fetchpriority=\"high\" decoding=\"async\" class=\"aligncenter wp-image-56840 size-full\" title=\"Festival de m\u00fasica y danza de Granada\" src=\"https:\/\/www.inmsol.com\/wp-content\/uploads\/2021\/06\/Festival.jpg\" alt=\"Festival\" width=\"1202\" height=\"600\" srcset=\"https:\/\/www.inmsol.com\/wp-content\/uploads\/2021\/06\/Festival.jpg 1202w, https:\/\/www.inmsol.com\/wp-content\/uploads\/2021\/06\/Festival-800x399.jpg 800w, https:\/\/www.inmsol.com\/wp-content\/uploads\/2021\/06\/Festival-64x32.jpg 64w, https:\/\/www.inmsol.com\/wp-content\/uploads\/2021\/06\/Festival-460x230.jpg 460w, https:\/\/www.inmsol.com\/wp-content\/uploads\/2021\/06\/Festival-1024x511.jpg 1024w, https:\/\/www.inmsol.com\/wp-content\/uploads\/2021\/06\/Festival-768x383.jpg 768w, https:\/\/www.inmsol.com\/wp-content\/uploads\/2021\/06\/Festival-250x125.jpg 250w, https:\/\/www.inmsol.com\/wp-content\/uploads\/2021\/06\/Festival-600x300.jpg 600w\" sizes=\"(max-width: 1202px) 100vw, 1202px\" \/><\/a><\/p>\n<h3><\/h3>\n<h3>Escenarios espectaculares<\/h3>\n<p>Los m\u00e1s bellos enclaves de la ciudad albergar\u00e1n un gran n\u00famero de espect\u00e1culos de m\u00fasica y danza a lo largo de las pr\u00f3ximas semanas. Entre ellos:<\/p>\n<ul>\n<li>Palacio de Carlos V<\/li>\n<li>Teatro del Generalife<\/li>\n<li>Auditorio la Chumbera<\/li>\n<li>La Santa Iglesia Catedral<\/li>\n<li>El Monasterio de San Jer\u00f3nimo<\/li>\n<li>El centro Federico Garc\u00eda Lorca<\/li>\n<\/ul>\n<p>&nbsp;<\/p>\n<h3>Comienzo del programa<\/h3>\n<p>El 17 de junio la <a href=\"https:\/\/www.orquestaciudadgranada.es\/\" target=\"_blank\" rel=\"noopener\">Orquesta Ciudad de Granada<\/a>, Paul McCreesh, Nuria Rial y M\u00aa Jos\u00e9 Moreno abren el festival en el Palacio de Carlos V, a las 22.30 h.<\/p>\n<p>Es posible descargar el programa completo del festival pinchando en el siguiente enlace:<\/p>\n<h4><a href=\"https:\/\/granadafestival.org\/wp-content\/uploads\/2021\/05\/70-Festival-de-Granada-PROGRAMA-2021-web-1.pdf\" target=\"_blank\" rel=\"noopener\">Programa del festival<\/a><\/h4>\n<p>&nbsp;<\/p>\n<h3>Espect\u00e1culos y conciertos gratuitos: FEX Festival Extensi\u00f3n<\/h3>\n<p>De forma paralela se celebra el <strong>FEX (Festival Extensi\u00f3n)<\/strong>. El FEX organiza actuaciones y cursos complementarios, enfocados a la participaci\u00f3n ciudadana y a la celebraci\u00f3n en plazas y calles al aire libre (dentro de lo posible).<\/p>\n<p>Se puede encontrar m\u00e1s informaci\u00f3n sobre el programa del FEX en el siguiente enlace:<\/p>\n<h4><a href=\"https:\/\/granadafestival.org\/wp-content\/uploads\/2021\/06\/Folleto-FEX-2021-v5.pdf\" target=\"_blank\" rel=\"noopener\">Programa del FEX<\/a><\/h4>\n<p>&nbsp;<\/p>\n<p><a href=\"https:\/\/www.inmsol.com\/wp-content\/uploads\/2021\/06\/FEX-portada.jpg\" target=\"_blank\" rel=\"noopener\"><img decoding=\"async\" class=\"aligncenter wp-image-56833 size-full\" title=\"Festival\" src=\"https:\/\/www.inmsol.com\/wp-content\/uploads\/2021\/06\/FEX-portada.jpg\" alt=\"Festival de M\u00fasica y Danza\" width=\"1202\" height=\"600\" srcset=\"https:\/\/www.inmsol.com\/wp-content\/uploads\/2021\/06\/FEX-portada.jpg 1202w, https:\/\/www.inmsol.com\/wp-content\/uploads\/2021\/06\/FEX-portada-800x399.jpg 800w, https:\/\/www.inmsol.com\/wp-content\/uploads\/2021\/06\/FEX-portada-64x32.jpg 64w, https:\/\/www.inmsol.com\/wp-content\/uploads\/2021\/06\/FEX-portada-460x230.jpg 460w, https:\/\/www.inmsol.com\/wp-content\/uploads\/2021\/06\/FEX-portada-1024x511.jpg 1024w, https:\/\/www.inmsol.com\/wp-content\/uploads\/2021\/06\/FEX-portada-768x383.jpg 768w, https:\/\/www.inmsol.com\/wp-content\/uploads\/2021\/06\/FEX-portada-250x125.jpg 250w, https:\/\/www.inmsol.com\/wp-content\/uploads\/2021\/06\/FEX-portada-600x300.jpg 600w\" sizes=\"(max-width: 1202px) 100vw, 1202px\" \/><\/a><\/p>\n<p>&nbsp;<\/p>\n<h4>\u00a1Desde<a href=\"https:\/\/www.inmsol.com\/es\/\" target=\"_blank\" rel=\"noopener\"> iNMSOL<\/a> aconsejamos a nuestros estudiantes asistir a todos estos eventos! Ya que es uno de los m\u00e1s importantes a nivel internacional.<\/h4>\n","protected":false},"excerpt":{"rendered":"<p>Los m\u00e1s bellos enclaves de Granada albergar\u00e1n un gran n\u00famero de espect\u00e1culos de m\u00fasica y danza a lo largo de las pr\u00f3ximas semanas.<\/p>\n","protected":false},"author":31,"featured_media":56833,"comment_status":"open","ping_status":"closed","sticky":false,"template":"","format":"standard","meta":{"_acf_changed":false,"footnotes":""},"categories":[80],"tags":[],"class_list":["post-56847","post","type-post","status-publish","format-standard","has-post-thumbnail","hentry","category-eventos-granada"],"acf":[],"yoast_head":"<!-- This site is optimized with the Yoast SEO plugin v27.5 - https:\/\/yoast.com\/product\/yoast-seo-wordpress\/ -->\n<title>Festival Internacional de M\u00fasica y Danza de Granada | Blog iNMSOL<\/title>\n<meta name=\"description\" content=\"Los m\u00e1s bellos enclaves de Granada albergar\u00e1n un gran n\u00famero de espect\u00e1culos del Festival de M\u00fasica y Danza en las pr\u00f3ximas semanas.\" \/>\n<meta name=\"robots\" content=\"index, follow, max-snippet:-1, max-image-preview:large, max-video-preview:-1\" \/>\n<link rel=\"canonical\" href=\"https:\/\/www.inmsol.com\/es\/blog-escuela\/eventos-granada\/festival-internacional-musica-danza-granada\/\" \/>\n<meta property=\"og:locale\" content=\"es_ES\" \/>\n<meta property=\"og:type\" content=\"article\" \/>\n<meta property=\"og:title\" content=\"Festival Internacional de M\u00fasica y Danza de Granada 2021\" \/>\n<meta property=\"og:description\" content=\"Los m\u00e1s bellos enclaves de Granada albergar\u00e1n un gran n\u00famero de espect\u00e1culos de m\u00fasica y danza a lo largo de las pr\u00f3ximas semanas.\" \/>\n<meta property=\"og:url\" content=\"https:\/\/www.inmsol.com\/es\/blog-escuela\/eventos-granada\/festival-internacional-musica-danza-granada\/\" \/>\n<meta property=\"og:site_name\" content=\"iNMSOL\" \/>\n<meta property=\"article:publisher\" content=\"https:\/\/www.facebook.com\/spanishcourses\" \/>\n<meta property=\"article:published_time\" content=\"2021-06-15T15:50:05+00:00\" \/>\n<meta property=\"article:modified_time\" content=\"2021-06-16T11:22:44+00:00\" \/>\n<meta property=\"og:image\" content=\"https:\/\/www.inmsol.com\/wp-content\/uploads\/2021\/06\/Festival.jpg\" \/>\n\t<meta property=\"og:image:width\" content=\"1202\" \/>\n\t<meta property=\"og:image:height\" content=\"600\" \/>\n\t<meta property=\"og:image:type\" content=\"image\/jpeg\" \/>\n<meta name=\"author\" content=\"Rocio Mart\u00ednez\" \/>\n<meta name=\"twitter:label1\" content=\"Escrito por\" \/>\n\t<meta name=\"twitter:data1\" content=\"Rocio Mart\u00ednez\" \/>\n\t<meta name=\"twitter:label2\" content=\"Tiempo de lectura\" \/>\n\t<meta name=\"twitter:data2\" content=\"3 minutos\" \/>\n<script type=\"application\/ld+json\" class=\"yoast-schema-graph\">{\"@context\":\"https:\\\/\\\/schema.org\",\"@graph\":[{\"@type\":\"Article\",\"@id\":\"https:\\\/\\\/www.inmsol.com\\\/es\\\/blog-escuela\\\/eventos-granada\\\/festival-internacional-musica-danza-granada\\\/#article\",\"isPartOf\":{\"@id\":\"https:\\\/\\\/www.inmsol.com\\\/es\\\/blog-escuela\\\/eventos-granada\\\/festival-internacional-musica-danza-granada\\\/\"},\"author\":{\"name\":\"Rocio Mart\u00ednez\",\"@id\":\"https:\\\/\\\/www.inmsol.com\\\/es\\\/#\\\/schema\\\/person\\\/d041a9956283741a6ed56e0530eb28b5\"},\"headline\":\"Festival Internacional de M\u00fasica y Danza de Granada\",\"datePublished\":\"2021-06-15T15:50:05+00:00\",\"dateModified\":\"2021-06-16T11:22:44+00:00\",\"mainEntityOfPage\":{\"@id\":\"https:\\\/\\\/www.inmsol.com\\\/es\\\/blog-escuela\\\/eventos-granada\\\/festival-internacional-musica-danza-granada\\\/\"},\"wordCount\":436,\"commentCount\":0,\"publisher\":{\"@id\":\"https:\\\/\\\/www.inmsol.com\\\/es\\\/#organization\"},\"image\":{\"@id\":\"https:\\\/\\\/www.inmsol.com\\\/es\\\/blog-escuela\\\/eventos-granada\\\/festival-internacional-musica-danza-granada\\\/#primaryimage\"},\"thumbnailUrl\":\"https:\\\/\\\/www.inmsol.com\\\/wp-content\\\/uploads\\\/2021\\\/06\\\/FEX-portada.jpg\",\"articleSection\":[\"Eventos en Granada\"],\"inLanguage\":\"es\",\"potentialAction\":[{\"@type\":\"CommentAction\",\"name\":\"Comment\",\"target\":[\"https:\\\/\\\/www.inmsol.com\\\/es\\\/blog-escuela\\\/eventos-granada\\\/festival-internacional-musica-danza-granada\\\/#respond\"]}]},{\"@type\":\"WebPage\",\"@id\":\"https:\\\/\\\/www.inmsol.com\\\/es\\\/blog-escuela\\\/eventos-granada\\\/festival-internacional-musica-danza-granada\\\/\",\"url\":\"https:\\\/\\\/www.inmsol.com\\\/es\\\/blog-escuela\\\/eventos-granada\\\/festival-internacional-musica-danza-granada\\\/\",\"name\":\"Festival Internacional de M\u00fasica y Danza de Granada | Blog iNMSOL\",\"isPartOf\":{\"@id\":\"https:\\\/\\\/www.inmsol.com\\\/es\\\/#website\"},\"primaryImageOfPage\":{\"@id\":\"https:\\\/\\\/www.inmsol.com\\\/es\\\/blog-escuela\\\/eventos-granada\\\/festival-internacional-musica-danza-granada\\\/#primaryimage\"},\"image\":{\"@id\":\"https:\\\/\\\/www.inmsol.com\\\/es\\\/blog-escuela\\\/eventos-granada\\\/festival-internacional-musica-danza-granada\\\/#primaryimage\"},\"thumbnailUrl\":\"https:\\\/\\\/www.inmsol.com\\\/wp-content\\\/uploads\\\/2021\\\/06\\\/FEX-portada.jpg\",\"datePublished\":\"2021-06-15T15:50:05+00:00\",\"dateModified\":\"2021-06-16T11:22:44+00:00\",\"description\":\"Los m\u00e1s bellos enclaves de Granada albergar\u00e1n un gran n\u00famero de espect\u00e1culos del Festival de M\u00fasica y Danza en las pr\u00f3ximas semanas.\",\"breadcrumb\":{\"@id\":\"https:\\\/\\\/www.inmsol.com\\\/es\\\/blog-escuela\\\/eventos-granada\\\/festival-internacional-musica-danza-granada\\\/#breadcrumb\"},\"inLanguage\":\"es\",\"potentialAction\":[{\"@type\":\"ReadAction\",\"target\":[\"https:\\\/\\\/www.inmsol.com\\\/es\\\/blog-escuela\\\/eventos-granada\\\/festival-internacional-musica-danza-granada\\\/\"]}]},{\"@type\":\"ImageObject\",\"inLanguage\":\"es\",\"@id\":\"https:\\\/\\\/www.inmsol.com\\\/es\\\/blog-escuela\\\/eventos-granada\\\/festival-internacional-musica-danza-granada\\\/#primaryimage\",\"url\":\"https:\\\/\\\/www.inmsol.com\\\/wp-content\\\/uploads\\\/2021\\\/06\\\/FEX-portada.jpg\",\"contentUrl\":\"https:\\\/\\\/www.inmsol.com\\\/wp-content\\\/uploads\\\/2021\\\/06\\\/FEX-portada.jpg\",\"width\":1202,\"height\":600,\"caption\":\"Festival de M\u00fasica y Danza\"},{\"@type\":\"BreadcrumbList\",\"@id\":\"https:\\\/\\\/www.inmsol.com\\\/es\\\/blog-escuela\\\/eventos-granada\\\/festival-internacional-musica-danza-granada\\\/#breadcrumb\",\"itemListElement\":[{\"@type\":\"ListItem\",\"position\":1,\"name\":\"Accredited Center by Instituto Cervantes\",\"item\":\"https:\\\/\\\/www.inmsol.com\\\/es\\\/pagina-ejemplo\\\/\"},{\"@type\":\"ListItem\",\"position\":2,\"name\":\"Blog Escuela Espa\u00f1ol\",\"item\":\"https:\\\/\\\/www.inmsol.com\\\/es\\\/category\\\/blog-escuela\\\/\"},{\"@type\":\"ListItem\",\"position\":3,\"name\":\"Eventos en Granada\",\"item\":\"https:\\\/\\\/www.inmsol.com\\\/es\\\/category\\\/blog-escuela\\\/eventos-granada\\\/\"},{\"@type\":\"ListItem\",\"position\":4,\"name\":\"Festival Internacional de M\u00fasica y Danza de Granada\"}]},{\"@type\":\"WebSite\",\"@id\":\"https:\\\/\\\/www.inmsol.com\\\/es\\\/#website\",\"url\":\"https:\\\/\\\/www.inmsol.com\\\/es\\\/\",\"name\":\"iNMSOL\",\"description\":\"Aprenda Espa\u00f1ol con iNMSOL en Granada | Centro Acreditado por el Instituto Cervantes\",\"publisher\":{\"@id\":\"https:\\\/\\\/www.inmsol.com\\\/es\\\/#organization\"},\"potentialAction\":[{\"@type\":\"SearchAction\",\"target\":{\"@type\":\"EntryPoint\",\"urlTemplate\":\"https:\\\/\\\/www.inmsol.com\\\/es\\\/?s={search_term_string}\"},\"query-input\":{\"@type\":\"PropertyValueSpecification\",\"valueRequired\":true,\"valueName\":\"search_term_string\"}}],\"inLanguage\":\"es\"},{\"@type\":\"Organization\",\"@id\":\"https:\\\/\\\/www.inmsol.com\\\/es\\\/#organization\",\"name\":\"Instituto Mediterr\u00e1neo Sol\",\"url\":\"https:\\\/\\\/www.inmsol.com\\\/es\\\/\",\"logo\":{\"@type\":\"ImageObject\",\"inLanguage\":\"es\",\"@id\":\"https:\\\/\\\/www.inmsol.com\\\/es\\\/#\\\/schema\\\/logo\\\/image\\\/\",\"url\":\"https:\\\/\\\/www.inmsol.com\\\/wp-content\\\/uploads\\\/2023\\\/06\\\/logo-inmsol-1.png\",\"contentUrl\":\"https:\\\/\\\/www.inmsol.com\\\/wp-content\\\/uploads\\\/2023\\\/06\\\/logo-inmsol-1.png\",\"width\":136,\"height\":73,\"caption\":\"Instituto Mediterr\u00e1neo Sol\"},\"image\":{\"@id\":\"https:\\\/\\\/www.inmsol.com\\\/es\\\/#\\\/schema\\\/logo\\\/image\\\/\"},\"sameAs\":[\"https:\\\/\\\/www.facebook.com\\\/spanishcourses\",\"https:\\\/\\\/x.com\\\/StudyInGranada\",\"http:\\\/\\\/instagram.com\\\/imsolgranada\",\"https:\\\/\\\/es.linkedin.com\\\/company\\\/imsol-granada\",\"https:\\\/\\\/www.pinterest.es\\\/inmsol\\\/\",\"https:\\\/\\\/www.youtube.com\\\/channel\\\/UChz-Qn_7coFMosY85iYMO4g\"]},{\"@type\":\"Person\",\"@id\":\"https:\\\/\\\/www.inmsol.com\\\/es\\\/#\\\/schema\\\/person\\\/d041a9956283741a6ed56e0530eb28b5\",\"name\":\"Rocio Mart\u00ednez\",\"image\":{\"@type\":\"ImageObject\",\"inLanguage\":\"es\",\"@id\":\"https:\\\/\\\/secure.gravatar.com\\\/avatar\\\/95b9b0d999ef55a048952ade325bea9ee664237dc576277e59c3cc8fc6ea1123?s=96&d=mm&r=g\",\"url\":\"https:\\\/\\\/secure.gravatar.com\\\/avatar\\\/95b9b0d999ef55a048952ade325bea9ee664237dc576277e59c3cc8fc6ea1123?s=96&d=mm&r=g\",\"contentUrl\":\"https:\\\/\\\/secure.gravatar.com\\\/avatar\\\/95b9b0d999ef55a048952ade325bea9ee664237dc576277e59c3cc8fc6ea1123?s=96&d=mm&r=g\",\"caption\":\"Rocio Mart\u00ednez\"},\"url\":\"https:\\\/\\\/www.inmsol.com\\\/es\\\/author\\\/secretaria\\\/\"}]}<\/script>\n<!-- \/ Yoast SEO plugin. -->","yoast_head_json":{"title":"Festival Internacional de M\u00fasica y Danza de Granada | Blog iNMSOL","description":"Los m\u00e1s bellos enclaves de Granada albergar\u00e1n un gran n\u00famero de espect\u00e1culos del Festival de M\u00fasica y Danza en las pr\u00f3ximas semanas.","robots":{"index":"index","follow":"follow","max-snippet":"max-snippet:-1","max-image-preview":"max-image-preview:large","max-video-preview":"max-video-preview:-1"},"canonical":"https:\/\/www.inmsol.com\/es\/blog-escuela\/eventos-granada\/festival-internacional-musica-danza-granada\/","og_locale":"es_ES","og_type":"article","og_title":"Festival Internacional de M\u00fasica y Danza de Granada 2021","og_description":"Los m\u00e1s bellos enclaves de Granada albergar\u00e1n un gran n\u00famero de espect\u00e1culos de m\u00fasica y danza a lo largo de las pr\u00f3ximas semanas.","og_url":"https:\/\/www.inmsol.com\/es\/blog-escuela\/eventos-granada\/festival-internacional-musica-danza-granada\/","og_site_name":"iNMSOL","article_publisher":"https:\/\/www.facebook.com\/spanishcourses","article_published_time":"2021-06-15T15:50:05+00:00","article_modified_time":"2021-06-16T11:22:44+00:00","og_image":[{"width":1202,"height":600,"url":"https:\/\/www.inmsol.com\/wp-content\/uploads\/2021\/06\/Festival.jpg","type":"image\/jpeg"}],"author":"Rocio Mart\u00ednez","twitter_misc":{"Escrito por":"Rocio Mart\u00ednez","Tiempo de lectura":"3 minutos"},"schema":{"@context":"https:\/\/schema.org","@graph":[{"@type":"Article","@id":"https:\/\/www.inmsol.com\/es\/blog-escuela\/eventos-granada\/festival-internacional-musica-danza-granada\/#article","isPartOf":{"@id":"https:\/\/www.inmsol.com\/es\/blog-escuela\/eventos-granada\/festival-internacional-musica-danza-granada\/"},"author":{"name":"Rocio Mart\u00ednez","@id":"https:\/\/www.inmsol.com\/es\/#\/schema\/person\/d041a9956283741a6ed56e0530eb28b5"},"headline":"Festival Internacional de M\u00fasica y Danza de Granada","datePublished":"2021-06-15T15:50:05+00:00","dateModified":"2021-06-16T11:22:44+00:00","mainEntityOfPage":{"@id":"https:\/\/www.inmsol.com\/es\/blog-escuela\/eventos-granada\/festival-internacional-musica-danza-granada\/"},"wordCount":436,"commentCount":0,"publisher":{"@id":"https:\/\/www.inmsol.com\/es\/#organization"},"image":{"@id":"https:\/\/www.inmsol.com\/es\/blog-escuela\/eventos-granada\/festival-internacional-musica-danza-granada\/#primaryimage"},"thumbnailUrl":"https:\/\/www.inmsol.com\/wp-content\/uploads\/2021\/06\/FEX-portada.jpg","articleSection":["Eventos en Granada"],"inLanguage":"es","potentialAction":[{"@type":"CommentAction","name":"Comment","target":["https:\/\/www.inmsol.com\/es\/blog-escuela\/eventos-granada\/festival-internacional-musica-danza-granada\/#respond"]}]},{"@type":"WebPage","@id":"https:\/\/www.inmsol.com\/es\/blog-escuela\/eventos-granada\/festival-internacional-musica-danza-granada\/","url":"https:\/\/www.inmsol.com\/es\/blog-escuela\/eventos-granada\/festival-internacional-musica-danza-granada\/","name":"Festival Internacional de M\u00fasica y Danza de Granada | Blog iNMSOL","isPartOf":{"@id":"https:\/\/www.inmsol.com\/es\/#website"},"primaryImageOfPage":{"@id":"https:\/\/www.inmsol.com\/es\/blog-escuela\/eventos-granada\/festival-internacional-musica-danza-granada\/#primaryimage"},"image":{"@id":"https:\/\/www.inmsol.com\/es\/blog-escuela\/eventos-granada\/festival-internacional-musica-danza-granada\/#primaryimage"},"thumbnailUrl":"https:\/\/www.inmsol.com\/wp-content\/uploads\/2021\/06\/FEX-portada.jpg","datePublished":"2021-06-15T15:50:05+00:00","dateModified":"2021-06-16T11:22:44+00:00","description":"Los m\u00e1s bellos enclaves de Granada albergar\u00e1n un gran n\u00famero de espect\u00e1culos del Festival de M\u00fasica y Danza en las pr\u00f3ximas semanas.","breadcrumb":{"@id":"https:\/\/www.inmsol.com\/es\/blog-escuela\/eventos-granada\/festival-internacional-musica-danza-granada\/#breadcrumb"},"inLanguage":"es","potentialAction":[{"@type":"ReadAction","target":["https:\/\/www.inmsol.com\/es\/blog-escuela\/eventos-granada\/festival-internacional-musica-danza-granada\/"]}]},{"@type":"ImageObject","inLanguage":"es","@id":"https:\/\/www.inmsol.com\/es\/blog-escuela\/eventos-granada\/festival-internacional-musica-danza-granada\/#primaryimage","url":"https:\/\/www.inmsol.com\/wp-content\/uploads\/2021\/06\/FEX-portada.jpg","contentUrl":"https:\/\/www.inmsol.com\/wp-content\/uploads\/2021\/06\/FEX-portada.jpg","width":1202,"height":600,"caption":"Festival de M\u00fasica y Danza"},{"@type":"BreadcrumbList","@id":"https:\/\/www.inmsol.com\/es\/blog-escuela\/eventos-granada\/festival-internacional-musica-danza-granada\/#breadcrumb","itemListElement":[{"@type":"ListItem","position":1,"name":"Accredited Center by Instituto Cervantes","item":"https:\/\/www.inmsol.com\/es\/pagina-ejemplo\/"},{"@type":"ListItem","position":2,"name":"Blog Escuela Espa\u00f1ol","item":"https:\/\/www.inmsol.com\/es\/category\/blog-escuela\/"},{"@type":"ListItem","position":3,"name":"Eventos en Granada","item":"https:\/\/www.inmsol.com\/es\/category\/blog-escuela\/eventos-granada\/"},{"@type":"ListItem","position":4,"name":"Festival Internacional de M\u00fasica y Danza de Granada"}]},{"@type":"WebSite","@id":"https:\/\/www.inmsol.com\/es\/#website","url":"https:\/\/www.inmsol.com\/es\/","name":"iNMSOL","description":"Aprenda Espa\u00f1ol con iNMSOL en Granada | Centro Acreditado por el Instituto Cervantes","publisher":{"@id":"https:\/\/www.inmsol.com\/es\/#organization"},"potentialAction":[{"@type":"SearchAction","target":{"@type":"EntryPoint","urlTemplate":"https:\/\/www.inmsol.com\/es\/?s={search_term_string}"},"query-input":{"@type":"PropertyValueSpecification","valueRequired":true,"valueName":"search_term_string"}}],"inLanguage":"es"},{"@type":"Organization","@id":"https:\/\/www.inmsol.com\/es\/#organization","name":"Instituto Mediterr\u00e1neo Sol","url":"https:\/\/www.inmsol.com\/es\/","logo":{"@type":"ImageObject","inLanguage":"es","@id":"https:\/\/www.inmsol.com\/es\/#\/schema\/logo\/image\/","url":"https:\/\/www.inmsol.com\/wp-content\/uploads\/2023\/06\/logo-inmsol-1.png","contentUrl":"https:\/\/www.inmsol.com\/wp-content\/uploads\/2023\/06\/logo-inmsol-1.png","width":136,"height":73,"caption":"Instituto Mediterr\u00e1neo Sol"},"image":{"@id":"https:\/\/www.inmsol.com\/es\/#\/schema\/logo\/image\/"},"sameAs":["https:\/\/www.facebook.com\/spanishcourses","https:\/\/x.com\/StudyInGranada","http:\/\/instagram.com\/imsolgranada","https:\/\/es.linkedin.com\/company\/imsol-granada","https:\/\/www.pinterest.es\/inmsol\/","https:\/\/www.youtube.com\/channel\/UChz-Qn_7coFMosY85iYMO4g"]},{"@type":"Person","@id":"https:\/\/www.inmsol.com\/es\/#\/schema\/person\/d041a9956283741a6ed56e0530eb28b5","name":"Rocio Mart\u00ednez","image":{"@type":"ImageObject","inLanguage":"es","@id":"https:\/\/secure.gravatar.com\/avatar\/95b9b0d999ef55a048952ade325bea9ee664237dc576277e59c3cc8fc6ea1123?s=96&d=mm&r=g","url":"https:\/\/secure.gravatar.com\/avatar\/95b9b0d999ef55a048952ade325bea9ee664237dc576277e59c3cc8fc6ea1123?s=96&d=mm&r=g","contentUrl":"https:\/\/secure.gravatar.com\/avatar\/95b9b0d999ef55a048952ade325bea9ee664237dc576277e59c3cc8fc6ea1123?s=96&d=mm&r=g","caption":"Rocio Mart\u00ednez"},"url":"https:\/\/www.inmsol.com\/es\/author\/secretaria\/"}]}},"_links":{"self":[{"href":"https:\/\/www.inmsol.com\/es\/wp-json\/wp\/v2\/posts\/56847","targetHints":{"allow":["GET"]}}],"collection":[{"href":"https:\/\/www.inmsol.com\/es\/wp-json\/wp\/v2\/posts"}],"about":[{"href":"https:\/\/www.inmsol.com\/es\/wp-json\/wp\/v2\/types\/post"}],"author":[{"embeddable":true,"href":"https:\/\/www.inmsol.com\/es\/wp-json\/wp\/v2\/users\/31"}],"replies":[{"embeddable":true,"href":"https:\/\/www.inmsol.com\/es\/wp-json\/wp\/v2\/comments?post=56847"}],"version-history":[{"count":0,"href":"https:\/\/www.inmsol.com\/es\/wp-json\/wp\/v2\/posts\/56847\/revisions"}],"wp:featuredmedia":[{"embeddable":true,"href":"https:\/\/www.inmsol.com\/es\/wp-json\/wp\/v2\/media\/56833"}],"wp:attachment":[{"href":"https:\/\/www.inmsol.com\/es\/wp-json\/wp\/v2\/media?parent=56847"}],"wp:term":[{"taxonomy":"category","embeddable":true,"href":"https:\/\/www.inmsol.com\/es\/wp-json\/wp\/v2\/categories?post=56847"},{"taxonomy":"post_tag","embeddable":true,"href":"https:\/\/www.inmsol.com\/es\/wp-json\/wp\/v2\/tags?post=56847"}],"curies":[{"name":"wp","href":"https:\/\/api.w.org\/{rel}","templated":true}]}}