{"id":587,"date":"2011-01-12T11:58:01","date_gmt":"2011-01-12T10:58:01","guid":{"rendered":"https:\/\/www.inmsol.com\/"},"modified":"2019-05-02T09:08:07","modified_gmt":"2019-05-02T07:08:07","slug":"nombres-de-altura-para-el-falla","status":"publish","type":"post","link":"https:\/\/www.inmsol.com\/es\/blog-escuela\/eventos-granada\/nombres-de-altura-para-el-falla\/","title":{"rendered":"Nombres de altura para el Falla"},"content":{"rendered":"<p><!--break--><\/p>\n<div style=\"width: 345px\" class=\"wp-caption alignnone\"><img fetchpriority=\"high\" decoding=\"async\" src=\"https:\/\/www.inmsol.com\/wp-content\/files\/imagen_0.jpg\" width=\"335\" height=\"354\" \/><p class=\"wp-caption-text\">align=center<\/p><\/div>\n<p><!--break--><\/p>\n<p>La soprano estadounidense Barbara Hendricks y los solistas de The Royal Opera House Covent Garden protagonizan el programa sinf\u00f3nico con el que el Auditorio Manuel de Falla arranca su a\u00f1o de conciertos<\/p>\n<p>Tras su reciente reapertura despu\u00e9s de someterse a un profundo trabajo de rehabilitaci\u00f3n, el Auditorio Manuel de Falla arranca el a\u00f1o con la intenci\u00f3n de que su cambio de fisonom\u00eda se traslade tambi\u00e9n a sus planteamientos art\u00edsticos. As\u00ed, adem\u00e1s de continuar siendo el escenario predilecto de la Orquesta Ciudad de Granada (OCG), el auditorio sumar\u00e1 conciertos de rock y recitales sinf\u00f3nicos a cargo de importantes nombres propios como la soprano Barbara Hendricks o los solistas de The Royal Opera House Covent Garden a su propuesta de este semestre.<\/p>\n<p>La programaci\u00f3n, que fue aprobada antes de acabar 2010, se articula en torno a cuatro bloques principales: el ciclo Una hora de c\u00e1mara, el ciclo Falla, m\u00fasica en 360 grados, el ciclo Granadinos en el Falla y los recitales sinf\u00f3nicos, seg\u00fan avanz\u00f3 el director del Centro Cultural Manuel de Falla, Jos\u00e9 Luis Carmona.<\/p>\n<p>Los recitales sinf\u00f3nicos, precisamente, son la gran apuesta del auditorio para estos meses. La soprano norteamericana Barbara Hendricks, una de las grandes voces de la m\u00fasica contempor\u00e1nea, visitar\u00e1 por segunda vez Granada -ya particip\u00f3 en el Festival Jazz en la Costa- para ofrecer el 8 de abril un recital exclusivo de arias de \u00f3pera y m\u00fasica espa\u00f1ola acompa\u00f1ada por Love Derwinger al piano.<\/p>\n<p>El virtuoso pianista italiano Domenico Codispoti ser\u00e1 otra de las figuras a tener en cuenta este a\u00f1o, sobre todo por su concierto del pr\u00f3ximo 12 de febrero, donde realizar\u00e1 un particular homenaje a Franz Liszt con motivo de la conmemoraci\u00f3n del bicentenario del nacimiento del compositor.<\/p>\n<p>The Soloists of the Royal Opera House Convent Garden, una de las formaciones sinf\u00f3nicas m\u00e1s prestigiosas a nivel internacional, llegar\u00e1 a Granada el 12 de marzo bajo la batuta de Vasko Vassilev, el director concertino m\u00e1s joven de toda la historia de la orquesta, y con un programa que contempla obras de Mozart, Brahms, Sarasate y Falla. El concierto servir\u00e1 para conmemorar el 20 aniversario de la inauguraci\u00f3n del Archivo Manuel de Falla.<\/p>\n<p>La Orquesta de C\u00e1mara de Berl\u00edn cerrar\u00e1 el 21 de mayo el programa sinf\u00f3nico con un concierto dirigido por Katrin Scholz con obras de Vivaldi, Haendel, Barber, Piazzolla y Telemann.<\/p>\n<p>Por otro lado, el Auditorio contin\u00faa con las apuestas musicales que en estos \u00faltimos a\u00f1os se han convertido en una de sus se\u00f1as de identidad, como el ciclo Una hora de c\u00e1mara, que a trav\u00e9s de distintas peque\u00f1as formaciones procedentes de m\u00fasicos de la OCG acomete programas dedicados a distintos instrumentos. As\u00ed, este domingo arrancar\u00e1 el ciclo con un concierto dedicado a compositores eslavos para el contrabajo solista, y continuar\u00e1 con propuestas que har\u00e1n protagonistas a Shostakovich, a la m\u00fasica de Europa Central, a la m\u00fasica francesa con arpa y al clarinete.<\/p>\n<p>Granadinos en el Falla, el ciclo que nace, seg\u00fan Carmona, con la intenci\u00f3n de \u00ababrir el auditorio a los m\u00fasicos de la ciudad\u00bb, ofrecer\u00e1 cuatro conciertos gratuitos que responden a propuestas muy diferentes. As\u00ed, la Banda Municipal de Granada bajo la batuta de Miguel S\u00e1nchez Ruzafa ofrecer\u00e1 un concierto de homenaje al maestro Faus el pr\u00f3ximo 19 de febrero. Le seguir\u00e1 el 26 de marzo el tradicional concierto en homenaje al pulso y p\u00faa granadino y que, en su novena edici\u00f3n, contar\u00e1 con la participaci\u00f3n de la Orquesta de Plectro Torre del Alfiler Vegas del Genil, la Orquesta de Pulso y P\u00faa Ciudad de Granada, la Orquesta de Plectro de C\u00f3rdoba y el conjunto Trovadores Latinos.<\/p>\n<p>Un concierto de Semana Santa a cargo del Ensemble Vega con la colaboraci\u00f3n del poeta Antonio Carvajal que leer\u00e1 sus Par\u00e1frasis y el concierto de fin de curso de la Orquesta Sinf\u00f3nica del Real Conservatorio de M\u00fasica Victoria Eugenia de Granada completan el programa granadino, para el que se podr\u00e1n invitaciones a disposici\u00f3n del p\u00fablico d\u00edas antes de las actuaciones.<\/p>\n<p>El calendario para el invierno y la primavera en el auditorio se completa con las actuaciones en ac\u00fastico de artistas nacionales como M-Clan, Loquillo y Mal\u00fa dentro del ciclo Falla, m\u00fasica en 360 grados, que a\u00fan tiene una fecha por confirmar tras la ca\u00edda de la actuaci\u00f3n prevista del grupo Celtas Cortos.<\/p>\n<p><a href=\"http:\/\/www.granadahoy.com\/\">http:\/\/www.granadahoy.com\/<\/a><\/p>\n","protected":false},"excerpt":{"rendered":"<p>La soprano estadounidense Barbara Hendricks y los solistas de The Royal Opera House Covent Garden protagonizan el programa sinf\u00f3nico con el que el Auditorio Manuel de Falla arranca su a\u00f1o de conciertos Tras su reciente reapertura despu\u00e9s de someterse a un profundo trabajo de rehabilitaci\u00f3n,&#8230;<\/p>\n","protected":false},"author":2,"featured_media":0,"comment_status":"closed","ping_status":"closed","sticky":false,"template":"","format":"standard","meta":{"_acf_changed":false,"footnotes":""},"categories":[80],"tags":[],"class_list":["post-587","post","type-post","status-publish","format-standard","hentry","category-eventos-granada"],"acf":[],"yoast_head":"<!-- This site is optimized with the Yoast SEO plugin v27.5 - https:\/\/yoast.com\/product\/yoast-seo-wordpress\/ -->\n<title>Nombres de altura para el Falla | Instituto Mediterr\u00e1neo Sol Granada<\/title>\n<meta name=\"description\" content=\"Nombres de altura para el Falla\" \/>\n<meta name=\"robots\" content=\"index, follow, max-snippet:-1, max-image-preview:large, max-video-preview:-1\" \/>\n<link rel=\"canonical\" href=\"https:\/\/www.inmsol.com\/es\/blog-escuela\/eventos-granada\/nombres-de-altura-para-el-falla\/\" \/>\n<meta property=\"og:locale\" content=\"es_ES\" \/>\n<meta property=\"og:type\" content=\"article\" \/>\n<meta property=\"og:title\" content=\"Nombres de altura para el Falla | Instituto Mediterr\u00e1neo Sol Granada\" \/>\n<meta property=\"og:description\" content=\"Nombres de altura para el Falla\" \/>\n<meta property=\"og:url\" content=\"https:\/\/www.inmsol.com\/es\/blog-escuela\/eventos-granada\/nombres-de-altura-para-el-falla\/\" \/>\n<meta property=\"og:site_name\" content=\"iNMSOL\" \/>\n<meta property=\"article:publisher\" content=\"https:\/\/www.facebook.com\/spanishcourses\" \/>\n<meta property=\"article:published_time\" content=\"2011-01-12T10:58:01+00:00\" \/>\n<meta property=\"article:modified_time\" content=\"2019-05-02T07:08:07+00:00\" \/>\n<meta property=\"og:image\" content=\"https:\/\/www.inmsol.com\/wp-content\/files\/imagen_0.jpg\" \/>\n<meta name=\"author\" content=\"Javier Torres\" \/>\n<meta name=\"twitter:label1\" content=\"Escrito por\" \/>\n\t<meta name=\"twitter:data1\" content=\"Javier Torres\" \/>\n\t<meta name=\"twitter:label2\" content=\"Tiempo de lectura\" \/>\n\t<meta name=\"twitter:data2\" content=\"4 minutos\" \/>\n<script type=\"application\/ld+json\" class=\"yoast-schema-graph\">{\"@context\":\"https:\\\/\\\/schema.org\",\"@graph\":[{\"@type\":\"Article\",\"@id\":\"https:\\\/\\\/www.inmsol.com\\\/es\\\/blog-escuela\\\/eventos-granada\\\/nombres-de-altura-para-el-falla\\\/#article\",\"isPartOf\":{\"@id\":\"https:\\\/\\\/www.inmsol.com\\\/es\\\/blog-escuela\\\/eventos-granada\\\/nombres-de-altura-para-el-falla\\\/\"},\"author\":{\"name\":\"Javier Torres\",\"@id\":\"https:\\\/\\\/www.inmsol.com\\\/es\\\/#\\\/schema\\\/person\\\/18f18acd0397ef441e373e79ec3eb6ea\"},\"headline\":\"Nombres de altura para el Falla\",\"datePublished\":\"2011-01-12T10:58:01+00:00\",\"dateModified\":\"2019-05-02T07:08:07+00:00\",\"mainEntityOfPage\":{\"@id\":\"https:\\\/\\\/www.inmsol.com\\\/es\\\/blog-escuela\\\/eventos-granada\\\/nombres-de-altura-para-el-falla\\\/\"},\"wordCount\":778,\"publisher\":{\"@id\":\"https:\\\/\\\/www.inmsol.com\\\/es\\\/#organization\"},\"image\":{\"@id\":\"https:\\\/\\\/www.inmsol.com\\\/es\\\/blog-escuela\\\/eventos-granada\\\/nombres-de-altura-para-el-falla\\\/#primaryimage\"},\"thumbnailUrl\":\"https:\\\/\\\/www.inmsol.com\\\/wp-content\\\/files\\\/imagen_0.jpg\",\"articleSection\":[\"Eventos en Granada\"],\"inLanguage\":\"es\"},{\"@type\":\"WebPage\",\"@id\":\"https:\\\/\\\/www.inmsol.com\\\/es\\\/blog-escuela\\\/eventos-granada\\\/nombres-de-altura-para-el-falla\\\/\",\"url\":\"https:\\\/\\\/www.inmsol.com\\\/es\\\/blog-escuela\\\/eventos-granada\\\/nombres-de-altura-para-el-falla\\\/\",\"name\":\"Nombres de altura para el Falla | Instituto Mediterr\u00e1neo Sol Granada\",\"isPartOf\":{\"@id\":\"https:\\\/\\\/www.inmsol.com\\\/es\\\/#website\"},\"primaryImageOfPage\":{\"@id\":\"https:\\\/\\\/www.inmsol.com\\\/es\\\/blog-escuela\\\/eventos-granada\\\/nombres-de-altura-para-el-falla\\\/#primaryimage\"},\"image\":{\"@id\":\"https:\\\/\\\/www.inmsol.com\\\/es\\\/blog-escuela\\\/eventos-granada\\\/nombres-de-altura-para-el-falla\\\/#primaryimage\"},\"thumbnailUrl\":\"https:\\\/\\\/www.inmsol.com\\\/wp-content\\\/files\\\/imagen_0.jpg\",\"datePublished\":\"2011-01-12T10:58:01+00:00\",\"dateModified\":\"2019-05-02T07:08:07+00:00\",\"description\":\"Nombres de altura para el Falla\",\"breadcrumb\":{\"@id\":\"https:\\\/\\\/www.inmsol.com\\\/es\\\/blog-escuela\\\/eventos-granada\\\/nombres-de-altura-para-el-falla\\\/#breadcrumb\"},\"inLanguage\":\"es\",\"potentialAction\":[{\"@type\":\"ReadAction\",\"target\":[\"https:\\\/\\\/www.inmsol.com\\\/es\\\/blog-escuela\\\/eventos-granada\\\/nombres-de-altura-para-el-falla\\\/\"]}]},{\"@type\":\"ImageObject\",\"inLanguage\":\"es\",\"@id\":\"https:\\\/\\\/www.inmsol.com\\\/es\\\/blog-escuela\\\/eventos-granada\\\/nombres-de-altura-para-el-falla\\\/#primaryimage\",\"url\":\"https:\\\/\\\/www.inmsol.com\\\/wp-content\\\/files\\\/imagen_0.jpg\",\"contentUrl\":\"https:\\\/\\\/www.inmsol.com\\\/wp-content\\\/files\\\/imagen_0.jpg\"},{\"@type\":\"BreadcrumbList\",\"@id\":\"https:\\\/\\\/www.inmsol.com\\\/es\\\/blog-escuela\\\/eventos-granada\\\/nombres-de-altura-para-el-falla\\\/#breadcrumb\",\"itemListElement\":[{\"@type\":\"ListItem\",\"position\":1,\"name\":\"Accredited Center by Instituto Cervantes\",\"item\":\"https:\\\/\\\/www.inmsol.com\\\/es\\\/pagina-ejemplo\\\/\"},{\"@type\":\"ListItem\",\"position\":2,\"name\":\"Blog Escuela Espa\u00f1ol\",\"item\":\"https:\\\/\\\/www.inmsol.com\\\/es\\\/category\\\/blog-escuela\\\/\"},{\"@type\":\"ListItem\",\"position\":3,\"name\":\"Eventos en Granada\",\"item\":\"https:\\\/\\\/www.inmsol.com\\\/es\\\/category\\\/blog-escuela\\\/eventos-granada\\\/\"},{\"@type\":\"ListItem\",\"position\":4,\"name\":\"Nombres de altura para el Falla\"}]},{\"@type\":\"WebSite\",\"@id\":\"https:\\\/\\\/www.inmsol.com\\\/es\\\/#website\",\"url\":\"https:\\\/\\\/www.inmsol.com\\\/es\\\/\",\"name\":\"iNMSOL\",\"description\":\"Aprenda Espa\u00f1ol con iNMSOL en Granada | Centro Acreditado por el Instituto Cervantes\",\"publisher\":{\"@id\":\"https:\\\/\\\/www.inmsol.com\\\/es\\\/#organization\"},\"potentialAction\":[{\"@type\":\"SearchAction\",\"target\":{\"@type\":\"EntryPoint\",\"urlTemplate\":\"https:\\\/\\\/www.inmsol.com\\\/es\\\/?s={search_term_string}\"},\"query-input\":{\"@type\":\"PropertyValueSpecification\",\"valueRequired\":true,\"valueName\":\"search_term_string\"}}],\"inLanguage\":\"es\"},{\"@type\":\"Organization\",\"@id\":\"https:\\\/\\\/www.inmsol.com\\\/es\\\/#organization\",\"name\":\"Instituto Mediterr\u00e1neo Sol\",\"url\":\"https:\\\/\\\/www.inmsol.com\\\/es\\\/\",\"logo\":{\"@type\":\"ImageObject\",\"inLanguage\":\"es\",\"@id\":\"https:\\\/\\\/www.inmsol.com\\\/es\\\/#\\\/schema\\\/logo\\\/image\\\/\",\"url\":\"https:\\\/\\\/www.inmsol.com\\\/wp-content\\\/uploads\\\/2023\\\/06\\\/logo-inmsol-1.png\",\"contentUrl\":\"https:\\\/\\\/www.inmsol.com\\\/wp-content\\\/uploads\\\/2023\\\/06\\\/logo-inmsol-1.png\",\"width\":136,\"height\":73,\"caption\":\"Instituto Mediterr\u00e1neo Sol\"},\"image\":{\"@id\":\"https:\\\/\\\/www.inmsol.com\\\/es\\\/#\\\/schema\\\/logo\\\/image\\\/\"},\"sameAs\":[\"https:\\\/\\\/www.facebook.com\\\/spanishcourses\",\"https:\\\/\\\/x.com\\\/StudyInGranada\",\"http:\\\/\\\/instagram.com\\\/imsolgranada\",\"https:\\\/\\\/es.linkedin.com\\\/company\\\/imsol-granada\",\"https:\\\/\\\/www.pinterest.es\\\/inmsol\\\/\",\"https:\\\/\\\/www.youtube.com\\\/channel\\\/UChz-Qn_7coFMosY85iYMO4g\"]},{\"@type\":\"Person\",\"@id\":\"https:\\\/\\\/www.inmsol.com\\\/es\\\/#\\\/schema\\\/person\\\/18f18acd0397ef441e373e79ec3eb6ea\",\"name\":\"Javier Torres\",\"image\":{\"@type\":\"ImageObject\",\"inLanguage\":\"es\",\"@id\":\"https:\\\/\\\/secure.gravatar.com\\\/avatar\\\/90afa2d6499550218d247408758082af566e5ec3641e1b8eac0d7bb889344a55?s=96&d=mm&r=g\",\"url\":\"https:\\\/\\\/secure.gravatar.com\\\/avatar\\\/90afa2d6499550218d247408758082af566e5ec3641e1b8eac0d7bb889344a55?s=96&d=mm&r=g\",\"contentUrl\":\"https:\\\/\\\/secure.gravatar.com\\\/avatar\\\/90afa2d6499550218d247408758082af566e5ec3641e1b8eac0d7bb889344a55?s=96&d=mm&r=g\",\"caption\":\"Javier Torres\"},\"url\":\"https:\\\/\\\/www.inmsol.com\\\/es\\\/author\\\/javier\\\/\"}]}<\/script>\n<!-- \/ Yoast SEO plugin. -->","yoast_head_json":{"title":"Nombres de altura para el Falla | Instituto Mediterr\u00e1neo Sol Granada","description":"Nombres de altura para el Falla","robots":{"index":"index","follow":"follow","max-snippet":"max-snippet:-1","max-image-preview":"max-image-preview:large","max-video-preview":"max-video-preview:-1"},"canonical":"https:\/\/www.inmsol.com\/es\/blog-escuela\/eventos-granada\/nombres-de-altura-para-el-falla\/","og_locale":"es_ES","og_type":"article","og_title":"Nombres de altura para el Falla | Instituto Mediterr\u00e1neo Sol Granada","og_description":"Nombres de altura para el Falla","og_url":"https:\/\/www.inmsol.com\/es\/blog-escuela\/eventos-granada\/nombres-de-altura-para-el-falla\/","og_site_name":"iNMSOL","article_publisher":"https:\/\/www.facebook.com\/spanishcourses","article_published_time":"2011-01-12T10:58:01+00:00","article_modified_time":"2019-05-02T07:08:07+00:00","og_image":[{"url":"https:\/\/www.inmsol.com\/wp-content\/files\/imagen_0.jpg","type":"","width":"","height":""}],"author":"Javier Torres","twitter_misc":{"Escrito por":"Javier Torres","Tiempo de lectura":"4 minutos"},"schema":{"@context":"https:\/\/schema.org","@graph":[{"@type":"Article","@id":"https:\/\/www.inmsol.com\/es\/blog-escuela\/eventos-granada\/nombres-de-altura-para-el-falla\/#article","isPartOf":{"@id":"https:\/\/www.inmsol.com\/es\/blog-escuela\/eventos-granada\/nombres-de-altura-para-el-falla\/"},"author":{"name":"Javier Torres","@id":"https:\/\/www.inmsol.com\/es\/#\/schema\/person\/18f18acd0397ef441e373e79ec3eb6ea"},"headline":"Nombres de altura para el Falla","datePublished":"2011-01-12T10:58:01+00:00","dateModified":"2019-05-02T07:08:07+00:00","mainEntityOfPage":{"@id":"https:\/\/www.inmsol.com\/es\/blog-escuela\/eventos-granada\/nombres-de-altura-para-el-falla\/"},"wordCount":778,"publisher":{"@id":"https:\/\/www.inmsol.com\/es\/#organization"},"image":{"@id":"https:\/\/www.inmsol.com\/es\/blog-escuela\/eventos-granada\/nombres-de-altura-para-el-falla\/#primaryimage"},"thumbnailUrl":"https:\/\/www.inmsol.com\/wp-content\/files\/imagen_0.jpg","articleSection":["Eventos en Granada"],"inLanguage":"es"},{"@type":"WebPage","@id":"https:\/\/www.inmsol.com\/es\/blog-escuela\/eventos-granada\/nombres-de-altura-para-el-falla\/","url":"https:\/\/www.inmsol.com\/es\/blog-escuela\/eventos-granada\/nombres-de-altura-para-el-falla\/","name":"Nombres de altura para el Falla | Instituto Mediterr\u00e1neo Sol Granada","isPartOf":{"@id":"https:\/\/www.inmsol.com\/es\/#website"},"primaryImageOfPage":{"@id":"https:\/\/www.inmsol.com\/es\/blog-escuela\/eventos-granada\/nombres-de-altura-para-el-falla\/#primaryimage"},"image":{"@id":"https:\/\/www.inmsol.com\/es\/blog-escuela\/eventos-granada\/nombres-de-altura-para-el-falla\/#primaryimage"},"thumbnailUrl":"https:\/\/www.inmsol.com\/wp-content\/files\/imagen_0.jpg","datePublished":"2011-01-12T10:58:01+00:00","dateModified":"2019-05-02T07:08:07+00:00","description":"Nombres de altura para el Falla","breadcrumb":{"@id":"https:\/\/www.inmsol.com\/es\/blog-escuela\/eventos-granada\/nombres-de-altura-para-el-falla\/#breadcrumb"},"inLanguage":"es","potentialAction":[{"@type":"ReadAction","target":["https:\/\/www.inmsol.com\/es\/blog-escuela\/eventos-granada\/nombres-de-altura-para-el-falla\/"]}]},{"@type":"ImageObject","inLanguage":"es","@id":"https:\/\/www.inmsol.com\/es\/blog-escuela\/eventos-granada\/nombres-de-altura-para-el-falla\/#primaryimage","url":"https:\/\/www.inmsol.com\/wp-content\/files\/imagen_0.jpg","contentUrl":"https:\/\/www.inmsol.com\/wp-content\/files\/imagen_0.jpg"},{"@type":"BreadcrumbList","@id":"https:\/\/www.inmsol.com\/es\/blog-escuela\/eventos-granada\/nombres-de-altura-para-el-falla\/#breadcrumb","itemListElement":[{"@type":"ListItem","position":1,"name":"Accredited Center by Instituto Cervantes","item":"https:\/\/www.inmsol.com\/es\/pagina-ejemplo\/"},{"@type":"ListItem","position":2,"name":"Blog Escuela Espa\u00f1ol","item":"https:\/\/www.inmsol.com\/es\/category\/blog-escuela\/"},{"@type":"ListItem","position":3,"name":"Eventos en Granada","item":"https:\/\/www.inmsol.com\/es\/category\/blog-escuela\/eventos-granada\/"},{"@type":"ListItem","position":4,"name":"Nombres de altura para el Falla"}]},{"@type":"WebSite","@id":"https:\/\/www.inmsol.com\/es\/#website","url":"https:\/\/www.inmsol.com\/es\/","name":"iNMSOL","description":"Aprenda Espa\u00f1ol con iNMSOL en Granada | Centro Acreditado por el Instituto Cervantes","publisher":{"@id":"https:\/\/www.inmsol.com\/es\/#organization"},"potentialAction":[{"@type":"SearchAction","target":{"@type":"EntryPoint","urlTemplate":"https:\/\/www.inmsol.com\/es\/?s={search_term_string}"},"query-input":{"@type":"PropertyValueSpecification","valueRequired":true,"valueName":"search_term_string"}}],"inLanguage":"es"},{"@type":"Organization","@id":"https:\/\/www.inmsol.com\/es\/#organization","name":"Instituto Mediterr\u00e1neo Sol","url":"https:\/\/www.inmsol.com\/es\/","logo":{"@type":"ImageObject","inLanguage":"es","@id":"https:\/\/www.inmsol.com\/es\/#\/schema\/logo\/image\/","url":"https:\/\/www.inmsol.com\/wp-content\/uploads\/2023\/06\/logo-inmsol-1.png","contentUrl":"https:\/\/www.inmsol.com\/wp-content\/uploads\/2023\/06\/logo-inmsol-1.png","width":136,"height":73,"caption":"Instituto Mediterr\u00e1neo Sol"},"image":{"@id":"https:\/\/www.inmsol.com\/es\/#\/schema\/logo\/image\/"},"sameAs":["https:\/\/www.facebook.com\/spanishcourses","https:\/\/x.com\/StudyInGranada","http:\/\/instagram.com\/imsolgranada","https:\/\/es.linkedin.com\/company\/imsol-granada","https:\/\/www.pinterest.es\/inmsol\/","https:\/\/www.youtube.com\/channel\/UChz-Qn_7coFMosY85iYMO4g"]},{"@type":"Person","@id":"https:\/\/www.inmsol.com\/es\/#\/schema\/person\/18f18acd0397ef441e373e79ec3eb6ea","name":"Javier Torres","image":{"@type":"ImageObject","inLanguage":"es","@id":"https:\/\/secure.gravatar.com\/avatar\/90afa2d6499550218d247408758082af566e5ec3641e1b8eac0d7bb889344a55?s=96&d=mm&r=g","url":"https:\/\/secure.gravatar.com\/avatar\/90afa2d6499550218d247408758082af566e5ec3641e1b8eac0d7bb889344a55?s=96&d=mm&r=g","contentUrl":"https:\/\/secure.gravatar.com\/avatar\/90afa2d6499550218d247408758082af566e5ec3641e1b8eac0d7bb889344a55?s=96&d=mm&r=g","caption":"Javier Torres"},"url":"https:\/\/www.inmsol.com\/es\/author\/javier\/"}]}},"_links":{"self":[{"href":"https:\/\/www.inmsol.com\/es\/wp-json\/wp\/v2\/posts\/587","targetHints":{"allow":["GET"]}}],"collection":[{"href":"https:\/\/www.inmsol.com\/es\/wp-json\/wp\/v2\/posts"}],"about":[{"href":"https:\/\/www.inmsol.com\/es\/wp-json\/wp\/v2\/types\/post"}],"author":[{"embeddable":true,"href":"https:\/\/www.inmsol.com\/es\/wp-json\/wp\/v2\/users\/2"}],"replies":[{"embeddable":true,"href":"https:\/\/www.inmsol.com\/es\/wp-json\/wp\/v2\/comments?post=587"}],"version-history":[{"count":0,"href":"https:\/\/www.inmsol.com\/es\/wp-json\/wp\/v2\/posts\/587\/revisions"}],"wp:attachment":[{"href":"https:\/\/www.inmsol.com\/es\/wp-json\/wp\/v2\/media?parent=587"}],"wp:term":[{"taxonomy":"category","embeddable":true,"href":"https:\/\/www.inmsol.com\/es\/wp-json\/wp\/v2\/categories?post=587"},{"taxonomy":"post_tag","embeddable":true,"href":"https:\/\/www.inmsol.com\/es\/wp-json\/wp\/v2\/tags?post=587"}],"curies":[{"name":"wp","href":"https:\/\/api.w.org\/{rel}","templated":true}]}}