{"id":59267,"date":"2021-10-29T13:38:46","date_gmt":"2021-10-29T11:38:46","guid":{"rendered":"https:\/\/www.inmsol.com\/?p=59267"},"modified":"2021-10-29T18:12:29","modified_gmt":"2021-10-29T16:12:29","slug":"dia-de-todos-los-santos","status":"publish","type":"post","link":"https:\/\/www.inmsol.com\/es\/blog-escuela\/dia-de-todos-los-santos\/","title":{"rendered":"\u00bfC\u00f3mo se celebra en Espa\u00f1a el D\u00eda de Todos los Santos?"},"content":{"rendered":"<p>El 1 de noviembre est\u00e1 consagrado como el <a href=\"https:\/\/es.wikipedia.org\/wiki\/D%C3%ADa_de_Todos_los_Santos\">D\u00eda de Todos los Santos<\/a>. Es el d\u00eda a en el que recordar a los seres queridos que no nos acompa\u00f1an y visitar sus tumbas.<\/p>\n<p><a href=\"https:\/\/www.inmsol.com\/wp-content\/uploads\/2021\/10\/1-nov.jpg\"><img fetchpriority=\"high\" decoding=\"async\" class=\"aligncenter size-full wp-image-59282\" src=\"https:\/\/www.inmsol.com\/wp-content\/uploads\/2021\/10\/1-nov.jpg\" alt=\"\" width=\"700\" height=\"525\" srcset=\"https:\/\/www.inmsol.com\/wp-content\/uploads\/2021\/10\/1-nov.jpg 700w, https:\/\/www.inmsol.com\/wp-content\/uploads\/2021\/10\/1-nov-64x48.jpg 64w, https:\/\/www.inmsol.com\/wp-content\/uploads\/2021\/10\/1-nov-600x450.jpg 600w, https:\/\/www.inmsol.com\/wp-content\/uploads\/2021\/10\/1-nov-400x300.jpg 400w, https:\/\/www.inmsol.com\/wp-content\/uploads\/2021\/10\/1-nov-250x188.jpg 250w, https:\/\/www.inmsol.com\/wp-content\/uploads\/2021\/10\/1-nov-533x400.jpg 533w\" sizes=\"(max-width: 700px) 100vw, 700px\" \/><\/a><\/p>\n<p>Es tambi\u00e9n un d\u00eda de celebraci\u00f3n y tradiciones y\u00a0 una <strong>fiesta eminentemente religiosa. <\/strong>No solo en Espa\u00f1a, sino en la mayor parte de pa\u00edses de tradici\u00f3n cristiana, el primero de noviembre es un d\u00eda en el que se homenajea a los santos, conocidos y desconocidos. Pero<strong> en nuestro pa\u00eds son muchas y muy distintas las tradiciones y costumbres<\/strong>\u00a0dependiendo de cada ciudad o comunidad aut\u00f3noma.<\/p>\n<h3><strong>\u00bfCu\u00e1l es la tradici\u00f3n del d\u00eda de los santos? \u00bfY como se celebra?<\/strong><\/h3>\n<p>Existen tradiciones que se est\u00e1n perdiendo con el tiempo, ya que lo normal es que este d\u00eda se comience <strong>acudiendo a los cementerios con ramos de flores<\/strong> y, de hecho, siempre en las iglesias se celebra una misa muy especial este d\u00eda 1 de noviembre.<\/p>\n<p>Pero vamos a ver las tradiciones m\u00e1s populares en algunas ciudades o comunidades aut\u00f3nomas del pa\u00eds:<\/p>\n<h3>1.\u00a0\u00a0\u00a0\u00a0\u00a0\u00a0\u00a0\u00a0\u00a0\u00a0\u00a0\u00a0\u00a0 <strong>En Canarias<\/strong><\/h3>\n<p>La tradici\u00f3n en las islas viene marcada por la\u00a0<strong>fiesta de los Finaos<\/strong>: es una cena en familia donde se recuerdan historias, an\u00e9cdotas e incluso alg\u00fan cotilleo de los difuntos del c\u00edrculo familiar. Por supuesto en esta reuni\u00f3n no pueden faltar <strong>nueces, pi\u00f1ones, casta\u00f1as asadas y otros manjares propios de esta \u00e9poca<\/strong>.<\/p>\n<h3>2.\u00a0\u00a0\u00a0\u00a0\u00a0\u00a0\u00a0\u00a0\u00a0\u00a0\u00a0\u00a0\u00a0 <strong>En C\u00e1diz<\/strong><\/h3>\n<p>Bajo el nombre de \u00ab<strong>La Fiesta de los Tosantos\u00bb,<\/strong>\u00a0<strong>en C\u00e1diz se celebra un concurso en algunos mercados,<\/strong> donde los puestos representan escenas c\u00f3micas con frutas, verduras, pescados, carnes\u2026 Todo es v\u00e1lido para ganar. Por supuesto, no faltan los dulces. Son caracter\u00edsticos los <strong>huesos de santo o los bu\u00f1uelos de sidra<\/strong>.<\/p>\n<h3>3.\u00a0\u00a0\u00a0\u00a0\u00a0\u00a0\u00a0\u00a0\u00a0\u00a0\u00a0\u00a0\u00a0 <strong>En Galicia<\/strong><\/h3>\n<p>En Galicia celebran una<strong>\u00a0tradici\u00f3n ancestral celta llamada \u00abSamhain\u00bb<\/strong> y lo hacen la noche del 31, aunque la alargan por supuesto al d\u00eda siguiente. De manera similar a Halloween, se decoran las casas, se preparan las calabazas para meter dentro las velas. Aunque tambi\u00e9n hay aldeas donde celebran el llamado \u00ab<strong>Magosto\u00bb que consiste en una reuni\u00f3n entre amigos alrededor del fuego<\/strong>\u00a0mientras se disfruta asando unas magn\u00edficas casta\u00f1as.<\/p>\n<h3>4.\u00a0\u00a0\u00a0\u00a0\u00a0\u00a0\u00a0\u00a0\u00a0\u00a0\u00a0\u00a0\u00a0 <strong>En Pa\u00eds Vasco<\/strong><\/h3>\n<p>Pero los gallegos no son los \u00fanicos que asan casta\u00f1as al fuego, en el Pa\u00eds Vasco, denominan a esta\u00a0<strong>fiesta \u00abGazta\u00f1erre Eguna\u00bb<\/strong> y desde luego no faltan casta\u00f1as, pero tampoco\u00a0 caracoles en salsa o una masa hecha con harina de ma\u00edz llamada \u00abmotokil\u00bb.<\/p>\n<h3>5.\u00a0\u00a0\u00a0\u00a0\u00a0\u00a0\u00a0\u00a0\u00a0\u00a0\u00a0\u00a0\u00a0 <strong>En Extremadura<\/strong><\/h3>\n<p>Los extreme\u00f1os tambi\u00e9n salen al campo con la familia y asan casta\u00f1as, comen frutos secos, preparan\u00a0<strong>el fruto de la granada con az\u00facar<\/strong>\u00a0o disfrutan de dulce de membrillo durante todo el d\u00eda.<\/p>\n<p>Los j\u00f3venes van con sus amigos al monte a disfrutar de este d\u00eda de asar casta\u00f1as por su cuenta.\u00a0En los colegios es muy normal saltarse algunas clases para\u00a0<strong>prender una hoguera y asar las casta\u00f1as,<\/strong>\u00a0comer almendras, o frutos de la \u00e9poca con los profesores y compa\u00f1eros.<\/p>\n<h3>6.\u00a0\u00a0\u00a0\u00a0\u00a0\u00a0\u00a0\u00a0\u00a0\u00a0\u00a0\u00a0\u00a0 <strong>En Catalu\u00f1a<\/strong><\/h3>\n<p>La casta\u00f1a sin duda es la protagonista del D\u00eda de Todos los Santos, y en Catalu\u00f1a por supuesto tambi\u00e9n es as\u00ed. Se le llama a esta\u00a0<strong>fiesta la \u00abCastanyada\u00bb<\/strong>\u00a0precisamente por eso, adem\u00e1s tambi\u00e9n se comen dulces t\u00edpicos como<strong>\u00a0\u00abpanellets de pi\u00f1ones\u00bb<\/strong>\u00a0que son exquisitos o fruta confitada.<\/p>\n<p>Las pasteler\u00edas de Catalu\u00f1a aprovechan la situaci\u00f3n para vender multitud de dulces a base de mazap\u00e1n. Tambi\u00e9n es habitual acompa\u00f1ar este d\u00eda con un vino dulce de moscatel.<\/p>\n<h3>7.\u00a0\u00a0\u00a0\u00a0\u00a0\u00a0\u00a0\u00a0\u00a0\u00a0\u00a0\u00a0\u00a0 <strong>En Ja\u00e9n<\/strong><\/h3>\n<p>Esta celebraci\u00f3n en Ja\u00e9n resulta muy curiosa, ya que los vecinos del municipio de Beg\u00edgar, salen a la calle cargados de\u00a0<strong>cazuelas llenas de gachas<\/strong>. Lo gracioso del asunto es que usan las gachas para tapar las cerraduras de las casas.\u00a0Por lo visto, antiguamente<strong>\u00a0se espantaba as\u00ed a los malos esp\u00edritus<\/strong>.<\/p>\n<h3>8.\u00a0\u00a0\u00a0\u00a0\u00a0\u00a0\u00a0\u00a0\u00a0\u00a0\u00a0\u00a0\u00a0 <strong>En Madrid<\/strong><\/h3>\n<p>Cada a\u00f1o los madrile\u00f1os se re\u00fanen para acudir a las representaciones al aire libre que recorren diversas zonas. Por supuesto tambi\u00e9n se aprovecha el momento para degustar unos maravillosos\u00a0<strong>bu\u00f1uelos de viento o huesos de santo<\/strong><\/p>\n<p><a href=\"https:\/\/www.inmsol.com\/wp-content\/uploads\/2021\/10\/todos-los-santos.jpg\"><img decoding=\"async\" class=\"aligncenter wp-image-59268\" src=\"https:\/\/www.inmsol.com\/wp-content\/uploads\/2021\/10\/todos-los-santos.jpg\" alt=\"\" width=\"678\" height=\"790\" srcset=\"https:\/\/www.inmsol.com\/wp-content\/uploads\/2021\/10\/todos-los-santos.jpg 686w, https:\/\/www.inmsol.com\/wp-content\/uploads\/2021\/10\/todos-los-santos-64x75.jpg 64w, https:\/\/www.inmsol.com\/wp-content\/uploads\/2021\/10\/todos-los-santos-600x700.jpg 600w, https:\/\/www.inmsol.com\/wp-content\/uploads\/2021\/10\/todos-los-santos-257x300.jpg 257w, https:\/\/www.inmsol.com\/wp-content\/uploads\/2021\/10\/todos-los-santos-172x200.jpg 172w, https:\/\/www.inmsol.com\/wp-content\/uploads\/2021\/10\/todos-los-santos-343x400.jpg 343w\" sizes=\"(max-width: 678px) 100vw, 678px\" \/><\/a><\/p>\n<p>&nbsp;<\/p>\n<p><strong>\u00a0<\/strong><\/p>\n<blockquote>\n<h4 style=\"text-align: center;\"><strong>Esperamos que os guste este art\u00edculo de nuestro <a href=\"https:\/\/www.inmsol.com\/es\/category\/blog-escuela\/\" target=\"_blank\" rel=\"noopener\">blog<\/a>, y estaremos atentos a vuestros comentarios.<\/strong><\/h4>\n<\/blockquote>\n","protected":false},"excerpt":{"rendered":"<p>El 1 de noviembre est\u00e1 consagrado como el D\u00eda de Todos los Santos. Es el d\u00eda a en el que recordar a los seres queridos que no nos acompa\u00f1an y visitar sus tumbas. Es tambi\u00e9n un d\u00eda de celebraci\u00f3n y tradiciones y\u00a0 una fiesta eminentemente&#8230;<\/p>\n","protected":false},"author":31,"featured_media":59310,"comment_status":"open","ping_status":"closed","sticky":false,"template":"","format":"standard","meta":{"_acf_changed":false,"footnotes":""},"categories":[8],"tags":[],"class_list":["post-59267","post","type-post","status-publish","format-standard","has-post-thumbnail","hentry","category-blog-escuela"],"acf":[],"yoast_head":"<!-- This site is optimized with the Yoast SEO plugin v27.5 - https:\/\/yoast.com\/product\/yoast-seo-wordpress\/ -->\n<title>\u00bfC\u00f3mo se celebra en Espa\u00f1a el D\u00eda de Todos los Santos? &#8226; iNMSOL<\/title>\n<meta name=\"description\" content=\"D\u00eda de Todos los Santos,\" \/>\n<meta name=\"robots\" content=\"index, follow, max-snippet:-1, max-image-preview:large, max-video-preview:-1\" \/>\n<link rel=\"canonical\" href=\"https:\/\/www.inmsol.com\/es\/blog-escuela\/dia-de-todos-los-santos\/\" \/>\n<meta property=\"og:locale\" content=\"es_ES\" \/>\n<meta property=\"og:type\" content=\"article\" \/>\n<meta property=\"og:title\" content=\"D\u00eda de Todos los Santos\" \/>\n<meta property=\"og:description\" content=\"\u00bfSabes que hay muchas celebraciones distintas de este d\u00eda? \u00a1Con\u00f3celas!\" \/>\n<meta property=\"og:url\" content=\"https:\/\/www.inmsol.com\/es\/blog-escuela\/dia-de-todos-los-santos\/\" \/>\n<meta property=\"og:site_name\" content=\"iNMSOL\" \/>\n<meta property=\"article:publisher\" content=\"https:\/\/www.facebook.com\/spanishcourses\" \/>\n<meta property=\"article:published_time\" content=\"2021-10-29T11:38:46+00:00\" \/>\n<meta property=\"article:modified_time\" content=\"2021-10-29T16:12:29+00:00\" \/>\n<meta property=\"og:image\" content=\"https:\/\/www.inmsol.com\/wp-content\/uploads\/2021\/10\/Dia-de-los-santos-2021-2.jpg\" \/>\n\t<meta property=\"og:image:width\" content=\"1202\" \/>\n\t<meta property=\"og:image:height\" content=\"600\" \/>\n\t<meta property=\"og:image:type\" content=\"image\/jpeg\" \/>\n<meta name=\"author\" content=\"Rocio Mart\u00ednez\" \/>\n<meta name=\"twitter:label1\" content=\"Escrito por\" \/>\n\t<meta name=\"twitter:data1\" content=\"Rocio Mart\u00ednez\" \/>\n\t<meta name=\"twitter:label2\" content=\"Tiempo de lectura\" \/>\n\t<meta name=\"twitter:data2\" content=\"4 minutos\" \/>\n<script type=\"application\/ld+json\" class=\"yoast-schema-graph\">{\"@context\":\"https:\\\/\\\/schema.org\",\"@graph\":[{\"@type\":\"Article\",\"@id\":\"https:\\\/\\\/www.inmsol.com\\\/es\\\/blog-escuela\\\/dia-de-todos-los-santos\\\/#article\",\"isPartOf\":{\"@id\":\"https:\\\/\\\/www.inmsol.com\\\/es\\\/blog-escuela\\\/dia-de-todos-los-santos\\\/\"},\"author\":{\"name\":\"Rocio Mart\u00ednez\",\"@id\":\"https:\\\/\\\/www.inmsol.com\\\/es\\\/#\\\/schema\\\/person\\\/d041a9956283741a6ed56e0530eb28b5\"},\"headline\":\"\u00bfC\u00f3mo se celebra en Espa\u00f1a el D\u00eda de Todos los Santos?\",\"datePublished\":\"2021-10-29T11:38:46+00:00\",\"dateModified\":\"2021-10-29T16:12:29+00:00\",\"mainEntityOfPage\":{\"@id\":\"https:\\\/\\\/www.inmsol.com\\\/es\\\/blog-escuela\\\/dia-de-todos-los-santos\\\/\"},\"wordCount\":758,\"commentCount\":0,\"publisher\":{\"@id\":\"https:\\\/\\\/www.inmsol.com\\\/es\\\/#organization\"},\"image\":{\"@id\":\"https:\\\/\\\/www.inmsol.com\\\/es\\\/blog-escuela\\\/dia-de-todos-los-santos\\\/#primaryimage\"},\"thumbnailUrl\":\"https:\\\/\\\/www.inmsol.com\\\/wp-content\\\/uploads\\\/2021\\\/10\\\/1-nov-1.jpg\",\"articleSection\":[\"Blog Escuela Espa\u00f1ol\"],\"inLanguage\":\"es\",\"potentialAction\":[{\"@type\":\"CommentAction\",\"name\":\"Comment\",\"target\":[\"https:\\\/\\\/www.inmsol.com\\\/es\\\/blog-escuela\\\/dia-de-todos-los-santos\\\/#respond\"]}]},{\"@type\":\"WebPage\",\"@id\":\"https:\\\/\\\/www.inmsol.com\\\/es\\\/blog-escuela\\\/dia-de-todos-los-santos\\\/\",\"url\":\"https:\\\/\\\/www.inmsol.com\\\/es\\\/blog-escuela\\\/dia-de-todos-los-santos\\\/\",\"name\":\"\u00bfC\u00f3mo se celebra en Espa\u00f1a el D\u00eda de Todos los Santos? &#8226; iNMSOL\",\"isPartOf\":{\"@id\":\"https:\\\/\\\/www.inmsol.com\\\/es\\\/#website\"},\"primaryImageOfPage\":{\"@id\":\"https:\\\/\\\/www.inmsol.com\\\/es\\\/blog-escuela\\\/dia-de-todos-los-santos\\\/#primaryimage\"},\"image\":{\"@id\":\"https:\\\/\\\/www.inmsol.com\\\/es\\\/blog-escuela\\\/dia-de-todos-los-santos\\\/#primaryimage\"},\"thumbnailUrl\":\"https:\\\/\\\/www.inmsol.com\\\/wp-content\\\/uploads\\\/2021\\\/10\\\/1-nov-1.jpg\",\"datePublished\":\"2021-10-29T11:38:46+00:00\",\"dateModified\":\"2021-10-29T16:12:29+00:00\",\"description\":\"D\u00eda de Todos los Santos,\",\"breadcrumb\":{\"@id\":\"https:\\\/\\\/www.inmsol.com\\\/es\\\/blog-escuela\\\/dia-de-todos-los-santos\\\/#breadcrumb\"},\"inLanguage\":\"es\",\"potentialAction\":[{\"@type\":\"ReadAction\",\"target\":[\"https:\\\/\\\/www.inmsol.com\\\/es\\\/blog-escuela\\\/dia-de-todos-los-santos\\\/\"]}]},{\"@type\":\"ImageObject\",\"inLanguage\":\"es\",\"@id\":\"https:\\\/\\\/www.inmsol.com\\\/es\\\/blog-escuela\\\/dia-de-todos-los-santos\\\/#primaryimage\",\"url\":\"https:\\\/\\\/www.inmsol.com\\\/wp-content\\\/uploads\\\/2021\\\/10\\\/1-nov-1.jpg\",\"contentUrl\":\"https:\\\/\\\/www.inmsol.com\\\/wp-content\\\/uploads\\\/2021\\\/10\\\/1-nov-1.jpg\",\"width\":700,\"height\":525},{\"@type\":\"BreadcrumbList\",\"@id\":\"https:\\\/\\\/www.inmsol.com\\\/es\\\/blog-escuela\\\/dia-de-todos-los-santos\\\/#breadcrumb\",\"itemListElement\":[{\"@type\":\"ListItem\",\"position\":1,\"name\":\"Accredited Center by Instituto Cervantes\",\"item\":\"https:\\\/\\\/www.inmsol.com\\\/es\\\/pagina-ejemplo\\\/\"},{\"@type\":\"ListItem\",\"position\":2,\"name\":\"Blog Escuela Espa\u00f1ol\",\"item\":\"https:\\\/\\\/www.inmsol.com\\\/es\\\/category\\\/blog-escuela\\\/\"},{\"@type\":\"ListItem\",\"position\":3,\"name\":\"\u00bfC\u00f3mo se celebra en Espa\u00f1a el D\u00eda de Todos los Santos?\"}]},{\"@type\":\"WebSite\",\"@id\":\"https:\\\/\\\/www.inmsol.com\\\/es\\\/#website\",\"url\":\"https:\\\/\\\/www.inmsol.com\\\/es\\\/\",\"name\":\"iNMSOL\",\"description\":\"Aprenda Espa\u00f1ol con iNMSOL en Granada | Centro Acreditado por el Instituto Cervantes\",\"publisher\":{\"@id\":\"https:\\\/\\\/www.inmsol.com\\\/es\\\/#organization\"},\"potentialAction\":[{\"@type\":\"SearchAction\",\"target\":{\"@type\":\"EntryPoint\",\"urlTemplate\":\"https:\\\/\\\/www.inmsol.com\\\/es\\\/?s={search_term_string}\"},\"query-input\":{\"@type\":\"PropertyValueSpecification\",\"valueRequired\":true,\"valueName\":\"search_term_string\"}}],\"inLanguage\":\"es\"},{\"@type\":\"Organization\",\"@id\":\"https:\\\/\\\/www.inmsol.com\\\/es\\\/#organization\",\"name\":\"Instituto Mediterr\u00e1neo Sol\",\"url\":\"https:\\\/\\\/www.inmsol.com\\\/es\\\/\",\"logo\":{\"@type\":\"ImageObject\",\"inLanguage\":\"es\",\"@id\":\"https:\\\/\\\/www.inmsol.com\\\/es\\\/#\\\/schema\\\/logo\\\/image\\\/\",\"url\":\"https:\\\/\\\/www.inmsol.com\\\/wp-content\\\/uploads\\\/2023\\\/06\\\/logo-inmsol-1.png\",\"contentUrl\":\"https:\\\/\\\/www.inmsol.com\\\/wp-content\\\/uploads\\\/2023\\\/06\\\/logo-inmsol-1.png\",\"width\":136,\"height\":73,\"caption\":\"Instituto Mediterr\u00e1neo Sol\"},\"image\":{\"@id\":\"https:\\\/\\\/www.inmsol.com\\\/es\\\/#\\\/schema\\\/logo\\\/image\\\/\"},\"sameAs\":[\"https:\\\/\\\/www.facebook.com\\\/spanishcourses\",\"https:\\\/\\\/x.com\\\/StudyInGranada\",\"http:\\\/\\\/instagram.com\\\/imsolgranada\",\"https:\\\/\\\/es.linkedin.com\\\/company\\\/imsol-granada\",\"https:\\\/\\\/www.pinterest.es\\\/inmsol\\\/\",\"https:\\\/\\\/www.youtube.com\\\/channel\\\/UChz-Qn_7coFMosY85iYMO4g\"]},{\"@type\":\"Person\",\"@id\":\"https:\\\/\\\/www.inmsol.com\\\/es\\\/#\\\/schema\\\/person\\\/d041a9956283741a6ed56e0530eb28b5\",\"name\":\"Rocio Mart\u00ednez\",\"image\":{\"@type\":\"ImageObject\",\"inLanguage\":\"es\",\"@id\":\"https:\\\/\\\/secure.gravatar.com\\\/avatar\\\/95b9b0d999ef55a048952ade325bea9ee664237dc576277e59c3cc8fc6ea1123?s=96&d=mm&r=g\",\"url\":\"https:\\\/\\\/secure.gravatar.com\\\/avatar\\\/95b9b0d999ef55a048952ade325bea9ee664237dc576277e59c3cc8fc6ea1123?s=96&d=mm&r=g\",\"contentUrl\":\"https:\\\/\\\/secure.gravatar.com\\\/avatar\\\/95b9b0d999ef55a048952ade325bea9ee664237dc576277e59c3cc8fc6ea1123?s=96&d=mm&r=g\",\"caption\":\"Rocio Mart\u00ednez\"},\"url\":\"https:\\\/\\\/www.inmsol.com\\\/es\\\/author\\\/secretaria\\\/\"}]}<\/script>\n<!-- \/ Yoast SEO plugin. -->","yoast_head_json":{"title":"\u00bfC\u00f3mo se celebra en Espa\u00f1a el D\u00eda de Todos los Santos? &#8226; iNMSOL","description":"D\u00eda de Todos los Santos,","robots":{"index":"index","follow":"follow","max-snippet":"max-snippet:-1","max-image-preview":"max-image-preview:large","max-video-preview":"max-video-preview:-1"},"canonical":"https:\/\/www.inmsol.com\/es\/blog-escuela\/dia-de-todos-los-santos\/","og_locale":"es_ES","og_type":"article","og_title":"D\u00eda de Todos los Santos","og_description":"\u00bfSabes que hay muchas celebraciones distintas de este d\u00eda? \u00a1Con\u00f3celas!","og_url":"https:\/\/www.inmsol.com\/es\/blog-escuela\/dia-de-todos-los-santos\/","og_site_name":"iNMSOL","article_publisher":"https:\/\/www.facebook.com\/spanishcourses","article_published_time":"2021-10-29T11:38:46+00:00","article_modified_time":"2021-10-29T16:12:29+00:00","og_image":[{"width":1202,"height":600,"url":"https:\/\/www.inmsol.com\/wp-content\/uploads\/2021\/10\/Dia-de-los-santos-2021-2.jpg","type":"image\/jpeg"}],"author":"Rocio Mart\u00ednez","twitter_misc":{"Escrito por":"Rocio Mart\u00ednez","Tiempo de lectura":"4 minutos"},"schema":{"@context":"https:\/\/schema.org","@graph":[{"@type":"Article","@id":"https:\/\/www.inmsol.com\/es\/blog-escuela\/dia-de-todos-los-santos\/#article","isPartOf":{"@id":"https:\/\/www.inmsol.com\/es\/blog-escuela\/dia-de-todos-los-santos\/"},"author":{"name":"Rocio Mart\u00ednez","@id":"https:\/\/www.inmsol.com\/es\/#\/schema\/person\/d041a9956283741a6ed56e0530eb28b5"},"headline":"\u00bfC\u00f3mo se celebra en Espa\u00f1a el D\u00eda de Todos los Santos?","datePublished":"2021-10-29T11:38:46+00:00","dateModified":"2021-10-29T16:12:29+00:00","mainEntityOfPage":{"@id":"https:\/\/www.inmsol.com\/es\/blog-escuela\/dia-de-todos-los-santos\/"},"wordCount":758,"commentCount":0,"publisher":{"@id":"https:\/\/www.inmsol.com\/es\/#organization"},"image":{"@id":"https:\/\/www.inmsol.com\/es\/blog-escuela\/dia-de-todos-los-santos\/#primaryimage"},"thumbnailUrl":"https:\/\/www.inmsol.com\/wp-content\/uploads\/2021\/10\/1-nov-1.jpg","articleSection":["Blog Escuela Espa\u00f1ol"],"inLanguage":"es","potentialAction":[{"@type":"CommentAction","name":"Comment","target":["https:\/\/www.inmsol.com\/es\/blog-escuela\/dia-de-todos-los-santos\/#respond"]}]},{"@type":"WebPage","@id":"https:\/\/www.inmsol.com\/es\/blog-escuela\/dia-de-todos-los-santos\/","url":"https:\/\/www.inmsol.com\/es\/blog-escuela\/dia-de-todos-los-santos\/","name":"\u00bfC\u00f3mo se celebra en Espa\u00f1a el D\u00eda de Todos los Santos? &#8226; iNMSOL","isPartOf":{"@id":"https:\/\/www.inmsol.com\/es\/#website"},"primaryImageOfPage":{"@id":"https:\/\/www.inmsol.com\/es\/blog-escuela\/dia-de-todos-los-santos\/#primaryimage"},"image":{"@id":"https:\/\/www.inmsol.com\/es\/blog-escuela\/dia-de-todos-los-santos\/#primaryimage"},"thumbnailUrl":"https:\/\/www.inmsol.com\/wp-content\/uploads\/2021\/10\/1-nov-1.jpg","datePublished":"2021-10-29T11:38:46+00:00","dateModified":"2021-10-29T16:12:29+00:00","description":"D\u00eda de Todos los Santos,","breadcrumb":{"@id":"https:\/\/www.inmsol.com\/es\/blog-escuela\/dia-de-todos-los-santos\/#breadcrumb"},"inLanguage":"es","potentialAction":[{"@type":"ReadAction","target":["https:\/\/www.inmsol.com\/es\/blog-escuela\/dia-de-todos-los-santos\/"]}]},{"@type":"ImageObject","inLanguage":"es","@id":"https:\/\/www.inmsol.com\/es\/blog-escuela\/dia-de-todos-los-santos\/#primaryimage","url":"https:\/\/www.inmsol.com\/wp-content\/uploads\/2021\/10\/1-nov-1.jpg","contentUrl":"https:\/\/www.inmsol.com\/wp-content\/uploads\/2021\/10\/1-nov-1.jpg","width":700,"height":525},{"@type":"BreadcrumbList","@id":"https:\/\/www.inmsol.com\/es\/blog-escuela\/dia-de-todos-los-santos\/#breadcrumb","itemListElement":[{"@type":"ListItem","position":1,"name":"Accredited Center by Instituto Cervantes","item":"https:\/\/www.inmsol.com\/es\/pagina-ejemplo\/"},{"@type":"ListItem","position":2,"name":"Blog Escuela Espa\u00f1ol","item":"https:\/\/www.inmsol.com\/es\/category\/blog-escuela\/"},{"@type":"ListItem","position":3,"name":"\u00bfC\u00f3mo se celebra en Espa\u00f1a el D\u00eda de Todos los Santos?"}]},{"@type":"WebSite","@id":"https:\/\/www.inmsol.com\/es\/#website","url":"https:\/\/www.inmsol.com\/es\/","name":"iNMSOL","description":"Aprenda Espa\u00f1ol con iNMSOL en Granada | Centro Acreditado por el Instituto Cervantes","publisher":{"@id":"https:\/\/www.inmsol.com\/es\/#organization"},"potentialAction":[{"@type":"SearchAction","target":{"@type":"EntryPoint","urlTemplate":"https:\/\/www.inmsol.com\/es\/?s={search_term_string}"},"query-input":{"@type":"PropertyValueSpecification","valueRequired":true,"valueName":"search_term_string"}}],"inLanguage":"es"},{"@type":"Organization","@id":"https:\/\/www.inmsol.com\/es\/#organization","name":"Instituto Mediterr\u00e1neo Sol","url":"https:\/\/www.inmsol.com\/es\/","logo":{"@type":"ImageObject","inLanguage":"es","@id":"https:\/\/www.inmsol.com\/es\/#\/schema\/logo\/image\/","url":"https:\/\/www.inmsol.com\/wp-content\/uploads\/2023\/06\/logo-inmsol-1.png","contentUrl":"https:\/\/www.inmsol.com\/wp-content\/uploads\/2023\/06\/logo-inmsol-1.png","width":136,"height":73,"caption":"Instituto Mediterr\u00e1neo Sol"},"image":{"@id":"https:\/\/www.inmsol.com\/es\/#\/schema\/logo\/image\/"},"sameAs":["https:\/\/www.facebook.com\/spanishcourses","https:\/\/x.com\/StudyInGranada","http:\/\/instagram.com\/imsolgranada","https:\/\/es.linkedin.com\/company\/imsol-granada","https:\/\/www.pinterest.es\/inmsol\/","https:\/\/www.youtube.com\/channel\/UChz-Qn_7coFMosY85iYMO4g"]},{"@type":"Person","@id":"https:\/\/www.inmsol.com\/es\/#\/schema\/person\/d041a9956283741a6ed56e0530eb28b5","name":"Rocio Mart\u00ednez","image":{"@type":"ImageObject","inLanguage":"es","@id":"https:\/\/secure.gravatar.com\/avatar\/95b9b0d999ef55a048952ade325bea9ee664237dc576277e59c3cc8fc6ea1123?s=96&d=mm&r=g","url":"https:\/\/secure.gravatar.com\/avatar\/95b9b0d999ef55a048952ade325bea9ee664237dc576277e59c3cc8fc6ea1123?s=96&d=mm&r=g","contentUrl":"https:\/\/secure.gravatar.com\/avatar\/95b9b0d999ef55a048952ade325bea9ee664237dc576277e59c3cc8fc6ea1123?s=96&d=mm&r=g","caption":"Rocio Mart\u00ednez"},"url":"https:\/\/www.inmsol.com\/es\/author\/secretaria\/"}]}},"_links":{"self":[{"href":"https:\/\/www.inmsol.com\/es\/wp-json\/wp\/v2\/posts\/59267","targetHints":{"allow":["GET"]}}],"collection":[{"href":"https:\/\/www.inmsol.com\/es\/wp-json\/wp\/v2\/posts"}],"about":[{"href":"https:\/\/www.inmsol.com\/es\/wp-json\/wp\/v2\/types\/post"}],"author":[{"embeddable":true,"href":"https:\/\/www.inmsol.com\/es\/wp-json\/wp\/v2\/users\/31"}],"replies":[{"embeddable":true,"href":"https:\/\/www.inmsol.com\/es\/wp-json\/wp\/v2\/comments?post=59267"}],"version-history":[{"count":0,"href":"https:\/\/www.inmsol.com\/es\/wp-json\/wp\/v2\/posts\/59267\/revisions"}],"wp:featuredmedia":[{"embeddable":true,"href":"https:\/\/www.inmsol.com\/es\/wp-json\/wp\/v2\/media\/59310"}],"wp:attachment":[{"href":"https:\/\/www.inmsol.com\/es\/wp-json\/wp\/v2\/media?parent=59267"}],"wp:term":[{"taxonomy":"category","embeddable":true,"href":"https:\/\/www.inmsol.com\/es\/wp-json\/wp\/v2\/categories?post=59267"},{"taxonomy":"post_tag","embeddable":true,"href":"https:\/\/www.inmsol.com\/es\/wp-json\/wp\/v2\/tags?post=59267"}],"curies":[{"name":"wp","href":"https:\/\/api.w.org\/{rel}","templated":true}]}}