{"id":59382,"date":"2021-11-24T13:06:25","date_gmt":"2021-11-24T12:06:25","guid":{"rendered":"https:\/\/www.inmsol.com\/?p=59382"},"modified":"2021-11-24T13:06:25","modified_gmt":"2021-11-24T12:06:25","slug":"apertura-sierra-nevada-2021","status":"publish","type":"post","link":"https:\/\/www.inmsol.com\/es\/blog-escuela\/apertura-sierra-nevada-2021\/","title":{"rendered":"Apertura de Sierra Nevada 2021"},"content":{"rendered":"<h4>Ya est\u00e1 confirmada la apertura de Sierra Nevada 2021.<\/h4>\n<p>Este fin de semana ha llegado a <a href=\"https:\/\/www.inmsol.com\/es\/granada\/\" target=\"_blank\" rel=\"noopener\">Granada<\/a> la primera ola de fr\u00edo y la primera nevada de la temporada. Por eso, las estaciones de esqu\u00ed de Sierra Nervada anuncian sus fechas de apertura. La mayor\u00eda de las pistas como Espot Esqu\u00ed, Port Ain\u00e9, Sierra Nevada, Baqueira Beret y Ordino Arcal\u00eds abrir\u00e1n el \u00faltimo fin de semana de noviembre, m\u00e1s precisamente entre el 26 y el 27.<\/p>\n<h3><a href=\"https:\/\/www.inmsol.com\/wp-content\/uploads\/2021\/11\/sierra-nevada.jpg\" target=\"_blank\" rel=\"noopener\"><img fetchpriority=\"high\" decoding=\"async\" class=\"aligncenter wp-image-59404 size-full\" title=\"Apertura de Sierra Nevada 2021\" src=\"https:\/\/www.inmsol.com\/wp-content\/uploads\/2021\/11\/sierra-nevada.jpg\" alt=\"Sierra Nevada\" width=\"1246\" height=\"558\" srcset=\"https:\/\/www.inmsol.com\/wp-content\/uploads\/2021\/11\/sierra-nevada.jpg 1246w, https:\/\/www.inmsol.com\/wp-content\/uploads\/2021\/11\/sierra-nevada-800x358.jpg 800w, https:\/\/www.inmsol.com\/wp-content\/uploads\/2021\/11\/sierra-nevada-64x29.jpg 64w, https:\/\/www.inmsol.com\/wp-content\/uploads\/2021\/11\/sierra-nevada-460x206.jpg 460w, https:\/\/www.inmsol.com\/wp-content\/uploads\/2021\/11\/sierra-nevada-1024x459.jpg 1024w, https:\/\/www.inmsol.com\/wp-content\/uploads\/2021\/11\/sierra-nevada-768x344.jpg 768w, https:\/\/www.inmsol.com\/wp-content\/uploads\/2021\/11\/sierra-nevada-250x112.jpg 250w, https:\/\/www.inmsol.com\/wp-content\/uploads\/2021\/11\/sierra-nevada-600x269.jpg 600w\" sizes=\"(max-width: 1246px) 100vw, 1246px\" \/><\/a><\/h3>\n<h3>\u00bfQu\u00e9 hacer en <a href=\"http:\/\/www.granadadirect.com\/sierra-nevada\/actividades\/\" target=\"_blank\" rel=\"noopener\">Sierra Nevada<\/a>?<\/h3>\n<p>La apertura de Sierra Nevada 2021 es uno de los eventos m\u00e1s esperados por los esquiadores. Pero si no eres un apasionado del esqu\u00ed, la sierra ofrece muchas otras alternativas:<\/p>\n<ul>\n<li>Paseo con raquetas de nieve. Se trata de una actividad divertida con la cual disfrutar y aprovechar del maravilloso paisaje y los picos de la Sierra.<\/li>\n<li>Ruta de senderismo por el Parque Nacional de Sierra Nevada: se aconseja efectuar esta ruta en oto\u00f1o o primavera para evitar el fr\u00edo del invierno y disfrutar de los pueblos que se encuentran alrededor de la Sierra.<\/li>\n<\/ul>\n<p><a href=\"https:\/\/www.inmsol.com\/wp-content\/uploads\/2021\/11\/Ocio-en-Pradollano.jpg\" target=\"_blank\" rel=\"noopener\"><img decoding=\"async\" class=\"aligncenter wp-image-59620 size-full\" title=\"Sierra Nevada \" src=\"https:\/\/www.inmsol.com\/wp-content\/uploads\/2021\/11\/Ocio-en-Pradollano.jpg\" alt=\"Ocio en Pradollano Sierra Nevada\" width=\"1202\" height=\"600\" srcset=\"https:\/\/www.inmsol.com\/wp-content\/uploads\/2021\/11\/Ocio-en-Pradollano.jpg 1202w, https:\/\/www.inmsol.com\/wp-content\/uploads\/2021\/11\/Ocio-en-Pradollano-800x399.jpg 800w, https:\/\/www.inmsol.com\/wp-content\/uploads\/2021\/11\/Ocio-en-Pradollano-64x32.jpg 64w, https:\/\/www.inmsol.com\/wp-content\/uploads\/2021\/11\/Ocio-en-Pradollano-460x230.jpg 460w, https:\/\/www.inmsol.com\/wp-content\/uploads\/2021\/11\/Ocio-en-Pradollano-1024x511.jpg 1024w, https:\/\/www.inmsol.com\/wp-content\/uploads\/2021\/11\/Ocio-en-Pradollano-768x383.jpg 768w, https:\/\/www.inmsol.com\/wp-content\/uploads\/2021\/11\/Ocio-en-Pradollano-250x125.jpg 250w, https:\/\/www.inmsol.com\/wp-content\/uploads\/2021\/11\/Ocio-en-Pradollano-600x300.jpg 600w\" sizes=\"(max-width: 1202px) 100vw, 1202px\" \/><\/a><\/p>\n<ul>\n<li>Esqu\u00ed bajo las estrellas. Los amantes del esqu\u00ed podr\u00e1n esquiar por la noche, bajo las estrellas, ya que hay dos pistas nocturnas.<\/li>\n<li>Vuelo biplaza en parapente. Para los m\u00e1s valientes se aconseja experimentar el vuelo biplaza en parapente. La actividad prev\u00e9 que hay un piloto profesional que te acompa\u00f1ara durante todo el vuelo. Dura una hora y media y, gracias a ella, es posible disfrutar de unas vistas impresionantes de la cadena monta\u00f1osa, Granada y la Alhambra.<\/li>\n<li>Trineos. Si quieres deslizarte con trineos por las monta\u00f1as de la Sierra Nevada tienes que ir a la zona de Borreguiles. El precio es de unos 10 euros por una o dos horas.<\/li>\n<\/ul>\n<p>Adem\u00e1s, hay bares y restaurantes donde podr\u00e1s relajarte mientras est\u00e9s tomando churros y chocolate caliente.<\/p>\n<p><a href=\"https:\/\/www.inmsol.com\/wp-content\/uploads\/2021\/11\/sierra-nevada-2.jpg\" target=\"_blank\" rel=\"noopener\"><img decoding=\"async\" class=\"aligncenter wp-image-59411 size-full\" title=\"Apertura de Sierra Nevada 2021\" src=\"https:\/\/www.inmsol.com\/wp-content\/uploads\/2021\/11\/sierra-nevada-2.jpg\" alt=\"Monta\u00f1as nevadas Granada\" width=\"1246\" height=\"558\" srcset=\"https:\/\/www.inmsol.com\/wp-content\/uploads\/2021\/11\/sierra-nevada-2.jpg 1246w, https:\/\/www.inmsol.com\/wp-content\/uploads\/2021\/11\/sierra-nevada-2-800x358.jpg 800w, https:\/\/www.inmsol.com\/wp-content\/uploads\/2021\/11\/sierra-nevada-2-64x29.jpg 64w, https:\/\/www.inmsol.com\/wp-content\/uploads\/2021\/11\/sierra-nevada-2-460x206.jpg 460w, https:\/\/www.inmsol.com\/wp-content\/uploads\/2021\/11\/sierra-nevada-2-1024x459.jpg 1024w, https:\/\/www.inmsol.com\/wp-content\/uploads\/2021\/11\/sierra-nevada-2-768x344.jpg 768w, https:\/\/www.inmsol.com\/wp-content\/uploads\/2021\/11\/sierra-nevada-2-250x112.jpg 250w, https:\/\/www.inmsol.com\/wp-content\/uploads\/2021\/11\/sierra-nevada-2-600x269.jpg 600w\" sizes=\"(max-width: 1246px) 100vw, 1246px\" \/><\/a><\/p>\n<p>En resumen, independientemente de si eres esquiador o no, este macizo monta\u00f1oso de Espa\u00f1a te ofrece muchas actividades para disfrutar de un paisaje \u00fanico.<\/p>\n<blockquote>\n<h4 style=\"text-align: center;\">Visitar Sierra Nevada es el complemento perfecto durante tu curso de espa\u00f1ol con <a href=\"https:\/\/www.inmsol.com\/es\/\" target=\"_blank\" rel=\"noopener\">iNMSOL.<\/a><\/h4>\n<h4 style=\"text-align: center;\">\u00a1No te lo pierdas! Seguro que ser\u00e1 una experiencia \u00fanica e inolvidable.<\/h4>\n<\/blockquote>\n","protected":false},"excerpt":{"rendered":"<p>\u00bfEres un amante de la nieve o un apasionado del esqu\u00ed? La apertura de Sierra Nevada 2021 ya est\u00e1, confirmada y es el plan perfecto para ti.<\/p>\n","protected":false},"author":3,"featured_media":59411,"comment_status":"open","ping_status":"closed","sticky":false,"template":"","format":"standard","meta":{"_acf_changed":false,"footnotes":""},"categories":[8,396],"tags":[],"class_list":["post-59382","post","type-post","status-publish","format-standard","has-post-thumbnail","hentry","category-blog-escuela","category-lugares-imprescindibles-granada"],"acf":[],"yoast_head":"<!-- This site is optimized with the Yoast SEO plugin v27.5 - https:\/\/yoast.com\/product\/yoast-seo-wordpress\/ -->\n<title>Apertura de Sierra Nevada 2021 | iNMSOL<\/title>\n<meta name=\"description\" content=\"\u00bfEres un amante de la nieve o un apasionado del esqu\u00ed? La apertura de Sierra Nevada 2021 ya est\u00e1, confirmada y es el plan perfecto para ti.\" \/>\n<meta name=\"robots\" content=\"index, follow, max-snippet:-1, max-image-preview:large, max-video-preview:-1\" \/>\n<link rel=\"canonical\" href=\"https:\/\/www.inmsol.com\/es\/blog-escuela\/apertura-sierra-nevada-2021\/\" \/>\n<meta property=\"og:locale\" content=\"es_ES\" \/>\n<meta property=\"og:type\" content=\"article\" \/>\n<meta property=\"og:title\" content=\"\u00a1Sierra Nevada inaugura su temporada 2021-2022!\" \/>\n<meta property=\"og:description\" content=\"\u00bfEres un amante de la nieve o un apasionado del esqu\u00ed? La apertura de Sierra Nevada 2021 ya est\u00e1, confirmada y es el plan perfecto para ti.\" \/>\n<meta property=\"og:url\" content=\"https:\/\/www.inmsol.com\/es\/blog-escuela\/apertura-sierra-nevada-2021\/\" \/>\n<meta property=\"og:site_name\" content=\"iNMSOL\" \/>\n<meta property=\"article:publisher\" content=\"https:\/\/www.facebook.com\/spanishcourses\" \/>\n<meta property=\"article:published_time\" content=\"2021-11-24T12:06:25+00:00\" \/>\n<meta property=\"og:image\" content=\"https:\/\/www.inmsol.com\/wp-content\/uploads\/2021\/11\/sierra-nevada-2.jpg\" \/>\n\t<meta property=\"og:image:width\" content=\"1246\" \/>\n\t<meta property=\"og:image:height\" content=\"558\" \/>\n\t<meta property=\"og:image:type\" content=\"image\/jpeg\" \/>\n<meta name=\"author\" content=\"- Instituto Mediterr\u00e1neo Sol\" \/>\n<meta name=\"twitter:label1\" content=\"Escrito por\" \/>\n\t<meta name=\"twitter:data1\" content=\"- Instituto Mediterr\u00e1neo Sol\" \/>\n\t<meta name=\"twitter:label2\" content=\"Tiempo de lectura\" \/>\n\t<meta name=\"twitter:data2\" content=\"3 minutos\" \/>\n<script type=\"application\/ld+json\" class=\"yoast-schema-graph\">{\"@context\":\"https:\\\/\\\/schema.org\",\"@graph\":[{\"@type\":\"Article\",\"@id\":\"https:\\\/\\\/www.inmsol.com\\\/es\\\/blog-escuela\\\/apertura-sierra-nevada-2021\\\/#article\",\"isPartOf\":{\"@id\":\"https:\\\/\\\/www.inmsol.com\\\/es\\\/blog-escuela\\\/apertura-sierra-nevada-2021\\\/\"},\"author\":{\"name\":\"- Instituto Mediterr\u00e1neo Sol\",\"@id\":\"https:\\\/\\\/www.inmsol.com\\\/es\\\/#\\\/schema\\\/person\\\/94a7a01d14a56d1fbc49c841ffc57fe9\"},\"headline\":\"Apertura de Sierra Nevada 2021\",\"datePublished\":\"2021-11-24T12:06:25+00:00\",\"mainEntityOfPage\":{\"@id\":\"https:\\\/\\\/www.inmsol.com\\\/es\\\/blog-escuela\\\/apertura-sierra-nevada-2021\\\/\"},\"wordCount\":367,\"commentCount\":0,\"publisher\":{\"@id\":\"https:\\\/\\\/www.inmsol.com\\\/es\\\/#organization\"},\"image\":{\"@id\":\"https:\\\/\\\/www.inmsol.com\\\/es\\\/blog-escuela\\\/apertura-sierra-nevada-2021\\\/#primaryimage\"},\"thumbnailUrl\":\"https:\\\/\\\/www.inmsol.com\\\/wp-content\\\/uploads\\\/2021\\\/11\\\/sierra-nevada-2.jpg\",\"articleSection\":[\"Blog Escuela Espa\u00f1ol\",\"Lugares Imprescindibles en Granada\"],\"inLanguage\":\"es\",\"potentialAction\":[{\"@type\":\"CommentAction\",\"name\":\"Comment\",\"target\":[\"https:\\\/\\\/www.inmsol.com\\\/es\\\/blog-escuela\\\/apertura-sierra-nevada-2021\\\/#respond\"]}]},{\"@type\":\"WebPage\",\"@id\":\"https:\\\/\\\/www.inmsol.com\\\/es\\\/blog-escuela\\\/apertura-sierra-nevada-2021\\\/\",\"url\":\"https:\\\/\\\/www.inmsol.com\\\/es\\\/blog-escuela\\\/apertura-sierra-nevada-2021\\\/\",\"name\":\"Apertura de Sierra Nevada 2021 | iNMSOL\",\"isPartOf\":{\"@id\":\"https:\\\/\\\/www.inmsol.com\\\/es\\\/#website\"},\"primaryImageOfPage\":{\"@id\":\"https:\\\/\\\/www.inmsol.com\\\/es\\\/blog-escuela\\\/apertura-sierra-nevada-2021\\\/#primaryimage\"},\"image\":{\"@id\":\"https:\\\/\\\/www.inmsol.com\\\/es\\\/blog-escuela\\\/apertura-sierra-nevada-2021\\\/#primaryimage\"},\"thumbnailUrl\":\"https:\\\/\\\/www.inmsol.com\\\/wp-content\\\/uploads\\\/2021\\\/11\\\/sierra-nevada-2.jpg\",\"datePublished\":\"2021-11-24T12:06:25+00:00\",\"description\":\"\u00bfEres un amante de la nieve o un apasionado del esqu\u00ed? La apertura de Sierra Nevada 2021 ya est\u00e1, confirmada y es el plan perfecto para ti.\",\"breadcrumb\":{\"@id\":\"https:\\\/\\\/www.inmsol.com\\\/es\\\/blog-escuela\\\/apertura-sierra-nevada-2021\\\/#breadcrumb\"},\"inLanguage\":\"es\",\"potentialAction\":[{\"@type\":\"ReadAction\",\"target\":[\"https:\\\/\\\/www.inmsol.com\\\/es\\\/blog-escuela\\\/apertura-sierra-nevada-2021\\\/\"]}]},{\"@type\":\"ImageObject\",\"inLanguage\":\"es\",\"@id\":\"https:\\\/\\\/www.inmsol.com\\\/es\\\/blog-escuela\\\/apertura-sierra-nevada-2021\\\/#primaryimage\",\"url\":\"https:\\\/\\\/www.inmsol.com\\\/wp-content\\\/uploads\\\/2021\\\/11\\\/sierra-nevada-2.jpg\",\"contentUrl\":\"https:\\\/\\\/www.inmsol.com\\\/wp-content\\\/uploads\\\/2021\\\/11\\\/sierra-nevada-2.jpg\",\"width\":1246,\"height\":558},{\"@type\":\"BreadcrumbList\",\"@id\":\"https:\\\/\\\/www.inmsol.com\\\/es\\\/blog-escuela\\\/apertura-sierra-nevada-2021\\\/#breadcrumb\",\"itemListElement\":[{\"@type\":\"ListItem\",\"position\":1,\"name\":\"Accredited Center by Instituto Cervantes\",\"item\":\"https:\\\/\\\/www.inmsol.com\\\/es\\\/pagina-ejemplo\\\/\"},{\"@type\":\"ListItem\",\"position\":2,\"name\":\"Blog Escuela Espa\u00f1ol\",\"item\":\"https:\\\/\\\/www.inmsol.com\\\/es\\\/category\\\/blog-escuela\\\/\"},{\"@type\":\"ListItem\",\"position\":3,\"name\":\"Apertura de Sierra Nevada 2021\"}]},{\"@type\":\"WebSite\",\"@id\":\"https:\\\/\\\/www.inmsol.com\\\/es\\\/#website\",\"url\":\"https:\\\/\\\/www.inmsol.com\\\/es\\\/\",\"name\":\"iNMSOL\",\"description\":\"Aprenda Espa\u00f1ol con iNMSOL en Granada | Centro Acreditado por el Instituto Cervantes\",\"publisher\":{\"@id\":\"https:\\\/\\\/www.inmsol.com\\\/es\\\/#organization\"},\"potentialAction\":[{\"@type\":\"SearchAction\",\"target\":{\"@type\":\"EntryPoint\",\"urlTemplate\":\"https:\\\/\\\/www.inmsol.com\\\/es\\\/?s={search_term_string}\"},\"query-input\":{\"@type\":\"PropertyValueSpecification\",\"valueRequired\":true,\"valueName\":\"search_term_string\"}}],\"inLanguage\":\"es\"},{\"@type\":\"Organization\",\"@id\":\"https:\\\/\\\/www.inmsol.com\\\/es\\\/#organization\",\"name\":\"Instituto Mediterr\u00e1neo Sol\",\"url\":\"https:\\\/\\\/www.inmsol.com\\\/es\\\/\",\"logo\":{\"@type\":\"ImageObject\",\"inLanguage\":\"es\",\"@id\":\"https:\\\/\\\/www.inmsol.com\\\/es\\\/#\\\/schema\\\/logo\\\/image\\\/\",\"url\":\"https:\\\/\\\/www.inmsol.com\\\/wp-content\\\/uploads\\\/2023\\\/06\\\/logo-inmsol-1.png\",\"contentUrl\":\"https:\\\/\\\/www.inmsol.com\\\/wp-content\\\/uploads\\\/2023\\\/06\\\/logo-inmsol-1.png\",\"width\":136,\"height\":73,\"caption\":\"Instituto Mediterr\u00e1neo Sol\"},\"image\":{\"@id\":\"https:\\\/\\\/www.inmsol.com\\\/es\\\/#\\\/schema\\\/logo\\\/image\\\/\"},\"sameAs\":[\"https:\\\/\\\/www.facebook.com\\\/spanishcourses\",\"https:\\\/\\\/x.com\\\/StudyInGranada\",\"http:\\\/\\\/instagram.com\\\/imsolgranada\",\"https:\\\/\\\/es.linkedin.com\\\/company\\\/imsol-granada\",\"https:\\\/\\\/www.pinterest.es\\\/inmsol\\\/\",\"https:\\\/\\\/www.youtube.com\\\/channel\\\/UChz-Qn_7coFMosY85iYMO4g\"]},{\"@type\":\"Person\",\"@id\":\"https:\\\/\\\/www.inmsol.com\\\/es\\\/#\\\/schema\\\/person\\\/94a7a01d14a56d1fbc49c841ffc57fe9\",\"name\":\"- Instituto Mediterr\u00e1neo Sol\",\"image\":{\"@type\":\"ImageObject\",\"inLanguage\":\"es\",\"@id\":\"https:\\\/\\\/secure.gravatar.com\\\/avatar\\\/5607fdabdf1b548b6095cc3d43079829bc1497403e70dd34004e7204a8fef62b?s=96&d=mm&r=g\",\"url\":\"https:\\\/\\\/secure.gravatar.com\\\/avatar\\\/5607fdabdf1b548b6095cc3d43079829bc1497403e70dd34004e7204a8fef62b?s=96&d=mm&r=g\",\"contentUrl\":\"https:\\\/\\\/secure.gravatar.com\\\/avatar\\\/5607fdabdf1b548b6095cc3d43079829bc1497403e70dd34004e7204a8fef62b?s=96&d=mm&r=g\",\"caption\":\"- Instituto Mediterr\u00e1neo Sol\"},\"url\":\"https:\\\/\\\/www.inmsol.com\\\/es\\\/author\\\/laura\\\/\"}]}<\/script>\n<!-- \/ Yoast SEO plugin. -->","yoast_head_json":{"title":"Apertura de Sierra Nevada 2021 | iNMSOL","description":"\u00bfEres un amante de la nieve o un apasionado del esqu\u00ed? La apertura de Sierra Nevada 2021 ya est\u00e1, confirmada y es el plan perfecto para ti.","robots":{"index":"index","follow":"follow","max-snippet":"max-snippet:-1","max-image-preview":"max-image-preview:large","max-video-preview":"max-video-preview:-1"},"canonical":"https:\/\/www.inmsol.com\/es\/blog-escuela\/apertura-sierra-nevada-2021\/","og_locale":"es_ES","og_type":"article","og_title":"\u00a1Sierra Nevada inaugura su temporada 2021-2022!","og_description":"\u00bfEres un amante de la nieve o un apasionado del esqu\u00ed? La apertura de Sierra Nevada 2021 ya est\u00e1, confirmada y es el plan perfecto para ti.","og_url":"https:\/\/www.inmsol.com\/es\/blog-escuela\/apertura-sierra-nevada-2021\/","og_site_name":"iNMSOL","article_publisher":"https:\/\/www.facebook.com\/spanishcourses","article_published_time":"2021-11-24T12:06:25+00:00","og_image":[{"width":1246,"height":558,"url":"https:\/\/www.inmsol.com\/wp-content\/uploads\/2021\/11\/sierra-nevada-2.jpg","type":"image\/jpeg"}],"author":"- Instituto Mediterr\u00e1neo Sol","twitter_misc":{"Escrito por":"- Instituto Mediterr\u00e1neo Sol","Tiempo de lectura":"3 minutos"},"schema":{"@context":"https:\/\/schema.org","@graph":[{"@type":"Article","@id":"https:\/\/www.inmsol.com\/es\/blog-escuela\/apertura-sierra-nevada-2021\/#article","isPartOf":{"@id":"https:\/\/www.inmsol.com\/es\/blog-escuela\/apertura-sierra-nevada-2021\/"},"author":{"name":"- Instituto Mediterr\u00e1neo Sol","@id":"https:\/\/www.inmsol.com\/es\/#\/schema\/person\/94a7a01d14a56d1fbc49c841ffc57fe9"},"headline":"Apertura de Sierra Nevada 2021","datePublished":"2021-11-24T12:06:25+00:00","mainEntityOfPage":{"@id":"https:\/\/www.inmsol.com\/es\/blog-escuela\/apertura-sierra-nevada-2021\/"},"wordCount":367,"commentCount":0,"publisher":{"@id":"https:\/\/www.inmsol.com\/es\/#organization"},"image":{"@id":"https:\/\/www.inmsol.com\/es\/blog-escuela\/apertura-sierra-nevada-2021\/#primaryimage"},"thumbnailUrl":"https:\/\/www.inmsol.com\/wp-content\/uploads\/2021\/11\/sierra-nevada-2.jpg","articleSection":["Blog Escuela Espa\u00f1ol","Lugares Imprescindibles en Granada"],"inLanguage":"es","potentialAction":[{"@type":"CommentAction","name":"Comment","target":["https:\/\/www.inmsol.com\/es\/blog-escuela\/apertura-sierra-nevada-2021\/#respond"]}]},{"@type":"WebPage","@id":"https:\/\/www.inmsol.com\/es\/blog-escuela\/apertura-sierra-nevada-2021\/","url":"https:\/\/www.inmsol.com\/es\/blog-escuela\/apertura-sierra-nevada-2021\/","name":"Apertura de Sierra Nevada 2021 | iNMSOL","isPartOf":{"@id":"https:\/\/www.inmsol.com\/es\/#website"},"primaryImageOfPage":{"@id":"https:\/\/www.inmsol.com\/es\/blog-escuela\/apertura-sierra-nevada-2021\/#primaryimage"},"image":{"@id":"https:\/\/www.inmsol.com\/es\/blog-escuela\/apertura-sierra-nevada-2021\/#primaryimage"},"thumbnailUrl":"https:\/\/www.inmsol.com\/wp-content\/uploads\/2021\/11\/sierra-nevada-2.jpg","datePublished":"2021-11-24T12:06:25+00:00","description":"\u00bfEres un amante de la nieve o un apasionado del esqu\u00ed? La apertura de Sierra Nevada 2021 ya est\u00e1, confirmada y es el plan perfecto para ti.","breadcrumb":{"@id":"https:\/\/www.inmsol.com\/es\/blog-escuela\/apertura-sierra-nevada-2021\/#breadcrumb"},"inLanguage":"es","potentialAction":[{"@type":"ReadAction","target":["https:\/\/www.inmsol.com\/es\/blog-escuela\/apertura-sierra-nevada-2021\/"]}]},{"@type":"ImageObject","inLanguage":"es","@id":"https:\/\/www.inmsol.com\/es\/blog-escuela\/apertura-sierra-nevada-2021\/#primaryimage","url":"https:\/\/www.inmsol.com\/wp-content\/uploads\/2021\/11\/sierra-nevada-2.jpg","contentUrl":"https:\/\/www.inmsol.com\/wp-content\/uploads\/2021\/11\/sierra-nevada-2.jpg","width":1246,"height":558},{"@type":"BreadcrumbList","@id":"https:\/\/www.inmsol.com\/es\/blog-escuela\/apertura-sierra-nevada-2021\/#breadcrumb","itemListElement":[{"@type":"ListItem","position":1,"name":"Accredited Center by Instituto Cervantes","item":"https:\/\/www.inmsol.com\/es\/pagina-ejemplo\/"},{"@type":"ListItem","position":2,"name":"Blog Escuela Espa\u00f1ol","item":"https:\/\/www.inmsol.com\/es\/category\/blog-escuela\/"},{"@type":"ListItem","position":3,"name":"Apertura de Sierra Nevada 2021"}]},{"@type":"WebSite","@id":"https:\/\/www.inmsol.com\/es\/#website","url":"https:\/\/www.inmsol.com\/es\/","name":"iNMSOL","description":"Aprenda Espa\u00f1ol con iNMSOL en Granada | Centro Acreditado por el Instituto Cervantes","publisher":{"@id":"https:\/\/www.inmsol.com\/es\/#organization"},"potentialAction":[{"@type":"SearchAction","target":{"@type":"EntryPoint","urlTemplate":"https:\/\/www.inmsol.com\/es\/?s={search_term_string}"},"query-input":{"@type":"PropertyValueSpecification","valueRequired":true,"valueName":"search_term_string"}}],"inLanguage":"es"},{"@type":"Organization","@id":"https:\/\/www.inmsol.com\/es\/#organization","name":"Instituto Mediterr\u00e1neo Sol","url":"https:\/\/www.inmsol.com\/es\/","logo":{"@type":"ImageObject","inLanguage":"es","@id":"https:\/\/www.inmsol.com\/es\/#\/schema\/logo\/image\/","url":"https:\/\/www.inmsol.com\/wp-content\/uploads\/2023\/06\/logo-inmsol-1.png","contentUrl":"https:\/\/www.inmsol.com\/wp-content\/uploads\/2023\/06\/logo-inmsol-1.png","width":136,"height":73,"caption":"Instituto Mediterr\u00e1neo Sol"},"image":{"@id":"https:\/\/www.inmsol.com\/es\/#\/schema\/logo\/image\/"},"sameAs":["https:\/\/www.facebook.com\/spanishcourses","https:\/\/x.com\/StudyInGranada","http:\/\/instagram.com\/imsolgranada","https:\/\/es.linkedin.com\/company\/imsol-granada","https:\/\/www.pinterest.es\/inmsol\/","https:\/\/www.youtube.com\/channel\/UChz-Qn_7coFMosY85iYMO4g"]},{"@type":"Person","@id":"https:\/\/www.inmsol.com\/es\/#\/schema\/person\/94a7a01d14a56d1fbc49c841ffc57fe9","name":"- Instituto Mediterr\u00e1neo Sol","image":{"@type":"ImageObject","inLanguage":"es","@id":"https:\/\/secure.gravatar.com\/avatar\/5607fdabdf1b548b6095cc3d43079829bc1497403e70dd34004e7204a8fef62b?s=96&d=mm&r=g","url":"https:\/\/secure.gravatar.com\/avatar\/5607fdabdf1b548b6095cc3d43079829bc1497403e70dd34004e7204a8fef62b?s=96&d=mm&r=g","contentUrl":"https:\/\/secure.gravatar.com\/avatar\/5607fdabdf1b548b6095cc3d43079829bc1497403e70dd34004e7204a8fef62b?s=96&d=mm&r=g","caption":"- Instituto Mediterr\u00e1neo Sol"},"url":"https:\/\/www.inmsol.com\/es\/author\/laura\/"}]}},"_links":{"self":[{"href":"https:\/\/www.inmsol.com\/es\/wp-json\/wp\/v2\/posts\/59382","targetHints":{"allow":["GET"]}}],"collection":[{"href":"https:\/\/www.inmsol.com\/es\/wp-json\/wp\/v2\/posts"}],"about":[{"href":"https:\/\/www.inmsol.com\/es\/wp-json\/wp\/v2\/types\/post"}],"author":[{"embeddable":true,"href":"https:\/\/www.inmsol.com\/es\/wp-json\/wp\/v2\/users\/3"}],"replies":[{"embeddable":true,"href":"https:\/\/www.inmsol.com\/es\/wp-json\/wp\/v2\/comments?post=59382"}],"version-history":[{"count":0,"href":"https:\/\/www.inmsol.com\/es\/wp-json\/wp\/v2\/posts\/59382\/revisions"}],"wp:featuredmedia":[{"embeddable":true,"href":"https:\/\/www.inmsol.com\/es\/wp-json\/wp\/v2\/media\/59411"}],"wp:attachment":[{"href":"https:\/\/www.inmsol.com\/es\/wp-json\/wp\/v2\/media?parent=59382"}],"wp:term":[{"taxonomy":"category","embeddable":true,"href":"https:\/\/www.inmsol.com\/es\/wp-json\/wp\/v2\/categories?post=59382"},{"taxonomy":"post_tag","embeddable":true,"href":"https:\/\/www.inmsol.com\/es\/wp-json\/wp\/v2\/tags?post=59382"}],"curies":[{"name":"wp","href":"https:\/\/api.w.org\/{rel}","templated":true}]}}