{"id":60108,"date":"2021-12-29T17:22:25","date_gmt":"2021-12-29T16:22:25","guid":{"rendered":"https:\/\/www.inmsol.com\/?p=60108"},"modified":"2021-12-29T17:28:04","modified_gmt":"2021-12-29T16:28:04","slug":"granadina-patricia-guerrero-premio-nacional-danza-2021","status":"publish","type":"post","link":"https:\/\/www.inmsol.com\/es\/blog-escuela\/granadina-patricia-guerrero-premio-nacional-danza-2021\/","title":{"rendered":"La granadina Patricia Guerrero, Premio Nacional de Danza 2021"},"content":{"rendered":"<h4>Patricia Guerrero: la bailarina granadina es la ganadora del Premio Nacional de Danza de 2021.<\/h4>\n<p>Todos sabemos que <a href=\"https:\/\/www.inmsol.com\/es\/granada\/\" target=\"_blank\" rel=\"noopener\">Granada<\/a> ha sido siempre cuna de artistas. A\u00fan as\u00ed, nos llena de orgullo saber que esta tierra sigue viendo nacer a nuevos artistas en todos los \u00e1mbitos. Y por eso hoy hablamos de una de las m\u00e1s destacadas de 2021: <strong>Patricia Guerrero<\/strong>.<\/p>\n<p>La bailaora granadina se hizo con el Premio Nacional de Danza 2021. Y en <a href=\"https:\/\/www.inmsol.com\/es\/\" target=\"_blank\" rel=\"noopener\">iNMSOL<\/a> no quer\u00edamos despedir el a\u00f1o sin hacer una menci\u00f3n a esta estupenda artista.<\/p>\n<p><a href=\"https:\/\/www.inmsol.com\/wp-content\/uploads\/2021\/12\/Patricia-Guerrero-1.jpg\" target=\"_blank\" rel=\"noopener\"><img fetchpriority=\"high\" decoding=\"async\" class=\"aligncenter wp-image-60274 size-full\" title=\"Patricia Guerrero en ensayo\" src=\"https:\/\/www.inmsol.com\/wp-content\/uploads\/2021\/12\/Patricia-Guerrero-1.jpg\" alt=\"Patricia Guerrero\" width=\"1202\" height=\"600\" srcset=\"https:\/\/www.inmsol.com\/wp-content\/uploads\/2021\/12\/Patricia-Guerrero-1.jpg 1202w, https:\/\/www.inmsol.com\/wp-content\/uploads\/2021\/12\/Patricia-Guerrero-1-800x399.jpg 800w, https:\/\/www.inmsol.com\/wp-content\/uploads\/2021\/12\/Patricia-Guerrero-1-64x32.jpg 64w, https:\/\/www.inmsol.com\/wp-content\/uploads\/2021\/12\/Patricia-Guerrero-1-460x230.jpg 460w, https:\/\/www.inmsol.com\/wp-content\/uploads\/2021\/12\/Patricia-Guerrero-1-1024x511.jpg 1024w, https:\/\/www.inmsol.com\/wp-content\/uploads\/2021\/12\/Patricia-Guerrero-1-768x383.jpg 768w, https:\/\/www.inmsol.com\/wp-content\/uploads\/2021\/12\/Patricia-Guerrero-1-250x125.jpg 250w, https:\/\/www.inmsol.com\/wp-content\/uploads\/2021\/12\/Patricia-Guerrero-1-600x300.jpg 600w\" sizes=\"(max-width: 1202px) 100vw, 1202px\" \/><\/a><\/p>\n<h3>\u00bfQui\u00e9n es Patricia Guerrero?<\/h3>\n<p>Patricia Guerrero es una bailarina de flamenco granadina. Naci\u00f3 en el barrio del Albaic\u00edn en el a\u00f1o 1990, \u00a1y empez\u00f3 a bailar con solo 3 a\u00f1os en la academia que dirig\u00eda su madre, Mar\u00eda del Carmen Guerrero! Al cumplir quince a\u00f1os se incorpor\u00f3 al Centro de Estudios Flamencos.<\/p>\n<p>Su trayectoria profesional es muy amplia. Por mencionar algunos:<\/p>\n<ul>\n<li>En 2013 estrena en el teatro Alhambra de Granada su espect\u00e1culo <em>Latidos del agua<\/em>\u00a0y presenta\u00a0<em>Touch\u00e9.<\/em><\/li>\n<li>En febrero de 2016, dentro del XX Aniversario del Festival de Jerez, presenta P\u00f3rtico, pieza que mostr\u00f3 un avance de Catedral.<\/li>\n<li>El pasado mes de junio de 2021, protagoniza, como artista invitada del Ballet Nacional de Espa\u00f1a, <em>La Bella Otero<\/em>, una coreograf\u00eda de Rub\u00e9n Olmo.<\/li>\n<\/ul>\n<p><a href=\"https:\/\/www.inmsol.com\/wp-content\/uploads\/2021\/12\/Patricia-Guerrero-2.jpg\" target=\"_blank\" rel=\"noopener\"><img decoding=\"async\" class=\"aligncenter wp-image-60281 size-full\" title=\"Patricia Guerrero Premio Nacional de Danza 2021\" src=\"https:\/\/www.inmsol.com\/wp-content\/uploads\/2021\/12\/Patricia-Guerrero-2.jpg\" alt=\"Patricia Guerrero Premio Nacional de Danza 2021\" width=\"1202\" height=\"600\" srcset=\"https:\/\/www.inmsol.com\/wp-content\/uploads\/2021\/12\/Patricia-Guerrero-2.jpg 1202w, https:\/\/www.inmsol.com\/wp-content\/uploads\/2021\/12\/Patricia-Guerrero-2-800x399.jpg 800w, https:\/\/www.inmsol.com\/wp-content\/uploads\/2021\/12\/Patricia-Guerrero-2-64x32.jpg 64w, https:\/\/www.inmsol.com\/wp-content\/uploads\/2021\/12\/Patricia-Guerrero-2-460x230.jpg 460w, https:\/\/www.inmsol.com\/wp-content\/uploads\/2021\/12\/Patricia-Guerrero-2-1024x511.jpg 1024w, https:\/\/www.inmsol.com\/wp-content\/uploads\/2021\/12\/Patricia-Guerrero-2-768x383.jpg 768w, https:\/\/www.inmsol.com\/wp-content\/uploads\/2021\/12\/Patricia-Guerrero-2-250x125.jpg 250w, https:\/\/www.inmsol.com\/wp-content\/uploads\/2021\/12\/Patricia-Guerrero-2-600x300.jpg 600w\" sizes=\"(max-width: 1202px) 100vw, 1202px\" \/><\/a><\/p>\n<h3>Reconocimientos<\/h3>\n<p>No es la primera vez que Patricia Guerrero se adjudica premios por su arte. De hecho, a la edad de diecisiete, gan\u00f3 el premio \u2018Desplante\u2019 en el <a href=\"https:\/\/festivalcantedelasminas.org\/\" target=\"_blank\" rel=\"noopener\">Festival Internacional del Cante de las Minas<\/a>.<\/p>\n<p>Ahora Patricia Guerrero vuelve a ganar, pero se trata del <a href=\"https:\/\/www.culturaydeporte.gob.es\/va\/cultura\/artesescenicas\/contenedora-noticias-prensa\/a2021\/octubre\/premios-max-danza.html\" target=\"_blank\" rel=\"noopener\">Premio Nacional de Danza correspondientes a 2021<\/a>. Estos premios, que concede anualmente el Ministerio de Cultura y Deporte, consisten en 30.000 euros cada uno. \u00a1Y es un reconocimiento merecid\u00edsimo a su trabajo!<\/p>\n<p>En particular, lo que captur\u00f3 la atenci\u00f3n del jurado fue su personalidad y fuerza. Adem\u00e1s, se reconoce a la bailarina el hecho de haber sabido juntar el flamenco m\u00e1s tradicional a nuevas formas y est\u00e9ticas. Esto se nota a trav\u00e9s de sus espect\u00e1culos, particularmente en su reciente interpretaci\u00f3n de La Bella Otero.<\/p>\n<p><a href=\"https:\/\/www.inmsol.com\/wp-content\/uploads\/2021\/12\/Patricia-Guerrero-3.jpg\" target=\"_blank\" rel=\"noopener\"><img decoding=\"async\" class=\"aligncenter wp-image-60288 size-full\" title=\"Patricia Guerrero, Granada\" src=\"https:\/\/www.inmsol.com\/wp-content\/uploads\/2021\/12\/Patricia-Guerrero-3.jpg\" alt=\"Patricia Guerrero, Granada\" width=\"1202\" height=\"600\" srcset=\"https:\/\/www.inmsol.com\/wp-content\/uploads\/2021\/12\/Patricia-Guerrero-3.jpg 1202w, https:\/\/www.inmsol.com\/wp-content\/uploads\/2021\/12\/Patricia-Guerrero-3-800x399.jpg 800w, https:\/\/www.inmsol.com\/wp-content\/uploads\/2021\/12\/Patricia-Guerrero-3-64x32.jpg 64w, https:\/\/www.inmsol.com\/wp-content\/uploads\/2021\/12\/Patricia-Guerrero-3-460x230.jpg 460w, https:\/\/www.inmsol.com\/wp-content\/uploads\/2021\/12\/Patricia-Guerrero-3-1024x511.jpg 1024w, https:\/\/www.inmsol.com\/wp-content\/uploads\/2021\/12\/Patricia-Guerrero-3-768x383.jpg 768w, https:\/\/www.inmsol.com\/wp-content\/uploads\/2021\/12\/Patricia-Guerrero-3-250x125.jpg 250w, https:\/\/www.inmsol.com\/wp-content\/uploads\/2021\/12\/Patricia-Guerrero-3-600x300.jpg 600w\" sizes=\"(max-width: 1202px) 100vw, 1202px\" \/><\/a><\/p>\n<p>Sabemos que el flamenco es un g\u00e9nero de baile que se desarroll\u00f3 en nuestra regi\u00f3n, Andaluc\u00eda, pero nos alegra mucho que la fama de Patricia, que se cr\u00edo y aprendi\u00f3 flamenco en el barrio del <a href=\"https:\/\/www.inmsol.com\/es\/category\/blog-escuela\/lugares-imprescindibles-granada\/\" target=\"_blank\" rel=\"noopener\">Albaic\u00edn<\/a>, sea reconocida a nivel internacional.<\/p>\n<blockquote>\n<h4 style=\"text-align: center;\">\u00a1Desde iNMSOL le damos la enhorabuena, y le deseamos una carrera llena de \u00e9xitos!<\/h4>\n<\/blockquote>\n","protected":false},"excerpt":{"rendered":"<p>Patricia Guerrero se hizo con el Premio Nacional de Danza 2021, y no quer\u00edamos despedir el a\u00f1o sin hacer una menci\u00f3n a esta genial artista.<\/p>\n","protected":false},"author":31,"featured_media":60300,"comment_status":"open","ping_status":"closed","sticky":false,"template":"","format":"standard","meta":{"_acf_changed":false,"footnotes":""},"categories":[8,83],"tags":[],"class_list":["post-60108","post","type-post","status-publish","format-standard","has-post-thumbnail","hentry","category-blog-escuela","category-cultura-literatura-historia-espana-es"],"acf":[],"yoast_head":"<!-- This site is optimized with the Yoast SEO plugin v27.5 - https:\/\/yoast.com\/product\/yoast-seo-wordpress\/ -->\n<title>La granadina Patricia Guerrero, Premio Nacional de Danza 2021 | iNMSOL<\/title>\n<meta name=\"description\" content=\"Patricia Guerrero se hizo con el Premio Nacional de Danza 2021, y no quer\u00edamos despedir el a\u00f1o sin hacer una menci\u00f3n a esta genial artista.\" \/>\n<meta name=\"robots\" content=\"index, follow, max-snippet:-1, max-image-preview:large, max-video-preview:-1\" \/>\n<link rel=\"canonical\" href=\"https:\/\/www.inmsol.com\/es\/blog-escuela\/granadina-patricia-guerrero-premio-nacional-danza-2021\/\" \/>\n<meta property=\"og:locale\" content=\"es_ES\" \/>\n<meta property=\"og:type\" content=\"article\" \/>\n<meta property=\"og:title\" content=\"La granadina m\u00e1s destacada de 2021: Patricia Guerrero\" \/>\n<meta property=\"og:description\" content=\"Patricia Guerrero se hizo con el Premio Nacional de Danza 2021, y no quer\u00edamos despedir el a\u00f1o sin hacer una menci\u00f3n a esta genial artista.\" \/>\n<meta property=\"og:url\" content=\"https:\/\/www.inmsol.com\/es\/blog-escuela\/granadina-patricia-guerrero-premio-nacional-danza-2021\/\" \/>\n<meta property=\"og:site_name\" content=\"iNMSOL\" \/>\n<meta property=\"article:publisher\" content=\"https:\/\/www.facebook.com\/spanishcourses\" \/>\n<meta property=\"article:published_time\" content=\"2021-12-29T16:22:25+00:00\" \/>\n<meta property=\"article:modified_time\" content=\"2021-12-29T16:28:04+00:00\" \/>\n<meta property=\"og:image\" content=\"https:\/\/www.inmsol.com\/wp-content\/uploads\/2021\/12\/Patricia-Guerrero-1.jpg\" \/>\n\t<meta property=\"og:image:width\" content=\"1202\" \/>\n\t<meta property=\"og:image:height\" content=\"600\" \/>\n\t<meta property=\"og:image:type\" content=\"image\/jpeg\" \/>\n<meta name=\"author\" content=\"Rocio Mart\u00ednez\" \/>\n<meta name=\"twitter:label1\" content=\"Escrito por\" \/>\n\t<meta name=\"twitter:data1\" content=\"Rocio Mart\u00ednez\" \/>\n\t<meta name=\"twitter:label2\" content=\"Tiempo de lectura\" \/>\n\t<meta name=\"twitter:data2\" content=\"3 minutos\" \/>\n<script type=\"application\/ld+json\" class=\"yoast-schema-graph\">{\"@context\":\"https:\\\/\\\/schema.org\",\"@graph\":[{\"@type\":\"Article\",\"@id\":\"https:\\\/\\\/www.inmsol.com\\\/es\\\/blog-escuela\\\/granadina-patricia-guerrero-premio-nacional-danza-2021\\\/#article\",\"isPartOf\":{\"@id\":\"https:\\\/\\\/www.inmsol.com\\\/es\\\/blog-escuela\\\/granadina-patricia-guerrero-premio-nacional-danza-2021\\\/\"},\"author\":{\"name\":\"Rocio Mart\u00ednez\",\"@id\":\"https:\\\/\\\/www.inmsol.com\\\/es\\\/#\\\/schema\\\/person\\\/d041a9956283741a6ed56e0530eb28b5\"},\"headline\":\"La granadina Patricia Guerrero, Premio Nacional de Danza 2021\",\"datePublished\":\"2021-12-29T16:22:25+00:00\",\"dateModified\":\"2021-12-29T16:28:04+00:00\",\"mainEntityOfPage\":{\"@id\":\"https:\\\/\\\/www.inmsol.com\\\/es\\\/blog-escuela\\\/granadina-patricia-guerrero-premio-nacional-danza-2021\\\/\"},\"wordCount\":423,\"commentCount\":0,\"publisher\":{\"@id\":\"https:\\\/\\\/www.inmsol.com\\\/es\\\/#organization\"},\"image\":{\"@id\":\"https:\\\/\\\/www.inmsol.com\\\/es\\\/blog-escuela\\\/granadina-patricia-guerrero-premio-nacional-danza-2021\\\/#primaryimage\"},\"thumbnailUrl\":\"https:\\\/\\\/www.inmsol.com\\\/wp-content\\\/uploads\\\/2021\\\/12\\\/Patricia-portada-1.jpg\",\"articleSection\":[\"Blog Escuela Espa\u00f1ol\",\"Cultura, Literatura e Historia de Espa\u00f1a e Hispanoam\u00e9rica\"],\"inLanguage\":\"es\",\"potentialAction\":[{\"@type\":\"CommentAction\",\"name\":\"Comment\",\"target\":[\"https:\\\/\\\/www.inmsol.com\\\/es\\\/blog-escuela\\\/granadina-patricia-guerrero-premio-nacional-danza-2021\\\/#respond\"]}]},{\"@type\":\"WebPage\",\"@id\":\"https:\\\/\\\/www.inmsol.com\\\/es\\\/blog-escuela\\\/granadina-patricia-guerrero-premio-nacional-danza-2021\\\/\",\"url\":\"https:\\\/\\\/www.inmsol.com\\\/es\\\/blog-escuela\\\/granadina-patricia-guerrero-premio-nacional-danza-2021\\\/\",\"name\":\"La granadina Patricia Guerrero, Premio Nacional de Danza 2021 | iNMSOL\",\"isPartOf\":{\"@id\":\"https:\\\/\\\/www.inmsol.com\\\/es\\\/#website\"},\"primaryImageOfPage\":{\"@id\":\"https:\\\/\\\/www.inmsol.com\\\/es\\\/blog-escuela\\\/granadina-patricia-guerrero-premio-nacional-danza-2021\\\/#primaryimage\"},\"image\":{\"@id\":\"https:\\\/\\\/www.inmsol.com\\\/es\\\/blog-escuela\\\/granadina-patricia-guerrero-premio-nacional-danza-2021\\\/#primaryimage\"},\"thumbnailUrl\":\"https:\\\/\\\/www.inmsol.com\\\/wp-content\\\/uploads\\\/2021\\\/12\\\/Patricia-portada-1.jpg\",\"datePublished\":\"2021-12-29T16:22:25+00:00\",\"dateModified\":\"2021-12-29T16:28:04+00:00\",\"description\":\"Patricia Guerrero se hizo con el Premio Nacional de Danza 2021, y no quer\u00edamos despedir el a\u00f1o sin hacer una menci\u00f3n a esta genial artista.\",\"breadcrumb\":{\"@id\":\"https:\\\/\\\/www.inmsol.com\\\/es\\\/blog-escuela\\\/granadina-patricia-guerrero-premio-nacional-danza-2021\\\/#breadcrumb\"},\"inLanguage\":\"es\",\"potentialAction\":[{\"@type\":\"ReadAction\",\"target\":[\"https:\\\/\\\/www.inmsol.com\\\/es\\\/blog-escuela\\\/granadina-patricia-guerrero-premio-nacional-danza-2021\\\/\"]}]},{\"@type\":\"ImageObject\",\"inLanguage\":\"es\",\"@id\":\"https:\\\/\\\/www.inmsol.com\\\/es\\\/blog-escuela\\\/granadina-patricia-guerrero-premio-nacional-danza-2021\\\/#primaryimage\",\"url\":\"https:\\\/\\\/www.inmsol.com\\\/wp-content\\\/uploads\\\/2021\\\/12\\\/Patricia-portada-1.jpg\",\"contentUrl\":\"https:\\\/\\\/www.inmsol.com\\\/wp-content\\\/uploads\\\/2021\\\/12\\\/Patricia-portada-1.jpg\",\"width\":1202,\"height\":600},{\"@type\":\"BreadcrumbList\",\"@id\":\"https:\\\/\\\/www.inmsol.com\\\/es\\\/blog-escuela\\\/granadina-patricia-guerrero-premio-nacional-danza-2021\\\/#breadcrumb\",\"itemListElement\":[{\"@type\":\"ListItem\",\"position\":1,\"name\":\"Accredited Center by Instituto Cervantes\",\"item\":\"https:\\\/\\\/www.inmsol.com\\\/es\\\/pagina-ejemplo\\\/\"},{\"@type\":\"ListItem\",\"position\":2,\"name\":\"Blog Escuela Espa\u00f1ol\",\"item\":\"https:\\\/\\\/www.inmsol.com\\\/es\\\/category\\\/blog-escuela\\\/\"},{\"@type\":\"ListItem\",\"position\":3,\"name\":\"La granadina Patricia Guerrero, Premio Nacional de Danza 2021\"}]},{\"@type\":\"WebSite\",\"@id\":\"https:\\\/\\\/www.inmsol.com\\\/es\\\/#website\",\"url\":\"https:\\\/\\\/www.inmsol.com\\\/es\\\/\",\"name\":\"iNMSOL\",\"description\":\"Aprenda Espa\u00f1ol con iNMSOL en Granada | Centro Acreditado por el Instituto Cervantes\",\"publisher\":{\"@id\":\"https:\\\/\\\/www.inmsol.com\\\/es\\\/#organization\"},\"potentialAction\":[{\"@type\":\"SearchAction\",\"target\":{\"@type\":\"EntryPoint\",\"urlTemplate\":\"https:\\\/\\\/www.inmsol.com\\\/es\\\/?s={search_term_string}\"},\"query-input\":{\"@type\":\"PropertyValueSpecification\",\"valueRequired\":true,\"valueName\":\"search_term_string\"}}],\"inLanguage\":\"es\"},{\"@type\":\"Organization\",\"@id\":\"https:\\\/\\\/www.inmsol.com\\\/es\\\/#organization\",\"name\":\"Instituto Mediterr\u00e1neo Sol\",\"url\":\"https:\\\/\\\/www.inmsol.com\\\/es\\\/\",\"logo\":{\"@type\":\"ImageObject\",\"inLanguage\":\"es\",\"@id\":\"https:\\\/\\\/www.inmsol.com\\\/es\\\/#\\\/schema\\\/logo\\\/image\\\/\",\"url\":\"https:\\\/\\\/www.inmsol.com\\\/wp-content\\\/uploads\\\/2023\\\/06\\\/logo-inmsol-1.png\",\"contentUrl\":\"https:\\\/\\\/www.inmsol.com\\\/wp-content\\\/uploads\\\/2023\\\/06\\\/logo-inmsol-1.png\",\"width\":136,\"height\":73,\"caption\":\"Instituto Mediterr\u00e1neo Sol\"},\"image\":{\"@id\":\"https:\\\/\\\/www.inmsol.com\\\/es\\\/#\\\/schema\\\/logo\\\/image\\\/\"},\"sameAs\":[\"https:\\\/\\\/www.facebook.com\\\/spanishcourses\",\"https:\\\/\\\/x.com\\\/StudyInGranada\",\"http:\\\/\\\/instagram.com\\\/imsolgranada\",\"https:\\\/\\\/es.linkedin.com\\\/company\\\/imsol-granada\",\"https:\\\/\\\/www.pinterest.es\\\/inmsol\\\/\",\"https:\\\/\\\/www.youtube.com\\\/channel\\\/UChz-Qn_7coFMosY85iYMO4g\"]},{\"@type\":\"Person\",\"@id\":\"https:\\\/\\\/www.inmsol.com\\\/es\\\/#\\\/schema\\\/person\\\/d041a9956283741a6ed56e0530eb28b5\",\"name\":\"Rocio Mart\u00ednez\",\"image\":{\"@type\":\"ImageObject\",\"inLanguage\":\"es\",\"@id\":\"https:\\\/\\\/secure.gravatar.com\\\/avatar\\\/95b9b0d999ef55a048952ade325bea9ee664237dc576277e59c3cc8fc6ea1123?s=96&d=mm&r=g\",\"url\":\"https:\\\/\\\/secure.gravatar.com\\\/avatar\\\/95b9b0d999ef55a048952ade325bea9ee664237dc576277e59c3cc8fc6ea1123?s=96&d=mm&r=g\",\"contentUrl\":\"https:\\\/\\\/secure.gravatar.com\\\/avatar\\\/95b9b0d999ef55a048952ade325bea9ee664237dc576277e59c3cc8fc6ea1123?s=96&d=mm&r=g\",\"caption\":\"Rocio Mart\u00ednez\"},\"url\":\"https:\\\/\\\/www.inmsol.com\\\/es\\\/author\\\/secretaria\\\/\"}]}<\/script>\n<!-- \/ Yoast SEO plugin. -->","yoast_head_json":{"title":"La granadina Patricia Guerrero, Premio Nacional de Danza 2021 | iNMSOL","description":"Patricia Guerrero se hizo con el Premio Nacional de Danza 2021, y no quer\u00edamos despedir el a\u00f1o sin hacer una menci\u00f3n a esta genial artista.","robots":{"index":"index","follow":"follow","max-snippet":"max-snippet:-1","max-image-preview":"max-image-preview:large","max-video-preview":"max-video-preview:-1"},"canonical":"https:\/\/www.inmsol.com\/es\/blog-escuela\/granadina-patricia-guerrero-premio-nacional-danza-2021\/","og_locale":"es_ES","og_type":"article","og_title":"La granadina m\u00e1s destacada de 2021: Patricia Guerrero","og_description":"Patricia Guerrero se hizo con el Premio Nacional de Danza 2021, y no quer\u00edamos despedir el a\u00f1o sin hacer una menci\u00f3n a esta genial artista.","og_url":"https:\/\/www.inmsol.com\/es\/blog-escuela\/granadina-patricia-guerrero-premio-nacional-danza-2021\/","og_site_name":"iNMSOL","article_publisher":"https:\/\/www.facebook.com\/spanishcourses","article_published_time":"2021-12-29T16:22:25+00:00","article_modified_time":"2021-12-29T16:28:04+00:00","og_image":[{"width":1202,"height":600,"url":"https:\/\/www.inmsol.com\/wp-content\/uploads\/2021\/12\/Patricia-Guerrero-1.jpg","type":"image\/jpeg"}],"author":"Rocio Mart\u00ednez","twitter_misc":{"Escrito por":"Rocio Mart\u00ednez","Tiempo de lectura":"3 minutos"},"schema":{"@context":"https:\/\/schema.org","@graph":[{"@type":"Article","@id":"https:\/\/www.inmsol.com\/es\/blog-escuela\/granadina-patricia-guerrero-premio-nacional-danza-2021\/#article","isPartOf":{"@id":"https:\/\/www.inmsol.com\/es\/blog-escuela\/granadina-patricia-guerrero-premio-nacional-danza-2021\/"},"author":{"name":"Rocio Mart\u00ednez","@id":"https:\/\/www.inmsol.com\/es\/#\/schema\/person\/d041a9956283741a6ed56e0530eb28b5"},"headline":"La granadina Patricia Guerrero, Premio Nacional de Danza 2021","datePublished":"2021-12-29T16:22:25+00:00","dateModified":"2021-12-29T16:28:04+00:00","mainEntityOfPage":{"@id":"https:\/\/www.inmsol.com\/es\/blog-escuela\/granadina-patricia-guerrero-premio-nacional-danza-2021\/"},"wordCount":423,"commentCount":0,"publisher":{"@id":"https:\/\/www.inmsol.com\/es\/#organization"},"image":{"@id":"https:\/\/www.inmsol.com\/es\/blog-escuela\/granadina-patricia-guerrero-premio-nacional-danza-2021\/#primaryimage"},"thumbnailUrl":"https:\/\/www.inmsol.com\/wp-content\/uploads\/2021\/12\/Patricia-portada-1.jpg","articleSection":["Blog Escuela Espa\u00f1ol","Cultura, Literatura e Historia de Espa\u00f1a e Hispanoam\u00e9rica"],"inLanguage":"es","potentialAction":[{"@type":"CommentAction","name":"Comment","target":["https:\/\/www.inmsol.com\/es\/blog-escuela\/granadina-patricia-guerrero-premio-nacional-danza-2021\/#respond"]}]},{"@type":"WebPage","@id":"https:\/\/www.inmsol.com\/es\/blog-escuela\/granadina-patricia-guerrero-premio-nacional-danza-2021\/","url":"https:\/\/www.inmsol.com\/es\/blog-escuela\/granadina-patricia-guerrero-premio-nacional-danza-2021\/","name":"La granadina Patricia Guerrero, Premio Nacional de Danza 2021 | iNMSOL","isPartOf":{"@id":"https:\/\/www.inmsol.com\/es\/#website"},"primaryImageOfPage":{"@id":"https:\/\/www.inmsol.com\/es\/blog-escuela\/granadina-patricia-guerrero-premio-nacional-danza-2021\/#primaryimage"},"image":{"@id":"https:\/\/www.inmsol.com\/es\/blog-escuela\/granadina-patricia-guerrero-premio-nacional-danza-2021\/#primaryimage"},"thumbnailUrl":"https:\/\/www.inmsol.com\/wp-content\/uploads\/2021\/12\/Patricia-portada-1.jpg","datePublished":"2021-12-29T16:22:25+00:00","dateModified":"2021-12-29T16:28:04+00:00","description":"Patricia Guerrero se hizo con el Premio Nacional de Danza 2021, y no quer\u00edamos despedir el a\u00f1o sin hacer una menci\u00f3n a esta genial artista.","breadcrumb":{"@id":"https:\/\/www.inmsol.com\/es\/blog-escuela\/granadina-patricia-guerrero-premio-nacional-danza-2021\/#breadcrumb"},"inLanguage":"es","potentialAction":[{"@type":"ReadAction","target":["https:\/\/www.inmsol.com\/es\/blog-escuela\/granadina-patricia-guerrero-premio-nacional-danza-2021\/"]}]},{"@type":"ImageObject","inLanguage":"es","@id":"https:\/\/www.inmsol.com\/es\/blog-escuela\/granadina-patricia-guerrero-premio-nacional-danza-2021\/#primaryimage","url":"https:\/\/www.inmsol.com\/wp-content\/uploads\/2021\/12\/Patricia-portada-1.jpg","contentUrl":"https:\/\/www.inmsol.com\/wp-content\/uploads\/2021\/12\/Patricia-portada-1.jpg","width":1202,"height":600},{"@type":"BreadcrumbList","@id":"https:\/\/www.inmsol.com\/es\/blog-escuela\/granadina-patricia-guerrero-premio-nacional-danza-2021\/#breadcrumb","itemListElement":[{"@type":"ListItem","position":1,"name":"Accredited Center by Instituto Cervantes","item":"https:\/\/www.inmsol.com\/es\/pagina-ejemplo\/"},{"@type":"ListItem","position":2,"name":"Blog Escuela Espa\u00f1ol","item":"https:\/\/www.inmsol.com\/es\/category\/blog-escuela\/"},{"@type":"ListItem","position":3,"name":"La granadina Patricia Guerrero, Premio Nacional de Danza 2021"}]},{"@type":"WebSite","@id":"https:\/\/www.inmsol.com\/es\/#website","url":"https:\/\/www.inmsol.com\/es\/","name":"iNMSOL","description":"Aprenda Espa\u00f1ol con iNMSOL en Granada | Centro Acreditado por el Instituto Cervantes","publisher":{"@id":"https:\/\/www.inmsol.com\/es\/#organization"},"potentialAction":[{"@type":"SearchAction","target":{"@type":"EntryPoint","urlTemplate":"https:\/\/www.inmsol.com\/es\/?s={search_term_string}"},"query-input":{"@type":"PropertyValueSpecification","valueRequired":true,"valueName":"search_term_string"}}],"inLanguage":"es"},{"@type":"Organization","@id":"https:\/\/www.inmsol.com\/es\/#organization","name":"Instituto Mediterr\u00e1neo Sol","url":"https:\/\/www.inmsol.com\/es\/","logo":{"@type":"ImageObject","inLanguage":"es","@id":"https:\/\/www.inmsol.com\/es\/#\/schema\/logo\/image\/","url":"https:\/\/www.inmsol.com\/wp-content\/uploads\/2023\/06\/logo-inmsol-1.png","contentUrl":"https:\/\/www.inmsol.com\/wp-content\/uploads\/2023\/06\/logo-inmsol-1.png","width":136,"height":73,"caption":"Instituto Mediterr\u00e1neo Sol"},"image":{"@id":"https:\/\/www.inmsol.com\/es\/#\/schema\/logo\/image\/"},"sameAs":["https:\/\/www.facebook.com\/spanishcourses","https:\/\/x.com\/StudyInGranada","http:\/\/instagram.com\/imsolgranada","https:\/\/es.linkedin.com\/company\/imsol-granada","https:\/\/www.pinterest.es\/inmsol\/","https:\/\/www.youtube.com\/channel\/UChz-Qn_7coFMosY85iYMO4g"]},{"@type":"Person","@id":"https:\/\/www.inmsol.com\/es\/#\/schema\/person\/d041a9956283741a6ed56e0530eb28b5","name":"Rocio Mart\u00ednez","image":{"@type":"ImageObject","inLanguage":"es","@id":"https:\/\/secure.gravatar.com\/avatar\/95b9b0d999ef55a048952ade325bea9ee664237dc576277e59c3cc8fc6ea1123?s=96&d=mm&r=g","url":"https:\/\/secure.gravatar.com\/avatar\/95b9b0d999ef55a048952ade325bea9ee664237dc576277e59c3cc8fc6ea1123?s=96&d=mm&r=g","contentUrl":"https:\/\/secure.gravatar.com\/avatar\/95b9b0d999ef55a048952ade325bea9ee664237dc576277e59c3cc8fc6ea1123?s=96&d=mm&r=g","caption":"Rocio Mart\u00ednez"},"url":"https:\/\/www.inmsol.com\/es\/author\/secretaria\/"}]}},"_links":{"self":[{"href":"https:\/\/www.inmsol.com\/es\/wp-json\/wp\/v2\/posts\/60108","targetHints":{"allow":["GET"]}}],"collection":[{"href":"https:\/\/www.inmsol.com\/es\/wp-json\/wp\/v2\/posts"}],"about":[{"href":"https:\/\/www.inmsol.com\/es\/wp-json\/wp\/v2\/types\/post"}],"author":[{"embeddable":true,"href":"https:\/\/www.inmsol.com\/es\/wp-json\/wp\/v2\/users\/31"}],"replies":[{"embeddable":true,"href":"https:\/\/www.inmsol.com\/es\/wp-json\/wp\/v2\/comments?post=60108"}],"version-history":[{"count":0,"href":"https:\/\/www.inmsol.com\/es\/wp-json\/wp\/v2\/posts\/60108\/revisions"}],"wp:featuredmedia":[{"embeddable":true,"href":"https:\/\/www.inmsol.com\/es\/wp-json\/wp\/v2\/media\/60300"}],"wp:attachment":[{"href":"https:\/\/www.inmsol.com\/es\/wp-json\/wp\/v2\/media?parent=60108"}],"wp:term":[{"taxonomy":"category","embeddable":true,"href":"https:\/\/www.inmsol.com\/es\/wp-json\/wp\/v2\/categories?post=60108"},{"taxonomy":"post_tag","embeddable":true,"href":"https:\/\/www.inmsol.com\/es\/wp-json\/wp\/v2\/tags?post=60108"}],"curies":[{"name":"wp","href":"https:\/\/api.w.org\/{rel}","templated":true}]}}