{"id":61435,"date":"2022-07-25T09:43:22","date_gmt":"2022-07-25T07:43:22","guid":{"rendered":"https:\/\/www.inmsol.com\/?p=61435"},"modified":"2022-07-26T13:16:36","modified_gmt":"2022-07-26T11:16:36","slug":"las-leyendas-de-granada-tres-historias-que-no-conocias-de-esta-ciudad","status":"publish","type":"post","link":"https:\/\/www.inmsol.com\/es\/blog-escuela\/leyendas-granada\/las-leyendas-de-granada-tres-historias-que-no-conocias-de-esta-ciudad\/","title":{"rendered":"Las leyendas de Granada: tres historias que no conoc\u00edas de esta ciudad"},"content":{"rendered":"<p>Cuando hablamos de <a href=\"https:\/\/es.wikipedia.org\/wiki\/Leyenda\" target=\"_blank\" rel=\"noopener\">leyendas<\/a>, nos referimos a relatos muy antiguos, como los mitos, las f\u00e1bulas y los cuentos de hadas. Las leyendas son parte del patrimonio cultural de una poblaci\u00f3n. Estas historias son t\u00edpicas de la tradici\u00f3n oral. Ellas combinan elementos narrativos reales con otros maravillosos. Leyenda deriva de la palabra latina \u00ablegenda\u00bb, que significa \u00abcosas que se leen\u00bb o \u00abdignas de ser le\u00eddas\u00bb. Se refiere a los ratos sobre la vida de los santos y especialmente a sus milagros. Con el paso de los a\u00f1os, este t\u00e9rmino ha significado cualquier relato que contenga elementos reales, pero transformados por la imaginaci\u00f3n.<\/p>\n<h3>El \u00fatilizo de las leyendas<\/h3>\n<p>La leyenda se transmite para celebrar hechos y personajes fundamentales para la historia de un pueblo, tambi\u00e9n para narrar caracter\u00edsticas del entorno natural o para responder a preguntas. Las leyendas suelen estar destinadas a la comunidad, al igual que los mitos tratan de explicar el origen de aspectos del entorno, las normas y modelos a seguir, determinados acontecimientos hist\u00f3ricos, siempre con el objetivo de reforzar los lazos de pertenencia a la comunidad. Andaluc\u00eda es notoriamente m\u00e1gica y m\u00edstica. Sus ciudades tambi\u00e9n son famosas por las leyendas que circulan sobre diversos temas y acontecimientos.<\/p>\n<p>1. <strong>El tesoro del Sacromonte<\/strong><\/p>\n<p>El Sacromonte guarda mil y una historias, pero hay una que, de ser cierta, podr\u00eda cambiar la vida de alguien, econ\u00f3micamente hablando. Seg\u00fan la leyenda, cuando cay\u00f3 el reino nazar\u00ed durante la Guerra de Granada (1482-1492), los nobles \u00e1rabes que hu\u00edan escondieron sus posesiones en el Monte de Valpara\u00edso, la colina en la que hoy se levanta el espectacular barrio del Sacromonte, de visita obligada si se visita la ciudad de Granada. Estos tesoros ocultos fueron buscados con avidez por los esclavos liberados tras el conflicto \u00e1rabe-cristiano. Seg\u00fan la leyenda, aunque no encontraron nada en sus excavaciones, esta obra les sirvi\u00f3 de refugio. Fueron los creadores de las famosas cuevas del Sacromonte, o eso dicen. \u00bfEl tesoro? Todav\u00eda no hay rastro.<\/p>\n<p><a href=\"https:\/\/www.inmsol.com\/wp-content\/uploads\/2022\/05\/albaicin-and-sacromonte-granada-spain-1-jpg_header-244367-scaled.jpeg\"><img fetchpriority=\"high\" decoding=\"async\" class=\"wp-image-61404 size-full\" title=\"Sacromonte\" src=\"https:\/\/www.inmsol.com\/wp-content\/uploads\/2022\/05\/albaicin-and-sacromonte-granada-spain-1-jpg_header-244367-scaled.jpeg\" alt=\"Sacromonte\" width=\"2560\" height=\"1709\" srcset=\"https:\/\/www.inmsol.com\/wp-content\/uploads\/2022\/05\/albaicin-and-sacromonte-granada-spain-1-jpg_header-244367-scaled.jpeg 2560w, https:\/\/www.inmsol.com\/wp-content\/uploads\/2022\/05\/albaicin-and-sacromonte-granada-spain-1-jpg_header-244367-scaled-800x534.jpeg 800w, https:\/\/www.inmsol.com\/wp-content\/uploads\/2022\/05\/albaicin-and-sacromonte-granada-spain-1-jpg_header-244367-scaled-64x43.jpeg 64w, https:\/\/www.inmsol.com\/wp-content\/uploads\/2022\/05\/albaicin-and-sacromonte-granada-spain-1-jpg_header-244367-449x300.jpeg 449w, https:\/\/www.inmsol.com\/wp-content\/uploads\/2022\/05\/albaicin-and-sacromonte-granada-spain-1-jpg_header-244367-1024x684.jpeg 1024w, https:\/\/www.inmsol.com\/wp-content\/uploads\/2022\/05\/albaicin-and-sacromonte-granada-spain-1-jpg_header-244367-768x513.jpeg 768w, https:\/\/www.inmsol.com\/wp-content\/uploads\/2022\/05\/albaicin-and-sacromonte-granada-spain-1-jpg_header-244367-1536x1025.jpeg 1536w, https:\/\/www.inmsol.com\/wp-content\/uploads\/2022\/05\/albaicin-and-sacromonte-granada-spain-1-jpg_header-244367-2048x1367.jpeg 2048w, https:\/\/www.inmsol.com\/wp-content\/uploads\/2022\/05\/albaicin-and-sacromonte-granada-spain-1-jpg_header-244367-250x167.jpeg 250w, https:\/\/www.inmsol.com\/wp-content\/uploads\/2022\/05\/albaicin-and-sacromonte-granada-spain-1-jpg_header-244367-600x400.jpeg 600w\" sizes=\"(max-width: 2560px) 100vw, 2560px\" \/><\/a><\/p>\n<h3>2. <strong>La leyenda del suspiro del moro<\/strong><\/h3>\n<p>Cuenta la leyenda que en 1492, cuando los Reyes Cat\u00f3licos conquistaron el reino de Granada y despu\u00e9s de que el rey Boabdil, el \u00faltimo rey moro que se rindi\u00f3 sin luchar, entregara las llaves de la ciudad, se produjo un hecho que dio lugar a una frase que todos hemos escuchado alguna vez. Los Reyes Cat\u00f3licos exiliaron a Boabdil e izaron su bandera de la Espa\u00f1a cristiana en las alturas de la Alhambra para mostrar la victoria y la rendici\u00f3n de los moros en Espa\u00f1a.<\/p>\n<p>Se dice que durante el viaje a su destierro en las Alpujarras, Boabdil no se atrevi\u00f3 ni a volver la cabeza. Una vez lejos, se detuvo en la colina antes conocida como \u00abEl Suspiro del Moro\u00bb. Boabdil contempl\u00f3 el palacio y toda la ciudad que acababa de perder a sus pies. En este \u00faltimo vistazo, seg\u00fan las leyendas de Granada, suspir\u00f3 y rompi\u00f3 a llorar. Fue en ese momento cuando su madre, Ayesha, sorprendida y enfadada adem\u00e1s de avergonzada, le dirigi\u00f3 la conocida palabra: \u00abLloras como las mujeres que no has sabido defender como hombre\u00bb.<\/p>\n<p><a href=\"https:\/\/www.inmsol.com\/wp-content\/uploads\/2022\/06\/Boabdil-Alfred-Dehodencq1.jpg\"><img decoding=\"async\" class=\"aligncenter wp-image-62026\" title=\"Moro\" src=\"https:\/\/www.inmsol.com\/wp-content\/uploads\/2022\/06\/Boabdil-Alfred-Dehodencq1.jpg\" alt=\"Boabdil\" width=\"1323\" height=\"992\" srcset=\"https:\/\/www.inmsol.com\/wp-content\/uploads\/2022\/06\/Boabdil-Alfred-Dehodencq1.jpg 580w, https:\/\/www.inmsol.com\/wp-content\/uploads\/2022\/06\/Boabdil-Alfred-Dehodencq1-64x48.jpg 64w, https:\/\/www.inmsol.com\/wp-content\/uploads\/2022\/06\/Boabdil-Alfred-Dehodencq1-400x300.jpg 400w, https:\/\/www.inmsol.com\/wp-content\/uploads\/2022\/06\/Boabdil-Alfred-Dehodencq1-250x188.jpg 250w, https:\/\/www.inmsol.com\/wp-content\/uploads\/2022\/06\/Boabdil-Alfred-Dehodencq1-533x400.jpg 533w\" sizes=\"(max-width: 1323px) 100vw, 1323px\" \/><\/a><br \/>\n3.<strong> La desconocida leyenda del Patio de los Leones<\/strong><\/p>\n<p>Una de las estancias m\u00e1s famosas de la Alhambra es la fuente de los leones. Su origen no est\u00e1 muy clara. Existen varias leyendas, ninguna de ellas confirmada. Los doce leones tienen un simbolismo astrol\u00f3gico, ya que cada le\u00f3n alude a un signo del zodiaco. Por otro lado, tiene un significado pol\u00edtico o mayest\u00e1tico. El significado est\u00e1 vinculado al templo del rey Salom\u00f3n y al mar de bronce del mismo templo. Por \u00faltimo, alude a un s\u00edmbolo celestial. Se refiere as\u00ed a la fuente original de la vida y a los cuatro r\u00edos del para\u00edso cor\u00e1nico. Lo que parece claro es que la fuente como tal es una alegor\u00eda del poder que reside en el sult\u00e1n.<\/p>\n<p><a href=\"https:\/\/www.inmsol.com\/wp-content\/uploads\/2022\/05\/Alhambra-Patio-de-los-Leones-4-scaled-1.webp\"><img decoding=\"async\" class=\"aligncenter wp-image-61432 size-full\" title=\"Patio\" src=\"https:\/\/www.inmsol.com\/wp-content\/uploads\/2022\/05\/Alhambra-Patio-de-los-Leones-4-scaled-1.webp\" alt=\"Patio\" width=\"2560\" height=\"1920\" srcset=\"https:\/\/www.inmsol.com\/wp-content\/uploads\/2022\/05\/Alhambra-Patio-de-los-Leones-4-scaled-1.webp 2560w, https:\/\/www.inmsol.com\/wp-content\/uploads\/2022\/05\/Alhambra-Patio-de-los-Leones-4-scaled-1-800x600.webp 800w, https:\/\/www.inmsol.com\/wp-content\/uploads\/2022\/05\/Alhambra-Patio-de-los-Leones-4-scaled-1-64x48.webp 64w, https:\/\/www.inmsol.com\/wp-content\/uploads\/2022\/05\/Alhambra-Patio-de-los-Leones-4-scaled-1-400x300.webp 400w, https:\/\/www.inmsol.com\/wp-content\/uploads\/2022\/05\/Alhambra-Patio-de-los-Leones-4-scaled-1-1024x768.webp 1024w, https:\/\/www.inmsol.com\/wp-content\/uploads\/2022\/05\/Alhambra-Patio-de-los-Leones-4-scaled-1-768x576.webp 768w, https:\/\/www.inmsol.com\/wp-content\/uploads\/2022\/05\/Alhambra-Patio-de-los-Leones-4-scaled-1-1536x1152.webp 1536w, https:\/\/www.inmsol.com\/wp-content\/uploads\/2022\/05\/Alhambra-Patio-de-los-Leones-4-scaled-1-2048x1536.webp 2048w, https:\/\/www.inmsol.com\/wp-content\/uploads\/2022\/05\/Alhambra-Patio-de-los-Leones-4-scaled-1-250x188.webp 250w, https:\/\/www.inmsol.com\/wp-content\/uploads\/2022\/05\/Alhambra-Patio-de-los-Leones-4-scaled-1-533x400.webp 533w\" sizes=\"(max-width: 2560px) 100vw, 2560px\" \/><\/a><\/p>\n<p>&nbsp;<\/p>\n","protected":false},"excerpt":{"rendered":"<p>Cuando hablamos de leyendas, nos referimos a relatos muy antiguos, como los mitos, las f\u00e1bulas y los cuentos de hadas. Las leyendas son parte del patrimonio cultural de una poblaci\u00f3n. Estas historias son t\u00edpicas de la tradici\u00f3n oral. Ellas combinan elementos narrativos reales con otros&#8230;<\/p>\n","protected":false},"author":31,"featured_media":62288,"comment_status":"open","ping_status":"closed","sticky":false,"template":"","format":"standard","meta":{"_acf_changed":false,"footnotes":""},"categories":[272],"tags":[],"class_list":["post-61435","post","type-post","status-publish","format-standard","has-post-thumbnail","hentry","category-leyendas-granada"],"acf":[],"yoast_head":"<!-- This site is optimized with the Yoast SEO plugin v27.5 - https:\/\/yoast.com\/product\/yoast-seo-wordpress\/ -->\n<title>Las leyendas de Granada: tres historias que no conoc\u00edas de esta ciudad &#8226; iNMSOL<\/title>\n<meta name=\"description\" content=\"Las leyendas de Granada: tres historias que no conoc\u00edas de esta ciudad.\" \/>\n<meta name=\"robots\" content=\"index, follow, max-snippet:-1, max-image-preview:large, max-video-preview:-1\" \/>\n<link rel=\"canonical\" href=\"https:\/\/www.inmsol.com\/es\/blog-escuela\/leyendas-granada\/las-leyendas-de-granada-tres-historias-que-no-conocias-de-esta-ciudad\/\" \/>\n<meta property=\"og:locale\" content=\"es_ES\" \/>\n<meta property=\"og:type\" content=\"article\" \/>\n<meta property=\"og:title\" content=\"Las leyendas de Granada: tres historias que no conoc\u00edas de esta ciudad &#8226; iNMSOL\" \/>\n<meta property=\"og:description\" content=\"Las leyendas de Granada: tres historias que no conoc\u00edas de esta ciudad.\" \/>\n<meta property=\"og:url\" content=\"https:\/\/www.inmsol.com\/es\/blog-escuela\/leyendas-granada\/las-leyendas-de-granada-tres-historias-que-no-conocias-de-esta-ciudad\/\" \/>\n<meta property=\"og:site_name\" content=\"iNMSOL\" \/>\n<meta property=\"article:publisher\" content=\"https:\/\/www.facebook.com\/spanishcourses\" \/>\n<meta property=\"article:published_time\" content=\"2022-07-25T07:43:22+00:00\" \/>\n<meta property=\"article:modified_time\" content=\"2022-07-26T11:16:36+00:00\" \/>\n<meta property=\"og:image\" content=\"https:\/\/www.inmsol.com\/wp-content\/uploads\/2022\/07\/Boabdil-Alfred-Dehodencq1.jpg\" \/>\n\t<meta property=\"og:image:width\" content=\"580\" \/>\n\t<meta property=\"og:image:height\" content=\"435\" \/>\n\t<meta property=\"og:image:type\" content=\"image\/jpeg\" \/>\n<meta name=\"author\" content=\"Rocio Mart\u00ednez\" \/>\n<meta name=\"twitter:label1\" content=\"Escrito por\" \/>\n\t<meta name=\"twitter:data1\" content=\"Rocio Mart\u00ednez\" \/>\n\t<meta name=\"twitter:label2\" content=\"Tiempo de lectura\" \/>\n\t<meta name=\"twitter:data2\" content=\"4 minutos\" \/>\n<script type=\"application\/ld+json\" class=\"yoast-schema-graph\">{\"@context\":\"https:\\\/\\\/schema.org\",\"@graph\":[{\"@type\":\"Article\",\"@id\":\"https:\\\/\\\/www.inmsol.com\\\/es\\\/blog-escuela\\\/leyendas-granada\\\/las-leyendas-de-granada-tres-historias-que-no-conocias-de-esta-ciudad\\\/#article\",\"isPartOf\":{\"@id\":\"https:\\\/\\\/www.inmsol.com\\\/es\\\/blog-escuela\\\/leyendas-granada\\\/las-leyendas-de-granada-tres-historias-que-no-conocias-de-esta-ciudad\\\/\"},\"author\":{\"name\":\"Rocio Mart\u00ednez\",\"@id\":\"https:\\\/\\\/www.inmsol.com\\\/es\\\/#\\\/schema\\\/person\\\/d041a9956283741a6ed56e0530eb28b5\"},\"headline\":\"Las leyendas de Granada: tres historias que no conoc\u00edas de esta ciudad\",\"datePublished\":\"2022-07-25T07:43:22+00:00\",\"dateModified\":\"2022-07-26T11:16:36+00:00\",\"mainEntityOfPage\":{\"@id\":\"https:\\\/\\\/www.inmsol.com\\\/es\\\/blog-escuela\\\/leyendas-granada\\\/las-leyendas-de-granada-tres-historias-que-no-conocias-de-esta-ciudad\\\/\"},\"wordCount\":689,\"commentCount\":1,\"publisher\":{\"@id\":\"https:\\\/\\\/www.inmsol.com\\\/es\\\/#organization\"},\"image\":{\"@id\":\"https:\\\/\\\/www.inmsol.com\\\/es\\\/blog-escuela\\\/leyendas-granada\\\/las-leyendas-de-granada-tres-historias-que-no-conocias-de-esta-ciudad\\\/#primaryimage\"},\"thumbnailUrl\":\"https:\\\/\\\/www.inmsol.com\\\/wp-content\\\/uploads\\\/2022\\\/07\\\/Boabdil-Alfred-Dehodencq1.jpg\",\"articleSection\":[\"Leyendas de Granada\"],\"inLanguage\":\"es\",\"potentialAction\":[{\"@type\":\"CommentAction\",\"name\":\"Comment\",\"target\":[\"https:\\\/\\\/www.inmsol.com\\\/es\\\/blog-escuela\\\/leyendas-granada\\\/las-leyendas-de-granada-tres-historias-que-no-conocias-de-esta-ciudad\\\/#respond\"]}]},{\"@type\":\"WebPage\",\"@id\":\"https:\\\/\\\/www.inmsol.com\\\/es\\\/blog-escuela\\\/leyendas-granada\\\/las-leyendas-de-granada-tres-historias-que-no-conocias-de-esta-ciudad\\\/\",\"url\":\"https:\\\/\\\/www.inmsol.com\\\/es\\\/blog-escuela\\\/leyendas-granada\\\/las-leyendas-de-granada-tres-historias-que-no-conocias-de-esta-ciudad\\\/\",\"name\":\"Las leyendas de Granada: tres historias que no conoc\u00edas de esta ciudad &#8226; iNMSOL\",\"isPartOf\":{\"@id\":\"https:\\\/\\\/www.inmsol.com\\\/es\\\/#website\"},\"primaryImageOfPage\":{\"@id\":\"https:\\\/\\\/www.inmsol.com\\\/es\\\/blog-escuela\\\/leyendas-granada\\\/las-leyendas-de-granada-tres-historias-que-no-conocias-de-esta-ciudad\\\/#primaryimage\"},\"image\":{\"@id\":\"https:\\\/\\\/www.inmsol.com\\\/es\\\/blog-escuela\\\/leyendas-granada\\\/las-leyendas-de-granada-tres-historias-que-no-conocias-de-esta-ciudad\\\/#primaryimage\"},\"thumbnailUrl\":\"https:\\\/\\\/www.inmsol.com\\\/wp-content\\\/uploads\\\/2022\\\/07\\\/Boabdil-Alfred-Dehodencq1.jpg\",\"datePublished\":\"2022-07-25T07:43:22+00:00\",\"dateModified\":\"2022-07-26T11:16:36+00:00\",\"description\":\"Las leyendas de Granada: tres historias que no conoc\u00edas de esta ciudad.\",\"breadcrumb\":{\"@id\":\"https:\\\/\\\/www.inmsol.com\\\/es\\\/blog-escuela\\\/leyendas-granada\\\/las-leyendas-de-granada-tres-historias-que-no-conocias-de-esta-ciudad\\\/#breadcrumb\"},\"inLanguage\":\"es\",\"potentialAction\":[{\"@type\":\"ReadAction\",\"target\":[\"https:\\\/\\\/www.inmsol.com\\\/es\\\/blog-escuela\\\/leyendas-granada\\\/las-leyendas-de-granada-tres-historias-que-no-conocias-de-esta-ciudad\\\/\"]}]},{\"@type\":\"ImageObject\",\"inLanguage\":\"es\",\"@id\":\"https:\\\/\\\/www.inmsol.com\\\/es\\\/blog-escuela\\\/leyendas-granada\\\/las-leyendas-de-granada-tres-historias-que-no-conocias-de-esta-ciudad\\\/#primaryimage\",\"url\":\"https:\\\/\\\/www.inmsol.com\\\/wp-content\\\/uploads\\\/2022\\\/07\\\/Boabdil-Alfred-Dehodencq1.jpg\",\"contentUrl\":\"https:\\\/\\\/www.inmsol.com\\\/wp-content\\\/uploads\\\/2022\\\/07\\\/Boabdil-Alfred-Dehodencq1.jpg\",\"width\":580,\"height\":435},{\"@type\":\"BreadcrumbList\",\"@id\":\"https:\\\/\\\/www.inmsol.com\\\/es\\\/blog-escuela\\\/leyendas-granada\\\/las-leyendas-de-granada-tres-historias-que-no-conocias-de-esta-ciudad\\\/#breadcrumb\",\"itemListElement\":[{\"@type\":\"ListItem\",\"position\":1,\"name\":\"Accredited Center by Instituto Cervantes\",\"item\":\"https:\\\/\\\/www.inmsol.com\\\/es\\\/pagina-ejemplo\\\/\"},{\"@type\":\"ListItem\",\"position\":2,\"name\":\"Blog Escuela Espa\u00f1ol\",\"item\":\"https:\\\/\\\/www.inmsol.com\\\/es\\\/category\\\/blog-escuela\\\/\"},{\"@type\":\"ListItem\",\"position\":3,\"name\":\"Leyendas de Granada\",\"item\":\"https:\\\/\\\/www.inmsol.com\\\/es\\\/category\\\/blog-escuela\\\/leyendas-granada\\\/\"},{\"@type\":\"ListItem\",\"position\":4,\"name\":\"Las leyendas de Granada: tres historias que no conoc\u00edas de esta ciudad\"}]},{\"@type\":\"WebSite\",\"@id\":\"https:\\\/\\\/www.inmsol.com\\\/es\\\/#website\",\"url\":\"https:\\\/\\\/www.inmsol.com\\\/es\\\/\",\"name\":\"iNMSOL\",\"description\":\"Aprenda Espa\u00f1ol con iNMSOL en Granada | Centro Acreditado por el Instituto Cervantes\",\"publisher\":{\"@id\":\"https:\\\/\\\/www.inmsol.com\\\/es\\\/#organization\"},\"potentialAction\":[{\"@type\":\"SearchAction\",\"target\":{\"@type\":\"EntryPoint\",\"urlTemplate\":\"https:\\\/\\\/www.inmsol.com\\\/es\\\/?s={search_term_string}\"},\"query-input\":{\"@type\":\"PropertyValueSpecification\",\"valueRequired\":true,\"valueName\":\"search_term_string\"}}],\"inLanguage\":\"es\"},{\"@type\":\"Organization\",\"@id\":\"https:\\\/\\\/www.inmsol.com\\\/es\\\/#organization\",\"name\":\"Instituto Mediterr\u00e1neo Sol\",\"url\":\"https:\\\/\\\/www.inmsol.com\\\/es\\\/\",\"logo\":{\"@type\":\"ImageObject\",\"inLanguage\":\"es\",\"@id\":\"https:\\\/\\\/www.inmsol.com\\\/es\\\/#\\\/schema\\\/logo\\\/image\\\/\",\"url\":\"https:\\\/\\\/www.inmsol.com\\\/wp-content\\\/uploads\\\/2023\\\/06\\\/logo-inmsol-1.png\",\"contentUrl\":\"https:\\\/\\\/www.inmsol.com\\\/wp-content\\\/uploads\\\/2023\\\/06\\\/logo-inmsol-1.png\",\"width\":136,\"height\":73,\"caption\":\"Instituto Mediterr\u00e1neo Sol\"},\"image\":{\"@id\":\"https:\\\/\\\/www.inmsol.com\\\/es\\\/#\\\/schema\\\/logo\\\/image\\\/\"},\"sameAs\":[\"https:\\\/\\\/www.facebook.com\\\/spanishcourses\",\"https:\\\/\\\/x.com\\\/StudyInGranada\",\"http:\\\/\\\/instagram.com\\\/imsolgranada\",\"https:\\\/\\\/es.linkedin.com\\\/company\\\/imsol-granada\",\"https:\\\/\\\/www.pinterest.es\\\/inmsol\\\/\",\"https:\\\/\\\/www.youtube.com\\\/channel\\\/UChz-Qn_7coFMosY85iYMO4g\"]},{\"@type\":\"Person\",\"@id\":\"https:\\\/\\\/www.inmsol.com\\\/es\\\/#\\\/schema\\\/person\\\/d041a9956283741a6ed56e0530eb28b5\",\"name\":\"Rocio Mart\u00ednez\",\"image\":{\"@type\":\"ImageObject\",\"inLanguage\":\"es\",\"@id\":\"https:\\\/\\\/secure.gravatar.com\\\/avatar\\\/95b9b0d999ef55a048952ade325bea9ee664237dc576277e59c3cc8fc6ea1123?s=96&d=mm&r=g\",\"url\":\"https:\\\/\\\/secure.gravatar.com\\\/avatar\\\/95b9b0d999ef55a048952ade325bea9ee664237dc576277e59c3cc8fc6ea1123?s=96&d=mm&r=g\",\"contentUrl\":\"https:\\\/\\\/secure.gravatar.com\\\/avatar\\\/95b9b0d999ef55a048952ade325bea9ee664237dc576277e59c3cc8fc6ea1123?s=96&d=mm&r=g\",\"caption\":\"Rocio Mart\u00ednez\"},\"url\":\"https:\\\/\\\/www.inmsol.com\\\/es\\\/author\\\/secretaria\\\/\"}]}<\/script>\n<!-- \/ Yoast SEO plugin. -->","yoast_head_json":{"title":"Las leyendas de Granada: tres historias que no conoc\u00edas de esta ciudad &#8226; iNMSOL","description":"Las leyendas de Granada: tres historias que no conoc\u00edas de esta ciudad.","robots":{"index":"index","follow":"follow","max-snippet":"max-snippet:-1","max-image-preview":"max-image-preview:large","max-video-preview":"max-video-preview:-1"},"canonical":"https:\/\/www.inmsol.com\/es\/blog-escuela\/leyendas-granada\/las-leyendas-de-granada-tres-historias-que-no-conocias-de-esta-ciudad\/","og_locale":"es_ES","og_type":"article","og_title":"Las leyendas de Granada: tres historias que no conoc\u00edas de esta ciudad &#8226; iNMSOL","og_description":"Las leyendas de Granada: tres historias que no conoc\u00edas de esta ciudad.","og_url":"https:\/\/www.inmsol.com\/es\/blog-escuela\/leyendas-granada\/las-leyendas-de-granada-tres-historias-que-no-conocias-de-esta-ciudad\/","og_site_name":"iNMSOL","article_publisher":"https:\/\/www.facebook.com\/spanishcourses","article_published_time":"2022-07-25T07:43:22+00:00","article_modified_time":"2022-07-26T11:16:36+00:00","og_image":[{"width":580,"height":435,"url":"https:\/\/www.inmsol.com\/wp-content\/uploads\/2022\/07\/Boabdil-Alfred-Dehodencq1.jpg","type":"image\/jpeg"}],"author":"Rocio Mart\u00ednez","twitter_misc":{"Escrito por":"Rocio Mart\u00ednez","Tiempo de lectura":"4 minutos"},"schema":{"@context":"https:\/\/schema.org","@graph":[{"@type":"Article","@id":"https:\/\/www.inmsol.com\/es\/blog-escuela\/leyendas-granada\/las-leyendas-de-granada-tres-historias-que-no-conocias-de-esta-ciudad\/#article","isPartOf":{"@id":"https:\/\/www.inmsol.com\/es\/blog-escuela\/leyendas-granada\/las-leyendas-de-granada-tres-historias-que-no-conocias-de-esta-ciudad\/"},"author":{"name":"Rocio Mart\u00ednez","@id":"https:\/\/www.inmsol.com\/es\/#\/schema\/person\/d041a9956283741a6ed56e0530eb28b5"},"headline":"Las leyendas de Granada: tres historias que no conoc\u00edas de esta ciudad","datePublished":"2022-07-25T07:43:22+00:00","dateModified":"2022-07-26T11:16:36+00:00","mainEntityOfPage":{"@id":"https:\/\/www.inmsol.com\/es\/blog-escuela\/leyendas-granada\/las-leyendas-de-granada-tres-historias-que-no-conocias-de-esta-ciudad\/"},"wordCount":689,"commentCount":1,"publisher":{"@id":"https:\/\/www.inmsol.com\/es\/#organization"},"image":{"@id":"https:\/\/www.inmsol.com\/es\/blog-escuela\/leyendas-granada\/las-leyendas-de-granada-tres-historias-que-no-conocias-de-esta-ciudad\/#primaryimage"},"thumbnailUrl":"https:\/\/www.inmsol.com\/wp-content\/uploads\/2022\/07\/Boabdil-Alfred-Dehodencq1.jpg","articleSection":["Leyendas de Granada"],"inLanguage":"es","potentialAction":[{"@type":"CommentAction","name":"Comment","target":["https:\/\/www.inmsol.com\/es\/blog-escuela\/leyendas-granada\/las-leyendas-de-granada-tres-historias-que-no-conocias-de-esta-ciudad\/#respond"]}]},{"@type":"WebPage","@id":"https:\/\/www.inmsol.com\/es\/blog-escuela\/leyendas-granada\/las-leyendas-de-granada-tres-historias-que-no-conocias-de-esta-ciudad\/","url":"https:\/\/www.inmsol.com\/es\/blog-escuela\/leyendas-granada\/las-leyendas-de-granada-tres-historias-que-no-conocias-de-esta-ciudad\/","name":"Las leyendas de Granada: tres historias que no conoc\u00edas de esta ciudad &#8226; iNMSOL","isPartOf":{"@id":"https:\/\/www.inmsol.com\/es\/#website"},"primaryImageOfPage":{"@id":"https:\/\/www.inmsol.com\/es\/blog-escuela\/leyendas-granada\/las-leyendas-de-granada-tres-historias-que-no-conocias-de-esta-ciudad\/#primaryimage"},"image":{"@id":"https:\/\/www.inmsol.com\/es\/blog-escuela\/leyendas-granada\/las-leyendas-de-granada-tres-historias-que-no-conocias-de-esta-ciudad\/#primaryimage"},"thumbnailUrl":"https:\/\/www.inmsol.com\/wp-content\/uploads\/2022\/07\/Boabdil-Alfred-Dehodencq1.jpg","datePublished":"2022-07-25T07:43:22+00:00","dateModified":"2022-07-26T11:16:36+00:00","description":"Las leyendas de Granada: tres historias que no conoc\u00edas de esta ciudad.","breadcrumb":{"@id":"https:\/\/www.inmsol.com\/es\/blog-escuela\/leyendas-granada\/las-leyendas-de-granada-tres-historias-que-no-conocias-de-esta-ciudad\/#breadcrumb"},"inLanguage":"es","potentialAction":[{"@type":"ReadAction","target":["https:\/\/www.inmsol.com\/es\/blog-escuela\/leyendas-granada\/las-leyendas-de-granada-tres-historias-que-no-conocias-de-esta-ciudad\/"]}]},{"@type":"ImageObject","inLanguage":"es","@id":"https:\/\/www.inmsol.com\/es\/blog-escuela\/leyendas-granada\/las-leyendas-de-granada-tres-historias-que-no-conocias-de-esta-ciudad\/#primaryimage","url":"https:\/\/www.inmsol.com\/wp-content\/uploads\/2022\/07\/Boabdil-Alfred-Dehodencq1.jpg","contentUrl":"https:\/\/www.inmsol.com\/wp-content\/uploads\/2022\/07\/Boabdil-Alfred-Dehodencq1.jpg","width":580,"height":435},{"@type":"BreadcrumbList","@id":"https:\/\/www.inmsol.com\/es\/blog-escuela\/leyendas-granada\/las-leyendas-de-granada-tres-historias-que-no-conocias-de-esta-ciudad\/#breadcrumb","itemListElement":[{"@type":"ListItem","position":1,"name":"Accredited Center by Instituto Cervantes","item":"https:\/\/www.inmsol.com\/es\/pagina-ejemplo\/"},{"@type":"ListItem","position":2,"name":"Blog Escuela Espa\u00f1ol","item":"https:\/\/www.inmsol.com\/es\/category\/blog-escuela\/"},{"@type":"ListItem","position":3,"name":"Leyendas de Granada","item":"https:\/\/www.inmsol.com\/es\/category\/blog-escuela\/leyendas-granada\/"},{"@type":"ListItem","position":4,"name":"Las leyendas de Granada: tres historias que no conoc\u00edas de esta ciudad"}]},{"@type":"WebSite","@id":"https:\/\/www.inmsol.com\/es\/#website","url":"https:\/\/www.inmsol.com\/es\/","name":"iNMSOL","description":"Aprenda Espa\u00f1ol con iNMSOL en Granada | Centro Acreditado por el Instituto Cervantes","publisher":{"@id":"https:\/\/www.inmsol.com\/es\/#organization"},"potentialAction":[{"@type":"SearchAction","target":{"@type":"EntryPoint","urlTemplate":"https:\/\/www.inmsol.com\/es\/?s={search_term_string}"},"query-input":{"@type":"PropertyValueSpecification","valueRequired":true,"valueName":"search_term_string"}}],"inLanguage":"es"},{"@type":"Organization","@id":"https:\/\/www.inmsol.com\/es\/#organization","name":"Instituto Mediterr\u00e1neo Sol","url":"https:\/\/www.inmsol.com\/es\/","logo":{"@type":"ImageObject","inLanguage":"es","@id":"https:\/\/www.inmsol.com\/es\/#\/schema\/logo\/image\/","url":"https:\/\/www.inmsol.com\/wp-content\/uploads\/2023\/06\/logo-inmsol-1.png","contentUrl":"https:\/\/www.inmsol.com\/wp-content\/uploads\/2023\/06\/logo-inmsol-1.png","width":136,"height":73,"caption":"Instituto Mediterr\u00e1neo Sol"},"image":{"@id":"https:\/\/www.inmsol.com\/es\/#\/schema\/logo\/image\/"},"sameAs":["https:\/\/www.facebook.com\/spanishcourses","https:\/\/x.com\/StudyInGranada","http:\/\/instagram.com\/imsolgranada","https:\/\/es.linkedin.com\/company\/imsol-granada","https:\/\/www.pinterest.es\/inmsol\/","https:\/\/www.youtube.com\/channel\/UChz-Qn_7coFMosY85iYMO4g"]},{"@type":"Person","@id":"https:\/\/www.inmsol.com\/es\/#\/schema\/person\/d041a9956283741a6ed56e0530eb28b5","name":"Rocio Mart\u00ednez","image":{"@type":"ImageObject","inLanguage":"es","@id":"https:\/\/secure.gravatar.com\/avatar\/95b9b0d999ef55a048952ade325bea9ee664237dc576277e59c3cc8fc6ea1123?s=96&d=mm&r=g","url":"https:\/\/secure.gravatar.com\/avatar\/95b9b0d999ef55a048952ade325bea9ee664237dc576277e59c3cc8fc6ea1123?s=96&d=mm&r=g","contentUrl":"https:\/\/secure.gravatar.com\/avatar\/95b9b0d999ef55a048952ade325bea9ee664237dc576277e59c3cc8fc6ea1123?s=96&d=mm&r=g","caption":"Rocio Mart\u00ednez"},"url":"https:\/\/www.inmsol.com\/es\/author\/secretaria\/"}]}},"_links":{"self":[{"href":"https:\/\/www.inmsol.com\/es\/wp-json\/wp\/v2\/posts\/61435","targetHints":{"allow":["GET"]}}],"collection":[{"href":"https:\/\/www.inmsol.com\/es\/wp-json\/wp\/v2\/posts"}],"about":[{"href":"https:\/\/www.inmsol.com\/es\/wp-json\/wp\/v2\/types\/post"}],"author":[{"embeddable":true,"href":"https:\/\/www.inmsol.com\/es\/wp-json\/wp\/v2\/users\/31"}],"replies":[{"embeddable":true,"href":"https:\/\/www.inmsol.com\/es\/wp-json\/wp\/v2\/comments?post=61435"}],"version-history":[{"count":0,"href":"https:\/\/www.inmsol.com\/es\/wp-json\/wp\/v2\/posts\/61435\/revisions"}],"wp:featuredmedia":[{"embeddable":true,"href":"https:\/\/www.inmsol.com\/es\/wp-json\/wp\/v2\/media\/62288"}],"wp:attachment":[{"href":"https:\/\/www.inmsol.com\/es\/wp-json\/wp\/v2\/media?parent=61435"}],"wp:term":[{"taxonomy":"category","embeddable":true,"href":"https:\/\/www.inmsol.com\/es\/wp-json\/wp\/v2\/categories?post=61435"},{"taxonomy":"post_tag","embeddable":true,"href":"https:\/\/www.inmsol.com\/es\/wp-json\/wp\/v2\/tags?post=61435"}],"curies":[{"name":"wp","href":"https:\/\/api.w.org\/{rel}","templated":true}]}}