{"id":627,"date":"2011-01-27T13:10:28","date_gmt":"2011-01-27T12:10:28","guid":{"rendered":"https:\/\/www.inmsol.com\/"},"modified":"2019-04-24T00:21:12","modified_gmt":"2019-04-23T22:21:12","slug":"programacion-cultural-ayuntamiento-de-granada-febrero-2011","status":"publish","type":"post","link":"https:\/\/www.inmsol.com\/es\/blog-escuela\/eventos-granada\/programacion-cultural-ayuntamiento-de-granada-febrero-2011\/","title":{"rendered":"Programaci\u00f3n cultural ayuntamiento de Granada, Febrero 2011"},"content":{"rendered":"<p>Hasta el d\u00eda 13<\/p>\n<p>Exposici\u00f3n \u201cALREDEDOR DE LA HUELLA, INFINITO INSTANTE\u201d de IGNACIO ANTONIO S\u00c1NCHEZ ALHAMA<\/p>\n<p>Lugar: Sala de Exposiciones \u201cGran Capit\u00e1n\u201d<\/p>\n<p>de martes a s\u00e1bado de 17\u201900 a 21\u201930<\/p>\n<p>domingo de 10\u201900 a 14\u201900<\/p>\n<p>lunes cerrado<\/p>\n<p>D\u00eda 2, mi\u00e9rcoles<\/p>\n<p>BANDA MUNICIPAL DE M\u00daSICA Y EL CORO DE LA HERMANDAD DEL ROCIO<\/p>\n<p>III CONCIERTO DE SEMENA SANTA DE LA ASOCIACI\u00d3N DE MUJERES COFRADES<\/p>\n<p>Lugar: Teatro Municipal \u201cIsabel la Cat\u00f3lica\u201d<\/p>\n<p>Hora: 20&#8217;30<\/p>\n<p>D\u00eda 3, jueves<\/p>\n<p>ENTREGA DE HONORES Y DISTINCIONES DE LA CIUDAD<\/p>\n<p>Lugar: Teatro Municipal \u201cIsabel la Cat\u00f3lica\u201d<\/p>\n<p>Hora: 20&#8217;00<\/p>\n<p>D\u00edas 4 y 5, viernes y s\u00e1bado<\/p>\n<p>Obra de teatro \u201cBRUJAS\u201d dirigida por Manuel Galiana e interpretada por Arancha del Sol, Juncal Rivero, Lara Dibildos, Cristina Goyanes y Marina Lozano<\/p>\n<p>Lugar: Teatro Municipal \u201cIsabel la Cat\u00f3lica\u201d<\/p>\n<p>Hora: d\u00eda 4 a las 21\u201900<\/p>\n<p>d\u00eda 5 a las 19\u201900 y 22\u201900<\/p>\n<p>D\u00eda 4, viernes<\/p>\n<p>ORQUESTA CIUDAD DE GRANADA<\/p>\n<p>EXTRAORDINARIO 2<\/p>\n<p>Lugar: Auditorio \u201cManuel de Falla\u201d<\/p>\n<p>Hora: 20\u201930<\/p>\n<p>D\u00eda 5 , s\u00e1bado<\/p>\n<p>PATRIMONIO FLAMENCO INVIERNO PRIMAVERA 2011<\/p>\n<p>JAIME \u201cEL PARR\u00d3N\u201d. Cuadro Flamenco<\/p>\n<p>Lugar: Teatro Municipal \u201cLa Chumbera\u201d<\/p>\n<p>Hora: 21\u201930<\/p>\n<p>D\u00eda 6, domingo<\/p>\n<p>GRANADA TEL\u00d3N ABIERTO<\/p>\n<p>Compa\u00f1\u00eda \u00abEL HOMBRE TRANQUILO PRODUCCIONES\u00bb<\/p>\n<p>Obra \u201cPijamita de Madera\u201d<\/p>\n<p>Lugar: Teatro Municipal \u00abIsabel la Cat\u00f3lica\u00bb<\/p>\n<p>Hora: 20\u201930<\/p>\n<p>D\u00eda 6, domingo<\/p>\n<p>FESTIVIDAD DE SAN CECILIO<\/p>\n<p>10\u201930 h. Reparto de viandas tradicionales en la explanada situada bajo la Abad\u00eda<\/p>\n<p>12\u201900 h. Solemne funci\u00f3n religiosa con la intervenci\u00f3n de la Banda Municipal de M\u00fasica<\/p>\n<p>12\u201930 h. Actuaci\u00f3n del Grupo Municipal de Bailes Regionales<\/p>\n<p>13\u201915 h. Actuaci\u00f3n del Grupo de Bailes de la A.V.V.<\/p>\n<p>14\u201900 h. Actuaci\u00f3n del Grupo de Bailes de la A.V.V.<\/p>\n<p>Lugar: Abad\u00eda del Sacromonte<\/p>\n<p>D\u00eda 9, mi\u00e9rcoles<\/p>\n<p>XXVIII FESTIVAL JUVENIL EUROPEO DE TEATRO GRECOLATINO<\/p>\n<p>Grupo \u00abP\u00e1rodos\u00bb del I.E.S. \u00abSiberia Extreme\u00f1a\u00bb de Talarrubias -Badajoz<\/p>\n<p>Obra: Electra de S\u00f3focles<\/p>\n<p>Hora: 10&#8217;00<\/p>\n<p>Obra: C\u00e1sina de Plauto<\/p>\n<p>Hora: 12&#8217;30<\/p>\n<p>Lugar: Teatro Municipal \u00abIsabel la Cat\u00f3lica\u00bb<\/p>\n<p>D\u00eda 10, jueves<\/p>\n<p>XXVIII FESTIVAL JUVENIL EUROPEO DE TEATRO GRECOLATINO<\/p>\n<p>Grupo \u00abEl Aedo Teatro\u00bb de El Puerto de Santa Mar\u00eda -C\u00e1diz-<\/p>\n<p>Obra: Medea de Eur\u00edpides<\/p>\n<p>Hora: 10&#8217;00<\/p>\n<p>Obra: Poenulus de Plauto<\/p>\n<p>Hora: 12&#8217;30<\/p>\n<p>Lugar: Teatro Municipal \u00abIsabel la Cat\u00f3lica\u00bb<\/p>\n<p>D\u00edas 11, 12 y 13, viernes, s\u00e1bado y domingo<\/p>\n<p>Obra \u00abKARAOKE\u00bb con Juanjo Artero, Neus Asensi entre otros<\/p>\n<p>Lugar: Teatro Municipal \u00abIsabel la Cat\u00f3lica\u00bb<\/p>\n<p>Hora: d\u00eda 11 a las 21&#8217;00<\/p>\n<p>d\u00eda 12 a las 19&#8217;00 y 22&#8217;00<\/p>\n<p>d\u00eda 13 a las 19&#8217;00<\/p>\n<p>D\u00eda 11, viernes<\/p>\n<p>CICLO \u201cM\u00daSICA EN 360 GRADOS\u201d<\/p>\n<p>A DETERMINAR<\/p>\n<p>Lugar: Auditorio \u201cManuel de Falla\u201d<\/p>\n<p>Hora: 21\u201900<\/p>\n<p>D\u00eda 12, s\u00e1bado<\/p>\n<p>HOMENAJE A FRANZ LISZT EN EL BICENTENARIO DE SU NACIMIENTO<\/p>\n<p>DOMENICO CODISPOTI, piano<\/p>\n<p>Lugar: Auditorio \u201cManuel de Falla\u201d<\/p>\n<p>Hora: 20\u201930<\/p>\n<p>D\u00eda 12, s\u00e1bado<\/p>\n<p>PATRIMONIO FLAMENCO INVIERNO PRIMAVERA 2011<\/p>\n<p>JUDIT Y PATRICIA URBANO. Cuadro Flamenco<\/p>\n<p>Lugar: Teatro Municipal \u201cLa Chumbera\u201d<\/p>\n<p>Hora: 21\u201930<\/p>\n<p>D\u00eda 13, domingo<\/p>\n<p>ORQUESTA CIUDAD DE GRANADA<\/p>\n<p>CONCIERTO FAMILIAR 2<\/p>\n<p>Lugar: Auditorio \u201cManuel de Falla\u201d<\/p>\n<p>Hora: 12\u201900<\/p>\n<p>D\u00edas 15 y 16 , martes y mi\u00e9rcoles<\/p>\n<p>GARC\u00cdA LORCA TEATRO<\/p>\n<p>\u201cBODAS DE SANGRE\u201d, Federico Garc\u00eda Lorca<\/p>\n<p>Funciones Escolares<\/p>\n<p>Lugar: Teatro Jos\u00e9 Tamayo<\/p>\n<p>Hora: 10\u201900 y 12\u201900<\/p>\n<p>Del 15 de febrero al 6 de marzo<\/p>\n<p>III EDICI\u00d3N DEL FESTIVAL INTERNACIONAL DE CINE<\/p>\n<p>\u201cLAMINAS IN\u00c9DITAS DE CINE CL\u00c1SICO DE 1930 A 1935\u201d<\/p>\n<p>Lugar: Sala de Exposiciones del Auditorio \u201cManuel de Falla\u201d<\/p>\n<p>Horario: de 8\u201900 a 20\u201900 d\u00edas laborables y durante los eventos del Auditorio<\/p>\n<p>D\u00eda 18, viernes<\/p>\n<p>ORQUESTA CIDUAD DE GRANADA<\/p>\n<p>EXTRAORDINARIO 3<\/p>\n<p>Lugar: Auditorio \u201cManuel de Falla\u201d<\/p>\n<p>Hora: 20\u201930<\/p>\n<p>Del 18 al 27 de febrero<\/p>\n<p>III EDICI\u00d3N DEL FESTIVAL INTERNACIONAL DE CINE<\/p>\n<p>CL\u00c1SICO DE GRANADA<\/p>\n<p>Del 18 de febrero al 3 de abril<\/p>\n<p>III EDICI\u00d3N DEL FESTIVAL INTERNACIONAL DE CINE<\/p>\n<p>Exposici\u00f3n \u201cMARILYN, MAS ALL\u00c1 DEL MITO\u201d<\/p>\n<p>Lugar: Sala de exposiciones temporales del C. Cultural Cajagranada \u201cMemoria de Andaluc\u00eda.<\/p>\n<p>Horario: de martes a s\u00e1bado de 12\u201900 a 14\u201900 y de 17\u201900 a 20\u201900<\/p>\n<p>domingos de 11\u201900 a 15\u201900<\/p>\n<p>lunes cerrado<\/p>\n<p>Del 18 de febrero al 2 de abril<\/p>\n<p>III EDICI\u00d3N DEL FESTIVAL INTERNACIONAL DE CINE<\/p>\n<p>Exposici\u00f3n \u201cDE NORMA JEANE A MARILYN MONRROE. SUS RECUERDOS PRIVADOS\u201d<\/p>\n<p>Lugar: Sala de exposiciones Fundaci\u00f3n Caja Rural, Edf. Zaida<\/p>\n<p>Horario: de lunes a domingo de 11\u201900 a 14\u201900 y de 18\u201900 a 21\u201900<\/p>\n<p>Excepto domingos por la tarde<\/p>\n<p>Del 18 al 27 de febrero<\/p>\n<p>III EDICI\u00d3N DEL FESTIVAL INTERNACIONAL DE CINE<\/p>\n<p>Exposici\u00f3n urbana \u201cCONSTELACI\u00d3N MARILYN\u201d<\/p>\n<p>Lugar: Carrera de la Virgen<\/p>\n<p>Del 18 al 27 de febrero<\/p>\n<p>III EDICI\u00d3N DEL FESTIVAL INTERNACIONAL DE CINE<\/p>\n<p>Exposici\u00f3n \u201cVESTIDOS DE SUSANA POYATOS\u201d<\/p>\n<p>Lugar: Hall del Teatro Municipal \u201cIsabel la Cat\u00f3lica\u201d<\/p>\n<p>D\u00eda 18, viernes<\/p>\n<p>III FESTIVAL INTERNACIONAL DE CINE CL\u00c1SICO<\/p>\n<p>PRE-INAUGURACI\u00d3N<\/p>\n<p>A cargo de la compa\u00f1\u00eda \u00abTEATRO PARA UN INSTANTE\u00bb<\/p>\n<p>Lugar: Caf\u00e9 Aliatar<\/p>\n<p>Hora: 20&#8217;30<\/p>\n<p>D\u00eda 19, s\u00e1bado<\/p>\n<p>III FESTIVAL INTERNACIONAL DE CINE CL\u00c1SICO<\/p>\n<p>INAUGURACI\u00d3N<\/p>\n<p>Actuaci\u00f3n del SEXTETO RETROBACK<\/p>\n<p>Lugar: Teatro Municipal \u00abIsabel la Cat\u00f3lica\u00bb<\/p>\n<p>Hora: 20&#8217;00<\/p>\n<p>D\u00eda 19 , s\u00e1bado<\/p>\n<p>PATRIMONIO FLAMENCO INVIERNO PRIMAVERA 2011<\/p>\n<p>LUQUI LOZADA, CARLOS Y DAVID DE JACOBA. Cuadro Flamenco.<\/p>\n<p>Lugar: Teatro Municipal \u201cLa Chumbera\u201d<\/p>\n<p>Hora: 21\u201930<\/p>\n<p>D\u00eda 19, s\u00e1bado<\/p>\n<p>HOMENAJE AL MAESTRO FAUS<\/p>\n<p>BANDA MUNICIPAL DE M\u00daSICA<\/p>\n<p>Lugar: Auditorio \u201cManuel de Falla\u201d<\/p>\n<p>Hora: 20\u201930<\/p>\n<p>D\u00eda 20, domingo<\/p>\n<p>III FESTIVAL INTERNACIONAL DE CINE CL\u00c1SICO<\/p>\n<p>17&#8217;00 EL GENDARME DE ST. TROPEZ<\/p>\n<p>19&#8217;30 FURTIVOS<\/p>\n<p>EN EL RIO<\/p>\n<p>22&#8217;00 LA TENTACI\u00d3N VIVE ARRIBA<\/p>\n<p>Lugar: Teatro Municipal \u00abIsabel la Cat\u00f3lica\u00bb<\/p>\n<p>17&#8217;00 EL PRINCIPE Y LA CORISTA<\/p>\n<p>19&#8217;30 PLANETA PROHIBIDO<\/p>\n<p>22&#8217;00 CORAZONADA<\/p>\n<p>Lugar: Cinema 2000 Sala 2<\/p>\n<p>16&#8217;45 GRITOS Y SUSURROS<\/p>\n<p>19&#8217;15 MATAR UN RUISE\u00d1OR<\/p>\n<p>21&#8217;45 EL H\u00c9ROE SOLITARIO<\/p>\n<p>Lugar: Cinema 2000 Sala 8<\/p>\n<p>D\u00eda 20, domingo<\/p>\n<p>OTO\u00d1O MUSICAL<\/p>\n<p>UNA HORA DE C\u00c1MARA. V CONCIERTO DE C\u00c1MARA<\/p>\n<p>UNA HORA CON SHOSTAK\u00d3VICH<\/p>\n<p>Lugar: Auditorio \u201cManuel de Falla\u201d<\/p>\n<p>Hora: 12\u201900<\/p>\n<p>Del 21 al 26, lunes a s\u00e1bado<\/p>\n<p>III FESTIVAL INTERNACIONAL DE CINE CL\u00c1SICO<\/p>\n<p>ACTUACI\u00d3N DE LA BANDA DE JAZZ \u201cSEXTETO RETROBACK\u201d<\/p>\n<p>Lugar: Caf\u00e9 Aliatar<\/p>\n<p>Hora: 22\u201900<\/p>\n<p>D\u00eda 21, lunes<\/p>\n<p>III FESTIVAL INTERNACIONAL DE CINE CL\u00c1SICO<\/p>\n<p>18&#8217;30 FANTOMAS<\/p>\n<p>21&#8217;00 NIAGARA<\/p>\n<p>Lugar: Teatro Municipal \u00abIsabel la Cat\u00f3lica\u00bb<\/p>\n<p>19&#8217;30 KING KONG<\/p>\n<p>22&#8217;00 TEL\u00c9FONO ROJO, VOLAMOS HACIA MOSC\u00da<\/p>\n<p>Lugar: Cinema 2000 Sala 2<\/p>\n<p>16&#8217;45 HAY QUE MATAR A B<\/p>\n<p>19&#8217;15 EL CUERVO<\/p>\n<p>21&#8217;45 ALGUI\u00c9N VOL\u00d3 SOBRE EL NIDO DEL CUCO<\/p>\n<p>Lugar: Cinema 2000 Sala 8<\/p>\n<p>18&#8217;00 LOS AMANTES<\/p>\n<p>Lugar: Palacio de los Condes de Gabia<\/p>\n<p>D\u00eda 21, lunes<\/p>\n<p>III FESTIVAL INTERNACIONAL DE CINE CL\u00c1SICO<\/p>\n<p>Presentaci\u00f3n de libros y conferencias<\/p>\n<p>\u201cCINE MUDO ESPA\u00d1OL 1896-1920\u201d presentado por su autor Jos\u00e9 Antonio Bello, historiador e investigador.<\/p>\n<p>Lugar: Sala de Exposiciones temporales del Centro Cultural CajaGRANADA \u201cMemoria de Andaluc\u00eda\u201d<\/p>\n<p>Hora: 18\u201930<\/p>\n<p>D\u00eda 22, martes<\/p>\n<p>III FESTIVAL INTERNACIONAL DE CINE CL\u00c1SICO<\/p>\n<p>18&#8217;30 HIBERNATUS<\/p>\n<p>21&#8217;00 CON FALDAS Y A LO LOCO<\/p>\n<p>Lugar: Teatro Municipal \u00abIsabel la Cat\u00f3lica\u00bb<\/p>\n<p>19&#8217;30 EL EXPERIMENTO DEL DR. QUATERMASS<\/p>\n<p>22&#8217;00 VIDAS REBELDES<\/p>\n<p>Lugar: Cinema 2000 Sala 2<\/p>\n<p>16&#8217;45 RIO ABAJO<\/p>\n<p>19&#8217;15 EL VUELO DEL FENIX<\/p>\n<p>21&#8217;45 EL TRIUNFO DE UN HOMBRE LLAMADO CABALLO<\/p>\n<p>Lugar: Cinema 2000 Sala 8<\/p>\n<p>18&#8217;00 EL SOPLO AL CORAZ\u00d3N<\/p>\n<p>Lugar: Palacio de los Condes de Gabia<\/p>\n<p>20&#8217;30 EL SOPLO AL CORAZ\u00d3N<\/p>\n<p>Lugar: Filmoteca de Andaluc\u00eda<\/p>\n<p>D\u00eda 23, mi\u00e9rcoles<\/p>\n<p>III FESTIVAL INTERNACIONAL DE CINE CL\u00c1SICO<\/p>\n<p>18&#8217;30 JO, UN CADAVER REVOLTOSO<\/p>\n<p>21&#8217;00 EL MULTIMILLONARIO<\/p>\n<p>Lugar: Teatro Municipal \u00abIsabel la Cat\u00f3lica\u00bb<\/p>\n<p>19&#8217;30 NIAGARA<\/p>\n<p>22&#8217;00 EL HOMBRE QUE TEN\u00cdA RAYOS X EN LOS OJOS<\/p>\n<p>Lugar: Cinema 2000 Sala 2<\/p>\n<p>16&#8217;45 TATA M\u00cdA<\/p>\n<p>19&#8217;15 UN DIA EN NUEVA YORK<\/p>\n<p>21&#8217;45 D\u00cdA DE PERROS<\/p>\n<p>Lugar: Cinema 2000 Sala 8<\/p>\n<p>18&#8217;00 FUEGO FATUO<\/p>\n<p>Lugar: Palacio de los Condes de Gabia<\/p>\n<p>20&#8217;30 EL QUINTETO DE LA MUERTE<\/p>\n<p>Lugar: Filmoteca de Andaluc\u00eda<\/p>\n<p>Del 24 de febrero al 20 de marzo<\/p>\n<p>Exposici\u00f3n de Pintura de ALEJANDRO HERMANN<\/p>\n<p>Lugar: Sala de exposiciones \u00abGran Capit\u00e1n\u00bb<\/p>\n<p>Horario: de martes a sabados de 17&#8217;00 a 21&#8217;30<\/p>\n<p>domingos de 10&#8217;00 a 14&#8217;00<\/p>\n<p>lunes, cerrado<\/p>\n<p>D\u00eda 24, jueves<\/p>\n<p>III FESTIVAL INTERNACIONAL DE CINE CL\u00c1SICO<\/p>\n<p>Presentaci\u00f3n de libros y conferencias<\/p>\n<p>T\u00edtulo \u201cMARILYN MONRROE, FRAGMENTOS\u201d a cargo de Felipe Calera, coleccionista y autor del blog \u201cPalacio del Cine\u201d.<\/p>\n<p>Seguidamente la conferencia \u201cLA INFLUENCIA DE MARILYN EN EL DISE\u00d1O GR\u00c1FICO DE LAS \u00daLTIMAS D\u00c9CADAS\u201d a cargo de Carlos S\u00e1nchez, Coordinador del \u00e1rea de dise\u00f1o de la Escuela de Arte Granada. Empresa Estaci\u00f3n Dise\u00f1o.<\/p>\n<p>Lugar: Sala de Exposiciones temporales del Centro Cultural CajaGRANADA \u201cMemoria de Andaluc\u00eda\u201d<\/p>\n<p>Hora: 18\u201900<\/p>\n<p>D\u00eda 24, jueves<\/p>\n<p>III FESTIVAL INTERNACIONAL DE CINE CL\u00c1SICO<\/p>\n<p>18&#8217;30 KING KONG<\/p>\n<p>21&#8217;00 BUS STOP<\/p>\n<p>Lugar: Teatro Municipal \u00abIsabel la Cat\u00f3lica\u00bb<\/p>\n<p>19&#8217;30 ENCUBRIDORA<\/p>\n<p>22&#8217;00 ALGUIEN VOLO SOBRE EL NIDO DEL CUCO<\/p>\n<p>Lugar: Cinema 2000 Sala 2<\/p>\n<p>16&#8217;45 CORAZONADA<\/p>\n<p>19&#8217;15 ESCRITO BAJO EL SOL<\/p>\n<p>21&#8217;45 PLANETA PROHIBIDO<\/p>\n<p>Lugar: Cinema 2000 Sala 8<\/p>\n<p>18&#8217;00 ASCENSOR PARA EL CADALSO<\/p>\n<p>Lugar: Palacio de los Condes de Gabia<\/p>\n<p>11&#8217;00 DUMBO<\/p>\n<p>Lugar: Centro Cultural Caja de Granada<\/p>\n<p>Pases concertados con centros educativos<\/p>\n<p>18&#8217;00 EL QUINTETO DE LA MUERTE<\/p>\n<p>Lugar: Filmoteca de Andaluc\u00eda<\/p>\n<p>D\u00eda 24, jueves<\/p>\n<p>III FESTIVAL INTERNACIONAL DE CINE CL\u00c1SICO<\/p>\n<p>\u201cMARILYN NO ES MONRROE\u201d TS, Compa\u00f1\u00eda de teatro Le\u00eddo<\/p>\n<p>Lugar: Isidoro Maiquez. Centro Cultural Cajagranada<\/p>\n<p>Hora: 20\u201900<\/p>\n<p>D\u00eda 25, viernes<\/p>\n<p>III FESTIVAL INTERNACIONAL DE CINE CL\u00c1SICO<\/p>\n<p>PRIMER CONCURSO DE COCTELER\u00cdA DE CINE<\/p>\n<p>Organiza Skal Granada<\/p>\n<p>Lugar: Hotel Trip Albayz\u00edn<\/p>\n<p>Hora: 20\u201900<\/p>\n<p>D\u00eda 2<\/p>\n<p>5 jueves<\/p>\n<p>III FESTIVAL INTERNACIONAL DE CINE CL\u00c1SICO<\/p>\n<p>Presentaci\u00f3n de libro y conferencias<\/p>\n<p>\u201cCINE MUDO ESPA\u00d1OL 1896-1920\u201d presentado por su autor Jos\u00e9 Antonio Bello, historiador e investigador. T\u00edtulo \u201cMARILYN MONRROE, FRAGMENTOS\u201d<\/p>\n<p>Lugar: Sala de Exposiciones temporales del Centro Cultural CajaGRANADA \u201cMemoria de Andaluc\u00eda\u201d<\/p>\n<p>Hora: 18\u201930<\/p>\n<p>D\u00eda 25, viernes<\/p>\n<p>III FESTIVAL INTERNACIONAL DE CINE CL\u00c1SICO<\/p>\n<p>18&#8217;30 VIDAS REBELDES<\/p>\n<p>21&#8217;00 LOS CABALLEROS LAS PREFIEREN RUBIAS<\/p>\n<p>Lugar: Teatro Municipal \u00abIsabel la Cat\u00f3lica\u00bb<\/p>\n<p>19&#8217;30 FURTIVOS<\/p>\n<p>22&#8217;00 JO, QUE NOCHE<\/p>\n<p>Lugar: Cinema 2000 Sala 2<\/p>\n<p>16&#8217;45 SOLO LOS \u00c1NGELES TIENEN ALAS<\/p>\n<p>19&#8217;15 BLOW-UP<\/p>\n<p>21&#8217;45 LA TENTACI\u00d3N VIVE ARRIBA<\/p>\n<p>Lugar: Cinema 2000 Sala 8<\/p>\n<p>18&#8217;00 ZAZI EN EL METRO<\/p>\n<p>Lugar: Palacio de los Condes de Gabia<\/p>\n<p>11&#8217;00 EL LIBRO DE LA SELVA<\/p>\n<p>Lugar: Centro Cultural Caja Granada<\/p>\n<p>Pases concertados con centros educativos<\/p>\n<p>20&#8217;30 LA GOLFA<\/p>\n<p>Lugar: Filmoteca de Andaluc\u00eda<\/p>\n<p>D\u00eda 25 viernes<\/p>\n<p>III FESTIVAL INTERNACIONAL DE CINE CL\u00c1SICO<\/p>\n<p>Presentaci\u00f3n de libros y conferencias<\/p>\n<p>\u201c\u00a1HARPO HABLA!\u201d A cargo de Juan de Dios Salas, Director del Club Universitario\/ Aula de cine del Centro de Cultura Contempor\u00e1nea de la Universidad de Granada<\/p>\n<p>Lugar: Sala de Exposiciones temporales del Centro Cultural CajaGRANADA \u201cMemoria de Andaluc\u00eda\u201d<\/p>\n<p>Hora: 12\u201900<\/p>\n<p>D\u00eda 25, viernes<\/p>\n<p>Concierto LUZ CASAL<\/p>\n<p>Lugar: Palacio de Congresos y Exposiciones<\/p>\n<p>Hora: 21&#8217;30<\/p>\n<p>D\u00eda 26, s\u00e1bado<\/p>\n<p>III FESTIVAL INTERNACIONAL DE C\u00cdNE CL\u00c1SICO<\/p>\n<p>17&#8217;00 OSCAR: UNA MALETA, DOS MALETAS, TRES MALETAS<\/p>\n<p>19&#8217;30 MATAR UN RUISE\u00d1OR<\/p>\n<p>22&#8217;00 UN D\u00cdA EN NUEVA YORK<\/p>\n<p>Lugar: Teatro Municipal \u00abIsabel la Cat\u00f3lica\u00bb<\/p>\n<p>19&#8217;30 VIAJE ALUCINANTE<\/p>\n<p>22&#8217;00 ROCKY HORROR PICTURE SHOW<\/p>\n<p>Con Animaci\u00f3n durante la proyecci\u00f3n a cargo de Producciones La seducci\u00f3n\u00bb.<\/p>\n<p>Lugar: Cinema 2000 Sala 2<\/p>\n<p>16&#8217;45 EL EXPERIMENTO DEL DR. QUATERMASS<\/p>\n<p>19&#8217;15 TEL\u00c9FONO ROJO, VOLAMOS HACIA MOSC\u00da<\/p>\n<p>21&#8217;45 QUE NOCHE LA DE AQUEL D\u00cdA<\/p>\n<p>Lugar: Cinema 2000 Sala 8<\/p>\n<p>D\u00eda 26, s\u00e1bado<\/p>\n<p>III FESTIVAL INTERNACIONAL DE C\u00cdNE CL\u00c1SICO<\/p>\n<p>CLAUSURA RETROBACK 2011<\/p>\n<p>CON REPERTORIO DE BANDAS SONORAS DE LA ORQUESTA CIUDAD DE GRANADA<\/p>\n<p>Lugar: Centro Cultural \u00abManuel de Falla\u00bb<\/p>\n<p>Hora: 20&#8217;00<\/p>\n<p>D\u00eda 26, s\u00e1bado<\/p>\n<p>PATRIMONIO FLAMENCO INVIERNO PRIMAVERA 2011<\/p>\n<p>PACO FLORIO. Cuadro Flamenco<\/p>\n<p>Lugar: Teatro Municipal \u201cLa Chumbera\u201d<\/p>\n<p>Hora: 21\u201930<\/p>\n<p>D\u00eda 27, domingo<\/p>\n<p>III FESTIVAL INTERNACIONAL DE C\u00cdNE CL\u00c1SICO<\/p>\n<p>17&#8217;00 EL H\u00c9ROE SOLITARIO<\/p>\n<p>19&#8217;30 LAS LOCAS AVENTURAS DE RABBI JACOB<\/p>\n<p>Lugar: Teatro Municipal \u00abIsabel la Cat\u00f3lica\u00bb<\/p>\n<p>19&#8217;30 CON FALDAS Y A LO LOCO<\/p>\n<p>22&#8217;00 BLADE RUNNER<\/p>\n<p>Lugar: Cinema 2000 Sala 2<\/p>\n<p>16&#8217;45 EL HOMBRE QUE TEN\u00cdA RAYOS X EN LOS OJOS<\/p>\n<p>19&#8217;15 MELOD\u00cdAS DE BRODWAY<\/p>\n<p>21&#8217;45 LOS CABALLEROS LAS PREFIEREN RUBIAS<\/p>\n<p>Lugar: Cinema 2000 Sala 8<\/p>\n<p>D\u00eda 28, lunes<\/p>\n<p>BANDA MUNICIPAL DE M\u00daSICA<\/p>\n<p>D\u00eda de Andaluc\u00eda \u201cANGEL BARRIOS\u201d<\/p>\n<p>Lugar: Teatro Municipal \u201cIsabel la Cat\u00f3lica\u201d<\/p>\n<p>Hora: 12\u201915<\/p>\n<p>D\u00eda 28, lunes<\/p>\n<p>BANDA MUNICIPAL DE M\u00daSICA<\/p>\n<p>D\u00eda de Andaluc\u00eda. Presentaci\u00f3n C.D. \u201cPASODOBLES TAURINOS\u201d<\/p>\n<p>Lugar: Teatro Municipal \u201cIsabel la Cat\u00f3lica\u201d<\/p>\n<p>Hora: 20\u201900<\/p>\n<div><\/div>\n","protected":false},"excerpt":{"rendered":"<p>Hasta el d\u00eda 13 Exposici\u00f3n \u201cALREDEDOR DE LA HUELLA, INFINITO INSTANTE\u201d de IGNACIO ANTONIO S\u00c1NCHEZ ALHAMA Lugar: Sala de Exposiciones \u201cGran Capit\u00e1n\u201d de martes a s\u00e1bado de 17\u201900 a 21\u201930 domingo de 10\u201900 a 14\u201900 lunes cerrado D\u00eda 2, mi\u00e9rcoles BANDA MUNICIPAL DE M\u00daSICA Y&#8230;<\/p>\n","protected":false},"author":2,"featured_media":0,"comment_status":"closed","ping_status":"closed","sticky":false,"template":"","format":"standard","meta":{"_acf_changed":false,"footnotes":""},"categories":[80],"tags":[],"class_list":["post-627","post","type-post","status-publish","format-standard","hentry","category-eventos-granada"],"acf":[],"yoast_head":"<!-- This site is optimized with the Yoast SEO plugin v27.5 - https:\/\/yoast.com\/product\/yoast-seo-wordpress\/ -->\n<title>Programaci\u00f3n cultural ayuntamiento de Granada | ocio y cultura | INMSOL<\/title>\n<meta name=\"description\" content=\"Programaci\u00f3n ayuntamiento de granada, febrero 2011\" \/>\n<meta name=\"robots\" content=\"index, follow, max-snippet:-1, max-image-preview:large, max-video-preview:-1\" \/>\n<link rel=\"canonical\" href=\"https:\/\/www.inmsol.com\/es\/blog-escuela\/eventos-granada\/programacion-cultural-ayuntamiento-de-granada-febrero-2011\/\" \/>\n<meta property=\"og:locale\" content=\"es_ES\" \/>\n<meta property=\"og:type\" content=\"article\" \/>\n<meta property=\"og:title\" content=\"Programaci\u00f3n cultural ayuntamiento de Granada | ocio y cultura | INMSOL\" \/>\n<meta property=\"og:description\" content=\"Programaci\u00f3n ayuntamiento de granada, febrero 2011\" \/>\n<meta property=\"og:url\" content=\"https:\/\/www.inmsol.com\/es\/blog-escuela\/eventos-granada\/programacion-cultural-ayuntamiento-de-granada-febrero-2011\/\" \/>\n<meta property=\"og:site_name\" content=\"iNMSOL\" \/>\n<meta property=\"article:publisher\" content=\"https:\/\/www.facebook.com\/spanishcourses\" \/>\n<meta property=\"article:published_time\" content=\"2011-01-27T12:10:28+00:00\" \/>\n<meta property=\"article:modified_time\" content=\"2019-04-23T22:21:12+00:00\" \/>\n<meta property=\"og:image\" content=\"https:\/\/www.inmsol.com\/wp-content\/uploads\/2019\/08\/logo-inmsol.png\" \/>\n\t<meta property=\"og:image:width\" content=\"320\" \/>\n\t<meta property=\"og:image:height\" content=\"154\" \/>\n\t<meta property=\"og:image:type\" content=\"image\/png\" \/>\n<meta name=\"author\" content=\"Javier Torres\" \/>\n<meta name=\"twitter:label1\" content=\"Escrito por\" \/>\n\t<meta name=\"twitter:data1\" content=\"Javier Torres\" \/>\n\t<meta name=\"twitter:label2\" content=\"Tiempo de lectura\" \/>\n\t<meta name=\"twitter:data2\" content=\"10 minutos\" \/>\n<script type=\"application\/ld+json\" class=\"yoast-schema-graph\">{\"@context\":\"https:\\\/\\\/schema.org\",\"@graph\":[{\"@type\":\"Article\",\"@id\":\"https:\\\/\\\/www.inmsol.com\\\/es\\\/blog-escuela\\\/eventos-granada\\\/programacion-cultural-ayuntamiento-de-granada-febrero-2011\\\/#article\",\"isPartOf\":{\"@id\":\"https:\\\/\\\/www.inmsol.com\\\/es\\\/blog-escuela\\\/eventos-granada\\\/programacion-cultural-ayuntamiento-de-granada-febrero-2011\\\/\"},\"author\":{\"name\":\"Javier Torres\",\"@id\":\"https:\\\/\\\/www.inmsol.com\\\/es\\\/#\\\/schema\\\/person\\\/18f18acd0397ef441e373e79ec3eb6ea\"},\"headline\":\"Programaci\u00f3n cultural ayuntamiento de Granada, Febrero 2011\",\"datePublished\":\"2011-01-27T12:10:28+00:00\",\"dateModified\":\"2019-04-23T22:21:12+00:00\",\"mainEntityOfPage\":{\"@id\":\"https:\\\/\\\/www.inmsol.com\\\/es\\\/blog-escuela\\\/eventos-granada\\\/programacion-cultural-ayuntamiento-de-granada-febrero-2011\\\/\"},\"wordCount\":1864,\"publisher\":{\"@id\":\"https:\\\/\\\/www.inmsol.com\\\/es\\\/#organization\"},\"articleSection\":[\"Eventos en Granada\"],\"inLanguage\":\"es\"},{\"@type\":\"WebPage\",\"@id\":\"https:\\\/\\\/www.inmsol.com\\\/es\\\/blog-escuela\\\/eventos-granada\\\/programacion-cultural-ayuntamiento-de-granada-febrero-2011\\\/\",\"url\":\"https:\\\/\\\/www.inmsol.com\\\/es\\\/blog-escuela\\\/eventos-granada\\\/programacion-cultural-ayuntamiento-de-granada-febrero-2011\\\/\",\"name\":\"Programaci\u00f3n cultural ayuntamiento de Granada | ocio y cultura | INMSOL\",\"isPartOf\":{\"@id\":\"https:\\\/\\\/www.inmsol.com\\\/es\\\/#website\"},\"datePublished\":\"2011-01-27T12:10:28+00:00\",\"dateModified\":\"2019-04-23T22:21:12+00:00\",\"description\":\"Programaci\u00f3n ayuntamiento de granada, febrero 2011\",\"breadcrumb\":{\"@id\":\"https:\\\/\\\/www.inmsol.com\\\/es\\\/blog-escuela\\\/eventos-granada\\\/programacion-cultural-ayuntamiento-de-granada-febrero-2011\\\/#breadcrumb\"},\"inLanguage\":\"es\",\"potentialAction\":[{\"@type\":\"ReadAction\",\"target\":[\"https:\\\/\\\/www.inmsol.com\\\/es\\\/blog-escuela\\\/eventos-granada\\\/programacion-cultural-ayuntamiento-de-granada-febrero-2011\\\/\"]}]},{\"@type\":\"BreadcrumbList\",\"@id\":\"https:\\\/\\\/www.inmsol.com\\\/es\\\/blog-escuela\\\/eventos-granada\\\/programacion-cultural-ayuntamiento-de-granada-febrero-2011\\\/#breadcrumb\",\"itemListElement\":[{\"@type\":\"ListItem\",\"position\":1,\"name\":\"Accredited Center by Instituto Cervantes\",\"item\":\"https:\\\/\\\/www.inmsol.com\\\/es\\\/pagina-ejemplo\\\/\"},{\"@type\":\"ListItem\",\"position\":2,\"name\":\"Blog Escuela Espa\u00f1ol\",\"item\":\"https:\\\/\\\/www.inmsol.com\\\/es\\\/category\\\/blog-escuela\\\/\"},{\"@type\":\"ListItem\",\"position\":3,\"name\":\"Eventos en Granada\",\"item\":\"https:\\\/\\\/www.inmsol.com\\\/es\\\/category\\\/blog-escuela\\\/eventos-granada\\\/\"},{\"@type\":\"ListItem\",\"position\":4,\"name\":\"Programaci\u00f3n cultural ayuntamiento de Granada, Febrero 2011\"}]},{\"@type\":\"WebSite\",\"@id\":\"https:\\\/\\\/www.inmsol.com\\\/es\\\/#website\",\"url\":\"https:\\\/\\\/www.inmsol.com\\\/es\\\/\",\"name\":\"iNMSOL\",\"description\":\"Aprenda Espa\u00f1ol con iNMSOL en Granada | Centro Acreditado por el Instituto Cervantes\",\"publisher\":{\"@id\":\"https:\\\/\\\/www.inmsol.com\\\/es\\\/#organization\"},\"potentialAction\":[{\"@type\":\"SearchAction\",\"target\":{\"@type\":\"EntryPoint\",\"urlTemplate\":\"https:\\\/\\\/www.inmsol.com\\\/es\\\/?s={search_term_string}\"},\"query-input\":{\"@type\":\"PropertyValueSpecification\",\"valueRequired\":true,\"valueName\":\"search_term_string\"}}],\"inLanguage\":\"es\"},{\"@type\":\"Organization\",\"@id\":\"https:\\\/\\\/www.inmsol.com\\\/es\\\/#organization\",\"name\":\"Instituto Mediterr\u00e1neo Sol\",\"url\":\"https:\\\/\\\/www.inmsol.com\\\/es\\\/\",\"logo\":{\"@type\":\"ImageObject\",\"inLanguage\":\"es\",\"@id\":\"https:\\\/\\\/www.inmsol.com\\\/es\\\/#\\\/schema\\\/logo\\\/image\\\/\",\"url\":\"https:\\\/\\\/www.inmsol.com\\\/wp-content\\\/uploads\\\/2023\\\/06\\\/logo-inmsol-1.png\",\"contentUrl\":\"https:\\\/\\\/www.inmsol.com\\\/wp-content\\\/uploads\\\/2023\\\/06\\\/logo-inmsol-1.png\",\"width\":136,\"height\":73,\"caption\":\"Instituto Mediterr\u00e1neo Sol\"},\"image\":{\"@id\":\"https:\\\/\\\/www.inmsol.com\\\/es\\\/#\\\/schema\\\/logo\\\/image\\\/\"},\"sameAs\":[\"https:\\\/\\\/www.facebook.com\\\/spanishcourses\",\"https:\\\/\\\/x.com\\\/StudyInGranada\",\"http:\\\/\\\/instagram.com\\\/imsolgranada\",\"https:\\\/\\\/es.linkedin.com\\\/company\\\/imsol-granada\",\"https:\\\/\\\/www.pinterest.es\\\/inmsol\\\/\",\"https:\\\/\\\/www.youtube.com\\\/channel\\\/UChz-Qn_7coFMosY85iYMO4g\"]},{\"@type\":\"Person\",\"@id\":\"https:\\\/\\\/www.inmsol.com\\\/es\\\/#\\\/schema\\\/person\\\/18f18acd0397ef441e373e79ec3eb6ea\",\"name\":\"Javier Torres\",\"image\":{\"@type\":\"ImageObject\",\"inLanguage\":\"es\",\"@id\":\"https:\\\/\\\/secure.gravatar.com\\\/avatar\\\/90afa2d6499550218d247408758082af566e5ec3641e1b8eac0d7bb889344a55?s=96&d=mm&r=g\",\"url\":\"https:\\\/\\\/secure.gravatar.com\\\/avatar\\\/90afa2d6499550218d247408758082af566e5ec3641e1b8eac0d7bb889344a55?s=96&d=mm&r=g\",\"contentUrl\":\"https:\\\/\\\/secure.gravatar.com\\\/avatar\\\/90afa2d6499550218d247408758082af566e5ec3641e1b8eac0d7bb889344a55?s=96&d=mm&r=g\",\"caption\":\"Javier Torres\"},\"url\":\"https:\\\/\\\/www.inmsol.com\\\/es\\\/author\\\/javier\\\/\"}]}<\/script>\n<!-- \/ Yoast SEO plugin. -->","yoast_head_json":{"title":"Programaci\u00f3n cultural ayuntamiento de Granada | ocio y cultura | INMSOL","description":"Programaci\u00f3n ayuntamiento de granada, febrero 2011","robots":{"index":"index","follow":"follow","max-snippet":"max-snippet:-1","max-image-preview":"max-image-preview:large","max-video-preview":"max-video-preview:-1"},"canonical":"https:\/\/www.inmsol.com\/es\/blog-escuela\/eventos-granada\/programacion-cultural-ayuntamiento-de-granada-febrero-2011\/","og_locale":"es_ES","og_type":"article","og_title":"Programaci\u00f3n cultural ayuntamiento de Granada | ocio y cultura | INMSOL","og_description":"Programaci\u00f3n ayuntamiento de granada, febrero 2011","og_url":"https:\/\/www.inmsol.com\/es\/blog-escuela\/eventos-granada\/programacion-cultural-ayuntamiento-de-granada-febrero-2011\/","og_site_name":"iNMSOL","article_publisher":"https:\/\/www.facebook.com\/spanishcourses","article_published_time":"2011-01-27T12:10:28+00:00","article_modified_time":"2019-04-23T22:21:12+00:00","og_image":[{"width":320,"height":154,"url":"https:\/\/www.inmsol.com\/wp-content\/uploads\/2019\/08\/logo-inmsol.png","type":"image\/png"}],"author":"Javier Torres","twitter_misc":{"Escrito por":"Javier Torres","Tiempo de lectura":"10 minutos"},"schema":{"@context":"https:\/\/schema.org","@graph":[{"@type":"Article","@id":"https:\/\/www.inmsol.com\/es\/blog-escuela\/eventos-granada\/programacion-cultural-ayuntamiento-de-granada-febrero-2011\/#article","isPartOf":{"@id":"https:\/\/www.inmsol.com\/es\/blog-escuela\/eventos-granada\/programacion-cultural-ayuntamiento-de-granada-febrero-2011\/"},"author":{"name":"Javier Torres","@id":"https:\/\/www.inmsol.com\/es\/#\/schema\/person\/18f18acd0397ef441e373e79ec3eb6ea"},"headline":"Programaci\u00f3n cultural ayuntamiento de Granada, Febrero 2011","datePublished":"2011-01-27T12:10:28+00:00","dateModified":"2019-04-23T22:21:12+00:00","mainEntityOfPage":{"@id":"https:\/\/www.inmsol.com\/es\/blog-escuela\/eventos-granada\/programacion-cultural-ayuntamiento-de-granada-febrero-2011\/"},"wordCount":1864,"publisher":{"@id":"https:\/\/www.inmsol.com\/es\/#organization"},"articleSection":["Eventos en Granada"],"inLanguage":"es"},{"@type":"WebPage","@id":"https:\/\/www.inmsol.com\/es\/blog-escuela\/eventos-granada\/programacion-cultural-ayuntamiento-de-granada-febrero-2011\/","url":"https:\/\/www.inmsol.com\/es\/blog-escuela\/eventos-granada\/programacion-cultural-ayuntamiento-de-granada-febrero-2011\/","name":"Programaci\u00f3n cultural ayuntamiento de Granada | ocio y cultura | INMSOL","isPartOf":{"@id":"https:\/\/www.inmsol.com\/es\/#website"},"datePublished":"2011-01-27T12:10:28+00:00","dateModified":"2019-04-23T22:21:12+00:00","description":"Programaci\u00f3n ayuntamiento de granada, febrero 2011","breadcrumb":{"@id":"https:\/\/www.inmsol.com\/es\/blog-escuela\/eventos-granada\/programacion-cultural-ayuntamiento-de-granada-febrero-2011\/#breadcrumb"},"inLanguage":"es","potentialAction":[{"@type":"ReadAction","target":["https:\/\/www.inmsol.com\/es\/blog-escuela\/eventos-granada\/programacion-cultural-ayuntamiento-de-granada-febrero-2011\/"]}]},{"@type":"BreadcrumbList","@id":"https:\/\/www.inmsol.com\/es\/blog-escuela\/eventos-granada\/programacion-cultural-ayuntamiento-de-granada-febrero-2011\/#breadcrumb","itemListElement":[{"@type":"ListItem","position":1,"name":"Accredited Center by Instituto Cervantes","item":"https:\/\/www.inmsol.com\/es\/pagina-ejemplo\/"},{"@type":"ListItem","position":2,"name":"Blog Escuela Espa\u00f1ol","item":"https:\/\/www.inmsol.com\/es\/category\/blog-escuela\/"},{"@type":"ListItem","position":3,"name":"Eventos en Granada","item":"https:\/\/www.inmsol.com\/es\/category\/blog-escuela\/eventos-granada\/"},{"@type":"ListItem","position":4,"name":"Programaci\u00f3n cultural ayuntamiento de Granada, Febrero 2011"}]},{"@type":"WebSite","@id":"https:\/\/www.inmsol.com\/es\/#website","url":"https:\/\/www.inmsol.com\/es\/","name":"iNMSOL","description":"Aprenda Espa\u00f1ol con iNMSOL en Granada | Centro Acreditado por el Instituto Cervantes","publisher":{"@id":"https:\/\/www.inmsol.com\/es\/#organization"},"potentialAction":[{"@type":"SearchAction","target":{"@type":"EntryPoint","urlTemplate":"https:\/\/www.inmsol.com\/es\/?s={search_term_string}"},"query-input":{"@type":"PropertyValueSpecification","valueRequired":true,"valueName":"search_term_string"}}],"inLanguage":"es"},{"@type":"Organization","@id":"https:\/\/www.inmsol.com\/es\/#organization","name":"Instituto Mediterr\u00e1neo Sol","url":"https:\/\/www.inmsol.com\/es\/","logo":{"@type":"ImageObject","inLanguage":"es","@id":"https:\/\/www.inmsol.com\/es\/#\/schema\/logo\/image\/","url":"https:\/\/www.inmsol.com\/wp-content\/uploads\/2023\/06\/logo-inmsol-1.png","contentUrl":"https:\/\/www.inmsol.com\/wp-content\/uploads\/2023\/06\/logo-inmsol-1.png","width":136,"height":73,"caption":"Instituto Mediterr\u00e1neo Sol"},"image":{"@id":"https:\/\/www.inmsol.com\/es\/#\/schema\/logo\/image\/"},"sameAs":["https:\/\/www.facebook.com\/spanishcourses","https:\/\/x.com\/StudyInGranada","http:\/\/instagram.com\/imsolgranada","https:\/\/es.linkedin.com\/company\/imsol-granada","https:\/\/www.pinterest.es\/inmsol\/","https:\/\/www.youtube.com\/channel\/UChz-Qn_7coFMosY85iYMO4g"]},{"@type":"Person","@id":"https:\/\/www.inmsol.com\/es\/#\/schema\/person\/18f18acd0397ef441e373e79ec3eb6ea","name":"Javier Torres","image":{"@type":"ImageObject","inLanguage":"es","@id":"https:\/\/secure.gravatar.com\/avatar\/90afa2d6499550218d247408758082af566e5ec3641e1b8eac0d7bb889344a55?s=96&d=mm&r=g","url":"https:\/\/secure.gravatar.com\/avatar\/90afa2d6499550218d247408758082af566e5ec3641e1b8eac0d7bb889344a55?s=96&d=mm&r=g","contentUrl":"https:\/\/secure.gravatar.com\/avatar\/90afa2d6499550218d247408758082af566e5ec3641e1b8eac0d7bb889344a55?s=96&d=mm&r=g","caption":"Javier Torres"},"url":"https:\/\/www.inmsol.com\/es\/author\/javier\/"}]}},"_links":{"self":[{"href":"https:\/\/www.inmsol.com\/es\/wp-json\/wp\/v2\/posts\/627","targetHints":{"allow":["GET"]}}],"collection":[{"href":"https:\/\/www.inmsol.com\/es\/wp-json\/wp\/v2\/posts"}],"about":[{"href":"https:\/\/www.inmsol.com\/es\/wp-json\/wp\/v2\/types\/post"}],"author":[{"embeddable":true,"href":"https:\/\/www.inmsol.com\/es\/wp-json\/wp\/v2\/users\/2"}],"replies":[{"embeddable":true,"href":"https:\/\/www.inmsol.com\/es\/wp-json\/wp\/v2\/comments?post=627"}],"version-history":[{"count":0,"href":"https:\/\/www.inmsol.com\/es\/wp-json\/wp\/v2\/posts\/627\/revisions"}],"wp:attachment":[{"href":"https:\/\/www.inmsol.com\/es\/wp-json\/wp\/v2\/media?parent=627"}],"wp:term":[{"taxonomy":"category","embeddable":true,"href":"https:\/\/www.inmsol.com\/es\/wp-json\/wp\/v2\/categories?post=627"},{"taxonomy":"post_tag","embeddable":true,"href":"https:\/\/www.inmsol.com\/es\/wp-json\/wp\/v2\/tags?post=627"}],"curies":[{"name":"wp","href":"https:\/\/api.w.org\/{rel}","templated":true}]}}