{"id":62806,"date":"2022-10-05T13:37:49","date_gmt":"2022-10-05T11:37:49","guid":{"rendered":"https:\/\/www.inmsol.com\/?p=62806"},"modified":"2023-03-16T13:26:55","modified_gmt":"2023-03-16T12:26:55","slug":"fechas-examenes-dele-2023","status":"publish","type":"post","link":"https:\/\/www.inmsol.com\/es\/blog-escuela\/fechas-examenes-dele-2023\/","title":{"rendered":"Fechas de los ex\u00e1menes DELE 2023"},"content":{"rendered":"<h3>\u00a0Las fechas de los ex\u00e1menes DELE 2023 ya est\u00e1n disponibles<\/h3>\n<p>Desde <a href=\"https:\/\/www.inmsol.com\/es\/\" target=\"_blank\" rel=\"noopener\">iNMSOL<\/a> os ofrecemos informaci\u00f3n importante si quer\u00e9is certificar vuestro nivel de espa\u00f1ol.<\/p>\n<p>Los <a href=\"https:\/\/www.inmsol.com\/es\/examenes-dele\/\" target=\"_blank\" rel=\"noopener noreferrer\">ex\u00e1menes DELE<\/a> son la mejor opci\u00f3n en el campo de la educaci\u00f3n y\u00a0 laboral. El <a href=\"https:\/\/acreditacion.cervantes.es\/\" target=\"_blank\" rel=\"noopener noreferrer\">Instituto Cervantes<\/a> ha publicado el <strong>calendario de convocatorias DELE para 2023<\/strong>. En este calendario vamos a encontrar 7 convocatorias al a\u00f1o, nada diferente de 2022. \u00a1Todav\u00eda tienes tiempo para las convocatorias de<strong> julio, septiembre, octubre<\/strong> y <strong>noviembre 2023<\/strong>! \u00a1Controla los plazos de inscripci\u00f3n a continuaci\u00f3n!<\/p>\n<p><img fetchpriority=\"high\" decoding=\"async\" class=\"aligncenter wp-image-70115 size-full\" title=\"DELE 2023\" src=\"https:\/\/www.inmsol.com\/wp-content\/uploads\/2023\/02\/DELE-2023.jpg\" alt=\"DELE 2023\" width=\"1202\" height=\"600\" srcset=\"https:\/\/www.inmsol.com\/wp-content\/uploads\/2023\/02\/DELE-2023.jpg 1202w, https:\/\/www.inmsol.com\/wp-content\/uploads\/2023\/02\/DELE-2023-800x399.jpg 800w, https:\/\/www.inmsol.com\/wp-content\/uploads\/2023\/02\/DELE-2023-64x32.jpg 64w, https:\/\/www.inmsol.com\/wp-content\/uploads\/2023\/02\/DELE-2023-460x230.jpg 460w, https:\/\/www.inmsol.com\/wp-content\/uploads\/2023\/02\/DELE-2023-1024x511.jpg 1024w, https:\/\/www.inmsol.com\/wp-content\/uploads\/2023\/02\/DELE-2023-768x383.jpg 768w, https:\/\/www.inmsol.com\/wp-content\/uploads\/2023\/02\/DELE-2023-250x125.jpg 250w, https:\/\/www.inmsol.com\/wp-content\/uploads\/2023\/02\/DELE-2023-600x300.jpg 600w\" sizes=\"(max-width: 1202px) 100vw, 1202px\" \/><\/p>\n<h3><\/h3>\n<h3>Convocatorias y fechas de ex\u00e1menes<\/h3>\n<p>Las convocatorias DELE publicadas para 2023 son:<\/p>\n<ol>\n<li>\n<h6>Febrero 2023<\/h6>\n<\/li>\n<li>\n<h6>Abril 2023<\/h6>\n<\/li>\n<li>\n<h6>Mayo 2023<\/h6>\n<\/li>\n<li>\n<h4>Julio 2023<\/h4>\n<\/li>\n<li>\n<h4>Septiembre 2023<\/h4>\n<\/li>\n<li>\n<h4>Octubre 2023<\/h4>\n<\/li>\n<li>\n<h4>Noviembre 2023<\/h4>\n<\/li>\n<\/ol>\n<p><a href=\"https:\/\/www.inmsol.com\/wp-content\/uploads\/2022\/10\/Foto-DELE-2023.jpg\" target=\"_blank\" rel=\"noopener\"><img decoding=\"async\" class=\"aligncenter wp-image-63032 size-full\" title=\"Inscripciones examenes Dele\" src=\"https:\/\/www.inmsol.com\/wp-content\/uploads\/2022\/10\/Foto-DELE-2023.jpg\" alt=\"Inscripciones examenes Dele\" width=\"1202\" height=\"600\" srcset=\"https:\/\/www.inmsol.com\/wp-content\/uploads\/2022\/10\/Foto-DELE-2023.jpg 1202w, https:\/\/www.inmsol.com\/wp-content\/uploads\/2022\/10\/Foto-DELE-2023-800x399.jpg 800w, https:\/\/www.inmsol.com\/wp-content\/uploads\/2022\/10\/Foto-DELE-2023-64x32.jpg 64w, https:\/\/www.inmsol.com\/wp-content\/uploads\/2022\/10\/Foto-DELE-2023-460x230.jpg 460w, https:\/\/www.inmsol.com\/wp-content\/uploads\/2022\/10\/Foto-DELE-2023-1024x511.jpg 1024w, https:\/\/www.inmsol.com\/wp-content\/uploads\/2022\/10\/Foto-DELE-2023-768x383.jpg 768w, https:\/\/www.inmsol.com\/wp-content\/uploads\/2022\/10\/Foto-DELE-2023-250x125.jpg 250w, https:\/\/www.inmsol.com\/wp-content\/uploads\/2022\/10\/Foto-DELE-2023-600x300.jpg 600w\" sizes=\"(max-width: 1202px) 100vw, 1202px\" \/><\/a><\/p>\n<p>Como es norma, para cada convocatoria es necesario inscribirse dentro de un termino que establezca cada convocatoria.\u00a0 Pasado ese tiempo, ya no ser\u00e1 posible inscribirse en esa fecha de ning\u00fan modo. Por otra parte, en cada convocatoria hay la posibilidad de hacer unos niveles DELE determinados. A continuaci\u00f3n vamos a precisar los plazos de inscripci\u00f3n y niveles establecidos para cada convocatoria:<\/p>\n<table style=\"height: 884px;\" border=\"0\" width=\"582\" cellspacing=\"0\" cellpadding=\"2\" align=\"center\">\n<tbody>\n<tr bgcolor=\"#ffffff\">\n<td align=\"center\">\n<h4>\u00a0CONVOCATORIA Y FECHA DE EXAMEN<\/h4>\n<\/td>\n<td style=\"padding-left: 30px;\">\n<h4 style=\"text-align: center;\">PLAZO DE INSCRIPCI\u00d3N Y NIVELES<\/h4>\n<\/td>\n<\/tr>\n<tr bgcolor=\"#ffffff\">\n<td align=\"center\">\n<h6><strong>Febrero<\/strong><\/h6>\n<h6>Viernes 17 de febrero de 2023<\/h6>\n<\/td>\n<td style=\"padding-left: 30px;\">\n<h6 style=\"text-align: center;\">11 de enero de 2023<\/h6>\n<h6 style=\"text-align: center;\">Niveles:<strong> A2<\/strong><\/h6>\n<\/td>\n<\/tr>\n<tr bgcolor=\"#ffffff\">\n<td align=\"center\">\n<h6><strong>Abril<\/strong><\/h6>\n<h6>Viernes, 14 de abril de 2023<\/h6>\n<\/td>\n<td style=\"padding-left: 30px;\">\n<h6 style=\"text-align: center;\">15 de febrero de 2023<\/h6>\n<h6 style=\"text-align: center;\">Niveles: <strong>A1, A2, B1, B2, C1<\/strong><\/h6>\n<\/td>\n<\/tr>\n<tr bgcolor=\"#ffffff\">\n<td align=\"center\">\n<h6><strong>Mayo<\/strong><\/h6>\n<h6>S\u00e1bado, 13 de mayo de 2023<\/h6>\n<\/td>\n<td style=\"padding-left: 30px; text-align: center;\">\n<h6>15 de marzo de 2023<\/h6>\n<h6>Escolares: A1 y A2\/B1<\/h6>\n<h6>Niveles: <strong>A1, A2, B1, B2, C1, C2<\/strong><\/h6>\n<\/td>\n<\/tr>\n<tr bgcolor=\"#ffffff\">\n<td align=\"center\"><strong>Julio<\/strong><\/p>\n<p>Viernes, 7 de julio de 2023<\/td>\n<td style=\"padding-left: 30px;\">\n<p style=\"text-align: center;\">10 de mayo de 2023<\/p>\n<p style=\"text-align: center;\">Niveles: <strong>A2, B1, B2, C1<\/strong><\/p>\n<\/td>\n<\/tr>\n<tr bgcolor=\"#ffffff\">\n<td align=\"center\"><strong>Septiembre<\/strong><\/p>\n<p>Viernes, 8 de septiembre 2023<\/td>\n<td style=\"padding-left: 30px;\">\n<p style=\"text-align: center;\">12 de julio de 2023<\/p>\n<p style=\"text-align: center;\">Niveles: <strong>A2<\/strong><\/p>\n<\/td>\n<\/tr>\n<tr bgcolor=\"#ffffff\">\n<td align=\"center\"><strong>Octubre<\/strong><\/p>\n<p>Viernes, 13 de octubre de 2022<\/td>\n<td style=\"padding-left: 30px;\">\n<p style=\"text-align: center;\">6 de septiembre de 2023<\/p>\n<p style=\"text-align: center;\">Niveles: <strong>A2, B1, B2<\/strong><\/p>\n<\/td>\n<\/tr>\n<tr bgcolor=\"#ffffff\">\n<td align=\"center\"><strong>Noviembre<\/strong><\/p>\n<p>S\u00e1bado, 18 de noviembre de 2023<\/td>\n<td style=\"padding-left: 30px;\">\n<p style=\"text-align: center;\">11 de octubre de 2023<\/p>\n<p>\u00a0 \u00a0 \u00a0 \u00a0 \u00a0 \u00a0 \u00a0Escolares: A1 y A2\/B1<\/p>\n<p style=\"text-align: center;\">Niveles: <strong>A1, A2, B1, B2, C1, C2<\/strong><\/p>\n<\/td>\n<\/tr>\n<\/tbody>\n<\/table>\n<h3>Inscripci\u00f3n a los ex\u00e1menes DELE<\/h3>\n<p>Para inscribirse a los ex\u00e1menes DELE es necesario en la web oficial <a href=\"https:\/\/examenes.cervantes.es\/\" target=\"_blank\" rel=\"noopener noreferrer\">examenes.cervantes.es<\/a> y seguir esos cuatro pasos:<\/p>\n<ol>\n<li>Registrarse como nuevo usuario: hay que utilizar un email personal y v\u00e1lido. Despu\u00e9s, hay que rellenar todos los campos del formulario.<\/li>\n<li>Al acabar el formulario, recibir\u00e1s un email con un link para establecer tu contrase\u00f1a.<\/li>\n<li>Una vez que ya has creado tu usuario, podr\u00e1s acceder a \u00abMi perfil\u00bb y \u00abMis inscripciones\u00bb.<\/li>\n<li>Ve a \u00abnueva inscripci\u00f3n\u00bb, selecciona la fecha y el centro de examen, y realiza el pago con tu tarjeta.<\/li>\n<\/ol>\n<p>&nbsp;<\/p>\n<p>Cuando el pago se procese, tu examen y tu resguardo de inscripci\u00f3n aparecer\u00e1n en tu perfil. Tambi\u00e9n recibir\u00e1s un email con dicho documento.<\/p>\n<p>&nbsp;<\/p>\n<blockquote>\n<h4 style=\"text-align: center;\">Si tienes dudas o dificultades en ese proceso de inscripci\u00f3n, \u00a1nosotros te ayudamos!<\/h4>\n<p style=\"text-align: center;\">Puedes inscribirte en nuestra oficina f\u00e1cilmente, de lunes a viernes, de 09.00 a 17.30 horas.<\/p>\n<p style=\"text-align: center;\">Recuerda traer tu documento de identidad y tu email, adem\u00e1s del importe del examen.<\/p>\n<\/blockquote>\n<p>&nbsp;<\/p>\n<h3><\/h3>\n<h3>Preparaci\u00f3n de los ex\u00e1menes DELE<\/h3>\n<p>Como <strong>centro examinador oficial<\/strong>, iNMSOL cuenta con los <a href=\"https:\/\/www.inmsol.com\/es\/escuela-espanol-granada\/quienes-somos\/\" target=\"_blank\" rel=\"noopener noreferrer\">mejores profesores preparadores<\/a>. Nuestra escuela ofrece <strong>cursos de preparaci\u00f3n para todos los niveles DELE<\/strong>, que pueden llevarse a cabo en las semanas que el estudiante prefiera. Todos nuestros profesores son, incluso, examinadores DELE. Cuentan con los t\u00edtulos oficiales correspondientes y tienen amplia experiencia en la preparaci\u00f3n a estos ex\u00e1menes.<\/p>\n<p>Consulta nuestras <a href=\"https:\/\/www.inmsol.com\/es\/cursos-espanol-espana\/cursos-de-preparacion-de-examenes-oficiales\/preparacion-dele\/\" target=\"_blank\" rel=\"noopener noreferrer\">opciones de cursos<\/a> y <a href=\"https:\/\/www.inmsol.com\/es\/precios\/\" target=\"_blank\" rel=\"noopener noreferrer\">precios<\/a>, \u00a1y acude a tu examen con garant\u00edas!<\/p>\n<p>&nbsp;<\/p>\n<blockquote>\n<h4 style=\"text-align: center;\">Esperamos que esta informaci\u00f3n sea de utilidad para los candidatos. Las fechas pueden estar sujetas a modificaciones por parte del Instituto Cervantes. Por eso, recomendamos siempre consultar la web oficial: <a href=\"https:\/\/examenes.cervantes.es\/es\/dele\/cuando\" target=\"_blank\" rel=\"noopener noreferrer\">https:\/\/examenes.cervantes.es\/es\/dele\/cuando<\/a><\/h4>\n<\/blockquote>\n","protected":false},"excerpt":{"rendered":"<p>\u00a0Las fechas de los ex\u00e1menes DELE 2023 ya est\u00e1n disponibles Desde iNMSOL os ofrecemos informaci\u00f3n importante si quer\u00e9is certificar vuestro nivel de espa\u00f1ol. Los ex\u00e1menes DELE son la mejor opci\u00f3n en el campo de la educaci\u00f3n y\u00a0 laboral. El Instituto Cervantes ha publicado el calendario&#8230;<\/p>\n","protected":false},"author":3,"featured_media":65359,"comment_status":"open","ping_status":"closed","sticky":false,"template":"","format":"standard","meta":{"_acf_changed":false,"footnotes":""},"categories":[8,451,82],"tags":[],"class_list":["post-62806","post","type-post","status-publish","format-standard","has-post-thumbnail","hentry","category-blog-escuela","category-examenes-y-certificaciones-espanol","category-noticias"],"acf":[],"yoast_head":"<!-- This site is optimized with the Yoast SEO plugin v27.5 - https:\/\/yoast.com\/product\/yoast-seo-wordpress\/ -->\n<title>Fechas de los ex\u00e1menes DELE 2023 &#8226; iNMSOL<\/title>\n<meta name=\"description\" content=\"Tienes la necesitad de certificar de forma oficial tu nivel de espa\u00f1ol? Ya est\u00e1n disponibles las fechas para el 2023.\" \/>\n<meta name=\"robots\" content=\"index, follow, max-snippet:-1, max-image-preview:large, max-video-preview:-1\" \/>\n<link rel=\"canonical\" href=\"https:\/\/www.inmsol.com\/es\/blog-escuela\/fechas-examenes-dele-2023\/\" \/>\n<meta property=\"og:locale\" content=\"es_ES\" \/>\n<meta property=\"og:type\" content=\"article\" \/>\n<meta property=\"og:title\" content=\"Fechas de los ex\u00e1menes DELE 2023 &#8226; iNMSOL\" \/>\n<meta property=\"og:description\" content=\"Tienes la necesitad de certificar de forma oficial tu nivel de espa\u00f1ol? Ya est\u00e1n disponibles las fechas para el 2023.\" \/>\n<meta property=\"og:url\" content=\"https:\/\/www.inmsol.com\/es\/blog-escuela\/fechas-examenes-dele-2023\/\" \/>\n<meta property=\"og:site_name\" content=\"iNMSOL\" \/>\n<meta property=\"article:publisher\" content=\"https:\/\/www.facebook.com\/spanishcourses\" \/>\n<meta property=\"article:published_time\" content=\"2022-10-05T11:37:49+00:00\" \/>\n<meta property=\"article:modified_time\" content=\"2023-03-16T12:26:55+00:00\" \/>\n<meta property=\"og:image\" content=\"https:\/\/www.inmsol.com\/wp-content\/uploads\/2023\/01\/Curso-preparacion-DELE-1.jpg\" \/>\n\t<meta property=\"og:image:width\" content=\"1000\" \/>\n\t<meta property=\"og:image:height\" content=\"1000\" \/>\n\t<meta property=\"og:image:type\" content=\"image\/jpeg\" \/>\n<meta name=\"author\" content=\"- Instituto Mediterr\u00e1neo Sol\" \/>\n<meta name=\"twitter:label1\" content=\"Escrito por\" \/>\n\t<meta name=\"twitter:data1\" content=\"- Instituto Mediterr\u00e1neo Sol\" \/>\n\t<meta name=\"twitter:label2\" content=\"Tiempo de lectura\" \/>\n\t<meta name=\"twitter:data2\" content=\"3 minutos\" \/>\n<script type=\"application\/ld+json\" class=\"yoast-schema-graph\">{\"@context\":\"https:\\\/\\\/schema.org\",\"@graph\":[{\"@type\":\"Article\",\"@id\":\"https:\\\/\\\/www.inmsol.com\\\/es\\\/blog-escuela\\\/fechas-examenes-dele-2023\\\/#article\",\"isPartOf\":{\"@id\":\"https:\\\/\\\/www.inmsol.com\\\/es\\\/blog-escuela\\\/fechas-examenes-dele-2023\\\/\"},\"author\":{\"name\":\"- Instituto Mediterr\u00e1neo Sol\",\"@id\":\"https:\\\/\\\/www.inmsol.com\\\/es\\\/#\\\/schema\\\/person\\\/94a7a01d14a56d1fbc49c841ffc57fe9\"},\"headline\":\"Fechas de los ex\u00e1menes DELE 2023\",\"datePublished\":\"2022-10-05T11:37:49+00:00\",\"dateModified\":\"2023-03-16T12:26:55+00:00\",\"mainEntityOfPage\":{\"@id\":\"https:\\\/\\\/www.inmsol.com\\\/es\\\/blog-escuela\\\/fechas-examenes-dele-2023\\\/\"},\"wordCount\":590,\"commentCount\":2,\"publisher\":{\"@id\":\"https:\\\/\\\/www.inmsol.com\\\/es\\\/#organization\"},\"image\":{\"@id\":\"https:\\\/\\\/www.inmsol.com\\\/es\\\/blog-escuela\\\/fechas-examenes-dele-2023\\\/#primaryimage\"},\"thumbnailUrl\":\"https:\\\/\\\/www.inmsol.com\\\/wp-content\\\/uploads\\\/2023\\\/01\\\/Curso-preparacion-DELE-1.jpg\",\"articleSection\":[\"Blog Escuela Espa\u00f1ol\",\"Ex\u00e1menes y Certificaciones Espa\u00f1ol\",\"Noticias y Servicios iNMSOL\"],\"inLanguage\":\"es\",\"potentialAction\":[{\"@type\":\"CommentAction\",\"name\":\"Comment\",\"target\":[\"https:\\\/\\\/www.inmsol.com\\\/es\\\/blog-escuela\\\/fechas-examenes-dele-2023\\\/#respond\"]}]},{\"@type\":\"WebPage\",\"@id\":\"https:\\\/\\\/www.inmsol.com\\\/es\\\/blog-escuela\\\/fechas-examenes-dele-2023\\\/\",\"url\":\"https:\\\/\\\/www.inmsol.com\\\/es\\\/blog-escuela\\\/fechas-examenes-dele-2023\\\/\",\"name\":\"Fechas de los ex\u00e1menes DELE 2023 &#8226; iNMSOL\",\"isPartOf\":{\"@id\":\"https:\\\/\\\/www.inmsol.com\\\/es\\\/#website\"},\"primaryImageOfPage\":{\"@id\":\"https:\\\/\\\/www.inmsol.com\\\/es\\\/blog-escuela\\\/fechas-examenes-dele-2023\\\/#primaryimage\"},\"image\":{\"@id\":\"https:\\\/\\\/www.inmsol.com\\\/es\\\/blog-escuela\\\/fechas-examenes-dele-2023\\\/#primaryimage\"},\"thumbnailUrl\":\"https:\\\/\\\/www.inmsol.com\\\/wp-content\\\/uploads\\\/2023\\\/01\\\/Curso-preparacion-DELE-1.jpg\",\"datePublished\":\"2022-10-05T11:37:49+00:00\",\"dateModified\":\"2023-03-16T12:26:55+00:00\",\"description\":\"Tienes la necesitad de certificar de forma oficial tu nivel de espa\u00f1ol? Ya est\u00e1n disponibles las fechas para el 2023.\",\"breadcrumb\":{\"@id\":\"https:\\\/\\\/www.inmsol.com\\\/es\\\/blog-escuela\\\/fechas-examenes-dele-2023\\\/#breadcrumb\"},\"inLanguage\":\"es\",\"potentialAction\":[{\"@type\":\"ReadAction\",\"target\":[\"https:\\\/\\\/www.inmsol.com\\\/es\\\/blog-escuela\\\/fechas-examenes-dele-2023\\\/\"]}]},{\"@type\":\"ImageObject\",\"inLanguage\":\"es\",\"@id\":\"https:\\\/\\\/www.inmsol.com\\\/es\\\/blog-escuela\\\/fechas-examenes-dele-2023\\\/#primaryimage\",\"url\":\"https:\\\/\\\/www.inmsol.com\\\/wp-content\\\/uploads\\\/2023\\\/01\\\/Curso-preparacion-DELE-1.jpg\",\"contentUrl\":\"https:\\\/\\\/www.inmsol.com\\\/wp-content\\\/uploads\\\/2023\\\/01\\\/Curso-preparacion-DELE-1.jpg\",\"width\":1000,\"height\":1000},{\"@type\":\"BreadcrumbList\",\"@id\":\"https:\\\/\\\/www.inmsol.com\\\/es\\\/blog-escuela\\\/fechas-examenes-dele-2023\\\/#breadcrumb\",\"itemListElement\":[{\"@type\":\"ListItem\",\"position\":1,\"name\":\"Accredited Center by Instituto Cervantes\",\"item\":\"https:\\\/\\\/www.inmsol.com\\\/es\\\/pagina-ejemplo\\\/\"},{\"@type\":\"ListItem\",\"position\":2,\"name\":\"Blog Escuela Espa\u00f1ol\",\"item\":\"https:\\\/\\\/www.inmsol.com\\\/es\\\/category\\\/blog-escuela\\\/\"},{\"@type\":\"ListItem\",\"position\":3,\"name\":\"Fechas de los ex\u00e1menes DELE 2023\"}]},{\"@type\":\"WebSite\",\"@id\":\"https:\\\/\\\/www.inmsol.com\\\/es\\\/#website\",\"url\":\"https:\\\/\\\/www.inmsol.com\\\/es\\\/\",\"name\":\"iNMSOL\",\"description\":\"Aprenda Espa\u00f1ol con iNMSOL en Granada | Centro Acreditado por el Instituto Cervantes\",\"publisher\":{\"@id\":\"https:\\\/\\\/www.inmsol.com\\\/es\\\/#organization\"},\"potentialAction\":[{\"@type\":\"SearchAction\",\"target\":{\"@type\":\"EntryPoint\",\"urlTemplate\":\"https:\\\/\\\/www.inmsol.com\\\/es\\\/?s={search_term_string}\"},\"query-input\":{\"@type\":\"PropertyValueSpecification\",\"valueRequired\":true,\"valueName\":\"search_term_string\"}}],\"inLanguage\":\"es\"},{\"@type\":\"Organization\",\"@id\":\"https:\\\/\\\/www.inmsol.com\\\/es\\\/#organization\",\"name\":\"Instituto Mediterr\u00e1neo Sol\",\"url\":\"https:\\\/\\\/www.inmsol.com\\\/es\\\/\",\"logo\":{\"@type\":\"ImageObject\",\"inLanguage\":\"es\",\"@id\":\"https:\\\/\\\/www.inmsol.com\\\/es\\\/#\\\/schema\\\/logo\\\/image\\\/\",\"url\":\"https:\\\/\\\/www.inmsol.com\\\/wp-content\\\/uploads\\\/2023\\\/06\\\/logo-inmsol-1.png\",\"contentUrl\":\"https:\\\/\\\/www.inmsol.com\\\/wp-content\\\/uploads\\\/2023\\\/06\\\/logo-inmsol-1.png\",\"width\":136,\"height\":73,\"caption\":\"Instituto Mediterr\u00e1neo Sol\"},\"image\":{\"@id\":\"https:\\\/\\\/www.inmsol.com\\\/es\\\/#\\\/schema\\\/logo\\\/image\\\/\"},\"sameAs\":[\"https:\\\/\\\/www.facebook.com\\\/spanishcourses\",\"https:\\\/\\\/x.com\\\/StudyInGranada\",\"http:\\\/\\\/instagram.com\\\/imsolgranada\",\"https:\\\/\\\/es.linkedin.com\\\/company\\\/imsol-granada\",\"https:\\\/\\\/www.pinterest.es\\\/inmsol\\\/\",\"https:\\\/\\\/www.youtube.com\\\/channel\\\/UChz-Qn_7coFMosY85iYMO4g\"]},{\"@type\":\"Person\",\"@id\":\"https:\\\/\\\/www.inmsol.com\\\/es\\\/#\\\/schema\\\/person\\\/94a7a01d14a56d1fbc49c841ffc57fe9\",\"name\":\"- Instituto Mediterr\u00e1neo Sol\",\"image\":{\"@type\":\"ImageObject\",\"inLanguage\":\"es\",\"@id\":\"https:\\\/\\\/secure.gravatar.com\\\/avatar\\\/5607fdabdf1b548b6095cc3d43079829bc1497403e70dd34004e7204a8fef62b?s=96&d=mm&r=g\",\"url\":\"https:\\\/\\\/secure.gravatar.com\\\/avatar\\\/5607fdabdf1b548b6095cc3d43079829bc1497403e70dd34004e7204a8fef62b?s=96&d=mm&r=g\",\"contentUrl\":\"https:\\\/\\\/secure.gravatar.com\\\/avatar\\\/5607fdabdf1b548b6095cc3d43079829bc1497403e70dd34004e7204a8fef62b?s=96&d=mm&r=g\",\"caption\":\"- Instituto Mediterr\u00e1neo Sol\"},\"url\":\"https:\\\/\\\/www.inmsol.com\\\/es\\\/author\\\/laura\\\/\"}]}<\/script>\n<!-- \/ Yoast SEO plugin. -->","yoast_head_json":{"title":"Fechas de los ex\u00e1menes DELE 2023 &#8226; iNMSOL","description":"Tienes la necesitad de certificar de forma oficial tu nivel de espa\u00f1ol? Ya est\u00e1n disponibles las fechas para el 2023.","robots":{"index":"index","follow":"follow","max-snippet":"max-snippet:-1","max-image-preview":"max-image-preview:large","max-video-preview":"max-video-preview:-1"},"canonical":"https:\/\/www.inmsol.com\/es\/blog-escuela\/fechas-examenes-dele-2023\/","og_locale":"es_ES","og_type":"article","og_title":"Fechas de los ex\u00e1menes DELE 2023 &#8226; iNMSOL","og_description":"Tienes la necesitad de certificar de forma oficial tu nivel de espa\u00f1ol? Ya est\u00e1n disponibles las fechas para el 2023.","og_url":"https:\/\/www.inmsol.com\/es\/blog-escuela\/fechas-examenes-dele-2023\/","og_site_name":"iNMSOL","article_publisher":"https:\/\/www.facebook.com\/spanishcourses","article_published_time":"2022-10-05T11:37:49+00:00","article_modified_time":"2023-03-16T12:26:55+00:00","og_image":[{"width":1000,"height":1000,"url":"https:\/\/www.inmsol.com\/wp-content\/uploads\/2023\/01\/Curso-preparacion-DELE-1.jpg","type":"image\/jpeg"}],"author":"- Instituto Mediterr\u00e1neo Sol","twitter_misc":{"Escrito por":"- Instituto Mediterr\u00e1neo Sol","Tiempo de lectura":"3 minutos"},"schema":{"@context":"https:\/\/schema.org","@graph":[{"@type":"Article","@id":"https:\/\/www.inmsol.com\/es\/blog-escuela\/fechas-examenes-dele-2023\/#article","isPartOf":{"@id":"https:\/\/www.inmsol.com\/es\/blog-escuela\/fechas-examenes-dele-2023\/"},"author":{"name":"- Instituto Mediterr\u00e1neo Sol","@id":"https:\/\/www.inmsol.com\/es\/#\/schema\/person\/94a7a01d14a56d1fbc49c841ffc57fe9"},"headline":"Fechas de los ex\u00e1menes DELE 2023","datePublished":"2022-10-05T11:37:49+00:00","dateModified":"2023-03-16T12:26:55+00:00","mainEntityOfPage":{"@id":"https:\/\/www.inmsol.com\/es\/blog-escuela\/fechas-examenes-dele-2023\/"},"wordCount":590,"commentCount":2,"publisher":{"@id":"https:\/\/www.inmsol.com\/es\/#organization"},"image":{"@id":"https:\/\/www.inmsol.com\/es\/blog-escuela\/fechas-examenes-dele-2023\/#primaryimage"},"thumbnailUrl":"https:\/\/www.inmsol.com\/wp-content\/uploads\/2023\/01\/Curso-preparacion-DELE-1.jpg","articleSection":["Blog Escuela Espa\u00f1ol","Ex\u00e1menes y Certificaciones Espa\u00f1ol","Noticias y Servicios iNMSOL"],"inLanguage":"es","potentialAction":[{"@type":"CommentAction","name":"Comment","target":["https:\/\/www.inmsol.com\/es\/blog-escuela\/fechas-examenes-dele-2023\/#respond"]}]},{"@type":"WebPage","@id":"https:\/\/www.inmsol.com\/es\/blog-escuela\/fechas-examenes-dele-2023\/","url":"https:\/\/www.inmsol.com\/es\/blog-escuela\/fechas-examenes-dele-2023\/","name":"Fechas de los ex\u00e1menes DELE 2023 &#8226; iNMSOL","isPartOf":{"@id":"https:\/\/www.inmsol.com\/es\/#website"},"primaryImageOfPage":{"@id":"https:\/\/www.inmsol.com\/es\/blog-escuela\/fechas-examenes-dele-2023\/#primaryimage"},"image":{"@id":"https:\/\/www.inmsol.com\/es\/blog-escuela\/fechas-examenes-dele-2023\/#primaryimage"},"thumbnailUrl":"https:\/\/www.inmsol.com\/wp-content\/uploads\/2023\/01\/Curso-preparacion-DELE-1.jpg","datePublished":"2022-10-05T11:37:49+00:00","dateModified":"2023-03-16T12:26:55+00:00","description":"Tienes la necesitad de certificar de forma oficial tu nivel de espa\u00f1ol? Ya est\u00e1n disponibles las fechas para el 2023.","breadcrumb":{"@id":"https:\/\/www.inmsol.com\/es\/blog-escuela\/fechas-examenes-dele-2023\/#breadcrumb"},"inLanguage":"es","potentialAction":[{"@type":"ReadAction","target":["https:\/\/www.inmsol.com\/es\/blog-escuela\/fechas-examenes-dele-2023\/"]}]},{"@type":"ImageObject","inLanguage":"es","@id":"https:\/\/www.inmsol.com\/es\/blog-escuela\/fechas-examenes-dele-2023\/#primaryimage","url":"https:\/\/www.inmsol.com\/wp-content\/uploads\/2023\/01\/Curso-preparacion-DELE-1.jpg","contentUrl":"https:\/\/www.inmsol.com\/wp-content\/uploads\/2023\/01\/Curso-preparacion-DELE-1.jpg","width":1000,"height":1000},{"@type":"BreadcrumbList","@id":"https:\/\/www.inmsol.com\/es\/blog-escuela\/fechas-examenes-dele-2023\/#breadcrumb","itemListElement":[{"@type":"ListItem","position":1,"name":"Accredited Center by Instituto Cervantes","item":"https:\/\/www.inmsol.com\/es\/pagina-ejemplo\/"},{"@type":"ListItem","position":2,"name":"Blog Escuela Espa\u00f1ol","item":"https:\/\/www.inmsol.com\/es\/category\/blog-escuela\/"},{"@type":"ListItem","position":3,"name":"Fechas de los ex\u00e1menes DELE 2023"}]},{"@type":"WebSite","@id":"https:\/\/www.inmsol.com\/es\/#website","url":"https:\/\/www.inmsol.com\/es\/","name":"iNMSOL","description":"Aprenda Espa\u00f1ol con iNMSOL en Granada | Centro Acreditado por el Instituto Cervantes","publisher":{"@id":"https:\/\/www.inmsol.com\/es\/#organization"},"potentialAction":[{"@type":"SearchAction","target":{"@type":"EntryPoint","urlTemplate":"https:\/\/www.inmsol.com\/es\/?s={search_term_string}"},"query-input":{"@type":"PropertyValueSpecification","valueRequired":true,"valueName":"search_term_string"}}],"inLanguage":"es"},{"@type":"Organization","@id":"https:\/\/www.inmsol.com\/es\/#organization","name":"Instituto Mediterr\u00e1neo Sol","url":"https:\/\/www.inmsol.com\/es\/","logo":{"@type":"ImageObject","inLanguage":"es","@id":"https:\/\/www.inmsol.com\/es\/#\/schema\/logo\/image\/","url":"https:\/\/www.inmsol.com\/wp-content\/uploads\/2023\/06\/logo-inmsol-1.png","contentUrl":"https:\/\/www.inmsol.com\/wp-content\/uploads\/2023\/06\/logo-inmsol-1.png","width":136,"height":73,"caption":"Instituto Mediterr\u00e1neo Sol"},"image":{"@id":"https:\/\/www.inmsol.com\/es\/#\/schema\/logo\/image\/"},"sameAs":["https:\/\/www.facebook.com\/spanishcourses","https:\/\/x.com\/StudyInGranada","http:\/\/instagram.com\/imsolgranada","https:\/\/es.linkedin.com\/company\/imsol-granada","https:\/\/www.pinterest.es\/inmsol\/","https:\/\/www.youtube.com\/channel\/UChz-Qn_7coFMosY85iYMO4g"]},{"@type":"Person","@id":"https:\/\/www.inmsol.com\/es\/#\/schema\/person\/94a7a01d14a56d1fbc49c841ffc57fe9","name":"- Instituto Mediterr\u00e1neo Sol","image":{"@type":"ImageObject","inLanguage":"es","@id":"https:\/\/secure.gravatar.com\/avatar\/5607fdabdf1b548b6095cc3d43079829bc1497403e70dd34004e7204a8fef62b?s=96&d=mm&r=g","url":"https:\/\/secure.gravatar.com\/avatar\/5607fdabdf1b548b6095cc3d43079829bc1497403e70dd34004e7204a8fef62b?s=96&d=mm&r=g","contentUrl":"https:\/\/secure.gravatar.com\/avatar\/5607fdabdf1b548b6095cc3d43079829bc1497403e70dd34004e7204a8fef62b?s=96&d=mm&r=g","caption":"- Instituto Mediterr\u00e1neo Sol"},"url":"https:\/\/www.inmsol.com\/es\/author\/laura\/"}]}},"_links":{"self":[{"href":"https:\/\/www.inmsol.com\/es\/wp-json\/wp\/v2\/posts\/62806","targetHints":{"allow":["GET"]}}],"collection":[{"href":"https:\/\/www.inmsol.com\/es\/wp-json\/wp\/v2\/posts"}],"about":[{"href":"https:\/\/www.inmsol.com\/es\/wp-json\/wp\/v2\/types\/post"}],"author":[{"embeddable":true,"href":"https:\/\/www.inmsol.com\/es\/wp-json\/wp\/v2\/users\/3"}],"replies":[{"embeddable":true,"href":"https:\/\/www.inmsol.com\/es\/wp-json\/wp\/v2\/comments?post=62806"}],"version-history":[{"count":0,"href":"https:\/\/www.inmsol.com\/es\/wp-json\/wp\/v2\/posts\/62806\/revisions"}],"wp:featuredmedia":[{"embeddable":true,"href":"https:\/\/www.inmsol.com\/es\/wp-json\/wp\/v2\/media\/65359"}],"wp:attachment":[{"href":"https:\/\/www.inmsol.com\/es\/wp-json\/wp\/v2\/media?parent=62806"}],"wp:term":[{"taxonomy":"category","embeddable":true,"href":"https:\/\/www.inmsol.com\/es\/wp-json\/wp\/v2\/categories?post=62806"},{"taxonomy":"post_tag","embeddable":true,"href":"https:\/\/www.inmsol.com\/es\/wp-json\/wp\/v2\/tags?post=62806"}],"curies":[{"name":"wp","href":"https:\/\/api.w.org\/{rel}","templated":true}]}}