{"id":630,"date":"2011-02-02T13:25:38","date_gmt":"2011-02-02T12:25:38","guid":{"rendered":"https:\/\/www.inmsol.com\/"},"modified":"2019-04-24T00:21:00","modified_gmt":"2019-04-23T22:21:00","slug":"un-poquito-de-geografia","status":"publish","type":"post","link":"https:\/\/www.inmsol.com\/es\/blog-escuela\/cultura-literatura-historia-espana-es\/un-poquito-de-geografia\/","title":{"rendered":"Un poquito de geograf\u00eda&#8230;"},"content":{"rendered":"<p class=\"rtecenter\">\n<p><!--break--><\/p>\n<p>Espa\u00f1a (nombre oficial: \u00abReino de Espa\u00f1a\u00bb) es un Estado del sur-oeste de Europa y del norte de \u00c1frica, que limita con los pa\u00edses de Francia y Andorra al noreste, al otro lado de la cordillera de los Pirineos, con Portugal al oeste y con Marruecos al sur, en su frontera de Ceuta, al otro lado del estrecho de Gibraltar y en su frontera de Melilla, tambi\u00e9n en el continente africano. Tambi\u00e9n limita al sur con el Reino Unido en su frontera con Gibraltar. Por el norte est\u00e1 a orillas del mar Cant\u00e1brico, el oc\u00e9ano Atl\u00e1ntico al oeste y el mar Mediterr\u00e1neo al este. Adem\u00e1s de ocupar la mayor parte de la Pen\u00ednsula Ib\u00e9rica, Espa\u00f1a est\u00e1 formada por dos archipi\u00e9lagos (el de las Islas Canarias en el oc\u00e9ano Atl\u00e1ntico y el de las Islas Baleares en el mar Mediterr\u00e1neo) y dos ciudades aut\u00f3nomas (Ceuta y Melilla) en el norte de \u00c1frica, aparte de varias islas menores en esta zona y otras cercanas a la pen\u00ednsula, como el Pe\u00f1\u00f3n de V\u00e9lez de la Gomera, el Pe\u00f1\u00f3n de Alhucemas, las Islas Chafarinas y la Isla del Perejil.<br \/>\nSe encuentra entre Europa y \u00c1frica y entre dos \u00e1reas de influencia, la del Mediterr\u00e1neo y la del Atl\u00e1ntico que dar\u00e1 lugar a una importante variedad:<\/p>\n<p><strong>Relieve<\/strong>: se manifiestan todos los ciclos orog\u00e9nicos y de sedimentaci\u00f3n que se han dado a lo largo de la historia por lo que se manifiestan los materiales y formas propias de cada ciclo orog\u00e9nico.<br \/>\n<strong>Clima<\/strong>: deriva de su situaci\u00f3n peninsular que estar\u00eda expuesta a masas de aire fr\u00edo y caliente, el predominio de cada una de ellas dar\u00e1 un tipo clim\u00e1tico, en el norte habr\u00e1 un clima oc\u00e9anico (m\u00e1s fr\u00edo y h\u00famedo) propiciado por las borrascas y mediterr\u00e1neo en el meridional dando un clima seco y c\u00e1lido.<br \/>\nVegetaci\u00f3n: influida por el clima, especies adaptadas a la aridez (xer\u00f3filas) comunes en el sur de Espa\u00f1a, adaptadas a la humedad (hidr\u00f3filas) en el norte.<br \/>\nHumana: poblaciones que han hecho incursiones en Espa\u00f1a como romanos o los musulmanes con mejoras en el cultivo. La confluencia de estos pueblos es lo que ha determinado la cultura y valores humanos.<\/p>\n<p>La parte peninsular de Espa\u00f1a posee unos 3.167 km de costa. A los que habr\u00eda que a\u00f1adir los 956 del litoral portugu\u00e9s, para completar el litoral peninsular. En este trazado, si prescindimos de la costa bastante articulada de Galicia, y a pesar de los \u00f3valos mediterr\u00e1neos, no hay grandes entrantes ni recovecos.<\/p>\n<p>Ya los antiguos observaron la diferente tonalidad de las aguas costeras, en el mar Mediterr\u00e1neo, azul intenso: en el Atl\u00e1ntico, verde; pero la oposici\u00f3n tambi\u00e9n se da en la forma de la costa: por una parte en el Atl\u00e1ntico predomina la l\u00ednea recta, la marea amplia, hay largos sectores de r\u00edas y ca\u00f1ones submarinos. En el mediterr\u00e1neo, los arcos sustituyen a las l\u00edneas rectas, no hay mareas apreciables, solo algunas r\u00edas o calas , pero muchos deltas y largas playas.<\/p>\n<p>El cabo de San Vicente puede considerarse como el punto de separaci\u00f3n de una forma de costa y otra, incluyendo el golfo de C\u00e1diz en las mediterr\u00e1neas por sus especiales caracter\u00edsticas m\u00e1s pr\u00f3ximas a \u00e9stas que a las atl\u00e1nticas.<\/p>\n<p>En el Cant\u00e1brico, a lo largo de unos 770 km la costa tiene direcci\u00f3n este-oeste, es rectil\u00ednea, y su trazado refleja un gran accidente geol\u00f3gico orientado en la misma direcci\u00f3n, la Cordillera Cant\u00e1brica. En Galicia describe un giro de 180\u00b0 y toma la direcci\u00f3n norte-sur, hasta la punta del cabo de San Vicente, en Portugal. Dicha costa es tambi\u00e9n rectil\u00ednea en otros 800 km. A partir de aqu\u00ed el contorno litoral es m\u00e1s sinuoso y empiezan los \u00f3valos mediterr\u00e1neos o grandes arcos que se inician con el golfo de C\u00e1diz, sigue el \u00f3valo del mar de Albor\u00e1n, aqu\u00ed la costa tuerce hacia el nordeste y dibuja otros dos \u00f3valos muy abiertos entre los cabos de Gata y Palos y entre \u00e9ste y el de la Nao y finalmente el dilatado y abierto golfo de Valencia, que podemos considerar que termina con el saliente del delta del Ebro. A partir de aqu\u00ed la costa vuelve a ser bastante rectil\u00ednea y corre casi paralela a la Cadena Costera Catalana hasta el cabo de Begur, en donde se adentra para formar el golfo de Rosas, extendido hasta el cabo de Creus.<\/p>\n<p><strong>Principales climas de Espa\u00f1a.<\/strong><\/p>\n<p>En la pen\u00ednsula Ib\u00e9rica hay multitud de climas debido a la orograf\u00eda y la disposici\u00f3n de las costas, por lo que se puede hablar de microclimas locales en muchas ocasiones. A grandes rasgos nos encontramos con:<\/p>\n<p><em>Clima atl\u00e1ntico<\/em>: se da en Galicia, Asturias, Cantabria, Pa\u00eds Vasco y Navarra. Se caracteriza por las precipitaciones abundantes repartidas a lo largo del a\u00f1o y temperaturas suaves tanto en invierno como en verano (La Coru\u00f1a: 10,4 \u00b0C en enero, 19,2 \u00b0C en agosto y 1.008 mm; Bilbao: 7,1 \u00b0C en enero, 20,3 \u00b0C en agosto y 1.195 mm).<\/p>\n<p><em>Clima oce\u00e1nico continental:<\/em> se da en Castilla y Le\u00f3n, Madrid, La Rioja, Castilla-La Mancha, Extremadura y Andaluc\u00eda. Es un clima de precipitaciones m\u00e1s escasas, concentradas en invierno y mayor oscilaci\u00f3n tanto diaria como interanual. En las zonas de mayor altura se dan inviernos muy fr\u00edos y veranos templados (Soria: 2,9 \u00b0C en enero, 20,0 \u00b0C en julio), mientras que en el sur y zonas bajas los inviernos son m\u00e1s suaves y los veranos muy calurosos (C\u00f3rdoba: 9,2 \u00b0C en enero, 27,2 \u00b0C en julio).<\/p>\n<p><em>Clima continental:<\/em> o mediterr\u00e1neo de interior se da en Arag\u00f3n, Catalu\u00f1a, Comunidad Valenciana, Murcia, Castilla-La Mancha y Andaluc\u00eda. Las precipitaciones son escasas y se dan sobre todo en primavera y oto\u00f1o. Sigue la misma tendencia t\u00e9rmica que el oce\u00e1nico continental (Murcia: 10,1 \u00b0C en enero, 26,7 \u00b0C en agosto). Las oscilaciones t\u00e9rmicas diarias en algunas zonas llegan a ser de m\u00e1s de 25 \u00b0C.<\/p>\n<p><em>Clima mediterr\u00e1neo<\/em>: se da en Catalu\u00f1a, Baleares, Comunidad Valenciana, Murcia y Andaluc\u00eda. Las precipitaciones son escasas, se concentran sobre todo en oto\u00f1o (a veces de forma torrencial) y van disminuyendo de norte a sur desde el mediterr\u00e1neo h\u00famedo al \u00e1rido (Barcelona 640 mm, Tortosa 524 mm, Valencia 454 mm, Alicante 336 mm, Almer\u00eda 196 mm). Las temperaturas son suaves en invierno y c\u00e1lidas en verano, con una oscilaci\u00f3n menor que en los climas continentales pero mayor que en el oce\u00e1nico (Barcelona: 8,9 \u00b0C en enero, 23,6 \u00b0C en agosto; Alicante: 11,5 \u00b0C en enero, 25,5 \u00b0C en agosto).<\/p>\n<p><em>Clima subtropical:<\/em> se da en Canarias y en la costa oriental de Andaluc\u00eda (Costa del Sol), y se caracteriza por las temperaturas suaves durante todo el a\u00f1o y la inexistencia de un invierno t\u00e9rmico Las precipitaciones var\u00edan mucho dependiendo de la orograf\u00eda de la zona.<\/p>\n<p>El Clima es Mediterr\u00e1neo-Subtropical, con inviernos suaves y c\u00e1lidos veranos.<\/p>\n<p>Entre Noviembre y Febrero pueden llegar borrascas de aire fr\u00edo que afectan a esta zona, pero las temperaturas bajan notablemente, por ejemplo, que un d\u00eda de Diciembre est\u00e9 despejado y 18\u00ba de m\u00e1xima, y el d\u00eda siguiente 14\u00ba de m\u00e1xima y lluvia.<\/p>\n<p>Igualmente entre Mayo y Septiembre pueden llegar olas de calor (llegan m\u00e1s en verano, pero a veces tambi\u00e9n en Mayo y Septiembre), por ejemplo, un d\u00eda de Agosto con 32\u00ba, y un d\u00eda despu\u00e9s 38\u00ba. Las temperaturas por encima de 35\u00ba en Verano son muy frecuentes, y las m\u00e1ximas de m\u00e1s de 40\u00ba ocurren durante algunos d\u00edas en Julio y Agosto, pero no de forma continua.<\/p>\n<p>Las temperaturas no bajan de 5\u00ba-6\u00ba normalmente, pero en olas de fr\u00edo pueden llegar a 4\u00ba, aunque es bastante raro. Las heladas son muy raras, y tambi\u00e9n la nieve es muy rara. Algunos d\u00edas en verano, el mercurio se puede disparar llegando a valores de +40\u00ba, pero no muy continuadamente, sino que unos d\u00edas. Igualmente en invierno, a consecuencia de las olas de fr\u00edo, el mercurio puede bajar a tan s\u00f3lo 4\u00ba, pero s\u00f3lo 1 \u00f3 2 d\u00edas.<\/p>\n<p>La temperatura media anual es de 18.5 \u00b0C.<\/p>\n<p><a href=\"http:\/\/en.wikipedia.org\/wiki\/Geography_of_Spain\">http:\/\/es.wikipedia.org\/wiki\/Geograf%C3%ADa_de_Espa%C3%B1a<\/a><\/p>\n<div><\/div>\n","protected":false},"excerpt":{"rendered":"<p>Espa\u00f1a (nombre oficial: \u00abReino de Espa\u00f1a\u00bb) es un Estado del sur-oeste de Europa y del norte de \u00c1frica, que limita con los pa\u00edses de Francia y Andorra al noreste, al otro lado de la cordillera de los Pirineos, con Portugal al oeste y con Marruecos&#8230;<\/p>\n","protected":false},"author":2,"featured_media":0,"comment_status":"closed","ping_status":"closed","sticky":false,"template":"","format":"standard","meta":{"_acf_changed":false,"footnotes":""},"categories":[83],"tags":[],"class_list":["post-630","post","type-post","status-publish","format-standard","hentry","category-cultura-literatura-historia-espana-es"],"acf":[],"yoast_head":"<!-- This site is optimized with the Yoast SEO plugin v27.5 - https:\/\/yoast.com\/product\/yoast-seo-wordpress\/ -->\n<title>Un poquito de geograf\u00eda | cultura, geograf\u00eda, peninsula iberica | INMSOL<\/title>\n<meta name=\"description\" content=\"nociones geograficas\" \/>\n<meta name=\"robots\" content=\"index, follow, max-snippet:-1, max-image-preview:large, max-video-preview:-1\" \/>\n<link rel=\"canonical\" href=\"https:\/\/www.inmsol.com\/es\/blog-escuela\/cultura-literatura-historia-espana-es\/un-poquito-de-geografia\/\" \/>\n<meta property=\"og:locale\" content=\"es_ES\" \/>\n<meta property=\"og:type\" content=\"article\" \/>\n<meta property=\"og:title\" content=\"Un poquito de geograf\u00eda | cultura, geograf\u00eda, peninsula iberica | INMSOL\" \/>\n<meta property=\"og:description\" content=\"nociones geograficas\" \/>\n<meta property=\"og:url\" content=\"https:\/\/www.inmsol.com\/es\/blog-escuela\/cultura-literatura-historia-espana-es\/un-poquito-de-geografia\/\" \/>\n<meta property=\"og:site_name\" content=\"iNMSOL\" \/>\n<meta property=\"article:publisher\" content=\"https:\/\/www.facebook.com\/spanishcourses\" \/>\n<meta property=\"article:published_time\" content=\"2011-02-02T12:25:38+00:00\" \/>\n<meta property=\"article:modified_time\" content=\"2019-04-23T22:21:00+00:00\" \/>\n<meta property=\"og:image\" content=\"https:\/\/www.inmsol.com\/wp-content\/uploads\/2019\/08\/logo-inmsol.png\" \/>\n\t<meta property=\"og:image:width\" content=\"320\" \/>\n\t<meta property=\"og:image:height\" content=\"154\" \/>\n\t<meta property=\"og:image:type\" content=\"image\/png\" \/>\n<meta name=\"author\" content=\"Javier Torres\" \/>\n<meta name=\"twitter:label1\" content=\"Escrito por\" \/>\n\t<meta name=\"twitter:data1\" content=\"Javier Torres\" \/>\n\t<meta name=\"twitter:label2\" content=\"Tiempo de lectura\" \/>\n\t<meta name=\"twitter:data2\" content=\"7 minutos\" \/>\n<script type=\"application\/ld+json\" class=\"yoast-schema-graph\">{\"@context\":\"https:\\\/\\\/schema.org\",\"@graph\":[{\"@type\":\"Article\",\"@id\":\"https:\\\/\\\/www.inmsol.com\\\/es\\\/blog-escuela\\\/cultura-literatura-historia-espana-es\\\/un-poquito-de-geografia\\\/#article\",\"isPartOf\":{\"@id\":\"https:\\\/\\\/www.inmsol.com\\\/es\\\/blog-escuela\\\/cultura-literatura-historia-espana-es\\\/un-poquito-de-geografia\\\/\"},\"author\":{\"name\":\"Javier Torres\",\"@id\":\"https:\\\/\\\/www.inmsol.com\\\/es\\\/#\\\/schema\\\/person\\\/18f18acd0397ef441e373e79ec3eb6ea\"},\"headline\":\"Un poquito de geograf\u00eda&#8230;\",\"datePublished\":\"2011-02-02T12:25:38+00:00\",\"dateModified\":\"2019-04-23T22:21:00+00:00\",\"mainEntityOfPage\":{\"@id\":\"https:\\\/\\\/www.inmsol.com\\\/es\\\/blog-escuela\\\/cultura-literatura-historia-espana-es\\\/un-poquito-de-geografia\\\/\"},\"wordCount\":1427,\"publisher\":{\"@id\":\"https:\\\/\\\/www.inmsol.com\\\/es\\\/#organization\"},\"articleSection\":[\"Cultura, Literatura e Historia de Espa\u00f1a e Hispanoam\u00e9rica\"],\"inLanguage\":\"es\"},{\"@type\":\"WebPage\",\"@id\":\"https:\\\/\\\/www.inmsol.com\\\/es\\\/blog-escuela\\\/cultura-literatura-historia-espana-es\\\/un-poquito-de-geografia\\\/\",\"url\":\"https:\\\/\\\/www.inmsol.com\\\/es\\\/blog-escuela\\\/cultura-literatura-historia-espana-es\\\/un-poquito-de-geografia\\\/\",\"name\":\"Un poquito de geograf\u00eda | cultura, geograf\u00eda, peninsula iberica | INMSOL\",\"isPartOf\":{\"@id\":\"https:\\\/\\\/www.inmsol.com\\\/es\\\/#website\"},\"datePublished\":\"2011-02-02T12:25:38+00:00\",\"dateModified\":\"2019-04-23T22:21:00+00:00\",\"description\":\"nociones geograficas\",\"breadcrumb\":{\"@id\":\"https:\\\/\\\/www.inmsol.com\\\/es\\\/blog-escuela\\\/cultura-literatura-historia-espana-es\\\/un-poquito-de-geografia\\\/#breadcrumb\"},\"inLanguage\":\"es\",\"potentialAction\":[{\"@type\":\"ReadAction\",\"target\":[\"https:\\\/\\\/www.inmsol.com\\\/es\\\/blog-escuela\\\/cultura-literatura-historia-espana-es\\\/un-poquito-de-geografia\\\/\"]}]},{\"@type\":\"BreadcrumbList\",\"@id\":\"https:\\\/\\\/www.inmsol.com\\\/es\\\/blog-escuela\\\/cultura-literatura-historia-espana-es\\\/un-poquito-de-geografia\\\/#breadcrumb\",\"itemListElement\":[{\"@type\":\"ListItem\",\"position\":1,\"name\":\"Accredited Center by Instituto Cervantes\",\"item\":\"https:\\\/\\\/www.inmsol.com\\\/es\\\/pagina-ejemplo\\\/\"},{\"@type\":\"ListItem\",\"position\":2,\"name\":\"Blog Escuela Espa\u00f1ol\",\"item\":\"https:\\\/\\\/www.inmsol.com\\\/es\\\/category\\\/blog-escuela\\\/\"},{\"@type\":\"ListItem\",\"position\":3,\"name\":\"Cultura, Literatura e Historia de Espa\u00f1a e Hispanoam\u00e9rica\",\"item\":\"https:\\\/\\\/www.inmsol.com\\\/es\\\/category\\\/blog-escuela\\\/cultura-literatura-historia-espana-es\\\/\"},{\"@type\":\"ListItem\",\"position\":4,\"name\":\"Un poquito de geograf\u00eda&#8230;\"}]},{\"@type\":\"WebSite\",\"@id\":\"https:\\\/\\\/www.inmsol.com\\\/es\\\/#website\",\"url\":\"https:\\\/\\\/www.inmsol.com\\\/es\\\/\",\"name\":\"iNMSOL\",\"description\":\"Aprenda Espa\u00f1ol con iNMSOL en Granada | Centro Acreditado por el Instituto Cervantes\",\"publisher\":{\"@id\":\"https:\\\/\\\/www.inmsol.com\\\/es\\\/#organization\"},\"potentialAction\":[{\"@type\":\"SearchAction\",\"target\":{\"@type\":\"EntryPoint\",\"urlTemplate\":\"https:\\\/\\\/www.inmsol.com\\\/es\\\/?s={search_term_string}\"},\"query-input\":{\"@type\":\"PropertyValueSpecification\",\"valueRequired\":true,\"valueName\":\"search_term_string\"}}],\"inLanguage\":\"es\"},{\"@type\":\"Organization\",\"@id\":\"https:\\\/\\\/www.inmsol.com\\\/es\\\/#organization\",\"name\":\"Instituto Mediterr\u00e1neo Sol\",\"url\":\"https:\\\/\\\/www.inmsol.com\\\/es\\\/\",\"logo\":{\"@type\":\"ImageObject\",\"inLanguage\":\"es\",\"@id\":\"https:\\\/\\\/www.inmsol.com\\\/es\\\/#\\\/schema\\\/logo\\\/image\\\/\",\"url\":\"https:\\\/\\\/www.inmsol.com\\\/wp-content\\\/uploads\\\/2023\\\/06\\\/logo-inmsol-1.png\",\"contentUrl\":\"https:\\\/\\\/www.inmsol.com\\\/wp-content\\\/uploads\\\/2023\\\/06\\\/logo-inmsol-1.png\",\"width\":136,\"height\":73,\"caption\":\"Instituto Mediterr\u00e1neo Sol\"},\"image\":{\"@id\":\"https:\\\/\\\/www.inmsol.com\\\/es\\\/#\\\/schema\\\/logo\\\/image\\\/\"},\"sameAs\":[\"https:\\\/\\\/www.facebook.com\\\/spanishcourses\",\"https:\\\/\\\/x.com\\\/StudyInGranada\",\"http:\\\/\\\/instagram.com\\\/imsolgranada\",\"https:\\\/\\\/es.linkedin.com\\\/company\\\/imsol-granada\",\"https:\\\/\\\/www.pinterest.es\\\/inmsol\\\/\",\"https:\\\/\\\/www.youtube.com\\\/channel\\\/UChz-Qn_7coFMosY85iYMO4g\"]},{\"@type\":\"Person\",\"@id\":\"https:\\\/\\\/www.inmsol.com\\\/es\\\/#\\\/schema\\\/person\\\/18f18acd0397ef441e373e79ec3eb6ea\",\"name\":\"Javier Torres\",\"image\":{\"@type\":\"ImageObject\",\"inLanguage\":\"es\",\"@id\":\"https:\\\/\\\/secure.gravatar.com\\\/avatar\\\/90afa2d6499550218d247408758082af566e5ec3641e1b8eac0d7bb889344a55?s=96&d=mm&r=g\",\"url\":\"https:\\\/\\\/secure.gravatar.com\\\/avatar\\\/90afa2d6499550218d247408758082af566e5ec3641e1b8eac0d7bb889344a55?s=96&d=mm&r=g\",\"contentUrl\":\"https:\\\/\\\/secure.gravatar.com\\\/avatar\\\/90afa2d6499550218d247408758082af566e5ec3641e1b8eac0d7bb889344a55?s=96&d=mm&r=g\",\"caption\":\"Javier Torres\"},\"url\":\"https:\\\/\\\/www.inmsol.com\\\/es\\\/author\\\/javier\\\/\"}]}<\/script>\n<!-- \/ Yoast SEO plugin. -->","yoast_head_json":{"title":"Un poquito de geograf\u00eda | cultura, geograf\u00eda, peninsula iberica | INMSOL","description":"nociones geograficas","robots":{"index":"index","follow":"follow","max-snippet":"max-snippet:-1","max-image-preview":"max-image-preview:large","max-video-preview":"max-video-preview:-1"},"canonical":"https:\/\/www.inmsol.com\/es\/blog-escuela\/cultura-literatura-historia-espana-es\/un-poquito-de-geografia\/","og_locale":"es_ES","og_type":"article","og_title":"Un poquito de geograf\u00eda | cultura, geograf\u00eda, peninsula iberica | INMSOL","og_description":"nociones geograficas","og_url":"https:\/\/www.inmsol.com\/es\/blog-escuela\/cultura-literatura-historia-espana-es\/un-poquito-de-geografia\/","og_site_name":"iNMSOL","article_publisher":"https:\/\/www.facebook.com\/spanishcourses","article_published_time":"2011-02-02T12:25:38+00:00","article_modified_time":"2019-04-23T22:21:00+00:00","og_image":[{"width":320,"height":154,"url":"https:\/\/www.inmsol.com\/wp-content\/uploads\/2019\/08\/logo-inmsol.png","type":"image\/png"}],"author":"Javier Torres","twitter_misc":{"Escrito por":"Javier Torres","Tiempo de lectura":"7 minutos"},"schema":{"@context":"https:\/\/schema.org","@graph":[{"@type":"Article","@id":"https:\/\/www.inmsol.com\/es\/blog-escuela\/cultura-literatura-historia-espana-es\/un-poquito-de-geografia\/#article","isPartOf":{"@id":"https:\/\/www.inmsol.com\/es\/blog-escuela\/cultura-literatura-historia-espana-es\/un-poquito-de-geografia\/"},"author":{"name":"Javier Torres","@id":"https:\/\/www.inmsol.com\/es\/#\/schema\/person\/18f18acd0397ef441e373e79ec3eb6ea"},"headline":"Un poquito de geograf\u00eda&#8230;","datePublished":"2011-02-02T12:25:38+00:00","dateModified":"2019-04-23T22:21:00+00:00","mainEntityOfPage":{"@id":"https:\/\/www.inmsol.com\/es\/blog-escuela\/cultura-literatura-historia-espana-es\/un-poquito-de-geografia\/"},"wordCount":1427,"publisher":{"@id":"https:\/\/www.inmsol.com\/es\/#organization"},"articleSection":["Cultura, Literatura e Historia de Espa\u00f1a e Hispanoam\u00e9rica"],"inLanguage":"es"},{"@type":"WebPage","@id":"https:\/\/www.inmsol.com\/es\/blog-escuela\/cultura-literatura-historia-espana-es\/un-poquito-de-geografia\/","url":"https:\/\/www.inmsol.com\/es\/blog-escuela\/cultura-literatura-historia-espana-es\/un-poquito-de-geografia\/","name":"Un poquito de geograf\u00eda | cultura, geograf\u00eda, peninsula iberica | INMSOL","isPartOf":{"@id":"https:\/\/www.inmsol.com\/es\/#website"},"datePublished":"2011-02-02T12:25:38+00:00","dateModified":"2019-04-23T22:21:00+00:00","description":"nociones geograficas","breadcrumb":{"@id":"https:\/\/www.inmsol.com\/es\/blog-escuela\/cultura-literatura-historia-espana-es\/un-poquito-de-geografia\/#breadcrumb"},"inLanguage":"es","potentialAction":[{"@type":"ReadAction","target":["https:\/\/www.inmsol.com\/es\/blog-escuela\/cultura-literatura-historia-espana-es\/un-poquito-de-geografia\/"]}]},{"@type":"BreadcrumbList","@id":"https:\/\/www.inmsol.com\/es\/blog-escuela\/cultura-literatura-historia-espana-es\/un-poquito-de-geografia\/#breadcrumb","itemListElement":[{"@type":"ListItem","position":1,"name":"Accredited Center by Instituto Cervantes","item":"https:\/\/www.inmsol.com\/es\/pagina-ejemplo\/"},{"@type":"ListItem","position":2,"name":"Blog Escuela Espa\u00f1ol","item":"https:\/\/www.inmsol.com\/es\/category\/blog-escuela\/"},{"@type":"ListItem","position":3,"name":"Cultura, Literatura e Historia de Espa\u00f1a e Hispanoam\u00e9rica","item":"https:\/\/www.inmsol.com\/es\/category\/blog-escuela\/cultura-literatura-historia-espana-es\/"},{"@type":"ListItem","position":4,"name":"Un poquito de geograf\u00eda&#8230;"}]},{"@type":"WebSite","@id":"https:\/\/www.inmsol.com\/es\/#website","url":"https:\/\/www.inmsol.com\/es\/","name":"iNMSOL","description":"Aprenda Espa\u00f1ol con iNMSOL en Granada | Centro Acreditado por el Instituto Cervantes","publisher":{"@id":"https:\/\/www.inmsol.com\/es\/#organization"},"potentialAction":[{"@type":"SearchAction","target":{"@type":"EntryPoint","urlTemplate":"https:\/\/www.inmsol.com\/es\/?s={search_term_string}"},"query-input":{"@type":"PropertyValueSpecification","valueRequired":true,"valueName":"search_term_string"}}],"inLanguage":"es"},{"@type":"Organization","@id":"https:\/\/www.inmsol.com\/es\/#organization","name":"Instituto Mediterr\u00e1neo Sol","url":"https:\/\/www.inmsol.com\/es\/","logo":{"@type":"ImageObject","inLanguage":"es","@id":"https:\/\/www.inmsol.com\/es\/#\/schema\/logo\/image\/","url":"https:\/\/www.inmsol.com\/wp-content\/uploads\/2023\/06\/logo-inmsol-1.png","contentUrl":"https:\/\/www.inmsol.com\/wp-content\/uploads\/2023\/06\/logo-inmsol-1.png","width":136,"height":73,"caption":"Instituto Mediterr\u00e1neo Sol"},"image":{"@id":"https:\/\/www.inmsol.com\/es\/#\/schema\/logo\/image\/"},"sameAs":["https:\/\/www.facebook.com\/spanishcourses","https:\/\/x.com\/StudyInGranada","http:\/\/instagram.com\/imsolgranada","https:\/\/es.linkedin.com\/company\/imsol-granada","https:\/\/www.pinterest.es\/inmsol\/","https:\/\/www.youtube.com\/channel\/UChz-Qn_7coFMosY85iYMO4g"]},{"@type":"Person","@id":"https:\/\/www.inmsol.com\/es\/#\/schema\/person\/18f18acd0397ef441e373e79ec3eb6ea","name":"Javier Torres","image":{"@type":"ImageObject","inLanguage":"es","@id":"https:\/\/secure.gravatar.com\/avatar\/90afa2d6499550218d247408758082af566e5ec3641e1b8eac0d7bb889344a55?s=96&d=mm&r=g","url":"https:\/\/secure.gravatar.com\/avatar\/90afa2d6499550218d247408758082af566e5ec3641e1b8eac0d7bb889344a55?s=96&d=mm&r=g","contentUrl":"https:\/\/secure.gravatar.com\/avatar\/90afa2d6499550218d247408758082af566e5ec3641e1b8eac0d7bb889344a55?s=96&d=mm&r=g","caption":"Javier Torres"},"url":"https:\/\/www.inmsol.com\/es\/author\/javier\/"}]}},"_links":{"self":[{"href":"https:\/\/www.inmsol.com\/es\/wp-json\/wp\/v2\/posts\/630","targetHints":{"allow":["GET"]}}],"collection":[{"href":"https:\/\/www.inmsol.com\/es\/wp-json\/wp\/v2\/posts"}],"about":[{"href":"https:\/\/www.inmsol.com\/es\/wp-json\/wp\/v2\/types\/post"}],"author":[{"embeddable":true,"href":"https:\/\/www.inmsol.com\/es\/wp-json\/wp\/v2\/users\/2"}],"replies":[{"embeddable":true,"href":"https:\/\/www.inmsol.com\/es\/wp-json\/wp\/v2\/comments?post=630"}],"version-history":[{"count":0,"href":"https:\/\/www.inmsol.com\/es\/wp-json\/wp\/v2\/posts\/630\/revisions"}],"wp:attachment":[{"href":"https:\/\/www.inmsol.com\/es\/wp-json\/wp\/v2\/media?parent=630"}],"wp:term":[{"taxonomy":"category","embeddable":true,"href":"https:\/\/www.inmsol.com\/es\/wp-json\/wp\/v2\/categories?post=630"},{"taxonomy":"post_tag","embeddable":true,"href":"https:\/\/www.inmsol.com\/es\/wp-json\/wp\/v2\/tags?post=630"}],"curies":[{"name":"wp","href":"https:\/\/api.w.org\/{rel}","templated":true}]}}