{"id":692,"date":"2011-03-01T10:11:10","date_gmt":"2011-03-01T09:11:10","guid":{"rendered":"https:\/\/www.inmsol.com\/"},"modified":"2019-04-24T00:09:24","modified_gmt":"2019-04-23T22:09:24","slug":"programacion-cultural-marzo-2011","status":"publish","type":"post","link":"https:\/\/www.inmsol.com\/es\/blog-escuela\/eventos-granada\/programacion-cultural-marzo-2011\/","title":{"rendered":"Programaci\u00f3n cultural, marzo 2011"},"content":{"rendered":"<p class=\"rteleft\"><strong>PROGRAMACI\u00d3N CULTURAL MARZO 2011<\/strong><\/p>\n<p>Hasta el 3 de abril<br \/>\nIII EDICI\u00d3N DEL FESTIVAL INTERNACIONAL DE CINE<br \/>\nExposici\u00f3n \u201cMARILYN, MAS ALL\u00c1 DEL MITO\u201d<br \/>\nLugar: Sala de exposiciones temporales del C. Cultural Cajagranada \u201cMemoria<br \/>\nde Andaluc\u00eda.<br \/>\nHorario: de martes a s\u00e1bado de 12\u201900 a 14\u201900 y de 17\u201900 a 20\u201900<br \/>\ndomingos de 11\u201900\u00a0 a 15\u201900<br \/>\nlunes cerrado<\/p>\n<p>Hasta el 2 de abril<br \/>\nIII EDICI\u00d3N DEL FESTIVAL INTERNACIONAL DE CINE<br \/>\nExposici\u00f3n \u201cDE NORMA JEANE A MARILYN MONRROE. SUS RECUERDOS PRIVADOS\u201d<br \/>\nLugar: Sala de exposiciones Fundaci\u00f3n Caja Rural, Edf. Zaida<br \/>\nHorario: de lunes a domingo de 11\u201900 a 14\u201900 y de 18\u201900 a 21\u201900<br \/>\nExcepto domingos por la tarde<\/p>\n<p>Hasta el\u00a0 20 de marzo<br \/>\nExposici\u00f3n de Pintura \u201cDESDE LA ESENCIA NATURAL\u201d<br \/>\ndel autor pl\u00e1stico ALEJANDRO HERMANN<br \/>\nLugar: Sala de exposiciones \u00abGran Capit\u00e1n\u00bb<br \/>\nHorario: de martes a sabados de 17&#8217;00 a 21&#8217;30<br \/>\ndomingos de 10&#8217;00 a 14&#8217;00<br \/>\nlunes, cerrado<\/p>\n<p>Hasta el 6 de marzo<br \/>\nIII EDICI\u00d3N DEL FESTIVAL INTERNACIONAL DE CINE<br \/>\n\u201cLAMINAS IN\u00c9DITAS DE CINE CL\u00c1SICO DE 1930 A 1935\u201d<br \/>\nLugar: Sala de Exposiciones del Auditorio \u201cManuel de Falla\u201d<br \/>\nHorario: de 8\u201900 a 20\u201900 d\u00edas laborables y durante los eventos del<br \/>\nAuditorio<\/p>\n<p>D\u00eda 2, mi\u00e9rcoles<br \/>\nXV CONVIVENCIA DE MAYORES\u00a0 (Bienestar Social)<br \/>\nLugar: Teatro Municipal \u00abIsabel la Cat\u00f3lica\u00bb<br \/>\nHora: 12&#8217;00<\/p>\n<p>D\u00eda 2, mi\u00e9rcoles<br \/>\nESTRENO DE LA MARCHA MUSICAL EN HONOR DE LA VIRGEN DE LA SOLEDAD, ASI COMO<br \/>\nOTRAS RELATIVAS A LA SEMANA SANTA.<br \/>\nA cargo de la BANDA MUNICIPAL DE M\u00daSICA DE GRANADA<br \/>\nLugar: Teatro Municipal \u201cIsabel la Cat\u00f3lica\u201d<br \/>\nHora: 20\u201930<\/p>\n<p>D\u00eda 3, jueves<br \/>\nAuto Sacramental \u201cLA PRIMER FLOR DEL CARMELO\u201d<br \/>\nAgrupaci\u00f3n teatral \u201cMIRA DE AMESCUA\u201d<br \/>\nA beneficio de PROYECTO HOMBRE<br \/>\nLugar: Teatro Municipal \u201cIsabel la Cat\u00f3lica\u201d<br \/>\nHora: 20\u201930<\/p>\n<p>D\u00eda 4, viernes<br \/>\nORQUESTA CIUDAD DE GRANADA<br \/>\nCONCIERTO SINF\u00d3NICO 8<br \/>\nLugar: Auditorio \u201cManuel de Falla\u201d<br \/>\nHora: 20\u201930<\/p>\n<p>D\u00edas 4, 5 y 6, viernes, s\u00e1bado y domingo<br \/>\nObra de teatro \u201cEL EXTRA\u00d1O VIAJE\u201d Original de Fernando Fern\u00e1n G\u00f3mez,<br \/>\ndirigida por Gabriel Olivares e interpretada por V\u00edctor Ullate Roche, Juana<br \/>\nCordero, y Guillermo Montesinos entre otros.<br \/>\nLugar: Teatro Municipal \u201cIsabel la Cat\u00f3lica\u201d<br \/>\nHora: d\u00eda 4 a las 21\u201900<br \/>\nd\u00eda 5 a las 19\u201900 y 22\u201900<br \/>\nd\u00eda 6 a las 19\u201900<\/p>\n<p>D\u00eda 5, s\u00e1bado<br \/>\nCICLO \u201cM\u00daSICA EN 360 GRADOS\u201d<br \/>\nLOQUILLO-TREINTA ANIVERSARIO<br \/>\nLugar: Auditorio \u201cManuel de Falla\u201d<br \/>\nHora: 21\u201900<\/p>\n<p>D\u00eda 5, s\u00e1bado<br \/>\nPATRIMONIO FLAMENCO INVIERNO PRIMAVERA 2011<br \/>\nCuadro flamenco de JUAN RAM\u00cdREZ<br \/>\nLugar: Teatro Municipal \u201cLa Chumbera\u201d<br \/>\nHora: 21\u201930<\/p>\n<p>D\u00eca 8, martes<br \/>\nBANDA MUNICIPAL DE M\u00daSICA<br \/>\nLugar: Hermanitas de los Pobres<br \/>\nHora: 12\u201900<\/p>\n<p>D\u00eda 9, mi\u00e9rcoles<br \/>\nCONCIERTO DE MERCHE<br \/>\nCoorganizado con LA COPE<br \/>\nLugar: Teatro Municipal \u201cIsabel la Cat\u00f3lica\u201d<br \/>\nHora: 21\u201900<\/p>\n<p>D\u00eda 10, jueves<br \/>\nPresentaci\u00f3n del CD \u201cLO QUE A M\u00cd ME EST\u00c1 PASANDO\u201d de Antonio Cort\u00e9s<br \/>\nLugar: Teatro Municipal \u201cIsabel la Cat\u00f3lica\u201d<br \/>\nHora: 22\u201900<\/p>\n<p>D\u00eda 11, viernes<br \/>\n\u201cHOMENAJE\u00a0 Y ENTREGA DE TAPAS AL PREGONERO\u201d<br \/>\nBANDA MUNICIPAL DE M\u00daSICA<br \/>\nLugar: Teatro Municipal \u201cIsabel la Cat\u00f3lica\u201d<br \/>\nHora: 21\u201900<\/p>\n<p>D\u00eda 12, s\u00e1bado<br \/>\nXII EDICI\u00d3N PREG\u00d3N DEL MAYOR, (Bienestar Social)<br \/>\nLugar: Teatro Municipal \u201cIsabel la Cat\u00f3lica\u201d<br \/>\nHora: 12\u201900<\/p>\n<p>D\u00eda 12, s\u00e1bado<br \/>\nPATRIMONIO FLAMENCO INVIERNO PRIMAVERA 2011<br \/>\nCIA. FLAMENCA SILENCIO DANZA.\u00a0 Espect\u00e1culo \u201cDESTEJIENDO SUE\u00d1OS\u201d<br \/>\nLugar: Teatro Municipal \u201cLa Chumbera\u201d<br \/>\nHora: 21\u201930<\/p>\n<p>D\u00eda 12, s\u00e1bado<br \/>\nGARC\u00cdA LORCA TEATRO<br \/>\n\u201cBILBO\u201d<br \/>\nFunciones ESCOLARES<br \/>\nLugar: Teatro Municipal \u201cJos\u00e9 Tamayo\u201d<br \/>\nHora: 18\u201900<\/p>\n<p>D\u00eda 12, s\u00e1bado<br \/>\nCONCIERTO\u00a0 CONMEMORATIVO\u00a0 DEL XX ANIVERSARIO DE LA INAUGURACI\u00d3N DEL ARCHIVO<br \/>\nMANUEL DE FALLA EN GRANADA.<br \/>\nTHE SOLOISTS OF THE ROYAL OPERA HOSE COVENT GARDEN<br \/>\nLugar: Auditorio \u201cManuel de Falla\u201d<br \/>\nHora: 20\u201930<\/p>\n<p>D\u00eda 13, domingo<br \/>\nPREG\u00d3N DE SEMANA SANTA<br \/>\nBANDA MUNICIPAL DE M\u00daSICA<br \/>\nLugar: Teatro Municipal \u201cIsabel la Cat\u00f3lica\u201d<br \/>\nHora: 12\u201900<\/p>\n<p>D\u00eda 13, domingo<br \/>\nGRANADA TEL\u00d3N ABIERTO<br \/>\nCompa\u00f1\u00eda NIUMPALOAL\u00bbARTE<br \/>\nObra \u201cEmbancados\u201d<br \/>\nLugar: Teatro Municipal \u00abIsabel la Cat\u00f3lica\u00bb<br \/>\nHora: 20\u201900<br \/>\nDel 15 al 20 de marzo<br \/>\n23 FESTIVAL INTERNACIONAL DE TANGO DE GRANADA 2011<\/p>\n<p>D\u00eda 15, martes<br \/>\n23 FESTIVAL INTERNACIONAL DE TANGO DE GRANADA 2011<br \/>\nACTO INAUGURAL Con la presencia de autoridades, artistas, prensa y p\u00fablico<br \/>\nLugar: Sal\u00f3n de Plenos del Ayuntamiento<br \/>\nHora: 20\u201900<\/p>\n<p>D\u00eda 16, mi\u00e9rcoles<br \/>\n23 FESTIVAL INTERNACIONAL DE TANGO DE GRANADA 2011<br \/>\n1\u00aa parte<br \/>\nPROEMIUM METALS presentan \u201cAstor en bronce\u201d<br \/>\nBETSAB\u00c9 FLORES y JONATHAN SPITEL (Tango-danza)<br \/>\nOSVALDO JIM\u00c9NEZ Y JAVIER OYHANARTE presentan \u201cGardelianas\u201d<br \/>\n2\u00aa parte<br \/>\nSOLEDAD BUSS Y CESAR PERAL (Tango-danza)<br \/>\nJACQUELINE SIGAUT (voz y piano)<br \/>\nLugar: Teatro Municipal \u201cIsabel la Cat\u00f3lica\u201d<br \/>\nHora: 21\u201900<\/p>\n<p>D\u00eda 17, jueves<br \/>\n23 FESTIVAL INTERNACIONAL DE TANGO DE GRANADA 2011<br \/>\n1\u00aa parte<br \/>\nCARLOS ANDREOLI. Artista invitado. MAGO MIGUE<br \/>\n2\u00aa parte<br \/>\nDELICIOSAS CRIATURAS PERFUMADAS<br \/>\nC\u00eda de Danza Pies Desnudos. Direcci\u00f3n Laura Roatta<br \/>\nLugar: Teatro Municipal \u201cIsabel la Cat\u00f3lica\u201d<br \/>\nHora: 21\u201900<\/p>\n<p>D\u00eda 18, viernes<br \/>\n23 FESTIVAL INTERNACIONAL DE TANGO DE GRANADA 2011<br \/>\n1\u00aa parte<br \/>\nFRANCISCO COCUZZA presenta \u201cSerTango\u201d (Concierto actoral)<br \/>\n2\u00aa parte<br \/>\nPAOLA SCHIAVONI Y ARIEL ASCHERI (Voz y guitarra)<br \/>\nCOREOGRAF\u00cdAS DE LAURA ROATTA (Tango-danza)<br \/>\nLugar: Teatro Municipal \u201cIsabel la Cat\u00f3lica\u201d<br \/>\nHora: 21\u201900<br \/>\nD\u00eda 18, viernes<br \/>\nBANDA MUNICIPAL DE M\u00daSICA<br \/>\nConcierto de Semana Santa<br \/>\nLugar: Iglesia San Juan de Letr\u00e1n<br \/>\nHora: 20\u201900<\/p>\n<p>D\u00eda 18, viernes<br \/>\nORQUESTA CIUDAD DE GRANADA<br \/>\nCONCIERTO SINF\u00d3NICO 9<br \/>\nLugar: Auditorio \u201cManuel de Falla\u201d<br \/>\nHora: 20\u201930<\/p>\n<p>D\u00eda 18, viernes<br \/>\nConcierto de m\u00fasica Pocp-Rock a cargo de \u201cFANGORIA\u201d<br \/>\nLugar: Palacio de Congresos y Exposiciones<br \/>\nHora: 21\u201900<\/p>\n<p>D\u00eda 19, s\u00e1bado<br \/>\n23 FESTIVAL INTERNACIONAL DE TANGO DE GRANADA 2011<br \/>\n1\u00aa parte<br \/>\nALEJANDRA HEREDIA Y MARIANO OTERO (tango-danza)<br \/>\nLA MUFA TANGO<br \/>\n(Ganadores del Concurso \u201cTango Uruguayo en Espa\u00f1a\u201d convocado por la<br \/>\nEmbajada de Espa\u00f1a en Montevideo)<br \/>\n2\u00aa parte<br \/>\nCECILIA FIGAREDO Y CESAR PERAL (Tango-danza)<br \/>\nTANGO A TRES y GRUPO CANDOMBE + SANDRA RHEDER (piano, saxo soprano, viol\u00edn,<br \/>\nguitarra, contrabajo + voz femenina)<br \/>\nLugar: Teatro Municipal \u201cIsabel la Cat\u00f3lica\u201d<br \/>\nHora: 21\u201900<\/p>\n<p>D\u00eda 19, s\u00e1bado<br \/>\nPATRIMONIO FLAMENCO INVIERNO PRIMAVERA 2011<br \/>\nRAFAELA G\u00d3MEZ, RAFALIN HABICHUELA. Cuadro flamenco<br \/>\nLugar: Teatro Municipal \u201cLa Chumbera\u201d<br \/>\nHora: 21\u201930<\/p>\n<p>D\u00eda 19, s\u00e1bado<br \/>\n23 FESTIVAL INTERNACIONAL DE TANGO DE GRANADA 2011<br \/>\nBAILE POPULAR. Milonga en la calle Cuarteto Vidurria<br \/>\nLugar: Plaza de las Pasiegas<br \/>\nHora: 13\u201900<\/p>\n<p>D\u00eda 19, s\u00e1bado<br \/>\nORQUESTA CIUDAD DE GRANADA<br \/>\nCONCIERTO SINF\u00d3NICO 4<br \/>\nLugar: Auditorio \u201cManuel de Falla\u201d<br \/>\nHora: 20\u201900<\/p>\n<p>D\u00eda 19, s\u00e1bado<br \/>\nGARC\u00cdA LORCA TEATRO<br \/>\n\u201cBILBO\u201d<br \/>\nFunciones ESCOLARES<br \/>\nLugar: Teatro Municipal \u201cJos\u00e9 Tamayo\u201d<br \/>\nHora: 18\u201900<\/p>\n<p>D\u00eda 20, domingo<br \/>\n23 FESTIVAL INTERNACIONAL DE TANGO DE GRANADA 2011<br \/>\n1\u00aa parte<br \/>\nBETSAB\u00c9 FLORES y JONATHAN SPITEL (Tango-danza)<br \/>\nCampeones del Mundial de Baile de Tango 2009<br \/>\nMARIEL DU PETIT (Voz)<br \/>\nWALTER R\u00cdOS &#8211; LEO SUJATOVICH-LUCHO GONZ\u00c1LEZ<br \/>\n(Bandone\u00f3n, Piano, Guitarra)<br \/>\n2\u00aa parte<br \/>\nJUAN JOS\u00c9 MOSALINI-LEONARDO S\u00c1NCHEZ (Bandone\u00f3n y guitarra)<br \/>\nCIERRE DEL FESTIVAL: Di\u00e1logos de Bandoneones y Grandes m\u00fasicos del Tango<br \/>\nLugar: Teatro Municipal \u201cIsabel la Cat\u00f3lica\u201d<br \/>\nHora: 20\u201900<\/p>\n<p>D\u00eda 20, domingo<br \/>\nORQUESTA CIUDAD DE GRANADA<br \/>\nCONCIERTO FAMILIAR 3<br \/>\nLugar: Auditorio \u201cManuel de Falla\u201d<br \/>\nHora: 12\u201900<\/p>\n<p>D\u00eda 23, mi\u00e9rcoles<br \/>\nActuaci\u00f3n de la ANTIGUA TUNA DEL DISTRITO UNIVERSITARIO DE GRANADA<br \/>\nA beneficio de la Orden Hospitaliaria de los Hermanos de San Juan de Dios<br \/>\nLugar: Teatro Municipal \u201cIsabel la Cat\u00f3lica\u201d<br \/>\nHora: 21\u201900<\/p>\n<p>D\u00eda 24, jueves<br \/>\nPresentaci\u00f3n del CD \u201cJOLIS EN BUENOS AIRES, Y OTRAS CANCIONES EN LENGUAS<br \/>\nVIAJERAS\u201d, de Jos\u00e9 Luis Gualda<br \/>\nLugar: Teatro Municipal \u201cIsabel la Cat\u00f3lica\u201d<br \/>\nHora: 21\u201930<br \/>\nD\u00eda 24, jueves<br \/>\nLECTURA DEL MANIFIESTO PARA EL D\u00cdA MUNDIAL<br \/>\nDEL TEATRO<br \/>\nLugar: Frente al monumento del actor granadino ISIDORO MAIQUEZ<br \/>\nHora: 12&#8217;00<\/p>\n<p>D\u00edas 25, 26 y 27, viernes, s\u00e1bado y domingo<br \/>\nCOMPA\u00d1\u00cdA DE TEATRO \u00abCORRAL DEL CARB\u00d3N\u00bb<br \/>\nObra, SEIS PERSONAJES EN BUSCA DE AUTOR<br \/>\nLugar: Teatro Municipal \u00abIsabel la Cat\u00f3lica\u00bb<br \/>\nHora: d\u00edas 25 y 26 a las 21&#8217;30<br \/>\nd\u00eda 27 a las 20&#8217;00<\/p>\n<p>D\u00eda 25, viernes<br \/>\nORQUESTA CIUDAD DE GRANADA<br \/>\nCONCIERTO SINF\u00d3NICO 11<br \/>\nLugar: Auditorio \u201cManuel de Falla\u201d<br \/>\nHora: 20\u201930<\/p>\n<p>D\u00eda 26, s\u00e1bado<br \/>\nPATRIMONIO FLAMENCO INVIERNO PRIMAVERA 2011<br \/>\nJUANA LA CILANTRA. Cuadro Flamenco<br \/>\nLugar: Teatro Municipal \u201cLa Chumbera\u201d<br \/>\nHora: 21\u201930<\/p>\n<p>D\u00eda 26, s\u00e1bado<br \/>\nIX CONCIERTO EN HOMENAJE AL PULSO Y P\u00daA GRANADINO<br \/>\nLugar: Auditorio \u201cManuel de Falla\u201d<br \/>\nHora: 20\u201930<\/p>\n<p>D\u00eda 27, domingo<br \/>\nOTO\u00d1O MUSICAL<br \/>\nUNA HORA DE C\u00c1MARA. VI CONCIERTO DE C\u00c1MARA<br \/>\nRUMBO AL ESTE: M\u00daSICA DE EUROPA CENTRAL<br \/>\nLugar: Auditorio \u201cManuel de Falla\u201d<br \/>\nHora: 12\u201900<\/p>\n<p>Del 29 de marzo al 17 de abril<br \/>\nExposici\u00f3n \u201cEL DEPORTE Y SU PAISAJE\u201d, del fot\u00f3grafo RAFAEL VEGA DE PEDRO<br \/>\nLugar: Sala de Exposiciones de \u201cGran Capit\u00e1n\u201d<br \/>\nHora: de martes a sabados de 17&#8217;00 a 21&#8217;30<br \/>\ndomingos de 10&#8217;00 a 14&#8217;00<br \/>\nlunes, cerrado<\/p>\n<p>Del 30 de marzo al 3 de abril<br \/>\nX ENCUENTRO DE CANTAUTORES Y CANTAUTORAS \u00abABRIL PARA VIVIR\u00bb<\/p>\n<p>D\u00eda 30, mi\u00e9rcoles<br \/>\nX ENCUENTRO DE CANTAUTORES Y CANTAUTORAS \u00abABRIL PARA VIVIR\u00bb<br \/>\nMUJERES DE GRANADA<br \/>\n&#8211; ROSALIE CANGELOSI<br \/>\n&#8211; \u00c1NGELA MURO<br \/>\n&#8211; VICKY CRUZ<br \/>\n&#8211; BEBA JIM\u00c9NEZ<br \/>\n&#8211; ROSA LAZAR<br \/>\n&#8211; ELENA BUGEDO<br \/>\nLugar: Teatro Municipal \u00abIsabel la Cat\u00f3lica\u00bb<br \/>\nHora: 21&#8217;00<\/p>\n<p>D\u00eda 31, jueves<br \/>\nCONCIERTO DE PRIMAVERA<br \/>\nA beneficio de la ONG \u00abHarambe\u00e9\u00bb<br \/>\nLugar: Teatro Municipal \u00abIsabel la Cat\u00f3lica\u00bb<br \/>\nHora: 20&#8217;00<\/p>\n<p>D\u00eda 31, jueves<br \/>\nBANDA MUNICIPAL DE M\u00daSICA<br \/>\nConcierto Semana Santa<br \/>\nLugar: Bas\u00edlica San Juan de Dios<br \/>\nHora: 21\u201900<\/p>\n<p>D\u00eda 31, jueves<br \/>\nX ENCUENTRO DE CANTAUTORES Y CANTAUTORAS \u00abABRIL PARA VIVIR\u00bb<br \/>\nInauguraci\u00f3n \u00abCantamos contra el hambre\u00bb<br \/>\nLugar: Plaza Bibrambla<br \/>\nHora: 11&#8217;00 &#8211; 20&#8217;00<br \/>\nConcierto Universidad: Asociaci\u00f3n Cantautores y Cantautoras de Granada<br \/>\nLugar: Auditorio Escuela Universitaria Arquitectura T\u00e9cnica<br \/>\nHora: 20&#8217;00<\/p>\n","protected":false},"excerpt":{"rendered":"<p>PROGRAMACI\u00d3N CULTURAL MARZO 2011 Hasta el 3 de abril III EDICI\u00d3N DEL FESTIVAL INTERNACIONAL DE CINE Exposici\u00f3n \u201cMARILYN, MAS ALL\u00c1 DEL MITO\u201d Lugar: Sala de exposiciones temporales del C. Cultural Cajagranada \u201cMemoria de Andaluc\u00eda. Horario: de martes a s\u00e1bado de 12\u201900 a 14\u201900 y de&#8230;<\/p>\n","protected":false},"author":2,"featured_media":0,"comment_status":"closed","ping_status":"closed","sticky":false,"template":"","format":"standard","meta":{"_acf_changed":false,"footnotes":""},"categories":[80],"tags":[],"class_list":["post-692","post","type-post","status-publish","format-standard","hentry","category-eventos-granada"],"acf":[],"yoast_head":"<!-- This site is optimized with the Yoast SEO plugin v27.5 - https:\/\/yoast.com\/product\/yoast-seo-wordpress\/ -->\n<title>Programaci\u00f3n cultural, marzo 2011- Instituto Mediterr\u00e1neo Sol<\/title>\n<meta name=\"description\" content=\"PROGRAMACI\u00d3N CULTURAL MARZO 2011 Hasta el 3 de abril III EDICI\u00d3N DEL FESTIVAL INTERNACIONAL DE CINE Exposici\u00f3n \u201cMARILYN, MAS ALL\u00c1 DEL MITO\u201d .\" \/>\n<meta name=\"robots\" content=\"index, follow, max-snippet:-1, max-image-preview:large, max-video-preview:-1\" \/>\n<link rel=\"canonical\" href=\"https:\/\/www.inmsol.com\/es\/blog-escuela\/eventos-granada\/programacion-cultural-marzo-2011\/\" \/>\n<meta property=\"og:locale\" content=\"es_ES\" \/>\n<meta property=\"og:type\" content=\"article\" \/>\n<meta property=\"og:title\" content=\"Programaci\u00f3n cultural, marzo 2011- Instituto Mediterr\u00e1neo Sol\" \/>\n<meta property=\"og:description\" content=\"PROGRAMACI\u00d3N CULTURAL MARZO 2011 Hasta el 3 de abril III EDICI\u00d3N DEL FESTIVAL INTERNACIONAL DE CINE Exposici\u00f3n \u201cMARILYN, MAS ALL\u00c1 DEL MITO\u201d .\" \/>\n<meta property=\"og:url\" content=\"https:\/\/www.inmsol.com\/es\/blog-escuela\/eventos-granada\/programacion-cultural-marzo-2011\/\" \/>\n<meta property=\"og:site_name\" content=\"iNMSOL\" \/>\n<meta property=\"article:publisher\" content=\"https:\/\/www.facebook.com\/spanishcourses\" \/>\n<meta property=\"article:published_time\" content=\"2011-03-01T09:11:10+00:00\" \/>\n<meta property=\"article:modified_time\" content=\"2019-04-23T22:09:24+00:00\" \/>\n<meta property=\"og:image\" content=\"https:\/\/www.inmsol.com\/wp-content\/uploads\/2019\/08\/logo-inmsol.png\" \/>\n\t<meta property=\"og:image:width\" content=\"320\" \/>\n\t<meta property=\"og:image:height\" content=\"154\" \/>\n\t<meta property=\"og:image:type\" content=\"image\/png\" \/>\n<meta name=\"author\" content=\"Javier Torres\" \/>\n<meta name=\"twitter:label1\" content=\"Escrito por\" \/>\n\t<meta name=\"twitter:data1\" content=\"Javier Torres\" \/>\n\t<meta name=\"twitter:label2\" content=\"Tiempo de lectura\" \/>\n\t<meta name=\"twitter:data2\" content=\"7 minutos\" \/>\n<script type=\"application\/ld+json\" class=\"yoast-schema-graph\">{\"@context\":\"https:\\\/\\\/schema.org\",\"@graph\":[{\"@type\":\"Article\",\"@id\":\"https:\\\/\\\/www.inmsol.com\\\/es\\\/blog-escuela\\\/eventos-granada\\\/programacion-cultural-marzo-2011\\\/#article\",\"isPartOf\":{\"@id\":\"https:\\\/\\\/www.inmsol.com\\\/es\\\/blog-escuela\\\/eventos-granada\\\/programacion-cultural-marzo-2011\\\/\"},\"author\":{\"name\":\"Javier Torres\",\"@id\":\"https:\\\/\\\/www.inmsol.com\\\/es\\\/#\\\/schema\\\/person\\\/18f18acd0397ef441e373e79ec3eb6ea\"},\"headline\":\"Programaci\u00f3n cultural, marzo 2011\",\"datePublished\":\"2011-03-01T09:11:10+00:00\",\"dateModified\":\"2019-04-23T22:09:24+00:00\",\"mainEntityOfPage\":{\"@id\":\"https:\\\/\\\/www.inmsol.com\\\/es\\\/blog-escuela\\\/eventos-granada\\\/programacion-cultural-marzo-2011\\\/\"},\"wordCount\":1454,\"publisher\":{\"@id\":\"https:\\\/\\\/www.inmsol.com\\\/es\\\/#organization\"},\"articleSection\":[\"Eventos en Granada\"],\"inLanguage\":\"es\"},{\"@type\":\"WebPage\",\"@id\":\"https:\\\/\\\/www.inmsol.com\\\/es\\\/blog-escuela\\\/eventos-granada\\\/programacion-cultural-marzo-2011\\\/\",\"url\":\"https:\\\/\\\/www.inmsol.com\\\/es\\\/blog-escuela\\\/eventos-granada\\\/programacion-cultural-marzo-2011\\\/\",\"name\":\"Programaci\u00f3n cultural, marzo 2011- Instituto Mediterr\u00e1neo Sol\",\"isPartOf\":{\"@id\":\"https:\\\/\\\/www.inmsol.com\\\/es\\\/#website\"},\"datePublished\":\"2011-03-01T09:11:10+00:00\",\"dateModified\":\"2019-04-23T22:09:24+00:00\",\"description\":\"PROGRAMACI\u00d3N CULTURAL MARZO 2011 Hasta el 3 de abril III EDICI\u00d3N DEL FESTIVAL INTERNACIONAL DE CINE Exposici\u00f3n \u201cMARILYN, MAS ALL\u00c1 DEL MITO\u201d .\",\"breadcrumb\":{\"@id\":\"https:\\\/\\\/www.inmsol.com\\\/es\\\/blog-escuela\\\/eventos-granada\\\/programacion-cultural-marzo-2011\\\/#breadcrumb\"},\"inLanguage\":\"es\",\"potentialAction\":[{\"@type\":\"ReadAction\",\"target\":[\"https:\\\/\\\/www.inmsol.com\\\/es\\\/blog-escuela\\\/eventos-granada\\\/programacion-cultural-marzo-2011\\\/\"]}]},{\"@type\":\"BreadcrumbList\",\"@id\":\"https:\\\/\\\/www.inmsol.com\\\/es\\\/blog-escuela\\\/eventos-granada\\\/programacion-cultural-marzo-2011\\\/#breadcrumb\",\"itemListElement\":[{\"@type\":\"ListItem\",\"position\":1,\"name\":\"Accredited Center by Instituto Cervantes\",\"item\":\"https:\\\/\\\/www.inmsol.com\\\/es\\\/pagina-ejemplo\\\/\"},{\"@type\":\"ListItem\",\"position\":2,\"name\":\"Blog Escuela Espa\u00f1ol\",\"item\":\"https:\\\/\\\/www.inmsol.com\\\/es\\\/category\\\/blog-escuela\\\/\"},{\"@type\":\"ListItem\",\"position\":3,\"name\":\"Eventos en Granada\",\"item\":\"https:\\\/\\\/www.inmsol.com\\\/es\\\/category\\\/blog-escuela\\\/eventos-granada\\\/\"},{\"@type\":\"ListItem\",\"position\":4,\"name\":\"Programaci\u00f3n cultural, marzo 2011\"}]},{\"@type\":\"WebSite\",\"@id\":\"https:\\\/\\\/www.inmsol.com\\\/es\\\/#website\",\"url\":\"https:\\\/\\\/www.inmsol.com\\\/es\\\/\",\"name\":\"iNMSOL\",\"description\":\"Aprenda Espa\u00f1ol con iNMSOL en Granada | Centro Acreditado por el Instituto Cervantes\",\"publisher\":{\"@id\":\"https:\\\/\\\/www.inmsol.com\\\/es\\\/#organization\"},\"potentialAction\":[{\"@type\":\"SearchAction\",\"target\":{\"@type\":\"EntryPoint\",\"urlTemplate\":\"https:\\\/\\\/www.inmsol.com\\\/es\\\/?s={search_term_string}\"},\"query-input\":{\"@type\":\"PropertyValueSpecification\",\"valueRequired\":true,\"valueName\":\"search_term_string\"}}],\"inLanguage\":\"es\"},{\"@type\":\"Organization\",\"@id\":\"https:\\\/\\\/www.inmsol.com\\\/es\\\/#organization\",\"name\":\"Instituto Mediterr\u00e1neo Sol\",\"url\":\"https:\\\/\\\/www.inmsol.com\\\/es\\\/\",\"logo\":{\"@type\":\"ImageObject\",\"inLanguage\":\"es\",\"@id\":\"https:\\\/\\\/www.inmsol.com\\\/es\\\/#\\\/schema\\\/logo\\\/image\\\/\",\"url\":\"https:\\\/\\\/www.inmsol.com\\\/wp-content\\\/uploads\\\/2023\\\/06\\\/logo-inmsol-1.png\",\"contentUrl\":\"https:\\\/\\\/www.inmsol.com\\\/wp-content\\\/uploads\\\/2023\\\/06\\\/logo-inmsol-1.png\",\"width\":136,\"height\":73,\"caption\":\"Instituto Mediterr\u00e1neo Sol\"},\"image\":{\"@id\":\"https:\\\/\\\/www.inmsol.com\\\/es\\\/#\\\/schema\\\/logo\\\/image\\\/\"},\"sameAs\":[\"https:\\\/\\\/www.facebook.com\\\/spanishcourses\",\"https:\\\/\\\/x.com\\\/StudyInGranada\",\"http:\\\/\\\/instagram.com\\\/imsolgranada\",\"https:\\\/\\\/es.linkedin.com\\\/company\\\/imsol-granada\",\"https:\\\/\\\/www.pinterest.es\\\/inmsol\\\/\",\"https:\\\/\\\/www.youtube.com\\\/channel\\\/UChz-Qn_7coFMosY85iYMO4g\"]},{\"@type\":\"Person\",\"@id\":\"https:\\\/\\\/www.inmsol.com\\\/es\\\/#\\\/schema\\\/person\\\/18f18acd0397ef441e373e79ec3eb6ea\",\"name\":\"Javier Torres\",\"image\":{\"@type\":\"ImageObject\",\"inLanguage\":\"es\",\"@id\":\"https:\\\/\\\/secure.gravatar.com\\\/avatar\\\/90afa2d6499550218d247408758082af566e5ec3641e1b8eac0d7bb889344a55?s=96&d=mm&r=g\",\"url\":\"https:\\\/\\\/secure.gravatar.com\\\/avatar\\\/90afa2d6499550218d247408758082af566e5ec3641e1b8eac0d7bb889344a55?s=96&d=mm&r=g\",\"contentUrl\":\"https:\\\/\\\/secure.gravatar.com\\\/avatar\\\/90afa2d6499550218d247408758082af566e5ec3641e1b8eac0d7bb889344a55?s=96&d=mm&r=g\",\"caption\":\"Javier Torres\"},\"url\":\"https:\\\/\\\/www.inmsol.com\\\/es\\\/author\\\/javier\\\/\"}]}<\/script>\n<!-- \/ Yoast SEO plugin. -->","yoast_head_json":{"title":"Programaci\u00f3n cultural, marzo 2011- Instituto Mediterr\u00e1neo Sol","description":"PROGRAMACI\u00d3N CULTURAL MARZO 2011 Hasta el 3 de abril III EDICI\u00d3N DEL FESTIVAL INTERNACIONAL DE CINE Exposici\u00f3n \u201cMARILYN, MAS ALL\u00c1 DEL MITO\u201d .","robots":{"index":"index","follow":"follow","max-snippet":"max-snippet:-1","max-image-preview":"max-image-preview:large","max-video-preview":"max-video-preview:-1"},"canonical":"https:\/\/www.inmsol.com\/es\/blog-escuela\/eventos-granada\/programacion-cultural-marzo-2011\/","og_locale":"es_ES","og_type":"article","og_title":"Programaci\u00f3n cultural, marzo 2011- Instituto Mediterr\u00e1neo Sol","og_description":"PROGRAMACI\u00d3N CULTURAL MARZO 2011 Hasta el 3 de abril III EDICI\u00d3N DEL FESTIVAL INTERNACIONAL DE CINE Exposici\u00f3n \u201cMARILYN, MAS ALL\u00c1 DEL MITO\u201d .","og_url":"https:\/\/www.inmsol.com\/es\/blog-escuela\/eventos-granada\/programacion-cultural-marzo-2011\/","og_site_name":"iNMSOL","article_publisher":"https:\/\/www.facebook.com\/spanishcourses","article_published_time":"2011-03-01T09:11:10+00:00","article_modified_time":"2019-04-23T22:09:24+00:00","og_image":[{"width":320,"height":154,"url":"https:\/\/www.inmsol.com\/wp-content\/uploads\/2019\/08\/logo-inmsol.png","type":"image\/png"}],"author":"Javier Torres","twitter_misc":{"Escrito por":"Javier Torres","Tiempo de lectura":"7 minutos"},"schema":{"@context":"https:\/\/schema.org","@graph":[{"@type":"Article","@id":"https:\/\/www.inmsol.com\/es\/blog-escuela\/eventos-granada\/programacion-cultural-marzo-2011\/#article","isPartOf":{"@id":"https:\/\/www.inmsol.com\/es\/blog-escuela\/eventos-granada\/programacion-cultural-marzo-2011\/"},"author":{"name":"Javier Torres","@id":"https:\/\/www.inmsol.com\/es\/#\/schema\/person\/18f18acd0397ef441e373e79ec3eb6ea"},"headline":"Programaci\u00f3n cultural, marzo 2011","datePublished":"2011-03-01T09:11:10+00:00","dateModified":"2019-04-23T22:09:24+00:00","mainEntityOfPage":{"@id":"https:\/\/www.inmsol.com\/es\/blog-escuela\/eventos-granada\/programacion-cultural-marzo-2011\/"},"wordCount":1454,"publisher":{"@id":"https:\/\/www.inmsol.com\/es\/#organization"},"articleSection":["Eventos en Granada"],"inLanguage":"es"},{"@type":"WebPage","@id":"https:\/\/www.inmsol.com\/es\/blog-escuela\/eventos-granada\/programacion-cultural-marzo-2011\/","url":"https:\/\/www.inmsol.com\/es\/blog-escuela\/eventos-granada\/programacion-cultural-marzo-2011\/","name":"Programaci\u00f3n cultural, marzo 2011- Instituto Mediterr\u00e1neo Sol","isPartOf":{"@id":"https:\/\/www.inmsol.com\/es\/#website"},"datePublished":"2011-03-01T09:11:10+00:00","dateModified":"2019-04-23T22:09:24+00:00","description":"PROGRAMACI\u00d3N CULTURAL MARZO 2011 Hasta el 3 de abril III EDICI\u00d3N DEL FESTIVAL INTERNACIONAL DE CINE Exposici\u00f3n \u201cMARILYN, MAS ALL\u00c1 DEL MITO\u201d .","breadcrumb":{"@id":"https:\/\/www.inmsol.com\/es\/blog-escuela\/eventos-granada\/programacion-cultural-marzo-2011\/#breadcrumb"},"inLanguage":"es","potentialAction":[{"@type":"ReadAction","target":["https:\/\/www.inmsol.com\/es\/blog-escuela\/eventos-granada\/programacion-cultural-marzo-2011\/"]}]},{"@type":"BreadcrumbList","@id":"https:\/\/www.inmsol.com\/es\/blog-escuela\/eventos-granada\/programacion-cultural-marzo-2011\/#breadcrumb","itemListElement":[{"@type":"ListItem","position":1,"name":"Accredited Center by Instituto Cervantes","item":"https:\/\/www.inmsol.com\/es\/pagina-ejemplo\/"},{"@type":"ListItem","position":2,"name":"Blog Escuela Espa\u00f1ol","item":"https:\/\/www.inmsol.com\/es\/category\/blog-escuela\/"},{"@type":"ListItem","position":3,"name":"Eventos en Granada","item":"https:\/\/www.inmsol.com\/es\/category\/blog-escuela\/eventos-granada\/"},{"@type":"ListItem","position":4,"name":"Programaci\u00f3n cultural, marzo 2011"}]},{"@type":"WebSite","@id":"https:\/\/www.inmsol.com\/es\/#website","url":"https:\/\/www.inmsol.com\/es\/","name":"iNMSOL","description":"Aprenda Espa\u00f1ol con iNMSOL en Granada | Centro Acreditado por el Instituto Cervantes","publisher":{"@id":"https:\/\/www.inmsol.com\/es\/#organization"},"potentialAction":[{"@type":"SearchAction","target":{"@type":"EntryPoint","urlTemplate":"https:\/\/www.inmsol.com\/es\/?s={search_term_string}"},"query-input":{"@type":"PropertyValueSpecification","valueRequired":true,"valueName":"search_term_string"}}],"inLanguage":"es"},{"@type":"Organization","@id":"https:\/\/www.inmsol.com\/es\/#organization","name":"Instituto Mediterr\u00e1neo Sol","url":"https:\/\/www.inmsol.com\/es\/","logo":{"@type":"ImageObject","inLanguage":"es","@id":"https:\/\/www.inmsol.com\/es\/#\/schema\/logo\/image\/","url":"https:\/\/www.inmsol.com\/wp-content\/uploads\/2023\/06\/logo-inmsol-1.png","contentUrl":"https:\/\/www.inmsol.com\/wp-content\/uploads\/2023\/06\/logo-inmsol-1.png","width":136,"height":73,"caption":"Instituto Mediterr\u00e1neo Sol"},"image":{"@id":"https:\/\/www.inmsol.com\/es\/#\/schema\/logo\/image\/"},"sameAs":["https:\/\/www.facebook.com\/spanishcourses","https:\/\/x.com\/StudyInGranada","http:\/\/instagram.com\/imsolgranada","https:\/\/es.linkedin.com\/company\/imsol-granada","https:\/\/www.pinterest.es\/inmsol\/","https:\/\/www.youtube.com\/channel\/UChz-Qn_7coFMosY85iYMO4g"]},{"@type":"Person","@id":"https:\/\/www.inmsol.com\/es\/#\/schema\/person\/18f18acd0397ef441e373e79ec3eb6ea","name":"Javier Torres","image":{"@type":"ImageObject","inLanguage":"es","@id":"https:\/\/secure.gravatar.com\/avatar\/90afa2d6499550218d247408758082af566e5ec3641e1b8eac0d7bb889344a55?s=96&d=mm&r=g","url":"https:\/\/secure.gravatar.com\/avatar\/90afa2d6499550218d247408758082af566e5ec3641e1b8eac0d7bb889344a55?s=96&d=mm&r=g","contentUrl":"https:\/\/secure.gravatar.com\/avatar\/90afa2d6499550218d247408758082af566e5ec3641e1b8eac0d7bb889344a55?s=96&d=mm&r=g","caption":"Javier Torres"},"url":"https:\/\/www.inmsol.com\/es\/author\/javier\/"}]}},"_links":{"self":[{"href":"https:\/\/www.inmsol.com\/es\/wp-json\/wp\/v2\/posts\/692","targetHints":{"allow":["GET"]}}],"collection":[{"href":"https:\/\/www.inmsol.com\/es\/wp-json\/wp\/v2\/posts"}],"about":[{"href":"https:\/\/www.inmsol.com\/es\/wp-json\/wp\/v2\/types\/post"}],"author":[{"embeddable":true,"href":"https:\/\/www.inmsol.com\/es\/wp-json\/wp\/v2\/users\/2"}],"replies":[{"embeddable":true,"href":"https:\/\/www.inmsol.com\/es\/wp-json\/wp\/v2\/comments?post=692"}],"version-history":[{"count":0,"href":"https:\/\/www.inmsol.com\/es\/wp-json\/wp\/v2\/posts\/692\/revisions"}],"wp:attachment":[{"href":"https:\/\/www.inmsol.com\/es\/wp-json\/wp\/v2\/media?parent=692"}],"wp:term":[{"taxonomy":"category","embeddable":true,"href":"https:\/\/www.inmsol.com\/es\/wp-json\/wp\/v2\/categories?post=692"},{"taxonomy":"post_tag","embeddable":true,"href":"https:\/\/www.inmsol.com\/es\/wp-json\/wp\/v2\/tags?post=692"}],"curies":[{"name":"wp","href":"https:\/\/api.w.org\/{rel}","templated":true}]}}