{"id":726,"date":"2011-03-18T14:49:08","date_gmt":"2011-03-18T13:49:08","guid":{"rendered":"https:\/\/www.inmsol.com\/"},"modified":"2019-04-24T00:06:45","modified_gmt":"2019-04-23T22:06:45","slug":"fiesta-de-la-primavera-2011","status":"publish","type":"post","link":"https:\/\/www.inmsol.com\/es\/blog-escuela\/eventos-granada\/fiesta-de-la-primavera-2011\/","title":{"rendered":"Fiesta de la Primavera 2011"},"content":{"rendered":"<p>La cita se puede encontrar r\u00e1pidamente en la red. No hace falta realizar muchas pesquisas. Los buscadores escupen la respuesta f\u00e1cilmente y, quien tenga perfil en alguna red social, sea menor de 25 a\u00f1os y est\u00e9 m\u00ednimamente pendiente, seguramente ya forma parte de alg\u00fan grupo que tendr\u00e1 como leit motiv la celebraci\u00f3n del evento. Porque la Fiesta de la Primavera de Granada en su edici\u00f3n 2011 ya tiene fecha, hora y lugar: el viernes 18 de marzo, a las 15:00 horas, en el botell\u00f3dromo de M\u00e9ndez N\u00fa\u00f1ez.<\/p>\n<p>La fecha est\u00e1 cerca de convertirse en una fiesta tradicional m\u00e1s de la ciudad que se repite a\u00f1o tras a\u00f1o. Y que, por otra parte, no va perdiendo poder de convocatoria, por lo que se puede deducir de las sucesivas concentraciones et\u00edlica-botelloneras y los amigos que tienen los grupos de las redes sociales tipo Facebook, que hacen que el evento corra como la p\u00f3lvora. Algunas de las webs consultadas llegan a afirmar que, gracias a esa herramienta que en los pa\u00edses del norte del Magreb ha ayudado a unas cuantas revoluciones ciudadanas, la cita para celebrar la llegada de la Primavera en la capital -llueva, haga fr\u00edo o un sol de justicia- ha sido distribuida ya entre 50.000 almas con ganas de macrobotell\u00f3n.<\/p>\n<p>Lo parad\u00f3jico es que el c\u00e1lculo no tiene por qu\u00e9 ser hiperb\u00f3lico. La \u00faltima de las citas, tambi\u00e9n en viernes -los estudiantes consideran ese d\u00eda como lectivo a medias o directamente festivo- congreg\u00f3 en el recinto de M\u00e9ndez N\u00fa\u00f1ez a unas 30.000 personas con el \u00fanico fin de hacer botell\u00f3n. Y la hora a la que se calcula que se puede convocar tambi\u00e9n deber\u00eda ser despreciada a la ligera, porque en la edici\u00f3n de 2010, la afluencia masiva comenz\u00f3 antes de las 18:00 horas. De hecho, la Polic\u00eda Local ten\u00eda activado un dispositivo a tal efecto desde las 14:00 horas, en previsi\u00f3n de que el r\u00edo de gente que suele desembocar en el botell\u00f3dromo cuando se dan estas concentraciones provocase el corte de alguna v\u00eda o problemas en la salida de la circunvalaci\u00f3n hacia la rotonda de M\u00e9ndez N\u00fa\u00f1ez.<\/p>\n<p>El concejal de Seguridad Ciudadana, Eduardo Moral, asegur\u00f3 a este peri\u00f3dico que, en previsi\u00f3n de que ocurra \u00ablo mismo que todos los a\u00f1os\u00bb, la Polic\u00eda Local establecer\u00e1 un dispositivo \u00abtradicional\u00bb, coordinada con los sacrificados voluntarios de Protecci\u00f3n Civil, que durante este tipo de aglomeraciones con alto contenido de alcohol en sangre suelen atender incidencias leves del tipo de cortes, contusiones por ca\u00edda o alg\u00fan que otro joven m\u00e1s mareado de lo que debe.<\/p>\n<p>Las previsiones del edil pasan porque el servicio ordinario de agentes a los que les toque servicio esa tarde se vean reforzados en el turno de tarde y que incluso se hagan horas extraordinarias por parte de algunos agentes del cuerpo. Pero no muchas, teniendo en cuenta la pol\u00edtica de recorte de servicios fuera de lo previsto. En total, el n\u00famero de polic\u00edas locales que vigilar\u00eda el botell\u00f3dromo de M\u00e9ndez N\u00fa\u00f1ez ser\u00edan de 100 o 150, aproximadamente. Y, adem\u00e1s de controlar que no haya incidentes, tambi\u00e9n estar\u00e1n a cargo de regular el tr\u00e1fico en la zona en virtud de la afluencia de p\u00fablico de la convocatoria.<\/p>\n<p>As\u00ed, afirm\u00f3 el concejal de Seguridad Ciudadana, los agentes de la Polic\u00eda Local podr\u00edan cortar las calles aleda\u00f1as al centro comercial Hipercor, como ya ha ocurrido en ocasiones anteriores, o incluso restringir el paso de forma intermitente a la rotonda de M\u00e9ndez N\u00fa\u00f1ez.<\/p>\n","protected":false},"excerpt":{"rendered":"<p>La cita se puede encontrar r\u00e1pidamente en la red. No hace falta realizar muchas pesquisas. Los buscadores escupen la respuesta f\u00e1cilmente y, quien tenga perfil en alguna red social, sea menor de 25 a\u00f1os y est\u00e9 m\u00ednimamente pendiente, seguramente ya forma parte de alg\u00fan grupo&#8230;<\/p>\n","protected":false},"author":2,"featured_media":0,"comment_status":"closed","ping_status":"closed","sticky":false,"template":"","format":"standard","meta":{"_acf_changed":false,"footnotes":""},"categories":[80],"tags":[],"class_list":["post-726","post","type-post","status-publish","format-standard","hentry","category-eventos-granada"],"acf":[],"yoast_head":"<!-- This site is optimized with the Yoast SEO plugin v27.5 - https:\/\/yoast.com\/product\/yoast-seo-wordpress\/ -->\n<title>Fiesta de la Primavera 2011 &#8226; iNMSOL<\/title>\n<meta name=\"description\" content=\"Fiesta de la Primavera 2011\" \/>\n<meta name=\"robots\" content=\"index, follow, max-snippet:-1, max-image-preview:large, max-video-preview:-1\" \/>\n<link rel=\"canonical\" href=\"https:\/\/www.inmsol.com\/es\/blog-escuela\/eventos-granada\/fiesta-de-la-primavera-2011\/\" \/>\n<meta property=\"og:locale\" content=\"es_ES\" \/>\n<meta property=\"og:type\" content=\"article\" \/>\n<meta property=\"og:title\" content=\"Fiesta de la Primavera 2011 &#8226; iNMSOL\" \/>\n<meta property=\"og:description\" content=\"Fiesta de la Primavera 2011\" \/>\n<meta property=\"og:url\" content=\"https:\/\/www.inmsol.com\/es\/blog-escuela\/eventos-granada\/fiesta-de-la-primavera-2011\/\" \/>\n<meta property=\"og:site_name\" content=\"iNMSOL\" \/>\n<meta property=\"article:publisher\" content=\"https:\/\/www.facebook.com\/spanishcourses\" \/>\n<meta property=\"article:published_time\" content=\"2011-03-18T13:49:08+00:00\" \/>\n<meta property=\"article:modified_time\" content=\"2019-04-23T22:06:45+00:00\" \/>\n<meta property=\"og:image\" content=\"https:\/\/www.inmsol.com\/wp-content\/uploads\/2019\/08\/logo-inmsol.png\" \/>\n\t<meta property=\"og:image:width\" content=\"320\" \/>\n\t<meta property=\"og:image:height\" content=\"154\" \/>\n\t<meta property=\"og:image:type\" content=\"image\/png\" \/>\n<meta name=\"author\" content=\"Javier Torres\" \/>\n<meta name=\"twitter:label1\" content=\"Escrito por\" \/>\n\t<meta name=\"twitter:data1\" content=\"Javier Torres\" \/>\n\t<meta name=\"twitter:label2\" content=\"Tiempo de lectura\" \/>\n\t<meta name=\"twitter:data2\" content=\"3 minutos\" \/>\n<script type=\"application\/ld+json\" class=\"yoast-schema-graph\">{\"@context\":\"https:\\\/\\\/schema.org\",\"@graph\":[{\"@type\":\"Article\",\"@id\":\"https:\\\/\\\/www.inmsol.com\\\/es\\\/blog-escuela\\\/eventos-granada\\\/fiesta-de-la-primavera-2011\\\/#article\",\"isPartOf\":{\"@id\":\"https:\\\/\\\/www.inmsol.com\\\/es\\\/blog-escuela\\\/eventos-granada\\\/fiesta-de-la-primavera-2011\\\/\"},\"author\":{\"name\":\"Javier Torres\",\"@id\":\"https:\\\/\\\/www.inmsol.com\\\/es\\\/#\\\/schema\\\/person\\\/18f18acd0397ef441e373e79ec3eb6ea\"},\"headline\":\"Fiesta de la Primavera 2011\",\"datePublished\":\"2011-03-18T13:49:08+00:00\",\"dateModified\":\"2019-04-23T22:06:45+00:00\",\"mainEntityOfPage\":{\"@id\":\"https:\\\/\\\/www.inmsol.com\\\/es\\\/blog-escuela\\\/eventos-granada\\\/fiesta-de-la-primavera-2011\\\/\"},\"wordCount\":628,\"publisher\":{\"@id\":\"https:\\\/\\\/www.inmsol.com\\\/es\\\/#organization\"},\"articleSection\":[\"Eventos en Granada\"],\"inLanguage\":\"es\"},{\"@type\":\"WebPage\",\"@id\":\"https:\\\/\\\/www.inmsol.com\\\/es\\\/blog-escuela\\\/eventos-granada\\\/fiesta-de-la-primavera-2011\\\/\",\"url\":\"https:\\\/\\\/www.inmsol.com\\\/es\\\/blog-escuela\\\/eventos-granada\\\/fiesta-de-la-primavera-2011\\\/\",\"name\":\"Fiesta de la Primavera 2011 &#8226; iNMSOL\",\"isPartOf\":{\"@id\":\"https:\\\/\\\/www.inmsol.com\\\/es\\\/#website\"},\"datePublished\":\"2011-03-18T13:49:08+00:00\",\"dateModified\":\"2019-04-23T22:06:45+00:00\",\"description\":\"Fiesta de la Primavera 2011\",\"breadcrumb\":{\"@id\":\"https:\\\/\\\/www.inmsol.com\\\/es\\\/blog-escuela\\\/eventos-granada\\\/fiesta-de-la-primavera-2011\\\/#breadcrumb\"},\"inLanguage\":\"es\",\"potentialAction\":[{\"@type\":\"ReadAction\",\"target\":[\"https:\\\/\\\/www.inmsol.com\\\/es\\\/blog-escuela\\\/eventos-granada\\\/fiesta-de-la-primavera-2011\\\/\"]}]},{\"@type\":\"BreadcrumbList\",\"@id\":\"https:\\\/\\\/www.inmsol.com\\\/es\\\/blog-escuela\\\/eventos-granada\\\/fiesta-de-la-primavera-2011\\\/#breadcrumb\",\"itemListElement\":[{\"@type\":\"ListItem\",\"position\":1,\"name\":\"Accredited Center by Instituto Cervantes\",\"item\":\"https:\\\/\\\/www.inmsol.com\\\/es\\\/pagina-ejemplo\\\/\"},{\"@type\":\"ListItem\",\"position\":2,\"name\":\"Blog Escuela Espa\u00f1ol\",\"item\":\"https:\\\/\\\/www.inmsol.com\\\/es\\\/category\\\/blog-escuela\\\/\"},{\"@type\":\"ListItem\",\"position\":3,\"name\":\"Eventos en Granada\",\"item\":\"https:\\\/\\\/www.inmsol.com\\\/es\\\/category\\\/blog-escuela\\\/eventos-granada\\\/\"},{\"@type\":\"ListItem\",\"position\":4,\"name\":\"Fiesta de la Primavera 2011\"}]},{\"@type\":\"WebSite\",\"@id\":\"https:\\\/\\\/www.inmsol.com\\\/es\\\/#website\",\"url\":\"https:\\\/\\\/www.inmsol.com\\\/es\\\/\",\"name\":\"iNMSOL\",\"description\":\"Aprenda Espa\u00f1ol con iNMSOL en Granada | Centro Acreditado por el Instituto Cervantes\",\"publisher\":{\"@id\":\"https:\\\/\\\/www.inmsol.com\\\/es\\\/#organization\"},\"potentialAction\":[{\"@type\":\"SearchAction\",\"target\":{\"@type\":\"EntryPoint\",\"urlTemplate\":\"https:\\\/\\\/www.inmsol.com\\\/es\\\/?s={search_term_string}\"},\"query-input\":{\"@type\":\"PropertyValueSpecification\",\"valueRequired\":true,\"valueName\":\"search_term_string\"}}],\"inLanguage\":\"es\"},{\"@type\":\"Organization\",\"@id\":\"https:\\\/\\\/www.inmsol.com\\\/es\\\/#organization\",\"name\":\"Instituto Mediterr\u00e1neo Sol\",\"url\":\"https:\\\/\\\/www.inmsol.com\\\/es\\\/\",\"logo\":{\"@type\":\"ImageObject\",\"inLanguage\":\"es\",\"@id\":\"https:\\\/\\\/www.inmsol.com\\\/es\\\/#\\\/schema\\\/logo\\\/image\\\/\",\"url\":\"https:\\\/\\\/www.inmsol.com\\\/wp-content\\\/uploads\\\/2023\\\/06\\\/logo-inmsol-1.png\",\"contentUrl\":\"https:\\\/\\\/www.inmsol.com\\\/wp-content\\\/uploads\\\/2023\\\/06\\\/logo-inmsol-1.png\",\"width\":136,\"height\":73,\"caption\":\"Instituto Mediterr\u00e1neo Sol\"},\"image\":{\"@id\":\"https:\\\/\\\/www.inmsol.com\\\/es\\\/#\\\/schema\\\/logo\\\/image\\\/\"},\"sameAs\":[\"https:\\\/\\\/www.facebook.com\\\/spanishcourses\",\"https:\\\/\\\/x.com\\\/StudyInGranada\",\"http:\\\/\\\/instagram.com\\\/imsolgranada\",\"https:\\\/\\\/es.linkedin.com\\\/company\\\/imsol-granada\",\"https:\\\/\\\/www.pinterest.es\\\/inmsol\\\/\",\"https:\\\/\\\/www.youtube.com\\\/channel\\\/UChz-Qn_7coFMosY85iYMO4g\"]},{\"@type\":\"Person\",\"@id\":\"https:\\\/\\\/www.inmsol.com\\\/es\\\/#\\\/schema\\\/person\\\/18f18acd0397ef441e373e79ec3eb6ea\",\"name\":\"Javier Torres\",\"image\":{\"@type\":\"ImageObject\",\"inLanguage\":\"es\",\"@id\":\"https:\\\/\\\/secure.gravatar.com\\\/avatar\\\/90afa2d6499550218d247408758082af566e5ec3641e1b8eac0d7bb889344a55?s=96&d=mm&r=g\",\"url\":\"https:\\\/\\\/secure.gravatar.com\\\/avatar\\\/90afa2d6499550218d247408758082af566e5ec3641e1b8eac0d7bb889344a55?s=96&d=mm&r=g\",\"contentUrl\":\"https:\\\/\\\/secure.gravatar.com\\\/avatar\\\/90afa2d6499550218d247408758082af566e5ec3641e1b8eac0d7bb889344a55?s=96&d=mm&r=g\",\"caption\":\"Javier Torres\"},\"url\":\"https:\\\/\\\/www.inmsol.com\\\/es\\\/author\\\/javier\\\/\"}]}<\/script>\n<!-- \/ Yoast SEO plugin. -->","yoast_head_json":{"title":"Fiesta de la Primavera 2011 &#8226; iNMSOL","description":"Fiesta de la Primavera 2011","robots":{"index":"index","follow":"follow","max-snippet":"max-snippet:-1","max-image-preview":"max-image-preview:large","max-video-preview":"max-video-preview:-1"},"canonical":"https:\/\/www.inmsol.com\/es\/blog-escuela\/eventos-granada\/fiesta-de-la-primavera-2011\/","og_locale":"es_ES","og_type":"article","og_title":"Fiesta de la Primavera 2011 &#8226; iNMSOL","og_description":"Fiesta de la Primavera 2011","og_url":"https:\/\/www.inmsol.com\/es\/blog-escuela\/eventos-granada\/fiesta-de-la-primavera-2011\/","og_site_name":"iNMSOL","article_publisher":"https:\/\/www.facebook.com\/spanishcourses","article_published_time":"2011-03-18T13:49:08+00:00","article_modified_time":"2019-04-23T22:06:45+00:00","og_image":[{"width":320,"height":154,"url":"https:\/\/www.inmsol.com\/wp-content\/uploads\/2019\/08\/logo-inmsol.png","type":"image\/png"}],"author":"Javier Torres","twitter_misc":{"Escrito por":"Javier Torres","Tiempo de lectura":"3 minutos"},"schema":{"@context":"https:\/\/schema.org","@graph":[{"@type":"Article","@id":"https:\/\/www.inmsol.com\/es\/blog-escuela\/eventos-granada\/fiesta-de-la-primavera-2011\/#article","isPartOf":{"@id":"https:\/\/www.inmsol.com\/es\/blog-escuela\/eventos-granada\/fiesta-de-la-primavera-2011\/"},"author":{"name":"Javier Torres","@id":"https:\/\/www.inmsol.com\/es\/#\/schema\/person\/18f18acd0397ef441e373e79ec3eb6ea"},"headline":"Fiesta de la Primavera 2011","datePublished":"2011-03-18T13:49:08+00:00","dateModified":"2019-04-23T22:06:45+00:00","mainEntityOfPage":{"@id":"https:\/\/www.inmsol.com\/es\/blog-escuela\/eventos-granada\/fiesta-de-la-primavera-2011\/"},"wordCount":628,"publisher":{"@id":"https:\/\/www.inmsol.com\/es\/#organization"},"articleSection":["Eventos en Granada"],"inLanguage":"es"},{"@type":"WebPage","@id":"https:\/\/www.inmsol.com\/es\/blog-escuela\/eventos-granada\/fiesta-de-la-primavera-2011\/","url":"https:\/\/www.inmsol.com\/es\/blog-escuela\/eventos-granada\/fiesta-de-la-primavera-2011\/","name":"Fiesta de la Primavera 2011 &#8226; iNMSOL","isPartOf":{"@id":"https:\/\/www.inmsol.com\/es\/#website"},"datePublished":"2011-03-18T13:49:08+00:00","dateModified":"2019-04-23T22:06:45+00:00","description":"Fiesta de la Primavera 2011","breadcrumb":{"@id":"https:\/\/www.inmsol.com\/es\/blog-escuela\/eventos-granada\/fiesta-de-la-primavera-2011\/#breadcrumb"},"inLanguage":"es","potentialAction":[{"@type":"ReadAction","target":["https:\/\/www.inmsol.com\/es\/blog-escuela\/eventos-granada\/fiesta-de-la-primavera-2011\/"]}]},{"@type":"BreadcrumbList","@id":"https:\/\/www.inmsol.com\/es\/blog-escuela\/eventos-granada\/fiesta-de-la-primavera-2011\/#breadcrumb","itemListElement":[{"@type":"ListItem","position":1,"name":"Accredited Center by Instituto Cervantes","item":"https:\/\/www.inmsol.com\/es\/pagina-ejemplo\/"},{"@type":"ListItem","position":2,"name":"Blog Escuela Espa\u00f1ol","item":"https:\/\/www.inmsol.com\/es\/category\/blog-escuela\/"},{"@type":"ListItem","position":3,"name":"Eventos en Granada","item":"https:\/\/www.inmsol.com\/es\/category\/blog-escuela\/eventos-granada\/"},{"@type":"ListItem","position":4,"name":"Fiesta de la Primavera 2011"}]},{"@type":"WebSite","@id":"https:\/\/www.inmsol.com\/es\/#website","url":"https:\/\/www.inmsol.com\/es\/","name":"iNMSOL","description":"Aprenda Espa\u00f1ol con iNMSOL en Granada | Centro Acreditado por el Instituto Cervantes","publisher":{"@id":"https:\/\/www.inmsol.com\/es\/#organization"},"potentialAction":[{"@type":"SearchAction","target":{"@type":"EntryPoint","urlTemplate":"https:\/\/www.inmsol.com\/es\/?s={search_term_string}"},"query-input":{"@type":"PropertyValueSpecification","valueRequired":true,"valueName":"search_term_string"}}],"inLanguage":"es"},{"@type":"Organization","@id":"https:\/\/www.inmsol.com\/es\/#organization","name":"Instituto Mediterr\u00e1neo Sol","url":"https:\/\/www.inmsol.com\/es\/","logo":{"@type":"ImageObject","inLanguage":"es","@id":"https:\/\/www.inmsol.com\/es\/#\/schema\/logo\/image\/","url":"https:\/\/www.inmsol.com\/wp-content\/uploads\/2023\/06\/logo-inmsol-1.png","contentUrl":"https:\/\/www.inmsol.com\/wp-content\/uploads\/2023\/06\/logo-inmsol-1.png","width":136,"height":73,"caption":"Instituto Mediterr\u00e1neo Sol"},"image":{"@id":"https:\/\/www.inmsol.com\/es\/#\/schema\/logo\/image\/"},"sameAs":["https:\/\/www.facebook.com\/spanishcourses","https:\/\/x.com\/StudyInGranada","http:\/\/instagram.com\/imsolgranada","https:\/\/es.linkedin.com\/company\/imsol-granada","https:\/\/www.pinterest.es\/inmsol\/","https:\/\/www.youtube.com\/channel\/UChz-Qn_7coFMosY85iYMO4g"]},{"@type":"Person","@id":"https:\/\/www.inmsol.com\/es\/#\/schema\/person\/18f18acd0397ef441e373e79ec3eb6ea","name":"Javier Torres","image":{"@type":"ImageObject","inLanguage":"es","@id":"https:\/\/secure.gravatar.com\/avatar\/90afa2d6499550218d247408758082af566e5ec3641e1b8eac0d7bb889344a55?s=96&d=mm&r=g","url":"https:\/\/secure.gravatar.com\/avatar\/90afa2d6499550218d247408758082af566e5ec3641e1b8eac0d7bb889344a55?s=96&d=mm&r=g","contentUrl":"https:\/\/secure.gravatar.com\/avatar\/90afa2d6499550218d247408758082af566e5ec3641e1b8eac0d7bb889344a55?s=96&d=mm&r=g","caption":"Javier Torres"},"url":"https:\/\/www.inmsol.com\/es\/author\/javier\/"}]}},"_links":{"self":[{"href":"https:\/\/www.inmsol.com\/es\/wp-json\/wp\/v2\/posts\/726","targetHints":{"allow":["GET"]}}],"collection":[{"href":"https:\/\/www.inmsol.com\/es\/wp-json\/wp\/v2\/posts"}],"about":[{"href":"https:\/\/www.inmsol.com\/es\/wp-json\/wp\/v2\/types\/post"}],"author":[{"embeddable":true,"href":"https:\/\/www.inmsol.com\/es\/wp-json\/wp\/v2\/users\/2"}],"replies":[{"embeddable":true,"href":"https:\/\/www.inmsol.com\/es\/wp-json\/wp\/v2\/comments?post=726"}],"version-history":[{"count":0,"href":"https:\/\/www.inmsol.com\/es\/wp-json\/wp\/v2\/posts\/726\/revisions"}],"wp:attachment":[{"href":"https:\/\/www.inmsol.com\/es\/wp-json\/wp\/v2\/media?parent=726"}],"wp:term":[{"taxonomy":"category","embeddable":true,"href":"https:\/\/www.inmsol.com\/es\/wp-json\/wp\/v2\/categories?post=726"},{"taxonomy":"post_tag","embeddable":true,"href":"https:\/\/www.inmsol.com\/es\/wp-json\/wp\/v2\/tags?post=726"}],"curies":[{"name":"wp","href":"https:\/\/api.w.org\/{rel}","templated":true}]}}