{"id":780,"date":"2011-04-26T17:40:27","date_gmt":"2011-04-26T15:40:27","guid":{"rendered":"https:\/\/www.inmsol.com\/"},"modified":"2019-04-24T00:02:07","modified_gmt":"2019-04-23T22:02:07","slug":"becas-grundtvig-para-los-cursos-de-formacion-para-profesores-de-iNMSOL","status":"publish","type":"post","link":"https:\/\/www.inmsol.com\/es\/blog-escuela\/aprender-espanol\/becas-grundtvig-para-los-cursos-de-formacion-para-profesores-de-iNMSOL\/","title":{"rendered":"Becas Grundtvig para los Cursos de formaci\u00f3n para profesores de iNMSOL"},"content":{"rendered":"<p>Tenemos el placer de comunicaros que el <a href=\"http:\/\/www.cursos-profesores-ele.com\/cursos-formacion-profesores-espanol\/opciones.html\" target=\"_blank\" rel=\"noopener noreferrer\">Curso de Formaci\u00f3n para Profesores No Nativos<\/a> <strong>de Instituto Mediterr\u00e1neo Sol<\/strong> ha obtenido el reconocimiento, por parte de la <strong>Comisi\u00f3n Europea<\/strong>, para entrar en el <strong>Cat\u00e1logo Grundtvig <\/strong>y ser becado por este organismo.<\/p>\n<div style=\"width: 276px\" class=\"wp-caption alignnone\"><img decoding=\"async\" src=\"https:\/\/www.inmsol.com\/wp-content\/files\/logo-grundtvigPQ.jpg\" width=\"266\" height=\"148\" \/><p class=\"wp-caption-text\">align=middle<\/p><\/div>\n<p class=\"rteleft\">Pod\u00e9is acceder al cat\u00e1logo siguiendo este enlace:<\/p>\n<p><a href=\"http:\/\/ec.europa.eu\/education\/trainingdatabase\" target=\"_blank\" rel=\"noopener noreferrer\">http:\/\/ec.europa.eu\/education\/trainingdatabase<\/a><\/p>\n<p>y entrando en la secci\u00f3n de <strong>\u00abApplicants\u00bb<\/strong>.<\/p>\n<p>El c\u00f3digo de referencia que os permite encontrarnos en el cat\u00e1logo es:<\/p>\n<p class=\"rtecenter\"><strong>ES-2011-309-034<\/strong><\/p>\n<p class=\"rtecenter\"><a href=\"mailto:info@inmsol.com\">Para m\u00e1s informaciones contacta con nosotros.<\/a><\/p>\n","protected":false},"excerpt":{"rendered":"<p>Tenemos el placer de comunicaros que el Curso de Formaci\u00f3n para Profesores No Nativos de Instituto Mediterr\u00e1neo Sol ha obtenido el reconocimiento, por parte de la Comisi\u00f3n Europea, para entrar en el Cat\u00e1logo Grundtvig y ser becado por este organismo. Pod\u00e9is acceder al cat\u00e1logo siguiendo&#8230;<\/p>\n","protected":false},"author":2,"featured_media":0,"comment_status":"closed","ping_status":"closed","sticky":false,"template":"","format":"standard","meta":{"_acf_changed":false,"footnotes":""},"categories":[362],"tags":[],"class_list":["post-780","post","type-post","status-publish","format-standard","hentry","category-aprender-espanol"],"acf":[],"yoast_head":"<!-- This site is optimized with the Yoast SEO plugin v27.5 - https:\/\/yoast.com\/product\/yoast-seo-wordpress\/ -->\n<title>Becas Grundtvig para profesores | comisi\u00f3n, europea, cursos | INMSOL<\/title>\n<meta name=\"description\" content=\"Los cursos de formaci\u00f3n para profesores de iNMSOL est\u00e1n reconocidos por la Comisi\u00f3n Europea como accciones formativas Grundtvig.\" \/>\n<meta name=\"robots\" content=\"index, follow, max-snippet:-1, max-image-preview:large, max-video-preview:-1\" \/>\n<link rel=\"canonical\" href=\"https:\/\/www.inmsol.com\/es\/blog-escuela\/aprender-espanol\/becas-grundtvig-para-los-cursos-de-formacion-para-profesores-de-iNMSOL\/\" \/>\n<meta property=\"og:locale\" content=\"es_ES\" \/>\n<meta property=\"og:type\" content=\"article\" \/>\n<meta property=\"og:title\" content=\"Becas Grundtvig para profesores | comisi\u00f3n, europea, cursos | INMSOL\" \/>\n<meta property=\"og:description\" content=\"Los cursos de formaci\u00f3n para profesores de iNMSOL est\u00e1n reconocidos por la Comisi\u00f3n Europea como accciones formativas Grundtvig.\" \/>\n<meta property=\"og:url\" content=\"https:\/\/www.inmsol.com\/es\/blog-escuela\/aprender-espanol\/becas-grundtvig-para-los-cursos-de-formacion-para-profesores-de-iNMSOL\/\" \/>\n<meta property=\"og:site_name\" content=\"iNMSOL\" \/>\n<meta property=\"article:publisher\" content=\"https:\/\/www.facebook.com\/spanishcourses\" \/>\n<meta property=\"article:published_time\" content=\"2011-04-26T15:40:27+00:00\" \/>\n<meta property=\"article:modified_time\" content=\"2019-04-23T22:02:07+00:00\" \/>\n<meta property=\"og:image\" content=\"https:\/\/www.inmsol.com\/wp-content\/files\/logo-grundtvigPQ.jpg\" \/>\n<meta name=\"author\" content=\"Javier Torres\" \/>\n<meta name=\"twitter:label1\" content=\"Escrito por\" \/>\n\t<meta name=\"twitter:data1\" content=\"Javier Torres\" \/>\n<script type=\"application\/ld+json\" class=\"yoast-schema-graph\">{\"@context\":\"https:\\\/\\\/schema.org\",\"@graph\":[{\"@type\":\"Article\",\"@id\":\"https:\\\/\\\/www.inmsol.com\\\/es\\\/blog-escuela\\\/aprender-espanol\\\/becas-grundtvig-para-los-cursos-de-formacion-para-profesores-de-iNMSOL\\\/#article\",\"isPartOf\":{\"@id\":\"https:\\\/\\\/www.inmsol.com\\\/es\\\/blog-escuela\\\/aprender-espanol\\\/becas-grundtvig-para-los-cursos-de-formacion-para-profesores-de-iNMSOL\\\/\"},\"author\":{\"name\":\"Javier Torres\",\"@id\":\"https:\\\/\\\/www.inmsol.com\\\/es\\\/#\\\/schema\\\/person\\\/18f18acd0397ef441e373e79ec3eb6ea\"},\"headline\":\"Becas Grundtvig para los Cursos de formaci\u00f3n para profesores de iNMSOL\",\"datePublished\":\"2011-04-26T15:40:27+00:00\",\"dateModified\":\"2019-04-23T22:02:07+00:00\",\"mainEntityOfPage\":{\"@id\":\"https:\\\/\\\/www.inmsol.com\\\/es\\\/blog-escuela\\\/aprender-espanol\\\/becas-grundtvig-para-los-cursos-de-formacion-para-profesores-de-iNMSOL\\\/\"},\"wordCount\":111,\"publisher\":{\"@id\":\"https:\\\/\\\/www.inmsol.com\\\/es\\\/#organization\"},\"image\":{\"@id\":\"https:\\\/\\\/www.inmsol.com\\\/es\\\/blog-escuela\\\/aprender-espanol\\\/becas-grundtvig-para-los-cursos-de-formacion-para-profesores-de-iNMSOL\\\/#primaryimage\"},\"thumbnailUrl\":\"https:\\\/\\\/www.inmsol.com\\\/wp-content\\\/files\\\/logo-grundtvigPQ.jpg\",\"articleSection\":[\"Aprender Espa\u00f1ol\"],\"inLanguage\":\"es\"},{\"@type\":\"WebPage\",\"@id\":\"https:\\\/\\\/www.inmsol.com\\\/es\\\/blog-escuela\\\/aprender-espanol\\\/becas-grundtvig-para-los-cursos-de-formacion-para-profesores-de-iNMSOL\\\/\",\"url\":\"https:\\\/\\\/www.inmsol.com\\\/es\\\/blog-escuela\\\/aprender-espanol\\\/becas-grundtvig-para-los-cursos-de-formacion-para-profesores-de-iNMSOL\\\/\",\"name\":\"Becas Grundtvig para profesores | comisi\u00f3n, europea, cursos | INMSOL\",\"isPartOf\":{\"@id\":\"https:\\\/\\\/www.inmsol.com\\\/es\\\/#website\"},\"primaryImageOfPage\":{\"@id\":\"https:\\\/\\\/www.inmsol.com\\\/es\\\/blog-escuela\\\/aprender-espanol\\\/becas-grundtvig-para-los-cursos-de-formacion-para-profesores-de-iNMSOL\\\/#primaryimage\"},\"image\":{\"@id\":\"https:\\\/\\\/www.inmsol.com\\\/es\\\/blog-escuela\\\/aprender-espanol\\\/becas-grundtvig-para-los-cursos-de-formacion-para-profesores-de-iNMSOL\\\/#primaryimage\"},\"thumbnailUrl\":\"https:\\\/\\\/www.inmsol.com\\\/wp-content\\\/files\\\/logo-grundtvigPQ.jpg\",\"datePublished\":\"2011-04-26T15:40:27+00:00\",\"dateModified\":\"2019-04-23T22:02:07+00:00\",\"description\":\"Los cursos de formaci\u00f3n para profesores de iNMSOL est\u00e1n reconocidos por la Comisi\u00f3n Europea como accciones formativas Grundtvig.\",\"breadcrumb\":{\"@id\":\"https:\\\/\\\/www.inmsol.com\\\/es\\\/blog-escuela\\\/aprender-espanol\\\/becas-grundtvig-para-los-cursos-de-formacion-para-profesores-de-iNMSOL\\\/#breadcrumb\"},\"inLanguage\":\"es\",\"potentialAction\":[{\"@type\":\"ReadAction\",\"target\":[\"https:\\\/\\\/www.inmsol.com\\\/es\\\/blog-escuela\\\/aprender-espanol\\\/becas-grundtvig-para-los-cursos-de-formacion-para-profesores-de-iNMSOL\\\/\"]}]},{\"@type\":\"ImageObject\",\"inLanguage\":\"es\",\"@id\":\"https:\\\/\\\/www.inmsol.com\\\/es\\\/blog-escuela\\\/aprender-espanol\\\/becas-grundtvig-para-los-cursos-de-formacion-para-profesores-de-iNMSOL\\\/#primaryimage\",\"url\":\"https:\\\/\\\/www.inmsol.com\\\/wp-content\\\/files\\\/logo-grundtvigPQ.jpg\",\"contentUrl\":\"https:\\\/\\\/www.inmsol.com\\\/wp-content\\\/files\\\/logo-grundtvigPQ.jpg\"},{\"@type\":\"BreadcrumbList\",\"@id\":\"https:\\\/\\\/www.inmsol.com\\\/es\\\/blog-escuela\\\/aprender-espanol\\\/becas-grundtvig-para-los-cursos-de-formacion-para-profesores-de-iNMSOL\\\/#breadcrumb\",\"itemListElement\":[{\"@type\":\"ListItem\",\"position\":1,\"name\":\"Accredited Center by Instituto Cervantes\",\"item\":\"https:\\\/\\\/www.inmsol.com\\\/es\\\/pagina-ejemplo\\\/\"},{\"@type\":\"ListItem\",\"position\":2,\"name\":\"Blog Escuela Espa\u00f1ol\",\"item\":\"https:\\\/\\\/www.inmsol.com\\\/es\\\/category\\\/blog-escuela\\\/\"},{\"@type\":\"ListItem\",\"position\":3,\"name\":\"Aprender Espa\u00f1ol\",\"item\":\"https:\\\/\\\/www.inmsol.com\\\/es\\\/category\\\/blog-escuela\\\/aprender-espanol\\\/\"},{\"@type\":\"ListItem\",\"position\":4,\"name\":\"Becas Grundtvig para los Cursos de formaci\u00f3n para profesores de iNMSOL\"}]},{\"@type\":\"WebSite\",\"@id\":\"https:\\\/\\\/www.inmsol.com\\\/es\\\/#website\",\"url\":\"https:\\\/\\\/www.inmsol.com\\\/es\\\/\",\"name\":\"iNMSOL\",\"description\":\"Aprenda Espa\u00f1ol con iNMSOL en Granada | Centro Acreditado por el Instituto Cervantes\",\"publisher\":{\"@id\":\"https:\\\/\\\/www.inmsol.com\\\/es\\\/#organization\"},\"potentialAction\":[{\"@type\":\"SearchAction\",\"target\":{\"@type\":\"EntryPoint\",\"urlTemplate\":\"https:\\\/\\\/www.inmsol.com\\\/es\\\/?s={search_term_string}\"},\"query-input\":{\"@type\":\"PropertyValueSpecification\",\"valueRequired\":true,\"valueName\":\"search_term_string\"}}],\"inLanguage\":\"es\"},{\"@type\":\"Organization\",\"@id\":\"https:\\\/\\\/www.inmsol.com\\\/es\\\/#organization\",\"name\":\"Instituto Mediterr\u00e1neo Sol\",\"url\":\"https:\\\/\\\/www.inmsol.com\\\/es\\\/\",\"logo\":{\"@type\":\"ImageObject\",\"inLanguage\":\"es\",\"@id\":\"https:\\\/\\\/www.inmsol.com\\\/es\\\/#\\\/schema\\\/logo\\\/image\\\/\",\"url\":\"https:\\\/\\\/www.inmsol.com\\\/wp-content\\\/uploads\\\/2023\\\/06\\\/logo-inmsol-1.png\",\"contentUrl\":\"https:\\\/\\\/www.inmsol.com\\\/wp-content\\\/uploads\\\/2023\\\/06\\\/logo-inmsol-1.png\",\"width\":136,\"height\":73,\"caption\":\"Instituto Mediterr\u00e1neo Sol\"},\"image\":{\"@id\":\"https:\\\/\\\/www.inmsol.com\\\/es\\\/#\\\/schema\\\/logo\\\/image\\\/\"},\"sameAs\":[\"https:\\\/\\\/www.facebook.com\\\/spanishcourses\",\"https:\\\/\\\/x.com\\\/StudyInGranada\",\"http:\\\/\\\/instagram.com\\\/imsolgranada\",\"https:\\\/\\\/es.linkedin.com\\\/company\\\/imsol-granada\",\"https:\\\/\\\/www.pinterest.es\\\/inmsol\\\/\",\"https:\\\/\\\/www.youtube.com\\\/channel\\\/UChz-Qn_7coFMosY85iYMO4g\"]},{\"@type\":\"Person\",\"@id\":\"https:\\\/\\\/www.inmsol.com\\\/es\\\/#\\\/schema\\\/person\\\/18f18acd0397ef441e373e79ec3eb6ea\",\"name\":\"Javier Torres\",\"image\":{\"@type\":\"ImageObject\",\"inLanguage\":\"es\",\"@id\":\"https:\\\/\\\/secure.gravatar.com\\\/avatar\\\/90afa2d6499550218d247408758082af566e5ec3641e1b8eac0d7bb889344a55?s=96&d=mm&r=g\",\"url\":\"https:\\\/\\\/secure.gravatar.com\\\/avatar\\\/90afa2d6499550218d247408758082af566e5ec3641e1b8eac0d7bb889344a55?s=96&d=mm&r=g\",\"contentUrl\":\"https:\\\/\\\/secure.gravatar.com\\\/avatar\\\/90afa2d6499550218d247408758082af566e5ec3641e1b8eac0d7bb889344a55?s=96&d=mm&r=g\",\"caption\":\"Javier Torres\"},\"url\":\"https:\\\/\\\/www.inmsol.com\\\/es\\\/author\\\/javier\\\/\"}]}<\/script>\n<!-- \/ Yoast SEO plugin. -->","yoast_head_json":{"title":"Becas Grundtvig para profesores | comisi\u00f3n, europea, cursos | INMSOL","description":"Los cursos de formaci\u00f3n para profesores de iNMSOL est\u00e1n reconocidos por la Comisi\u00f3n Europea como accciones formativas Grundtvig.","robots":{"index":"index","follow":"follow","max-snippet":"max-snippet:-1","max-image-preview":"max-image-preview:large","max-video-preview":"max-video-preview:-1"},"canonical":"https:\/\/www.inmsol.com\/es\/blog-escuela\/aprender-espanol\/becas-grundtvig-para-los-cursos-de-formacion-para-profesores-de-iNMSOL\/","og_locale":"es_ES","og_type":"article","og_title":"Becas Grundtvig para profesores | comisi\u00f3n, europea, cursos | INMSOL","og_description":"Los cursos de formaci\u00f3n para profesores de iNMSOL est\u00e1n reconocidos por la Comisi\u00f3n Europea como accciones formativas Grundtvig.","og_url":"https:\/\/www.inmsol.com\/es\/blog-escuela\/aprender-espanol\/becas-grundtvig-para-los-cursos-de-formacion-para-profesores-de-iNMSOL\/","og_site_name":"iNMSOL","article_publisher":"https:\/\/www.facebook.com\/spanishcourses","article_published_time":"2011-04-26T15:40:27+00:00","article_modified_time":"2019-04-23T22:02:07+00:00","og_image":[{"url":"https:\/\/www.inmsol.com\/wp-content\/files\/logo-grundtvigPQ.jpg","type":"","width":"","height":""}],"author":"Javier Torres","twitter_misc":{"Escrito por":"Javier Torres"},"schema":{"@context":"https:\/\/schema.org","@graph":[{"@type":"Article","@id":"https:\/\/www.inmsol.com\/es\/blog-escuela\/aprender-espanol\/becas-grundtvig-para-los-cursos-de-formacion-para-profesores-de-iNMSOL\/#article","isPartOf":{"@id":"https:\/\/www.inmsol.com\/es\/blog-escuela\/aprender-espanol\/becas-grundtvig-para-los-cursos-de-formacion-para-profesores-de-iNMSOL\/"},"author":{"name":"Javier Torres","@id":"https:\/\/www.inmsol.com\/es\/#\/schema\/person\/18f18acd0397ef441e373e79ec3eb6ea"},"headline":"Becas Grundtvig para los Cursos de formaci\u00f3n para profesores de iNMSOL","datePublished":"2011-04-26T15:40:27+00:00","dateModified":"2019-04-23T22:02:07+00:00","mainEntityOfPage":{"@id":"https:\/\/www.inmsol.com\/es\/blog-escuela\/aprender-espanol\/becas-grundtvig-para-los-cursos-de-formacion-para-profesores-de-iNMSOL\/"},"wordCount":111,"publisher":{"@id":"https:\/\/www.inmsol.com\/es\/#organization"},"image":{"@id":"https:\/\/www.inmsol.com\/es\/blog-escuela\/aprender-espanol\/becas-grundtvig-para-los-cursos-de-formacion-para-profesores-de-iNMSOL\/#primaryimage"},"thumbnailUrl":"https:\/\/www.inmsol.com\/wp-content\/files\/logo-grundtvigPQ.jpg","articleSection":["Aprender Espa\u00f1ol"],"inLanguage":"es"},{"@type":"WebPage","@id":"https:\/\/www.inmsol.com\/es\/blog-escuela\/aprender-espanol\/becas-grundtvig-para-los-cursos-de-formacion-para-profesores-de-iNMSOL\/","url":"https:\/\/www.inmsol.com\/es\/blog-escuela\/aprender-espanol\/becas-grundtvig-para-los-cursos-de-formacion-para-profesores-de-iNMSOL\/","name":"Becas Grundtvig para profesores | comisi\u00f3n, europea, cursos | INMSOL","isPartOf":{"@id":"https:\/\/www.inmsol.com\/es\/#website"},"primaryImageOfPage":{"@id":"https:\/\/www.inmsol.com\/es\/blog-escuela\/aprender-espanol\/becas-grundtvig-para-los-cursos-de-formacion-para-profesores-de-iNMSOL\/#primaryimage"},"image":{"@id":"https:\/\/www.inmsol.com\/es\/blog-escuela\/aprender-espanol\/becas-grundtvig-para-los-cursos-de-formacion-para-profesores-de-iNMSOL\/#primaryimage"},"thumbnailUrl":"https:\/\/www.inmsol.com\/wp-content\/files\/logo-grundtvigPQ.jpg","datePublished":"2011-04-26T15:40:27+00:00","dateModified":"2019-04-23T22:02:07+00:00","description":"Los cursos de formaci\u00f3n para profesores de iNMSOL est\u00e1n reconocidos por la Comisi\u00f3n Europea como accciones formativas Grundtvig.","breadcrumb":{"@id":"https:\/\/www.inmsol.com\/es\/blog-escuela\/aprender-espanol\/becas-grundtvig-para-los-cursos-de-formacion-para-profesores-de-iNMSOL\/#breadcrumb"},"inLanguage":"es","potentialAction":[{"@type":"ReadAction","target":["https:\/\/www.inmsol.com\/es\/blog-escuela\/aprender-espanol\/becas-grundtvig-para-los-cursos-de-formacion-para-profesores-de-iNMSOL\/"]}]},{"@type":"ImageObject","inLanguage":"es","@id":"https:\/\/www.inmsol.com\/es\/blog-escuela\/aprender-espanol\/becas-grundtvig-para-los-cursos-de-formacion-para-profesores-de-iNMSOL\/#primaryimage","url":"https:\/\/www.inmsol.com\/wp-content\/files\/logo-grundtvigPQ.jpg","contentUrl":"https:\/\/www.inmsol.com\/wp-content\/files\/logo-grundtvigPQ.jpg"},{"@type":"BreadcrumbList","@id":"https:\/\/www.inmsol.com\/es\/blog-escuela\/aprender-espanol\/becas-grundtvig-para-los-cursos-de-formacion-para-profesores-de-iNMSOL\/#breadcrumb","itemListElement":[{"@type":"ListItem","position":1,"name":"Accredited Center by Instituto Cervantes","item":"https:\/\/www.inmsol.com\/es\/pagina-ejemplo\/"},{"@type":"ListItem","position":2,"name":"Blog Escuela Espa\u00f1ol","item":"https:\/\/www.inmsol.com\/es\/category\/blog-escuela\/"},{"@type":"ListItem","position":3,"name":"Aprender Espa\u00f1ol","item":"https:\/\/www.inmsol.com\/es\/category\/blog-escuela\/aprender-espanol\/"},{"@type":"ListItem","position":4,"name":"Becas Grundtvig para los Cursos de formaci\u00f3n para profesores de iNMSOL"}]},{"@type":"WebSite","@id":"https:\/\/www.inmsol.com\/es\/#website","url":"https:\/\/www.inmsol.com\/es\/","name":"iNMSOL","description":"Aprenda Espa\u00f1ol con iNMSOL en Granada | Centro Acreditado por el Instituto Cervantes","publisher":{"@id":"https:\/\/www.inmsol.com\/es\/#organization"},"potentialAction":[{"@type":"SearchAction","target":{"@type":"EntryPoint","urlTemplate":"https:\/\/www.inmsol.com\/es\/?s={search_term_string}"},"query-input":{"@type":"PropertyValueSpecification","valueRequired":true,"valueName":"search_term_string"}}],"inLanguage":"es"},{"@type":"Organization","@id":"https:\/\/www.inmsol.com\/es\/#organization","name":"Instituto Mediterr\u00e1neo Sol","url":"https:\/\/www.inmsol.com\/es\/","logo":{"@type":"ImageObject","inLanguage":"es","@id":"https:\/\/www.inmsol.com\/es\/#\/schema\/logo\/image\/","url":"https:\/\/www.inmsol.com\/wp-content\/uploads\/2023\/06\/logo-inmsol-1.png","contentUrl":"https:\/\/www.inmsol.com\/wp-content\/uploads\/2023\/06\/logo-inmsol-1.png","width":136,"height":73,"caption":"Instituto Mediterr\u00e1neo Sol"},"image":{"@id":"https:\/\/www.inmsol.com\/es\/#\/schema\/logo\/image\/"},"sameAs":["https:\/\/www.facebook.com\/spanishcourses","https:\/\/x.com\/StudyInGranada","http:\/\/instagram.com\/imsolgranada","https:\/\/es.linkedin.com\/company\/imsol-granada","https:\/\/www.pinterest.es\/inmsol\/","https:\/\/www.youtube.com\/channel\/UChz-Qn_7coFMosY85iYMO4g"]},{"@type":"Person","@id":"https:\/\/www.inmsol.com\/es\/#\/schema\/person\/18f18acd0397ef441e373e79ec3eb6ea","name":"Javier Torres","image":{"@type":"ImageObject","inLanguage":"es","@id":"https:\/\/secure.gravatar.com\/avatar\/90afa2d6499550218d247408758082af566e5ec3641e1b8eac0d7bb889344a55?s=96&d=mm&r=g","url":"https:\/\/secure.gravatar.com\/avatar\/90afa2d6499550218d247408758082af566e5ec3641e1b8eac0d7bb889344a55?s=96&d=mm&r=g","contentUrl":"https:\/\/secure.gravatar.com\/avatar\/90afa2d6499550218d247408758082af566e5ec3641e1b8eac0d7bb889344a55?s=96&d=mm&r=g","caption":"Javier Torres"},"url":"https:\/\/www.inmsol.com\/es\/author\/javier\/"}]}},"_links":{"self":[{"href":"https:\/\/www.inmsol.com\/es\/wp-json\/wp\/v2\/posts\/780","targetHints":{"allow":["GET"]}}],"collection":[{"href":"https:\/\/www.inmsol.com\/es\/wp-json\/wp\/v2\/posts"}],"about":[{"href":"https:\/\/www.inmsol.com\/es\/wp-json\/wp\/v2\/types\/post"}],"author":[{"embeddable":true,"href":"https:\/\/www.inmsol.com\/es\/wp-json\/wp\/v2\/users\/2"}],"replies":[{"embeddable":true,"href":"https:\/\/www.inmsol.com\/es\/wp-json\/wp\/v2\/comments?post=780"}],"version-history":[{"count":0,"href":"https:\/\/www.inmsol.com\/es\/wp-json\/wp\/v2\/posts\/780\/revisions"}],"wp:attachment":[{"href":"https:\/\/www.inmsol.com\/es\/wp-json\/wp\/v2\/media?parent=780"}],"wp:term":[{"taxonomy":"category","embeddable":true,"href":"https:\/\/www.inmsol.com\/es\/wp-json\/wp\/v2\/categories?post=780"},{"taxonomy":"post_tag","embeddable":true,"href":"https:\/\/www.inmsol.com\/es\/wp-json\/wp\/v2\/tags?post=780"}],"curies":[{"name":"wp","href":"https:\/\/api.w.org\/{rel}","templated":true}]}}