{"id":819,"date":"2011-06-15T10:44:40","date_gmt":"2011-06-15T08:44:40","guid":{"rendered":"https:\/\/www.inmsol.com\/"},"modified":"2021-09-29T09:45:22","modified_gmt":"2021-09-29T07:45:22","slug":"francisco-de-goya-y-lucientes-1746-1828","status":"publish","type":"post","link":"https:\/\/www.inmsol.com\/es\/blog-escuela\/cultura-literatura-historia-espana-es\/francisco-de-goya-y-lucientes-1746-1828\/","title":{"rendered":"Francisco de Goya y Lucientes (1746 &#8211; 1828)"},"content":{"rendered":"<p>Francisco de Goya y Lucientes, quien se considera ser \u201cEl Padre del Arte Moderno\u201d, empiez\u00f3 su carrera como artista inmediatemente despu\u00e9s del peri\u00f3do \u201cBaroque\u201d. Al expresar francamente sus pensamientos y cre\u00e9ncias, como fu\u00e9 su costumbre, lleg\u00f3 ser el pionero de las tendencias nuevas que llegaron a su culminaci\u00f3n en el siglo XIX.<\/p>\n<p><!--break--><\/p>\n<p>Dos factores importantes, que dieron la impresion de ser contradictorias  pero que no fueron, dominaron su arte. Juntos, representaron la  reacci\u00f3n contra concepciones previas del arte y el deseo de encontrar  una form<img fetchpriority=\"high\" decoding=\"async\" width=\"250\" height=\"204\" src=\"https:\/\/www.inmsol.com\/wp-content\/files\/autorretrato.gif\" \/>a nueva de expresi\u00f3n. Para entender el alcance del arte de Goya,  y para apreciar los princ\u00edpios que governaron su desarollo y su  tremenda versatilidad, es imprescindible entender que su labor cubri\u00f3 un  peri\u00f3do de mas de 60 anos, porque continu\u00f3 dibujar y pintar hasta la  edad de 82.La importancia de este factor es evidente cuando se compara su actitud hac\u00eda la vida en su juventud, cuando acept\u00f3 fel\u00edzmente el mundo tal como era, durante sus a\u00f1os como adulto, cuando empiez\u00f3 a criticarlo, y en su vej\u00e9z cuando lleg\u00f3 ser amargo y desilusionado con la gente y la sociedad. Adem\u00e1s, el mundo cambi\u00f3 totalmente durante su vida. La sociedad, en la cual hab\u00eda alcanzado un \u00e9xito enorme, desapareci\u00f3 durante la guerra N\u00e1poleonica. Mucho antes del fin del siglo XVIII, Goya ya hab\u00eda vuelto hac\u00eda sus ideales nuevos y los hab\u00eda expresado en su arte gr\u00e1fica y sus nuevas pinturas.<\/p>\n<p>Como artista, Goya fue por temperamento lejos de las obras cl\u00e1sicas. Solo en algunas de sus obras lleg\u00f3 cerca de un estilo cl\u00e1sico pero, en la gran mayor\u00eda de su trabajo, el estilo \u201cRom\u00e1ntico\u201d triumf\u00f3.<\/p>\n<p>Nacido en Zaragoza, Espa\u00f1a, obtuv\u00f3 empleo cuando era joven con el artista mediocre Jos\u00e9 Luzan, del cual aprendi\u00f3 dibujar y, como era de costumbre, hiz\u00f3 copias de las pinturas de varios maestros.<\/p>\n<p>A la edad de 17, se fu\u00e9 a Madrid. Su estilo fue influenciado por dos artistas que trabajaron ahi. El \u00faltimo de los grandes artistas Venecianos \u2014 Ti\u00e9polo \u2014 y el artista neo-cl\u00e1sico, algo frio y eficiente, \u2014 Antonio Rafael Mengs. En el ano 1763, competi\u00f3 en la Acad\u00e9mia Real de San Fernando pero, en ese a\u00f1o y tambien en el a\u00f1o 1766, fracas\u00f3. En 1770, se fu\u00e9 a Roma y sobrevivi\u00f3 de sus obras de arte.<\/p>\n<p class=\"rtecenter\"><\/p>\n<p>La maja desnuda es una de las m\u00e1s c\u00e9lebres obras de Francisco de Goya. El cuadro es una obra de encargo pintada antes de 1800, en un periodo que estar\u00eda entre 1790 y 1800, fecha de la primera referencia documentada de esta obra. Luego form\u00f3 pareja con La maja vestida, datada entre 1802 y 1805, probablemente a requerimiento de Manuel Godoy, pues consta que formaron parte de un gabinete de su casa.<\/p>\n<p>En ambas pinturas se retrata de cuerpo entero a una misma hermosa mujer recostada pl\u00e1cidamente en un lecho y mirando directamente al observador. No se trata de un desnudo mitol\u00f3gico, sino de una mujer real, contempor\u00e1nea a Goya, e incluso en su \u00e9poca se le llam\u00f3 \u00abla Gitana\u00bb. La primac\u00eda temporal de La maja desnuda indica que en el momento de ser pintado, el cuadro no estaba pensado para formar pareja.<\/p>\n<p>Se ha especulado con que la retratada sea la Duquesa de Alba, pues a la muerte de \u00e9sta en 1802, todos sus cuadros pasaron a propiedad de Godoy, a quien se sabe que pertenecieron las dos majas, en forma similar a lo ocurrido con la Venus del espejo de Vel\u00e1zquez. Sin embargo, no hay pruebas definitivas ni de que este rostro pertenezca al de la duquesa de Alba ni de que no hubiera podido llegar la Maja desnuda a Godoy por otros caminos, incluyendo el de un encargo directo a Goya.<\/p>\n<p>En el dise\u00f1o de este cuadro el dibujo es decisivo, por ese motivo y por el predominio de una gama crom\u00e1tica fr\u00eda se nota la influencia del neoclasicismo, si bien Francisco Jos\u00e9 de Goya va mucho m\u00e1s all\u00e1 de tal ismo.<\/p>\n<p>Aunque se ubica dentro de la est\u00e9tica del neoclasicismo, como otras del mismo pintor, esta obra de Goya es audaz y atrevida para su \u00e9poca, como audaz es la expresi\u00f3n del rostro y actitud corporal de la modelo, que parece sonre\u00edr satisfecha y contenta de sus gracias. M\u00e1s a\u00fan, es la primera obra de arte (conocida) en la cual aparece pintado el vello p\u00fabico femenino, lo cual resalta el erotismo de la composici\u00f3n.<\/p>\n<p>Cabe destacar la particular luminosidad que Goya da al cuerpo de la desnuda, luminosidad que contrasta con el resto del ambiente, y junto a esa luminosidad la t\u00edpica expresividad que Goya sabe dar a los ojos.<\/p>\n<p>Si en la cultura occidental hasta Goya y desde hac\u00eda siglos casi siempre se recurr\u00eda a subterfugios para representar a la mujer desnuda (por ejemplo temas m\u00edticos), en La maja desnuda tenemos a una mujer real.<\/p>\n<p>Es notable que, a\u00fan dentro de la t\u00edpica fuerza de las pinceladas que caracterizan a Goya, el artista se ha esmerado en el tratamiento de las carnaduras y sombreados acompa\u00f1adas por la figuraci\u00f3n sutil de las telas, la coloraci\u00f3n se hace con un minucioso juego de verdes que contrasta con blancos y rosados y de este modo la maja casi parece suspendida mediante su brillo y delicadeza, suspendida en un espacio oscuro que ella ilumina.<\/p>\n<p><a href=\"http:\/\/www.imageone.com\/goya\/index1.html\" target=\"_blank\" rel=\"noopener noreferrer\">Fuente<\/a><\/p>\n<p><a href=\"http:\/\/es.wikipedia.org\/wiki\/La_maja_desnuda\" target=\"_blank\" rel=\"noopener noreferrer\">Fuente<\/a><\/p>\n","protected":false},"excerpt":{"rendered":"<p>Francisco de Goya y Lucientes, quien se considera ser \u201cEl Padre del Arte Moderno\u201d, empiez\u00f3 su carrera como artista inmediatemente despu\u00e9s del peri\u00f3do \u201cBaroque\u201d. Al expresar francamente sus pensamientos y cre\u00e9ncias, como fu\u00e9 su costumbre, lleg\u00f3 ser el pionero de las tendencias nuevas que llegaron&#8230;<\/p>\n","protected":false},"author":2,"featured_media":0,"comment_status":"closed","ping_status":"closed","sticky":false,"template":"","format":"standard","meta":{"_acf_changed":false,"footnotes":""},"categories":[83],"tags":[],"class_list":["post-819","post","type-post","status-publish","format-standard","hentry","category-cultura-literatura-historia-espana-es"],"acf":[],"yoast_head":"<!-- This site is optimized with the Yoast SEO plugin v27.5 - https:\/\/yoast.com\/product\/yoast-seo-wordpress\/ -->\n<title>Francisco de Goya y Lucientes | arte, moderno, maja, desnuda | INMSOL<\/title>\n<meta name=\"description\" content=\"Francisco Goya: El Padre del Arte Moderno y pionero de las tendencias nuevas que llegaron a su culminaci\u00f3n en el siglo XIX.\" \/>\n<meta name=\"robots\" content=\"index, follow, max-snippet:-1, max-image-preview:large, max-video-preview:-1\" \/>\n<link rel=\"canonical\" href=\"https:\/\/www.inmsol.com\/es\/blog-escuela\/cultura-literatura-historia-espana-es\/francisco-de-goya-y-lucientes-1746-1828\/\" \/>\n<meta property=\"og:locale\" content=\"es_ES\" \/>\n<meta property=\"og:type\" content=\"article\" \/>\n<meta property=\"og:title\" content=\"Francisco de Goya y Lucientes | arte, moderno, maja, desnuda | INMSOL\" \/>\n<meta property=\"og:description\" content=\"Francisco Goya: El Padre del Arte Moderno y pionero de las tendencias nuevas que llegaron a su culminaci\u00f3n en el siglo XIX.\" \/>\n<meta property=\"og:url\" content=\"https:\/\/www.inmsol.com\/es\/blog-escuela\/cultura-literatura-historia-espana-es\/francisco-de-goya-y-lucientes-1746-1828\/\" \/>\n<meta property=\"og:site_name\" content=\"iNMSOL\" \/>\n<meta property=\"article:publisher\" content=\"https:\/\/www.facebook.com\/spanishcourses\" \/>\n<meta property=\"article:published_time\" content=\"2011-06-15T08:44:40+00:00\" \/>\n<meta property=\"article:modified_time\" content=\"2021-09-29T07:45:22+00:00\" \/>\n<meta property=\"og:image\" content=\"https:\/\/www.inmsol.com\/wp-content\/files\/autorretrato.gif\" \/>\n<meta name=\"author\" content=\"Javier Torres\" \/>\n<meta name=\"twitter:label1\" content=\"Escrito por\" \/>\n\t<meta name=\"twitter:data1\" content=\"Javier Torres\" \/>\n\t<meta name=\"twitter:label2\" content=\"Tiempo de lectura\" \/>\n\t<meta name=\"twitter:data2\" content=\"5 minutos\" \/>\n<script type=\"application\/ld+json\" class=\"yoast-schema-graph\">{\"@context\":\"https:\\\/\\\/schema.org\",\"@graph\":[{\"@type\":\"Article\",\"@id\":\"https:\\\/\\\/www.inmsol.com\\\/es\\\/blog-escuela\\\/cultura-literatura-historia-espana-es\\\/francisco-de-goya-y-lucientes-1746-1828\\\/#article\",\"isPartOf\":{\"@id\":\"https:\\\/\\\/www.inmsol.com\\\/es\\\/blog-escuela\\\/cultura-literatura-historia-espana-es\\\/francisco-de-goya-y-lucientes-1746-1828\\\/\"},\"author\":{\"name\":\"Javier Torres\",\"@id\":\"https:\\\/\\\/www.inmsol.com\\\/es\\\/#\\\/schema\\\/person\\\/18f18acd0397ef441e373e79ec3eb6ea\"},\"headline\":\"Francisco de Goya y Lucientes (1746 &#8211; 1828)\",\"datePublished\":\"2011-06-15T08:44:40+00:00\",\"dateModified\":\"2021-09-29T07:45:22+00:00\",\"mainEntityOfPage\":{\"@id\":\"https:\\\/\\\/www.inmsol.com\\\/es\\\/blog-escuela\\\/cultura-literatura-historia-espana-es\\\/francisco-de-goya-y-lucientes-1746-1828\\\/\"},\"wordCount\":932,\"publisher\":{\"@id\":\"https:\\\/\\\/www.inmsol.com\\\/es\\\/#organization\"},\"image\":{\"@id\":\"https:\\\/\\\/www.inmsol.com\\\/es\\\/blog-escuela\\\/cultura-literatura-historia-espana-es\\\/francisco-de-goya-y-lucientes-1746-1828\\\/#primaryimage\"},\"thumbnailUrl\":\"https:\\\/\\\/www.inmsol.com\\\/wp-content\\\/files\\\/autorretrato.gif\",\"articleSection\":[\"Cultura, Literatura e Historia de Espa\u00f1a e Hispanoam\u00e9rica\"],\"inLanguage\":\"es\"},{\"@type\":\"WebPage\",\"@id\":\"https:\\\/\\\/www.inmsol.com\\\/es\\\/blog-escuela\\\/cultura-literatura-historia-espana-es\\\/francisco-de-goya-y-lucientes-1746-1828\\\/\",\"url\":\"https:\\\/\\\/www.inmsol.com\\\/es\\\/blog-escuela\\\/cultura-literatura-historia-espana-es\\\/francisco-de-goya-y-lucientes-1746-1828\\\/\",\"name\":\"Francisco de Goya y Lucientes | arte, moderno, maja, desnuda | INMSOL\",\"isPartOf\":{\"@id\":\"https:\\\/\\\/www.inmsol.com\\\/es\\\/#website\"},\"primaryImageOfPage\":{\"@id\":\"https:\\\/\\\/www.inmsol.com\\\/es\\\/blog-escuela\\\/cultura-literatura-historia-espana-es\\\/francisco-de-goya-y-lucientes-1746-1828\\\/#primaryimage\"},\"image\":{\"@id\":\"https:\\\/\\\/www.inmsol.com\\\/es\\\/blog-escuela\\\/cultura-literatura-historia-espana-es\\\/francisco-de-goya-y-lucientes-1746-1828\\\/#primaryimage\"},\"thumbnailUrl\":\"https:\\\/\\\/www.inmsol.com\\\/wp-content\\\/files\\\/autorretrato.gif\",\"datePublished\":\"2011-06-15T08:44:40+00:00\",\"dateModified\":\"2021-09-29T07:45:22+00:00\",\"description\":\"Francisco Goya: El Padre del Arte Moderno y pionero de las tendencias nuevas que llegaron a su culminaci\u00f3n en el siglo XIX.\",\"breadcrumb\":{\"@id\":\"https:\\\/\\\/www.inmsol.com\\\/es\\\/blog-escuela\\\/cultura-literatura-historia-espana-es\\\/francisco-de-goya-y-lucientes-1746-1828\\\/#breadcrumb\"},\"inLanguage\":\"es\",\"potentialAction\":[{\"@type\":\"ReadAction\",\"target\":[\"https:\\\/\\\/www.inmsol.com\\\/es\\\/blog-escuela\\\/cultura-literatura-historia-espana-es\\\/francisco-de-goya-y-lucientes-1746-1828\\\/\"]}]},{\"@type\":\"ImageObject\",\"inLanguage\":\"es\",\"@id\":\"https:\\\/\\\/www.inmsol.com\\\/es\\\/blog-escuela\\\/cultura-literatura-historia-espana-es\\\/francisco-de-goya-y-lucientes-1746-1828\\\/#primaryimage\",\"url\":\"https:\\\/\\\/www.inmsol.com\\\/wp-content\\\/files\\\/autorretrato.gif\",\"contentUrl\":\"https:\\\/\\\/www.inmsol.com\\\/wp-content\\\/files\\\/autorretrato.gif\"},{\"@type\":\"BreadcrumbList\",\"@id\":\"https:\\\/\\\/www.inmsol.com\\\/es\\\/blog-escuela\\\/cultura-literatura-historia-espana-es\\\/francisco-de-goya-y-lucientes-1746-1828\\\/#breadcrumb\",\"itemListElement\":[{\"@type\":\"ListItem\",\"position\":1,\"name\":\"Accredited Center by Instituto Cervantes\",\"item\":\"https:\\\/\\\/www.inmsol.com\\\/es\\\/pagina-ejemplo\\\/\"},{\"@type\":\"ListItem\",\"position\":2,\"name\":\"Blog Escuela Espa\u00f1ol\",\"item\":\"https:\\\/\\\/www.inmsol.com\\\/es\\\/category\\\/blog-escuela\\\/\"},{\"@type\":\"ListItem\",\"position\":3,\"name\":\"Cultura, Literatura e Historia de Espa\u00f1a e Hispanoam\u00e9rica\",\"item\":\"https:\\\/\\\/www.inmsol.com\\\/es\\\/category\\\/blog-escuela\\\/cultura-literatura-historia-espana-es\\\/\"},{\"@type\":\"ListItem\",\"position\":4,\"name\":\"Francisco de Goya y Lucientes (1746 &#8211; 1828)\"}]},{\"@type\":\"WebSite\",\"@id\":\"https:\\\/\\\/www.inmsol.com\\\/es\\\/#website\",\"url\":\"https:\\\/\\\/www.inmsol.com\\\/es\\\/\",\"name\":\"iNMSOL\",\"description\":\"Aprenda Espa\u00f1ol con iNMSOL en Granada | Centro Acreditado por el Instituto Cervantes\",\"publisher\":{\"@id\":\"https:\\\/\\\/www.inmsol.com\\\/es\\\/#organization\"},\"potentialAction\":[{\"@type\":\"SearchAction\",\"target\":{\"@type\":\"EntryPoint\",\"urlTemplate\":\"https:\\\/\\\/www.inmsol.com\\\/es\\\/?s={search_term_string}\"},\"query-input\":{\"@type\":\"PropertyValueSpecification\",\"valueRequired\":true,\"valueName\":\"search_term_string\"}}],\"inLanguage\":\"es\"},{\"@type\":\"Organization\",\"@id\":\"https:\\\/\\\/www.inmsol.com\\\/es\\\/#organization\",\"name\":\"Instituto Mediterr\u00e1neo Sol\",\"url\":\"https:\\\/\\\/www.inmsol.com\\\/es\\\/\",\"logo\":{\"@type\":\"ImageObject\",\"inLanguage\":\"es\",\"@id\":\"https:\\\/\\\/www.inmsol.com\\\/es\\\/#\\\/schema\\\/logo\\\/image\\\/\",\"url\":\"https:\\\/\\\/www.inmsol.com\\\/wp-content\\\/uploads\\\/2023\\\/06\\\/logo-inmsol-1.png\",\"contentUrl\":\"https:\\\/\\\/www.inmsol.com\\\/wp-content\\\/uploads\\\/2023\\\/06\\\/logo-inmsol-1.png\",\"width\":136,\"height\":73,\"caption\":\"Instituto Mediterr\u00e1neo Sol\"},\"image\":{\"@id\":\"https:\\\/\\\/www.inmsol.com\\\/es\\\/#\\\/schema\\\/logo\\\/image\\\/\"},\"sameAs\":[\"https:\\\/\\\/www.facebook.com\\\/spanishcourses\",\"https:\\\/\\\/x.com\\\/StudyInGranada\",\"http:\\\/\\\/instagram.com\\\/imsolgranada\",\"https:\\\/\\\/es.linkedin.com\\\/company\\\/imsol-granada\",\"https:\\\/\\\/www.pinterest.es\\\/inmsol\\\/\",\"https:\\\/\\\/www.youtube.com\\\/channel\\\/UChz-Qn_7coFMosY85iYMO4g\"]},{\"@type\":\"Person\",\"@id\":\"https:\\\/\\\/www.inmsol.com\\\/es\\\/#\\\/schema\\\/person\\\/18f18acd0397ef441e373e79ec3eb6ea\",\"name\":\"Javier Torres\",\"image\":{\"@type\":\"ImageObject\",\"inLanguage\":\"es\",\"@id\":\"https:\\\/\\\/secure.gravatar.com\\\/avatar\\\/90afa2d6499550218d247408758082af566e5ec3641e1b8eac0d7bb889344a55?s=96&d=mm&r=g\",\"url\":\"https:\\\/\\\/secure.gravatar.com\\\/avatar\\\/90afa2d6499550218d247408758082af566e5ec3641e1b8eac0d7bb889344a55?s=96&d=mm&r=g\",\"contentUrl\":\"https:\\\/\\\/secure.gravatar.com\\\/avatar\\\/90afa2d6499550218d247408758082af566e5ec3641e1b8eac0d7bb889344a55?s=96&d=mm&r=g\",\"caption\":\"Javier Torres\"},\"url\":\"https:\\\/\\\/www.inmsol.com\\\/es\\\/author\\\/javier\\\/\"}]}<\/script>\n<!-- \/ Yoast SEO plugin. -->","yoast_head_json":{"title":"Francisco de Goya y Lucientes | arte, moderno, maja, desnuda | INMSOL","description":"Francisco Goya: El Padre del Arte Moderno y pionero de las tendencias nuevas que llegaron a su culminaci\u00f3n en el siglo XIX.","robots":{"index":"index","follow":"follow","max-snippet":"max-snippet:-1","max-image-preview":"max-image-preview:large","max-video-preview":"max-video-preview:-1"},"canonical":"https:\/\/www.inmsol.com\/es\/blog-escuela\/cultura-literatura-historia-espana-es\/francisco-de-goya-y-lucientes-1746-1828\/","og_locale":"es_ES","og_type":"article","og_title":"Francisco de Goya y Lucientes | arte, moderno, maja, desnuda | INMSOL","og_description":"Francisco Goya: El Padre del Arte Moderno y pionero de las tendencias nuevas que llegaron a su culminaci\u00f3n en el siglo XIX.","og_url":"https:\/\/www.inmsol.com\/es\/blog-escuela\/cultura-literatura-historia-espana-es\/francisco-de-goya-y-lucientes-1746-1828\/","og_site_name":"iNMSOL","article_publisher":"https:\/\/www.facebook.com\/spanishcourses","article_published_time":"2011-06-15T08:44:40+00:00","article_modified_time":"2021-09-29T07:45:22+00:00","og_image":[{"url":"https:\/\/www.inmsol.com\/wp-content\/files\/autorretrato.gif","type":"","width":"","height":""}],"author":"Javier Torres","twitter_misc":{"Escrito por":"Javier Torres","Tiempo de lectura":"5 minutos"},"schema":{"@context":"https:\/\/schema.org","@graph":[{"@type":"Article","@id":"https:\/\/www.inmsol.com\/es\/blog-escuela\/cultura-literatura-historia-espana-es\/francisco-de-goya-y-lucientes-1746-1828\/#article","isPartOf":{"@id":"https:\/\/www.inmsol.com\/es\/blog-escuela\/cultura-literatura-historia-espana-es\/francisco-de-goya-y-lucientes-1746-1828\/"},"author":{"name":"Javier Torres","@id":"https:\/\/www.inmsol.com\/es\/#\/schema\/person\/18f18acd0397ef441e373e79ec3eb6ea"},"headline":"Francisco de Goya y Lucientes (1746 &#8211; 1828)","datePublished":"2011-06-15T08:44:40+00:00","dateModified":"2021-09-29T07:45:22+00:00","mainEntityOfPage":{"@id":"https:\/\/www.inmsol.com\/es\/blog-escuela\/cultura-literatura-historia-espana-es\/francisco-de-goya-y-lucientes-1746-1828\/"},"wordCount":932,"publisher":{"@id":"https:\/\/www.inmsol.com\/es\/#organization"},"image":{"@id":"https:\/\/www.inmsol.com\/es\/blog-escuela\/cultura-literatura-historia-espana-es\/francisco-de-goya-y-lucientes-1746-1828\/#primaryimage"},"thumbnailUrl":"https:\/\/www.inmsol.com\/wp-content\/files\/autorretrato.gif","articleSection":["Cultura, Literatura e Historia de Espa\u00f1a e Hispanoam\u00e9rica"],"inLanguage":"es"},{"@type":"WebPage","@id":"https:\/\/www.inmsol.com\/es\/blog-escuela\/cultura-literatura-historia-espana-es\/francisco-de-goya-y-lucientes-1746-1828\/","url":"https:\/\/www.inmsol.com\/es\/blog-escuela\/cultura-literatura-historia-espana-es\/francisco-de-goya-y-lucientes-1746-1828\/","name":"Francisco de Goya y Lucientes | arte, moderno, maja, desnuda | INMSOL","isPartOf":{"@id":"https:\/\/www.inmsol.com\/es\/#website"},"primaryImageOfPage":{"@id":"https:\/\/www.inmsol.com\/es\/blog-escuela\/cultura-literatura-historia-espana-es\/francisco-de-goya-y-lucientes-1746-1828\/#primaryimage"},"image":{"@id":"https:\/\/www.inmsol.com\/es\/blog-escuela\/cultura-literatura-historia-espana-es\/francisco-de-goya-y-lucientes-1746-1828\/#primaryimage"},"thumbnailUrl":"https:\/\/www.inmsol.com\/wp-content\/files\/autorretrato.gif","datePublished":"2011-06-15T08:44:40+00:00","dateModified":"2021-09-29T07:45:22+00:00","description":"Francisco Goya: El Padre del Arte Moderno y pionero de las tendencias nuevas que llegaron a su culminaci\u00f3n en el siglo XIX.","breadcrumb":{"@id":"https:\/\/www.inmsol.com\/es\/blog-escuela\/cultura-literatura-historia-espana-es\/francisco-de-goya-y-lucientes-1746-1828\/#breadcrumb"},"inLanguage":"es","potentialAction":[{"@type":"ReadAction","target":["https:\/\/www.inmsol.com\/es\/blog-escuela\/cultura-literatura-historia-espana-es\/francisco-de-goya-y-lucientes-1746-1828\/"]}]},{"@type":"ImageObject","inLanguage":"es","@id":"https:\/\/www.inmsol.com\/es\/blog-escuela\/cultura-literatura-historia-espana-es\/francisco-de-goya-y-lucientes-1746-1828\/#primaryimage","url":"https:\/\/www.inmsol.com\/wp-content\/files\/autorretrato.gif","contentUrl":"https:\/\/www.inmsol.com\/wp-content\/files\/autorretrato.gif"},{"@type":"BreadcrumbList","@id":"https:\/\/www.inmsol.com\/es\/blog-escuela\/cultura-literatura-historia-espana-es\/francisco-de-goya-y-lucientes-1746-1828\/#breadcrumb","itemListElement":[{"@type":"ListItem","position":1,"name":"Accredited Center by Instituto Cervantes","item":"https:\/\/www.inmsol.com\/es\/pagina-ejemplo\/"},{"@type":"ListItem","position":2,"name":"Blog Escuela Espa\u00f1ol","item":"https:\/\/www.inmsol.com\/es\/category\/blog-escuela\/"},{"@type":"ListItem","position":3,"name":"Cultura, Literatura e Historia de Espa\u00f1a e Hispanoam\u00e9rica","item":"https:\/\/www.inmsol.com\/es\/category\/blog-escuela\/cultura-literatura-historia-espana-es\/"},{"@type":"ListItem","position":4,"name":"Francisco de Goya y Lucientes (1746 &#8211; 1828)"}]},{"@type":"WebSite","@id":"https:\/\/www.inmsol.com\/es\/#website","url":"https:\/\/www.inmsol.com\/es\/","name":"iNMSOL","description":"Aprenda Espa\u00f1ol con iNMSOL en Granada | Centro Acreditado por el Instituto Cervantes","publisher":{"@id":"https:\/\/www.inmsol.com\/es\/#organization"},"potentialAction":[{"@type":"SearchAction","target":{"@type":"EntryPoint","urlTemplate":"https:\/\/www.inmsol.com\/es\/?s={search_term_string}"},"query-input":{"@type":"PropertyValueSpecification","valueRequired":true,"valueName":"search_term_string"}}],"inLanguage":"es"},{"@type":"Organization","@id":"https:\/\/www.inmsol.com\/es\/#organization","name":"Instituto Mediterr\u00e1neo Sol","url":"https:\/\/www.inmsol.com\/es\/","logo":{"@type":"ImageObject","inLanguage":"es","@id":"https:\/\/www.inmsol.com\/es\/#\/schema\/logo\/image\/","url":"https:\/\/www.inmsol.com\/wp-content\/uploads\/2023\/06\/logo-inmsol-1.png","contentUrl":"https:\/\/www.inmsol.com\/wp-content\/uploads\/2023\/06\/logo-inmsol-1.png","width":136,"height":73,"caption":"Instituto Mediterr\u00e1neo Sol"},"image":{"@id":"https:\/\/www.inmsol.com\/es\/#\/schema\/logo\/image\/"},"sameAs":["https:\/\/www.facebook.com\/spanishcourses","https:\/\/x.com\/StudyInGranada","http:\/\/instagram.com\/imsolgranada","https:\/\/es.linkedin.com\/company\/imsol-granada","https:\/\/www.pinterest.es\/inmsol\/","https:\/\/www.youtube.com\/channel\/UChz-Qn_7coFMosY85iYMO4g"]},{"@type":"Person","@id":"https:\/\/www.inmsol.com\/es\/#\/schema\/person\/18f18acd0397ef441e373e79ec3eb6ea","name":"Javier Torres","image":{"@type":"ImageObject","inLanguage":"es","@id":"https:\/\/secure.gravatar.com\/avatar\/90afa2d6499550218d247408758082af566e5ec3641e1b8eac0d7bb889344a55?s=96&d=mm&r=g","url":"https:\/\/secure.gravatar.com\/avatar\/90afa2d6499550218d247408758082af566e5ec3641e1b8eac0d7bb889344a55?s=96&d=mm&r=g","contentUrl":"https:\/\/secure.gravatar.com\/avatar\/90afa2d6499550218d247408758082af566e5ec3641e1b8eac0d7bb889344a55?s=96&d=mm&r=g","caption":"Javier Torres"},"url":"https:\/\/www.inmsol.com\/es\/author\/javier\/"}]}},"_links":{"self":[{"href":"https:\/\/www.inmsol.com\/es\/wp-json\/wp\/v2\/posts\/819","targetHints":{"allow":["GET"]}}],"collection":[{"href":"https:\/\/www.inmsol.com\/es\/wp-json\/wp\/v2\/posts"}],"about":[{"href":"https:\/\/www.inmsol.com\/es\/wp-json\/wp\/v2\/types\/post"}],"author":[{"embeddable":true,"href":"https:\/\/www.inmsol.com\/es\/wp-json\/wp\/v2\/users\/2"}],"replies":[{"embeddable":true,"href":"https:\/\/www.inmsol.com\/es\/wp-json\/wp\/v2\/comments?post=819"}],"version-history":[{"count":0,"href":"https:\/\/www.inmsol.com\/es\/wp-json\/wp\/v2\/posts\/819\/revisions"}],"wp:attachment":[{"href":"https:\/\/www.inmsol.com\/es\/wp-json\/wp\/v2\/media?parent=819"}],"wp:term":[{"taxonomy":"category","embeddable":true,"href":"https:\/\/www.inmsol.com\/es\/wp-json\/wp\/v2\/categories?post=819"},{"taxonomy":"post_tag","embeddable":true,"href":"https:\/\/www.inmsol.com\/es\/wp-json\/wp\/v2\/tags?post=819"}],"curies":[{"name":"wp","href":"https:\/\/api.w.org\/{rel}","templated":true}]}}