{"id":822,"date":"2011-06-15T15:11:09","date_gmt":"2011-06-15T13:11:09","guid":{"rendered":"https:\/\/www.inmsol.com\/"},"modified":"2019-04-23T23:53:19","modified_gmt":"2019-04-23T21:53:19","slug":"curso-de-formacion-para-profesores-no-nativos","status":"publish","type":"post","link":"https:\/\/www.inmsol.com\/es\/blog-escuela\/aprender-espanol\/curso-de-formacion-para-profesores-no-nativos\/","title":{"rendered":"Curso de formaci\u00f3n para profesores no nativos"},"content":{"rendered":"<p>Instituto Mediterr\u00e1neo Sol va a empezar <a href=\"http:\/\/www.cursos-profesores-ele.com\/cursos-formacion-profesores-espanol\/descripcion-general-profesores-de-espanol-no-nativos.html\" target=\"_blank\" rel=\"noopener noreferrer\">Cursos de Formaci\u00f3n para Profesores no nativos de espa\u00f1ol<\/a> en estas fechas:<\/p>\n<p class=\"rtecenter\"><strong>13.08.2012<\/strong><\/p>\n<p class=\"rtecenter\"><strong>27.08.2012<\/strong><\/p>\n<p class=\"rtecenter\"><strong>10.09.2012<br \/>\n<\/strong><\/p>\n<p class=\"rtecenter\"><strong>08.10.2012<br \/>\n<\/strong><\/p>\n<p class=\"rtecenter\"><strong>22.10.2012<br \/>\n<\/strong><\/p>\n<p class=\"rtecenter\"><strong>05.11.2012<\/strong><\/p>\n<p><u><strong>Caracter\u00edsticas del curso:<\/strong><\/u><\/p>\n<ul>\n<li><strong>Lugar:<\/strong> Instituto Mediterr\u00e1neo Sol<\/li>\n<li><strong>Duraci\u00f3n:<\/strong> 2 semanas.<\/li>\n<li><strong>N\u00famero m\u00e1ximo alumnos por curso:<\/strong> 8<\/li>\n<li><strong>Horario:<\/strong> normalmente por las ma\u00f1anas<\/li>\n<li><strong>El precio incluye<\/strong>: clases y certificado.<\/li>\n<li><strong>Precio<\/strong>: 535 euros<\/li>\n<li><strong>Nivel formativo:<\/strong> Desde nivel B1 (Umbral)<\/li>\n<li><strong>\u00c1mbito formativo:<\/strong> Todos los \u00e1mbitos.<\/li>\n<\/ul>\n<p><u><strong>Opciones a elegir:<\/strong><\/u><\/p>\n<p><strong><em>Opci\u00f3n A:<\/em><\/strong><\/p>\n<p>Dirigido a profesores con un nivel de usuario independiente (B1-Umbral) que desean mejorar sus competencias gramaticales y culturales para la ense\u00f1anza del espa\u00f1ol.<\/p>\n<ul>\n<li><strong>Distribuci\u00f3n de las horas de clase (clases de 45&#8242;):<\/strong>\n<ul>\n<li>1\u00aa hora y 2\u00aa hora: Gram\u00e1tica espa\u00f1ola seg\u00fan nivel.<\/li>\n<li>3\u00aa hora: Contenidos culturales sobre Espa\u00f1a presentados por el profesor.<\/li>\n<li>4\u00aa hora: Conversaci\u00f3n y mesa redonda sobre temas de actualidad de Espa\u00f1a en la que el profesor act\u00faa de moderador con el objetivo de familiarizar a los estudiantes con dichos temas.<\/li>\n<\/ul>\n<\/li>\n<\/ul>\n<p><strong><em>Opci\u00f3n B:<\/em><\/strong><\/p>\n<p>Dirigido a profesores de espa\u00f1ol con un nivel de usuario independiente (B1-Umbral y B2-Avanzado) que quieren mejorar su competencia gramatical, docente y cultural para la ense\u00f1anza del espa\u00f1ol.\u00a0 Adem\u00e1s, a aquellos que quieren iniciarse en los conocimientos, habilidades, t\u00e9cnicas e instrumentos para comenzar profesionalmente en la ense\u00f1anza del espa\u00f1ol.<\/p>\n<ul>\n<li><strong>Distribuci\u00f3n de las horas de clase (clases de 45&#8242;):<\/strong>\n<ul>\n<li>1\u00aa hora: Gram\u00e1tica espa\u00f1ola seg\u00fan nivel.<\/li>\n<li>2\u00aa hora: Did\u00e1ctica del espa\u00f1ol como lengua extranjera.<\/li>\n<li>3\u00aa hora: Contenidos culturales sobre Espa\u00f1a presentados por el profesor.<\/li>\n<li>4\u00aa hora: Conversaci\u00f3n y mesa redonda sobre temas de actualidad de Espa\u00f1a en la que el profesor act\u00faa de moderador con el objetivo de familiarizar a los estudiantes con dichos temas.<\/li>\n<\/ul>\n<\/li>\n<\/ul>\n<p><strong><em>Opci\u00f3n C:<\/em><\/strong><\/p>\n<p>Dirigido a profesores con un nivel de usuario independiente (C1-Dominio) que desean conocer o mejorar aspectos de did\u00e1ctica aplicada y ampliar conocimientos sobre cultura y tradiciones de Espa\u00f1a.<\/p>\n<ul>\n<li><strong>Distribuci\u00f3n de las horas de clase (clases de 45&#8242;)<\/strong>\n<ul>\n<li>1\u00aa hora y 2\u00aa hora: Did\u00e1ctica del espa\u00f1ol como lengua extranjera.<\/li>\n<li>3\u00aa hora: Contenidos culturales sobre Espa\u00f1a presentados por el profesor.<\/li>\n<li>4\u00aa hora: Conversaci\u00f3n y mesa redonda sobre temas de actualidad de Espa\u00f1a en la que el profesor act\u00faa de moderador con el objetivo de familiarizar a los estudiantes con dichos temas.<\/li>\n<\/ul>\n<\/li>\n<\/ul>\n<p class=\"rtecenter\"><strong><span style=\"text-decoration: underline;\">Si quieres inscribirte al curso, por favor <\/span><\/strong><a href=\"https:\/\/www.inmsol.com\/es\/inscripcion\/\" target=\"_blank\" rel=\"noopener noreferrer\"><strong>pincha aqu\u00ed<\/strong><\/a><\/p>\n<p class=\"rtecenter\">Si necesita m\u00e1s informaciones, <a href=\"mailto:info@inmsol.com\">por favor contacta con nosotros<\/a>.<\/p>\n","protected":false},"excerpt":{"rendered":"<p>Instituto Mediterr\u00e1neo Sol va a empezar Cursos de Formaci\u00f3n para Profesores no nativos de espa\u00f1ol en estas fechas: 13.08.2012 27.08.2012 10.09.2012 08.10.2012 22.10.2012 05.11.2012 Caracter\u00edsticas del curso: Lugar: Instituto Mediterr\u00e1neo Sol Duraci\u00f3n: 2 semanas. N\u00famero m\u00e1ximo alumnos por curso: 8 Horario: normalmente por las ma\u00f1anas&#8230;<\/p>\n","protected":false},"author":2,"featured_media":0,"comment_status":"closed","ping_status":"closed","sticky":false,"template":"","format":"standard","meta":{"_acf_changed":false,"footnotes":""},"categories":[362],"tags":[],"class_list":["post-822","post","type-post","status-publish","format-standard","hentry","category-aprender-espanol"],"acf":[],"yoast_head":"<!-- This site is optimized with the Yoast SEO plugin v27.5 - https:\/\/yoast.com\/product\/yoast-seo-wordpress\/ -->\n<title>Formaci\u00f3n para profesores no nativos | curso, granada, espa\u00f1ol | INMSOL<\/title>\n<meta name=\"description\" content=\"Pr\u00f3ximos cursos de formacion para profesores de Espa\u00f1ol en Granada, Espa\u00f1a.\" \/>\n<meta name=\"robots\" content=\"index, follow, max-snippet:-1, max-image-preview:large, max-video-preview:-1\" \/>\n<link rel=\"canonical\" href=\"https:\/\/www.inmsol.com\/es\/blog-escuela\/aprender-espanol\/curso-de-formacion-para-profesores-no-nativos\/\" \/>\n<meta property=\"og:locale\" content=\"es_ES\" \/>\n<meta property=\"og:type\" content=\"article\" \/>\n<meta property=\"og:title\" content=\"Formaci\u00f3n para profesores no nativos | curso, granada, espa\u00f1ol | INMSOL\" \/>\n<meta property=\"og:description\" content=\"Pr\u00f3ximos cursos de formacion para profesores de Espa\u00f1ol en Granada, Espa\u00f1a.\" \/>\n<meta property=\"og:url\" content=\"https:\/\/www.inmsol.com\/es\/blog-escuela\/aprender-espanol\/curso-de-formacion-para-profesores-no-nativos\/\" \/>\n<meta property=\"og:site_name\" content=\"iNMSOL\" \/>\n<meta property=\"article:publisher\" content=\"https:\/\/www.facebook.com\/spanishcourses\" \/>\n<meta property=\"article:published_time\" content=\"2011-06-15T13:11:09+00:00\" \/>\n<meta property=\"article:modified_time\" content=\"2019-04-23T21:53:19+00:00\" \/>\n<meta property=\"og:image\" content=\"https:\/\/www.inmsol.com\/wp-content\/uploads\/2019\/08\/logo-inmsol.png\" \/>\n\t<meta property=\"og:image:width\" content=\"320\" \/>\n\t<meta property=\"og:image:height\" content=\"154\" \/>\n\t<meta property=\"og:image:type\" content=\"image\/png\" \/>\n<meta name=\"author\" content=\"Javier Torres\" \/>\n<meta name=\"twitter:label1\" content=\"Escrito por\" \/>\n\t<meta name=\"twitter:data1\" content=\"Javier Torres\" \/>\n\t<meta name=\"twitter:label2\" content=\"Tiempo de lectura\" \/>\n\t<meta name=\"twitter:data2\" content=\"2 minutos\" \/>\n<script type=\"application\/ld+json\" class=\"yoast-schema-graph\">{\"@context\":\"https:\\\/\\\/schema.org\",\"@graph\":[{\"@type\":\"Article\",\"@id\":\"https:\\\/\\\/www.inmsol.com\\\/es\\\/blog-escuela\\\/aprender-espanol\\\/curso-de-formacion-para-profesores-no-nativos\\\/#article\",\"isPartOf\":{\"@id\":\"https:\\\/\\\/www.inmsol.com\\\/es\\\/blog-escuela\\\/aprender-espanol\\\/curso-de-formacion-para-profesores-no-nativos\\\/\"},\"author\":{\"name\":\"Javier Torres\",\"@id\":\"https:\\\/\\\/www.inmsol.com\\\/es\\\/#\\\/schema\\\/person\\\/18f18acd0397ef441e373e79ec3eb6ea\"},\"headline\":\"Curso de formaci\u00f3n para profesores no nativos\",\"datePublished\":\"2011-06-15T13:11:09+00:00\",\"dateModified\":\"2019-04-23T21:53:19+00:00\",\"mainEntityOfPage\":{\"@id\":\"https:\\\/\\\/www.inmsol.com\\\/es\\\/blog-escuela\\\/aprender-espanol\\\/curso-de-formacion-para-profesores-no-nativos\\\/\"},\"wordCount\":413,\"publisher\":{\"@id\":\"https:\\\/\\\/www.inmsol.com\\\/es\\\/#organization\"},\"articleSection\":[\"Aprender Espa\u00f1ol\"],\"inLanguage\":\"es\"},{\"@type\":\"WebPage\",\"@id\":\"https:\\\/\\\/www.inmsol.com\\\/es\\\/blog-escuela\\\/aprender-espanol\\\/curso-de-formacion-para-profesores-no-nativos\\\/\",\"url\":\"https:\\\/\\\/www.inmsol.com\\\/es\\\/blog-escuela\\\/aprender-espanol\\\/curso-de-formacion-para-profesores-no-nativos\\\/\",\"name\":\"Formaci\u00f3n para profesores no nativos | curso, granada, espa\u00f1ol | INMSOL\",\"isPartOf\":{\"@id\":\"https:\\\/\\\/www.inmsol.com\\\/es\\\/#website\"},\"datePublished\":\"2011-06-15T13:11:09+00:00\",\"dateModified\":\"2019-04-23T21:53:19+00:00\",\"description\":\"Pr\u00f3ximos cursos de formacion para profesores de Espa\u00f1ol en Granada, Espa\u00f1a.\",\"breadcrumb\":{\"@id\":\"https:\\\/\\\/www.inmsol.com\\\/es\\\/blog-escuela\\\/aprender-espanol\\\/curso-de-formacion-para-profesores-no-nativos\\\/#breadcrumb\"},\"inLanguage\":\"es\",\"potentialAction\":[{\"@type\":\"ReadAction\",\"target\":[\"https:\\\/\\\/www.inmsol.com\\\/es\\\/blog-escuela\\\/aprender-espanol\\\/curso-de-formacion-para-profesores-no-nativos\\\/\"]}]},{\"@type\":\"BreadcrumbList\",\"@id\":\"https:\\\/\\\/www.inmsol.com\\\/es\\\/blog-escuela\\\/aprender-espanol\\\/curso-de-formacion-para-profesores-no-nativos\\\/#breadcrumb\",\"itemListElement\":[{\"@type\":\"ListItem\",\"position\":1,\"name\":\"Accredited Center by Instituto Cervantes\",\"item\":\"https:\\\/\\\/www.inmsol.com\\\/es\\\/pagina-ejemplo\\\/\"},{\"@type\":\"ListItem\",\"position\":2,\"name\":\"Blog Escuela Espa\u00f1ol\",\"item\":\"https:\\\/\\\/www.inmsol.com\\\/es\\\/category\\\/blog-escuela\\\/\"},{\"@type\":\"ListItem\",\"position\":3,\"name\":\"Aprender Espa\u00f1ol\",\"item\":\"https:\\\/\\\/www.inmsol.com\\\/es\\\/category\\\/blog-escuela\\\/aprender-espanol\\\/\"},{\"@type\":\"ListItem\",\"position\":4,\"name\":\"Curso de formaci\u00f3n para profesores no nativos\"}]},{\"@type\":\"WebSite\",\"@id\":\"https:\\\/\\\/www.inmsol.com\\\/es\\\/#website\",\"url\":\"https:\\\/\\\/www.inmsol.com\\\/es\\\/\",\"name\":\"iNMSOL\",\"description\":\"Aprenda Espa\u00f1ol con iNMSOL en Granada | Centro Acreditado por el Instituto Cervantes\",\"publisher\":{\"@id\":\"https:\\\/\\\/www.inmsol.com\\\/es\\\/#organization\"},\"potentialAction\":[{\"@type\":\"SearchAction\",\"target\":{\"@type\":\"EntryPoint\",\"urlTemplate\":\"https:\\\/\\\/www.inmsol.com\\\/es\\\/?s={search_term_string}\"},\"query-input\":{\"@type\":\"PropertyValueSpecification\",\"valueRequired\":true,\"valueName\":\"search_term_string\"}}],\"inLanguage\":\"es\"},{\"@type\":\"Organization\",\"@id\":\"https:\\\/\\\/www.inmsol.com\\\/es\\\/#organization\",\"name\":\"Instituto Mediterr\u00e1neo Sol\",\"url\":\"https:\\\/\\\/www.inmsol.com\\\/es\\\/\",\"logo\":{\"@type\":\"ImageObject\",\"inLanguage\":\"es\",\"@id\":\"https:\\\/\\\/www.inmsol.com\\\/es\\\/#\\\/schema\\\/logo\\\/image\\\/\",\"url\":\"https:\\\/\\\/www.inmsol.com\\\/wp-content\\\/uploads\\\/2023\\\/06\\\/logo-inmsol-1.png\",\"contentUrl\":\"https:\\\/\\\/www.inmsol.com\\\/wp-content\\\/uploads\\\/2023\\\/06\\\/logo-inmsol-1.png\",\"width\":136,\"height\":73,\"caption\":\"Instituto Mediterr\u00e1neo Sol\"},\"image\":{\"@id\":\"https:\\\/\\\/www.inmsol.com\\\/es\\\/#\\\/schema\\\/logo\\\/image\\\/\"},\"sameAs\":[\"https:\\\/\\\/www.facebook.com\\\/spanishcourses\",\"https:\\\/\\\/x.com\\\/StudyInGranada\",\"http:\\\/\\\/instagram.com\\\/imsolgranada\",\"https:\\\/\\\/es.linkedin.com\\\/company\\\/imsol-granada\",\"https:\\\/\\\/www.pinterest.es\\\/inmsol\\\/\",\"https:\\\/\\\/www.youtube.com\\\/channel\\\/UChz-Qn_7coFMosY85iYMO4g\"]},{\"@type\":\"Person\",\"@id\":\"https:\\\/\\\/www.inmsol.com\\\/es\\\/#\\\/schema\\\/person\\\/18f18acd0397ef441e373e79ec3eb6ea\",\"name\":\"Javier Torres\",\"image\":{\"@type\":\"ImageObject\",\"inLanguage\":\"es\",\"@id\":\"https:\\\/\\\/secure.gravatar.com\\\/avatar\\\/90afa2d6499550218d247408758082af566e5ec3641e1b8eac0d7bb889344a55?s=96&d=mm&r=g\",\"url\":\"https:\\\/\\\/secure.gravatar.com\\\/avatar\\\/90afa2d6499550218d247408758082af566e5ec3641e1b8eac0d7bb889344a55?s=96&d=mm&r=g\",\"contentUrl\":\"https:\\\/\\\/secure.gravatar.com\\\/avatar\\\/90afa2d6499550218d247408758082af566e5ec3641e1b8eac0d7bb889344a55?s=96&d=mm&r=g\",\"caption\":\"Javier Torres\"},\"url\":\"https:\\\/\\\/www.inmsol.com\\\/es\\\/author\\\/javier\\\/\"}]}<\/script>\n<!-- \/ Yoast SEO plugin. -->","yoast_head_json":{"title":"Formaci\u00f3n para profesores no nativos | curso, granada, espa\u00f1ol | INMSOL","description":"Pr\u00f3ximos cursos de formacion para profesores de Espa\u00f1ol en Granada, Espa\u00f1a.","robots":{"index":"index","follow":"follow","max-snippet":"max-snippet:-1","max-image-preview":"max-image-preview:large","max-video-preview":"max-video-preview:-1"},"canonical":"https:\/\/www.inmsol.com\/es\/blog-escuela\/aprender-espanol\/curso-de-formacion-para-profesores-no-nativos\/","og_locale":"es_ES","og_type":"article","og_title":"Formaci\u00f3n para profesores no nativos | curso, granada, espa\u00f1ol | INMSOL","og_description":"Pr\u00f3ximos cursos de formacion para profesores de Espa\u00f1ol en Granada, Espa\u00f1a.","og_url":"https:\/\/www.inmsol.com\/es\/blog-escuela\/aprender-espanol\/curso-de-formacion-para-profesores-no-nativos\/","og_site_name":"iNMSOL","article_publisher":"https:\/\/www.facebook.com\/spanishcourses","article_published_time":"2011-06-15T13:11:09+00:00","article_modified_time":"2019-04-23T21:53:19+00:00","og_image":[{"width":320,"height":154,"url":"https:\/\/www.inmsol.com\/wp-content\/uploads\/2019\/08\/logo-inmsol.png","type":"image\/png"}],"author":"Javier Torres","twitter_misc":{"Escrito por":"Javier Torres","Tiempo de lectura":"2 minutos"},"schema":{"@context":"https:\/\/schema.org","@graph":[{"@type":"Article","@id":"https:\/\/www.inmsol.com\/es\/blog-escuela\/aprender-espanol\/curso-de-formacion-para-profesores-no-nativos\/#article","isPartOf":{"@id":"https:\/\/www.inmsol.com\/es\/blog-escuela\/aprender-espanol\/curso-de-formacion-para-profesores-no-nativos\/"},"author":{"name":"Javier Torres","@id":"https:\/\/www.inmsol.com\/es\/#\/schema\/person\/18f18acd0397ef441e373e79ec3eb6ea"},"headline":"Curso de formaci\u00f3n para profesores no nativos","datePublished":"2011-06-15T13:11:09+00:00","dateModified":"2019-04-23T21:53:19+00:00","mainEntityOfPage":{"@id":"https:\/\/www.inmsol.com\/es\/blog-escuela\/aprender-espanol\/curso-de-formacion-para-profesores-no-nativos\/"},"wordCount":413,"publisher":{"@id":"https:\/\/www.inmsol.com\/es\/#organization"},"articleSection":["Aprender Espa\u00f1ol"],"inLanguage":"es"},{"@type":"WebPage","@id":"https:\/\/www.inmsol.com\/es\/blog-escuela\/aprender-espanol\/curso-de-formacion-para-profesores-no-nativos\/","url":"https:\/\/www.inmsol.com\/es\/blog-escuela\/aprender-espanol\/curso-de-formacion-para-profesores-no-nativos\/","name":"Formaci\u00f3n para profesores no nativos | curso, granada, espa\u00f1ol | INMSOL","isPartOf":{"@id":"https:\/\/www.inmsol.com\/es\/#website"},"datePublished":"2011-06-15T13:11:09+00:00","dateModified":"2019-04-23T21:53:19+00:00","description":"Pr\u00f3ximos cursos de formacion para profesores de Espa\u00f1ol en Granada, Espa\u00f1a.","breadcrumb":{"@id":"https:\/\/www.inmsol.com\/es\/blog-escuela\/aprender-espanol\/curso-de-formacion-para-profesores-no-nativos\/#breadcrumb"},"inLanguage":"es","potentialAction":[{"@type":"ReadAction","target":["https:\/\/www.inmsol.com\/es\/blog-escuela\/aprender-espanol\/curso-de-formacion-para-profesores-no-nativos\/"]}]},{"@type":"BreadcrumbList","@id":"https:\/\/www.inmsol.com\/es\/blog-escuela\/aprender-espanol\/curso-de-formacion-para-profesores-no-nativos\/#breadcrumb","itemListElement":[{"@type":"ListItem","position":1,"name":"Accredited Center by Instituto Cervantes","item":"https:\/\/www.inmsol.com\/es\/pagina-ejemplo\/"},{"@type":"ListItem","position":2,"name":"Blog Escuela Espa\u00f1ol","item":"https:\/\/www.inmsol.com\/es\/category\/blog-escuela\/"},{"@type":"ListItem","position":3,"name":"Aprender Espa\u00f1ol","item":"https:\/\/www.inmsol.com\/es\/category\/blog-escuela\/aprender-espanol\/"},{"@type":"ListItem","position":4,"name":"Curso de formaci\u00f3n para profesores no nativos"}]},{"@type":"WebSite","@id":"https:\/\/www.inmsol.com\/es\/#website","url":"https:\/\/www.inmsol.com\/es\/","name":"iNMSOL","description":"Aprenda Espa\u00f1ol con iNMSOL en Granada | Centro Acreditado por el Instituto Cervantes","publisher":{"@id":"https:\/\/www.inmsol.com\/es\/#organization"},"potentialAction":[{"@type":"SearchAction","target":{"@type":"EntryPoint","urlTemplate":"https:\/\/www.inmsol.com\/es\/?s={search_term_string}"},"query-input":{"@type":"PropertyValueSpecification","valueRequired":true,"valueName":"search_term_string"}}],"inLanguage":"es"},{"@type":"Organization","@id":"https:\/\/www.inmsol.com\/es\/#organization","name":"Instituto Mediterr\u00e1neo Sol","url":"https:\/\/www.inmsol.com\/es\/","logo":{"@type":"ImageObject","inLanguage":"es","@id":"https:\/\/www.inmsol.com\/es\/#\/schema\/logo\/image\/","url":"https:\/\/www.inmsol.com\/wp-content\/uploads\/2023\/06\/logo-inmsol-1.png","contentUrl":"https:\/\/www.inmsol.com\/wp-content\/uploads\/2023\/06\/logo-inmsol-1.png","width":136,"height":73,"caption":"Instituto Mediterr\u00e1neo Sol"},"image":{"@id":"https:\/\/www.inmsol.com\/es\/#\/schema\/logo\/image\/"},"sameAs":["https:\/\/www.facebook.com\/spanishcourses","https:\/\/x.com\/StudyInGranada","http:\/\/instagram.com\/imsolgranada","https:\/\/es.linkedin.com\/company\/imsol-granada","https:\/\/www.pinterest.es\/inmsol\/","https:\/\/www.youtube.com\/channel\/UChz-Qn_7coFMosY85iYMO4g"]},{"@type":"Person","@id":"https:\/\/www.inmsol.com\/es\/#\/schema\/person\/18f18acd0397ef441e373e79ec3eb6ea","name":"Javier Torres","image":{"@type":"ImageObject","inLanguage":"es","@id":"https:\/\/secure.gravatar.com\/avatar\/90afa2d6499550218d247408758082af566e5ec3641e1b8eac0d7bb889344a55?s=96&d=mm&r=g","url":"https:\/\/secure.gravatar.com\/avatar\/90afa2d6499550218d247408758082af566e5ec3641e1b8eac0d7bb889344a55?s=96&d=mm&r=g","contentUrl":"https:\/\/secure.gravatar.com\/avatar\/90afa2d6499550218d247408758082af566e5ec3641e1b8eac0d7bb889344a55?s=96&d=mm&r=g","caption":"Javier Torres"},"url":"https:\/\/www.inmsol.com\/es\/author\/javier\/"}]}},"_links":{"self":[{"href":"https:\/\/www.inmsol.com\/es\/wp-json\/wp\/v2\/posts\/822","targetHints":{"allow":["GET"]}}],"collection":[{"href":"https:\/\/www.inmsol.com\/es\/wp-json\/wp\/v2\/posts"}],"about":[{"href":"https:\/\/www.inmsol.com\/es\/wp-json\/wp\/v2\/types\/post"}],"author":[{"embeddable":true,"href":"https:\/\/www.inmsol.com\/es\/wp-json\/wp\/v2\/users\/2"}],"replies":[{"embeddable":true,"href":"https:\/\/www.inmsol.com\/es\/wp-json\/wp\/v2\/comments?post=822"}],"version-history":[{"count":0,"href":"https:\/\/www.inmsol.com\/es\/wp-json\/wp\/v2\/posts\/822\/revisions"}],"wp:attachment":[{"href":"https:\/\/www.inmsol.com\/es\/wp-json\/wp\/v2\/media?parent=822"}],"wp:term":[{"taxonomy":"category","embeddable":true,"href":"https:\/\/www.inmsol.com\/es\/wp-json\/wp\/v2\/categories?post=822"},{"taxonomy":"post_tag","embeddable":true,"href":"https:\/\/www.inmsol.com\/es\/wp-json\/wp\/v2\/tags?post=822"}],"curies":[{"name":"wp","href":"https:\/\/api.w.org\/{rel}","templated":true}]}}