{"id":83219,"date":"2023-10-31T00:00:00","date_gmt":"2023-10-30T23:00:00","guid":{"rendered":"https:\/\/www.inmsol.com\/blog\/el-ciber-espanol-idioma-y-redes-sociales\/"},"modified":"2024-04-26T18:33:08","modified_gmt":"2024-04-26T16:33:08","slug":"el-ciber-espanol-idioma-y-redes-sociales","status":"publish","type":"post","link":"https:\/\/www.inmsol.com\/es\/blog-escuela\/el-ciber-espanol-idioma-y-redes-sociales\/","title":{"rendered":"El ciber-espa\u00f1ol: idioma y redes sociales"},"content":{"rendered":"<p><span style=\"font-weight: 400;\"><img fetchpriority=\"high\" decoding=\"async\" class=\"wp-image-72659 aligncenter\" src=\"https:\/\/www.inmsol.com\/wp-content\/uploads\/2024\/04\/cyber-espanol-400x300-2.png\" alt=\"ciber espa\u00f1ol\" width=\"649\" height=\"487\" \/><\/span><\/p>\n<p>&nbsp;<\/p>\n<p><span style=\"font-weight: 400;\">\u00bfTuitear o no tuitear? \u00a1He ah\u00ed el dilema! En el mundo vertiginoso de la tecnolog\u00eda, nuestro querido espa\u00f1ol vive un momento de evoluci\u00f3n (\u00a1o revoluci\u00f3n!) inigualable. Las redes sociales no solo han cambiado la forma en que nos relacionamos, sino tambi\u00e9n nuestro idioma. \u00bfPreparado para este viaje ling\u00fc\u00edstico 2.0? La ense\u00f1anza del espa\u00f1ol sigue basarse en el espa\u00f1ol tradicional, sin embargo desde <a href=\"https:\/\/www.inmsol.com\/es\/\" target=\"_blank\" rel=\"noopener\">iNMSOL<\/a> queremos mostrarte algunos rasgos de este mundo moderno.\u00a0<\/span><\/p>\n<p>&nbsp;<\/p>\n<h3><span style=\"font-weight: 400;\">De &#8216;likes&#8217; y &#8216;selfies&#8217;: Neologismos a la orden del d\u00eda<\/span><\/h3>\n<p><span style=\"font-weight: 400;\">Las redes sociales han tra\u00eddo consigo un sinf\u00edn de nuevos t\u00e9rminos que, aunque originalmente en ingl\u00e9s, ya se han hecho un hueco en nuestro idioma:<\/span><\/p>\n<ul>\n<li style=\"font-weight: 400;\" aria-level=\"1\"><span style=\"font-weight: 400;\">Palabras &#8216;globalizadas&#8217;: Muchos t\u00e9rminos como \u00abselfie\u00bb, \u00abmeme\u00bb o \u00abinfluencer\u00bb se han adoptado tal cual, sin traducci\u00f3n. Es lo que pasa cuando algo se viraliza.<\/span><\/li>\n<li style=\"font-weight: 400;\" aria-level=\"1\"><span style=\"font-weight: 400;\">Espanglish 2.0: Expresiones como \u00abmandar un DM\u00bb (Direct Message) o \u00abdar un like\u00bb fusionan el ingl\u00e9s con estructuras gramaticales del espa\u00f1ol.<\/span><\/li>\n<\/ul>\n<p><span style=\"font-weight: 400;\">\u00a1Eso es muy &#8216;top&#8217;! Modismos que arrasan en la red<\/span><\/p>\n<p><span style=\"font-weight: 400;\">No todo son pr\u00e9stamos ling\u00fc\u00edsticos. Las redes tambi\u00e9n han potenciado el surgimiento de modismos aut\u00e9nticamente hispanos.<\/span><\/p>\n<ul>\n<li style=\"font-weight: 400;\" aria-level=\"1\"><span style=\"font-weight: 400;\">Expresiones virales: \u00bfQui\u00e9n no ha usado \u00abme meo\u00bb para expresar risa o \u00abes un mood\u00bb para identificarse con una situaci\u00f3n?<\/span><\/li>\n<li style=\"font-weight: 400;\" aria-level=\"1\"><span style=\"font-weight: 400;\">El poder de los emojis: Estos simp\u00e1ticos s\u00edmbolos se han convertido en una nueva forma de &#8216;palabra&#8217; que, aunque universal, cada cultura adapta a su contexto.<\/span><\/li>\n<\/ul>\n<p>&nbsp;<\/p>\n<p><span style=\"font-weight: 400;\">Entre <a href=\"https:\/\/www.arimetrics.com\/glosario-digital\/tuit\" target=\"_blank\" rel=\"noopener\">&#8216;tuits&#8217;<\/a> y &#8216;stories&#8217;: La sintaxis de la brevedad<\/span><\/p>\n<p><span style=\"font-weight: 400;\">Las redes sociales, con su limitaci\u00f3n de caracteres y ritmo fren\u00e9tico, han transformado la estructura de nuestras oraciones.<\/span><\/p>\n<ul>\n<li style=\"font-weight: 400;\" aria-level=\"1\"><span style=\"font-weight: 400;\">Frases cortas y al grano: El lenguaje se ha vuelto m\u00e1s directo, favoreciendo la claridad y rapidez en el mensaje. \u00a1Adi\u00f3s a las parrafadas!<\/span><\/li>\n<li style=\"font-weight: 400;\" aria-level=\"1\"><span style=\"font-weight: 400;\">Hashtags y menciones: Estas herramientas, m\u00e1s all\u00e1 de su utilidad t\u00e9cnica, han generado una nueva forma de enfatizar, categorizar o dirigir el discurso.<\/span><\/li>\n<\/ul>\n<p>&nbsp;<\/p>\n<p><span style=\"font-weight: 400;\">\u00bfError o evoluci\u00f3n? El desaf\u00edo de la ortograf\u00eda en 280 caracteres<\/span><\/p>\n<p><span style=\"font-weight: 400;\">La rapidez y la inmediatez, a veces, juegan en contra de las normas ortogr\u00e1ficas tradicionales.<\/span><\/p>\n<ul>\n<li style=\"font-weight: 400;\" aria-level=\"1\"><span style=\"font-weight: 400;\">Abreviaciones y acr\u00f3nimos: Expresiones como \u00abxq\u00bb (porque) o \u00abtq\u00bb (te quiero) se han popularizado por su practicidad.<\/span><\/li>\n<li style=\"font-weight: 400;\" aria-level=\"1\"><span style=\"font-weight: 400;\">Intencionados &#8216;errores&#8217;: En ocasiones, se opta por una ortograf\u00eda creativa para dar \u00e9nfasis o generar humor. Por ejemplo, \u00abke\u00bb en lugar de \u00abque\u00bb.<\/span><\/li>\n<\/ul>\n<h3><span style=\"font-weight: 400;\">FAQs sobre las redes sociales y el idioma.\u00a0<\/span><\/h3>\n<h3><span style=\"font-weight: 400;\">\u00bfEst\u00e1n las redes sociales &#8216;arruinando&#8217; el espa\u00f1ol? No necesariamente. Las lenguas est\u00e1n en constante evoluci\u00f3n. Las redes son solo un nuevo agente de cambio en este proceso milenario.<\/span><\/h3>\n<ul>\n<li style=\"font-weight: 400;\" aria-level=\"1\"><span style=\"font-weight: 400;\">\u00bfSe debe corregir a alguien que comete errores ortogr\u00e1ficos en redes sociales? \u00a1Ojo! Si bien es importante promover un buen uso del idioma, tambi\u00e9n es esencial ser respetuoso y no caer en el &#8216;troleo&#8217; o acoso.<\/span><\/li>\n<li style=\"font-weight: 400;\" aria-level=\"1\"><span style=\"font-weight: 400;\">\u00bfTodos los hispanohablantes usan los mismos neologismos y modismos en redes? Aunque muchas expresiones se globalizan, cada regi\u00f3n tiene sus propios giros y modismos influenciados por su contexto cultural.<\/span><\/li>\n<\/ul>\n<h2><span style=\"font-weight: 400;\">Conclusi\u00f3n:<\/span><\/h2>\n<p><span style=\"font-weight: 400;\">La influencia de las redes sociales en el espa\u00f1ol contempor\u00e1neo es indiscutible. Estamos ante una era de cambio, adaptaci\u00f3n y, por qu\u00e9 no, tambi\u00e9n de creatividad. Si bien es crucial mantener el respeto y amor por nuestra lengua, tambi\u00e9n es fundamental entender que las lenguas son entidades vivas, moldeadas por su contexto. As\u00ed que, la pr\u00f3xima vez que env\u00edes un tuit, recuerda: est\u00e1s siendo parte activa de la historia del espa\u00f1ol. \u00a1A postear con conciencia!<\/span><\/p>\n","protected":false},"excerpt":{"rendered":"<p>&nbsp; \u00bfTuitear o no tuitear? \u00a1He ah\u00ed el dilema! En el mundo vertiginoso de la tecnolog\u00eda, nuestro querido espa\u00f1ol vive un momento de evoluci\u00f3n (\u00a1o revoluci\u00f3n!) inigualable. Las redes sociales no solo han cambiado la forma en que nos relacionamos, sino tambi\u00e9n nuestro idioma. \u00bfPreparado&#8230;<\/p>\n","protected":false},"author":66,"featured_media":83227,"comment_status":"closed","ping_status":"closed","sticky":false,"template":"","format":"standard","meta":{"_acf_changed":false,"footnotes":""},"categories":[8],"tags":[1414],"class_list":["post-83219","post","type-post","status-publish","format-standard","has-post-thumbnail","hentry","category-blog-escuela","tag-es-es"],"acf":[],"yoast_head":"<!-- This site is optimized with the Yoast SEO plugin v27.5 - https:\/\/yoast.com\/product\/yoast-seo-wordpress\/ -->\n<title>El ciber-espa\u00f1ol: idioma y redes sociales &#8226; iNMSOL<\/title>\n<meta name=\"robots\" content=\"index, follow, max-snippet:-1, max-image-preview:large, max-video-preview:-1\" \/>\n<link rel=\"canonical\" href=\"https:\/\/www.inmsol.com\/es\/blog-escuela\/el-ciber-espanol-idioma-y-redes-sociales\/\" \/>\n<meta property=\"og:locale\" content=\"es_ES\" \/>\n<meta property=\"og:type\" content=\"article\" \/>\n<meta property=\"og:title\" content=\"El ciber-espa\u00f1ol: idioma y redes sociales &#8226; iNMSOL\" \/>\n<meta property=\"og:description\" content=\"&nbsp; \u00bfTuitear o no tuitear? \u00a1He ah\u00ed el dilema! En el mundo vertiginoso de la tecnolog\u00eda, nuestro querido espa\u00f1ol vive un momento de evoluci\u00f3n (\u00a1o revoluci\u00f3n!) inigualable. Las redes sociales no solo han cambiado la forma en que nos relacionamos, sino tambi\u00e9n nuestro idioma. \u00bfPreparado...\" \/>\n<meta property=\"og:url\" content=\"https:\/\/www.inmsol.com\/es\/blog-escuela\/el-ciber-espanol-idioma-y-redes-sociales\/\" \/>\n<meta property=\"og:site_name\" content=\"iNMSOL\" \/>\n<meta property=\"article:publisher\" content=\"https:\/\/www.facebook.com\/spanishcourses\" \/>\n<meta property=\"article:published_time\" content=\"2023-10-30T23:00:00+00:00\" \/>\n<meta property=\"article:modified_time\" content=\"2024-04-26T16:33:08+00:00\" \/>\n<meta property=\"og:image\" content=\"https:\/\/www.inmsol.com\/wp-content\/uploads\/2024\/04\/cyber-espanol-1.png\" \/>\n\t<meta property=\"og:image:width\" content=\"800\" \/>\n\t<meta property=\"og:image:height\" content=\"600\" \/>\n\t<meta property=\"og:image:type\" content=\"image\/png\" \/>\n<meta name=\"author\" content=\"Pablo MantenimientoWeb\" \/>\n<meta name=\"twitter:label1\" content=\"Escrito por\" \/>\n\t<meta name=\"twitter:data1\" content=\"Pablo MantenimientoWeb\" \/>\n\t<meta name=\"twitter:label2\" content=\"Tiempo de lectura\" \/>\n\t<meta name=\"twitter:data2\" content=\"3 minutos\" \/>\n<script type=\"application\/ld+json\" class=\"yoast-schema-graph\">{\"@context\":\"https:\\\/\\\/schema.org\",\"@graph\":[{\"@type\":\"Article\",\"@id\":\"https:\\\/\\\/www.inmsol.com\\\/es\\\/blog-escuela\\\/el-ciber-espanol-idioma-y-redes-sociales\\\/#article\",\"isPartOf\":{\"@id\":\"https:\\\/\\\/www.inmsol.com\\\/es\\\/blog-escuela\\\/el-ciber-espanol-idioma-y-redes-sociales\\\/\"},\"author\":{\"name\":\"Pablo MantenimientoWeb\",\"@id\":\"https:\\\/\\\/www.inmsol.com\\\/es\\\/#\\\/schema\\\/person\\\/c45e4acd53ba4bb0faa787aa3413efff\"},\"headline\":\"El ciber-espa\u00f1ol: idioma y redes sociales\",\"datePublished\":\"2023-10-30T23:00:00+00:00\",\"dateModified\":\"2024-04-26T16:33:08+00:00\",\"mainEntityOfPage\":{\"@id\":\"https:\\\/\\\/www.inmsol.com\\\/es\\\/blog-escuela\\\/el-ciber-espanol-idioma-y-redes-sociales\\\/\"},\"wordCount\":603,\"publisher\":{\"@id\":\"https:\\\/\\\/www.inmsol.com\\\/es\\\/#organization\"},\"image\":{\"@id\":\"https:\\\/\\\/www.inmsol.com\\\/es\\\/blog-escuela\\\/el-ciber-espanol-idioma-y-redes-sociales\\\/#primaryimage\"},\"thumbnailUrl\":\"https:\\\/\\\/www.inmsol.com\\\/wp-content\\\/uploads\\\/2024\\\/04\\\/cyber-espanol-1.png\",\"keywords\":[\"es\"],\"articleSection\":[\"Blog Escuela Espa\u00f1ol\"],\"inLanguage\":\"es\"},{\"@type\":\"WebPage\",\"@id\":\"https:\\\/\\\/www.inmsol.com\\\/es\\\/blog-escuela\\\/el-ciber-espanol-idioma-y-redes-sociales\\\/\",\"url\":\"https:\\\/\\\/www.inmsol.com\\\/es\\\/blog-escuela\\\/el-ciber-espanol-idioma-y-redes-sociales\\\/\",\"name\":\"El ciber-espa\u00f1ol: idioma y redes sociales &#8226; iNMSOL\",\"isPartOf\":{\"@id\":\"https:\\\/\\\/www.inmsol.com\\\/es\\\/#website\"},\"primaryImageOfPage\":{\"@id\":\"https:\\\/\\\/www.inmsol.com\\\/es\\\/blog-escuela\\\/el-ciber-espanol-idioma-y-redes-sociales\\\/#primaryimage\"},\"image\":{\"@id\":\"https:\\\/\\\/www.inmsol.com\\\/es\\\/blog-escuela\\\/el-ciber-espanol-idioma-y-redes-sociales\\\/#primaryimage\"},\"thumbnailUrl\":\"https:\\\/\\\/www.inmsol.com\\\/wp-content\\\/uploads\\\/2024\\\/04\\\/cyber-espanol-1.png\",\"datePublished\":\"2023-10-30T23:00:00+00:00\",\"dateModified\":\"2024-04-26T16:33:08+00:00\",\"breadcrumb\":{\"@id\":\"https:\\\/\\\/www.inmsol.com\\\/es\\\/blog-escuela\\\/el-ciber-espanol-idioma-y-redes-sociales\\\/#breadcrumb\"},\"inLanguage\":\"es\",\"potentialAction\":[{\"@type\":\"ReadAction\",\"target\":[\"https:\\\/\\\/www.inmsol.com\\\/es\\\/blog-escuela\\\/el-ciber-espanol-idioma-y-redes-sociales\\\/\"]}]},{\"@type\":\"ImageObject\",\"inLanguage\":\"es\",\"@id\":\"https:\\\/\\\/www.inmsol.com\\\/es\\\/blog-escuela\\\/el-ciber-espanol-idioma-y-redes-sociales\\\/#primaryimage\",\"url\":\"https:\\\/\\\/www.inmsol.com\\\/wp-content\\\/uploads\\\/2024\\\/04\\\/cyber-espanol-1.png\",\"contentUrl\":\"https:\\\/\\\/www.inmsol.com\\\/wp-content\\\/uploads\\\/2024\\\/04\\\/cyber-espanol-1.png\",\"width\":800,\"height\":600},{\"@type\":\"BreadcrumbList\",\"@id\":\"https:\\\/\\\/www.inmsol.com\\\/es\\\/blog-escuela\\\/el-ciber-espanol-idioma-y-redes-sociales\\\/#breadcrumb\",\"itemListElement\":[{\"@type\":\"ListItem\",\"position\":1,\"name\":\"Accredited Center by Instituto Cervantes\",\"item\":\"https:\\\/\\\/www.inmsol.com\\\/es\\\/pagina-ejemplo\\\/\"},{\"@type\":\"ListItem\",\"position\":2,\"name\":\"Blog Escuela Espa\u00f1ol\",\"item\":\"https:\\\/\\\/www.inmsol.com\\\/es\\\/category\\\/blog-escuela\\\/\"},{\"@type\":\"ListItem\",\"position\":3,\"name\":\"El ciber-espa\u00f1ol: idioma y redes sociales\"}]},{\"@type\":\"WebSite\",\"@id\":\"https:\\\/\\\/www.inmsol.com\\\/es\\\/#website\",\"url\":\"https:\\\/\\\/www.inmsol.com\\\/es\\\/\",\"name\":\"iNMSOL\",\"description\":\"Aprenda Espa\u00f1ol con iNMSOL en Granada | Centro Acreditado por el Instituto Cervantes\",\"publisher\":{\"@id\":\"https:\\\/\\\/www.inmsol.com\\\/es\\\/#organization\"},\"potentialAction\":[{\"@type\":\"SearchAction\",\"target\":{\"@type\":\"EntryPoint\",\"urlTemplate\":\"https:\\\/\\\/www.inmsol.com\\\/es\\\/?s={search_term_string}\"},\"query-input\":{\"@type\":\"PropertyValueSpecification\",\"valueRequired\":true,\"valueName\":\"search_term_string\"}}],\"inLanguage\":\"es\"},{\"@type\":\"Organization\",\"@id\":\"https:\\\/\\\/www.inmsol.com\\\/es\\\/#organization\",\"name\":\"Instituto Mediterr\u00e1neo Sol\",\"url\":\"https:\\\/\\\/www.inmsol.com\\\/es\\\/\",\"logo\":{\"@type\":\"ImageObject\",\"inLanguage\":\"es\",\"@id\":\"https:\\\/\\\/www.inmsol.com\\\/es\\\/#\\\/schema\\\/logo\\\/image\\\/\",\"url\":\"https:\\\/\\\/www.inmsol.com\\\/wp-content\\\/uploads\\\/2023\\\/06\\\/logo-inmsol-1.png\",\"contentUrl\":\"https:\\\/\\\/www.inmsol.com\\\/wp-content\\\/uploads\\\/2023\\\/06\\\/logo-inmsol-1.png\",\"width\":136,\"height\":73,\"caption\":\"Instituto Mediterr\u00e1neo Sol\"},\"image\":{\"@id\":\"https:\\\/\\\/www.inmsol.com\\\/es\\\/#\\\/schema\\\/logo\\\/image\\\/\"},\"sameAs\":[\"https:\\\/\\\/www.facebook.com\\\/spanishcourses\",\"https:\\\/\\\/x.com\\\/StudyInGranada\",\"http:\\\/\\\/instagram.com\\\/imsolgranada\",\"https:\\\/\\\/es.linkedin.com\\\/company\\\/imsol-granada\",\"https:\\\/\\\/www.pinterest.es\\\/inmsol\\\/\",\"https:\\\/\\\/www.youtube.com\\\/channel\\\/UChz-Qn_7coFMosY85iYMO4g\"]},{\"@type\":\"Person\",\"@id\":\"https:\\\/\\\/www.inmsol.com\\\/es\\\/#\\\/schema\\\/person\\\/c45e4acd53ba4bb0faa787aa3413efff\",\"name\":\"Pablo MantenimientoWeb\",\"image\":{\"@type\":\"ImageObject\",\"inLanguage\":\"es\",\"@id\":\"https:\\\/\\\/secure.gravatar.com\\\/avatar\\\/53593f419e354d5e381bb9873f66d5fd482fbc6d09991fc9de56eb6e230159f2?s=96&d=mm&r=g\",\"url\":\"https:\\\/\\\/secure.gravatar.com\\\/avatar\\\/53593f419e354d5e381bb9873f66d5fd482fbc6d09991fc9de56eb6e230159f2?s=96&d=mm&r=g\",\"contentUrl\":\"https:\\\/\\\/secure.gravatar.com\\\/avatar\\\/53593f419e354d5e381bb9873f66d5fd482fbc6d09991fc9de56eb6e230159f2?s=96&d=mm&r=g\",\"caption\":\"Pablo MantenimientoWeb\"},\"sameAs\":[\"https:\\\/\\\/mantenimientoweb.pro\"],\"url\":\"https:\\\/\\\/www.inmsol.com\\\/es\\\/author\\\/mantenimientoweb\\\/\"}]}<\/script>\n<!-- \/ Yoast SEO plugin. -->","yoast_head_json":{"title":"El ciber-espa\u00f1ol: idioma y redes sociales &#8226; iNMSOL","robots":{"index":"index","follow":"follow","max-snippet":"max-snippet:-1","max-image-preview":"max-image-preview:large","max-video-preview":"max-video-preview:-1"},"canonical":"https:\/\/www.inmsol.com\/es\/blog-escuela\/el-ciber-espanol-idioma-y-redes-sociales\/","og_locale":"es_ES","og_type":"article","og_title":"El ciber-espa\u00f1ol: idioma y redes sociales &#8226; iNMSOL","og_description":"&nbsp; \u00bfTuitear o no tuitear? \u00a1He ah\u00ed el dilema! En el mundo vertiginoso de la tecnolog\u00eda, nuestro querido espa\u00f1ol vive un momento de evoluci\u00f3n (\u00a1o revoluci\u00f3n!) inigualable. Las redes sociales no solo han cambiado la forma en que nos relacionamos, sino tambi\u00e9n nuestro idioma. \u00bfPreparado...","og_url":"https:\/\/www.inmsol.com\/es\/blog-escuela\/el-ciber-espanol-idioma-y-redes-sociales\/","og_site_name":"iNMSOL","article_publisher":"https:\/\/www.facebook.com\/spanishcourses","article_published_time":"2023-10-30T23:00:00+00:00","article_modified_time":"2024-04-26T16:33:08+00:00","og_image":[{"width":800,"height":600,"url":"https:\/\/www.inmsol.com\/wp-content\/uploads\/2024\/04\/cyber-espanol-1.png","type":"image\/png"}],"author":"Pablo MantenimientoWeb","twitter_misc":{"Escrito por":"Pablo MantenimientoWeb","Tiempo de lectura":"3 minutos"},"schema":{"@context":"https:\/\/schema.org","@graph":[{"@type":"Article","@id":"https:\/\/www.inmsol.com\/es\/blog-escuela\/el-ciber-espanol-idioma-y-redes-sociales\/#article","isPartOf":{"@id":"https:\/\/www.inmsol.com\/es\/blog-escuela\/el-ciber-espanol-idioma-y-redes-sociales\/"},"author":{"name":"Pablo MantenimientoWeb","@id":"https:\/\/www.inmsol.com\/es\/#\/schema\/person\/c45e4acd53ba4bb0faa787aa3413efff"},"headline":"El ciber-espa\u00f1ol: idioma y redes sociales","datePublished":"2023-10-30T23:00:00+00:00","dateModified":"2024-04-26T16:33:08+00:00","mainEntityOfPage":{"@id":"https:\/\/www.inmsol.com\/es\/blog-escuela\/el-ciber-espanol-idioma-y-redes-sociales\/"},"wordCount":603,"publisher":{"@id":"https:\/\/www.inmsol.com\/es\/#organization"},"image":{"@id":"https:\/\/www.inmsol.com\/es\/blog-escuela\/el-ciber-espanol-idioma-y-redes-sociales\/#primaryimage"},"thumbnailUrl":"https:\/\/www.inmsol.com\/wp-content\/uploads\/2024\/04\/cyber-espanol-1.png","keywords":["es"],"articleSection":["Blog Escuela Espa\u00f1ol"],"inLanguage":"es"},{"@type":"WebPage","@id":"https:\/\/www.inmsol.com\/es\/blog-escuela\/el-ciber-espanol-idioma-y-redes-sociales\/","url":"https:\/\/www.inmsol.com\/es\/blog-escuela\/el-ciber-espanol-idioma-y-redes-sociales\/","name":"El ciber-espa\u00f1ol: idioma y redes sociales &#8226; iNMSOL","isPartOf":{"@id":"https:\/\/www.inmsol.com\/es\/#website"},"primaryImageOfPage":{"@id":"https:\/\/www.inmsol.com\/es\/blog-escuela\/el-ciber-espanol-idioma-y-redes-sociales\/#primaryimage"},"image":{"@id":"https:\/\/www.inmsol.com\/es\/blog-escuela\/el-ciber-espanol-idioma-y-redes-sociales\/#primaryimage"},"thumbnailUrl":"https:\/\/www.inmsol.com\/wp-content\/uploads\/2024\/04\/cyber-espanol-1.png","datePublished":"2023-10-30T23:00:00+00:00","dateModified":"2024-04-26T16:33:08+00:00","breadcrumb":{"@id":"https:\/\/www.inmsol.com\/es\/blog-escuela\/el-ciber-espanol-idioma-y-redes-sociales\/#breadcrumb"},"inLanguage":"es","potentialAction":[{"@type":"ReadAction","target":["https:\/\/www.inmsol.com\/es\/blog-escuela\/el-ciber-espanol-idioma-y-redes-sociales\/"]}]},{"@type":"ImageObject","inLanguage":"es","@id":"https:\/\/www.inmsol.com\/es\/blog-escuela\/el-ciber-espanol-idioma-y-redes-sociales\/#primaryimage","url":"https:\/\/www.inmsol.com\/wp-content\/uploads\/2024\/04\/cyber-espanol-1.png","contentUrl":"https:\/\/www.inmsol.com\/wp-content\/uploads\/2024\/04\/cyber-espanol-1.png","width":800,"height":600},{"@type":"BreadcrumbList","@id":"https:\/\/www.inmsol.com\/es\/blog-escuela\/el-ciber-espanol-idioma-y-redes-sociales\/#breadcrumb","itemListElement":[{"@type":"ListItem","position":1,"name":"Accredited Center by Instituto Cervantes","item":"https:\/\/www.inmsol.com\/es\/pagina-ejemplo\/"},{"@type":"ListItem","position":2,"name":"Blog Escuela Espa\u00f1ol","item":"https:\/\/www.inmsol.com\/es\/category\/blog-escuela\/"},{"@type":"ListItem","position":3,"name":"El ciber-espa\u00f1ol: idioma y redes sociales"}]},{"@type":"WebSite","@id":"https:\/\/www.inmsol.com\/es\/#website","url":"https:\/\/www.inmsol.com\/es\/","name":"iNMSOL","description":"Aprenda Espa\u00f1ol con iNMSOL en Granada | Centro Acreditado por el Instituto Cervantes","publisher":{"@id":"https:\/\/www.inmsol.com\/es\/#organization"},"potentialAction":[{"@type":"SearchAction","target":{"@type":"EntryPoint","urlTemplate":"https:\/\/www.inmsol.com\/es\/?s={search_term_string}"},"query-input":{"@type":"PropertyValueSpecification","valueRequired":true,"valueName":"search_term_string"}}],"inLanguage":"es"},{"@type":"Organization","@id":"https:\/\/www.inmsol.com\/es\/#organization","name":"Instituto Mediterr\u00e1neo Sol","url":"https:\/\/www.inmsol.com\/es\/","logo":{"@type":"ImageObject","inLanguage":"es","@id":"https:\/\/www.inmsol.com\/es\/#\/schema\/logo\/image\/","url":"https:\/\/www.inmsol.com\/wp-content\/uploads\/2023\/06\/logo-inmsol-1.png","contentUrl":"https:\/\/www.inmsol.com\/wp-content\/uploads\/2023\/06\/logo-inmsol-1.png","width":136,"height":73,"caption":"Instituto Mediterr\u00e1neo Sol"},"image":{"@id":"https:\/\/www.inmsol.com\/es\/#\/schema\/logo\/image\/"},"sameAs":["https:\/\/www.facebook.com\/spanishcourses","https:\/\/x.com\/StudyInGranada","http:\/\/instagram.com\/imsolgranada","https:\/\/es.linkedin.com\/company\/imsol-granada","https:\/\/www.pinterest.es\/inmsol\/","https:\/\/www.youtube.com\/channel\/UChz-Qn_7coFMosY85iYMO4g"]},{"@type":"Person","@id":"https:\/\/www.inmsol.com\/es\/#\/schema\/person\/c45e4acd53ba4bb0faa787aa3413efff","name":"Pablo MantenimientoWeb","image":{"@type":"ImageObject","inLanguage":"es","@id":"https:\/\/secure.gravatar.com\/avatar\/53593f419e354d5e381bb9873f66d5fd482fbc6d09991fc9de56eb6e230159f2?s=96&d=mm&r=g","url":"https:\/\/secure.gravatar.com\/avatar\/53593f419e354d5e381bb9873f66d5fd482fbc6d09991fc9de56eb6e230159f2?s=96&d=mm&r=g","contentUrl":"https:\/\/secure.gravatar.com\/avatar\/53593f419e354d5e381bb9873f66d5fd482fbc6d09991fc9de56eb6e230159f2?s=96&d=mm&r=g","caption":"Pablo MantenimientoWeb"},"sameAs":["https:\/\/mantenimientoweb.pro"],"url":"https:\/\/www.inmsol.com\/es\/author\/mantenimientoweb\/"}]}},"_links":{"self":[{"href":"https:\/\/www.inmsol.com\/es\/wp-json\/wp\/v2\/posts\/83219","targetHints":{"allow":["GET"]}}],"collection":[{"href":"https:\/\/www.inmsol.com\/es\/wp-json\/wp\/v2\/posts"}],"about":[{"href":"https:\/\/www.inmsol.com\/es\/wp-json\/wp\/v2\/types\/post"}],"author":[{"embeddable":true,"href":"https:\/\/www.inmsol.com\/es\/wp-json\/wp\/v2\/users\/66"}],"replies":[{"embeddable":true,"href":"https:\/\/www.inmsol.com\/es\/wp-json\/wp\/v2\/comments?post=83219"}],"version-history":[{"count":0,"href":"https:\/\/www.inmsol.com\/es\/wp-json\/wp\/v2\/posts\/83219\/revisions"}],"wp:featuredmedia":[{"embeddable":true,"href":"https:\/\/www.inmsol.com\/es\/wp-json\/wp\/v2\/media\/83227"}],"wp:attachment":[{"href":"https:\/\/www.inmsol.com\/es\/wp-json\/wp\/v2\/media?parent=83219"}],"wp:term":[{"taxonomy":"category","embeddable":true,"href":"https:\/\/www.inmsol.com\/es\/wp-json\/wp\/v2\/categories?post=83219"},{"taxonomy":"post_tag","embeddable":true,"href":"https:\/\/www.inmsol.com\/es\/wp-json\/wp\/v2\/tags?post=83219"}],"curies":[{"name":"wp","href":"https:\/\/api.w.org\/{rel}","templated":true}]}}