{"id":86358,"date":"2025-01-03T18:38:36","date_gmt":"2025-01-03T17:38:36","guid":{"rendered":"https:\/\/www.inmsol.com\/blog-escuela\/celebration-three-kings-granada\/"},"modified":"2026-03-03T10:24:53","modified_gmt":"2026-03-03T09:24:53","slug":"celebration-three-kings-granada","status":"publish","type":"post","link":"https:\/\/www.inmsol.com\/es\/blog-escuela\/celebration-three-kings-granada\/","title":{"rendered":"Celebraci\u00f3n de los Reyes Magos en Granada"},"content":{"rendered":"<h4>\u00a1Todo lo que necesitas saber sobre el d\u00eda m\u00e1s especial del a\u00f1o!<\/h4>\n<p>El <strong>d\u00eda de los Reyes Magos<\/strong> en <a href=\"https:\/\/www.inmsol.com\/es\/granada\/\" target=\"_blank\" rel=\"noopener\">Granada<\/a>, y en toda Espa\u00f1a, se celebra el 6 de enero. \u00bfQuer\u00e9is saber c\u00f3mo lo celebramos?<\/p>\n<p>&nbsp;<\/p>\n<h3>El Origen de la Celebraci\u00f3n de los Reyes Magos<\/h3>\n<p>La festividad de Reyes Magos, tambi\u00e9n conocida como la Epifan\u00eda del Se\u00f1or, se celebra en Espa\u00f1a cada 6 de enero. Esta tradici\u00f3n cristiana describe la visita de tres magos del Oriente al ni\u00f1o Jes\u00fas, guiados por una estrella. Estos Reyes le ofrecieron oro, incienso y mirra como s\u00edmbolos de su realeza, divinidad y humanidad. Y sus nombres son Melchor, Gaspar y Baltasar.<\/p>\n<p>En Espa\u00f1a, el D\u00eda de Reyes representa un momento de ilusi\u00f3n, generosidad y uni\u00f3n, que marca el cierre de las celebraciones navide\u00f1as.<\/p>\n<p><img fetchpriority=\"high\" decoding=\"async\" class=\"aligncenter size-full wp-image-86332\" src=\"https:\/\/www.inmsol.com\/wp-content\/uploads\/2025\/01\/Reyes-Magos.jpg\" alt=\"\" width=\"1202\" height=\"600\" srcset=\"https:\/\/www.inmsol.com\/wp-content\/uploads\/2025\/01\/Reyes-Magos.jpg 1202w, https:\/\/www.inmsol.com\/wp-content\/uploads\/2025\/01\/Reyes-Magos-460x230.jpg 460w, https:\/\/www.inmsol.com\/wp-content\/uploads\/2025\/01\/Reyes-Magos-1024x511.jpg 1024w, https:\/\/www.inmsol.com\/wp-content\/uploads\/2025\/01\/Reyes-Magos-150x75.jpg 150w, https:\/\/www.inmsol.com\/wp-content\/uploads\/2025\/01\/Reyes-Magos-768x383.jpg 768w, https:\/\/www.inmsol.com\/wp-content\/uploads\/2025\/01\/Reyes-Magos-1000x500.jpg 1000w, https:\/\/www.inmsol.com\/wp-content\/uploads\/2025\/01\/Reyes-Magos-700x349.jpg 700w, https:\/\/www.inmsol.com\/wp-content\/uploads\/2025\/01\/Reyes-Magos-800x399.jpg 800w, https:\/\/www.inmsol.com\/wp-content\/uploads\/2025\/01\/Reyes-Magos-64x32.jpg 64w\" sizes=\"(max-width: 1202px) 100vw, 1202px\" \/><\/p>\n<h3>Evoluci\u00f3n de la Tradici\u00f3n: la Cabalgata de Reyes Magos<\/h3>\n<p>La costumbre de la <strong>Cabalgata de Reyes Magos<\/strong>, como se conoce hoy, surgi\u00f3 en el siglo XIX. Estas cabalgatas se realizan en las calles de todas las ciudades, y representan la llegada de los Reyes Magos para entregar regalos. Es com\u00fan que los Reyes lancen caramelos desde sus carrozas. Los regalos suelen encontrarse bajo el \u00e1rbol al amanecer del 6 de enero.<\/p>\n<h3>Dulce t\u00edpico: el Rosc\u00f3n de Reyes<\/h3>\n<p>El <strong>Rosc\u00f3n de Reyes<\/strong> es el dulce t\u00edpico que se consume ese d\u00eda. Es un bollo decorado con frutas confitadas: contiene en su interior una figurita (generalmente de un rey) y un haba seca. Seg\u00fan la costumbre, quien encuentra la figurita ser\u00e1 \u00abel rey de la casa\u00bb por un d\u00eda, mientras que quien encuentra el haba deber\u00e1 pagar el pr\u00f3ximo rosc\u00f3n.<\/p>\n<h3>Celebraci\u00f3n de la Cabalgata en Granada<\/h3>\n<p>La ciudad de Granada se prepara para celebrar el D\u00eda de Reyes 2025 con diversas actividades, destacando la tradicional <strong>Cabalgata de Reyes Magos<\/strong> el pr\u00f3ximo domingo 5 de enero.<\/p>\n<p><strong>Fecha y hora<\/strong>: Domingo 5 de enero de 2025, desde las 17:30 horas. La cabalgata partir\u00e1 desde el Centro Cultural Gran Capit\u00e1n y seguir\u00e1 el siguiente itinerario:<\/p>\n<p><img decoding=\"async\" class=\"aligncenter size-full wp-image-86339\" src=\"https:\/\/www.inmsol.com\/wp-content\/uploads\/2025\/01\/Cabalgata.jpg\" alt=\"\" width=\"1202\" height=\"600\" srcset=\"https:\/\/www.inmsol.com\/wp-content\/uploads\/2025\/01\/Cabalgata.jpg 1202w, https:\/\/www.inmsol.com\/wp-content\/uploads\/2025\/01\/Cabalgata-460x230.jpg 460w, https:\/\/www.inmsol.com\/wp-content\/uploads\/2025\/01\/Cabalgata-1024x511.jpg 1024w, https:\/\/www.inmsol.com\/wp-content\/uploads\/2025\/01\/Cabalgata-150x75.jpg 150w, https:\/\/www.inmsol.com\/wp-content\/uploads\/2025\/01\/Cabalgata-768x383.jpg 768w, https:\/\/www.inmsol.com\/wp-content\/uploads\/2025\/01\/Cabalgata-1000x500.jpg 1000w, https:\/\/www.inmsol.com\/wp-content\/uploads\/2025\/01\/Cabalgata-700x349.jpg 700w, https:\/\/www.inmsol.com\/wp-content\/uploads\/2025\/01\/Cabalgata-800x399.jpg 800w, https:\/\/www.inmsol.com\/wp-content\/uploads\/2025\/01\/Cabalgata-64x32.jpg 64w\" sizes=\"(max-width: 1202px) 100vw, 1202px\" \/><\/p>\n<p><strong>Recorrido<\/strong>:<\/p>\n<ul>\n<li>San Juan de Dios<\/li>\n<li>Gran V\u00eda<\/li>\n<li>Reyes Cat\u00f3licos<\/li>\n<li>Puerta Real<\/li>\n<li>Acera del Darro<\/li>\n<li>Paseo del Viol\u00f3n<\/li>\n<li>Plaza Rotary<\/li>\n<li>Calle Profesor Tierno Galv\u00e1n<\/li>\n<li>Camino de la Zubia<\/li>\n<li>Fontiveros<\/li>\n<li>Andr\u00e9s Segovia<\/li>\n<li>Poeta Manuel de G\u00f3ngora<\/li>\n<li>Acera del Darro<\/li>\n<li>Puerta Real<\/li>\n<li>Reyes Cat\u00f3licos<\/li>\n<li>Conclusi\u00f3n en Plaza del Carmen alrededor de las 20:30 horas.<\/li>\n<\/ul>\n<p>&nbsp;<\/p>\n<p>A pesar de las previsiones de lluvia, la cabalgata se llevar\u00e1 a cabo seg\u00fan lo previsto, sin cambios en la fecha ni en el recorrido.<\/p>\n<p>Y para los amantes de la monta\u00f1a, la <a href=\"https:\/\/sierranevada.es\/es\/\" target=\"_blank\" rel=\"noopener\"><strong>estaci\u00f3n de esqu\u00ed de Sierra Nevada<\/strong> <\/a>ha preparado actividades especiales, incluyendo un descenso nocturno con antorchas el 5 de enero a las 19:00 horas en Borreguiles.<\/p>\n<p><img decoding=\"async\" class=\"aligncenter size-full wp-image-86346\" src=\"https:\/\/www.inmsol.com\/wp-content\/uploads\/2025\/01\/RM-Sierra-Nevada.jpg\" alt=\"\" width=\"1202\" height=\"600\" srcset=\"https:\/\/www.inmsol.com\/wp-content\/uploads\/2025\/01\/RM-Sierra-Nevada.jpg 1202w, https:\/\/www.inmsol.com\/wp-content\/uploads\/2025\/01\/RM-Sierra-Nevada-460x230.jpg 460w, https:\/\/www.inmsol.com\/wp-content\/uploads\/2025\/01\/RM-Sierra-Nevada-1024x511.jpg 1024w, https:\/\/www.inmsol.com\/wp-content\/uploads\/2025\/01\/RM-Sierra-Nevada-150x75.jpg 150w, https:\/\/www.inmsol.com\/wp-content\/uploads\/2025\/01\/RM-Sierra-Nevada-768x383.jpg 768w, https:\/\/www.inmsol.com\/wp-content\/uploads\/2025\/01\/RM-Sierra-Nevada-1000x500.jpg 1000w, https:\/\/www.inmsol.com\/wp-content\/uploads\/2025\/01\/RM-Sierra-Nevada-700x349.jpg 700w, https:\/\/www.inmsol.com\/wp-content\/uploads\/2025\/01\/RM-Sierra-Nevada-800x399.jpg 800w, https:\/\/www.inmsol.com\/wp-content\/uploads\/2025\/01\/RM-Sierra-Nevada-64x32.jpg 64w\" sizes=\"(max-width: 1202px) 100vw, 1202px\" \/><\/p>\n<blockquote>\n<h4 style=\"text-align: center;\">\u00a1No os perd\u00e1is esta celebraci\u00f3n tan bonita! Desde iNMSOL esperamos que os traigan muchos regalos este a\u00f1o.<\/h4>\n<\/blockquote>\n","protected":false},"excerpt":{"rendered":"<p>\u00a1Llega el d\u00eda m\u00e1s especial del a\u00f1o! El D\u00eda de Reyes. Os contamos todo sobre la celebraci\u00f3n de los Reyes Magos en Granada.<\/p>\n","protected":false},"author":31,"featured_media":86337,"comment_status":"open","ping_status":"closed","sticky":false,"template":"","format":"standard","meta":{"_acf_changed":false,"footnotes":""},"categories":[8,1432],"tags":[],"class_list":["post-86358","post","type-post","status-publish","format-standard","has-post-thumbnail","hentry","category-blog-escuela","category-events-in-granada-es"],"acf":[],"yoast_head":"<!-- This site is optimized with the Yoast SEO plugin v27.5 - https:\/\/yoast.com\/product\/yoast-seo-wordpress\/ -->\n<title>Celebraci\u00f3n de los Reyes Magos en Granada &#8226; iNMSOL<\/title>\n<meta name=\"description\" content=\"\u00a1Llega el d\u00eda m\u00e1s especial del a\u00f1o! El D\u00eda de Reyes. Os contamos todo sobre la celebraci\u00f3n de los Reyes Magos en Granada.\" \/>\n<meta name=\"robots\" content=\"index, follow, max-snippet:-1, max-image-preview:large, max-video-preview:-1\" \/>\n<link rel=\"canonical\" href=\"https:\/\/www.inmsol.com\/es\/blog-escuela\/celebration-three-kings-granada\/\" \/>\n<meta property=\"og:locale\" content=\"es_ES\" \/>\n<meta property=\"og:type\" content=\"article\" \/>\n<meta property=\"og:title\" content=\"Celebraci\u00f3n de los Reyes Magos en Granada &#8226; iNMSOL\" \/>\n<meta property=\"og:description\" content=\"\u00a1Llega el d\u00eda m\u00e1s especial del a\u00f1o! El D\u00eda de Reyes. Os contamos todo sobre la celebraci\u00f3n de los Reyes Magos en Granada.\" \/>\n<meta property=\"og:url\" content=\"https:\/\/www.inmsol.com\/es\/blog-escuela\/celebration-three-kings-granada\/\" \/>\n<meta property=\"og:site_name\" content=\"iNMSOL\" \/>\n<meta property=\"article:publisher\" content=\"https:\/\/www.facebook.com\/spanishcourses\" \/>\n<meta property=\"article:published_time\" content=\"2025-01-03T17:38:36+00:00\" \/>\n<meta property=\"article:modified_time\" content=\"2026-03-03T09:24:53+00:00\" \/>\n<meta property=\"og:image\" content=\"https:\/\/www.inmsol.com\/wp-content\/uploads\/2025\/01\/Reyes-Magos.jpg\" \/>\n\t<meta property=\"og:image:width\" content=\"1202\" \/>\n\t<meta property=\"og:image:height\" content=\"600\" \/>\n\t<meta property=\"og:image:type\" content=\"image\/jpeg\" \/>\n<meta name=\"author\" content=\"Rocio Mart\u00ednez\" \/>\n<meta name=\"twitter:label1\" content=\"Escrito por\" \/>\n\t<meta name=\"twitter:data1\" content=\"Rocio Mart\u00ednez\" \/>\n\t<meta name=\"twitter:label2\" content=\"Tiempo de lectura\" \/>\n\t<meta name=\"twitter:data2\" content=\"3 minutos\" \/>\n<script type=\"application\/ld+json\" class=\"yoast-schema-graph\">{\"@context\":\"https:\\\/\\\/schema.org\",\"@graph\":[{\"@type\":\"Article\",\"@id\":\"https:\\\/\\\/www.inmsol.com\\\/es\\\/blog-escuela\\\/celebration-three-kings-granada\\\/#article\",\"isPartOf\":{\"@id\":\"https:\\\/\\\/www.inmsol.com\\\/es\\\/blog-escuela\\\/celebration-three-kings-granada\\\/\"},\"author\":{\"name\":\"Rocio Mart\u00ednez\",\"@id\":\"https:\\\/\\\/www.inmsol.com\\\/es\\\/#\\\/schema\\\/person\\\/d041a9956283741a6ed56e0530eb28b5\"},\"headline\":\"Celebraci\u00f3n de los Reyes Magos en Granada\",\"datePublished\":\"2025-01-03T17:38:36+00:00\",\"dateModified\":\"2026-03-03T09:24:53+00:00\",\"mainEntityOfPage\":{\"@id\":\"https:\\\/\\\/www.inmsol.com\\\/es\\\/blog-escuela\\\/celebration-three-kings-granada\\\/\"},\"wordCount\":505,\"commentCount\":0,\"publisher\":{\"@id\":\"https:\\\/\\\/www.inmsol.com\\\/es\\\/#organization\"},\"image\":{\"@id\":\"https:\\\/\\\/www.inmsol.com\\\/es\\\/blog-escuela\\\/celebration-three-kings-granada\\\/#primaryimage\"},\"thumbnailUrl\":\"https:\\\/\\\/www.inmsol.com\\\/wp-content\\\/uploads\\\/2025\\\/01\\\/Reyes-Magos.jpg\",\"articleSection\":[\"Blog Escuela Espa\u00f1ol\",\"Events in Granada\"],\"inLanguage\":\"es\",\"potentialAction\":[{\"@type\":\"CommentAction\",\"name\":\"Comment\",\"target\":[\"https:\\\/\\\/www.inmsol.com\\\/es\\\/blog-escuela\\\/celebration-three-kings-granada\\\/#respond\"]}]},{\"@type\":\"WebPage\",\"@id\":\"https:\\\/\\\/www.inmsol.com\\\/es\\\/blog-escuela\\\/celebration-three-kings-granada\\\/\",\"url\":\"https:\\\/\\\/www.inmsol.com\\\/es\\\/blog-escuela\\\/celebration-three-kings-granada\\\/\",\"name\":\"Celebraci\u00f3n de los Reyes Magos en Granada &#8226; iNMSOL\",\"isPartOf\":{\"@id\":\"https:\\\/\\\/www.inmsol.com\\\/es\\\/#website\"},\"primaryImageOfPage\":{\"@id\":\"https:\\\/\\\/www.inmsol.com\\\/es\\\/blog-escuela\\\/celebration-three-kings-granada\\\/#primaryimage\"},\"image\":{\"@id\":\"https:\\\/\\\/www.inmsol.com\\\/es\\\/blog-escuela\\\/celebration-three-kings-granada\\\/#primaryimage\"},\"thumbnailUrl\":\"https:\\\/\\\/www.inmsol.com\\\/wp-content\\\/uploads\\\/2025\\\/01\\\/Reyes-Magos.jpg\",\"datePublished\":\"2025-01-03T17:38:36+00:00\",\"dateModified\":\"2026-03-03T09:24:53+00:00\",\"description\":\"\u00a1Llega el d\u00eda m\u00e1s especial del a\u00f1o! El D\u00eda de Reyes. Os contamos todo sobre la celebraci\u00f3n de los Reyes Magos en Granada.\",\"breadcrumb\":{\"@id\":\"https:\\\/\\\/www.inmsol.com\\\/es\\\/blog-escuela\\\/celebration-three-kings-granada\\\/#breadcrumb\"},\"inLanguage\":\"es\",\"potentialAction\":[{\"@type\":\"ReadAction\",\"target\":[\"https:\\\/\\\/www.inmsol.com\\\/es\\\/blog-escuela\\\/celebration-three-kings-granada\\\/\"]}]},{\"@type\":\"ImageObject\",\"inLanguage\":\"es\",\"@id\":\"https:\\\/\\\/www.inmsol.com\\\/es\\\/blog-escuela\\\/celebration-three-kings-granada\\\/#primaryimage\",\"url\":\"https:\\\/\\\/www.inmsol.com\\\/wp-content\\\/uploads\\\/2025\\\/01\\\/Reyes-Magos.jpg\",\"contentUrl\":\"https:\\\/\\\/www.inmsol.com\\\/wp-content\\\/uploads\\\/2025\\\/01\\\/Reyes-Magos.jpg\",\"width\":1202,\"height\":600},{\"@type\":\"BreadcrumbList\",\"@id\":\"https:\\\/\\\/www.inmsol.com\\\/es\\\/blog-escuela\\\/celebration-three-kings-granada\\\/#breadcrumb\",\"itemListElement\":[{\"@type\":\"ListItem\",\"position\":1,\"name\":\"Accredited Center by Instituto Cervantes\",\"item\":\"https:\\\/\\\/www.inmsol.com\\\/es\\\/pagina-ejemplo\\\/\"},{\"@type\":\"ListItem\",\"position\":2,\"name\":\"Blog Escuela Espa\u00f1ol\",\"item\":\"https:\\\/\\\/www.inmsol.com\\\/es\\\/category\\\/blog-escuela\\\/\"},{\"@type\":\"ListItem\",\"position\":3,\"name\":\"Celebraci\u00f3n de los Reyes Magos en Granada\"}]},{\"@type\":\"WebSite\",\"@id\":\"https:\\\/\\\/www.inmsol.com\\\/es\\\/#website\",\"url\":\"https:\\\/\\\/www.inmsol.com\\\/es\\\/\",\"name\":\"iNMSOL\",\"description\":\"Aprenda Espa\u00f1ol con iNMSOL en Granada | Centro Acreditado por el Instituto Cervantes\",\"publisher\":{\"@id\":\"https:\\\/\\\/www.inmsol.com\\\/es\\\/#organization\"},\"potentialAction\":[{\"@type\":\"SearchAction\",\"target\":{\"@type\":\"EntryPoint\",\"urlTemplate\":\"https:\\\/\\\/www.inmsol.com\\\/es\\\/?s={search_term_string}\"},\"query-input\":{\"@type\":\"PropertyValueSpecification\",\"valueRequired\":true,\"valueName\":\"search_term_string\"}}],\"inLanguage\":\"es\"},{\"@type\":\"Organization\",\"@id\":\"https:\\\/\\\/www.inmsol.com\\\/es\\\/#organization\",\"name\":\"Instituto Mediterr\u00e1neo Sol\",\"url\":\"https:\\\/\\\/www.inmsol.com\\\/es\\\/\",\"logo\":{\"@type\":\"ImageObject\",\"inLanguage\":\"es\",\"@id\":\"https:\\\/\\\/www.inmsol.com\\\/es\\\/#\\\/schema\\\/logo\\\/image\\\/\",\"url\":\"https:\\\/\\\/www.inmsol.com\\\/wp-content\\\/uploads\\\/2023\\\/06\\\/logo-inmsol-1.png\",\"contentUrl\":\"https:\\\/\\\/www.inmsol.com\\\/wp-content\\\/uploads\\\/2023\\\/06\\\/logo-inmsol-1.png\",\"width\":136,\"height\":73,\"caption\":\"Instituto Mediterr\u00e1neo Sol\"},\"image\":{\"@id\":\"https:\\\/\\\/www.inmsol.com\\\/es\\\/#\\\/schema\\\/logo\\\/image\\\/\"},\"sameAs\":[\"https:\\\/\\\/www.facebook.com\\\/spanishcourses\",\"https:\\\/\\\/x.com\\\/StudyInGranada\",\"http:\\\/\\\/instagram.com\\\/imsolgranada\",\"https:\\\/\\\/es.linkedin.com\\\/company\\\/imsol-granada\",\"https:\\\/\\\/www.pinterest.es\\\/inmsol\\\/\",\"https:\\\/\\\/www.youtube.com\\\/channel\\\/UChz-Qn_7coFMosY85iYMO4g\"]},{\"@type\":\"Person\",\"@id\":\"https:\\\/\\\/www.inmsol.com\\\/es\\\/#\\\/schema\\\/person\\\/d041a9956283741a6ed56e0530eb28b5\",\"name\":\"Rocio Mart\u00ednez\",\"image\":{\"@type\":\"ImageObject\",\"inLanguage\":\"es\",\"@id\":\"https:\\\/\\\/secure.gravatar.com\\\/avatar\\\/95b9b0d999ef55a048952ade325bea9ee664237dc576277e59c3cc8fc6ea1123?s=96&d=mm&r=g\",\"url\":\"https:\\\/\\\/secure.gravatar.com\\\/avatar\\\/95b9b0d999ef55a048952ade325bea9ee664237dc576277e59c3cc8fc6ea1123?s=96&d=mm&r=g\",\"contentUrl\":\"https:\\\/\\\/secure.gravatar.com\\\/avatar\\\/95b9b0d999ef55a048952ade325bea9ee664237dc576277e59c3cc8fc6ea1123?s=96&d=mm&r=g\",\"caption\":\"Rocio Mart\u00ednez\"},\"url\":\"https:\\\/\\\/www.inmsol.com\\\/es\\\/author\\\/secretaria\\\/\"}]}<\/script>\n<!-- \/ Yoast SEO plugin. -->","yoast_head_json":{"title":"Celebraci\u00f3n de los Reyes Magos en Granada &#8226; iNMSOL","description":"\u00a1Llega el d\u00eda m\u00e1s especial del a\u00f1o! El D\u00eda de Reyes. Os contamos todo sobre la celebraci\u00f3n de los Reyes Magos en Granada.","robots":{"index":"index","follow":"follow","max-snippet":"max-snippet:-1","max-image-preview":"max-image-preview:large","max-video-preview":"max-video-preview:-1"},"canonical":"https:\/\/www.inmsol.com\/es\/blog-escuela\/celebration-three-kings-granada\/","og_locale":"es_ES","og_type":"article","og_title":"Celebraci\u00f3n de los Reyes Magos en Granada &#8226; iNMSOL","og_description":"\u00a1Llega el d\u00eda m\u00e1s especial del a\u00f1o! El D\u00eda de Reyes. Os contamos todo sobre la celebraci\u00f3n de los Reyes Magos en Granada.","og_url":"https:\/\/www.inmsol.com\/es\/blog-escuela\/celebration-three-kings-granada\/","og_site_name":"iNMSOL","article_publisher":"https:\/\/www.facebook.com\/spanishcourses","article_published_time":"2025-01-03T17:38:36+00:00","article_modified_time":"2026-03-03T09:24:53+00:00","og_image":[{"width":1202,"height":600,"url":"https:\/\/www.inmsol.com\/wp-content\/uploads\/2025\/01\/Reyes-Magos.jpg","type":"image\/jpeg"}],"author":"Rocio Mart\u00ednez","twitter_misc":{"Escrito por":"Rocio Mart\u00ednez","Tiempo de lectura":"3 minutos"},"schema":{"@context":"https:\/\/schema.org","@graph":[{"@type":"Article","@id":"https:\/\/www.inmsol.com\/es\/blog-escuela\/celebration-three-kings-granada\/#article","isPartOf":{"@id":"https:\/\/www.inmsol.com\/es\/blog-escuela\/celebration-three-kings-granada\/"},"author":{"name":"Rocio Mart\u00ednez","@id":"https:\/\/www.inmsol.com\/es\/#\/schema\/person\/d041a9956283741a6ed56e0530eb28b5"},"headline":"Celebraci\u00f3n de los Reyes Magos en Granada","datePublished":"2025-01-03T17:38:36+00:00","dateModified":"2026-03-03T09:24:53+00:00","mainEntityOfPage":{"@id":"https:\/\/www.inmsol.com\/es\/blog-escuela\/celebration-three-kings-granada\/"},"wordCount":505,"commentCount":0,"publisher":{"@id":"https:\/\/www.inmsol.com\/es\/#organization"},"image":{"@id":"https:\/\/www.inmsol.com\/es\/blog-escuela\/celebration-three-kings-granada\/#primaryimage"},"thumbnailUrl":"https:\/\/www.inmsol.com\/wp-content\/uploads\/2025\/01\/Reyes-Magos.jpg","articleSection":["Blog Escuela Espa\u00f1ol","Events in Granada"],"inLanguage":"es","potentialAction":[{"@type":"CommentAction","name":"Comment","target":["https:\/\/www.inmsol.com\/es\/blog-escuela\/celebration-three-kings-granada\/#respond"]}]},{"@type":"WebPage","@id":"https:\/\/www.inmsol.com\/es\/blog-escuela\/celebration-three-kings-granada\/","url":"https:\/\/www.inmsol.com\/es\/blog-escuela\/celebration-three-kings-granada\/","name":"Celebraci\u00f3n de los Reyes Magos en Granada &#8226; iNMSOL","isPartOf":{"@id":"https:\/\/www.inmsol.com\/es\/#website"},"primaryImageOfPage":{"@id":"https:\/\/www.inmsol.com\/es\/blog-escuela\/celebration-three-kings-granada\/#primaryimage"},"image":{"@id":"https:\/\/www.inmsol.com\/es\/blog-escuela\/celebration-three-kings-granada\/#primaryimage"},"thumbnailUrl":"https:\/\/www.inmsol.com\/wp-content\/uploads\/2025\/01\/Reyes-Magos.jpg","datePublished":"2025-01-03T17:38:36+00:00","dateModified":"2026-03-03T09:24:53+00:00","description":"\u00a1Llega el d\u00eda m\u00e1s especial del a\u00f1o! El D\u00eda de Reyes. Os contamos todo sobre la celebraci\u00f3n de los Reyes Magos en Granada.","breadcrumb":{"@id":"https:\/\/www.inmsol.com\/es\/blog-escuela\/celebration-three-kings-granada\/#breadcrumb"},"inLanguage":"es","potentialAction":[{"@type":"ReadAction","target":["https:\/\/www.inmsol.com\/es\/blog-escuela\/celebration-three-kings-granada\/"]}]},{"@type":"ImageObject","inLanguage":"es","@id":"https:\/\/www.inmsol.com\/es\/blog-escuela\/celebration-three-kings-granada\/#primaryimage","url":"https:\/\/www.inmsol.com\/wp-content\/uploads\/2025\/01\/Reyes-Magos.jpg","contentUrl":"https:\/\/www.inmsol.com\/wp-content\/uploads\/2025\/01\/Reyes-Magos.jpg","width":1202,"height":600},{"@type":"BreadcrumbList","@id":"https:\/\/www.inmsol.com\/es\/blog-escuela\/celebration-three-kings-granada\/#breadcrumb","itemListElement":[{"@type":"ListItem","position":1,"name":"Accredited Center by Instituto Cervantes","item":"https:\/\/www.inmsol.com\/es\/pagina-ejemplo\/"},{"@type":"ListItem","position":2,"name":"Blog Escuela Espa\u00f1ol","item":"https:\/\/www.inmsol.com\/es\/category\/blog-escuela\/"},{"@type":"ListItem","position":3,"name":"Celebraci\u00f3n de los Reyes Magos en Granada"}]},{"@type":"WebSite","@id":"https:\/\/www.inmsol.com\/es\/#website","url":"https:\/\/www.inmsol.com\/es\/","name":"iNMSOL","description":"Aprenda Espa\u00f1ol con iNMSOL en Granada | Centro Acreditado por el Instituto Cervantes","publisher":{"@id":"https:\/\/www.inmsol.com\/es\/#organization"},"potentialAction":[{"@type":"SearchAction","target":{"@type":"EntryPoint","urlTemplate":"https:\/\/www.inmsol.com\/es\/?s={search_term_string}"},"query-input":{"@type":"PropertyValueSpecification","valueRequired":true,"valueName":"search_term_string"}}],"inLanguage":"es"},{"@type":"Organization","@id":"https:\/\/www.inmsol.com\/es\/#organization","name":"Instituto Mediterr\u00e1neo Sol","url":"https:\/\/www.inmsol.com\/es\/","logo":{"@type":"ImageObject","inLanguage":"es","@id":"https:\/\/www.inmsol.com\/es\/#\/schema\/logo\/image\/","url":"https:\/\/www.inmsol.com\/wp-content\/uploads\/2023\/06\/logo-inmsol-1.png","contentUrl":"https:\/\/www.inmsol.com\/wp-content\/uploads\/2023\/06\/logo-inmsol-1.png","width":136,"height":73,"caption":"Instituto Mediterr\u00e1neo Sol"},"image":{"@id":"https:\/\/www.inmsol.com\/es\/#\/schema\/logo\/image\/"},"sameAs":["https:\/\/www.facebook.com\/spanishcourses","https:\/\/x.com\/StudyInGranada","http:\/\/instagram.com\/imsolgranada","https:\/\/es.linkedin.com\/company\/imsol-granada","https:\/\/www.pinterest.es\/inmsol\/","https:\/\/www.youtube.com\/channel\/UChz-Qn_7coFMosY85iYMO4g"]},{"@type":"Person","@id":"https:\/\/www.inmsol.com\/es\/#\/schema\/person\/d041a9956283741a6ed56e0530eb28b5","name":"Rocio Mart\u00ednez","image":{"@type":"ImageObject","inLanguage":"es","@id":"https:\/\/secure.gravatar.com\/avatar\/95b9b0d999ef55a048952ade325bea9ee664237dc576277e59c3cc8fc6ea1123?s=96&d=mm&r=g","url":"https:\/\/secure.gravatar.com\/avatar\/95b9b0d999ef55a048952ade325bea9ee664237dc576277e59c3cc8fc6ea1123?s=96&d=mm&r=g","contentUrl":"https:\/\/secure.gravatar.com\/avatar\/95b9b0d999ef55a048952ade325bea9ee664237dc576277e59c3cc8fc6ea1123?s=96&d=mm&r=g","caption":"Rocio Mart\u00ednez"},"url":"https:\/\/www.inmsol.com\/es\/author\/secretaria\/"}]}},"_links":{"self":[{"href":"https:\/\/www.inmsol.com\/es\/wp-json\/wp\/v2\/posts\/86358","targetHints":{"allow":["GET"]}}],"collection":[{"href":"https:\/\/www.inmsol.com\/es\/wp-json\/wp\/v2\/posts"}],"about":[{"href":"https:\/\/www.inmsol.com\/es\/wp-json\/wp\/v2\/types\/post"}],"author":[{"embeddable":true,"href":"https:\/\/www.inmsol.com\/es\/wp-json\/wp\/v2\/users\/31"}],"replies":[{"embeddable":true,"href":"https:\/\/www.inmsol.com\/es\/wp-json\/wp\/v2\/comments?post=86358"}],"version-history":[{"count":3,"href":"https:\/\/www.inmsol.com\/es\/wp-json\/wp\/v2\/posts\/86358\/revisions"}],"predecessor-version":[{"id":89987,"href":"https:\/\/www.inmsol.com\/es\/wp-json\/wp\/v2\/posts\/86358\/revisions\/89987"}],"wp:featuredmedia":[{"embeddable":true,"href":"https:\/\/www.inmsol.com\/es\/wp-json\/wp\/v2\/media\/86337"}],"wp:attachment":[{"href":"https:\/\/www.inmsol.com\/es\/wp-json\/wp\/v2\/media?parent=86358"}],"wp:term":[{"taxonomy":"category","embeddable":true,"href":"https:\/\/www.inmsol.com\/es\/wp-json\/wp\/v2\/categories?post=86358"},{"taxonomy":"post_tag","embeddable":true,"href":"https:\/\/www.inmsol.com\/es\/wp-json\/wp\/v2\/tags?post=86358"}],"curies":[{"name":"wp","href":"https:\/\/api.w.org\/{rel}","templated":true}]}}